{"id":10067,"date":"2023-06-22T15:26:21","date_gmt":"2023-06-22T13:26:21","guid":{"rendered":"https:\/\/www.link2fleet.com\/lonss-clarifie-la-methode-de-calcul-de-la-contribution-co2-apres-le-1-7-2023\/"},"modified":"2023-06-22T15:26:21","modified_gmt":"2023-06-22T13:26:21","slug":"lonss-clarifie-la-methode-de-calcul-de-la-contribution-co2-apres-le-1-7-2023","status":"publish","type":"post","link":"https:\/\/www.link2fleet.com\/fr\/lonss-clarifie-la-methode-de-calcul-de-la-contribution-co2-apres-le-1-7-2023\/","title":{"rendered":"L\u2019ONSS clarifie la m\u00e9thode de calcul de la contribution CO2 apr\u00e8s le 1\/7\/2023"},"content":{"rendered":"<p><a href=\"https:\/\/www.link2fleet.com\/wp-content\/uploads\/2023\/06\/IMG_6704.png\"><br \/>\n<\/a>La logique \u00e0 suivre est la suivante :<\/p>\n<p>La contribution au CO2 est calcul\u00e9e et le multiplicateur de 2,25 est appliqu\u00e9 \u00e0 ce calcul.<\/p>\n<p>Si le r\u00e9sultat de ce calcul est inf\u00e9rieur \u00e0 la cotisation minimale, c&rsquo;est cette derni\u00e8re qui s&rsquo;applique (sans qu&rsquo;il soit n\u00e9cessaire d&rsquo;appliquer le multiplicateur \u00e0 cette derni\u00e8re).<\/p>\n<p>Pour rappel, voici les formules applicables en 2023 aux v\u00e9hicules command\u00e9s \u00e0 partir du 01\/07\/23 :<br \/>\n\u2022 Pour les v\u00e9hicules \u00e0 \u00e9missions nulles, le minimum est de 31,34 euros.<br \/>\n\u2022 diesel et diesel hybride rechargeable : [(CO\u2082 g\/km x EUR 9) &#8211; 600] \/ 12 x 1,5046 x 2,25<br \/>\n\u2022 Essence, hybride et hybride rechargeable : [(CO\u2082 g\/km x 9 EUR) &#8211; 768] \/ 12 x 1,5046 x 2,25<br \/>\n\u2022 GNC\/GPL : [(CO\u2082 g\/km x 9 EUR) &#8211; 990] \/ 12 x 1,5046 x 2,25<br \/>\n\u2022 Cotisation minimale 31,34 EUR<\/p>\n<p>Par exemple :<br \/>\nUn v\u00e9hicule hybride \u00e0 essence avec \u00e9missions de 45 g\/km. La contribution calcul\u00e9e pour un v\u00e9hicule command\u00e9 apr\u00e8s le 01\/07\/23 sera alors : (45&#215;9-768)\/12&#215;1,5046&#215;2,25= -102,41<br \/>\nMontant inf\u00e9rieur \u00e0 31,34 =&gt; minimum de 31,34 applicable<\/p>\n<p>Le tableau ci-dessous donne un aper\u00e7u complet par valeur d&rsquo;\u00e9mission de CO2.<\/p>\n<p>Il convient \u00e9galement de noter que la contribution de solidarit\u00e9 CO2 ne s&rsquo;applique qu&rsquo;aux utilisateurs de voitures de soci\u00e9t\u00e9 ayant le statut de salari\u00e9 et que les restrictions sur les d\u00e9ductions fiscales continueront \u00e0 s&rsquo;appliquer sans restriction \u00e0 partir de 2025 pour les v\u00e9hicules command\u00e9s \u00e0 partir du 1\/7\/23. Pour les v\u00e9hicules command\u00e9s jusqu&rsquo;au 30\/6\/23, la situation fiscale et sociale actuelle sera maintenue pendant toute la dur\u00e9e de vie du v\u00e9hicule.<\/p>\n<p><a href=\"https:\/\/www.link2fleet.com\/wp-content\/uploads\/2023\/06\/IMG_6704.png\"><img loading=\"lazy\" decoding=\"async\" class=\"aligncenter size-medium wp-image-1294333\" src=\"https:\/\/www.link2fleet.com\/wp-content\/uploads\/2023\/06\/IMG_6704-236x300.png\" alt=\"\" width=\"236\" height=\"300\" \/><\/a><\/p>\n<p>&nbsp;<\/p>\n","protected":false},"excerpt":{"rendered":"<p>La logique \u00e0 suivre est la suivante : La contribution au CO2 est calcul\u00e9e et le multiplicateur de 2,25 est appliqu\u00e9 \u00e0 ce calcul. Si le r\u00e9sultat de ce calcul est inf\u00e9rieur \u00e0 la cotisation minimale, c&rsquo;est cette derni\u00e8re qui s&rsquo;applique (sans qu&rsquo;il soit n\u00e9cessaire d&rsquo;appliquer le multiplicateur \u00e0 cette derni\u00e8re). Pour rappel, voici les [&hellip;]<\/p>\n","protected":false},"author":4,"featured_media":3257,"comment_status":"closed","ping_status":"closed","sticky":false,"template":"","format":"standard","meta":{"_acf_changed":false,"footnotes":""},"categories":[91,101],"tags":[],"class_list":["post-10067","post","type-post","status-publish","format-standard","has-post-thumbnail","hentry","category-expertise-et-management","category-tax-legal"],"acf":[],"yoast_head":"<!-- This site is optimized with the Yoast SEO plugin v27.3 - https:\/\/yoast.com\/product\/yoast-seo-wordpress\/ -->\n<title>L\u2019ONSS clarifie la m\u00e9thode de calcul de la contribution CO2 apr\u00e8s le 1\/7\/2023 - link2fleet<\/title>\n<meta name=\"description\" content=\"En r\u00e9ponse \u00e0 une r\u00e9serve \u00e9mise par TCO Fleet concernant la m\u00e9thode de calcul de la cotisation de solidarit\u00e9 CO2 pour les v\u00e9hicules command\u00e9s \u00e0\u2026\" \/>\n<meta name=\"robots\" content=\"index, follow, max-snippet:-1, max-image-preview:large, max-video-preview:-1\" \/>\n<meta property=\"og:locale\" content=\"fr_FR\" \/>\n<meta property=\"og:type\" content=\"article\" \/>\n<meta property=\"og:title\" content=\"L\u2019ONSS clarifie la m\u00e9thode de calcul de la contribution CO2 apr\u00e8s le 1\/7\/2023 - link2fleet\" \/>\n<meta property=\"og:description\" content=\"En r\u00e9ponse \u00e0 une r\u00e9serve \u00e9mise par TCO Fleet concernant la m\u00e9thode de calcul de la cotisation de solidarit\u00e9 CO2 pour les v\u00e9hicules command\u00e9s \u00e0\u2026\" \/>\n<meta property=\"og:url\" content=\"https:\/\/www.link2fleet.com\/fr\/lonss-clarifie-la-methode-de-calcul-de-la-contribution-co2-apres-le-1-7-2023\/\" \/>\n<meta property=\"og:site_name\" content=\"link2fleet\" \/>\n<meta property=\"article:published_time\" content=\"2023-06-22T13:26:21+00:00\" \/>\n<meta property=\"og:image\" content=\"https:\/\/static.link2fleet.com\/wp-content\/uploads\/2024\/03\/co2.png\" \/>\n\t<meta property=\"og:image:width\" content=\"736\" \/>\n\t<meta property=\"og:image:height\" content=\"452\" \/>\n\t<meta property=\"og:image:type\" content=\"image\/png\" \/>\n<meta name=\"author\" content=\"Damien Malvetti\" \/>\n<meta name=\"twitter:card\" content=\"summary_large_image\" \/>\n<meta name=\"twitter:description\" content=\"En r\u00e9ponse \u00e0 une r\u00e9serve \u00e9mise par TCO Fleet concernant la m\u00e9thode de calcul de la cotisation de solidarit\u00e9 CO2 pour les v\u00e9hicules command\u00e9s \u00e0\u2026\" \/>\n<meta name=\"twitter:label1\" content=\"\u00c9crit par\" \/>\n\t<meta name=\"twitter:data1\" content=\"Damien Malvetti\" \/>\n\t<meta name=\"twitter:label2\" content=\"Dur\u00e9e de lecture estim\u00e9e\" \/>\n\t<meta name=\"twitter:data2\" content=\"1 minute\" \/>\n<script type=\"application\/ld+json\" class=\"yoast-schema-graph\">{\"@context\":\"https:\\\/\\\/schema.org\",\"@graph\":[{\"@type\":\"Article\",\"@id\":\"https:\\\/\\\/www.link2fleet.com\\\/fr\\\/lonss-clarifie-la-methode-de-calcul-de-la-contribution-co2-apres-le-1-7-2023\\\/#article\",\"isPartOf\":{\"@id\":\"https:\\\/\\\/www.link2fleet.com\\\/fr\\\/lonss-clarifie-la-methode-de-calcul-de-la-contribution-co2-apres-le-1-7-2023\\\/\"},\"author\":{\"name\":\"Damien Malvetti\",\"@id\":\"https:\\\/\\\/www.link2fleet.com\\\/fr\\\/#\\\/schema\\\/person\\\/027cd46113c78036b3809c9a054049da\"},\"headline\":\"L\u2019ONSS clarifie la m\u00e9thode de calcul de la contribution CO2 apr\u00e8s le 1\\\/7\\\/2023\",\"datePublished\":\"2023-06-22T13:26:21+00:00\",\"mainEntityOfPage\":{\"@id\":\"https:\\\/\\\/www.link2fleet.com\\\/fr\\\/lonss-clarifie-la-methode-de-calcul-de-la-contribution-co2-apres-le-1-7-2023\\\/\"},\"wordCount\":264,\"publisher\":{\"@id\":\"https:\\\/\\\/www.link2fleet.com\\\/fr\\\/#organization\"},\"image\":{\"@id\":\"https:\\\/\\\/www.link2fleet.com\\\/fr\\\/lonss-clarifie-la-methode-de-calcul-de-la-contribution-co2-apres-le-1-7-2023\\\/#primaryimage\"},\"thumbnailUrl\":\"https:\\\/\\\/static.link2fleet.com\\\/wp-content\\\/uploads\\\/2024\\\/03\\\/co2.png\",\"articleSection\":[\"Gestion de flotte\",\"Tax &amp; legal\"],\"inLanguage\":\"fr-FR\"},{\"@type\":\"WebPage\",\"@id\":\"https:\\\/\\\/www.link2fleet.com\\\/fr\\\/lonss-clarifie-la-methode-de-calcul-de-la-contribution-co2-apres-le-1-7-2023\\\/\",\"url\":\"https:\\\/\\\/www.link2fleet.com\\\/fr\\\/lonss-clarifie-la-methode-de-calcul-de-la-contribution-co2-apres-le-1-7-2023\\\/\",\"name\":\"L\u2019ONSS clarifie la m\u00e9thode de calcul de la contribution CO2 apr\u00e8s le 1\\\/7\\\/2023 - link2fleet\",\"isPartOf\":{\"@id\":\"https:\\\/\\\/www.link2fleet.com\\\/fr\\\/#website\"},\"primaryImageOfPage\":{\"@id\":\"https:\\\/\\\/www.link2fleet.com\\\/fr\\\/lonss-clarifie-la-methode-de-calcul-de-la-contribution-co2-apres-le-1-7-2023\\\/#primaryimage\"},\"image\":{\"@id\":\"https:\\\/\\\/www.link2fleet.com\\\/fr\\\/lonss-clarifie-la-methode-de-calcul-de-la-contribution-co2-apres-le-1-7-2023\\\/#primaryimage\"},\"thumbnailUrl\":\"https:\\\/\\\/static.link2fleet.com\\\/wp-content\\\/uploads\\\/2024\\\/03\\\/co2.png\",\"datePublished\":\"2023-06-22T13:26:21+00:00\",\"breadcrumb\":{\"@id\":\"https:\\\/\\\/www.link2fleet.com\\\/fr\\\/lonss-clarifie-la-methode-de-calcul-de-la-contribution-co2-apres-le-1-7-2023\\\/#breadcrumb\"},\"inLanguage\":\"fr-FR\",\"potentialAction\":[{\"@type\":\"ReadAction\",\"target\":[\"https:\\\/\\\/www.link2fleet.com\\\/fr\\\/lonss-clarifie-la-methode-de-calcul-de-la-contribution-co2-apres-le-1-7-2023\\\/\"]}]},{\"@type\":\"ImageObject\",\"inLanguage\":\"fr-FR\",\"@id\":\"https:\\\/\\\/www.link2fleet.com\\\/fr\\\/lonss-clarifie-la-methode-de-calcul-de-la-contribution-co2-apres-le-1-7-2023\\\/#primaryimage\",\"url\":\"https:\\\/\\\/static.link2fleet.com\\\/wp-content\\\/uploads\\\/2024\\\/03\\\/co2.png\",\"contentUrl\":\"https:\\\/\\\/static.link2fleet.com\\\/wp-content\\\/uploads\\\/2024\\\/03\\\/co2.png\",\"width\":736,\"height\":452,\"caption\":\"||\"},{\"@type\":\"BreadcrumbList\",\"@id\":\"https:\\\/\\\/www.link2fleet.com\\\/fr\\\/lonss-clarifie-la-methode-de-calcul-de-la-contribution-co2-apres-le-1-7-2023\\\/#breadcrumb\",\"itemListElement\":[{\"@type\":\"ListItem\",\"position\":1,\"name\":\"Home\",\"item\":\"https:\\\/\\\/www.link2fleet.com\\\/fr\\\/\"},{\"@type\":\"ListItem\",\"position\":2,\"name\":\"L\u2019ONSS clarifie la m\u00e9thode de calcul de la contribution CO2 apr\u00e8s le 1\\\/7\\\/2023\"}]},{\"@type\":\"WebSite\",\"@id\":\"https:\\\/\\\/www.link2fleet.com\\\/fr\\\/#website\",\"url\":\"https:\\\/\\\/www.link2fleet.com\\\/fr\\\/\",\"name\":\"Link2fleet\",\"description\":\"\",\"publisher\":{\"@id\":\"https:\\\/\\\/www.link2fleet.com\\\/fr\\\/#organization\"},\"potentialAction\":[{\"@type\":\"SearchAction\",\"target\":{\"@type\":\"EntryPoint\",\"urlTemplate\":\"https:\\\/\\\/www.link2fleet.com\\\/fr\\\/?s={search_term_string}\"},\"query-input\":{\"@type\":\"PropertyValueSpecification\",\"valueRequired\":true,\"valueName\":\"search_term_string\"}}],\"inLanguage\":\"fr-FR\"},{\"@type\":\"Organization\",\"@id\":\"https:\\\/\\\/www.link2fleet.com\\\/fr\\\/#organization\",\"name\":\"Link2fleet\",\"url\":\"https:\\\/\\\/www.link2fleet.com\\\/fr\\\/\",\"logo\":{\"@type\":\"ImageObject\",\"inLanguage\":\"fr-FR\",\"@id\":\"https:\\\/\\\/www.link2fleet.com\\\/fr\\\/#\\\/schema\\\/logo\\\/image\\\/\",\"url\":\"https:\\\/\\\/static.link2fleet.com\\\/wp-content\\\/uploads\\\/2024\\\/03\\\/share-image.jpg\",\"contentUrl\":\"https:\\\/\\\/static.link2fleet.com\\\/wp-content\\\/uploads\\\/2024\\\/03\\\/share-image.jpg\",\"width\":1200,\"height\":630,\"caption\":\"Link2fleet\"},\"image\":{\"@id\":\"https:\\\/\\\/www.link2fleet.com\\\/fr\\\/#\\\/schema\\\/logo\\\/image\\\/\"},\"sameAs\":[\"https:\\\/\\\/www.linkedin.com\\\/company\\\/link2fleet-belgium\",\"https:\\\/\\\/www.youtube.com\\\/user\\\/MMMBMBE\"]},{\"@type\":\"Person\",\"@id\":\"https:\\\/\\\/www.link2fleet.com\\\/fr\\\/#\\\/schema\\\/person\\\/027cd46113c78036b3809c9a054049da\",\"name\":\"Damien Malvetti\",\"image\":{\"@type\":\"ImageObject\",\"inLanguage\":\"fr-FR\",\"@id\":\"https:\\\/\\\/secure.gravatar.com\\\/avatar\\\/dd8cc03b49466c735f753ac37f8caa371af16dfed347456ed61f02883255eebb?s=96&d=mm&r=g\",\"url\":\"https:\\\/\\\/secure.gravatar.com\\\/avatar\\\/dd8cc03b49466c735f753ac37f8caa371af16dfed347456ed61f02883255eebb?s=96&d=mm&r=g\",\"contentUrl\":\"https:\\\/\\\/secure.gravatar.com\\\/avatar\\\/dd8cc03b49466c735f753ac37f8caa371af16dfed347456ed61f02883255eebb?s=96&d=mm&r=g\",\"caption\":\"Damien Malvetti\"},\"description\":\"Damien Malvetti is opgeleid als journalist en gepassioneerd door wagens, technologie en mobiliteit. Hij is verantwoordelijk voor de redactionele inhoud van link2fleet en beschikt over een uitgebreide kennis van de fleet-sector en elektrische mobiliteit.\",\"sameAs\":[\"https:\\\/\\\/www.linkedin.com\\\/in\\\/damien-malvetti-56601142\\\/\"]}]}<\/script>\n<!-- \/ Yoast SEO plugin. -->","yoast_head_json":{"title":"L\u2019ONSS clarifie la m\u00e9thode de calcul de la contribution CO2 apr\u00e8s le 1\/7\/2023 - link2fleet","description":"En r\u00e9ponse \u00e0 une r\u00e9serve \u00e9mise par TCO Fleet concernant la m\u00e9thode de calcul de la cotisation de solidarit\u00e9 CO2 pour les v\u00e9hicules command\u00e9s \u00e0\u2026","robots":{"index":"index","follow":"follow","max-snippet":"max-snippet:-1","max-image-preview":"max-image-preview:large","max-video-preview":"max-video-preview:-1"},"og_locale":"fr_FR","og_type":"article","og_title":"L\u2019ONSS clarifie la m\u00e9thode de calcul de la contribution CO2 apr\u00e8s le 1\/7\/2023 - link2fleet","og_description":"En r\u00e9ponse \u00e0 une r\u00e9serve \u00e9mise par TCO Fleet concernant la m\u00e9thode de calcul de la cotisation de solidarit\u00e9 CO2 pour les v\u00e9hicules command\u00e9s \u00e0\u2026","og_url":"https:\/\/www.link2fleet.com\/fr\/lonss-clarifie-la-methode-de-calcul-de-la-contribution-co2-apres-le-1-7-2023\/","og_site_name":"link2fleet","article_published_time":"2023-06-22T13:26:21+00:00","og_image":[{"width":736,"height":452,"url":"https:\/\/static.link2fleet.com\/wp-content\/uploads\/2024\/03\/co2.png","type":"image\/png"}],"author":"Damien Malvetti","twitter_card":"summary_large_image","twitter_description":"En r\u00e9ponse \u00e0 une r\u00e9serve \u00e9mise par TCO Fleet concernant la m\u00e9thode de calcul de la cotisation de solidarit\u00e9 CO2 pour les v\u00e9hicules command\u00e9s \u00e0\u2026","twitter_misc":{"\u00c9crit par":"Damien Malvetti","Dur\u00e9e de lecture estim\u00e9e":"1 minute"},"schema":{"@context":"https:\/\/schema.org","@graph":[{"@type":"Article","@id":"https:\/\/www.link2fleet.com\/fr\/lonss-clarifie-la-methode-de-calcul-de-la-contribution-co2-apres-le-1-7-2023\/#article","isPartOf":{"@id":"https:\/\/www.link2fleet.com\/fr\/lonss-clarifie-la-methode-de-calcul-de-la-contribution-co2-apres-le-1-7-2023\/"},"author":{"name":"Damien Malvetti","@id":"https:\/\/www.link2fleet.com\/fr\/#\/schema\/person\/027cd46113c78036b3809c9a054049da"},"headline":"L\u2019ONSS clarifie la m\u00e9thode de calcul de la contribution CO2 apr\u00e8s le 1\/7\/2023","datePublished":"2023-06-22T13:26:21+00:00","mainEntityOfPage":{"@id":"https:\/\/www.link2fleet.com\/fr\/lonss-clarifie-la-methode-de-calcul-de-la-contribution-co2-apres-le-1-7-2023\/"},"wordCount":264,"publisher":{"@id":"https:\/\/www.link2fleet.com\/fr\/#organization"},"image":{"@id":"https:\/\/www.link2fleet.com\/fr\/lonss-clarifie-la-methode-de-calcul-de-la-contribution-co2-apres-le-1-7-2023\/#primaryimage"},"thumbnailUrl":"https:\/\/static.link2fleet.com\/wp-content\/uploads\/2024\/03\/co2.png","articleSection":["Gestion de flotte","Tax &amp; legal"],"inLanguage":"fr-FR"},{"@type":"WebPage","@id":"https:\/\/www.link2fleet.com\/fr\/lonss-clarifie-la-methode-de-calcul-de-la-contribution-co2-apres-le-1-7-2023\/","url":"https:\/\/www.link2fleet.com\/fr\/lonss-clarifie-la-methode-de-calcul-de-la-contribution-co2-apres-le-1-7-2023\/","name":"L\u2019ONSS clarifie la m\u00e9thode de calcul de la contribution CO2 apr\u00e8s le 1\/7\/2023 - link2fleet","isPartOf":{"@id":"https:\/\/www.link2fleet.com\/fr\/#website"},"primaryImageOfPage":{"@id":"https:\/\/www.link2fleet.com\/fr\/lonss-clarifie-la-methode-de-calcul-de-la-contribution-co2-apres-le-1-7-2023\/#primaryimage"},"image":{"@id":"https:\/\/www.link2fleet.com\/fr\/lonss-clarifie-la-methode-de-calcul-de-la-contribution-co2-apres-le-1-7-2023\/#primaryimage"},"thumbnailUrl":"https:\/\/static.link2fleet.com\/wp-content\/uploads\/2024\/03\/co2.png","datePublished":"2023-06-22T13:26:21+00:00","breadcrumb":{"@id":"https:\/\/www.link2fleet.com\/fr\/lonss-clarifie-la-methode-de-calcul-de-la-contribution-co2-apres-le-1-7-2023\/#breadcrumb"},"inLanguage":"fr-FR","potentialAction":[{"@type":"ReadAction","target":["https:\/\/www.link2fleet.com\/fr\/lonss-clarifie-la-methode-de-calcul-de-la-contribution-co2-apres-le-1-7-2023\/"]}]},{"@type":"ImageObject","inLanguage":"fr-FR","@id":"https:\/\/www.link2fleet.com\/fr\/lonss-clarifie-la-methode-de-calcul-de-la-contribution-co2-apres-le-1-7-2023\/#primaryimage","url":"https:\/\/static.link2fleet.com\/wp-content\/uploads\/2024\/03\/co2.png","contentUrl":"https:\/\/static.link2fleet.com\/wp-content\/uploads\/2024\/03\/co2.png","width":736,"height":452,"caption":"||"},{"@type":"BreadcrumbList","@id":"https:\/\/www.link2fleet.com\/fr\/lonss-clarifie-la-methode-de-calcul-de-la-contribution-co2-apres-le-1-7-2023\/#breadcrumb","itemListElement":[{"@type":"ListItem","position":1,"name":"Home","item":"https:\/\/www.link2fleet.com\/fr\/"},{"@type":"ListItem","position":2,"name":"L\u2019ONSS clarifie la m\u00e9thode de calcul de la contribution CO2 apr\u00e8s le 1\/7\/2023"}]},{"@type":"WebSite","@id":"https:\/\/www.link2fleet.com\/fr\/#website","url":"https:\/\/www.link2fleet.com\/fr\/","name":"Link2fleet","description":"","publisher":{"@id":"https:\/\/www.link2fleet.com\/fr\/#organization"},"potentialAction":[{"@type":"SearchAction","target":{"@type":"EntryPoint","urlTemplate":"https:\/\/www.link2fleet.com\/fr\/?s={search_term_string}"},"query-input":{"@type":"PropertyValueSpecification","valueRequired":true,"valueName":"search_term_string"}}],"inLanguage":"fr-FR"},{"@type":"Organization","@id":"https:\/\/www.link2fleet.com\/fr\/#organization","name":"Link2fleet","url":"https:\/\/www.link2fleet.com\/fr\/","logo":{"@type":"ImageObject","inLanguage":"fr-FR","@id":"https:\/\/www.link2fleet.com\/fr\/#\/schema\/logo\/image\/","url":"https:\/\/static.link2fleet.com\/wp-content\/uploads\/2024\/03\/share-image.jpg","contentUrl":"https:\/\/static.link2fleet.com\/wp-content\/uploads\/2024\/03\/share-image.jpg","width":1200,"height":630,"caption":"Link2fleet"},"image":{"@id":"https:\/\/www.link2fleet.com\/fr\/#\/schema\/logo\/image\/"},"sameAs":["https:\/\/www.linkedin.com\/company\/link2fleet-belgium","https:\/\/www.youtube.com\/user\/MMMBMBE"]},{"@type":"Person","@id":"https:\/\/www.link2fleet.com\/fr\/#\/schema\/person\/027cd46113c78036b3809c9a054049da","name":"Damien Malvetti","image":{"@type":"ImageObject","inLanguage":"fr-FR","@id":"https:\/\/secure.gravatar.com\/avatar\/dd8cc03b49466c735f753ac37f8caa371af16dfed347456ed61f02883255eebb?s=96&d=mm&r=g","url":"https:\/\/secure.gravatar.com\/avatar\/dd8cc03b49466c735f753ac37f8caa371af16dfed347456ed61f02883255eebb?s=96&d=mm&r=g","contentUrl":"https:\/\/secure.gravatar.com\/avatar\/dd8cc03b49466c735f753ac37f8caa371af16dfed347456ed61f02883255eebb?s=96&d=mm&r=g","caption":"Damien Malvetti"},"description":"Damien Malvetti is opgeleid als journalist en gepassioneerd door wagens, technologie en mobiliteit. Hij is verantwoordelijk voor de redactionele inhoud van link2fleet en beschikt over een uitgebreide kennis van de fleet-sector en elektrische mobiliteit.","sameAs":["https:\/\/www.linkedin.com\/in\/damien-malvetti-56601142\/"]}]}},"_links":{"self":[{"href":"https:\/\/www.link2fleet.com\/fr\/wp-json\/wp\/v2\/posts\/10067","targetHints":{"allow":["GET"]}}],"collection":[{"href":"https:\/\/www.link2fleet.com\/fr\/wp-json\/wp\/v2\/posts"}],"about":[{"href":"https:\/\/www.link2fleet.com\/fr\/wp-json\/wp\/v2\/types\/post"}],"author":[{"embeddable":true,"href":"https:\/\/www.link2fleet.com\/fr\/wp-json\/wp\/v2\/users\/4"}],"replies":[{"embeddable":true,"href":"https:\/\/www.link2fleet.com\/fr\/wp-json\/wp\/v2\/comments?post=10067"}],"version-history":[{"count":0,"href":"https:\/\/www.link2fleet.com\/fr\/wp-json\/wp\/v2\/posts\/10067\/revisions"}],"wp:featuredmedia":[{"embeddable":true,"href":"https:\/\/www.link2fleet.com\/fr\/wp-json\/wp\/v2\/media\/3257"}],"wp:attachment":[{"href":"https:\/\/www.link2fleet.com\/fr\/wp-json\/wp\/v2\/media?parent=10067"}],"wp:term":[{"taxonomy":"category","embeddable":true,"href":"https:\/\/www.link2fleet.com\/fr\/wp-json\/wp\/v2\/categories?post=10067"},{"taxonomy":"post_tag","embeddable":true,"href":"https:\/\/www.link2fleet.com\/fr\/wp-json\/wp\/v2\/tags?post=10067"}],"curies":[{"name":"wp","href":"https:\/\/api.w.org\/{rel}","templated":true}]}}