{"id":10073,"date":"2023-06-26T12:19:12","date_gmt":"2023-06-26T10:19:12","guid":{"rendered":"https:\/\/www.link2fleet.com\/thierry-koskas-citroen-veut-rendre-la-mobilite-electrique-accessible-a-tous\/"},"modified":"2023-06-26T12:19:12","modified_gmt":"2023-06-26T10:19:12","slug":"thierry-koskas-citroen-veut-rendre-la-mobilite-electrique-accessible-a-tous","status":"publish","type":"post","link":"https:\/\/www.link2fleet.com\/fr\/thierry-koskas-citroen-veut-rendre-la-mobilite-electrique-accessible-a-tous\/","title":{"rendered":"Thierry Koskas : \u00ab Citro\u00ebn veut rendre la mobilit\u00e9 \u00e9lectrique accessible \u00e0 tous \u00bb"},"content":{"rendered":"<p>Thierry Koskas est un homme fort occup\u00e9. Depuis le 1<sup>er<\/sup> mars, il est le directeur g\u00e9n\u00e9ral de Citro\u00ebn, tout en continuant \u00e0 \u00eatre directeur des ventes et du marketing pour tout le groupe Stellantis.<\/p>\n<p><strong>Simplification<\/strong><\/p>\n<p>Quand on dirige une marque, id\u00e9alement, mieux vaut d\u2019abord bien cerner l\u2019identit\u00e9 de celle-ci. Voil\u00e0 pourquoi les premiers mots du nouveau dirigeant ont \u00e9t\u00e9 choisis pour rappeler les valeurs actuelles de la marque aux chevrons : populaire, simple, durable, oser et confort.<\/p>\n<p>Le nouveau DG semble avoir amen\u00e9, en priorit\u00e9, encore plus de simplicit\u00e9. Il s\u2019explique : \u00ab Nous avons simplifi\u00e9 notre offre pour les clients. Chaque mod\u00e8le sera propos\u00e9 en 3 versions uniquement (comprenez, finitions) avec pas plus de 5 options. C\u2019est que ce que nous appelons la \u00ab <em>smart range<\/em>\u00a0\u00bb\u00a0et, tr\u00e8s sinc\u00e8rement, mon ambition est d\u2019aller vers encore plus de simplification\u00a0\u00bb.<\/p>\n<figure id=\"attachment_1294367\" aria-describedby=\"caption-attachment-1294367\" style=\"width: 640px\" class=\"wp-caption aligncenter\"><img loading=\"lazy\" decoding=\"async\" class=\"wp-image-1294367 size-large\" src=\"https:\/\/www.link2fleet.com\/wp-content\/uploads\/2023\/06\/1NZ9669-min-1024x688.jpg\" alt=\"\" width=\"640\" height=\"430\" \/><figcaption id=\"caption-attachment-1294367\" class=\"wp-caption-text\">Le nouveau DG semble avoir amen\u00e9, en priorit\u00e9, encore plus de simplicit\u00e9.<\/figcaption><\/figure>\n<p><strong>Une \u00e9lectrique abordable et produite en Europe<\/strong><\/p>\n<p>Autre volont\u00e9 de Thierry Koskas\u00a0: que les prix soient plus transparents. \u00ab\u00a0Le prix catalogue doit \u00eatre extr\u00eamement proche de ce que le client final paie car, aujourd\u2019hui, avec les remises, le client est un peu perdu parce que le montant d\u00e9bours\u00e9 s\u2019\u00e9loigne trop du prix catalogue.\u00a0\u00bb \u00c0 l\u2019avenir, Citro\u00ebn misera donc davantage sur un \u00ab\u00a0<em>fair price<\/em>\u00a0\u00bb, plus transparent, mais qu\u2019on pourra donc aussi moins n\u00e9gocier, un peu comme chez Dacia.<\/p>\n<p>Ceci nous am\u00e8ne vers la valeur \u00ab populaire \u00bb que les deux marques partagent. La Citro\u00ebn \u00eb-C3, qui promet au moins 300 km d\u2019autonomie et sera officiellement pr\u00e9sent\u00e9e en fin d\u2019ann\u00e9e, sera la premi\u00e8re voiture 100% \u00e9lectrique europ\u00e9enne du segment B \u00e0 \u00eatre produite en Europe pour un prix d\u2019achat de moins de 25.000 \u20ac. Une excellente nouvelle pour \u00ab rendre la mobilit\u00e9 \u00e9lectrique accessible \u00e0 tous \u00bb. En effet, pour l\u2019instant, \u00e0 part une Dacia Spring (produite en Chine) et une Renault Twingo E-Tech, le march\u00e9 des \u00e9lectriques \u00e0 25.000 \u20ac est plut\u00f4t pauvre. Heureusement, \u00e7a commence \u00e0 bouger. Le groupe Volkswagen, notamment, a annonc\u00e9 une VW ID.2 (Polo \u00e9lectrique) \u00e0 moins de 25.000 \u20ac pour 2025. Skoda aussi pr\u00e9voit un mod\u00e8le \u00e9lectrique proche des 25.000 \u20ac. Ces mod\u00e8les seront-ils produits en Europe (et non en Chine) ? L\u00e0 est toute la question\u2026 Il nous reste donc \u00e0 f\u00e9liciter Citro\u00ebn car, avec une \u00eb-C3 abordable, produite en Europe, d\u2019une autonomie d\u2019au moins 300 km, nous allons dans la bonne direction. Les premi\u00e8res livraisons auront lieu au deuxi\u00e8me trimestre 2024.<\/p>\n","protected":false},"excerpt":{"rendered":"<p>Thierry Koskas est un homme fort occup\u00e9. Depuis le 1er mars, il est le directeur g\u00e9n\u00e9ral de Citro\u00ebn, tout en continuant \u00e0 \u00eatre directeur des ventes et du marketing pour tout le groupe Stellantis. Simplification Quand on dirige une marque, id\u00e9alement, mieux vaut d\u2019abord bien cerner l\u2019identit\u00e9 de celle-ci. Voil\u00e0 pourquoi les premiers mots du [&hellip;]<\/p>\n","protected":false},"author":18,"featured_media":10074,"comment_status":"closed","ping_status":"closed","sticky":false,"template":"","format":"standard","meta":{"_acf_changed":false,"footnotes":""},"categories":[135],"tags":[],"class_list":["post-10073","post","type-post","status-publish","format-standard","has-post-thumbnail","hentry","category-news-fr"],"acf":[],"yoast_head":"<!-- This site is optimized with the Yoast SEO plugin v27.3 - https:\/\/yoast.com\/product\/yoast-seo-wordpress\/ -->\n<title>Thierry Koskas : \u00ab Citro\u00ebn veut rendre la mobilit\u00e9 \u00e9lectrique accessible \u00e0 tous \u00bb - link2fleet<\/title>\n<meta name=\"description\" content=\"Entr\u00e9 en fonction le 1er mars dernier, le nouveau directeur g\u00e9n\u00e9ral de Citro\u00ebn, Thierry Koskas, a partag\u00e9 un premier discours avec la presse europ\u00e9enne dans\u2026\" \/>\n<meta name=\"robots\" content=\"index, follow, max-snippet:-1, max-image-preview:large, max-video-preview:-1\" \/>\n<meta property=\"og:locale\" content=\"fr_FR\" \/>\n<meta property=\"og:type\" content=\"article\" \/>\n<meta property=\"og:title\" content=\"Thierry Koskas : \u00ab Citro\u00ebn veut rendre la mobilit\u00e9 \u00e9lectrique accessible \u00e0 tous \u00bb - link2fleet\" \/>\n<meta property=\"og:description\" content=\"Entr\u00e9 en fonction le 1er mars dernier, le nouveau directeur g\u00e9n\u00e9ral de Citro\u00ebn, Thierry Koskas, a partag\u00e9 un premier discours avec la presse europ\u00e9enne dans\u2026\" \/>\n<meta property=\"og:url\" content=\"https:\/\/www.link2fleet.com\/fr\/thierry-koskas-citroen-veut-rendre-la-mobilite-electrique-accessible-a-tous\/\" \/>\n<meta property=\"og:site_name\" content=\"link2fleet\" \/>\n<meta property=\"article:published_time\" content=\"2023-06-26T10:19:12+00:00\" \/>\n<meta property=\"og:image\" content=\"https:\/\/static.link2fleet.com\/wp-content\/uploads\/2024\/03\/1nz9623-min-scaled-1.jpg\" \/>\n\t<meta property=\"og:image:width\" content=\"2560\" \/>\n\t<meta property=\"og:image:height\" content=\"1707\" \/>\n\t<meta property=\"og:image:type\" content=\"image\/jpeg\" \/>\n<meta name=\"author\" content=\"Maxime Pasture\" \/>\n<meta name=\"twitter:card\" content=\"summary_large_image\" \/>\n<meta name=\"twitter:description\" content=\"Entr\u00e9 en fonction le 1er mars dernier, le nouveau directeur g\u00e9n\u00e9ral de Citro\u00ebn, Thierry Koskas, a partag\u00e9 un premier discours avec la presse europ\u00e9enne dans\u2026\" \/>\n<meta name=\"twitter:label1\" content=\"\u00c9crit par\" \/>\n\t<meta name=\"twitter:data1\" content=\"Journaliste de formation, Maxime est tr\u00e8s curieux mais surtout passionn\u00e9 d&#039;automobile. Sa curiosit\u00e9 l&#039;am\u00e8ne \u00e0 traiter de sujets divers et vari\u00e9s li\u00e9s \u00e0 la mobilit\u00e9 au sens large et bien plus encore !\" \/>\n\t<meta name=\"twitter:label2\" content=\"Dur\u00e9e de lecture estim\u00e9e\" \/>\n\t<meta name=\"twitter:data2\" content=\"2 minutes\" \/>\n<script type=\"application\/ld+json\" class=\"yoast-schema-graph\">{\"@context\":\"https:\\\/\\\/schema.org\",\"@graph\":[{\"@type\":\"Article\",\"@id\":\"https:\\\/\\\/www.link2fleet.com\\\/fr\\\/thierry-koskas-citroen-veut-rendre-la-mobilite-electrique-accessible-a-tous\\\/#article\",\"isPartOf\":{\"@id\":\"https:\\\/\\\/www.link2fleet.com\\\/fr\\\/thierry-koskas-citroen-veut-rendre-la-mobilite-electrique-accessible-a-tous\\\/\"},\"author\":{\"name\":\"Maxime Pasture\",\"@id\":\"https:\\\/\\\/www.link2fleet.com\\\/fr\\\/#\\\/schema\\\/person\\\/36f3d48d12a83e110d72b602b5bebc11\"},\"headline\":\"Thierry Koskas : \u00ab Citro\u00ebn veut rendre la mobilit\u00e9 \u00e9lectrique accessible \u00e0 tous \u00bb\",\"datePublished\":\"2023-06-26T10:19:12+00:00\",\"mainEntityOfPage\":{\"@id\":\"https:\\\/\\\/www.link2fleet.com\\\/fr\\\/thierry-koskas-citroen-veut-rendre-la-mobilite-electrique-accessible-a-tous\\\/\"},\"wordCount\":434,\"publisher\":{\"@id\":\"https:\\\/\\\/www.link2fleet.com\\\/fr\\\/#organization\"},\"image\":{\"@id\":\"https:\\\/\\\/www.link2fleet.com\\\/fr\\\/thierry-koskas-citroen-veut-rendre-la-mobilite-electrique-accessible-a-tous\\\/#primaryimage\"},\"thumbnailUrl\":\"https:\\\/\\\/static.link2fleet.com\\\/wp-content\\\/uploads\\\/2024\\\/03\\\/1nz9623-min-scaled-1.jpg\",\"articleSection\":[\"Actus\"],\"inLanguage\":\"fr-FR\"},{\"@type\":\"WebPage\",\"@id\":\"https:\\\/\\\/www.link2fleet.com\\\/fr\\\/thierry-koskas-citroen-veut-rendre-la-mobilite-electrique-accessible-a-tous\\\/\",\"url\":\"https:\\\/\\\/www.link2fleet.com\\\/fr\\\/thierry-koskas-citroen-veut-rendre-la-mobilite-electrique-accessible-a-tous\\\/\",\"name\":\"Thierry Koskas : \u00ab Citro\u00ebn veut rendre la mobilit\u00e9 \u00e9lectrique accessible \u00e0 tous \u00bb - link2fleet\",\"isPartOf\":{\"@id\":\"https:\\\/\\\/www.link2fleet.com\\\/fr\\\/#website\"},\"primaryImageOfPage\":{\"@id\":\"https:\\\/\\\/www.link2fleet.com\\\/fr\\\/thierry-koskas-citroen-veut-rendre-la-mobilite-electrique-accessible-a-tous\\\/#primaryimage\"},\"image\":{\"@id\":\"https:\\\/\\\/www.link2fleet.com\\\/fr\\\/thierry-koskas-citroen-veut-rendre-la-mobilite-electrique-accessible-a-tous\\\/#primaryimage\"},\"thumbnailUrl\":\"https:\\\/\\\/static.link2fleet.com\\\/wp-content\\\/uploads\\\/2024\\\/03\\\/1nz9623-min-scaled-1.jpg\",\"datePublished\":\"2023-06-26T10:19:12+00:00\",\"breadcrumb\":{\"@id\":\"https:\\\/\\\/www.link2fleet.com\\\/fr\\\/thierry-koskas-citroen-veut-rendre-la-mobilite-electrique-accessible-a-tous\\\/#breadcrumb\"},\"inLanguage\":\"fr-FR\",\"potentialAction\":[{\"@type\":\"ReadAction\",\"target\":[\"https:\\\/\\\/www.link2fleet.com\\\/fr\\\/thierry-koskas-citroen-veut-rendre-la-mobilite-electrique-accessible-a-tous\\\/\"]}]},{\"@type\":\"ImageObject\",\"inLanguage\":\"fr-FR\",\"@id\":\"https:\\\/\\\/www.link2fleet.com\\\/fr\\\/thierry-koskas-citroen-veut-rendre-la-mobilite-electrique-accessible-a-tous\\\/#primaryimage\",\"url\":\"https:\\\/\\\/static.link2fleet.com\\\/wp-content\\\/uploads\\\/2024\\\/03\\\/1nz9623-min-scaled-1.jpg\",\"contentUrl\":\"https:\\\/\\\/static.link2fleet.com\\\/wp-content\\\/uploads\\\/2024\\\/03\\\/1nz9623-min-scaled-1.jpg\",\"width\":2560,\"height\":1707,\"caption\":\"|\"},{\"@type\":\"BreadcrumbList\",\"@id\":\"https:\\\/\\\/www.link2fleet.com\\\/fr\\\/thierry-koskas-citroen-veut-rendre-la-mobilite-electrique-accessible-a-tous\\\/#breadcrumb\",\"itemListElement\":[{\"@type\":\"ListItem\",\"position\":1,\"name\":\"Home\",\"item\":\"https:\\\/\\\/www.link2fleet.com\\\/fr\\\/\"},{\"@type\":\"ListItem\",\"position\":2,\"name\":\"Thierry Koskas : \u00ab Citro\u00ebn veut rendre la mobilit\u00e9 \u00e9lectrique accessible \u00e0 tous \u00bb\"}]},{\"@type\":\"WebSite\",\"@id\":\"https:\\\/\\\/www.link2fleet.com\\\/fr\\\/#website\",\"url\":\"https:\\\/\\\/www.link2fleet.com\\\/fr\\\/\",\"name\":\"Link2fleet\",\"description\":\"\",\"publisher\":{\"@id\":\"https:\\\/\\\/www.link2fleet.com\\\/fr\\\/#organization\"},\"potentialAction\":[{\"@type\":\"SearchAction\",\"target\":{\"@type\":\"EntryPoint\",\"urlTemplate\":\"https:\\\/\\\/www.link2fleet.com\\\/fr\\\/?s={search_term_string}\"},\"query-input\":{\"@type\":\"PropertyValueSpecification\",\"valueRequired\":true,\"valueName\":\"search_term_string\"}}],\"inLanguage\":\"fr-FR\"},{\"@type\":\"Organization\",\"@id\":\"https:\\\/\\\/www.link2fleet.com\\\/fr\\\/#organization\",\"name\":\"Link2fleet\",\"url\":\"https:\\\/\\\/www.link2fleet.com\\\/fr\\\/\",\"logo\":{\"@type\":\"ImageObject\",\"inLanguage\":\"fr-FR\",\"@id\":\"https:\\\/\\\/www.link2fleet.com\\\/fr\\\/#\\\/schema\\\/logo\\\/image\\\/\",\"url\":\"https:\\\/\\\/static.link2fleet.com\\\/wp-content\\\/uploads\\\/2024\\\/03\\\/share-image.jpg\",\"contentUrl\":\"https:\\\/\\\/static.link2fleet.com\\\/wp-content\\\/uploads\\\/2024\\\/03\\\/share-image.jpg\",\"width\":1200,\"height\":630,\"caption\":\"Link2fleet\"},\"image\":{\"@id\":\"https:\\\/\\\/www.link2fleet.com\\\/fr\\\/#\\\/schema\\\/logo\\\/image\\\/\"},\"sameAs\":[\"https:\\\/\\\/www.linkedin.com\\\/company\\\/link2fleet-belgium\",\"https:\\\/\\\/www.youtube.com\\\/user\\\/MMMBMBE\"]},{\"@type\":\"Person\",\"@id\":\"https:\\\/\\\/www.link2fleet.com\\\/fr\\\/#\\\/schema\\\/person\\\/36f3d48d12a83e110d72b602b5bebc11\",\"name\":\"Maxime Pasture\",\"image\":{\"@type\":\"ImageObject\",\"inLanguage\":\"fr-FR\",\"@id\":\"https:\\\/\\\/secure.gravatar.com\\\/avatar\\\/a17c47a11dd3996c69a173e291c692b6a028e82349994bf0d9f60936c9795b9f?s=96&d=mm&r=g\",\"url\":\"https:\\\/\\\/secure.gravatar.com\\\/avatar\\\/a17c47a11dd3996c69a173e291c692b6a028e82349994bf0d9f60936c9795b9f?s=96&d=mm&r=g\",\"contentUrl\":\"https:\\\/\\\/secure.gravatar.com\\\/avatar\\\/a17c47a11dd3996c69a173e291c692b6a028e82349994bf0d9f60936c9795b9f?s=96&d=mm&r=g\",\"caption\":\"Maxime Pasture\"},\"description\":\"Journaliste de formation, Maxime est tr\u00e8s curieux mais surtout passionn\u00e9 d'automobile. Sa curiosit\u00e9 l'am\u00e8ne \u00e0 traiter de sujets divers et vari\u00e9s li\u00e9s \u00e0 la mobilit\u00e9 au sens large et bien plus encore !\"}]}<\/script>\n<!-- \/ Yoast SEO plugin. -->","yoast_head_json":{"title":"Thierry Koskas : \u00ab Citro\u00ebn veut rendre la mobilit\u00e9 \u00e9lectrique accessible \u00e0 tous \u00bb - link2fleet","description":"Entr\u00e9 en fonction le 1er mars dernier, le nouveau directeur g\u00e9n\u00e9ral de Citro\u00ebn, Thierry Koskas, a partag\u00e9 un premier discours avec la presse europ\u00e9enne dans\u2026","robots":{"index":"index","follow":"follow","max-snippet":"max-snippet:-1","max-image-preview":"max-image-preview:large","max-video-preview":"max-video-preview:-1"},"og_locale":"fr_FR","og_type":"article","og_title":"Thierry Koskas : \u00ab Citro\u00ebn veut rendre la mobilit\u00e9 \u00e9lectrique accessible \u00e0 tous \u00bb - link2fleet","og_description":"Entr\u00e9 en fonction le 1er mars dernier, le nouveau directeur g\u00e9n\u00e9ral de Citro\u00ebn, Thierry Koskas, a partag\u00e9 un premier discours avec la presse europ\u00e9enne dans\u2026","og_url":"https:\/\/www.link2fleet.com\/fr\/thierry-koskas-citroen-veut-rendre-la-mobilite-electrique-accessible-a-tous\/","og_site_name":"link2fleet","article_published_time":"2023-06-26T10:19:12+00:00","og_image":[{"width":2560,"height":1707,"url":"https:\/\/static.link2fleet.com\/wp-content\/uploads\/2024\/03\/1nz9623-min-scaled-1.jpg","type":"image\/jpeg"}],"author":"Maxime Pasture","twitter_card":"summary_large_image","twitter_description":"Entr\u00e9 en fonction le 1er mars dernier, le nouveau directeur g\u00e9n\u00e9ral de Citro\u00ebn, Thierry Koskas, a partag\u00e9 un premier discours avec la presse europ\u00e9enne dans\u2026","twitter_misc":{"\u00c9crit par":"Journaliste de formation, Maxime est tr\u00e8s curieux mais surtout passionn\u00e9 d'automobile. Sa curiosit\u00e9 l'am\u00e8ne \u00e0 traiter de sujets divers et vari\u00e9s li\u00e9s \u00e0 la mobilit\u00e9 au sens large et bien plus encore !","Dur\u00e9e de lecture estim\u00e9e":"2 minutes"},"schema":{"@context":"https:\/\/schema.org","@graph":[{"@type":"Article","@id":"https:\/\/www.link2fleet.com\/fr\/thierry-koskas-citroen-veut-rendre-la-mobilite-electrique-accessible-a-tous\/#article","isPartOf":{"@id":"https:\/\/www.link2fleet.com\/fr\/thierry-koskas-citroen-veut-rendre-la-mobilite-electrique-accessible-a-tous\/"},"author":{"name":"Maxime Pasture","@id":"https:\/\/www.link2fleet.com\/fr\/#\/schema\/person\/36f3d48d12a83e110d72b602b5bebc11"},"headline":"Thierry Koskas : \u00ab Citro\u00ebn veut rendre la mobilit\u00e9 \u00e9lectrique accessible \u00e0 tous \u00bb","datePublished":"2023-06-26T10:19:12+00:00","mainEntityOfPage":{"@id":"https:\/\/www.link2fleet.com\/fr\/thierry-koskas-citroen-veut-rendre-la-mobilite-electrique-accessible-a-tous\/"},"wordCount":434,"publisher":{"@id":"https:\/\/www.link2fleet.com\/fr\/#organization"},"image":{"@id":"https:\/\/www.link2fleet.com\/fr\/thierry-koskas-citroen-veut-rendre-la-mobilite-electrique-accessible-a-tous\/#primaryimage"},"thumbnailUrl":"https:\/\/static.link2fleet.com\/wp-content\/uploads\/2024\/03\/1nz9623-min-scaled-1.jpg","articleSection":["Actus"],"inLanguage":"fr-FR"},{"@type":"WebPage","@id":"https:\/\/www.link2fleet.com\/fr\/thierry-koskas-citroen-veut-rendre-la-mobilite-electrique-accessible-a-tous\/","url":"https:\/\/www.link2fleet.com\/fr\/thierry-koskas-citroen-veut-rendre-la-mobilite-electrique-accessible-a-tous\/","name":"Thierry Koskas : \u00ab Citro\u00ebn veut rendre la mobilit\u00e9 \u00e9lectrique accessible \u00e0 tous \u00bb - link2fleet","isPartOf":{"@id":"https:\/\/www.link2fleet.com\/fr\/#website"},"primaryImageOfPage":{"@id":"https:\/\/www.link2fleet.com\/fr\/thierry-koskas-citroen-veut-rendre-la-mobilite-electrique-accessible-a-tous\/#primaryimage"},"image":{"@id":"https:\/\/www.link2fleet.com\/fr\/thierry-koskas-citroen-veut-rendre-la-mobilite-electrique-accessible-a-tous\/#primaryimage"},"thumbnailUrl":"https:\/\/static.link2fleet.com\/wp-content\/uploads\/2024\/03\/1nz9623-min-scaled-1.jpg","datePublished":"2023-06-26T10:19:12+00:00","breadcrumb":{"@id":"https:\/\/www.link2fleet.com\/fr\/thierry-koskas-citroen-veut-rendre-la-mobilite-electrique-accessible-a-tous\/#breadcrumb"},"inLanguage":"fr-FR","potentialAction":[{"@type":"ReadAction","target":["https:\/\/www.link2fleet.com\/fr\/thierry-koskas-citroen-veut-rendre-la-mobilite-electrique-accessible-a-tous\/"]}]},{"@type":"ImageObject","inLanguage":"fr-FR","@id":"https:\/\/www.link2fleet.com\/fr\/thierry-koskas-citroen-veut-rendre-la-mobilite-electrique-accessible-a-tous\/#primaryimage","url":"https:\/\/static.link2fleet.com\/wp-content\/uploads\/2024\/03\/1nz9623-min-scaled-1.jpg","contentUrl":"https:\/\/static.link2fleet.com\/wp-content\/uploads\/2024\/03\/1nz9623-min-scaled-1.jpg","width":2560,"height":1707,"caption":"|"},{"@type":"BreadcrumbList","@id":"https:\/\/www.link2fleet.com\/fr\/thierry-koskas-citroen-veut-rendre-la-mobilite-electrique-accessible-a-tous\/#breadcrumb","itemListElement":[{"@type":"ListItem","position":1,"name":"Home","item":"https:\/\/www.link2fleet.com\/fr\/"},{"@type":"ListItem","position":2,"name":"Thierry Koskas : \u00ab Citro\u00ebn veut rendre la mobilit\u00e9 \u00e9lectrique accessible \u00e0 tous \u00bb"}]},{"@type":"WebSite","@id":"https:\/\/www.link2fleet.com\/fr\/#website","url":"https:\/\/www.link2fleet.com\/fr\/","name":"Link2fleet","description":"","publisher":{"@id":"https:\/\/www.link2fleet.com\/fr\/#organization"},"potentialAction":[{"@type":"SearchAction","target":{"@type":"EntryPoint","urlTemplate":"https:\/\/www.link2fleet.com\/fr\/?s={search_term_string}"},"query-input":{"@type":"PropertyValueSpecification","valueRequired":true,"valueName":"search_term_string"}}],"inLanguage":"fr-FR"},{"@type":"Organization","@id":"https:\/\/www.link2fleet.com\/fr\/#organization","name":"Link2fleet","url":"https:\/\/www.link2fleet.com\/fr\/","logo":{"@type":"ImageObject","inLanguage":"fr-FR","@id":"https:\/\/www.link2fleet.com\/fr\/#\/schema\/logo\/image\/","url":"https:\/\/static.link2fleet.com\/wp-content\/uploads\/2024\/03\/share-image.jpg","contentUrl":"https:\/\/static.link2fleet.com\/wp-content\/uploads\/2024\/03\/share-image.jpg","width":1200,"height":630,"caption":"Link2fleet"},"image":{"@id":"https:\/\/www.link2fleet.com\/fr\/#\/schema\/logo\/image\/"},"sameAs":["https:\/\/www.linkedin.com\/company\/link2fleet-belgium","https:\/\/www.youtube.com\/user\/MMMBMBE"]},{"@type":"Person","@id":"https:\/\/www.link2fleet.com\/fr\/#\/schema\/person\/36f3d48d12a83e110d72b602b5bebc11","name":"Maxime Pasture","image":{"@type":"ImageObject","inLanguage":"fr-FR","@id":"https:\/\/secure.gravatar.com\/avatar\/a17c47a11dd3996c69a173e291c692b6a028e82349994bf0d9f60936c9795b9f?s=96&d=mm&r=g","url":"https:\/\/secure.gravatar.com\/avatar\/a17c47a11dd3996c69a173e291c692b6a028e82349994bf0d9f60936c9795b9f?s=96&d=mm&r=g","contentUrl":"https:\/\/secure.gravatar.com\/avatar\/a17c47a11dd3996c69a173e291c692b6a028e82349994bf0d9f60936c9795b9f?s=96&d=mm&r=g","caption":"Maxime Pasture"},"description":"Journaliste de formation, Maxime est tr\u00e8s curieux mais surtout passionn\u00e9 d'automobile. Sa curiosit\u00e9 l'am\u00e8ne \u00e0 traiter de sujets divers et vari\u00e9s li\u00e9s \u00e0 la mobilit\u00e9 au sens large et bien plus encore !"}]}},"_links":{"self":[{"href":"https:\/\/www.link2fleet.com\/fr\/wp-json\/wp\/v2\/posts\/10073","targetHints":{"allow":["GET"]}}],"collection":[{"href":"https:\/\/www.link2fleet.com\/fr\/wp-json\/wp\/v2\/posts"}],"about":[{"href":"https:\/\/www.link2fleet.com\/fr\/wp-json\/wp\/v2\/types\/post"}],"author":[{"embeddable":true,"href":"https:\/\/www.link2fleet.com\/fr\/wp-json\/wp\/v2\/users\/18"}],"replies":[{"embeddable":true,"href":"https:\/\/www.link2fleet.com\/fr\/wp-json\/wp\/v2\/comments?post=10073"}],"version-history":[{"count":0,"href":"https:\/\/www.link2fleet.com\/fr\/wp-json\/wp\/v2\/posts\/10073\/revisions"}],"wp:featuredmedia":[{"embeddable":true,"href":"https:\/\/www.link2fleet.com\/fr\/wp-json\/wp\/v2\/media\/10074"}],"wp:attachment":[{"href":"https:\/\/www.link2fleet.com\/fr\/wp-json\/wp\/v2\/media?parent=10073"}],"wp:term":[{"taxonomy":"category","embeddable":true,"href":"https:\/\/www.link2fleet.com\/fr\/wp-json\/wp\/v2\/categories?post=10073"},{"taxonomy":"post_tag","embeddable":true,"href":"https:\/\/www.link2fleet.com\/fr\/wp-json\/wp\/v2\/tags?post=10073"}],"curies":[{"name":"wp","href":"https:\/\/api.w.org\/{rel}","templated":true}]}}