{"id":10103,"date":"2023-07-03T05:28:18","date_gmt":"2023-07-03T03:28:18","guid":{"rendered":"https:\/\/www.link2fleet.com\/impact-de-la-modification-des-accises-sur-la-recharge-des-voitures-electriques\/"},"modified":"2023-07-03T05:28:18","modified_gmt":"2023-07-03T03:28:18","slug":"impact-de-la-modification-des-accises-sur-la-recharge-des-voitures-electriques","status":"publish","type":"post","link":"https:\/\/www.link2fleet.com\/fr\/impact-de-la-modification-des-accises-sur-la-recharge-des-voitures-electriques\/","title":{"rendered":"Impact de la modification des accises sur la recharge des voitures \u00e9lectriques"},"content":{"rendered":"<section class=\"elementor-section elementor-top-section elementor-element elementor-element-5d31848 elementor-section-boxed elementor-section-height-default elementor-section-height-default\" data-id=\"5d31848\" data-element_type=\"section\">\n<div class=\"elementor-container elementor-column-gap-default\">\n<div class=\"elementor-column elementor-col-100 elementor-top-column elementor-element elementor-element-acd3e50\" data-id=\"acd3e50\" data-element_type=\"column\">\n<div class=\"elementor-widget-wrap elementor-element-populated\">\n<div class=\"elementor-element elementor-element-533cdbd elementor-widget elementor-widget-text-editor\" data-id=\"533cdbd\" data-element_type=\"widget\" data-widget_type=\"text-editor.default\">\n<div class=\"elementor-widget-container\">\n<p>Quels sont les montants en jeu et quel est l&rsquo;impact sur la recharge d&rsquo;une voiture \u00e9lectrique ? Restera-t-il avantageux de recharger \u00e0 la maison ou de pr\u00e9f\u00e9rence au bureau ? Ou bien le gouvernement donne-t-il d&rsquo;une main et reprend-il de l&rsquo;autre ? Stroohm s&rsquo;est pench\u00e9 sur la question.<\/p>\n<p><span lang=\"NL\">\u00a0<\/span><\/p>\n<h5>Qu&rsquo;est-ce qui changera sur notre facture d&rsquo;\u00e9lectricit\u00e9 et \u00e0 partir de quand cela s&rsquo;appliquera-t-il ?<\/h5>\n<p>La r\u00e9forme de la facture \u00e9nerg\u00e9tique &#8211; pour les contrats non professionnels uniquement &#8211; a pris effet le 1er avril 2023 (pour les contrats avec tarif social \u00e0 partir du 1er juillet 2023). \u00c0 partir de cette date, la TVA sur l&rsquo;\u00e9lectricit\u00e9 et le gaz naturel a \u00e9t\u00e9 d\u00e9finitivement r\u00e9duite de 21 % \u00e0 6 %. Simultan\u00e9ment, un nouveau droit d&rsquo;accise sp\u00e9cial a \u00e9galement \u00e9t\u00e9 mis en place.<\/p>\n<p>\u00c0 titre transitoire, il est pr\u00e9vu que le taux d&rsquo;accise ne soit introduit \u00e0 100 % qu&rsquo;\u00e0 partir du 1er juillet 2023.\u00a0 Au cours de la p\u00e9riode allant du 1er avril 2023 au 30 juin 2023, le droit d&rsquo;accise sp\u00e9cial s&rsquo;\u00e9levait \u00e0 42,58 \u20ac\/MWh. \u00c0 partir du 1er juillet 2023, le taux plein de 47,48 \u20ac\/MWh s&rsquo;appliquera.<\/p>\n<p>Il existe un taux d&rsquo;accise fixe pour un forfait de base et un autre pour la consommation suppl\u00e9mentaire. Comme pour les combustibles fossiles, les accises baissent automatiquement lorsque les prix de l&rsquo;\u00e9nergie sont \u00e9lev\u00e9s. Cependant, cela ne s&rsquo;applique qu&rsquo;au forfait de base. Pour la consommation suppl\u00e9mentaire, les accises restent plus \u00e9lev\u00e9es.<\/p>\n<p>La consommation de base a \u00e9t\u00e9 fix\u00e9e \u00e0 3 000 kWh pour l&rsquo;\u00e9lectricit\u00e9 et \u00e0 12 000 kWh pour le gaz. Pour une \u00ab\u00a0famille moyenne\u00a0\u00bb, la facture d&rsquo;\u00e9nergie co\u00fbtera \u00b1 10 euros par mois pour l&rsquo;\u00e9lectricit\u00e9 et \u00b1 10 euros par mois pour le gaz en plus, selon le ministre. Soit un surco\u00fbt de 20 euros par mois.<\/p>\n<p>&nbsp;<\/p>\n<\/div>\n<\/div>\n<\/div>\n<\/div>\n<\/div>\n<\/section>\n<section class=\"elementor-section elementor-top-section elementor-element elementor-element-daecbcb elementor-section-boxed elementor-section-height-default elementor-section-height-default\" data-id=\"daecbcb\" data-element_type=\"section\">\n<div class=\"elementor-container elementor-column-gap-default\">\n<div class=\"elementor-column elementor-col-33 elementor-top-column elementor-element elementor-element-7b7689e\" data-id=\"7b7689e\" data-element_type=\"column\">\n<div class=\"elementor-widget-wrap elementor-element-populated\">\n<div class=\"elementor-element elementor-element-049c145 elementor-blockquote--skin-quotation elementor-blockquote--button-color-official elementor-widget elementor-widget-blockquote\" data-id=\"049c145\" data-element_type=\"widget\" data-widget_type=\"blockquote.default\">\n<div class=\"elementor-widget-container\">\n<blockquote class=\"elementor-blockquote\">\n<p class=\"elementor-blockquote__content\">La r\u00e9duction de 6 % de la TVA est enti\u00e8rement mang\u00e9e par les droits d&rsquo;accises. L&rsquo;\u00c9tat fait ici une op\u00e9ration de poche pour la consommation r\u00e9sidentielle !<\/p>\n<div class=\"e-q-footer\"><cite class=\"elementor-blockquote__author\">Bart Massin<\/cite><\/div>\n<\/blockquote>\n<\/div>\n<\/div>\n<\/div>\n<\/div>\n<div class=\"elementor-column elementor-col-66 elementor-top-column elementor-element elementor-element-4dbb40d\" data-id=\"4dbb40d\" data-element_type=\"column\">\n<div class=\"elementor-widget-wrap elementor-element-populated\">\n<div class=\"elementor-element elementor-element-b6ab7f9 elementor-widget elementor-widget-image\" data-id=\"b6ab7f9\" data-element_type=\"widget\" data-widget_type=\"image.default\">\n<div class=\"elementor-widget-container\"><img loading=\"lazy\" decoding=\"async\" class=\"attachment-medium_large size-medium_large wp-image-14950 aligncenter\" src=\"https:\/\/stroohm.be\/app\/uploads\/2023\/06\/pexels-pok-rie-157827-768x512.jpg\" sizes=\"auto, (max-width: 768px) 100vw, 768px\" srcset=\"https:\/\/stroohm.be\/app\/uploads\/2023\/06\/pexels-pok-rie-157827-768x512.jpg 768w, https:\/\/stroohm.be\/app\/uploads\/2023\/06\/pexels-pok-rie-157827-300x200.jpg 300w, https:\/\/stroohm.be\/app\/uploads\/2023\/06\/pexels-pok-rie-157827-1024x682.jpg 1024w, https:\/\/stroohm.be\/app\/uploads\/2023\/06\/pexels-pok-rie-157827-1536x1023.jpg 1536w, https:\/\/stroohm.be\/app\/uploads\/2023\/06\/pexels-pok-rie-157827-2048x1364.jpg 2048w\" alt=\"\" width=\"768\" height=\"512\" \/><\/div>\n<\/div>\n<\/div>\n<\/div>\n<\/div>\n<\/section>\n<section class=\"elementor-section elementor-top-section elementor-element elementor-element-1eaa7ad2 elementor-section-boxed elementor-section-height-default elementor-section-height-default\" data-id=\"1eaa7ad2\" data-element_type=\"section\">\n<div class=\"elementor-container elementor-column-gap-default\">\n<div class=\"elementor-column elementor-col-100 elementor-top-column elementor-element elementor-element-67941096\" data-id=\"67941096\" data-element_type=\"column\">\n<div class=\"elementor-widget-wrap elementor-element-populated\">\n<div class=\"elementor-element elementor-element-2cd4b9b elementor-widget elementor-widget-text-editor\" data-id=\"2cd4b9b\" data-element_type=\"widget\" data-widget_type=\"text-editor.default\">\n<div class=\"elementor-widget-container\">\n<h5>Comment cela fonctionne-t-il exactement ?<\/h5>\n<p>Comment ce syst\u00e8me fonctionne-t-il concr\u00e8tement ?<\/p>\n<p>Eh bien, le taux de l&rsquo;accise sp\u00e9ciale est fix\u00e9 tant que le prix moyen du co\u00fbt \u00e9nerg\u00e9tique de l&rsquo;\u00e9lectricit\u00e9 reste inf\u00e9rieur \u00e0 la limite de 250 \u20ac\/MWh. Cependant, lorsque ce prix d\u00e9passe la limite, le taux de l&rsquo;accise sp\u00e9ciale est ajust\u00e9.<\/p>\n<p><a href=\"https:\/\/www.creg.be\/sites\/default\/files\/assets\/Tarifs\/ElectricityQuotations-NL.pdf\">Ce prix moyen du co\u00fbt de l&rsquo;\u00e9nergie est la moyenne arithm\u00e9tique des cotations des trois mois d&rsquo;un trimestre, d\u00e9termin\u00e9e par les cotations de l&rsquo;indice ENDEX101<\/a><\/p>\n<p>Par exemple, pour le quatri\u00e8me trimestre 2022, le prix moyen du co\u00fbt de l&rsquo;\u00e9nergie est calcul\u00e9 en faisant la moyenne des cotations ENDEX101 pour les mois :<\/p>\n<ul>\n<li>octobre 2022: 393,534 euros\/MWh<\/li>\n<li>novembre 2022: 325,199 euros\/MWh<\/li>\n<li>d\u00e9cembre 2022: 276,491 euros\/MWh.<\/li>\n<\/ul>\n<p>Le prix moyen du co\u00fbt de l&rsquo;\u00e9nergie pour le trimestre est donc de 331,741 euros\/MWh, d\u00e9passant la limite de 250 euros\/MWh.<\/p>\n<p>La r\u00e9duction de l&rsquo;accise sp\u00e9ciale correspond \u00e0 6 % de la diff\u00e9rence entre le prix moyen du co\u00fbt de l&rsquo;\u00e9nergie calcul\u00e9 par trimestre (331,741 euros ci-dessus) et la limite (250 euros). Lorsque le prix repasse sous la limite, le taux normal de l&rsquo;accise sp\u00e9ciale s&rsquo;applique \u00e0 nouveau.<\/p>\n<p>Par exemple, avec un prix moyen de 331,741 euros\/MWh, l&rsquo;accise sp\u00e9ciale de 47,48 euros\/MWh est r\u00e9duite de 4,9045 euros\/MWh, soit 6 % de 81,741 (la diff\u00e9rence entre 331,741 euros\/MWh et 250 euros\/MWh). Le droit d&rsquo;accise sur la partie allant jusqu&rsquo;\u00e0 3 000kWh est donc r\u00e9duit \u00e0 42,58 euros\/MWh. Soit 0,04258 \u20ac\/kWh.<\/p>\n<p>Pour le T3 (juillet-ao\u00fbt-septembre), on consid\u00e8re le prix moyen du T1 (janvier-f\u00e9vrier-mars). Ce prix est de 214,63 euros\/MWh. Ce chiffre est inf\u00e9rieur \u00e0 la limite de 250 euros et les droits d&rsquo;accise resteront donc au taux normal, soit 47,48 euros\/MWh. Soit 0,04748euros\/kWh.<\/p>\n<\/div>\n<\/div>\n<div class=\"elementor-element elementor-element-e649b64 elementor-widget elementor-widget-image\" data-id=\"e649b64\" data-element_type=\"widget\" data-widget_type=\"image.default\">\n<div class=\"elementor-widget-container\"><img decoding=\"async\" class=\"aligncenter\" title=\"pexels-nataliya-vaitkevich-6863183\" src=\"https:\/\/stroohm.be\/app\/uploads\/elementor\/thumbs\/pexels-nataliya-vaitkevich-6863183-scaled-q8pz33olsgf4gvdml6m7dwvhq0nlx2j01907dhg7pc.jpg\" alt=\"pexels-nataliya-vaitkevich-6863183\" \/><\/div>\n<\/div>\n<\/div>\n<\/div>\n<\/div>\n<\/section>\n<section class=\"elementor-section elementor-top-section elementor-element elementor-element-77e5a97 elementor-section-boxed elementor-section-height-default elementor-section-height-default\" data-id=\"77e5a97\" data-element_type=\"section\">\n<div class=\"elementor-container elementor-column-gap-default\">\n<div class=\"elementor-column elementor-col-100 elementor-top-column elementor-element elementor-element-1a3bab8\" data-id=\"1a3bab8\" data-element_type=\"column\">\n<div class=\"elementor-widget-wrap elementor-element-populated\">\n<div class=\"elementor-element elementor-element-635846f elementor-widget elementor-widget-text-editor\" data-id=\"635846f\" data-element_type=\"widget\" data-widget_type=\"text-editor.default\">\n<div class=\"elementor-widget-container\">\n<h5>Quel est l&rsquo;impact financier concret de la recharge \u00e0 domicile ?<\/h5>\n<p>Mais qu&rsquo;est-ce que cela signifie pour le conducteur d&rsquo;une voiture \u00e9lectrique qui la recharge \u00e0 la maison ? Apr\u00e8s tout, avec une consommation indicative de 18kWh\/100km \u00e0 25 000km par an, vous \u00eates \u00e0 4 500kWh de consommation sur une base annuelle. Il faut toutefois y ajouter la consommation de la maison. La CREG l&rsquo;estime \u00e0 3 500 kWh par an. Plus \u00e9lev\u00e9e que les 3 000kWh inclus dans la facture, donc. Faisons le calcul.<\/p>\n<p>Ainsi, dans une comparaison bas\u00e9e sur les co\u00fbts d&rsquo;\u00e9lectricit\u00e9 plus \u00e9lev\u00e9s du quatri\u00e8me trimestre 2022, entre une famille sans voiture \u00e9lectrique (3500kwh) et une famille avec une voiture \u00e9lectrique (8000kwh), les co\u00fbts se pr\u00e9senteraient comme suit :<\/p>\n<\/div>\n<\/div>\n<div class=\"elementor-element elementor-element-cd46acf elementor-widget elementor-widget-image\" data-id=\"cd46acf\" data-element_type=\"widget\" data-widget_type=\"image.default\">\n<div class=\"elementor-widget-container\"><img decoding=\"async\" title=\"Screenshot 2023-06-30 at 12.33.04\" src=\"https:\/\/stroohm.be\/app\/uploads\/elementor\/thumbs\/Screenshot-2023-06-30-at-12.33.04-1-q8pyii243g0dgmoollkthxwid8r4rs1jne9m7l4dlk.png\" alt=\"Screenshot 2023-06-30 at 12.33.04\" \/><\/div>\n<\/div>\n<div class=\"elementor-element elementor-element-4062d9e elementor-widget elementor-widget-text-editor\" data-id=\"4062d9e\" data-element_type=\"widget\" data-widget_type=\"text-editor.default\">\n<div class=\"elementor-widget-container\">\n<p>En faisant les totaux, nous obtenons donc le r\u00e9sum\u00e9 suivant :<\/p>\n<\/div>\n<\/div>\n<div class=\"elementor-element elementor-element-28cc23a elementor-widget elementor-widget-image\" data-id=\"28cc23a\" data-element_type=\"widget\" data-widget_type=\"image.default\">\n<div class=\"elementor-widget-container\"><img decoding=\"async\" title=\"Screenshot 2023-06-30 at 12.32.57\" src=\"https:\/\/stroohm.be\/app\/uploads\/elementor\/thumbs\/Screenshot-2023-06-30-at-12.32.57-q8pyi076hlbxc1emhvuwoker2x75pj2n8xve3buu8g.png\" alt=\"Screenshot 2023-06-30 at 12.32.57\" \/><\/div>\n<\/div>\n<div class=\"elementor-element elementor-element-0368cc1 elementor-widget elementor-widget-text-editor\" data-id=\"0368cc1\" data-element_type=\"widget\" data-widget_type=\"text-editor.default\">\n<div class=\"elementor-widget-container\">\n<h5>Qu&rsquo;en ressort-il ? Aux taux plus \u00e9lev\u00e9s du T4 2022, nous constatons que l&rsquo;application des droits d&rsquo;accise am\u00e8ne la facture totale quelque part entre la situation \u00e0 6 % et celle \u00e0 21 % de TVA. Cependant, aux taux inf\u00e9rieurs que nous voyons anno Q1 et Q2 2023, vous payez encore plus avec les droits d&rsquo;accise que par le pass\u00e9 avec la TVA \u00e0 21 % (sans les droits d&rsquo;accise).<\/h5>\n<p>Mais est-ce vraiment correct ? Non. Les graphiques ci-dessus n&rsquo;ont pas encore pris en compte les autres composantes de la facture d&rsquo;\u00e9lectricit\u00e9. \u00c0 savoir les tarifs de r\u00e9seau (15 \u00e0 20 % de la facture) et les pr\u00e9l\u00e8vements (10 \u00e0 15 % en 2022-03\/2023). La TVA est \u00e9galement appliqu\u00e9e \u00e0 ces composantes &#8211; \u00e0 l&rsquo;exception de la redevance de raccordement en R\u00e9gion wallonne et du pr\u00e9l\u00e8vement destin\u00e9 \u00e0 financer le Fonds de l&rsquo;\u00e9nergie en Flandre.<\/p>\n<p>Cela rend le calcul beaucoup plus complexe. En tenant compte de tous les composants ainsi que des tarifs au Q1 2023, une estimation de la facture annuelle finale d&rsquo;\u00e9lectricit\u00e9 ressemblerait \u00e0 ce qui suit :<\/p>\n<\/div>\n<\/div>\n<div class=\"elementor-element elementor-element-23db625 elementor-widget elementor-widget-image\" data-id=\"23db625\" data-element_type=\"widget\" data-widget_type=\"image.default\">\n<div class=\"elementor-widget-container\"><img decoding=\"async\" class=\"aligncenter\" title=\"Screenshot 2023-06-30 at 12.38.44\" src=\"https:\/\/stroohm.be\/app\/uploads\/elementor\/thumbs\/Screenshot-2023-06-30-at-12.38.44-q8pyq6ep4lajfecpur7ufz6do0oh0nr5zp5pfdow36.png\" alt=\"Screenshot 2023-06-30 at 12.38.44\" \/><\/div>\n<\/div>\n<div class=\"elementor-element elementor-element-50403b4 elementor-widget elementor-widget-text-editor\" data-id=\"50403b4\" data-element_type=\"widget\" data-widget_type=\"text-editor.default\">\n<div class=\"elementor-widget-container\">\n<h5>Si le changement de loi avec la r\u00e9duction permanente de la TVA \u00e0 6 % a pu sembler b\u00e9n\u00e9fique \u00e0 premi\u00e8re vue, la r\u00e9duction d&rsquo;imp\u00f4t r\u00e9elle est presque enti\u00e8rement engloutie par les droits d&rsquo;accise. Dans le cadre du remboursement des recharges \u00e0 domicile, cela n&rsquo;a en soi pas beaucoup d&rsquo;importance car en raison du m\u00e9canisme de remboursement des frais, la TVA n&rsquo;est pas r\u00e9cup\u00e9rable tout comme les droits d&rsquo;accises et n&rsquo;a pas beaucoup d&rsquo;importance.<\/h5>\n<h5>Mais la vraie question est peut-\u00eatre maintenant de savoir s&rsquo;il est int\u00e9ressant de charger au bureau plut\u00f4t qu&rsquo;\u00e0 la maison. Car ce m\u00e9canisme d&rsquo;accises major\u00e9es ne s&rsquo;applique pas \u00e0 la recharge au bureau. Mais cela d\u00e9pend surtout du co\u00fbt de votre contrat d&rsquo;\u00e9nergie, et cela n\u00e9cessite un calcul individuel.<\/h5>\n<\/div>\n<\/div>\n<\/div>\n<\/div>\n<\/div>\n<\/section>\n","protected":false},"excerpt":{"rendered":"<p>Quels sont les montants en jeu et quel est l&rsquo;impact sur la recharge d&rsquo;une voiture \u00e9lectrique ? Restera-t-il avantageux de recharger \u00e0 la maison ou de pr\u00e9f\u00e9rence au bureau ? Ou bien le gouvernement donne-t-il d&rsquo;une main et reprend-il de l&rsquo;autre ? Stroohm s&rsquo;est pench\u00e9 sur la question. \u00a0 Qu&rsquo;est-ce qui changera sur notre facture [&hellip;]<\/p>\n","protected":false},"author":4,"featured_media":10104,"comment_status":"closed","ping_status":"closed","sticky":false,"template":"","format":"standard","meta":{"_acf_changed":false,"footnotes":""},"categories":[91,101],"tags":[],"class_list":["post-10103","post","type-post","status-publish","format-standard","has-post-thumbnail","hentry","category-expertise-et-management","category-tax-legal"],"acf":[],"yoast_head":"<!-- This site is optimized with the Yoast SEO plugin v27.3 - https:\/\/yoast.com\/product\/yoast-seo-wordpress\/ -->\n<title>Impact de la modification des accises sur la recharge des voitures \u00e9lectriques - link2fleet<\/title>\n<meta name=\"description\" content=\"Outre la suppression progressive du \u00ab\u00a0tarif social \u00e9largi\u00a0\u00bb, le gouvernement f\u00e9d\u00e9ral est parvenu \u00e0 un accord sur la r\u00e9forme de nos factures d&rsquo;\u00e9nergie au d\u00e9but\u2026\" \/>\n<meta name=\"robots\" content=\"index, follow, max-snippet:-1, max-image-preview:large, max-video-preview:-1\" \/>\n<meta property=\"og:locale\" content=\"fr_FR\" \/>\n<meta property=\"og:type\" content=\"article\" \/>\n<meta property=\"og:title\" content=\"Impact de la modification des accises sur la recharge des voitures \u00e9lectriques - link2fleet\" \/>\n<meta property=\"og:description\" content=\"Outre la suppression progressive du \u00ab\u00a0tarif social \u00e9largi\u00a0\u00bb, le gouvernement f\u00e9d\u00e9ral est parvenu \u00e0 un accord sur la r\u00e9forme de nos factures d&rsquo;\u00e9nergie au d\u00e9but\u2026\" \/>\n<meta property=\"og:url\" content=\"https:\/\/www.link2fleet.com\/fr\/impact-de-la-modification-des-accises-sur-la-recharge-des-voitures-electriques\/\" \/>\n<meta property=\"og:site_name\" content=\"link2fleet\" \/>\n<meta property=\"article:published_time\" content=\"2023-07-03T03:28:18+00:00\" \/>\n<meta property=\"og:image\" content=\"https:\/\/static.link2fleet.com\/wp-content\/uploads\/2024\/03\/pexels-pok-rie-189524-scaled-1.jpg\" \/>\n\t<meta property=\"og:image:width\" content=\"2560\" \/>\n\t<meta property=\"og:image:height\" content=\"1920\" \/>\n\t<meta property=\"og:image:type\" content=\"image\/jpeg\" \/>\n<meta name=\"author\" content=\"Damien Malvetti\" \/>\n<meta name=\"twitter:card\" content=\"summary_large_image\" \/>\n<meta name=\"twitter:description\" content=\"Outre la suppression progressive du \u00ab\u00a0tarif social \u00e9largi\u00a0\u00bb, le gouvernement f\u00e9d\u00e9ral est parvenu \u00e0 un accord sur la r\u00e9forme de nos factures d&rsquo;\u00e9nergie au d\u00e9but\u2026\" \/>\n<meta name=\"twitter:label1\" content=\"\u00c9crit par\" \/>\n\t<meta name=\"twitter:data1\" content=\"Damien Malvetti\" \/>\n\t<meta name=\"twitter:label2\" content=\"Dur\u00e9e de lecture estim\u00e9e\" \/>\n\t<meta name=\"twitter:data2\" content=\"5 minutes\" \/>\n<script type=\"application\/ld+json\" class=\"yoast-schema-graph\">{\"@context\":\"https:\\\/\\\/schema.org\",\"@graph\":[{\"@type\":\"Article\",\"@id\":\"https:\\\/\\\/www.link2fleet.com\\\/fr\\\/impact-de-la-modification-des-accises-sur-la-recharge-des-voitures-electriques\\\/#article\",\"isPartOf\":{\"@id\":\"https:\\\/\\\/www.link2fleet.com\\\/fr\\\/impact-de-la-modification-des-accises-sur-la-recharge-des-voitures-electriques\\\/\"},\"author\":{\"name\":\"Damien Malvetti\",\"@id\":\"https:\\\/\\\/www.link2fleet.com\\\/fr\\\/#\\\/schema\\\/person\\\/027cd46113c78036b3809c9a054049da\"},\"headline\":\"Impact de la modification des accises sur la recharge des voitures \u00e9lectriques\",\"datePublished\":\"2023-07-03T03:28:18+00:00\",\"mainEntityOfPage\":{\"@id\":\"https:\\\/\\\/www.link2fleet.com\\\/fr\\\/impact-de-la-modification-des-accises-sur-la-recharge-des-voitures-electriques\\\/\"},\"wordCount\":1097,\"publisher\":{\"@id\":\"https:\\\/\\\/www.link2fleet.com\\\/fr\\\/#organization\"},\"image\":{\"@id\":\"https:\\\/\\\/www.link2fleet.com\\\/fr\\\/impact-de-la-modification-des-accises-sur-la-recharge-des-voitures-electriques\\\/#primaryimage\"},\"thumbnailUrl\":\"https:\\\/\\\/static.link2fleet.com\\\/wp-content\\\/uploads\\\/2024\\\/03\\\/pexels-pok-rie-189524-scaled-1.jpg\",\"articleSection\":[\"Gestion de flotte\",\"Tax &amp; legal\"],\"inLanguage\":\"fr-FR\"},{\"@type\":\"WebPage\",\"@id\":\"https:\\\/\\\/www.link2fleet.com\\\/fr\\\/impact-de-la-modification-des-accises-sur-la-recharge-des-voitures-electriques\\\/\",\"url\":\"https:\\\/\\\/www.link2fleet.com\\\/fr\\\/impact-de-la-modification-des-accises-sur-la-recharge-des-voitures-electriques\\\/\",\"name\":\"Impact de la modification des accises sur la recharge des voitures \u00e9lectriques - link2fleet\",\"isPartOf\":{\"@id\":\"https:\\\/\\\/www.link2fleet.com\\\/fr\\\/#website\"},\"primaryImageOfPage\":{\"@id\":\"https:\\\/\\\/www.link2fleet.com\\\/fr\\\/impact-de-la-modification-des-accises-sur-la-recharge-des-voitures-electriques\\\/#primaryimage\"},\"image\":{\"@id\":\"https:\\\/\\\/www.link2fleet.com\\\/fr\\\/impact-de-la-modification-des-accises-sur-la-recharge-des-voitures-electriques\\\/#primaryimage\"},\"thumbnailUrl\":\"https:\\\/\\\/static.link2fleet.com\\\/wp-content\\\/uploads\\\/2024\\\/03\\\/pexels-pok-rie-189524-scaled-1.jpg\",\"datePublished\":\"2023-07-03T03:28:18+00:00\",\"breadcrumb\":{\"@id\":\"https:\\\/\\\/www.link2fleet.com\\\/fr\\\/impact-de-la-modification-des-accises-sur-la-recharge-des-voitures-electriques\\\/#breadcrumb\"},\"inLanguage\":\"fr-FR\",\"potentialAction\":[{\"@type\":\"ReadAction\",\"target\":[\"https:\\\/\\\/www.link2fleet.com\\\/fr\\\/impact-de-la-modification-des-accises-sur-la-recharge-des-voitures-electriques\\\/\"]}]},{\"@type\":\"ImageObject\",\"inLanguage\":\"fr-FR\",\"@id\":\"https:\\\/\\\/www.link2fleet.com\\\/fr\\\/impact-de-la-modification-des-accises-sur-la-recharge-des-voitures-electriques\\\/#primaryimage\",\"url\":\"https:\\\/\\\/static.link2fleet.com\\\/wp-content\\\/uploads\\\/2024\\\/03\\\/pexels-pok-rie-189524-scaled-1.jpg\",\"contentUrl\":\"https:\\\/\\\/static.link2fleet.com\\\/wp-content\\\/uploads\\\/2024\\\/03\\\/pexels-pok-rie-189524-scaled-1.jpg\",\"width\":2560,\"height\":1920},{\"@type\":\"BreadcrumbList\",\"@id\":\"https:\\\/\\\/www.link2fleet.com\\\/fr\\\/impact-de-la-modification-des-accises-sur-la-recharge-des-voitures-electriques\\\/#breadcrumb\",\"itemListElement\":[{\"@type\":\"ListItem\",\"position\":1,\"name\":\"Home\",\"item\":\"https:\\\/\\\/www.link2fleet.com\\\/fr\\\/\"},{\"@type\":\"ListItem\",\"position\":2,\"name\":\"Impact de la modification des accises sur la recharge des voitures \u00e9lectriques\"}]},{\"@type\":\"WebSite\",\"@id\":\"https:\\\/\\\/www.link2fleet.com\\\/fr\\\/#website\",\"url\":\"https:\\\/\\\/www.link2fleet.com\\\/fr\\\/\",\"name\":\"Link2fleet\",\"description\":\"\",\"publisher\":{\"@id\":\"https:\\\/\\\/www.link2fleet.com\\\/fr\\\/#organization\"},\"potentialAction\":[{\"@type\":\"SearchAction\",\"target\":{\"@type\":\"EntryPoint\",\"urlTemplate\":\"https:\\\/\\\/www.link2fleet.com\\\/fr\\\/?s={search_term_string}\"},\"query-input\":{\"@type\":\"PropertyValueSpecification\",\"valueRequired\":true,\"valueName\":\"search_term_string\"}}],\"inLanguage\":\"fr-FR\"},{\"@type\":\"Organization\",\"@id\":\"https:\\\/\\\/www.link2fleet.com\\\/fr\\\/#organization\",\"name\":\"Link2fleet\",\"url\":\"https:\\\/\\\/www.link2fleet.com\\\/fr\\\/\",\"logo\":{\"@type\":\"ImageObject\",\"inLanguage\":\"fr-FR\",\"@id\":\"https:\\\/\\\/www.link2fleet.com\\\/fr\\\/#\\\/schema\\\/logo\\\/image\\\/\",\"url\":\"https:\\\/\\\/static.link2fleet.com\\\/wp-content\\\/uploads\\\/2024\\\/03\\\/share-image.jpg\",\"contentUrl\":\"https:\\\/\\\/static.link2fleet.com\\\/wp-content\\\/uploads\\\/2024\\\/03\\\/share-image.jpg\",\"width\":1200,\"height\":630,\"caption\":\"Link2fleet\"},\"image\":{\"@id\":\"https:\\\/\\\/www.link2fleet.com\\\/fr\\\/#\\\/schema\\\/logo\\\/image\\\/\"},\"sameAs\":[\"https:\\\/\\\/www.linkedin.com\\\/company\\\/link2fleet-belgium\",\"https:\\\/\\\/www.youtube.com\\\/user\\\/MMMBMBE\"]},{\"@type\":\"Person\",\"@id\":\"https:\\\/\\\/www.link2fleet.com\\\/fr\\\/#\\\/schema\\\/person\\\/027cd46113c78036b3809c9a054049da\",\"name\":\"Damien Malvetti\",\"image\":{\"@type\":\"ImageObject\",\"inLanguage\":\"fr-FR\",\"@id\":\"https:\\\/\\\/secure.gravatar.com\\\/avatar\\\/dd8cc03b49466c735f753ac37f8caa371af16dfed347456ed61f02883255eebb?s=96&d=mm&r=g\",\"url\":\"https:\\\/\\\/secure.gravatar.com\\\/avatar\\\/dd8cc03b49466c735f753ac37f8caa371af16dfed347456ed61f02883255eebb?s=96&d=mm&r=g\",\"contentUrl\":\"https:\\\/\\\/secure.gravatar.com\\\/avatar\\\/dd8cc03b49466c735f753ac37f8caa371af16dfed347456ed61f02883255eebb?s=96&d=mm&r=g\",\"caption\":\"Damien Malvetti\"},\"description\":\"Damien Malvetti is opgeleid als journalist en gepassioneerd door wagens, technologie en mobiliteit. Hij is verantwoordelijk voor de redactionele inhoud van link2fleet en beschikt over een uitgebreide kennis van de fleet-sector en elektrische mobiliteit.\",\"sameAs\":[\"https:\\\/\\\/www.linkedin.com\\\/in\\\/damien-malvetti-56601142\\\/\"]}]}<\/script>\n<!-- \/ Yoast SEO plugin. -->","yoast_head_json":{"title":"Impact de la modification des accises sur la recharge des voitures \u00e9lectriques - link2fleet","description":"Outre la suppression progressive du \u00ab\u00a0tarif social \u00e9largi\u00a0\u00bb, le gouvernement f\u00e9d\u00e9ral est parvenu \u00e0 un accord sur la r\u00e9forme de nos factures d&rsquo;\u00e9nergie au d\u00e9but\u2026","robots":{"index":"index","follow":"follow","max-snippet":"max-snippet:-1","max-image-preview":"max-image-preview:large","max-video-preview":"max-video-preview:-1"},"og_locale":"fr_FR","og_type":"article","og_title":"Impact de la modification des accises sur la recharge des voitures \u00e9lectriques - link2fleet","og_description":"Outre la suppression progressive du \u00ab\u00a0tarif social \u00e9largi\u00a0\u00bb, le gouvernement f\u00e9d\u00e9ral est parvenu \u00e0 un accord sur la r\u00e9forme de nos factures d&rsquo;\u00e9nergie au d\u00e9but\u2026","og_url":"https:\/\/www.link2fleet.com\/fr\/impact-de-la-modification-des-accises-sur-la-recharge-des-voitures-electriques\/","og_site_name":"link2fleet","article_published_time":"2023-07-03T03:28:18+00:00","og_image":[{"width":2560,"height":1920,"url":"https:\/\/static.link2fleet.com\/wp-content\/uploads\/2024\/03\/pexels-pok-rie-189524-scaled-1.jpg","type":"image\/jpeg"}],"author":"Damien Malvetti","twitter_card":"summary_large_image","twitter_description":"Outre la suppression progressive du \u00ab\u00a0tarif social \u00e9largi\u00a0\u00bb, le gouvernement f\u00e9d\u00e9ral est parvenu \u00e0 un accord sur la r\u00e9forme de nos factures d&rsquo;\u00e9nergie au d\u00e9but\u2026","twitter_misc":{"\u00c9crit par":"Damien Malvetti","Dur\u00e9e de lecture estim\u00e9e":"5 minutes"},"schema":{"@context":"https:\/\/schema.org","@graph":[{"@type":"Article","@id":"https:\/\/www.link2fleet.com\/fr\/impact-de-la-modification-des-accises-sur-la-recharge-des-voitures-electriques\/#article","isPartOf":{"@id":"https:\/\/www.link2fleet.com\/fr\/impact-de-la-modification-des-accises-sur-la-recharge-des-voitures-electriques\/"},"author":{"name":"Damien Malvetti","@id":"https:\/\/www.link2fleet.com\/fr\/#\/schema\/person\/027cd46113c78036b3809c9a054049da"},"headline":"Impact de la modification des accises sur la recharge des voitures \u00e9lectriques","datePublished":"2023-07-03T03:28:18+00:00","mainEntityOfPage":{"@id":"https:\/\/www.link2fleet.com\/fr\/impact-de-la-modification-des-accises-sur-la-recharge-des-voitures-electriques\/"},"wordCount":1097,"publisher":{"@id":"https:\/\/www.link2fleet.com\/fr\/#organization"},"image":{"@id":"https:\/\/www.link2fleet.com\/fr\/impact-de-la-modification-des-accises-sur-la-recharge-des-voitures-electriques\/#primaryimage"},"thumbnailUrl":"https:\/\/static.link2fleet.com\/wp-content\/uploads\/2024\/03\/pexels-pok-rie-189524-scaled-1.jpg","articleSection":["Gestion de flotte","Tax &amp; legal"],"inLanguage":"fr-FR"},{"@type":"WebPage","@id":"https:\/\/www.link2fleet.com\/fr\/impact-de-la-modification-des-accises-sur-la-recharge-des-voitures-electriques\/","url":"https:\/\/www.link2fleet.com\/fr\/impact-de-la-modification-des-accises-sur-la-recharge-des-voitures-electriques\/","name":"Impact de la modification des accises sur la recharge des voitures \u00e9lectriques - link2fleet","isPartOf":{"@id":"https:\/\/www.link2fleet.com\/fr\/#website"},"primaryImageOfPage":{"@id":"https:\/\/www.link2fleet.com\/fr\/impact-de-la-modification-des-accises-sur-la-recharge-des-voitures-electriques\/#primaryimage"},"image":{"@id":"https:\/\/www.link2fleet.com\/fr\/impact-de-la-modification-des-accises-sur-la-recharge-des-voitures-electriques\/#primaryimage"},"thumbnailUrl":"https:\/\/static.link2fleet.com\/wp-content\/uploads\/2024\/03\/pexels-pok-rie-189524-scaled-1.jpg","datePublished":"2023-07-03T03:28:18+00:00","breadcrumb":{"@id":"https:\/\/www.link2fleet.com\/fr\/impact-de-la-modification-des-accises-sur-la-recharge-des-voitures-electriques\/#breadcrumb"},"inLanguage":"fr-FR","potentialAction":[{"@type":"ReadAction","target":["https:\/\/www.link2fleet.com\/fr\/impact-de-la-modification-des-accises-sur-la-recharge-des-voitures-electriques\/"]}]},{"@type":"ImageObject","inLanguage":"fr-FR","@id":"https:\/\/www.link2fleet.com\/fr\/impact-de-la-modification-des-accises-sur-la-recharge-des-voitures-electriques\/#primaryimage","url":"https:\/\/static.link2fleet.com\/wp-content\/uploads\/2024\/03\/pexels-pok-rie-189524-scaled-1.jpg","contentUrl":"https:\/\/static.link2fleet.com\/wp-content\/uploads\/2024\/03\/pexels-pok-rie-189524-scaled-1.jpg","width":2560,"height":1920},{"@type":"BreadcrumbList","@id":"https:\/\/www.link2fleet.com\/fr\/impact-de-la-modification-des-accises-sur-la-recharge-des-voitures-electriques\/#breadcrumb","itemListElement":[{"@type":"ListItem","position":1,"name":"Home","item":"https:\/\/www.link2fleet.com\/fr\/"},{"@type":"ListItem","position":2,"name":"Impact de la modification des accises sur la recharge des voitures \u00e9lectriques"}]},{"@type":"WebSite","@id":"https:\/\/www.link2fleet.com\/fr\/#website","url":"https:\/\/www.link2fleet.com\/fr\/","name":"Link2fleet","description":"","publisher":{"@id":"https:\/\/www.link2fleet.com\/fr\/#organization"},"potentialAction":[{"@type":"SearchAction","target":{"@type":"EntryPoint","urlTemplate":"https:\/\/www.link2fleet.com\/fr\/?s={search_term_string}"},"query-input":{"@type":"PropertyValueSpecification","valueRequired":true,"valueName":"search_term_string"}}],"inLanguage":"fr-FR"},{"@type":"Organization","@id":"https:\/\/www.link2fleet.com\/fr\/#organization","name":"Link2fleet","url":"https:\/\/www.link2fleet.com\/fr\/","logo":{"@type":"ImageObject","inLanguage":"fr-FR","@id":"https:\/\/www.link2fleet.com\/fr\/#\/schema\/logo\/image\/","url":"https:\/\/static.link2fleet.com\/wp-content\/uploads\/2024\/03\/share-image.jpg","contentUrl":"https:\/\/static.link2fleet.com\/wp-content\/uploads\/2024\/03\/share-image.jpg","width":1200,"height":630,"caption":"Link2fleet"},"image":{"@id":"https:\/\/www.link2fleet.com\/fr\/#\/schema\/logo\/image\/"},"sameAs":["https:\/\/www.linkedin.com\/company\/link2fleet-belgium","https:\/\/www.youtube.com\/user\/MMMBMBE"]},{"@type":"Person","@id":"https:\/\/www.link2fleet.com\/fr\/#\/schema\/person\/027cd46113c78036b3809c9a054049da","name":"Damien Malvetti","image":{"@type":"ImageObject","inLanguage":"fr-FR","@id":"https:\/\/secure.gravatar.com\/avatar\/dd8cc03b49466c735f753ac37f8caa371af16dfed347456ed61f02883255eebb?s=96&d=mm&r=g","url":"https:\/\/secure.gravatar.com\/avatar\/dd8cc03b49466c735f753ac37f8caa371af16dfed347456ed61f02883255eebb?s=96&d=mm&r=g","contentUrl":"https:\/\/secure.gravatar.com\/avatar\/dd8cc03b49466c735f753ac37f8caa371af16dfed347456ed61f02883255eebb?s=96&d=mm&r=g","caption":"Damien Malvetti"},"description":"Damien Malvetti is opgeleid als journalist en gepassioneerd door wagens, technologie en mobiliteit. Hij is verantwoordelijk voor de redactionele inhoud van link2fleet en beschikt over een uitgebreide kennis van de fleet-sector en elektrische mobiliteit.","sameAs":["https:\/\/www.linkedin.com\/in\/damien-malvetti-56601142\/"]}]}},"_links":{"self":[{"href":"https:\/\/www.link2fleet.com\/fr\/wp-json\/wp\/v2\/posts\/10103","targetHints":{"allow":["GET"]}}],"collection":[{"href":"https:\/\/www.link2fleet.com\/fr\/wp-json\/wp\/v2\/posts"}],"about":[{"href":"https:\/\/www.link2fleet.com\/fr\/wp-json\/wp\/v2\/types\/post"}],"author":[{"embeddable":true,"href":"https:\/\/www.link2fleet.com\/fr\/wp-json\/wp\/v2\/users\/4"}],"replies":[{"embeddable":true,"href":"https:\/\/www.link2fleet.com\/fr\/wp-json\/wp\/v2\/comments?post=10103"}],"version-history":[{"count":0,"href":"https:\/\/www.link2fleet.com\/fr\/wp-json\/wp\/v2\/posts\/10103\/revisions"}],"wp:featuredmedia":[{"embeddable":true,"href":"https:\/\/www.link2fleet.com\/fr\/wp-json\/wp\/v2\/media\/10104"}],"wp:attachment":[{"href":"https:\/\/www.link2fleet.com\/fr\/wp-json\/wp\/v2\/media?parent=10103"}],"wp:term":[{"taxonomy":"category","embeddable":true,"href":"https:\/\/www.link2fleet.com\/fr\/wp-json\/wp\/v2\/categories?post=10103"},{"taxonomy":"post_tag","embeddable":true,"href":"https:\/\/www.link2fleet.com\/fr\/wp-json\/wp\/v2\/tags?post=10103"}],"curies":[{"name":"wp","href":"https:\/\/api.w.org\/{rel}","templated":true}]}}