{"id":10144,"date":"2023-07-05T13:45:37","date_gmt":"2023-07-05T11:45:37","guid":{"rendered":"https:\/\/www.link2fleet.com\/taxe-de-roulage-voici-les-nouveaux-tarifs-a-partir-du-1er-juillet-2023\/"},"modified":"2023-07-05T13:45:37","modified_gmt":"2023-07-05T11:45:37","slug":"taxe-de-roulage-voici-les-nouveaux-tarifs-a-partir-du-1er-juillet-2023","status":"publish","type":"post","link":"https:\/\/www.link2fleet.com\/fr\/taxe-de-roulage-voici-les-nouveaux-tarifs-a-partir-du-1er-juillet-2023\/","title":{"rendered":"Taxe de roulage: voici les nouveaux tarifs \u00e0 partir du 1er juillet 2023"},"content":{"rendered":"<p style=\"font-weight: 400;\">On distingue 2 groupes .\u00a0 Groupe 1 : les v\u00e9hicules immatricul\u00e9s en r\u00e9gion bruxelloise et wallonne et les v\u00e9hicules de leasing immatricul\u00e9s au nom d&rsquo;une soci\u00e9t\u00e9 de leasing agr\u00e9\u00e9e. Groupe 2 : v\u00e9hicules immatricul\u00e9s en Flandre.<\/p>\n<p style=\"font-weight: 400;\">GROUPE 1<\/p>\n<p style=\"font-weight: 400;\"><em>\u00a0<\/em><\/p>\n<table style=\"font-weight: 400;\" width=\"580\">\n<tbody>\n<tr>\n<td colspan=\"3\" width=\"576\"><strong>Taxe de circulation Bruxelles + R\u00e9gion wallonne + v\u00e9hicules en leasing du 1er juillet 2023 au 30 juin 2024 inclus.<\/strong><\/p>\n<p>Pour les voitures particuli\u00e8res, les voitures \u00e0 multi usage et les minibus immatricul\u00e9s en R\u00e9gion bruxelloise ou wallonne ou immatricul\u00e9s au nom d&rsquo;une soci\u00e9t\u00e9 de leasing agr\u00e9\u00e9e, quelle que soit la date d&rsquo;immatriculation.<\/td>\n<\/tr>\n<tr>\n<td width=\"181\"><strong>CV fiscaux<\/strong><\/td>\n<td width=\"206\"><strong>Taux final incluant la part communale<\/strong><\/td>\n<td width=\"186\"><strong>Taxe de circulation suppl\u00e9mentaire pour les v\u00e9hicules au GPL<\/strong><\/td>\n<\/tr>\n<tr>\n<td width=\"181\">4 cv et moins = minimum<\/td>\n<td width=\"206\">97,68\u00a0 \u20ac<\/td>\n<td width=\"186\">89,16 \u20ac<\/td>\n<\/tr>\n<tr>\n<td width=\"181\">5 cv<\/td>\n<td width=\"206\">122,23<\/td>\n<td width=\"186\">89,16<\/td>\n<\/tr>\n<tr>\n<td width=\"181\">6 cv<\/td>\n<td width=\"206\">176,62<\/td>\n<td width=\"186\">89,16<\/td>\n<\/tr>\n<tr>\n<td width=\"181\">7 cv<\/td>\n<td width=\"206\">230,87<\/td>\n<td width=\"186\">89,16<\/td>\n<\/tr>\n<tr>\n<td width=\"181\">8 cv<\/td>\n<td width=\"206\">285,38<\/td>\n<td width=\"186\">148,68<\/td>\n<\/tr>\n<tr>\n<td width=\"181\">9 cv<\/td>\n<td width=\"206\">340,03<\/td>\n<td width=\"186\">148,68<\/td>\n<\/tr>\n<tr>\n<td width=\"181\">10 cv<\/td>\n<td width=\"206\">394,02<\/td>\n<td width=\"186\">148,68<\/td>\n<\/tr>\n<tr>\n<td width=\"181\">11 cv<\/td>\n<td width=\"206\">511,24<\/td>\n<td width=\"186\">148,68<\/td>\n<\/tr>\n<tr>\n<td width=\"181\">12 cv<\/td>\n<td width=\"206\">628,58<\/td>\n<td width=\"186\">148,68<\/td>\n<\/tr>\n<tr>\n<td width=\"181\">13 cv<\/td>\n<td width=\"206\">745,54<\/td>\n<td width=\"186\">148,68<\/td>\n<\/tr>\n<tr>\n<td width=\"181\">14 cv<\/td>\n<td width=\"206\">862,88<\/td>\n<td width=\"186\">208,20<\/td>\n<\/tr>\n<tr>\n<td width=\"181\">15 cv<\/td>\n<td width=\"206\">980,10<\/td>\n<td width=\"186\">208,20<\/td>\n<\/tr>\n<tr>\n<td width=\"181\">16 cv<\/td>\n<td width=\"206\">1283,70<\/td>\n<td width=\"186\">208,20<\/td>\n<\/tr>\n<tr>\n<td width=\"181\">17 cv<\/td>\n<td width=\"206\">1587,56<\/td>\n<td width=\"186\">208,20<\/td>\n<\/tr>\n<tr>\n<td width=\"181\">18 cv<\/td>\n<td width=\"206\">1891,43<\/td>\n<td width=\"186\">208,20<\/td>\n<\/tr>\n<tr>\n<td width=\"181\">19 cv<\/td>\n<td width=\"206\">2194,63<\/td>\n<td width=\"186\">208,20<\/td>\n<\/tr>\n<tr>\n<td width=\"181\">20 cv<\/td>\n<td width=\"206\">2498,50<\/td>\n<td width=\"186\">208,20<\/td>\n<\/tr>\n<tr>\n<td width=\"181\">Plus de 20 cv<\/td>\n<td width=\"206\">2498,50 + 136,22 \u20ac par cv au-del\u00e0 de 20<\/td>\n<td width=\"186\">208,20<\/td>\n<\/tr>\n<tr>\n<td width=\"181\">Motos<\/td>\n<td width=\"206\">69,17<\/td>\n<td width=\"186\"><strong>\u00a0<\/strong><\/td>\n<\/tr>\n<tr>\n<td width=\"181\">Autobus et autocars<\/td>\n<td width=\"206\">98,00<\/td>\n<td width=\"186\"><strong>\u00a0<\/strong><\/td>\n<\/tr>\n<tr>\n<td width=\"181\">Voitures de tourisme, voitures \u00e0 double usage, minibus et motos de plus de 30 ans = taxe forfaitaire.<\/td>\n<td width=\"206\">44,30<\/td>\n<td width=\"186\"><strong>\u00a0<\/strong><\/td>\n<\/tr>\n<\/tbody>\n<\/table>\n<p style=\"font-weight: 400;\"><strong>\u00a0<\/strong><\/p>\n<p style=\"font-weight: 400;\"><strong>V\u00e9hicules 100% \u00e9lectriques<\/strong><\/p>\n<p style=\"font-weight: 400;\">Les v\u00e9hicules 100 % \u00e9lectriques appartenant au groupe 1 sont soumis au taux le plus bas correspondant au taux de 4 CV. \u00c0 partir du 1er juillet 2023, ce taux s&rsquo;\u00e9l\u00e8vera \u00e0 97,68 \u20ac. Les v\u00e9hicules 100 % \u00e9lectriques immatricul\u00e9s au nom d&rsquo;une soci\u00e9t\u00e9 de leasing agr\u00e9\u00e9e ayant son si\u00e8ge social en Flandre peuvent en principe \u00e9galement b\u00e9n\u00e9ficier de l&rsquo;exon\u00e9ration totale de la taxe de circulation.<\/p>\n<p style=\"font-weight: 400;\">GROUPE 2<\/p>\n<table style=\"font-weight: 400;\" width=\"580\">\n<tbody>\n<tr>\n<td width=\"576\"><strong>Taxe de circulation en Flandre valable du 1er juillet 2023 au 30 juin 2024.<\/strong><\/p>\n<p>Pour les voitures particuli\u00e8res, les voitures \u00e0 double usage et les minibus immatricul\u00e9s en R\u00e9gion flamande.<\/p>\n<p>&nbsp;<\/td>\n<\/tr>\n<\/tbody>\n<\/table>\n<p style=\"font-weight: 400;\"><strong>Principes de calcul de la taxe de roulage verte flamande<\/strong><\/p>\n<p style=\"font-weight: 400;\">Le taux de la taxe routi\u00e8re est calcul\u00e9 selon la formule de base en fonction de la taxe HP. En outre, deux ajustements du bonus malus sont appliqu\u00e9s, le premier d\u00e9pendant de la date d&rsquo;immatriculation du v\u00e9hicule.<\/p>\n<p style=\"font-weight: 400;\">\u00a0<strong><em>Bonus-malus correction 1<\/em><\/strong> : Pour tous les v\u00e9hicules nouvellement immatricul\u00e9s \u00e0 partir du 01\/01\/2021, le taux de base sera ajust\u00e9 comme suit :<\/p>\n<p style=\"font-weight: 400;\">\u2012\u00a0\u00a0\u00a0\u00a0\u00a0\u00a0\u00a0\u00a0\u00a0 augment\u00e9 de 0,30 % par gr\/km CO2 au-del\u00e0 de 149 gr\/km (WLTP) et pas plus de\u00a0500 gr\/km;<\/p>\n<p style=\"font-weight: 400;\">\u2012 \u00a0 \u00a0 \u00a0 \u00a0 \u00a0diminu\u00e9 de 0,30 % par gr\/km CO2 sous 149 gr\/km (WLTP) et pas sous 24 gr\/km;<\/p>\n<p style=\"font-weight: 400;\">\u2012\u00a0\u00a0\u00a0\u00a0\u00a0\u00a0\u00a0\u00a0\u00a0pas d&rsquo;adaptation si CO2 = 149 gr\/km<\/p>\n<p style=\"font-weight: 400;\"><strong><em>Bonus-malus correction<\/em><\/strong><em>\u00a0<strong>2<\/strong><\/em> : pour tous les v\u00e9hicules immatricul\u00e9s \u00e0 partir du 01\/01\/2016 selon l&rsquo;Euronorme et le type de carburant. Le taux de base est augment\u00e9 ou diminu\u00e9 d&rsquo;un pourcentage selon le tableau 1.<\/p>\n<p style=\"font-weight: 400;\">\u00a0Tableau 1<\/p>\n<table style=\"font-weight: 400;\" width=\"674\">\n<tbody>\n<tr>\n<td width=\"153\">Norme euro<\/td>\n<td width=\"225\">Essence et autres carburants<\/td>\n<td width=\"296\">Diesel<\/td>\n<\/tr>\n<tr>\n<td width=\"153\">euro 0<\/td>\n<td>30 %<\/td>\n<td>50 %<\/td>\n<\/tr>\n<tr>\n<td width=\"153\">euro 1<\/td>\n<td>10 %<\/td>\n<td>40 %<\/td>\n<\/tr>\n<tr>\n<td width=\"153\">euro 2<\/td>\n<td>5 %<\/td>\n<td>35 %<\/td>\n<\/tr>\n<tr>\n<td width=\"153\">euro 3<\/td>\n<td>0 %<\/td>\n<td>30 %<\/td>\n<\/tr>\n<tr>\n<td width=\"153\">euro 3 + filtre \u00e0 particules<\/td>\n<td>\/<\/td>\n<td>+25 %<\/td>\n<\/tr>\n<tr>\n<td width=\"153\">euro 4<\/td>\n<td>&#8211; 12,5 %<\/td>\n<td>25 %<\/td>\n<\/tr>\n<tr>\n<td width=\"153\">euro 4 + filtre \u00e0 particules<\/td>\n<td>\/<\/td>\n<td>17,5 %<\/td>\n<\/tr>\n<tr>\n<td width=\"153\">euro 5 ou EEV<\/td>\n<td>&#8211; 15 %<\/td>\n<td>17,5 %<\/td>\n<\/tr>\n<tr>\n<td width=\"153\">euro 6<\/td>\n<td>&#8211; 15 %<\/td>\n<td>15 %<\/td>\n<\/tr>\n<\/tbody>\n<\/table>\n<p style=\"font-weight: 400;\"><strong>Tarif minimum de la taxe de roulage<\/strong><\/p>\n<p style=\"font-weight: 400;\">Le taux minimum de la taxe de roulage (apr\u00e8s application du double bonus-malus) en Flandre du 1er juillet 2023 au 30 juin 2024 sera de : 55,53 \u20ac.<\/p>\n<p style=\"font-weight: 400;\"><strong>Exon\u00e9ration de la taxe de roulage pour les v\u00e9hicules 100 % \u00e9lectriques<\/strong><\/p>\n<p style=\"font-weight: 400;\">Ces v\u00e9hicules b\u00e9n\u00e9ficient d&rsquo;une exon\u00e9ration de 100 % de la taxe de circulation au fil du temps. En principe, cette exon\u00e9ration s&rsquo;applique \u00e9galement aux v\u00e9hicules de leasing enregistr\u00e9s au nom d&rsquo;une soci\u00e9t\u00e9 de leasing ayant son si\u00e8ge social en Flandre.<\/p>\n<p style=\"font-weight: 400;\"><strong>Simutaition taxe de roulage<\/strong><\/p>\n<p style=\"font-weight: 400;\">Il est possible de calculer le tarif exact via le lien suivant:<\/p>\n<p style=\"font-weight: 400;\"><a href=\"https:\/\/belastingen.fenb.be\/ui\/public\/vkb\/simulatie\">Vlaams Belastingsportaal (fenb.be)<\/a><\/p>\n<p style=\"font-weight: 400; text-align: right;\"><strong>Michel Willems<\/strong><\/p>\n<p style=\"font-weight: 400; text-align: right;\"><strong>MOBILITAS<\/strong><\/p>\n","protected":false},"excerpt":{"rendered":"<p>On distingue 2 groupes .\u00a0 Groupe 1 : les v\u00e9hicules immatricul\u00e9s en r\u00e9gion bruxelloise et wallonne et les v\u00e9hicules de leasing immatricul\u00e9s au nom d&rsquo;une soci\u00e9t\u00e9 de leasing agr\u00e9\u00e9e. Groupe 2 : v\u00e9hicules immatricul\u00e9s en Flandre. GROUPE 1 \u00a0 Taxe de circulation Bruxelles + R\u00e9gion wallonne + v\u00e9hicules en leasing du 1er juillet 2023 au [&hellip;]<\/p>\n","protected":false},"author":11,"featured_media":10145,"comment_status":"closed","ping_status":"closed","sticky":false,"template":"","format":"standard","meta":{"_acf_changed":false,"footnotes":""},"categories":[91,101],"tags":[],"class_list":["post-10144","post","type-post","status-publish","format-standard","has-post-thumbnail","hentry","category-expertise-et-management","category-tax-legal"],"acf":[],"yoast_head":"<!-- This site is optimized with the Yoast SEO plugin v27.3 - https:\/\/yoast.com\/product\/yoast-seo-wordpress\/ -->\n<title>Taxe de roulage: voici les nouveaux tarifs \u00e0 partir du 1er juillet 2023 - link2fleet<\/title>\n<meta name=\"description\" content=\"Le 1er juillet 2023, la taxe de circulation a \u00e9t\u00e9 r\u00e9index\u00e9e. L&rsquo;augmentation est de 5,1 %. Nous en profitons pour rappeler les principes de calcul.\u2026\" \/>\n<meta name=\"robots\" content=\"index, follow, max-snippet:-1, max-image-preview:large, max-video-preview:-1\" \/>\n<meta property=\"og:locale\" content=\"fr_FR\" \/>\n<meta property=\"og:type\" content=\"article\" \/>\n<meta property=\"og:title\" content=\"Taxe de roulage: voici les nouveaux tarifs \u00e0 partir du 1er juillet 2023 - link2fleet\" \/>\n<meta property=\"og:description\" content=\"Le 1er juillet 2023, la taxe de circulation a \u00e9t\u00e9 r\u00e9index\u00e9e. L&rsquo;augmentation est de 5,1 %. Nous en profitons pour rappeler les principes de calcul.\u2026\" \/>\n<meta property=\"og:url\" content=\"https:\/\/www.link2fleet.com\/fr\/taxe-de-roulage-voici-les-nouveaux-tarifs-a-partir-du-1er-juillet-2023\/\" \/>\n<meta property=\"og:site_name\" content=\"link2fleet\" \/>\n<meta property=\"article:published_time\" content=\"2023-07-05T11:45:37+00:00\" \/>\n<meta property=\"og:image\" content=\"https:\/\/static.link2fleet.com\/wp-content\/uploads\/2024\/03\/welke-belastingen-betaalt-u-voor-uw-auto.jpg\" \/>\n\t<meta property=\"og:image:width\" content=\"1200\" \/>\n\t<meta property=\"og:image:height\" content=\"900\" \/>\n\t<meta property=\"og:image:type\" content=\"image\/jpeg\" \/>\n<meta name=\"author\" content=\"Michel Willems - Mobilitas\" \/>\n<meta name=\"twitter:card\" content=\"summary_large_image\" \/>\n<meta name=\"twitter:description\" content=\"Le 1er juillet 2023, la taxe de circulation a \u00e9t\u00e9 r\u00e9index\u00e9e. L&rsquo;augmentation est de 5,1 %. Nous en profitons pour rappeler les principes de calcul.\u2026\" \/>\n<meta name=\"twitter:label1\" content=\"\u00c9crit par\" \/>\n\t<meta name=\"twitter:data1\" content=\"Michel Willems - Mobilitas\" \/>\n\t<meta name=\"twitter:label2\" content=\"Dur\u00e9e de lecture estim\u00e9e\" \/>\n\t<meta name=\"twitter:data2\" content=\"3 minutes\" \/>\n<script type=\"application\/ld+json\" class=\"yoast-schema-graph\">{\"@context\":\"https:\\\/\\\/schema.org\",\"@graph\":[{\"@type\":\"Article\",\"@id\":\"https:\\\/\\\/www.link2fleet.com\\\/fr\\\/taxe-de-roulage-voici-les-nouveaux-tarifs-a-partir-du-1er-juillet-2023\\\/#article\",\"isPartOf\":{\"@id\":\"https:\\\/\\\/www.link2fleet.com\\\/fr\\\/taxe-de-roulage-voici-les-nouveaux-tarifs-a-partir-du-1er-juillet-2023\\\/\"},\"author\":{\"name\":\"Michel Willems - Mobilitas\",\"@id\":\"https:\\\/\\\/www.link2fleet.com\\\/fr\\\/#\\\/schema\\\/person\\\/bd29f6a2c2427e85a70d3acf17303486\"},\"headline\":\"Taxe de roulage: voici les nouveaux tarifs \u00e0 partir du 1er juillet 2023\",\"datePublished\":\"2023-07-05T11:45:37+00:00\",\"mainEntityOfPage\":{\"@id\":\"https:\\\/\\\/www.link2fleet.com\\\/fr\\\/taxe-de-roulage-voici-les-nouveaux-tarifs-a-partir-du-1er-juillet-2023\\\/\"},\"wordCount\":561,\"publisher\":{\"@id\":\"https:\\\/\\\/www.link2fleet.com\\\/fr\\\/#organization\"},\"image\":{\"@id\":\"https:\\\/\\\/www.link2fleet.com\\\/fr\\\/taxe-de-roulage-voici-les-nouveaux-tarifs-a-partir-du-1er-juillet-2023\\\/#primaryimage\"},\"thumbnailUrl\":\"https:\\\/\\\/static.link2fleet.com\\\/wp-content\\\/uploads\\\/2024\\\/03\\\/welke-belastingen-betaalt-u-voor-uw-auto.jpg\",\"articleSection\":[\"Gestion de flotte\",\"Tax &amp; legal\"],\"inLanguage\":\"fr-FR\"},{\"@type\":\"WebPage\",\"@id\":\"https:\\\/\\\/www.link2fleet.com\\\/fr\\\/taxe-de-roulage-voici-les-nouveaux-tarifs-a-partir-du-1er-juillet-2023\\\/\",\"url\":\"https:\\\/\\\/www.link2fleet.com\\\/fr\\\/taxe-de-roulage-voici-les-nouveaux-tarifs-a-partir-du-1er-juillet-2023\\\/\",\"name\":\"Taxe de roulage: voici les nouveaux tarifs \u00e0 partir du 1er juillet 2023 - link2fleet\",\"isPartOf\":{\"@id\":\"https:\\\/\\\/www.link2fleet.com\\\/fr\\\/#website\"},\"primaryImageOfPage\":{\"@id\":\"https:\\\/\\\/www.link2fleet.com\\\/fr\\\/taxe-de-roulage-voici-les-nouveaux-tarifs-a-partir-du-1er-juillet-2023\\\/#primaryimage\"},\"image\":{\"@id\":\"https:\\\/\\\/www.link2fleet.com\\\/fr\\\/taxe-de-roulage-voici-les-nouveaux-tarifs-a-partir-du-1er-juillet-2023\\\/#primaryimage\"},\"thumbnailUrl\":\"https:\\\/\\\/static.link2fleet.com\\\/wp-content\\\/uploads\\\/2024\\\/03\\\/welke-belastingen-betaalt-u-voor-uw-auto.jpg\",\"datePublished\":\"2023-07-05T11:45:37+00:00\",\"breadcrumb\":{\"@id\":\"https:\\\/\\\/www.link2fleet.com\\\/fr\\\/taxe-de-roulage-voici-les-nouveaux-tarifs-a-partir-du-1er-juillet-2023\\\/#breadcrumb\"},\"inLanguage\":\"fr-FR\",\"potentialAction\":[{\"@type\":\"ReadAction\",\"target\":[\"https:\\\/\\\/www.link2fleet.com\\\/fr\\\/taxe-de-roulage-voici-les-nouveaux-tarifs-a-partir-du-1er-juillet-2023\\\/\"]}]},{\"@type\":\"ImageObject\",\"inLanguage\":\"fr-FR\",\"@id\":\"https:\\\/\\\/www.link2fleet.com\\\/fr\\\/taxe-de-roulage-voici-les-nouveaux-tarifs-a-partir-du-1er-juillet-2023\\\/#primaryimage\",\"url\":\"https:\\\/\\\/static.link2fleet.com\\\/wp-content\\\/uploads\\\/2024\\\/03\\\/welke-belastingen-betaalt-u-voor-uw-auto.jpg\",\"contentUrl\":\"https:\\\/\\\/static.link2fleet.com\\\/wp-content\\\/uploads\\\/2024\\\/03\\\/welke-belastingen-betaalt-u-voor-uw-auto.jpg\",\"width\":1200,\"height\":900},{\"@type\":\"BreadcrumbList\",\"@id\":\"https:\\\/\\\/www.link2fleet.com\\\/fr\\\/taxe-de-roulage-voici-les-nouveaux-tarifs-a-partir-du-1er-juillet-2023\\\/#breadcrumb\",\"itemListElement\":[{\"@type\":\"ListItem\",\"position\":1,\"name\":\"Home\",\"item\":\"https:\\\/\\\/www.link2fleet.com\\\/fr\\\/\"},{\"@type\":\"ListItem\",\"position\":2,\"name\":\"Taxe de roulage: voici les nouveaux tarifs \u00e0 partir du 1er juillet 2023\"}]},{\"@type\":\"WebSite\",\"@id\":\"https:\\\/\\\/www.link2fleet.com\\\/fr\\\/#website\",\"url\":\"https:\\\/\\\/www.link2fleet.com\\\/fr\\\/\",\"name\":\"Link2fleet\",\"description\":\"\",\"publisher\":{\"@id\":\"https:\\\/\\\/www.link2fleet.com\\\/fr\\\/#organization\"},\"potentialAction\":[{\"@type\":\"SearchAction\",\"target\":{\"@type\":\"EntryPoint\",\"urlTemplate\":\"https:\\\/\\\/www.link2fleet.com\\\/fr\\\/?s={search_term_string}\"},\"query-input\":{\"@type\":\"PropertyValueSpecification\",\"valueRequired\":true,\"valueName\":\"search_term_string\"}}],\"inLanguage\":\"fr-FR\"},{\"@type\":\"Organization\",\"@id\":\"https:\\\/\\\/www.link2fleet.com\\\/fr\\\/#organization\",\"name\":\"Link2fleet\",\"url\":\"https:\\\/\\\/www.link2fleet.com\\\/fr\\\/\",\"logo\":{\"@type\":\"ImageObject\",\"inLanguage\":\"fr-FR\",\"@id\":\"https:\\\/\\\/www.link2fleet.com\\\/fr\\\/#\\\/schema\\\/logo\\\/image\\\/\",\"url\":\"https:\\\/\\\/static.link2fleet.com\\\/wp-content\\\/uploads\\\/2024\\\/03\\\/share-image.jpg\",\"contentUrl\":\"https:\\\/\\\/static.link2fleet.com\\\/wp-content\\\/uploads\\\/2024\\\/03\\\/share-image.jpg\",\"width\":1200,\"height\":630,\"caption\":\"Link2fleet\"},\"image\":{\"@id\":\"https:\\\/\\\/www.link2fleet.com\\\/fr\\\/#\\\/schema\\\/logo\\\/image\\\/\"},\"sameAs\":[\"https:\\\/\\\/www.linkedin.com\\\/company\\\/link2fleet-belgium\",\"https:\\\/\\\/www.youtube.com\\\/user\\\/MMMBMBE\"]},{\"@type\":\"Person\",\"@id\":\"https:\\\/\\\/www.link2fleet.com\\\/fr\\\/#\\\/schema\\\/person\\\/bd29f6a2c2427e85a70d3acf17303486\",\"name\":\"Michel Willems - Mobilitas\",\"image\":{\"@type\":\"ImageObject\",\"inLanguage\":\"fr-FR\",\"@id\":\"https:\\\/\\\/secure.gravatar.com\\\/avatar\\\/c937de514893d5b69b3b52ee88664fd4879b786925b6742dc7891d347f167414?s=96&d=mm&r=g\",\"url\":\"https:\\\/\\\/secure.gravatar.com\\\/avatar\\\/c937de514893d5b69b3b52ee88664fd4879b786925b6742dc7891d347f167414?s=96&d=mm&r=g\",\"contentUrl\":\"https:\\\/\\\/secure.gravatar.com\\\/avatar\\\/c937de514893d5b69b3b52ee88664fd4879b786925b6742dc7891d347f167414?s=96&d=mm&r=g\",\"caption\":\"Michel Willems - Mobilitas\"}}]}<\/script>\n<!-- \/ Yoast SEO plugin. -->","yoast_head_json":{"title":"Taxe de roulage: voici les nouveaux tarifs \u00e0 partir du 1er juillet 2023 - link2fleet","description":"Le 1er juillet 2023, la taxe de circulation a \u00e9t\u00e9 r\u00e9index\u00e9e. L&rsquo;augmentation est de 5,1 %. Nous en profitons pour rappeler les principes de calcul.\u2026","robots":{"index":"index","follow":"follow","max-snippet":"max-snippet:-1","max-image-preview":"max-image-preview:large","max-video-preview":"max-video-preview:-1"},"og_locale":"fr_FR","og_type":"article","og_title":"Taxe de roulage: voici les nouveaux tarifs \u00e0 partir du 1er juillet 2023 - link2fleet","og_description":"Le 1er juillet 2023, la taxe de circulation a \u00e9t\u00e9 r\u00e9index\u00e9e. L&rsquo;augmentation est de 5,1 %. Nous en profitons pour rappeler les principes de calcul.\u2026","og_url":"https:\/\/www.link2fleet.com\/fr\/taxe-de-roulage-voici-les-nouveaux-tarifs-a-partir-du-1er-juillet-2023\/","og_site_name":"link2fleet","article_published_time":"2023-07-05T11:45:37+00:00","og_image":[{"width":1200,"height":900,"url":"https:\/\/static.link2fleet.com\/wp-content\/uploads\/2024\/03\/welke-belastingen-betaalt-u-voor-uw-auto.jpg","type":"image\/jpeg"}],"author":"Michel Willems - Mobilitas","twitter_card":"summary_large_image","twitter_description":"Le 1er juillet 2023, la taxe de circulation a \u00e9t\u00e9 r\u00e9index\u00e9e. L&rsquo;augmentation est de 5,1 %. Nous en profitons pour rappeler les principes de calcul.\u2026","twitter_misc":{"\u00c9crit par":"Michel Willems - Mobilitas","Dur\u00e9e de lecture estim\u00e9e":"3 minutes"},"schema":{"@context":"https:\/\/schema.org","@graph":[{"@type":"Article","@id":"https:\/\/www.link2fleet.com\/fr\/taxe-de-roulage-voici-les-nouveaux-tarifs-a-partir-du-1er-juillet-2023\/#article","isPartOf":{"@id":"https:\/\/www.link2fleet.com\/fr\/taxe-de-roulage-voici-les-nouveaux-tarifs-a-partir-du-1er-juillet-2023\/"},"author":{"name":"Michel Willems - Mobilitas","@id":"https:\/\/www.link2fleet.com\/fr\/#\/schema\/person\/bd29f6a2c2427e85a70d3acf17303486"},"headline":"Taxe de roulage: voici les nouveaux tarifs \u00e0 partir du 1er juillet 2023","datePublished":"2023-07-05T11:45:37+00:00","mainEntityOfPage":{"@id":"https:\/\/www.link2fleet.com\/fr\/taxe-de-roulage-voici-les-nouveaux-tarifs-a-partir-du-1er-juillet-2023\/"},"wordCount":561,"publisher":{"@id":"https:\/\/www.link2fleet.com\/fr\/#organization"},"image":{"@id":"https:\/\/www.link2fleet.com\/fr\/taxe-de-roulage-voici-les-nouveaux-tarifs-a-partir-du-1er-juillet-2023\/#primaryimage"},"thumbnailUrl":"https:\/\/static.link2fleet.com\/wp-content\/uploads\/2024\/03\/welke-belastingen-betaalt-u-voor-uw-auto.jpg","articleSection":["Gestion de flotte","Tax &amp; legal"],"inLanguage":"fr-FR"},{"@type":"WebPage","@id":"https:\/\/www.link2fleet.com\/fr\/taxe-de-roulage-voici-les-nouveaux-tarifs-a-partir-du-1er-juillet-2023\/","url":"https:\/\/www.link2fleet.com\/fr\/taxe-de-roulage-voici-les-nouveaux-tarifs-a-partir-du-1er-juillet-2023\/","name":"Taxe de roulage: voici les nouveaux tarifs \u00e0 partir du 1er juillet 2023 - link2fleet","isPartOf":{"@id":"https:\/\/www.link2fleet.com\/fr\/#website"},"primaryImageOfPage":{"@id":"https:\/\/www.link2fleet.com\/fr\/taxe-de-roulage-voici-les-nouveaux-tarifs-a-partir-du-1er-juillet-2023\/#primaryimage"},"image":{"@id":"https:\/\/www.link2fleet.com\/fr\/taxe-de-roulage-voici-les-nouveaux-tarifs-a-partir-du-1er-juillet-2023\/#primaryimage"},"thumbnailUrl":"https:\/\/static.link2fleet.com\/wp-content\/uploads\/2024\/03\/welke-belastingen-betaalt-u-voor-uw-auto.jpg","datePublished":"2023-07-05T11:45:37+00:00","breadcrumb":{"@id":"https:\/\/www.link2fleet.com\/fr\/taxe-de-roulage-voici-les-nouveaux-tarifs-a-partir-du-1er-juillet-2023\/#breadcrumb"},"inLanguage":"fr-FR","potentialAction":[{"@type":"ReadAction","target":["https:\/\/www.link2fleet.com\/fr\/taxe-de-roulage-voici-les-nouveaux-tarifs-a-partir-du-1er-juillet-2023\/"]}]},{"@type":"ImageObject","inLanguage":"fr-FR","@id":"https:\/\/www.link2fleet.com\/fr\/taxe-de-roulage-voici-les-nouveaux-tarifs-a-partir-du-1er-juillet-2023\/#primaryimage","url":"https:\/\/static.link2fleet.com\/wp-content\/uploads\/2024\/03\/welke-belastingen-betaalt-u-voor-uw-auto.jpg","contentUrl":"https:\/\/static.link2fleet.com\/wp-content\/uploads\/2024\/03\/welke-belastingen-betaalt-u-voor-uw-auto.jpg","width":1200,"height":900},{"@type":"BreadcrumbList","@id":"https:\/\/www.link2fleet.com\/fr\/taxe-de-roulage-voici-les-nouveaux-tarifs-a-partir-du-1er-juillet-2023\/#breadcrumb","itemListElement":[{"@type":"ListItem","position":1,"name":"Home","item":"https:\/\/www.link2fleet.com\/fr\/"},{"@type":"ListItem","position":2,"name":"Taxe de roulage: voici les nouveaux tarifs \u00e0 partir du 1er juillet 2023"}]},{"@type":"WebSite","@id":"https:\/\/www.link2fleet.com\/fr\/#website","url":"https:\/\/www.link2fleet.com\/fr\/","name":"Link2fleet","description":"","publisher":{"@id":"https:\/\/www.link2fleet.com\/fr\/#organization"},"potentialAction":[{"@type":"SearchAction","target":{"@type":"EntryPoint","urlTemplate":"https:\/\/www.link2fleet.com\/fr\/?s={search_term_string}"},"query-input":{"@type":"PropertyValueSpecification","valueRequired":true,"valueName":"search_term_string"}}],"inLanguage":"fr-FR"},{"@type":"Organization","@id":"https:\/\/www.link2fleet.com\/fr\/#organization","name":"Link2fleet","url":"https:\/\/www.link2fleet.com\/fr\/","logo":{"@type":"ImageObject","inLanguage":"fr-FR","@id":"https:\/\/www.link2fleet.com\/fr\/#\/schema\/logo\/image\/","url":"https:\/\/static.link2fleet.com\/wp-content\/uploads\/2024\/03\/share-image.jpg","contentUrl":"https:\/\/static.link2fleet.com\/wp-content\/uploads\/2024\/03\/share-image.jpg","width":1200,"height":630,"caption":"Link2fleet"},"image":{"@id":"https:\/\/www.link2fleet.com\/fr\/#\/schema\/logo\/image\/"},"sameAs":["https:\/\/www.linkedin.com\/company\/link2fleet-belgium","https:\/\/www.youtube.com\/user\/MMMBMBE"]},{"@type":"Person","@id":"https:\/\/www.link2fleet.com\/fr\/#\/schema\/person\/bd29f6a2c2427e85a70d3acf17303486","name":"Michel Willems - Mobilitas","image":{"@type":"ImageObject","inLanguage":"fr-FR","@id":"https:\/\/secure.gravatar.com\/avatar\/c937de514893d5b69b3b52ee88664fd4879b786925b6742dc7891d347f167414?s=96&d=mm&r=g","url":"https:\/\/secure.gravatar.com\/avatar\/c937de514893d5b69b3b52ee88664fd4879b786925b6742dc7891d347f167414?s=96&d=mm&r=g","contentUrl":"https:\/\/secure.gravatar.com\/avatar\/c937de514893d5b69b3b52ee88664fd4879b786925b6742dc7891d347f167414?s=96&d=mm&r=g","caption":"Michel Willems - Mobilitas"}}]}},"_links":{"self":[{"href":"https:\/\/www.link2fleet.com\/fr\/wp-json\/wp\/v2\/posts\/10144","targetHints":{"allow":["GET"]}}],"collection":[{"href":"https:\/\/www.link2fleet.com\/fr\/wp-json\/wp\/v2\/posts"}],"about":[{"href":"https:\/\/www.link2fleet.com\/fr\/wp-json\/wp\/v2\/types\/post"}],"author":[{"embeddable":true,"href":"https:\/\/www.link2fleet.com\/fr\/wp-json\/wp\/v2\/users\/11"}],"replies":[{"embeddable":true,"href":"https:\/\/www.link2fleet.com\/fr\/wp-json\/wp\/v2\/comments?post=10144"}],"version-history":[{"count":0,"href":"https:\/\/www.link2fleet.com\/fr\/wp-json\/wp\/v2\/posts\/10144\/revisions"}],"wp:featuredmedia":[{"embeddable":true,"href":"https:\/\/www.link2fleet.com\/fr\/wp-json\/wp\/v2\/media\/10145"}],"wp:attachment":[{"href":"https:\/\/www.link2fleet.com\/fr\/wp-json\/wp\/v2\/media?parent=10144"}],"wp:term":[{"taxonomy":"category","embeddable":true,"href":"https:\/\/www.link2fleet.com\/fr\/wp-json\/wp\/v2\/categories?post=10144"},{"taxonomy":"post_tag","embeddable":true,"href":"https:\/\/www.link2fleet.com\/fr\/wp-json\/wp\/v2\/tags?post=10144"}],"curies":[{"name":"wp","href":"https:\/\/api.w.org\/{rel}","templated":true}]}}