{"id":10153,"date":"2023-07-10T09:06:31","date_gmt":"2023-07-10T07:06:31","guid":{"rendered":"https:\/\/www.link2fleet.com\/fastned-installe-son-1500%e1%b5%89-chargeur-rapide-avant-le-debut-des-vacances-dete\/"},"modified":"2023-07-10T09:06:31","modified_gmt":"2023-07-10T07:06:31","slug":"fastned-installe-son-1500%e1%b5%89-chargeur-rapide-avant-le-debut-des-vacances-dete","status":"publish","type":"post","link":"https:\/\/www.link2fleet.com\/fr\/fastned-installe-son-1500%e1%b5%89-chargeur-rapide-avant-le-debut-des-vacances-dete\/","title":{"rendered":"Fastned installe son 1500\u1d49 chargeur rapide avant le d\u00e9but des vacances d&rsquo;\u00e9t\u00e9"},"content":{"rendered":"<p><strong>L&rsquo;ann\u00e9e derni\u00e8re, le nombre de chargeurs op\u00e9r\u00e9s par l&rsquo;entreprise sur son r\u00e9seau a augment\u00e9 de plus de 50\u2009%. Les vacanciers poss\u00e9dant un v\u00e9hicule \u00e9lectrique peuvent dor\u00e9navant acc\u00e9der \u00e0 plus de 270 stations de recharge rapide Fastned en Europe.<\/strong><\/p>\n<p>Presque tous les chargeurs des stations Fastned ont une capacit\u00e9 de charge de 300 kW ou plus. Selon le type de v\u00e9hicule, cela permet de gagner jusqu&rsquo;\u00e0 300 km d\u2019autonomie en 15 minutes.<\/p>\n<p>Pour citer <strong>Michiel Langezaal, PDG et cofondateur de Fastned<\/strong> : \u00ab En 2012, nous avons lanc\u00e9 Fastned avec la mission de donner aux \u00e9lectromobilistes la libert\u00e9 d&rsquo;aller o\u00f9 ils le souhaitent. Pour ce faire, il faut disposer d&rsquo;une infrastructure de recharge suffisante, ce qui a \u00e9t\u00e9 notre premier objectif au cours de la derni\u00e8re d\u00e9cennie. Aujourd\u2019hui, les vacanciers peuvent facilement voyager en Europe avec une voiture \u00e9lectrique. Sur nos stations, ils peuvent m\u00eame le faire avec une caravane ou une remorque sans avoir \u00e0 les d\u00e9tacher du v\u00e9hicule. \u00bb<\/p>\n<p>Depuis l&rsquo;\u00e9t\u00e9 dernier, Fastned a ouvert plus de 60 stations en Europe. Au total, plus de 560 chargeurs ont \u00e9t\u00e9 ajout\u00e9s aux stations nouvelles et existantes. Michiel Langezaal commente : \u00ab Nous choisissons toujours des sites tr\u00e8s fr\u00e9quent\u00e9s et cela porte ses fruits. En France, par exemple, nous avons ouvert 24 nouvelles stations en un an, o\u00f9 plus de 50 000 sessions de charge ont \u00e9t\u00e9 effectu\u00e9es depuis juillet 2022, soit plus de huit millions de kilom\u00e8tres conduits \u00e9lectriquement. J&rsquo;en suis fier. Nous continuerons \u00e0 \u00e9tendre notre r\u00e9seau et \u00e0 construire de nombreuses nouvelles stations dot\u00e9es des chargeurs les plus rapides sur les axes les plus fr\u00e9quent\u00e9s d&rsquo;Europe au cours de l&rsquo;ann\u00e9e \u00e0 venir. \u00bb<\/p>\n<p><a href=\"https:\/\/www.link2fleet.com\/wp-content\/uploads\/2023\/07\/2023-07-Fastned-1500-operational-chargers-across-Europe.jpg\"><img loading=\"lazy\" decoding=\"async\" class=\"aligncenter  wp-image-1294702\" src=\"https:\/\/www.link2fleet.com\/wp-content\/uploads\/2023\/07\/2023-07-Fastned-1500-operational-chargers-across-Europe.jpg\" alt=\"\" width=\"705\" height=\"472\" \/><\/a><\/p>\n","protected":false},"excerpt":{"rendered":"<p>L&rsquo;ann\u00e9e derni\u00e8re, le nombre de chargeurs op\u00e9r\u00e9s par l&rsquo;entreprise sur son r\u00e9seau a augment\u00e9 de plus de 50\u2009%. Les vacanciers poss\u00e9dant un v\u00e9hicule \u00e9lectrique peuvent dor\u00e9navant acc\u00e9der \u00e0 plus de 270 stations de recharge rapide Fastned en Europe. Presque tous les chargeurs des stations Fastned ont une capacit\u00e9 de charge de 300 kW ou plus. [&hellip;]<\/p>\n","protected":false},"author":4,"featured_media":8821,"comment_status":"closed","ping_status":"closed","sticky":false,"template":"","format":"standard","meta":{"_acf_changed":false,"footnotes":""},"categories":[81,91],"tags":[],"class_list":["post-10153","post","type-post","status-publish","format-standard","has-post-thumbnail","hentry","category-gestion-de-carburant-et-energie","category-expertise-et-management"],"acf":[],"yoast_head":"<!-- This site is optimized with the Yoast SEO plugin v27.3 - https:\/\/yoast.com\/product\/yoast-seo-wordpress\/ -->\n<title>Fastned installe son 1500\u1d49 chargeur rapide avant le d\u00e9but des vacances d&#039;\u00e9t\u00e9 - link2fleet<\/title>\n<meta name=\"description\" content=\"Fastned, la soci\u00e9t\u00e9 europ\u00e9enne de recharge rapide, compte d\u00e9sormais 1500 chargeurs sur son r\u00e9seau, pour le d\u00e9part des vacances d\u2019\u00e9t\u00e9. Le chargeur n\u00b0 1500 a\u2026\" \/>\n<meta name=\"robots\" content=\"index, follow, max-snippet:-1, max-image-preview:large, max-video-preview:-1\" \/>\n<meta property=\"og:locale\" content=\"fr_FR\" \/>\n<meta property=\"og:type\" content=\"article\" \/>\n<meta property=\"og:title\" content=\"Fastned installe son 1500\u1d49 chargeur rapide avant le d\u00e9but des vacances d&#039;\u00e9t\u00e9 - link2fleet\" \/>\n<meta property=\"og:description\" content=\"Fastned, la soci\u00e9t\u00e9 europ\u00e9enne de recharge rapide, compte d\u00e9sormais 1500 chargeurs sur son r\u00e9seau, pour le d\u00e9part des vacances d\u2019\u00e9t\u00e9. Le chargeur n\u00b0 1500 a\u2026\" \/>\n<meta property=\"og:url\" content=\"https:\/\/www.link2fleet.com\/fr\/fastned-installe-son-1500\u1d49-chargeur-rapide-avant-le-debut-des-vacances-dete\/\" \/>\n<meta property=\"og:site_name\" content=\"link2fleet\" \/>\n<meta property=\"article:published_time\" content=\"2023-07-10T07:06:31+00:00\" \/>\n<meta property=\"og:image\" content=\"https:\/\/static.link2fleet.com\/wp-content\/uploads\/2024\/03\/fastned-trakteert-met-wafels-en-koffie-in-kontich-3.jpg\" \/>\n\t<meta property=\"og:image:width\" content=\"2048\" \/>\n\t<meta property=\"og:image:height\" content=\"1536\" \/>\n\t<meta property=\"og:image:type\" content=\"image\/jpeg\" \/>\n<meta name=\"author\" content=\"Damien Malvetti\" \/>\n<meta name=\"twitter:card\" content=\"summary_large_image\" \/>\n<meta name=\"twitter:description\" content=\"Fastned, la soci\u00e9t\u00e9 europ\u00e9enne de recharge rapide, compte d\u00e9sormais 1500 chargeurs sur son r\u00e9seau, pour le d\u00e9part des vacances d\u2019\u00e9t\u00e9. Le chargeur n\u00b0 1500 a\u2026\" \/>\n<meta name=\"twitter:label1\" content=\"\u00c9crit par\" \/>\n\t<meta name=\"twitter:data1\" content=\"Damien Malvetti\" \/>\n\t<meta name=\"twitter:label2\" content=\"Dur\u00e9e de lecture estim\u00e9e\" \/>\n\t<meta name=\"twitter:data2\" content=\"1 minute\" \/>\n<script type=\"application\/ld+json\" class=\"yoast-schema-graph\">{\"@context\":\"https:\\\/\\\/schema.org\",\"@graph\":[{\"@type\":\"Article\",\"@id\":\"https:\\\/\\\/www.link2fleet.com\\\/fr\\\/fastned-installe-son-1500%e1%b5%89-chargeur-rapide-avant-le-debut-des-vacances-dete\\\/#article\",\"isPartOf\":{\"@id\":\"https:\\\/\\\/www.link2fleet.com\\\/fr\\\/fastned-installe-son-1500%e1%b5%89-chargeur-rapide-avant-le-debut-des-vacances-dete\\\/\"},\"author\":{\"name\":\"Damien Malvetti\",\"@id\":\"https:\\\/\\\/www.link2fleet.com\\\/fr\\\/#\\\/schema\\\/person\\\/027cd46113c78036b3809c9a054049da\"},\"headline\":\"Fastned installe son 1500\u1d49 chargeur rapide avant le d\u00e9but des vacances d&rsquo;\u00e9t\u00e9\",\"datePublished\":\"2023-07-10T07:06:31+00:00\",\"mainEntityOfPage\":{\"@id\":\"https:\\\/\\\/www.link2fleet.com\\\/fr\\\/fastned-installe-son-1500%e1%b5%89-chargeur-rapide-avant-le-debut-des-vacances-dete\\\/\"},\"wordCount\":301,\"publisher\":{\"@id\":\"https:\\\/\\\/www.link2fleet.com\\\/fr\\\/#organization\"},\"image\":{\"@id\":\"https:\\\/\\\/www.link2fleet.com\\\/fr\\\/fastned-installe-son-1500%e1%b5%89-chargeur-rapide-avant-le-debut-des-vacances-dete\\\/#primaryimage\"},\"thumbnailUrl\":\"https:\\\/\\\/static.link2fleet.com\\\/wp-content\\\/uploads\\\/2024\\\/03\\\/fastned-trakteert-met-wafels-en-koffie-in-kontich-3.jpg\",\"articleSection\":[\"Gestion carburant et de l'\u00e9nergie\",\"Gestion de flotte\"],\"inLanguage\":\"fr-FR\"},{\"@type\":\"WebPage\",\"@id\":\"https:\\\/\\\/www.link2fleet.com\\\/fr\\\/fastned-installe-son-1500%e1%b5%89-chargeur-rapide-avant-le-debut-des-vacances-dete\\\/\",\"url\":\"https:\\\/\\\/www.link2fleet.com\\\/fr\\\/fastned-installe-son-1500%e1%b5%89-chargeur-rapide-avant-le-debut-des-vacances-dete\\\/\",\"name\":\"Fastned installe son 1500\u1d49 chargeur rapide avant le d\u00e9but des vacances d'\u00e9t\u00e9 - link2fleet\",\"isPartOf\":{\"@id\":\"https:\\\/\\\/www.link2fleet.com\\\/fr\\\/#website\"},\"primaryImageOfPage\":{\"@id\":\"https:\\\/\\\/www.link2fleet.com\\\/fr\\\/fastned-installe-son-1500%e1%b5%89-chargeur-rapide-avant-le-debut-des-vacances-dete\\\/#primaryimage\"},\"image\":{\"@id\":\"https:\\\/\\\/www.link2fleet.com\\\/fr\\\/fastned-installe-son-1500%e1%b5%89-chargeur-rapide-avant-le-debut-des-vacances-dete\\\/#primaryimage\"},\"thumbnailUrl\":\"https:\\\/\\\/static.link2fleet.com\\\/wp-content\\\/uploads\\\/2024\\\/03\\\/fastned-trakteert-met-wafels-en-koffie-in-kontich-3.jpg\",\"datePublished\":\"2023-07-10T07:06:31+00:00\",\"breadcrumb\":{\"@id\":\"https:\\\/\\\/www.link2fleet.com\\\/fr\\\/fastned-installe-son-1500%e1%b5%89-chargeur-rapide-avant-le-debut-des-vacances-dete\\\/#breadcrumb\"},\"inLanguage\":\"fr-FR\",\"potentialAction\":[{\"@type\":\"ReadAction\",\"target\":[\"https:\\\/\\\/www.link2fleet.com\\\/fr\\\/fastned-installe-son-1500%e1%b5%89-chargeur-rapide-avant-le-debut-des-vacances-dete\\\/\"]}]},{\"@type\":\"ImageObject\",\"inLanguage\":\"fr-FR\",\"@id\":\"https:\\\/\\\/www.link2fleet.com\\\/fr\\\/fastned-installe-son-1500%e1%b5%89-chargeur-rapide-avant-le-debut-des-vacances-dete\\\/#primaryimage\",\"url\":\"https:\\\/\\\/static.link2fleet.com\\\/wp-content\\\/uploads\\\/2024\\\/03\\\/fastned-trakteert-met-wafels-en-koffie-in-kontich-3.jpg\",\"contentUrl\":\"https:\\\/\\\/static.link2fleet.com\\\/wp-content\\\/uploads\\\/2024\\\/03\\\/fastned-trakteert-met-wafels-en-koffie-in-kontich-3.jpg\",\"width\":2048,\"height\":1536,\"caption\":\"|\"},{\"@type\":\"BreadcrumbList\",\"@id\":\"https:\\\/\\\/www.link2fleet.com\\\/fr\\\/fastned-installe-son-1500%e1%b5%89-chargeur-rapide-avant-le-debut-des-vacances-dete\\\/#breadcrumb\",\"itemListElement\":[{\"@type\":\"ListItem\",\"position\":1,\"name\":\"Home\",\"item\":\"https:\\\/\\\/www.link2fleet.com\\\/fr\\\/\"},{\"@type\":\"ListItem\",\"position\":2,\"name\":\"Fastned installe son 1500\u1d49 chargeur rapide avant le d\u00e9but des vacances d&#8217;\u00e9t\u00e9\"}]},{\"@type\":\"WebSite\",\"@id\":\"https:\\\/\\\/www.link2fleet.com\\\/fr\\\/#website\",\"url\":\"https:\\\/\\\/www.link2fleet.com\\\/fr\\\/\",\"name\":\"Link2fleet\",\"description\":\"\",\"publisher\":{\"@id\":\"https:\\\/\\\/www.link2fleet.com\\\/fr\\\/#organization\"},\"potentialAction\":[{\"@type\":\"SearchAction\",\"target\":{\"@type\":\"EntryPoint\",\"urlTemplate\":\"https:\\\/\\\/www.link2fleet.com\\\/fr\\\/?s={search_term_string}\"},\"query-input\":{\"@type\":\"PropertyValueSpecification\",\"valueRequired\":true,\"valueName\":\"search_term_string\"}}],\"inLanguage\":\"fr-FR\"},{\"@type\":\"Organization\",\"@id\":\"https:\\\/\\\/www.link2fleet.com\\\/fr\\\/#organization\",\"name\":\"Link2fleet\",\"url\":\"https:\\\/\\\/www.link2fleet.com\\\/fr\\\/\",\"logo\":{\"@type\":\"ImageObject\",\"inLanguage\":\"fr-FR\",\"@id\":\"https:\\\/\\\/www.link2fleet.com\\\/fr\\\/#\\\/schema\\\/logo\\\/image\\\/\",\"url\":\"https:\\\/\\\/static.link2fleet.com\\\/wp-content\\\/uploads\\\/2024\\\/03\\\/share-image.jpg\",\"contentUrl\":\"https:\\\/\\\/static.link2fleet.com\\\/wp-content\\\/uploads\\\/2024\\\/03\\\/share-image.jpg\",\"width\":1200,\"height\":630,\"caption\":\"Link2fleet\"},\"image\":{\"@id\":\"https:\\\/\\\/www.link2fleet.com\\\/fr\\\/#\\\/schema\\\/logo\\\/image\\\/\"},\"sameAs\":[\"https:\\\/\\\/www.linkedin.com\\\/company\\\/link2fleet-belgium\",\"https:\\\/\\\/www.youtube.com\\\/user\\\/MMMBMBE\"]},{\"@type\":\"Person\",\"@id\":\"https:\\\/\\\/www.link2fleet.com\\\/fr\\\/#\\\/schema\\\/person\\\/027cd46113c78036b3809c9a054049da\",\"name\":\"Damien Malvetti\",\"image\":{\"@type\":\"ImageObject\",\"inLanguage\":\"fr-FR\",\"@id\":\"https:\\\/\\\/secure.gravatar.com\\\/avatar\\\/dd8cc03b49466c735f753ac37f8caa371af16dfed347456ed61f02883255eebb?s=96&d=mm&r=g\",\"url\":\"https:\\\/\\\/secure.gravatar.com\\\/avatar\\\/dd8cc03b49466c735f753ac37f8caa371af16dfed347456ed61f02883255eebb?s=96&d=mm&r=g\",\"contentUrl\":\"https:\\\/\\\/secure.gravatar.com\\\/avatar\\\/dd8cc03b49466c735f753ac37f8caa371af16dfed347456ed61f02883255eebb?s=96&d=mm&r=g\",\"caption\":\"Damien Malvetti\"},\"description\":\"Damien Malvetti is opgeleid als journalist en gepassioneerd door wagens, technologie en mobiliteit. Hij is verantwoordelijk voor de redactionele inhoud van link2fleet en beschikt over een uitgebreide kennis van de fleet-sector en elektrische mobiliteit.\",\"sameAs\":[\"https:\\\/\\\/www.linkedin.com\\\/in\\\/damien-malvetti-56601142\\\/\"]}]}<\/script>\n<!-- \/ Yoast SEO plugin. -->","yoast_head_json":{"title":"Fastned installe son 1500\u1d49 chargeur rapide avant le d\u00e9but des vacances d'\u00e9t\u00e9 - link2fleet","description":"Fastned, la soci\u00e9t\u00e9 europ\u00e9enne de recharge rapide, compte d\u00e9sormais 1500 chargeurs sur son r\u00e9seau, pour le d\u00e9part des vacances d\u2019\u00e9t\u00e9. Le chargeur n\u00b0 1500 a\u2026","robots":{"index":"index","follow":"follow","max-snippet":"max-snippet:-1","max-image-preview":"max-image-preview:large","max-video-preview":"max-video-preview:-1"},"og_locale":"fr_FR","og_type":"article","og_title":"Fastned installe son 1500\u1d49 chargeur rapide avant le d\u00e9but des vacances d'\u00e9t\u00e9 - link2fleet","og_description":"Fastned, la soci\u00e9t\u00e9 europ\u00e9enne de recharge rapide, compte d\u00e9sormais 1500 chargeurs sur son r\u00e9seau, pour le d\u00e9part des vacances d\u2019\u00e9t\u00e9. Le chargeur n\u00b0 1500 a\u2026","og_url":"https:\/\/www.link2fleet.com\/fr\/fastned-installe-son-1500\u1d49-chargeur-rapide-avant-le-debut-des-vacances-dete\/","og_site_name":"link2fleet","article_published_time":"2023-07-10T07:06:31+00:00","og_image":[{"width":2048,"height":1536,"url":"https:\/\/static.link2fleet.com\/wp-content\/uploads\/2024\/03\/fastned-trakteert-met-wafels-en-koffie-in-kontich-3.jpg","type":"image\/jpeg"}],"author":"Damien Malvetti","twitter_card":"summary_large_image","twitter_description":"Fastned, la soci\u00e9t\u00e9 europ\u00e9enne de recharge rapide, compte d\u00e9sormais 1500 chargeurs sur son r\u00e9seau, pour le d\u00e9part des vacances d\u2019\u00e9t\u00e9. Le chargeur n\u00b0 1500 a\u2026","twitter_misc":{"\u00c9crit par":"Damien Malvetti","Dur\u00e9e de lecture estim\u00e9e":"1 minute"},"schema":{"@context":"https:\/\/schema.org","@graph":[{"@type":"Article","@id":"https:\/\/www.link2fleet.com\/fr\/fastned-installe-son-1500%e1%b5%89-chargeur-rapide-avant-le-debut-des-vacances-dete\/#article","isPartOf":{"@id":"https:\/\/www.link2fleet.com\/fr\/fastned-installe-son-1500%e1%b5%89-chargeur-rapide-avant-le-debut-des-vacances-dete\/"},"author":{"name":"Damien Malvetti","@id":"https:\/\/www.link2fleet.com\/fr\/#\/schema\/person\/027cd46113c78036b3809c9a054049da"},"headline":"Fastned installe son 1500\u1d49 chargeur rapide avant le d\u00e9but des vacances d&rsquo;\u00e9t\u00e9","datePublished":"2023-07-10T07:06:31+00:00","mainEntityOfPage":{"@id":"https:\/\/www.link2fleet.com\/fr\/fastned-installe-son-1500%e1%b5%89-chargeur-rapide-avant-le-debut-des-vacances-dete\/"},"wordCount":301,"publisher":{"@id":"https:\/\/www.link2fleet.com\/fr\/#organization"},"image":{"@id":"https:\/\/www.link2fleet.com\/fr\/fastned-installe-son-1500%e1%b5%89-chargeur-rapide-avant-le-debut-des-vacances-dete\/#primaryimage"},"thumbnailUrl":"https:\/\/static.link2fleet.com\/wp-content\/uploads\/2024\/03\/fastned-trakteert-met-wafels-en-koffie-in-kontich-3.jpg","articleSection":["Gestion carburant et de l'\u00e9nergie","Gestion de flotte"],"inLanguage":"fr-FR"},{"@type":"WebPage","@id":"https:\/\/www.link2fleet.com\/fr\/fastned-installe-son-1500%e1%b5%89-chargeur-rapide-avant-le-debut-des-vacances-dete\/","url":"https:\/\/www.link2fleet.com\/fr\/fastned-installe-son-1500%e1%b5%89-chargeur-rapide-avant-le-debut-des-vacances-dete\/","name":"Fastned installe son 1500\u1d49 chargeur rapide avant le d\u00e9but des vacances d'\u00e9t\u00e9 - link2fleet","isPartOf":{"@id":"https:\/\/www.link2fleet.com\/fr\/#website"},"primaryImageOfPage":{"@id":"https:\/\/www.link2fleet.com\/fr\/fastned-installe-son-1500%e1%b5%89-chargeur-rapide-avant-le-debut-des-vacances-dete\/#primaryimage"},"image":{"@id":"https:\/\/www.link2fleet.com\/fr\/fastned-installe-son-1500%e1%b5%89-chargeur-rapide-avant-le-debut-des-vacances-dete\/#primaryimage"},"thumbnailUrl":"https:\/\/static.link2fleet.com\/wp-content\/uploads\/2024\/03\/fastned-trakteert-met-wafels-en-koffie-in-kontich-3.jpg","datePublished":"2023-07-10T07:06:31+00:00","breadcrumb":{"@id":"https:\/\/www.link2fleet.com\/fr\/fastned-installe-son-1500%e1%b5%89-chargeur-rapide-avant-le-debut-des-vacances-dete\/#breadcrumb"},"inLanguage":"fr-FR","potentialAction":[{"@type":"ReadAction","target":["https:\/\/www.link2fleet.com\/fr\/fastned-installe-son-1500%e1%b5%89-chargeur-rapide-avant-le-debut-des-vacances-dete\/"]}]},{"@type":"ImageObject","inLanguage":"fr-FR","@id":"https:\/\/www.link2fleet.com\/fr\/fastned-installe-son-1500%e1%b5%89-chargeur-rapide-avant-le-debut-des-vacances-dete\/#primaryimage","url":"https:\/\/static.link2fleet.com\/wp-content\/uploads\/2024\/03\/fastned-trakteert-met-wafels-en-koffie-in-kontich-3.jpg","contentUrl":"https:\/\/static.link2fleet.com\/wp-content\/uploads\/2024\/03\/fastned-trakteert-met-wafels-en-koffie-in-kontich-3.jpg","width":2048,"height":1536,"caption":"|"},{"@type":"BreadcrumbList","@id":"https:\/\/www.link2fleet.com\/fr\/fastned-installe-son-1500%e1%b5%89-chargeur-rapide-avant-le-debut-des-vacances-dete\/#breadcrumb","itemListElement":[{"@type":"ListItem","position":1,"name":"Home","item":"https:\/\/www.link2fleet.com\/fr\/"},{"@type":"ListItem","position":2,"name":"Fastned installe son 1500\u1d49 chargeur rapide avant le d\u00e9but des vacances d&#8217;\u00e9t\u00e9"}]},{"@type":"WebSite","@id":"https:\/\/www.link2fleet.com\/fr\/#website","url":"https:\/\/www.link2fleet.com\/fr\/","name":"Link2fleet","description":"","publisher":{"@id":"https:\/\/www.link2fleet.com\/fr\/#organization"},"potentialAction":[{"@type":"SearchAction","target":{"@type":"EntryPoint","urlTemplate":"https:\/\/www.link2fleet.com\/fr\/?s={search_term_string}"},"query-input":{"@type":"PropertyValueSpecification","valueRequired":true,"valueName":"search_term_string"}}],"inLanguage":"fr-FR"},{"@type":"Organization","@id":"https:\/\/www.link2fleet.com\/fr\/#organization","name":"Link2fleet","url":"https:\/\/www.link2fleet.com\/fr\/","logo":{"@type":"ImageObject","inLanguage":"fr-FR","@id":"https:\/\/www.link2fleet.com\/fr\/#\/schema\/logo\/image\/","url":"https:\/\/static.link2fleet.com\/wp-content\/uploads\/2024\/03\/share-image.jpg","contentUrl":"https:\/\/static.link2fleet.com\/wp-content\/uploads\/2024\/03\/share-image.jpg","width":1200,"height":630,"caption":"Link2fleet"},"image":{"@id":"https:\/\/www.link2fleet.com\/fr\/#\/schema\/logo\/image\/"},"sameAs":["https:\/\/www.linkedin.com\/company\/link2fleet-belgium","https:\/\/www.youtube.com\/user\/MMMBMBE"]},{"@type":"Person","@id":"https:\/\/www.link2fleet.com\/fr\/#\/schema\/person\/027cd46113c78036b3809c9a054049da","name":"Damien Malvetti","image":{"@type":"ImageObject","inLanguage":"fr-FR","@id":"https:\/\/secure.gravatar.com\/avatar\/dd8cc03b49466c735f753ac37f8caa371af16dfed347456ed61f02883255eebb?s=96&d=mm&r=g","url":"https:\/\/secure.gravatar.com\/avatar\/dd8cc03b49466c735f753ac37f8caa371af16dfed347456ed61f02883255eebb?s=96&d=mm&r=g","contentUrl":"https:\/\/secure.gravatar.com\/avatar\/dd8cc03b49466c735f753ac37f8caa371af16dfed347456ed61f02883255eebb?s=96&d=mm&r=g","caption":"Damien Malvetti"},"description":"Damien Malvetti is opgeleid als journalist en gepassioneerd door wagens, technologie en mobiliteit. Hij is verantwoordelijk voor de redactionele inhoud van link2fleet en beschikt over een uitgebreide kennis van de fleet-sector en elektrische mobiliteit.","sameAs":["https:\/\/www.linkedin.com\/in\/damien-malvetti-56601142\/"]}]}},"_links":{"self":[{"href":"https:\/\/www.link2fleet.com\/fr\/wp-json\/wp\/v2\/posts\/10153","targetHints":{"allow":["GET"]}}],"collection":[{"href":"https:\/\/www.link2fleet.com\/fr\/wp-json\/wp\/v2\/posts"}],"about":[{"href":"https:\/\/www.link2fleet.com\/fr\/wp-json\/wp\/v2\/types\/post"}],"author":[{"embeddable":true,"href":"https:\/\/www.link2fleet.com\/fr\/wp-json\/wp\/v2\/users\/4"}],"replies":[{"embeddable":true,"href":"https:\/\/www.link2fleet.com\/fr\/wp-json\/wp\/v2\/comments?post=10153"}],"version-history":[{"count":0,"href":"https:\/\/www.link2fleet.com\/fr\/wp-json\/wp\/v2\/posts\/10153\/revisions"}],"wp:featuredmedia":[{"embeddable":true,"href":"https:\/\/www.link2fleet.com\/fr\/wp-json\/wp\/v2\/media\/8821"}],"wp:attachment":[{"href":"https:\/\/www.link2fleet.com\/fr\/wp-json\/wp\/v2\/media?parent=10153"}],"wp:term":[{"taxonomy":"category","embeddable":true,"href":"https:\/\/www.link2fleet.com\/fr\/wp-json\/wp\/v2\/categories?post=10153"},{"taxonomy":"post_tag","embeddable":true,"href":"https:\/\/www.link2fleet.com\/fr\/wp-json\/wp\/v2\/tags?post=10153"}],"curies":[{"name":"wp","href":"https:\/\/api.w.org\/{rel}","templated":true}]}}