{"id":10158,"date":"2023-07-10T12:54:44","date_gmt":"2023-07-10T10:54:44","guid":{"rendered":"https:\/\/www.link2fleet.com\/enquete-shell-recharge-le-nombre-croissant-dusagers-dev-augmente-la-confiance-dans-lautonomie\/"},"modified":"2023-07-10T12:54:44","modified_gmt":"2023-07-10T10:54:44","slug":"enquete-shell-recharge-le-nombre-croissant-dusagers-dev-augmente-la-confiance-dans-lautonomie","status":"publish","type":"post","link":"https:\/\/www.link2fleet.com\/fr\/enquete-shell-recharge-le-nombre-croissant-dusagers-dev-augmente-la-confiance-dans-lautonomie\/","title":{"rendered":"Enqu\u00eate Shell Recharge: le nombre croissant d&rsquo;usagers d&rsquo;EV augmente la confiance dans l&rsquo;autonomie"},"content":{"rendered":"<p>L&rsquo;enqu\u00eate Shell Recharge EV Driver Survey 2023* est l&rsquo;une des plus grandes enqu\u00eates annuelles sur les attitudes et les comportements des conducteurs de VE, qui en est \u00e0 sa quatri\u00e8me ann\u00e9e. Pour le dernier rapport, pas moins de 25 000 conducteurs de VE ont \u00e9t\u00e9 interrog\u00e9s sur plusieurs march\u00e9s d&rsquo;Europe occidentale : Pays-Bas, Belgique, France, Allemagne, Royaume-Uni et, pour la premi\u00e8re fois cette ann\u00e9e, Italie.<\/p>\n<p>&nbsp;<\/p>\n<p>L&rsquo;enqu\u00eate r\u00e9v\u00e8le que plus de deux personnes interrog\u00e9es sur cinq (42 %) ont achet\u00e9 un VE au cours de l&rsquo;ann\u00e9e \u00e9coul\u00e9e et plus des deux tiers (67 %) au cours des deux derni\u00e8res ann\u00e9es. Cette croissance concerne particuli\u00e8rement l&rsquo;achat de VE neufs, puisque 87 % des conducteurs de VE d\u00e9clarent avoir achet\u00e9 leur v\u00e9hicule \u00e0 l&rsquo;\u00e9tat neuf (le chiffre \u00e9quivalent pour l&rsquo;ensemble des v\u00e9hicules en Europe n&rsquo;est que de 27 %).<a title=\"#_ftn1\" href=\"file:\/\/\/Applications\/Microsoft%20Outlook.app\/Contents\/Frameworks\/EmailRendererKit.framework\/Resources\/reactRenderer_mac.html#_ftn1\" name=\"_ftnref1\">[2]<\/a><\/p>\n<p>&nbsp;<\/p>\n<p>Les donn\u00e9es montrent que, entre autres, l&rsquo;exp\u00e9rience de la conduite \u00e9lectrique, les avanc\u00e9es technologiques et la croissance de l&rsquo;infrastructure de recharge ont un impact positif sur l&rsquo;attitude des conducteurs de VE :<\/p>\n<ul>\n<li>Seuls 14 % des conducteurs de VE disent encore s&rsquo;abstenir de faire des trajets plus longs ;<\/li>\n<li>Le nombre de conducteurs de VE se rendant dans d&rsquo;autres pays europ\u00e9ens et ayant une bonne exp\u00e9rience de la recharge a augment\u00e9 de 5 % par rapport \u00e0 l&rsquo;ann\u00e9e derni\u00e8re, tandis que l&rsquo;incertitude de conduire \u00e0 l&rsquo;\u00e9tranger en raison d&rsquo;\u00e9ventuels probl\u00e8mes de recharge et la crainte d&rsquo;une autonomie limit\u00e9e ont diminu\u00e9 respectivement de 7 % et de 5 % par rapport \u00e0 l&rsquo;ann\u00e9e derni\u00e8re ;<\/li>\n<li>Les conducteurs de VE se sentent de plus en plus confiants en ce qui concerne la recharge de leur v\u00e9hicule, 47 % des personnes interrog\u00e9es d\u00e9clarant qu&rsquo;elles n&rsquo;ont pas besoin de recharger quotidiennement.<\/li>\n<\/ul>\n<p><strong>Florian Glattes, Vice President, E-Mobility Solutions chez\u00a0<span class=\"outlook-search-highlight\" data-markjs=\"true\">Shell<\/span>, expose:<\/strong><em> \u00ab\u00a0La courbe de croissance de l&rsquo;adoption des VE ressort clairement des donn\u00e9es de l&rsquo;enqu\u00eate et il est encourageant de constater que de nombreux conducteurs de VE interrog\u00e9s ont une exp\u00e9rience plus positive de la conduite \u00e9lectrique. Si nous voulons continuer \u00e0 acc\u00e9l\u00e9rer la transition vers les VE, l&rsquo;industrie doit continuellement \u00eatre \u00e0 l&rsquo;\u00e9coute des exp\u00e9riences et des besoins des conducteurs, apprendre d&rsquo;eux et travailler ensemble pour relever les d\u00e9fis et am\u00e9liorer encore l&rsquo;exp\u00e9rience des clients.\u00a0\u00bb<\/em><\/p>\n<p>&nbsp;<\/p>\n<p><b>Les besoins des conducteurs d&rsquo;EV deviennent clairs<\/b><\/p>\n<p>L&rsquo;un des besoins des conducteurs de VE est un m\u00e9lange moins complexe d&rsquo;applis et de cartes. Pr\u00e8s d&rsquo;un quart (23 %) des conducteurs utilisent au moins quatre apps pour g\u00e9rer et utiliser au mieux leur VE. Il en va de m\u00eame pour le nombre de cartes de recharge que les conducteurs de VE poss\u00e8dent pour acc\u00e9der aux infrastructures de recharge publiques &#8211; ce nombre est actuellement de quatre ou plus. La demande pour une exp\u00e9rience plus rationalis\u00e9e et plus pratique est donc \u00e9lev\u00e9e. Pr\u00e8s de la moiti\u00e9 des personnes interrog\u00e9es (47 %) d\u00e9clarent qu&rsquo;elles pr\u00e9f\u00e9reraient une m\u00e9thode unique pour acc\u00e9der \u00e0 toutes les bornes de recharge publiques, m\u00eame si cela implique de payer plus cher par charge.<\/p>\n<p>&nbsp;<\/p>\n<p>L&rsquo;\u00e9tude montre \u00e9galement un lien \u00e9vident entre la possession d&rsquo;un VE et l&rsquo;engagement en faveur d&rsquo;un mode de vie plus durable. Les conducteurs de VE sont pr\u00eats \u00e0 faire des ajustements \u00e9nerg\u00e9tiques pour maximiser les avantages de leur v\u00e9hicule. Par exemple, pr\u00e8s de la moiti\u00e9 (47 %) disent investir dans l&rsquo;\u00e9nergie solaire \u00e0 la maison, tandis que 36 % ont un thermostat intelligent.<\/p>\n<p>&nbsp;<\/p>\n<p>Dans le m\u00eame ordre d&rsquo;id\u00e9es, deux tiers des personnes interrog\u00e9es (66 %) ont d\u00e9clar\u00e9 que leur fournisseur de points de charge devrait proposer un tarif d&rsquo;\u00e9nergie sp\u00e9cifique aux VE pour motiver leur mode de vie plus durable ; tandis que 48 % souhaitent que des services de charge intelligente fassent partie de l&rsquo;achat de leur point de charge et qu&rsquo;un tiers (33 %) souhaite que des dispositifs tels que des panneaux solaires et des batteries domestiques soient inclus.<\/p>\n<p>&nbsp;<\/p>\n<p><strong>Florian Glattes, poursuit:<\/strong> <em>\u00ab\u00a0\u00c0 mesure que le nombre de conducteurs de VE augmente, il devient de plus en plus clair ce que les conducteurs veulent et ce dont ils ont besoin pour avoir une bonne exp\u00e9rience \u00e9lectrique : la vitesse, la fiabilit\u00e9, la commodit\u00e9 et l&rsquo;exp\u00e9rience. Nous sommes tr\u00e8s fiers de travailler ensemble pour am\u00e9liorer ces quatre domaines cl\u00e9s avec des partenaires de premier plan \u00e0 travers les industries, y compris les constructeurs automobiles et les destinations immobili\u00e8res. Pour ce faire, nous proposons des solutions innovantes.\u00a0\u00bb<\/em><\/p>\n<p>&nbsp;<\/p>\n<p><strong>John Murray, Head of EV&rsquo;s chez LCP Delta, ajoute: <\/strong><em>\u00ab\u00a0Les donn\u00e9es de l&rsquo;enqu\u00eate montrent que les conducteurs de VE ont tendance \u00e0 \u00eatre des consommateurs d&rsquo;\u00e9nergie tr\u00e8s engag\u00e9s qui sont enthousiastes quant au r\u00f4le qu&rsquo;ils peuvent jouer dans la gestion de la demande \u00e9nerg\u00e9tique future. Fait int\u00e9ressant, les r\u00e9sultats de l&rsquo;enqu\u00eate indiquent que les conducteurs de VE sont pr\u00eats \u00e0 appliquer une charge intelligente et judicieuse pour soutenir l&rsquo;\u00e9quilibrage du r\u00e9seau et maximiser l&rsquo;utilisation des \u00e9nergies renouvelables. En collaboration avec Shell, nous avons recueilli une multitude de donn\u00e9es qui donnent un aper\u00e7u nuanc\u00e9 du comportement des conducteurs de VE en mati\u00e8re de recharge dans toute l&rsquo;Europe. Nous esp\u00e9rons que cela aidera les entreprises et les autres parties prenantes \u00e0 s&rsquo;adapter \u00e0 un monde \u00e9lectrique \u00e9mergent en cr\u00e9ant des solutions plus personnalis\u00e9es qui r\u00e9pondent aux besoins changeants des conducteurs de VE.\u00a0\u00bb<\/em><\/p>\n<p>&nbsp;<\/p>\n<p><strong>Une chance pour les partenaires de\u00a0parttimer \u00e0\u00a0l&rsquo;\u00e9cosyst\u00e8me<br \/>\n<\/strong>Le rapport d\u00e9crit plusieurs possibilit\u00e9s pour les d\u00e9taillants, les lieux de divertissement et les lieux de travail de s&rsquo;impliquer dans l&rsquo;\u00e9cosyst\u00e8me de la recharge en proposant une recharge \u00e0 destination. Pr\u00e8s de la moiti\u00e9 (44 %) des conducteurs de VE d\u00e9clarant ne pas installer de borne de recharge \u00e0 leur domicile, les destinations et les lieux de travail jouent un r\u00f4le important aujourd&rsquo;hui et \u00e0 l&rsquo;avenir pour soutenir la demande croissante d&rsquo;installations de recharge et am\u00e9liorer l&rsquo;exp\u00e9rience des clients.<\/p>\n<p>&nbsp;<\/p>\n<p>Pour les commer\u00e7ants, proposer des bornes de recharge peut constituer de nouvelles sources de revenus. Non seulement en attirant de nouveaux clients, mais aussi en prolongeant la dur\u00e9e de leur s\u00e9jour sur place gr\u00e2ce au temps de charge n\u00e9cessaire. En effet, pr\u00e8s de la moiti\u00e9 (49 %) des conducteurs de VE d\u00e9clarent choisir leur lieu d&rsquo;achat et de d\u00e9placement en fonction de la disponibilit\u00e9 des bornes de recharge, et 57 % affirment qu&rsquo;ils se rendraient plus souvent \u00e0 certaines destinations s&rsquo;il y avait des bornes de recharge.<\/p>\n<p>&nbsp;<\/p>\n<p><strong>Changement de comportement du conducteur n\u00e9erlandais de VE<\/strong><br \/>\nLes 6715 conducteurs de VE n\u00e9erlandais interrog\u00e9s montrent une nette croissance des comportements de charge plus d\u00e9tendus ; 48 % d\u00e9clarent ne plus avoir besoin de charger tous les jours, contre 16 % en 2022. Leur comportement au volant a \u00e9galement chang\u00e9 depuis l&rsquo;achat de leur VE, selon 96 % des conducteurs de VE n\u00e9erlandais ; 61 % planifient les trajets avec plus de soin, 54 % ne se rendent presque jamais dans les stations-service et 52 % conduisent de la mani\u00e8re la plus efficace possible. Parall\u00e8lement, le besoin d&rsquo;un r\u00e9seau de recharge plus \u00e9tendu se fait de plus en plus sentir. Cette ann\u00e9e, les N\u00e9erlandais placent en deuxi\u00e8me position l&rsquo;am\u00e9lioration de la disponibilit\u00e9 des bornes de recharge publiques comme incitation \u00e0 un passage massif aux VE. L&rsquo;ann\u00e9e derni\u00e8re, ce facteur occupait la cinqui\u00e8me place.<\/p>\n<p>&nbsp;<\/p>\n<p>&nbsp;<\/p>\n<blockquote><p><a href=\"https:\/\/manage.pressmailings.com\/click\/?id=56730034&amp;url=503466&amp;signature=X1nUaKCnaIfBsGbzd2leQAtI0-k\">T\u00e9l\u00e9chargez l&rsquo;enqu\u00eate Shell Recharge EV Driver Survey 2023 ici<\/a> pour en savoir plus sur les tendances, les d\u00e9fis et les opportunit\u00e9s de la transition vers le transport \u00e9lectrique.<\/p><\/blockquote>\n<p>&nbsp;<\/p>\n<p>&nbsp;<\/p>\n<h5><a title=\"#_ftnref1\" href=\"file:\/\/\/Applications\/Microsoft%20Outlook.app\/Contents\/Frameworks\/EmailRendererKit.framework\/Resources\/reactRenderer_mac.html#_ftnref1\" name=\"_ftn1\">[1]<\/a> One in every seven passenger cars bought globally in 2022 was an EV, according to a recent\u00a0report by the International Energy Agency\u00a0(IEA)<\/h5>\n<h5><a title=\"#_ftnref1\" href=\"file:\/\/\/Applications\/Microsoft%20Outlook.app\/Contents\/Frameworks\/EmailRendererKit.framework\/Resources\/reactRenderer_mac.html#_ftnref1\" name=\"_ftn1\">[2]<\/a> <a title=\"https:\/\/manage.pressmailings.com\/click\/?id=56730034&amp;url=503467&amp;signature=dB5jOTVCUaiMRbv7Cgb1J_iXymA\" href=\"https:\/\/manage.pressmailings.com\/click\/?id=56730034&amp;url=503467&amp;signature=dB5jOTVCUaiMRbv7Cgb1J_iXymA\">Bain, The Outlook for the European Used Car Market, 2023<\/a><\/h5>\n","protected":false},"excerpt":{"rendered":"<p>L&rsquo;enqu\u00eate Shell Recharge EV Driver Survey 2023* est l&rsquo;une des plus grandes enqu\u00eates annuelles sur les attitudes et les comportements des conducteurs de VE, qui en est \u00e0 sa quatri\u00e8me ann\u00e9e. Pour le dernier rapport, pas moins de 25 000 conducteurs de VE ont \u00e9t\u00e9 interrog\u00e9s sur plusieurs march\u00e9s d&rsquo;Europe occidentale : Pays-Bas, Belgique, France, [&hellip;]<\/p>\n","protected":false},"author":4,"featured_media":6543,"comment_status":"closed","ping_status":"closed","sticky":false,"template":"","format":"standard","meta":{"_acf_changed":false,"footnotes":""},"categories":[81,91],"tags":[],"class_list":["post-10158","post","type-post","status-publish","format-standard","has-post-thumbnail","hentry","category-gestion-de-carburant-et-energie","category-expertise-et-management"],"acf":[],"yoast_head":"<!-- This site is optimized with the Yoast SEO plugin v27.3 - https:\/\/yoast.com\/product\/yoast-seo-wordpress\/ -->\n<title>Enqu\u00eate Shell Recharge: le nombre croissant d&#039;usagers d&#039;EV augmente la confiance dans l&#039;autonomie - link2fleet<\/title>\n<meta name=\"description\" content=\"Une nouvelle \u00e9tude de Shell Recharge, men\u00e9e en collaboration avec LCP Delta, montre que l&rsquo;utilisation des EV est en forte hausse sur plusieurs march\u00e9s europ\u00e9ens\u2026\" \/>\n<meta name=\"robots\" content=\"index, follow, max-snippet:-1, max-image-preview:large, max-video-preview:-1\" \/>\n<meta property=\"og:locale\" content=\"fr_FR\" \/>\n<meta property=\"og:type\" content=\"article\" \/>\n<meta property=\"og:title\" content=\"Enqu\u00eate Shell Recharge: le nombre croissant d&#039;usagers d&#039;EV augmente la confiance dans l&#039;autonomie - link2fleet\" \/>\n<meta property=\"og:description\" content=\"Une nouvelle \u00e9tude de Shell Recharge, men\u00e9e en collaboration avec LCP Delta, montre que l&rsquo;utilisation des EV est en forte hausse sur plusieurs march\u00e9s europ\u00e9ens\u2026\" \/>\n<meta property=\"og:url\" content=\"https:\/\/www.link2fleet.com\/fr\/enquete-shell-recharge-le-nombre-croissant-dusagers-dev-augmente-la-confiance-dans-lautonomie\/\" \/>\n<meta property=\"og:site_name\" content=\"link2fleet\" \/>\n<meta property=\"article:published_time\" content=\"2023-07-10T10:54:44+00:00\" \/>\n<meta property=\"og:image\" content=\"https:\/\/static.link2fleet.com\/wp-content\/uploads\/2024\/03\/shell-publi-5.jpg\" \/>\n\t<meta property=\"og:image:width\" content=\"2500\" \/>\n\t<meta property=\"og:image:height\" content=\"1406\" \/>\n\t<meta property=\"og:image:type\" content=\"image\/jpeg\" \/>\n<meta name=\"author\" content=\"Damien Malvetti\" \/>\n<meta name=\"twitter:card\" content=\"summary_large_image\" \/>\n<meta name=\"twitter:description\" content=\"Une nouvelle \u00e9tude de Shell Recharge, men\u00e9e en collaboration avec LCP Delta, montre que l&rsquo;utilisation des EV est en forte hausse sur plusieurs march\u00e9s europ\u00e9ens\u2026\" \/>\n<meta name=\"twitter:label1\" content=\"\u00c9crit par\" \/>\n\t<meta name=\"twitter:data1\" content=\"Damien Malvetti\" \/>\n\t<meta name=\"twitter:label2\" content=\"Dur\u00e9e de lecture estim\u00e9e\" \/>\n\t<meta name=\"twitter:data2\" content=\"7 minutes\" \/>\n<script type=\"application\/ld+json\" class=\"yoast-schema-graph\">{\"@context\":\"https:\\\/\\\/schema.org\",\"@graph\":[{\"@type\":\"Article\",\"@id\":\"https:\\\/\\\/www.link2fleet.com\\\/fr\\\/enquete-shell-recharge-le-nombre-croissant-dusagers-dev-augmente-la-confiance-dans-lautonomie\\\/#article\",\"isPartOf\":{\"@id\":\"https:\\\/\\\/www.link2fleet.com\\\/fr\\\/enquete-shell-recharge-le-nombre-croissant-dusagers-dev-augmente-la-confiance-dans-lautonomie\\\/\"},\"author\":{\"name\":\"Damien Malvetti\",\"@id\":\"https:\\\/\\\/www.link2fleet.com\\\/fr\\\/#\\\/schema\\\/person\\\/027cd46113c78036b3809c9a054049da\"},\"headline\":\"Enqu\u00eate Shell Recharge: le nombre croissant d&rsquo;usagers d&rsquo;EV augmente la confiance dans l&rsquo;autonomie\",\"datePublished\":\"2023-07-10T10:54:44+00:00\",\"mainEntityOfPage\":{\"@id\":\"https:\\\/\\\/www.link2fleet.com\\\/fr\\\/enquete-shell-recharge-le-nombre-croissant-dusagers-dev-augmente-la-confiance-dans-lautonomie\\\/\"},\"wordCount\":1381,\"publisher\":{\"@id\":\"https:\\\/\\\/www.link2fleet.com\\\/fr\\\/#organization\"},\"image\":{\"@id\":\"https:\\\/\\\/www.link2fleet.com\\\/fr\\\/enquete-shell-recharge-le-nombre-croissant-dusagers-dev-augmente-la-confiance-dans-lautonomie\\\/#primaryimage\"},\"thumbnailUrl\":\"https:\\\/\\\/static.link2fleet.com\\\/wp-content\\\/uploads\\\/2024\\\/03\\\/shell-publi-5.jpg\",\"articleSection\":[\"Gestion carburant et de l'\u00e9nergie\",\"Gestion de flotte\"],\"inLanguage\":\"fr-FR\"},{\"@type\":\"WebPage\",\"@id\":\"https:\\\/\\\/www.link2fleet.com\\\/fr\\\/enquete-shell-recharge-le-nombre-croissant-dusagers-dev-augmente-la-confiance-dans-lautonomie\\\/\",\"url\":\"https:\\\/\\\/www.link2fleet.com\\\/fr\\\/enquete-shell-recharge-le-nombre-croissant-dusagers-dev-augmente-la-confiance-dans-lautonomie\\\/\",\"name\":\"Enqu\u00eate Shell Recharge: le nombre croissant d'usagers d'EV augmente la confiance dans l'autonomie - link2fleet\",\"isPartOf\":{\"@id\":\"https:\\\/\\\/www.link2fleet.com\\\/fr\\\/#website\"},\"primaryImageOfPage\":{\"@id\":\"https:\\\/\\\/www.link2fleet.com\\\/fr\\\/enquete-shell-recharge-le-nombre-croissant-dusagers-dev-augmente-la-confiance-dans-lautonomie\\\/#primaryimage\"},\"image\":{\"@id\":\"https:\\\/\\\/www.link2fleet.com\\\/fr\\\/enquete-shell-recharge-le-nombre-croissant-dusagers-dev-augmente-la-confiance-dans-lautonomie\\\/#primaryimage\"},\"thumbnailUrl\":\"https:\\\/\\\/static.link2fleet.com\\\/wp-content\\\/uploads\\\/2024\\\/03\\\/shell-publi-5.jpg\",\"datePublished\":\"2023-07-10T10:54:44+00:00\",\"breadcrumb\":{\"@id\":\"https:\\\/\\\/www.link2fleet.com\\\/fr\\\/enquete-shell-recharge-le-nombre-croissant-dusagers-dev-augmente-la-confiance-dans-lautonomie\\\/#breadcrumb\"},\"inLanguage\":\"fr-FR\",\"potentialAction\":[{\"@type\":\"ReadAction\",\"target\":[\"https:\\\/\\\/www.link2fleet.com\\\/fr\\\/enquete-shell-recharge-le-nombre-croissant-dusagers-dev-augmente-la-confiance-dans-lautonomie\\\/\"]}]},{\"@type\":\"ImageObject\",\"inLanguage\":\"fr-FR\",\"@id\":\"https:\\\/\\\/www.link2fleet.com\\\/fr\\\/enquete-shell-recharge-le-nombre-croissant-dusagers-dev-augmente-la-confiance-dans-lautonomie\\\/#primaryimage\",\"url\":\"https:\\\/\\\/static.link2fleet.com\\\/wp-content\\\/uploads\\\/2024\\\/03\\\/shell-publi-5.jpg\",\"contentUrl\":\"https:\\\/\\\/static.link2fleet.com\\\/wp-content\\\/uploads\\\/2024\\\/03\\\/shell-publi-5.jpg\",\"width\":2500,\"height\":1406,\"caption\":\"||||\"},{\"@type\":\"BreadcrumbList\",\"@id\":\"https:\\\/\\\/www.link2fleet.com\\\/fr\\\/enquete-shell-recharge-le-nombre-croissant-dusagers-dev-augmente-la-confiance-dans-lautonomie\\\/#breadcrumb\",\"itemListElement\":[{\"@type\":\"ListItem\",\"position\":1,\"name\":\"Home\",\"item\":\"https:\\\/\\\/www.link2fleet.com\\\/fr\\\/\"},{\"@type\":\"ListItem\",\"position\":2,\"name\":\"Enqu\u00eate Shell Recharge: le nombre croissant d&#8217;usagers d&#8217;EV augmente la confiance dans l&#8217;autonomie\"}]},{\"@type\":\"WebSite\",\"@id\":\"https:\\\/\\\/www.link2fleet.com\\\/fr\\\/#website\",\"url\":\"https:\\\/\\\/www.link2fleet.com\\\/fr\\\/\",\"name\":\"Link2fleet\",\"description\":\"\",\"publisher\":{\"@id\":\"https:\\\/\\\/www.link2fleet.com\\\/fr\\\/#organization\"},\"potentialAction\":[{\"@type\":\"SearchAction\",\"target\":{\"@type\":\"EntryPoint\",\"urlTemplate\":\"https:\\\/\\\/www.link2fleet.com\\\/fr\\\/?s={search_term_string}\"},\"query-input\":{\"@type\":\"PropertyValueSpecification\",\"valueRequired\":true,\"valueName\":\"search_term_string\"}}],\"inLanguage\":\"fr-FR\"},{\"@type\":\"Organization\",\"@id\":\"https:\\\/\\\/www.link2fleet.com\\\/fr\\\/#organization\",\"name\":\"Link2fleet\",\"url\":\"https:\\\/\\\/www.link2fleet.com\\\/fr\\\/\",\"logo\":{\"@type\":\"ImageObject\",\"inLanguage\":\"fr-FR\",\"@id\":\"https:\\\/\\\/www.link2fleet.com\\\/fr\\\/#\\\/schema\\\/logo\\\/image\\\/\",\"url\":\"https:\\\/\\\/static.link2fleet.com\\\/wp-content\\\/uploads\\\/2024\\\/03\\\/share-image.jpg\",\"contentUrl\":\"https:\\\/\\\/static.link2fleet.com\\\/wp-content\\\/uploads\\\/2024\\\/03\\\/share-image.jpg\",\"width\":1200,\"height\":630,\"caption\":\"Link2fleet\"},\"image\":{\"@id\":\"https:\\\/\\\/www.link2fleet.com\\\/fr\\\/#\\\/schema\\\/logo\\\/image\\\/\"},\"sameAs\":[\"https:\\\/\\\/www.linkedin.com\\\/company\\\/link2fleet-belgium\",\"https:\\\/\\\/www.youtube.com\\\/user\\\/MMMBMBE\"]},{\"@type\":\"Person\",\"@id\":\"https:\\\/\\\/www.link2fleet.com\\\/fr\\\/#\\\/schema\\\/person\\\/027cd46113c78036b3809c9a054049da\",\"name\":\"Damien Malvetti\",\"image\":{\"@type\":\"ImageObject\",\"inLanguage\":\"fr-FR\",\"@id\":\"https:\\\/\\\/secure.gravatar.com\\\/avatar\\\/dd8cc03b49466c735f753ac37f8caa371af16dfed347456ed61f02883255eebb?s=96&d=mm&r=g\",\"url\":\"https:\\\/\\\/secure.gravatar.com\\\/avatar\\\/dd8cc03b49466c735f753ac37f8caa371af16dfed347456ed61f02883255eebb?s=96&d=mm&r=g\",\"contentUrl\":\"https:\\\/\\\/secure.gravatar.com\\\/avatar\\\/dd8cc03b49466c735f753ac37f8caa371af16dfed347456ed61f02883255eebb?s=96&d=mm&r=g\",\"caption\":\"Damien Malvetti\"},\"description\":\"Damien Malvetti is opgeleid als journalist en gepassioneerd door wagens, technologie en mobiliteit. Hij is verantwoordelijk voor de redactionele inhoud van link2fleet en beschikt over een uitgebreide kennis van de fleet-sector en elektrische mobiliteit.\",\"sameAs\":[\"https:\\\/\\\/www.linkedin.com\\\/in\\\/damien-malvetti-56601142\\\/\"]}]}<\/script>\n<!-- \/ Yoast SEO plugin. -->","yoast_head_json":{"title":"Enqu\u00eate Shell Recharge: le nombre croissant d'usagers d'EV augmente la confiance dans l'autonomie - link2fleet","description":"Une nouvelle \u00e9tude de Shell Recharge, men\u00e9e en collaboration avec LCP Delta, montre que l&rsquo;utilisation des EV est en forte hausse sur plusieurs march\u00e9s europ\u00e9ens\u2026","robots":{"index":"index","follow":"follow","max-snippet":"max-snippet:-1","max-image-preview":"max-image-preview:large","max-video-preview":"max-video-preview:-1"},"og_locale":"fr_FR","og_type":"article","og_title":"Enqu\u00eate Shell Recharge: le nombre croissant d'usagers d'EV augmente la confiance dans l'autonomie - link2fleet","og_description":"Une nouvelle \u00e9tude de Shell Recharge, men\u00e9e en collaboration avec LCP Delta, montre que l&rsquo;utilisation des EV est en forte hausse sur plusieurs march\u00e9s europ\u00e9ens\u2026","og_url":"https:\/\/www.link2fleet.com\/fr\/enquete-shell-recharge-le-nombre-croissant-dusagers-dev-augmente-la-confiance-dans-lautonomie\/","og_site_name":"link2fleet","article_published_time":"2023-07-10T10:54:44+00:00","og_image":[{"width":2500,"height":1406,"url":"https:\/\/static.link2fleet.com\/wp-content\/uploads\/2024\/03\/shell-publi-5.jpg","type":"image\/jpeg"}],"author":"Damien Malvetti","twitter_card":"summary_large_image","twitter_description":"Une nouvelle \u00e9tude de Shell Recharge, men\u00e9e en collaboration avec LCP Delta, montre que l&rsquo;utilisation des EV est en forte hausse sur plusieurs march\u00e9s europ\u00e9ens\u2026","twitter_misc":{"\u00c9crit par":"Damien Malvetti","Dur\u00e9e de lecture estim\u00e9e":"7 minutes"},"schema":{"@context":"https:\/\/schema.org","@graph":[{"@type":"Article","@id":"https:\/\/www.link2fleet.com\/fr\/enquete-shell-recharge-le-nombre-croissant-dusagers-dev-augmente-la-confiance-dans-lautonomie\/#article","isPartOf":{"@id":"https:\/\/www.link2fleet.com\/fr\/enquete-shell-recharge-le-nombre-croissant-dusagers-dev-augmente-la-confiance-dans-lautonomie\/"},"author":{"name":"Damien Malvetti","@id":"https:\/\/www.link2fleet.com\/fr\/#\/schema\/person\/027cd46113c78036b3809c9a054049da"},"headline":"Enqu\u00eate Shell Recharge: le nombre croissant d&rsquo;usagers d&rsquo;EV augmente la confiance dans l&rsquo;autonomie","datePublished":"2023-07-10T10:54:44+00:00","mainEntityOfPage":{"@id":"https:\/\/www.link2fleet.com\/fr\/enquete-shell-recharge-le-nombre-croissant-dusagers-dev-augmente-la-confiance-dans-lautonomie\/"},"wordCount":1381,"publisher":{"@id":"https:\/\/www.link2fleet.com\/fr\/#organization"},"image":{"@id":"https:\/\/www.link2fleet.com\/fr\/enquete-shell-recharge-le-nombre-croissant-dusagers-dev-augmente-la-confiance-dans-lautonomie\/#primaryimage"},"thumbnailUrl":"https:\/\/static.link2fleet.com\/wp-content\/uploads\/2024\/03\/shell-publi-5.jpg","articleSection":["Gestion carburant et de l'\u00e9nergie","Gestion de flotte"],"inLanguage":"fr-FR"},{"@type":"WebPage","@id":"https:\/\/www.link2fleet.com\/fr\/enquete-shell-recharge-le-nombre-croissant-dusagers-dev-augmente-la-confiance-dans-lautonomie\/","url":"https:\/\/www.link2fleet.com\/fr\/enquete-shell-recharge-le-nombre-croissant-dusagers-dev-augmente-la-confiance-dans-lautonomie\/","name":"Enqu\u00eate Shell Recharge: le nombre croissant d'usagers d'EV augmente la confiance dans l'autonomie - link2fleet","isPartOf":{"@id":"https:\/\/www.link2fleet.com\/fr\/#website"},"primaryImageOfPage":{"@id":"https:\/\/www.link2fleet.com\/fr\/enquete-shell-recharge-le-nombre-croissant-dusagers-dev-augmente-la-confiance-dans-lautonomie\/#primaryimage"},"image":{"@id":"https:\/\/www.link2fleet.com\/fr\/enquete-shell-recharge-le-nombre-croissant-dusagers-dev-augmente-la-confiance-dans-lautonomie\/#primaryimage"},"thumbnailUrl":"https:\/\/static.link2fleet.com\/wp-content\/uploads\/2024\/03\/shell-publi-5.jpg","datePublished":"2023-07-10T10:54:44+00:00","breadcrumb":{"@id":"https:\/\/www.link2fleet.com\/fr\/enquete-shell-recharge-le-nombre-croissant-dusagers-dev-augmente-la-confiance-dans-lautonomie\/#breadcrumb"},"inLanguage":"fr-FR","potentialAction":[{"@type":"ReadAction","target":["https:\/\/www.link2fleet.com\/fr\/enquete-shell-recharge-le-nombre-croissant-dusagers-dev-augmente-la-confiance-dans-lautonomie\/"]}]},{"@type":"ImageObject","inLanguage":"fr-FR","@id":"https:\/\/www.link2fleet.com\/fr\/enquete-shell-recharge-le-nombre-croissant-dusagers-dev-augmente-la-confiance-dans-lautonomie\/#primaryimage","url":"https:\/\/static.link2fleet.com\/wp-content\/uploads\/2024\/03\/shell-publi-5.jpg","contentUrl":"https:\/\/static.link2fleet.com\/wp-content\/uploads\/2024\/03\/shell-publi-5.jpg","width":2500,"height":1406,"caption":"||||"},{"@type":"BreadcrumbList","@id":"https:\/\/www.link2fleet.com\/fr\/enquete-shell-recharge-le-nombre-croissant-dusagers-dev-augmente-la-confiance-dans-lautonomie\/#breadcrumb","itemListElement":[{"@type":"ListItem","position":1,"name":"Home","item":"https:\/\/www.link2fleet.com\/fr\/"},{"@type":"ListItem","position":2,"name":"Enqu\u00eate Shell Recharge: le nombre croissant d&#8217;usagers d&#8217;EV augmente la confiance dans l&#8217;autonomie"}]},{"@type":"WebSite","@id":"https:\/\/www.link2fleet.com\/fr\/#website","url":"https:\/\/www.link2fleet.com\/fr\/","name":"Link2fleet","description":"","publisher":{"@id":"https:\/\/www.link2fleet.com\/fr\/#organization"},"potentialAction":[{"@type":"SearchAction","target":{"@type":"EntryPoint","urlTemplate":"https:\/\/www.link2fleet.com\/fr\/?s={search_term_string}"},"query-input":{"@type":"PropertyValueSpecification","valueRequired":true,"valueName":"search_term_string"}}],"inLanguage":"fr-FR"},{"@type":"Organization","@id":"https:\/\/www.link2fleet.com\/fr\/#organization","name":"Link2fleet","url":"https:\/\/www.link2fleet.com\/fr\/","logo":{"@type":"ImageObject","inLanguage":"fr-FR","@id":"https:\/\/www.link2fleet.com\/fr\/#\/schema\/logo\/image\/","url":"https:\/\/static.link2fleet.com\/wp-content\/uploads\/2024\/03\/share-image.jpg","contentUrl":"https:\/\/static.link2fleet.com\/wp-content\/uploads\/2024\/03\/share-image.jpg","width":1200,"height":630,"caption":"Link2fleet"},"image":{"@id":"https:\/\/www.link2fleet.com\/fr\/#\/schema\/logo\/image\/"},"sameAs":["https:\/\/www.linkedin.com\/company\/link2fleet-belgium","https:\/\/www.youtube.com\/user\/MMMBMBE"]},{"@type":"Person","@id":"https:\/\/www.link2fleet.com\/fr\/#\/schema\/person\/027cd46113c78036b3809c9a054049da","name":"Damien Malvetti","image":{"@type":"ImageObject","inLanguage":"fr-FR","@id":"https:\/\/secure.gravatar.com\/avatar\/dd8cc03b49466c735f753ac37f8caa371af16dfed347456ed61f02883255eebb?s=96&d=mm&r=g","url":"https:\/\/secure.gravatar.com\/avatar\/dd8cc03b49466c735f753ac37f8caa371af16dfed347456ed61f02883255eebb?s=96&d=mm&r=g","contentUrl":"https:\/\/secure.gravatar.com\/avatar\/dd8cc03b49466c735f753ac37f8caa371af16dfed347456ed61f02883255eebb?s=96&d=mm&r=g","caption":"Damien Malvetti"},"description":"Damien Malvetti is opgeleid als journalist en gepassioneerd door wagens, technologie en mobiliteit. Hij is verantwoordelijk voor de redactionele inhoud van link2fleet en beschikt over een uitgebreide kennis van de fleet-sector en elektrische mobiliteit.","sameAs":["https:\/\/www.linkedin.com\/in\/damien-malvetti-56601142\/"]}]}},"_links":{"self":[{"href":"https:\/\/www.link2fleet.com\/fr\/wp-json\/wp\/v2\/posts\/10158","targetHints":{"allow":["GET"]}}],"collection":[{"href":"https:\/\/www.link2fleet.com\/fr\/wp-json\/wp\/v2\/posts"}],"about":[{"href":"https:\/\/www.link2fleet.com\/fr\/wp-json\/wp\/v2\/types\/post"}],"author":[{"embeddable":true,"href":"https:\/\/www.link2fleet.com\/fr\/wp-json\/wp\/v2\/users\/4"}],"replies":[{"embeddable":true,"href":"https:\/\/www.link2fleet.com\/fr\/wp-json\/wp\/v2\/comments?post=10158"}],"version-history":[{"count":0,"href":"https:\/\/www.link2fleet.com\/fr\/wp-json\/wp\/v2\/posts\/10158\/revisions"}],"wp:featuredmedia":[{"embeddable":true,"href":"https:\/\/www.link2fleet.com\/fr\/wp-json\/wp\/v2\/media\/6543"}],"wp:attachment":[{"href":"https:\/\/www.link2fleet.com\/fr\/wp-json\/wp\/v2\/media?parent=10158"}],"wp:term":[{"taxonomy":"category","embeddable":true,"href":"https:\/\/www.link2fleet.com\/fr\/wp-json\/wp\/v2\/categories?post=10158"},{"taxonomy":"post_tag","embeddable":true,"href":"https:\/\/www.link2fleet.com\/fr\/wp-json\/wp\/v2\/tags?post=10158"}],"curies":[{"name":"wp","href":"https:\/\/api.w.org\/{rel}","templated":true}]}}