{"id":10159,"date":"2023-07-11T09:19:55","date_gmt":"2023-07-11T07:19:55","guid":{"rendered":"https:\/\/www.link2fleet.com\/volvo-ex30-rouler-en-electrique-pour-le-prix-dun-cross-over-essence\/"},"modified":"2023-07-11T09:19:55","modified_gmt":"2023-07-11T07:19:55","slug":"volvo-ex30-rouler-en-electrique-pour-le-prix-dun-cross-over-essence","status":"publish","type":"post","link":"https:\/\/www.link2fleet.com\/fr\/volvo-ex30-rouler-en-electrique-pour-le-prix-dun-cross-over-essence\/","title":{"rendered":"Volvo EX30: rouler en \u00e9lectrique pour le prix d&rsquo;un cross-over essence"},"content":{"rendered":"<p>De nombreux clients des flottes Volvo se sont sentis mis de c\u00f4t\u00e9 par la marque lorsque la V40, accessible et donc populaire, a \u00e9t\u00e9 retir\u00e9e de la gamme en 2019. Un choix strat\u00e9gique n\u00e9cessaire : apr\u00e8s tout, il fallait lib\u00e9rer des capacit\u00e9s de production pour le XC40 dans l&rsquo;usine de Gand. Ce crossover de taille moyenne a d\u00e9pass\u00e9 les attentes les plus folles en mati\u00e8re de ventes. Le nouveau EX30, qui n&rsquo;existe que sous forme de mod\u00e8le \u00e9lectrique, esp\u00e8re reproduire ce succ\u00e8s.<\/p>\n<figure id=\"attachment_1294719\" aria-describedby=\"caption-attachment-1294719\" style=\"width: 225px\" class=\"wp-caption alignright\"><a href=\"https:\/\/www.link2fleet.com\/wp-content\/uploads\/2023\/07\/francesco-speciale-volvo.jpg\"><img loading=\"lazy\" decoding=\"async\" class=\"size-medium wp-image-1294719\" src=\"https:\/\/www.link2fleet.com\/wp-content\/uploads\/2023\/07\/francesco-speciale-volvo-225x300.jpg\" alt=\"\" width=\"225\" height=\"300\" \/><\/a><figcaption id=\"caption-attachment-1294719\" class=\"wp-caption-text\">Francesco Speciale<\/figcaption><\/figure>\n<p style=\"font-weight: 400;\">\u00ab\u00a0L&rsquo;objectif de d\u00e9veloppement de l&rsquo;EX30, qui est plus petit d&rsquo;une taille que le XC40, \u00e9tait de proposer un crossover \u00e9lectrique au prix d&rsquo;un mod\u00e8le \u00e0 essence similaire\u00a0\u00bb, explique Francesco Speciale, que nous rencontrons lors de la pr\u00e9sentation du mod\u00e8le au Cirque d&rsquo;hiver de Gand. \u00ab\u00a0Il y a une demande claire pour ce type de voiture et, avec l&rsquo;EX30, nous voulons rendre la conduite \u00e9lectrique plus accessible. Nous visons les clients Volvo existants, mais certainement aussi les nouveaux.\u00a0\u00bb<\/p>\n<p>&nbsp;<\/p>\n<p><a href=\"https:\/\/www.link2fleet.com\/wp-content\/uploads\/2023\/07\/volvo-ex30-2.jpg\"><img loading=\"lazy\" decoding=\"async\" class=\"aligncenter size-large wp-image-1294731\" src=\"https:\/\/www.link2fleet.com\/wp-content\/uploads\/2023\/07\/volvo-ex30-2-1024x683.jpg\" alt=\"\" width=\"640\" height=\"427\" \/><\/a><\/p>\n<p>&nbsp;<\/p>\n<p style=\"font-weight: 400;\"><strong>Durable, mais aussi orient\u00e9 vers les performances<\/strong><\/p>\n<p style=\"font-weight: 400;\"><a href=\"https:\/\/www.link2fleet.com\/wp-content\/uploads\/2023\/07\/volvo-ex30-interieur.jpg\"><img loading=\"lazy\" decoding=\"async\" class=\"alignright size-medium wp-image-1294735\" src=\"https:\/\/www.link2fleet.com\/wp-content\/uploads\/2023\/07\/volvo-ex30-interieur-300x225.jpg\" alt=\"\" width=\"300\" height=\"225\" \/><\/a>\u00ab\u00a0Soit dit en passant, l&rsquo;EX30 est la Volvo la plus durable jamais construite\u00a0\u00bb, ajoute Joakim Hermansson. \u00ab\u00a0Sur un cycle de vie de 200 000 kilom\u00e8tres, elle \u00e9met moins de 30 tonnes de CO2, de sa production \u00e0 sa mise hors service. C&rsquo;est d&rsquo;ailleurs une voiture qui est propos\u00e9e dans le monde entier. Bien qu&rsquo;elle repose sur une plateforme partag\u00e9e avec d&rsquo;autres marques du groupe, nous en avons tout de m\u00eame fait une Volvo typique, du design \u00e0 la s\u00e9curit\u00e9 en passant par la maniabilit\u00e9.\u00a0\u00bb<\/p>\n<p style=\"font-weight: 400;\">En ce qui concerne ce dernier aspect, certains gestionnaires de flotte pourraient remettre en question l&rsquo;acc\u00e9l\u00e9ration presque ind\u00e9cente &#8211; m\u00eame la version d&rsquo;entr\u00e9e de gamme, avec ses 272 ch, n&rsquo;a besoin que de 5,7 secondes pour sprinter de z\u00e9ro \u00e0 100. \u00ab\u00a0C&rsquo;est le potentiel de performance que la plateforme nous offre tout simplement. Cela va aussi avec une voiture \u00e9lectrique haut de gamme. Mais je peux vous assurer que l&rsquo;EX30 se conduit de mani\u00e8re aussi s\u00fbre que les autres voitures Volvo, notamment gr\u00e2ce aux nombreux syst\u00e8mes avanc\u00e9s d&rsquo;aide \u00e0 la conduite\u00a0\u00bb, d\u00e9clare Hermansson.<\/p>\n<p><a href=\"https:\/\/www.link2fleet.com\/wp-content\/uploads\/2023\/07\/ex30_3.jpg\"><img loading=\"lazy\" decoding=\"async\" class=\"aligncenter size-large wp-image-1294725\" src=\"https:\/\/www.link2fleet.com\/wp-content\/uploads\/2023\/07\/ex30_3-1024x683.jpg\" alt=\"\" width=\"640\" height=\"427\" \/><\/a><\/p>\n<p>&nbsp;<\/p>\n<p style=\"font-weight: 400;\"><strong>Le TCO le plus faible de sa cat\u00e9gorie<\/strong><\/p>\n<figure id=\"attachment_1294721\" aria-describedby=\"caption-attachment-1294721\" style=\"width: 300px\" class=\"wp-caption alignleft\"><a href=\"https:\/\/www.link2fleet.com\/wp-content\/uploads\/2023\/07\/Joakim-Hermansson.jpeg\"><img loading=\"lazy\" decoding=\"async\" class=\"size-medium wp-image-1294721\" src=\"https:\/\/www.link2fleet.com\/wp-content\/uploads\/2023\/07\/Joakim-Hermansson-300x300.jpeg\" alt=\"\" width=\"300\" height=\"300\" \/><\/a><figcaption id=\"caption-attachment-1294721\" class=\"wp-caption-text\">Joakim Hermansson<\/figcaption><\/figure>\n<p style=\"font-weight: 400;\">La Volvo EX30 affiche un prix tout \u00e0 fait comp\u00e9titif par rapport \u00e0 ses rivales &#8211; pour autant qu&rsquo;il y en ait, car au niveau premium, seule la DS 3 joue le jeu &#8211; surtout si l&rsquo;on tient compte de l&rsquo;\u00e9quipement de s\u00e9rie. \u00ab\u00a0Nous avons tout mis en \u0153uvre pour la rendre accessible \u00e0 un large public. Les calculs de co\u00fbt total de possession et les projections de valeur r\u00e9siduelle effectu\u00e9s par des partenaires r\u00e9put\u00e9s montrent les meilleurs r\u00e9sultats de leur cat\u00e9gorie\u00a0\u00bb, clarifie Francesco Speciale.<\/p>\n<p style=\"font-weight: 400;\">Sp\u00e9cifiquement pour la Belgique, les acheteurs de l&rsquo;EX30 peuvent \u00e9galement compter sur cinq ans ou 150 000 kilom\u00e8tres d&rsquo;entretien gratuit et de remplacement des pi\u00e8ces d&rsquo;usure. Une visite chez le concessionnaire est n\u00e9cessaire tous les deux ans ou 30 000 kilom\u00e8tres. Cela devrait se r\u00e9percuter favorablement sur le budget du leasing. \u00ab\u00a0Nous avons \u00e9galement veill\u00e9 \u00e0 la simplicit\u00e9 de la gamme afin de faciliter la configuration pour les clients. Il y a trois versions de moteur et trois niveaux de finition.\u00a0\u00bb<\/p>\n<p>&nbsp;<\/p>\n<p style=\"font-weight: 400;\"><strong>Approche multicanale<\/strong><\/p>\n<p style=\"font-weight: 400;\">Alors que la marque s\u0153ur Polestar croit \u00e0 100 % en mati\u00e8re de ventes en ligne, chez Volvo, on reste attach\u00e9 aux diff\u00e9rents canaux. \u00ab\u00a0Le contact avec le concessionnaire reste important pour de nombreux clients Volvo. Dans la concession, ils sont imm\u00e9diatement plong\u00e9s dans l&rsquo;atmosph\u00e8re Volvo. Pour l&rsquo;instant, nous ne vendons pas l&rsquo;EX30 en ligne en Belgique, mais il est ind\u00e9niable que les ventes directes aux clients gagnent progressivement en importance. Bien s\u00fbr, nous veillons \u00e0 ce que l&rsquo;exp\u00e9rience du client en ligne soit \u00e9galement typique de Volvo.\u00a0\u00bb<\/p>\n<p style=\"font-weight: 400;\">La Volvo EX30 est disponible \u00e0 partir de 38 990 euros TTC. Les premi\u00e8res livraisons sont pr\u00e9vues pour le d\u00e9but de l&rsquo;ann\u00e9e 2024.<\/p>\n<p>&nbsp;<\/p>\n\n","protected":false},"excerpt":{"rendered":"<p>De nombreux clients des flottes Volvo se sont sentis mis de c\u00f4t\u00e9 par la marque lorsque la V40, accessible et donc populaire, a \u00e9t\u00e9 retir\u00e9e de la gamme en 2019. Un choix strat\u00e9gique n\u00e9cessaire : apr\u00e8s tout, il fallait lib\u00e9rer des capacit\u00e9s de production pour le XC40 dans l&rsquo;usine de Gand. Ce crossover de taille [&hellip;]<\/p>\n","protected":false},"author":4,"featured_media":10160,"comment_status":"closed","ping_status":"closed","sticky":false,"template":"","format":"standard","meta":{"_acf_changed":false,"footnotes":""},"categories":[77,76],"tags":[],"class_list":["post-10159","post","type-post","status-publish","format-standard","has-post-thumbnail","hentry","category-importateurs-et-constructeurs-automobiles-vp","category-car"],"acf":[],"yoast_head":"<!-- This site is optimized with the Yoast SEO plugin v27.3 - https:\/\/yoast.com\/product\/yoast-seo-wordpress\/ -->\n<title>Volvo EX30: rouler en \u00e9lectrique pour le prix d&#039;un cross-over essence - link2fleet<\/title>\n<meta name=\"description\" content=\"Avec l&rsquo;arriv\u00e9e de cette EX30 produite en Chine, le constructeur su\u00e9dois Volvo fait son entr\u00e9e dans un segment qui lui \u00e9tait jusqu&rsquo;\u00e0 pr\u00e9sent inconnu: celui\u2026\" \/>\n<meta name=\"robots\" content=\"index, follow, max-snippet:-1, max-image-preview:large, max-video-preview:-1\" \/>\n<meta property=\"og:locale\" content=\"fr_FR\" \/>\n<meta property=\"og:type\" content=\"article\" \/>\n<meta property=\"og:title\" content=\"Volvo EX30: rouler en \u00e9lectrique pour le prix d&#039;un cross-over essence - link2fleet\" \/>\n<meta property=\"og:description\" content=\"Avec l&rsquo;arriv\u00e9e de cette EX30 produite en Chine, le constructeur su\u00e9dois Volvo fait son entr\u00e9e dans un segment qui lui \u00e9tait jusqu&rsquo;\u00e0 pr\u00e9sent inconnu: celui\u2026\" \/>\n<meta property=\"og:url\" content=\"https:\/\/www.link2fleet.com\/fr\/volvo-ex30-rouler-en-electrique-pour-le-prix-dun-cross-over-essence\/\" \/>\n<meta property=\"og:site_name\" content=\"link2fleet\" \/>\n<meta property=\"article:published_time\" content=\"2023-07-11T07:19:55+00:00\" \/>\n<meta property=\"og:image\" content=\"https:\/\/static.link2fleet.com\/wp-content\/uploads\/2024\/03\/313309-volvo-ex30-exterior-edited-205048.jpg\" \/>\n\t<meta property=\"og:image:width\" content=\"2313\" \/>\n\t<meta property=\"og:image:height\" content=\"1540\" \/>\n\t<meta property=\"og:image:type\" content=\"image\/jpeg\" \/>\n<meta name=\"author\" content=\"Damien Malvetti\" \/>\n<meta name=\"twitter:card\" content=\"summary_large_image\" \/>\n<meta name=\"twitter:description\" content=\"Avec l&rsquo;arriv\u00e9e de cette EX30 produite en Chine, le constructeur su\u00e9dois Volvo fait son entr\u00e9e dans un segment qui lui \u00e9tait jusqu&rsquo;\u00e0 pr\u00e9sent inconnu: celui\u2026\" \/>\n<meta name=\"twitter:label1\" content=\"\u00c9crit par\" \/>\n\t<meta name=\"twitter:data1\" content=\"Damien Malvetti\" \/>\n\t<meta name=\"twitter:label2\" content=\"Dur\u00e9e de lecture estim\u00e9e\" \/>\n\t<meta name=\"twitter:data2\" content=\"4 minutes\" \/>\n<script type=\"application\/ld+json\" class=\"yoast-schema-graph\">{\"@context\":\"https:\\\/\\\/schema.org\",\"@graph\":[{\"@type\":\"Article\",\"@id\":\"https:\\\/\\\/www.link2fleet.com\\\/fr\\\/volvo-ex30-rouler-en-electrique-pour-le-prix-dun-cross-over-essence\\\/#article\",\"isPartOf\":{\"@id\":\"https:\\\/\\\/www.link2fleet.com\\\/fr\\\/volvo-ex30-rouler-en-electrique-pour-le-prix-dun-cross-over-essence\\\/\"},\"author\":{\"name\":\"Damien Malvetti\",\"@id\":\"https:\\\/\\\/www.link2fleet.com\\\/fr\\\/#\\\/schema\\\/person\\\/027cd46113c78036b3809c9a054049da\"},\"headline\":\"Volvo EX30: rouler en \u00e9lectrique pour le prix d&rsquo;un cross-over essence\",\"datePublished\":\"2023-07-11T07:19:55+00:00\",\"mainEntityOfPage\":{\"@id\":\"https:\\\/\\\/www.link2fleet.com\\\/fr\\\/volvo-ex30-rouler-en-electrique-pour-le-prix-dun-cross-over-essence\\\/\"},\"wordCount\":881,\"publisher\":{\"@id\":\"https:\\\/\\\/www.link2fleet.com\\\/fr\\\/#organization\"},\"image\":{\"@id\":\"https:\\\/\\\/www.link2fleet.com\\\/fr\\\/volvo-ex30-rouler-en-electrique-pour-le-prix-dun-cross-over-essence\\\/#primaryimage\"},\"thumbnailUrl\":\"https:\\\/\\\/static.link2fleet.com\\\/wp-content\\\/uploads\\\/2024\\\/03\\\/313309-volvo-ex30-exterior-edited-205048.jpg\",\"articleSection\":[\"Importateurs et constructeurs\",\"V\u00e9hicules\"],\"inLanguage\":\"fr-FR\"},{\"@type\":\"WebPage\",\"@id\":\"https:\\\/\\\/www.link2fleet.com\\\/fr\\\/volvo-ex30-rouler-en-electrique-pour-le-prix-dun-cross-over-essence\\\/\",\"url\":\"https:\\\/\\\/www.link2fleet.com\\\/fr\\\/volvo-ex30-rouler-en-electrique-pour-le-prix-dun-cross-over-essence\\\/\",\"name\":\"Volvo EX30: rouler en \u00e9lectrique pour le prix d'un cross-over essence - link2fleet\",\"isPartOf\":{\"@id\":\"https:\\\/\\\/www.link2fleet.com\\\/fr\\\/#website\"},\"primaryImageOfPage\":{\"@id\":\"https:\\\/\\\/www.link2fleet.com\\\/fr\\\/volvo-ex30-rouler-en-electrique-pour-le-prix-dun-cross-over-essence\\\/#primaryimage\"},\"image\":{\"@id\":\"https:\\\/\\\/www.link2fleet.com\\\/fr\\\/volvo-ex30-rouler-en-electrique-pour-le-prix-dun-cross-over-essence\\\/#primaryimage\"},\"thumbnailUrl\":\"https:\\\/\\\/static.link2fleet.com\\\/wp-content\\\/uploads\\\/2024\\\/03\\\/313309-volvo-ex30-exterior-edited-205048.jpg\",\"datePublished\":\"2023-07-11T07:19:55+00:00\",\"breadcrumb\":{\"@id\":\"https:\\\/\\\/www.link2fleet.com\\\/fr\\\/volvo-ex30-rouler-en-electrique-pour-le-prix-dun-cross-over-essence\\\/#breadcrumb\"},\"inLanguage\":\"fr-FR\",\"potentialAction\":[{\"@type\":\"ReadAction\",\"target\":[\"https:\\\/\\\/www.link2fleet.com\\\/fr\\\/volvo-ex30-rouler-en-electrique-pour-le-prix-dun-cross-over-essence\\\/\"]}]},{\"@type\":\"ImageObject\",\"inLanguage\":\"fr-FR\",\"@id\":\"https:\\\/\\\/www.link2fleet.com\\\/fr\\\/volvo-ex30-rouler-en-electrique-pour-le-prix-dun-cross-over-essence\\\/#primaryimage\",\"url\":\"https:\\\/\\\/static.link2fleet.com\\\/wp-content\\\/uploads\\\/2024\\\/03\\\/313309-volvo-ex30-exterior-edited-205048.jpg\",\"contentUrl\":\"https:\\\/\\\/static.link2fleet.com\\\/wp-content\\\/uploads\\\/2024\\\/03\\\/313309-volvo-ex30-exterior-edited-205048.jpg\",\"width\":2313,\"height\":1540,\"caption\":\"Joakim Hermansson\"},{\"@type\":\"BreadcrumbList\",\"@id\":\"https:\\\/\\\/www.link2fleet.com\\\/fr\\\/volvo-ex30-rouler-en-electrique-pour-le-prix-dun-cross-over-essence\\\/#breadcrumb\",\"itemListElement\":[{\"@type\":\"ListItem\",\"position\":1,\"name\":\"Home\",\"item\":\"https:\\\/\\\/www.link2fleet.com\\\/fr\\\/\"},{\"@type\":\"ListItem\",\"position\":2,\"name\":\"Volvo EX30: rouler en \u00e9lectrique pour le prix d&#8217;un cross-over essence\"}]},{\"@type\":\"WebSite\",\"@id\":\"https:\\\/\\\/www.link2fleet.com\\\/fr\\\/#website\",\"url\":\"https:\\\/\\\/www.link2fleet.com\\\/fr\\\/\",\"name\":\"Link2fleet\",\"description\":\"\",\"publisher\":{\"@id\":\"https:\\\/\\\/www.link2fleet.com\\\/fr\\\/#organization\"},\"potentialAction\":[{\"@type\":\"SearchAction\",\"target\":{\"@type\":\"EntryPoint\",\"urlTemplate\":\"https:\\\/\\\/www.link2fleet.com\\\/fr\\\/?s={search_term_string}\"},\"query-input\":{\"@type\":\"PropertyValueSpecification\",\"valueRequired\":true,\"valueName\":\"search_term_string\"}}],\"inLanguage\":\"fr-FR\"},{\"@type\":\"Organization\",\"@id\":\"https:\\\/\\\/www.link2fleet.com\\\/fr\\\/#organization\",\"name\":\"Link2fleet\",\"url\":\"https:\\\/\\\/www.link2fleet.com\\\/fr\\\/\",\"logo\":{\"@type\":\"ImageObject\",\"inLanguage\":\"fr-FR\",\"@id\":\"https:\\\/\\\/www.link2fleet.com\\\/fr\\\/#\\\/schema\\\/logo\\\/image\\\/\",\"url\":\"https:\\\/\\\/static.link2fleet.com\\\/wp-content\\\/uploads\\\/2024\\\/03\\\/share-image.jpg\",\"contentUrl\":\"https:\\\/\\\/static.link2fleet.com\\\/wp-content\\\/uploads\\\/2024\\\/03\\\/share-image.jpg\",\"width\":1200,\"height\":630,\"caption\":\"Link2fleet\"},\"image\":{\"@id\":\"https:\\\/\\\/www.link2fleet.com\\\/fr\\\/#\\\/schema\\\/logo\\\/image\\\/\"},\"sameAs\":[\"https:\\\/\\\/www.linkedin.com\\\/company\\\/link2fleet-belgium\",\"https:\\\/\\\/www.youtube.com\\\/user\\\/MMMBMBE\"]},{\"@type\":\"Person\",\"@id\":\"https:\\\/\\\/www.link2fleet.com\\\/fr\\\/#\\\/schema\\\/person\\\/027cd46113c78036b3809c9a054049da\",\"name\":\"Damien Malvetti\",\"image\":{\"@type\":\"ImageObject\",\"inLanguage\":\"fr-FR\",\"@id\":\"https:\\\/\\\/secure.gravatar.com\\\/avatar\\\/dd8cc03b49466c735f753ac37f8caa371af16dfed347456ed61f02883255eebb?s=96&d=mm&r=g\",\"url\":\"https:\\\/\\\/secure.gravatar.com\\\/avatar\\\/dd8cc03b49466c735f753ac37f8caa371af16dfed347456ed61f02883255eebb?s=96&d=mm&r=g\",\"contentUrl\":\"https:\\\/\\\/secure.gravatar.com\\\/avatar\\\/dd8cc03b49466c735f753ac37f8caa371af16dfed347456ed61f02883255eebb?s=96&d=mm&r=g\",\"caption\":\"Damien Malvetti\"},\"description\":\"Damien Malvetti is opgeleid als journalist en gepassioneerd door wagens, technologie en mobiliteit. Hij is verantwoordelijk voor de redactionele inhoud van link2fleet en beschikt over een uitgebreide kennis van de fleet-sector en elektrische mobiliteit.\",\"sameAs\":[\"https:\\\/\\\/www.linkedin.com\\\/in\\\/damien-malvetti-56601142\\\/\"]}]}<\/script>\n<!-- \/ Yoast SEO plugin. -->","yoast_head_json":{"title":"Volvo EX30: rouler en \u00e9lectrique pour le prix d'un cross-over essence - link2fleet","description":"Avec l&rsquo;arriv\u00e9e de cette EX30 produite en Chine, le constructeur su\u00e9dois Volvo fait son entr\u00e9e dans un segment qui lui \u00e9tait jusqu&rsquo;\u00e0 pr\u00e9sent inconnu: celui\u2026","robots":{"index":"index","follow":"follow","max-snippet":"max-snippet:-1","max-image-preview":"max-image-preview:large","max-video-preview":"max-video-preview:-1"},"og_locale":"fr_FR","og_type":"article","og_title":"Volvo EX30: rouler en \u00e9lectrique pour le prix d'un cross-over essence - link2fleet","og_description":"Avec l&rsquo;arriv\u00e9e de cette EX30 produite en Chine, le constructeur su\u00e9dois Volvo fait son entr\u00e9e dans un segment qui lui \u00e9tait jusqu&rsquo;\u00e0 pr\u00e9sent inconnu: celui\u2026","og_url":"https:\/\/www.link2fleet.com\/fr\/volvo-ex30-rouler-en-electrique-pour-le-prix-dun-cross-over-essence\/","og_site_name":"link2fleet","article_published_time":"2023-07-11T07:19:55+00:00","og_image":[{"width":2313,"height":1540,"url":"https:\/\/static.link2fleet.com\/wp-content\/uploads\/2024\/03\/313309-volvo-ex30-exterior-edited-205048.jpg","type":"image\/jpeg"}],"author":"Damien Malvetti","twitter_card":"summary_large_image","twitter_description":"Avec l&rsquo;arriv\u00e9e de cette EX30 produite en Chine, le constructeur su\u00e9dois Volvo fait son entr\u00e9e dans un segment qui lui \u00e9tait jusqu&rsquo;\u00e0 pr\u00e9sent inconnu: celui\u2026","twitter_misc":{"\u00c9crit par":"Damien Malvetti","Dur\u00e9e de lecture estim\u00e9e":"4 minutes"},"schema":{"@context":"https:\/\/schema.org","@graph":[{"@type":"Article","@id":"https:\/\/www.link2fleet.com\/fr\/volvo-ex30-rouler-en-electrique-pour-le-prix-dun-cross-over-essence\/#article","isPartOf":{"@id":"https:\/\/www.link2fleet.com\/fr\/volvo-ex30-rouler-en-electrique-pour-le-prix-dun-cross-over-essence\/"},"author":{"name":"Damien Malvetti","@id":"https:\/\/www.link2fleet.com\/fr\/#\/schema\/person\/027cd46113c78036b3809c9a054049da"},"headline":"Volvo EX30: rouler en \u00e9lectrique pour le prix d&rsquo;un cross-over essence","datePublished":"2023-07-11T07:19:55+00:00","mainEntityOfPage":{"@id":"https:\/\/www.link2fleet.com\/fr\/volvo-ex30-rouler-en-electrique-pour-le-prix-dun-cross-over-essence\/"},"wordCount":881,"publisher":{"@id":"https:\/\/www.link2fleet.com\/fr\/#organization"},"image":{"@id":"https:\/\/www.link2fleet.com\/fr\/volvo-ex30-rouler-en-electrique-pour-le-prix-dun-cross-over-essence\/#primaryimage"},"thumbnailUrl":"https:\/\/static.link2fleet.com\/wp-content\/uploads\/2024\/03\/313309-volvo-ex30-exterior-edited-205048.jpg","articleSection":["Importateurs et constructeurs","V\u00e9hicules"],"inLanguage":"fr-FR"},{"@type":"WebPage","@id":"https:\/\/www.link2fleet.com\/fr\/volvo-ex30-rouler-en-electrique-pour-le-prix-dun-cross-over-essence\/","url":"https:\/\/www.link2fleet.com\/fr\/volvo-ex30-rouler-en-electrique-pour-le-prix-dun-cross-over-essence\/","name":"Volvo EX30: rouler en \u00e9lectrique pour le prix d'un cross-over essence - link2fleet","isPartOf":{"@id":"https:\/\/www.link2fleet.com\/fr\/#website"},"primaryImageOfPage":{"@id":"https:\/\/www.link2fleet.com\/fr\/volvo-ex30-rouler-en-electrique-pour-le-prix-dun-cross-over-essence\/#primaryimage"},"image":{"@id":"https:\/\/www.link2fleet.com\/fr\/volvo-ex30-rouler-en-electrique-pour-le-prix-dun-cross-over-essence\/#primaryimage"},"thumbnailUrl":"https:\/\/static.link2fleet.com\/wp-content\/uploads\/2024\/03\/313309-volvo-ex30-exterior-edited-205048.jpg","datePublished":"2023-07-11T07:19:55+00:00","breadcrumb":{"@id":"https:\/\/www.link2fleet.com\/fr\/volvo-ex30-rouler-en-electrique-pour-le-prix-dun-cross-over-essence\/#breadcrumb"},"inLanguage":"fr-FR","potentialAction":[{"@type":"ReadAction","target":["https:\/\/www.link2fleet.com\/fr\/volvo-ex30-rouler-en-electrique-pour-le-prix-dun-cross-over-essence\/"]}]},{"@type":"ImageObject","inLanguage":"fr-FR","@id":"https:\/\/www.link2fleet.com\/fr\/volvo-ex30-rouler-en-electrique-pour-le-prix-dun-cross-over-essence\/#primaryimage","url":"https:\/\/static.link2fleet.com\/wp-content\/uploads\/2024\/03\/313309-volvo-ex30-exterior-edited-205048.jpg","contentUrl":"https:\/\/static.link2fleet.com\/wp-content\/uploads\/2024\/03\/313309-volvo-ex30-exterior-edited-205048.jpg","width":2313,"height":1540,"caption":"Joakim Hermansson"},{"@type":"BreadcrumbList","@id":"https:\/\/www.link2fleet.com\/fr\/volvo-ex30-rouler-en-electrique-pour-le-prix-dun-cross-over-essence\/#breadcrumb","itemListElement":[{"@type":"ListItem","position":1,"name":"Home","item":"https:\/\/www.link2fleet.com\/fr\/"},{"@type":"ListItem","position":2,"name":"Volvo EX30: rouler en \u00e9lectrique pour le prix d&#8217;un cross-over essence"}]},{"@type":"WebSite","@id":"https:\/\/www.link2fleet.com\/fr\/#website","url":"https:\/\/www.link2fleet.com\/fr\/","name":"Link2fleet","description":"","publisher":{"@id":"https:\/\/www.link2fleet.com\/fr\/#organization"},"potentialAction":[{"@type":"SearchAction","target":{"@type":"EntryPoint","urlTemplate":"https:\/\/www.link2fleet.com\/fr\/?s={search_term_string}"},"query-input":{"@type":"PropertyValueSpecification","valueRequired":true,"valueName":"search_term_string"}}],"inLanguage":"fr-FR"},{"@type":"Organization","@id":"https:\/\/www.link2fleet.com\/fr\/#organization","name":"Link2fleet","url":"https:\/\/www.link2fleet.com\/fr\/","logo":{"@type":"ImageObject","inLanguage":"fr-FR","@id":"https:\/\/www.link2fleet.com\/fr\/#\/schema\/logo\/image\/","url":"https:\/\/static.link2fleet.com\/wp-content\/uploads\/2024\/03\/share-image.jpg","contentUrl":"https:\/\/static.link2fleet.com\/wp-content\/uploads\/2024\/03\/share-image.jpg","width":1200,"height":630,"caption":"Link2fleet"},"image":{"@id":"https:\/\/www.link2fleet.com\/fr\/#\/schema\/logo\/image\/"},"sameAs":["https:\/\/www.linkedin.com\/company\/link2fleet-belgium","https:\/\/www.youtube.com\/user\/MMMBMBE"]},{"@type":"Person","@id":"https:\/\/www.link2fleet.com\/fr\/#\/schema\/person\/027cd46113c78036b3809c9a054049da","name":"Damien Malvetti","image":{"@type":"ImageObject","inLanguage":"fr-FR","@id":"https:\/\/secure.gravatar.com\/avatar\/dd8cc03b49466c735f753ac37f8caa371af16dfed347456ed61f02883255eebb?s=96&d=mm&r=g","url":"https:\/\/secure.gravatar.com\/avatar\/dd8cc03b49466c735f753ac37f8caa371af16dfed347456ed61f02883255eebb?s=96&d=mm&r=g","contentUrl":"https:\/\/secure.gravatar.com\/avatar\/dd8cc03b49466c735f753ac37f8caa371af16dfed347456ed61f02883255eebb?s=96&d=mm&r=g","caption":"Damien Malvetti"},"description":"Damien Malvetti is opgeleid als journalist en gepassioneerd door wagens, technologie en mobiliteit. Hij is verantwoordelijk voor de redactionele inhoud van link2fleet en beschikt over een uitgebreide kennis van de fleet-sector en elektrische mobiliteit.","sameAs":["https:\/\/www.linkedin.com\/in\/damien-malvetti-56601142\/"]}]}},"_links":{"self":[{"href":"https:\/\/www.link2fleet.com\/fr\/wp-json\/wp\/v2\/posts\/10159","targetHints":{"allow":["GET"]}}],"collection":[{"href":"https:\/\/www.link2fleet.com\/fr\/wp-json\/wp\/v2\/posts"}],"about":[{"href":"https:\/\/www.link2fleet.com\/fr\/wp-json\/wp\/v2\/types\/post"}],"author":[{"embeddable":true,"href":"https:\/\/www.link2fleet.com\/fr\/wp-json\/wp\/v2\/users\/4"}],"replies":[{"embeddable":true,"href":"https:\/\/www.link2fleet.com\/fr\/wp-json\/wp\/v2\/comments?post=10159"}],"version-history":[{"count":0,"href":"https:\/\/www.link2fleet.com\/fr\/wp-json\/wp\/v2\/posts\/10159\/revisions"}],"wp:featuredmedia":[{"embeddable":true,"href":"https:\/\/www.link2fleet.com\/fr\/wp-json\/wp\/v2\/media\/10160"}],"wp:attachment":[{"href":"https:\/\/www.link2fleet.com\/fr\/wp-json\/wp\/v2\/media?parent=10159"}],"wp:term":[{"taxonomy":"category","embeddable":true,"href":"https:\/\/www.link2fleet.com\/fr\/wp-json\/wp\/v2\/categories?post=10159"},{"taxonomy":"post_tag","embeddable":true,"href":"https:\/\/www.link2fleet.com\/fr\/wp-json\/wp\/v2\/tags?post=10159"}],"curies":[{"name":"wp","href":"https:\/\/api.w.org\/{rel}","templated":true}]}}