{"id":101996,"date":"2026-08-31T12:48:37","date_gmt":"2026-08-31T10:48:37","guid":{"rendered":"https:\/\/www.link2fleet.com\/?p=101996"},"modified":"2026-08-31T13:00:10","modified_gmt":"2026-08-31T11:00:10","slug":"546-kia-en-flotte-chez-equans-un-cap-historique","status":"publish","type":"post","link":"https:\/\/www.link2fleet.com\/fr\/546-kia-en-flotte-chez-equans-un-cap-historique\/","title":{"rendered":"546 Kia en flotte chez Equans : un cap historique !"},"content":{"rendered":"","protected":false},"excerpt":{"rendered":"","protected":false},"author":18,"featured_media":101997,"comment_status":"closed","ping_status":"closed","sticky":false,"template":"","format":"standard","meta":{"_acf_changed":false,"footnotes":""},"categories":[1448,135],"tags":[2222,377,583],"class_list":["post-101996","post","type-post","status-publish","format-standard","has-post-thumbnail","hentry","category-a-la-une","category-news-fr","tag-equans","tag-kia-fr","tag-safety"],"acf":[],"yoast_head":"<!-- This site is optimized with the Yoast SEO plugin v28.3 - https:\/\/yoast.com\/product\/yoast-seo-wordpress\/ -->\n<title>546 Kia en flotte chez Equans : un cap historique ! - link2fleet<\/title>\n<meta name=\"description\" content=\"Avec plus de 500 v\u00e9hicules d\u00e9sormais en circulation au sein de la flotte d&rsquo;Equans Belgium, Kia signe le plus important partenariat fleet de son histoire\u2026\" \/>\n<meta name=\"robots\" content=\"index, follow, max-snippet:-1, max-image-preview:large, max-video-preview:-1\" \/>\n<meta property=\"og:locale\" content=\"fr_FR\" \/>\n<meta property=\"og:type\" content=\"article\" \/>\n<meta property=\"og:title\" content=\"546 Kia en flotte chez Equans : un cap historique ! - link2fleet\" \/>\n<meta property=\"og:description\" content=\"Avec plus de 500 v\u00e9hicules d\u00e9sormais en circulation au sein de la flotte d&rsquo;Equans Belgium, Kia signe le plus important partenariat fleet de son histoire\u2026\" \/>\n<meta property=\"og:url\" content=\"https:\/\/www.link2fleet.com\/fr\/546-kia-en-flotte-chez-equans-un-cap-historique\/\" \/>\n<meta property=\"og:site_name\" content=\"link2fleet\" \/>\n<meta property=\"article:published_time\" content=\"2026-08-31T10:48:37+00:00\" \/>\n<meta property=\"article:modified_time\" content=\"2026-08-31T11:00:10+00:00\" \/>\n<meta property=\"og:image\" content=\"https:\/\/static.link2fleet.com\/wp-content\/uploads\/2026\/08\/kiaequanslink2fleet-2026ld.jpg\" \/>\n\t<meta property=\"og:image:width\" content=\"2188\" \/>\n\t<meta property=\"og:image:height\" content=\"1459\" \/>\n\t<meta property=\"og:image:type\" content=\"image\/jpeg\" \/>\n<meta name=\"author\" content=\"Maxime Pasture\" \/>\n<meta name=\"twitter:card\" content=\"summary_large_image\" \/>\n<meta name=\"twitter:description\" content=\"Avec plus de 500 v\u00e9hicules d\u00e9sormais en circulation au sein de la flotte d&rsquo;Equans Belgium, Kia signe le plus important partenariat fleet de son histoire\u2026\" \/>\n<meta name=\"twitter:label1\" content=\"\u00c9crit par\" \/>\n\t<meta name=\"twitter:data1\" content=\"Journaliste de formation, Maxime est tr\u00e8s curieux mais surtout passionn\u00e9 d&#039;automobile. Sa curiosit\u00e9 l&#039;am\u00e8ne \u00e0 traiter de sujets divers et vari\u00e9s li\u00e9s \u00e0 la mobilit\u00e9 au sens large et bien plus encore !\" \/>\n\t<meta name=\"twitter:label2\" content=\"Dur\u00e9e de lecture estim\u00e9e\" \/>\n\t<meta name=\"twitter:data2\" content=\"1 minute\" \/>\n<script type=\"application\/ld+json\" class=\"yoast-schema-graph\">{\"@context\":\"https:\\\/\\\/schema.org\",\"@graph\":[{\"@type\":\"Article\",\"@id\":\"https:\\\/\\\/www.link2fleet.com\\\/fr\\\/546-kia-en-flotte-chez-equans-un-cap-historique\\\/#article\",\"isPartOf\":{\"@id\":\"https:\\\/\\\/www.link2fleet.com\\\/fr\\\/546-kia-en-flotte-chez-equans-un-cap-historique\\\/\"},\"author\":{\"name\":\"Maxime Pasture\",\"@id\":\"https:\\\/\\\/www.link2fleet.com\\\/fr\\\/#\\\/schema\\\/person\\\/36f3d48d12a83e110d72b602b5bebc11\"},\"headline\":\"546 Kia en flotte chez Equans : un cap historique !\",\"datePublished\":\"2026-08-31T10:48:37+00:00\",\"dateModified\":\"2026-08-31T11:00:10+00:00\",\"mainEntityOfPage\":{\"@id\":\"https:\\\/\\\/www.link2fleet.com\\\/fr\\\/546-kia-en-flotte-chez-equans-un-cap-historique\\\/\"},\"wordCount\":8,\"publisher\":{\"@id\":\"https:\\\/\\\/www.link2fleet.com\\\/fr\\\/#organization\"},\"image\":{\"@id\":\"https:\\\/\\\/www.link2fleet.com\\\/fr\\\/546-kia-en-flotte-chez-equans-un-cap-historique\\\/#primaryimage\"},\"thumbnailUrl\":\"https:\\\/\\\/static.link2fleet.com\\\/wp-content\\\/uploads\\\/2026\\\/08\\\/kiaequanslink2fleet-2026ld.jpg\",\"keywords\":[\"Equans\",\"kia\",\"safety\"],\"articleSection\":[\"A la une\",\"Actus\"],\"inLanguage\":\"fr-FR\"},{\"@type\":\"WebPage\",\"@id\":\"https:\\\/\\\/www.link2fleet.com\\\/fr\\\/546-kia-en-flotte-chez-equans-un-cap-historique\\\/\",\"url\":\"https:\\\/\\\/www.link2fleet.com\\\/fr\\\/546-kia-en-flotte-chez-equans-un-cap-historique\\\/\",\"name\":\"546 Kia en flotte chez Equans : un cap historique ! - link2fleet\",\"isPartOf\":{\"@id\":\"https:\\\/\\\/www.link2fleet.com\\\/fr\\\/#website\"},\"primaryImageOfPage\":{\"@id\":\"https:\\\/\\\/www.link2fleet.com\\\/fr\\\/546-kia-en-flotte-chez-equans-un-cap-historique\\\/#primaryimage\"},\"image\":{\"@id\":\"https:\\\/\\\/www.link2fleet.com\\\/fr\\\/546-kia-en-flotte-chez-equans-un-cap-historique\\\/#primaryimage\"},\"thumbnailUrl\":\"https:\\\/\\\/static.link2fleet.com\\\/wp-content\\\/uploads\\\/2026\\\/08\\\/kiaequanslink2fleet-2026ld.jpg\",\"datePublished\":\"2026-08-31T10:48:37+00:00\",\"dateModified\":\"2026-08-31T11:00:10+00:00\",\"breadcrumb\":{\"@id\":\"https:\\\/\\\/www.link2fleet.com\\\/fr\\\/546-kia-en-flotte-chez-equans-un-cap-historique\\\/#breadcrumb\"},\"inLanguage\":\"fr-FR\",\"potentialAction\":[{\"@type\":\"ReadAction\",\"target\":[\"https:\\\/\\\/www.link2fleet.com\\\/fr\\\/546-kia-en-flotte-chez-equans-un-cap-historique\\\/\"]}]},{\"@type\":\"ImageObject\",\"inLanguage\":\"fr-FR\",\"@id\":\"https:\\\/\\\/www.link2fleet.com\\\/fr\\\/546-kia-en-flotte-chez-equans-un-cap-historique\\\/#primaryimage\",\"url\":\"https:\\\/\\\/static.link2fleet.com\\\/wp-content\\\/uploads\\\/2026\\\/08\\\/kiaequanslink2fleet-2026ld.jpg\",\"contentUrl\":\"https:\\\/\\\/static.link2fleet.com\\\/wp-content\\\/uploads\\\/2026\\\/08\\\/kiaequanslink2fleet-2026ld.jpg\",\"width\":2188,\"height\":1459},{\"@type\":\"BreadcrumbList\",\"@id\":\"https:\\\/\\\/www.link2fleet.com\\\/fr\\\/546-kia-en-flotte-chez-equans-un-cap-historique\\\/#breadcrumb\",\"itemListElement\":[{\"@type\":\"ListItem\",\"position\":1,\"name\":\"Home\",\"item\":\"https:\\\/\\\/www.link2fleet.com\\\/fr\\\/\"},{\"@type\":\"ListItem\",\"position\":2,\"name\":\"546 Kia en flotte chez Equans : un cap historique !\"}]},{\"@type\":\"WebSite\",\"@id\":\"https:\\\/\\\/www.link2fleet.com\\\/fr\\\/#website\",\"url\":\"https:\\\/\\\/www.link2fleet.com\\\/fr\\\/\",\"name\":\"Link2fleet\",\"description\":\"\",\"publisher\":{\"@id\":\"https:\\\/\\\/www.link2fleet.com\\\/fr\\\/#organization\"},\"potentialAction\":[{\"@type\":\"SearchAction\",\"target\":{\"@type\":\"EntryPoint\",\"urlTemplate\":\"https:\\\/\\\/www.link2fleet.com\\\/fr\\\/?s={search_term_string}\"},\"query-input\":{\"@type\":\"PropertyValueSpecification\",\"valueRequired\":true,\"valueName\":\"search_term_string\"}}],\"inLanguage\":\"fr-FR\"},{\"@type\":\"Organization\",\"@id\":\"https:\\\/\\\/www.link2fleet.com\\\/fr\\\/#organization\",\"name\":\"Link2fleet\",\"url\":\"https:\\\/\\\/www.link2fleet.com\\\/fr\\\/\",\"logo\":{\"@type\":\"ImageObject\",\"inLanguage\":\"fr-FR\",\"@id\":\"https:\\\/\\\/www.link2fleet.com\\\/fr\\\/#\\\/schema\\\/logo\\\/image\\\/\",\"url\":\"https:\\\/\\\/static.link2fleet.com\\\/wp-content\\\/uploads\\\/2024\\\/03\\\/share-image.jpg\",\"contentUrl\":\"https:\\\/\\\/static.link2fleet.com\\\/wp-content\\\/uploads\\\/2024\\\/03\\\/share-image.jpg\",\"width\":1200,\"height\":630,\"caption\":\"Link2fleet\"},\"image\":{\"@id\":\"https:\\\/\\\/www.link2fleet.com\\\/fr\\\/#\\\/schema\\\/logo\\\/image\\\/\"},\"sameAs\":[\"https:\\\/\\\/www.linkedin.com\\\/company\\\/link2fleet-belgium\",\"https:\\\/\\\/www.youtube.com\\\/user\\\/MMMBMBE\"]},{\"@type\":\"Person\",\"@id\":\"https:\\\/\\\/www.link2fleet.com\\\/fr\\\/#\\\/schema\\\/person\\\/36f3d48d12a83e110d72b602b5bebc11\",\"name\":\"Maxime Pasture\",\"image\":{\"@type\":\"ImageObject\",\"inLanguage\":\"fr-FR\",\"@id\":\"https:\\\/\\\/secure.gravatar.com\\\/avatar\\\/a17c47a11dd3996c69a173e291c692b6a028e82349994bf0d9f60936c9795b9f?s=96&d=mm&r=g\",\"url\":\"https:\\\/\\\/secure.gravatar.com\\\/avatar\\\/a17c47a11dd3996c69a173e291c692b6a028e82349994bf0d9f60936c9795b9f?s=96&d=mm&r=g\",\"contentUrl\":\"https:\\\/\\\/secure.gravatar.com\\\/avatar\\\/a17c47a11dd3996c69a173e291c692b6a028e82349994bf0d9f60936c9795b9f?s=96&d=mm&r=g\",\"caption\":\"Maxime Pasture\"},\"description\":\"Journaliste de formation, Maxime est tr\u00e8s curieux mais surtout passionn\u00e9 d'automobile. Sa curiosit\u00e9 l'am\u00e8ne \u00e0 traiter de sujets divers et vari\u00e9s li\u00e9s \u00e0 la mobilit\u00e9 au sens large et bien plus encore !\"}]}<\/script>\n<!-- \/ Yoast SEO plugin. -->","yoast_head_json":{"title":"546 Kia en flotte chez Equans : un cap historique ! - link2fleet","description":"Avec plus de 500 v\u00e9hicules d\u00e9sormais en circulation au sein de la flotte d&rsquo;Equans Belgium, Kia signe le plus important partenariat fleet de son histoire\u2026","robots":{"index":"index","follow":"follow","max-snippet":"max-snippet:-1","max-image-preview":"max-image-preview:large","max-video-preview":"max-video-preview:-1"},"og_locale":"fr_FR","og_type":"article","og_title":"546 Kia en flotte chez Equans : un cap historique ! - link2fleet","og_description":"Avec plus de 500 v\u00e9hicules d\u00e9sormais en circulation au sein de la flotte d&rsquo;Equans Belgium, Kia signe le plus important partenariat fleet de son histoire\u2026","og_url":"https:\/\/www.link2fleet.com\/fr\/546-kia-en-flotte-chez-equans-un-cap-historique\/","og_site_name":"link2fleet","article_published_time":"2026-08-31T10:48:37+00:00","article_modified_time":"2026-08-31T11:00:10+00:00","og_image":[{"width":2188,"height":1459,"url":"https:\/\/static.link2fleet.com\/wp-content\/uploads\/2026\/08\/kiaequanslink2fleet-2026ld.jpg","type":"image\/jpeg"}],"author":"Maxime Pasture","twitter_card":"summary_large_image","twitter_description":"Avec plus de 500 v\u00e9hicules d\u00e9sormais en circulation au sein de la flotte d&rsquo;Equans Belgium, Kia signe le plus important partenariat fleet de son histoire\u2026","twitter_misc":{"\u00c9crit par":"Journaliste de formation, Maxime est tr\u00e8s curieux mais surtout passionn\u00e9 d'automobile. Sa curiosit\u00e9 l'am\u00e8ne \u00e0 traiter de sujets divers et vari\u00e9s li\u00e9s \u00e0 la mobilit\u00e9 au sens large et bien plus encore !","Dur\u00e9e de lecture estim\u00e9e":"1 minute"},"schema":{"@context":"https:\/\/schema.org","@graph":[{"@type":"Article","@id":"https:\/\/www.link2fleet.com\/fr\/546-kia-en-flotte-chez-equans-un-cap-historique\/#article","isPartOf":{"@id":"https:\/\/www.link2fleet.com\/fr\/546-kia-en-flotte-chez-equans-un-cap-historique\/"},"author":{"name":"Maxime Pasture","@id":"https:\/\/www.link2fleet.com\/fr\/#\/schema\/person\/36f3d48d12a83e110d72b602b5bebc11"},"headline":"546 Kia en flotte chez Equans : un cap historique !","datePublished":"2026-08-31T10:48:37+00:00","dateModified":"2026-08-31T11:00:10+00:00","mainEntityOfPage":{"@id":"https:\/\/www.link2fleet.com\/fr\/546-kia-en-flotte-chez-equans-un-cap-historique\/"},"wordCount":8,"publisher":{"@id":"https:\/\/www.link2fleet.com\/fr\/#organization"},"image":{"@id":"https:\/\/www.link2fleet.com\/fr\/546-kia-en-flotte-chez-equans-un-cap-historique\/#primaryimage"},"thumbnailUrl":"https:\/\/static.link2fleet.com\/wp-content\/uploads\/2026\/08\/kiaequanslink2fleet-2026ld.jpg","keywords":["Equans","kia","safety"],"articleSection":["A la une","Actus"],"inLanguage":"fr-FR"},{"@type":"WebPage","@id":"https:\/\/www.link2fleet.com\/fr\/546-kia-en-flotte-chez-equans-un-cap-historique\/","url":"https:\/\/www.link2fleet.com\/fr\/546-kia-en-flotte-chez-equans-un-cap-historique\/","name":"546 Kia en flotte chez Equans : un cap historique ! - link2fleet","isPartOf":{"@id":"https:\/\/www.link2fleet.com\/fr\/#website"},"primaryImageOfPage":{"@id":"https:\/\/www.link2fleet.com\/fr\/546-kia-en-flotte-chez-equans-un-cap-historique\/#primaryimage"},"image":{"@id":"https:\/\/www.link2fleet.com\/fr\/546-kia-en-flotte-chez-equans-un-cap-historique\/#primaryimage"},"thumbnailUrl":"https:\/\/static.link2fleet.com\/wp-content\/uploads\/2026\/08\/kiaequanslink2fleet-2026ld.jpg","datePublished":"2026-08-31T10:48:37+00:00","dateModified":"2026-08-31T11:00:10+00:00","breadcrumb":{"@id":"https:\/\/www.link2fleet.com\/fr\/546-kia-en-flotte-chez-equans-un-cap-historique\/#breadcrumb"},"inLanguage":"fr-FR","potentialAction":[{"@type":"ReadAction","target":["https:\/\/www.link2fleet.com\/fr\/546-kia-en-flotte-chez-equans-un-cap-historique\/"]}]},{"@type":"ImageObject","inLanguage":"fr-FR","@id":"https:\/\/www.link2fleet.com\/fr\/546-kia-en-flotte-chez-equans-un-cap-historique\/#primaryimage","url":"https:\/\/static.link2fleet.com\/wp-content\/uploads\/2026\/08\/kiaequanslink2fleet-2026ld.jpg","contentUrl":"https:\/\/static.link2fleet.com\/wp-content\/uploads\/2026\/08\/kiaequanslink2fleet-2026ld.jpg","width":2188,"height":1459},{"@type":"BreadcrumbList","@id":"https:\/\/www.link2fleet.com\/fr\/546-kia-en-flotte-chez-equans-un-cap-historique\/#breadcrumb","itemListElement":[{"@type":"ListItem","position":1,"name":"Home","item":"https:\/\/www.link2fleet.com\/fr\/"},{"@type":"ListItem","position":2,"name":"546 Kia en flotte chez Equans : un cap historique !"}]},{"@type":"WebSite","@id":"https:\/\/www.link2fleet.com\/fr\/#website","url":"https:\/\/www.link2fleet.com\/fr\/","name":"Link2fleet","description":"","publisher":{"@id":"https:\/\/www.link2fleet.com\/fr\/#organization"},"potentialAction":[{"@type":"SearchAction","target":{"@type":"EntryPoint","urlTemplate":"https:\/\/www.link2fleet.com\/fr\/?s={search_term_string}"},"query-input":{"@type":"PropertyValueSpecification","valueRequired":true,"valueName":"search_term_string"}}],"inLanguage":"fr-FR"},{"@type":"Organization","@id":"https:\/\/www.link2fleet.com\/fr\/#organization","name":"Link2fleet","url":"https:\/\/www.link2fleet.com\/fr\/","logo":{"@type":"ImageObject","inLanguage":"fr-FR","@id":"https:\/\/www.link2fleet.com\/fr\/#\/schema\/logo\/image\/","url":"https:\/\/static.link2fleet.com\/wp-content\/uploads\/2024\/03\/share-image.jpg","contentUrl":"https:\/\/static.link2fleet.com\/wp-content\/uploads\/2024\/03\/share-image.jpg","width":1200,"height":630,"caption":"Link2fleet"},"image":{"@id":"https:\/\/www.link2fleet.com\/fr\/#\/schema\/logo\/image\/"},"sameAs":["https:\/\/www.linkedin.com\/company\/link2fleet-belgium","https:\/\/www.youtube.com\/user\/MMMBMBE"]},{"@type":"Person","@id":"https:\/\/www.link2fleet.com\/fr\/#\/schema\/person\/36f3d48d12a83e110d72b602b5bebc11","name":"Maxime Pasture","image":{"@type":"ImageObject","inLanguage":"fr-FR","@id":"https:\/\/secure.gravatar.com\/avatar\/a17c47a11dd3996c69a173e291c692b6a028e82349994bf0d9f60936c9795b9f?s=96&d=mm&r=g","url":"https:\/\/secure.gravatar.com\/avatar\/a17c47a11dd3996c69a173e291c692b6a028e82349994bf0d9f60936c9795b9f?s=96&d=mm&r=g","contentUrl":"https:\/\/secure.gravatar.com\/avatar\/a17c47a11dd3996c69a173e291c692b6a028e82349994bf0d9f60936c9795b9f?s=96&d=mm&r=g","caption":"Maxime Pasture"},"description":"Journaliste de formation, Maxime est tr\u00e8s curieux mais surtout passionn\u00e9 d'automobile. Sa curiosit\u00e9 l'am\u00e8ne \u00e0 traiter de sujets divers et vari\u00e9s li\u00e9s \u00e0 la mobilit\u00e9 au sens large et bien plus encore !"}]}},"_links":{"self":[{"href":"https:\/\/www.link2fleet.com\/fr\/wp-json\/wp\/v2\/posts\/101996","targetHints":{"allow":["GET"]}}],"collection":[{"href":"https:\/\/www.link2fleet.com\/fr\/wp-json\/wp\/v2\/posts"}],"about":[{"href":"https:\/\/www.link2fleet.com\/fr\/wp-json\/wp\/v2\/types\/post"}],"author":[{"embeddable":true,"href":"https:\/\/www.link2fleet.com\/fr\/wp-json\/wp\/v2\/users\/18"}],"replies":[{"embeddable":true,"href":"https:\/\/www.link2fleet.com\/fr\/wp-json\/wp\/v2\/comments?post=101996"}],"version-history":[{"count":2,"href":"https:\/\/www.link2fleet.com\/fr\/wp-json\/wp\/v2\/posts\/101996\/revisions"}],"predecessor-version":[{"id":102006,"href":"https:\/\/www.link2fleet.com\/fr\/wp-json\/wp\/v2\/posts\/101996\/revisions\/102006"}],"wp:featuredmedia":[{"embeddable":true,"href":"https:\/\/www.link2fleet.com\/fr\/wp-json\/wp\/v2\/media\/101997"}],"wp:attachment":[{"href":"https:\/\/www.link2fleet.com\/fr\/wp-json\/wp\/v2\/media?parent=101996"}],"wp:term":[{"taxonomy":"category","embeddable":true,"href":"https:\/\/www.link2fleet.com\/fr\/wp-json\/wp\/v2\/categories?post=101996"},{"taxonomy":"post_tag","embeddable":true,"href":"https:\/\/www.link2fleet.com\/fr\/wp-json\/wp\/v2\/tags?post=101996"}],"curies":[{"name":"wp","href":"https:\/\/api.w.org\/{rel}","templated":true}]}}