{"id":102000,"date":"2026-08-31T13:07:12","date_gmt":"2026-08-31T11:07:12","guid":{"rendered":"https:\/\/www.link2fleet.com\/?p=102000"},"modified":"2026-08-31T13:07:12","modified_gmt":"2026-08-31T11:07:12","slug":"gestionnaire-de-flotte-voici-les-5-choses-a-verifier-a-la-rentree","status":"publish","type":"post","link":"https:\/\/www.link2fleet.com\/fr\/gestionnaire-de-flotte-voici-les-5-choses-a-verifier-a-la-rentree\/","title":{"rendered":"Gestionnaire de flotte, voici les 5 choses \u00e0 v\u00e9rifier \u00e0 la rentr\u00e9e"},"content":{"rendered":"","protected":false},"excerpt":{"rendered":"","protected":false},"author":4,"featured_media":102007,"comment_status":"closed","ping_status":"closed","sticky":false,"template":"","format":"standard","meta":{"_acf_changed":false,"footnotes":""},"categories":[1448,135],"tags":[],"class_list":["post-102000","post","type-post","status-publish","format-standard","has-post-thumbnail","hentry","category-a-la-une","category-news-fr"],"acf":[],"yoast_head":"<!-- This site is optimized with the Yoast SEO plugin v28.3 - https:\/\/yoast.com\/product\/yoast-seo-wordpress\/ -->\n<title>Gestionnaire de flotte, voici les 5 choses \u00e0 v\u00e9rifier \u00e0 la rentr\u00e9e - link2fleet<\/title>\n<meta name=\"description\" content=\"Septembre marque le retour au bureau, mais aussi le d\u00e9but d\u2019une p\u00e9riode charg\u00e9e pour les gestionnaires de flotte. Entre les v\u00e9hicules \u00e0 commander, les budgets\u2026\" \/>\n<meta name=\"robots\" content=\"index, follow, max-snippet:-1, max-image-preview:large, max-video-preview:-1\" \/>\n<meta property=\"og:locale\" content=\"fr_FR\" \/>\n<meta property=\"og:type\" content=\"article\" \/>\n<meta property=\"og:title\" content=\"Gestionnaire de flotte, voici les 5 choses \u00e0 v\u00e9rifier \u00e0 la rentr\u00e9e - link2fleet\" \/>\n<meta property=\"og:description\" content=\"Septembre marque le retour au bureau, mais aussi le d\u00e9but d\u2019une p\u00e9riode charg\u00e9e pour les gestionnaires de flotte. Entre les v\u00e9hicules \u00e0 commander, les budgets\u2026\" \/>\n<meta property=\"og:url\" content=\"https:\/\/www.link2fleet.com\/fr\/gestionnaire-de-flotte-voici-les-5-choses-a-verifier-a-la-rentree\/\" \/>\n<meta property=\"og:site_name\" content=\"link2fleet\" \/>\n<meta property=\"article:published_time\" content=\"2026-08-31T11:07:12+00:00\" \/>\n<meta property=\"og:image\" content=\"https:\/\/static.link2fleet.com\/wp-content\/uploads\/2026\/08\/calendriergestionflotte.png\" \/>\n\t<meta property=\"og:image:width\" content=\"1162\" \/>\n\t<meta property=\"og:image:height\" content=\"771\" \/>\n\t<meta property=\"og:image:type\" content=\"image\/png\" \/>\n<meta name=\"author\" content=\"Damien Malvetti\" \/>\n<meta name=\"twitter:card\" content=\"summary_large_image\" \/>\n<meta name=\"twitter:description\" content=\"Septembre marque le retour au bureau, mais aussi le d\u00e9but d\u2019une p\u00e9riode charg\u00e9e pour les gestionnaires de flotte. Entre les v\u00e9hicules \u00e0 commander, les budgets\u2026\" \/>\n<meta name=\"twitter:label1\" content=\"\u00c9crit par\" \/>\n\t<meta name=\"twitter:data1\" content=\"Damien Malvetti\" \/>\n\t<meta name=\"twitter:label2\" content=\"Dur\u00e9e de lecture estim\u00e9e\" \/>\n\t<meta name=\"twitter:data2\" content=\"4 minutes\" \/>\n<script type=\"application\/ld+json\" class=\"yoast-schema-graph\">{\"@context\":\"https:\\\/\\\/schema.org\",\"@graph\":[{\"@type\":\"Article\",\"@id\":\"https:\\\/\\\/www.link2fleet.com\\\/fr\\\/gestionnaire-de-flotte-voici-les-5-choses-a-verifier-a-la-rentree\\\/#article\",\"isPartOf\":{\"@id\":\"https:\\\/\\\/www.link2fleet.com\\\/fr\\\/gestionnaire-de-flotte-voici-les-5-choses-a-verifier-a-la-rentree\\\/\"},\"author\":{\"name\":\"Damien Malvetti\",\"@id\":\"https:\\\/\\\/www.link2fleet.com\\\/fr\\\/#\\\/schema\\\/person\\\/027cd46113c78036b3809c9a054049da\"},\"headline\":\"Gestionnaire de flotte, voici les 5 choses \u00e0 v\u00e9rifier \u00e0 la rentr\u00e9e\",\"datePublished\":\"2026-08-31T11:07:12+00:00\",\"mainEntityOfPage\":{\"@id\":\"https:\\\/\\\/www.link2fleet.com\\\/fr\\\/gestionnaire-de-flotte-voici-les-5-choses-a-verifier-a-la-rentree\\\/\"},\"wordCount\":11,\"publisher\":{\"@id\":\"https:\\\/\\\/www.link2fleet.com\\\/fr\\\/#organization\"},\"image\":{\"@id\":\"https:\\\/\\\/www.link2fleet.com\\\/fr\\\/gestionnaire-de-flotte-voici-les-5-choses-a-verifier-a-la-rentree\\\/#primaryimage\"},\"thumbnailUrl\":\"https:\\\/\\\/static.link2fleet.com\\\/wp-content\\\/uploads\\\/2026\\\/08\\\/calendriergestionflotte.png\",\"articleSection\":[\"A la une\",\"Actus\"],\"inLanguage\":\"fr-FR\"},{\"@type\":\"WebPage\",\"@id\":\"https:\\\/\\\/www.link2fleet.com\\\/fr\\\/gestionnaire-de-flotte-voici-les-5-choses-a-verifier-a-la-rentree\\\/\",\"url\":\"https:\\\/\\\/www.link2fleet.com\\\/fr\\\/gestionnaire-de-flotte-voici-les-5-choses-a-verifier-a-la-rentree\\\/\",\"name\":\"Gestionnaire de flotte, voici les 5 choses \u00e0 v\u00e9rifier \u00e0 la rentr\u00e9e - link2fleet\",\"isPartOf\":{\"@id\":\"https:\\\/\\\/www.link2fleet.com\\\/fr\\\/#website\"},\"primaryImageOfPage\":{\"@id\":\"https:\\\/\\\/www.link2fleet.com\\\/fr\\\/gestionnaire-de-flotte-voici-les-5-choses-a-verifier-a-la-rentree\\\/#primaryimage\"},\"image\":{\"@id\":\"https:\\\/\\\/www.link2fleet.com\\\/fr\\\/gestionnaire-de-flotte-voici-les-5-choses-a-verifier-a-la-rentree\\\/#primaryimage\"},\"thumbnailUrl\":\"https:\\\/\\\/static.link2fleet.com\\\/wp-content\\\/uploads\\\/2026\\\/08\\\/calendriergestionflotte.png\",\"datePublished\":\"2026-08-31T11:07:12+00:00\",\"breadcrumb\":{\"@id\":\"https:\\\/\\\/www.link2fleet.com\\\/fr\\\/gestionnaire-de-flotte-voici-les-5-choses-a-verifier-a-la-rentree\\\/#breadcrumb\"},\"inLanguage\":\"fr-FR\",\"potentialAction\":[{\"@type\":\"ReadAction\",\"target\":[\"https:\\\/\\\/www.link2fleet.com\\\/fr\\\/gestionnaire-de-flotte-voici-les-5-choses-a-verifier-a-la-rentree\\\/\"]}]},{\"@type\":\"ImageObject\",\"inLanguage\":\"fr-FR\",\"@id\":\"https:\\\/\\\/www.link2fleet.com\\\/fr\\\/gestionnaire-de-flotte-voici-les-5-choses-a-verifier-a-la-rentree\\\/#primaryimage\",\"url\":\"https:\\\/\\\/static.link2fleet.com\\\/wp-content\\\/uploads\\\/2026\\\/08\\\/calendriergestionflotte.png\",\"contentUrl\":\"https:\\\/\\\/static.link2fleet.com\\\/wp-content\\\/uploads\\\/2026\\\/08\\\/calendriergestionflotte.png\",\"width\":1162,\"height\":771},{\"@type\":\"BreadcrumbList\",\"@id\":\"https:\\\/\\\/www.link2fleet.com\\\/fr\\\/gestionnaire-de-flotte-voici-les-5-choses-a-verifier-a-la-rentree\\\/#breadcrumb\",\"itemListElement\":[{\"@type\":\"ListItem\",\"position\":1,\"name\":\"Home\",\"item\":\"https:\\\/\\\/www.link2fleet.com\\\/fr\\\/\"},{\"@type\":\"ListItem\",\"position\":2,\"name\":\"Gestionnaire de flotte, voici les 5 choses \u00e0 v\u00e9rifier \u00e0 la rentr\u00e9e\"}]},{\"@type\":\"WebSite\",\"@id\":\"https:\\\/\\\/www.link2fleet.com\\\/fr\\\/#website\",\"url\":\"https:\\\/\\\/www.link2fleet.com\\\/fr\\\/\",\"name\":\"Link2fleet\",\"description\":\"\",\"publisher\":{\"@id\":\"https:\\\/\\\/www.link2fleet.com\\\/fr\\\/#organization\"},\"potentialAction\":[{\"@type\":\"SearchAction\",\"target\":{\"@type\":\"EntryPoint\",\"urlTemplate\":\"https:\\\/\\\/www.link2fleet.com\\\/fr\\\/?s={search_term_string}\"},\"query-input\":{\"@type\":\"PropertyValueSpecification\",\"valueRequired\":true,\"valueName\":\"search_term_string\"}}],\"inLanguage\":\"fr-FR\"},{\"@type\":\"Organization\",\"@id\":\"https:\\\/\\\/www.link2fleet.com\\\/fr\\\/#organization\",\"name\":\"Link2fleet\",\"url\":\"https:\\\/\\\/www.link2fleet.com\\\/fr\\\/\",\"logo\":{\"@type\":\"ImageObject\",\"inLanguage\":\"fr-FR\",\"@id\":\"https:\\\/\\\/www.link2fleet.com\\\/fr\\\/#\\\/schema\\\/logo\\\/image\\\/\",\"url\":\"https:\\\/\\\/static.link2fleet.com\\\/wp-content\\\/uploads\\\/2024\\\/03\\\/share-image.jpg\",\"contentUrl\":\"https:\\\/\\\/static.link2fleet.com\\\/wp-content\\\/uploads\\\/2024\\\/03\\\/share-image.jpg\",\"width\":1200,\"height\":630,\"caption\":\"Link2fleet\"},\"image\":{\"@id\":\"https:\\\/\\\/www.link2fleet.com\\\/fr\\\/#\\\/schema\\\/logo\\\/image\\\/\"},\"sameAs\":[\"https:\\\/\\\/www.linkedin.com\\\/company\\\/link2fleet-belgium\",\"https:\\\/\\\/www.youtube.com\\\/user\\\/MMMBMBE\"]},{\"@type\":\"Person\",\"@id\":\"https:\\\/\\\/www.link2fleet.com\\\/fr\\\/#\\\/schema\\\/person\\\/027cd46113c78036b3809c9a054049da\",\"name\":\"Damien Malvetti\",\"image\":{\"@type\":\"ImageObject\",\"inLanguage\":\"fr-FR\",\"@id\":\"https:\\\/\\\/secure.gravatar.com\\\/avatar\\\/dd8cc03b49466c735f753ac37f8caa371af16dfed347456ed61f02883255eebb?s=96&d=mm&r=g\",\"url\":\"https:\\\/\\\/secure.gravatar.com\\\/avatar\\\/dd8cc03b49466c735f753ac37f8caa371af16dfed347456ed61f02883255eebb?s=96&d=mm&r=g\",\"contentUrl\":\"https:\\\/\\\/secure.gravatar.com\\\/avatar\\\/dd8cc03b49466c735f753ac37f8caa371af16dfed347456ed61f02883255eebb?s=96&d=mm&r=g\",\"caption\":\"Damien Malvetti\"},\"description\":\"Damien Malvetti is opgeleid als journalist en gepassioneerd door wagens, technologie en mobiliteit. Hij is verantwoordelijk voor de redactionele inhoud van link2fleet en beschikt over een uitgebreide kennis van de fleet-sector en elektrische mobiliteit.\",\"sameAs\":[\"https:\\\/\\\/www.linkedin.com\\\/in\\\/damien-malvetti-56601142\\\/\"]}]}<\/script>\n<!-- \/ Yoast SEO plugin. -->","yoast_head_json":{"title":"Gestionnaire de flotte, voici les 5 choses \u00e0 v\u00e9rifier \u00e0 la rentr\u00e9e - link2fleet","description":"Septembre marque le retour au bureau, mais aussi le d\u00e9but d\u2019une p\u00e9riode charg\u00e9e pour les gestionnaires de flotte. Entre les v\u00e9hicules \u00e0 commander, les budgets\u2026","robots":{"index":"index","follow":"follow","max-snippet":"max-snippet:-1","max-image-preview":"max-image-preview:large","max-video-preview":"max-video-preview:-1"},"og_locale":"fr_FR","og_type":"article","og_title":"Gestionnaire de flotte, voici les 5 choses \u00e0 v\u00e9rifier \u00e0 la rentr\u00e9e - link2fleet","og_description":"Septembre marque le retour au bureau, mais aussi le d\u00e9but d\u2019une p\u00e9riode charg\u00e9e pour les gestionnaires de flotte. Entre les v\u00e9hicules \u00e0 commander, les budgets\u2026","og_url":"https:\/\/www.link2fleet.com\/fr\/gestionnaire-de-flotte-voici-les-5-choses-a-verifier-a-la-rentree\/","og_site_name":"link2fleet","article_published_time":"2026-08-31T11:07:12+00:00","og_image":[{"width":1162,"height":771,"url":"https:\/\/static.link2fleet.com\/wp-content\/uploads\/2026\/08\/calendriergestionflotte.png","type":"image\/png"}],"author":"Damien Malvetti","twitter_card":"summary_large_image","twitter_description":"Septembre marque le retour au bureau, mais aussi le d\u00e9but d\u2019une p\u00e9riode charg\u00e9e pour les gestionnaires de flotte. Entre les v\u00e9hicules \u00e0 commander, les budgets\u2026","twitter_misc":{"\u00c9crit par":"Damien Malvetti","Dur\u00e9e de lecture estim\u00e9e":"4 minutes"},"schema":{"@context":"https:\/\/schema.org","@graph":[{"@type":"Article","@id":"https:\/\/www.link2fleet.com\/fr\/gestionnaire-de-flotte-voici-les-5-choses-a-verifier-a-la-rentree\/#article","isPartOf":{"@id":"https:\/\/www.link2fleet.com\/fr\/gestionnaire-de-flotte-voici-les-5-choses-a-verifier-a-la-rentree\/"},"author":{"name":"Damien Malvetti","@id":"https:\/\/www.link2fleet.com\/fr\/#\/schema\/person\/027cd46113c78036b3809c9a054049da"},"headline":"Gestionnaire de flotte, voici les 5 choses \u00e0 v\u00e9rifier \u00e0 la rentr\u00e9e","datePublished":"2026-08-31T11:07:12+00:00","mainEntityOfPage":{"@id":"https:\/\/www.link2fleet.com\/fr\/gestionnaire-de-flotte-voici-les-5-choses-a-verifier-a-la-rentree\/"},"wordCount":11,"publisher":{"@id":"https:\/\/www.link2fleet.com\/fr\/#organization"},"image":{"@id":"https:\/\/www.link2fleet.com\/fr\/gestionnaire-de-flotte-voici-les-5-choses-a-verifier-a-la-rentree\/#primaryimage"},"thumbnailUrl":"https:\/\/static.link2fleet.com\/wp-content\/uploads\/2026\/08\/calendriergestionflotte.png","articleSection":["A la une","Actus"],"inLanguage":"fr-FR"},{"@type":"WebPage","@id":"https:\/\/www.link2fleet.com\/fr\/gestionnaire-de-flotte-voici-les-5-choses-a-verifier-a-la-rentree\/","url":"https:\/\/www.link2fleet.com\/fr\/gestionnaire-de-flotte-voici-les-5-choses-a-verifier-a-la-rentree\/","name":"Gestionnaire de flotte, voici les 5 choses \u00e0 v\u00e9rifier \u00e0 la rentr\u00e9e - link2fleet","isPartOf":{"@id":"https:\/\/www.link2fleet.com\/fr\/#website"},"primaryImageOfPage":{"@id":"https:\/\/www.link2fleet.com\/fr\/gestionnaire-de-flotte-voici-les-5-choses-a-verifier-a-la-rentree\/#primaryimage"},"image":{"@id":"https:\/\/www.link2fleet.com\/fr\/gestionnaire-de-flotte-voici-les-5-choses-a-verifier-a-la-rentree\/#primaryimage"},"thumbnailUrl":"https:\/\/static.link2fleet.com\/wp-content\/uploads\/2026\/08\/calendriergestionflotte.png","datePublished":"2026-08-31T11:07:12+00:00","breadcrumb":{"@id":"https:\/\/www.link2fleet.com\/fr\/gestionnaire-de-flotte-voici-les-5-choses-a-verifier-a-la-rentree\/#breadcrumb"},"inLanguage":"fr-FR","potentialAction":[{"@type":"ReadAction","target":["https:\/\/www.link2fleet.com\/fr\/gestionnaire-de-flotte-voici-les-5-choses-a-verifier-a-la-rentree\/"]}]},{"@type":"ImageObject","inLanguage":"fr-FR","@id":"https:\/\/www.link2fleet.com\/fr\/gestionnaire-de-flotte-voici-les-5-choses-a-verifier-a-la-rentree\/#primaryimage","url":"https:\/\/static.link2fleet.com\/wp-content\/uploads\/2026\/08\/calendriergestionflotte.png","contentUrl":"https:\/\/static.link2fleet.com\/wp-content\/uploads\/2026\/08\/calendriergestionflotte.png","width":1162,"height":771},{"@type":"BreadcrumbList","@id":"https:\/\/www.link2fleet.com\/fr\/gestionnaire-de-flotte-voici-les-5-choses-a-verifier-a-la-rentree\/#breadcrumb","itemListElement":[{"@type":"ListItem","position":1,"name":"Home","item":"https:\/\/www.link2fleet.com\/fr\/"},{"@type":"ListItem","position":2,"name":"Gestionnaire de flotte, voici les 5 choses \u00e0 v\u00e9rifier \u00e0 la rentr\u00e9e"}]},{"@type":"WebSite","@id":"https:\/\/www.link2fleet.com\/fr\/#website","url":"https:\/\/www.link2fleet.com\/fr\/","name":"Link2fleet","description":"","publisher":{"@id":"https:\/\/www.link2fleet.com\/fr\/#organization"},"potentialAction":[{"@type":"SearchAction","target":{"@type":"EntryPoint","urlTemplate":"https:\/\/www.link2fleet.com\/fr\/?s={search_term_string}"},"query-input":{"@type":"PropertyValueSpecification","valueRequired":true,"valueName":"search_term_string"}}],"inLanguage":"fr-FR"},{"@type":"Organization","@id":"https:\/\/www.link2fleet.com\/fr\/#organization","name":"Link2fleet","url":"https:\/\/www.link2fleet.com\/fr\/","logo":{"@type":"ImageObject","inLanguage":"fr-FR","@id":"https:\/\/www.link2fleet.com\/fr\/#\/schema\/logo\/image\/","url":"https:\/\/static.link2fleet.com\/wp-content\/uploads\/2024\/03\/share-image.jpg","contentUrl":"https:\/\/static.link2fleet.com\/wp-content\/uploads\/2024\/03\/share-image.jpg","width":1200,"height":630,"caption":"Link2fleet"},"image":{"@id":"https:\/\/www.link2fleet.com\/fr\/#\/schema\/logo\/image\/"},"sameAs":["https:\/\/www.linkedin.com\/company\/link2fleet-belgium","https:\/\/www.youtube.com\/user\/MMMBMBE"]},{"@type":"Person","@id":"https:\/\/www.link2fleet.com\/fr\/#\/schema\/person\/027cd46113c78036b3809c9a054049da","name":"Damien Malvetti","image":{"@type":"ImageObject","inLanguage":"fr-FR","@id":"https:\/\/secure.gravatar.com\/avatar\/dd8cc03b49466c735f753ac37f8caa371af16dfed347456ed61f02883255eebb?s=96&d=mm&r=g","url":"https:\/\/secure.gravatar.com\/avatar\/dd8cc03b49466c735f753ac37f8caa371af16dfed347456ed61f02883255eebb?s=96&d=mm&r=g","contentUrl":"https:\/\/secure.gravatar.com\/avatar\/dd8cc03b49466c735f753ac37f8caa371af16dfed347456ed61f02883255eebb?s=96&d=mm&r=g","caption":"Damien Malvetti"},"description":"Damien Malvetti is opgeleid als journalist en gepassioneerd door wagens, technologie en mobiliteit. Hij is verantwoordelijk voor de redactionele inhoud van link2fleet en beschikt over een uitgebreide kennis van de fleet-sector en elektrische mobiliteit.","sameAs":["https:\/\/www.linkedin.com\/in\/damien-malvetti-56601142\/"]}]}},"_links":{"self":[{"href":"https:\/\/www.link2fleet.com\/fr\/wp-json\/wp\/v2\/posts\/102000","targetHints":{"allow":["GET"]}}],"collection":[{"href":"https:\/\/www.link2fleet.com\/fr\/wp-json\/wp\/v2\/posts"}],"about":[{"href":"https:\/\/www.link2fleet.com\/fr\/wp-json\/wp\/v2\/types\/post"}],"author":[{"embeddable":true,"href":"https:\/\/www.link2fleet.com\/fr\/wp-json\/wp\/v2\/users\/4"}],"replies":[{"embeddable":true,"href":"https:\/\/www.link2fleet.com\/fr\/wp-json\/wp\/v2\/comments?post=102000"}],"version-history":[{"count":1,"href":"https:\/\/www.link2fleet.com\/fr\/wp-json\/wp\/v2\/posts\/102000\/revisions"}],"predecessor-version":[{"id":102010,"href":"https:\/\/www.link2fleet.com\/fr\/wp-json\/wp\/v2\/posts\/102000\/revisions\/102010"}],"wp:featuredmedia":[{"embeddable":true,"href":"https:\/\/www.link2fleet.com\/fr\/wp-json\/wp\/v2\/media\/102007"}],"wp:attachment":[{"href":"https:\/\/www.link2fleet.com\/fr\/wp-json\/wp\/v2\/media?parent=102000"}],"wp:term":[{"taxonomy":"category","embeddable":true,"href":"https:\/\/www.link2fleet.com\/fr\/wp-json\/wp\/v2\/categories?post=102000"},{"taxonomy":"post_tag","embeddable":true,"href":"https:\/\/www.link2fleet.com\/fr\/wp-json\/wp\/v2\/tags?post=102000"}],"curies":[{"name":"wp","href":"https:\/\/api.w.org\/{rel}","templated":true}]}}