{"id":102021,"date":"2026-09-01T08:28:00","date_gmt":"2026-09-01T06:28:00","guid":{"rendered":"https:\/\/www.link2fleet.com\/filip-dobbeleir-volgt-jurgen-claus-op-als-country-manager-van-autorola-belux\/"},"modified":"2026-09-01T08:43:08","modified_gmt":"2026-09-01T06:43:08","slug":"filip-dobbeleir-volgt-jurgen-claus-op-als-country-manager-van-autorola-belux","status":"publish","type":"post","link":"https:\/\/www.link2fleet.com\/fr\/filip-dobbeleir-volgt-jurgen-claus-op-als-country-manager-van-autorola-belux\/","title":{"rendered":"Filip Dobbeleir succ\u00e8de \u00e0 Jurgen Claus en tant que Country Manager d&rsquo;Autorola Belux"},"content":{"rendered":"","protected":false},"excerpt":{"rendered":"","protected":false},"author":4,"featured_media":102017,"comment_status":"closed","ping_status":"closed","sticky":false,"template":"","format":"standard","meta":{"_acf_changed":false,"footnotes":""},"categories":[1448,135],"tags":[],"class_list":["post-102021","post","type-post","status-publish","format-standard","has-post-thumbnail","hentry","category-a-la-une","category-news-fr"],"acf":[],"yoast_head":"<!-- This site is optimized with the Yoast SEO plugin v28.3 - https:\/\/yoast.com\/product\/yoast-seo-wordpress\/ -->\n<title>Filip Dobbeleir succ\u00e8de \u00e0 Jurgen Claus en tant que Country Manager d&#039;Autorola Belux - link2fleet<\/title>\n<meta name=\"description\" content=\"Autorola Belux a annonc\u00e9 la nomination de Filip Dobbeleir en tant que Country Manager \u00e0 partir du 1er septembre. Il succ\u00e8de ainsi \u00e0 Jurgen Claus\u2026\" \/>\n<meta name=\"robots\" content=\"index, follow, max-snippet:-1, max-image-preview:large, max-video-preview:-1\" \/>\n<meta property=\"og:locale\" content=\"fr_FR\" \/>\n<meta property=\"og:type\" content=\"article\" \/>\n<meta property=\"og:title\" content=\"Filip Dobbeleir succ\u00e8de \u00e0 Jurgen Claus en tant que Country Manager d&#039;Autorola Belux - link2fleet\" \/>\n<meta property=\"og:description\" content=\"Autorola Belux a annonc\u00e9 la nomination de Filip Dobbeleir en tant que Country Manager \u00e0 partir du 1er septembre. Il succ\u00e8de ainsi \u00e0 Jurgen Claus\u2026\" \/>\n<meta property=\"og:url\" content=\"https:\/\/www.link2fleet.com\/fr\/filip-dobbeleir-volgt-jurgen-claus-op-als-country-manager-van-autorola-belux\/\" \/>\n<meta property=\"og:site_name\" content=\"link2fleet\" \/>\n<meta property=\"article:published_time\" content=\"2026-09-01T06:28:00+00:00\" \/>\n<meta property=\"article:modified_time\" content=\"2026-09-01T06:43:08+00:00\" \/>\n<meta property=\"og:image\" content=\"https:\/\/static.link2fleet.com\/wp-content\/uploads\/2026\/09\/filip-dobbeleir-indicata-e1788244061827.jpeg\" \/>\n\t<meta property=\"og:image:width\" content=\"755\" \/>\n\t<meta property=\"og:image:height\" content=\"829\" \/>\n\t<meta property=\"og:image:type\" content=\"image\/jpeg\" \/>\n<meta name=\"author\" content=\"Damien Malvetti\" \/>\n<meta name=\"twitter:card\" content=\"summary_large_image\" \/>\n<meta name=\"twitter:description\" content=\"Autorola Belux a annonc\u00e9 la nomination de Filip Dobbeleir en tant que Country Manager \u00e0 partir du 1er septembre. Il succ\u00e8de ainsi \u00e0 Jurgen Claus\u2026\" \/>\n<meta name=\"twitter:label1\" content=\"\u00c9crit par\" \/>\n\t<meta name=\"twitter:data1\" content=\"Damien Malvetti\" \/>\n\t<meta name=\"twitter:label2\" content=\"Dur\u00e9e de lecture estim\u00e9e\" \/>\n\t<meta name=\"twitter:data2\" content=\"2 minutes\" \/>\n<script type=\"application\/ld+json\" class=\"yoast-schema-graph\">{\"@context\":\"https:\\\/\\\/schema.org\",\"@graph\":[{\"@type\":\"Article\",\"@id\":\"https:\\\/\\\/www.link2fleet.com\\\/fr\\\/filip-dobbeleir-volgt-jurgen-claus-op-als-country-manager-van-autorola-belux\\\/#article\",\"isPartOf\":{\"@id\":\"https:\\\/\\\/www.link2fleet.com\\\/fr\\\/filip-dobbeleir-volgt-jurgen-claus-op-als-country-manager-van-autorola-belux\\\/\"},\"author\":{\"name\":\"Damien Malvetti\",\"@id\":\"https:\\\/\\\/www.link2fleet.com\\\/fr\\\/#\\\/schema\\\/person\\\/027cd46113c78036b3809c9a054049da\"},\"headline\":\"Filip Dobbeleir succ\u00e8de \u00e0 Jurgen Claus en tant que Country Manager d&rsquo;Autorola Belux\",\"datePublished\":\"2026-09-01T06:28:00+00:00\",\"dateModified\":\"2026-09-01T06:43:08+00:00\",\"mainEntityOfPage\":{\"@id\":\"https:\\\/\\\/www.link2fleet.com\\\/fr\\\/filip-dobbeleir-volgt-jurgen-claus-op-als-country-manager-van-autorola-belux\\\/\"},\"wordCount\":14,\"publisher\":{\"@id\":\"https:\\\/\\\/www.link2fleet.com\\\/fr\\\/#organization\"},\"image\":{\"@id\":\"https:\\\/\\\/www.link2fleet.com\\\/fr\\\/filip-dobbeleir-volgt-jurgen-claus-op-als-country-manager-van-autorola-belux\\\/#primaryimage\"},\"thumbnailUrl\":\"https:\\\/\\\/static.link2fleet.com\\\/wp-content\\\/uploads\\\/2026\\\/09\\\/filip-dobbeleir-indicata-e1788244061827.jpeg\",\"articleSection\":[\"A la une\",\"Actus\"],\"inLanguage\":\"fr-FR\"},{\"@type\":\"WebPage\",\"@id\":\"https:\\\/\\\/www.link2fleet.com\\\/fr\\\/filip-dobbeleir-volgt-jurgen-claus-op-als-country-manager-van-autorola-belux\\\/\",\"url\":\"https:\\\/\\\/www.link2fleet.com\\\/fr\\\/filip-dobbeleir-volgt-jurgen-claus-op-als-country-manager-van-autorola-belux\\\/\",\"name\":\"Filip Dobbeleir succ\u00e8de \u00e0 Jurgen Claus en tant que Country Manager d'Autorola Belux - link2fleet\",\"isPartOf\":{\"@id\":\"https:\\\/\\\/www.link2fleet.com\\\/fr\\\/#website\"},\"primaryImageOfPage\":{\"@id\":\"https:\\\/\\\/www.link2fleet.com\\\/fr\\\/filip-dobbeleir-volgt-jurgen-claus-op-als-country-manager-van-autorola-belux\\\/#primaryimage\"},\"image\":{\"@id\":\"https:\\\/\\\/www.link2fleet.com\\\/fr\\\/filip-dobbeleir-volgt-jurgen-claus-op-als-country-manager-van-autorola-belux\\\/#primaryimage\"},\"thumbnailUrl\":\"https:\\\/\\\/static.link2fleet.com\\\/wp-content\\\/uploads\\\/2026\\\/09\\\/filip-dobbeleir-indicata-e1788244061827.jpeg\",\"datePublished\":\"2026-09-01T06:28:00+00:00\",\"dateModified\":\"2026-09-01T06:43:08+00:00\",\"breadcrumb\":{\"@id\":\"https:\\\/\\\/www.link2fleet.com\\\/fr\\\/filip-dobbeleir-volgt-jurgen-claus-op-als-country-manager-van-autorola-belux\\\/#breadcrumb\"},\"inLanguage\":\"fr-FR\",\"potentialAction\":[{\"@type\":\"ReadAction\",\"target\":[\"https:\\\/\\\/www.link2fleet.com\\\/fr\\\/filip-dobbeleir-volgt-jurgen-claus-op-als-country-manager-van-autorola-belux\\\/\"]}]},{\"@type\":\"ImageObject\",\"inLanguage\":\"fr-FR\",\"@id\":\"https:\\\/\\\/www.link2fleet.com\\\/fr\\\/filip-dobbeleir-volgt-jurgen-claus-op-als-country-manager-van-autorola-belux\\\/#primaryimage\",\"url\":\"https:\\\/\\\/static.link2fleet.com\\\/wp-content\\\/uploads\\\/2026\\\/09\\\/filip-dobbeleir-indicata-e1788244061827.jpeg\",\"contentUrl\":\"https:\\\/\\\/static.link2fleet.com\\\/wp-content\\\/uploads\\\/2026\\\/09\\\/filip-dobbeleir-indicata-e1788244061827.jpeg\",\"width\":755,\"height\":829},{\"@type\":\"BreadcrumbList\",\"@id\":\"https:\\\/\\\/www.link2fleet.com\\\/fr\\\/filip-dobbeleir-volgt-jurgen-claus-op-als-country-manager-van-autorola-belux\\\/#breadcrumb\",\"itemListElement\":[{\"@type\":\"ListItem\",\"position\":1,\"name\":\"Home\",\"item\":\"https:\\\/\\\/www.link2fleet.com\\\/fr\\\/\"},{\"@type\":\"ListItem\",\"position\":2,\"name\":\"Filip Dobbeleir succ\u00e8de \u00e0 Jurgen Claus en tant que Country Manager d&rsquo;Autorola Belux\"}]},{\"@type\":\"WebSite\",\"@id\":\"https:\\\/\\\/www.link2fleet.com\\\/fr\\\/#website\",\"url\":\"https:\\\/\\\/www.link2fleet.com\\\/fr\\\/\",\"name\":\"Link2fleet\",\"description\":\"\",\"publisher\":{\"@id\":\"https:\\\/\\\/www.link2fleet.com\\\/fr\\\/#organization\"},\"potentialAction\":[{\"@type\":\"SearchAction\",\"target\":{\"@type\":\"EntryPoint\",\"urlTemplate\":\"https:\\\/\\\/www.link2fleet.com\\\/fr\\\/?s={search_term_string}\"},\"query-input\":{\"@type\":\"PropertyValueSpecification\",\"valueRequired\":true,\"valueName\":\"search_term_string\"}}],\"inLanguage\":\"fr-FR\"},{\"@type\":\"Organization\",\"@id\":\"https:\\\/\\\/www.link2fleet.com\\\/fr\\\/#organization\",\"name\":\"Link2fleet\",\"url\":\"https:\\\/\\\/www.link2fleet.com\\\/fr\\\/\",\"logo\":{\"@type\":\"ImageObject\",\"inLanguage\":\"fr-FR\",\"@id\":\"https:\\\/\\\/www.link2fleet.com\\\/fr\\\/#\\\/schema\\\/logo\\\/image\\\/\",\"url\":\"https:\\\/\\\/static.link2fleet.com\\\/wp-content\\\/uploads\\\/2024\\\/03\\\/share-image.jpg\",\"contentUrl\":\"https:\\\/\\\/static.link2fleet.com\\\/wp-content\\\/uploads\\\/2024\\\/03\\\/share-image.jpg\",\"width\":1200,\"height\":630,\"caption\":\"Link2fleet\"},\"image\":{\"@id\":\"https:\\\/\\\/www.link2fleet.com\\\/fr\\\/#\\\/schema\\\/logo\\\/image\\\/\"},\"sameAs\":[\"https:\\\/\\\/www.linkedin.com\\\/company\\\/link2fleet-belgium\",\"https:\\\/\\\/www.youtube.com\\\/user\\\/MMMBMBE\"]},{\"@type\":\"Person\",\"@id\":\"https:\\\/\\\/www.link2fleet.com\\\/fr\\\/#\\\/schema\\\/person\\\/027cd46113c78036b3809c9a054049da\",\"name\":\"Damien Malvetti\",\"image\":{\"@type\":\"ImageObject\",\"inLanguage\":\"fr-FR\",\"@id\":\"https:\\\/\\\/secure.gravatar.com\\\/avatar\\\/dd8cc03b49466c735f753ac37f8caa371af16dfed347456ed61f02883255eebb?s=96&d=mm&r=g\",\"url\":\"https:\\\/\\\/secure.gravatar.com\\\/avatar\\\/dd8cc03b49466c735f753ac37f8caa371af16dfed347456ed61f02883255eebb?s=96&d=mm&r=g\",\"contentUrl\":\"https:\\\/\\\/secure.gravatar.com\\\/avatar\\\/dd8cc03b49466c735f753ac37f8caa371af16dfed347456ed61f02883255eebb?s=96&d=mm&r=g\",\"caption\":\"Damien Malvetti\"},\"description\":\"Damien Malvetti is opgeleid als journalist en gepassioneerd door wagens, technologie en mobiliteit. Hij is verantwoordelijk voor de redactionele inhoud van link2fleet en beschikt over een uitgebreide kennis van de fleet-sector en elektrische mobiliteit.\",\"sameAs\":[\"https:\\\/\\\/www.linkedin.com\\\/in\\\/damien-malvetti-56601142\\\/\"]}]}<\/script>\n<!-- \/ Yoast SEO plugin. -->","yoast_head_json":{"title":"Filip Dobbeleir succ\u00e8de \u00e0 Jurgen Claus en tant que Country Manager d'Autorola Belux - link2fleet","description":"Autorola Belux a annonc\u00e9 la nomination de Filip Dobbeleir en tant que Country Manager \u00e0 partir du 1er septembre. Il succ\u00e8de ainsi \u00e0 Jurgen Claus\u2026","robots":{"index":"index","follow":"follow","max-snippet":"max-snippet:-1","max-image-preview":"max-image-preview:large","max-video-preview":"max-video-preview:-1"},"og_locale":"fr_FR","og_type":"article","og_title":"Filip Dobbeleir succ\u00e8de \u00e0 Jurgen Claus en tant que Country Manager d'Autorola Belux - link2fleet","og_description":"Autorola Belux a annonc\u00e9 la nomination de Filip Dobbeleir en tant que Country Manager \u00e0 partir du 1er septembre. Il succ\u00e8de ainsi \u00e0 Jurgen Claus\u2026","og_url":"https:\/\/www.link2fleet.com\/fr\/filip-dobbeleir-volgt-jurgen-claus-op-als-country-manager-van-autorola-belux\/","og_site_name":"link2fleet","article_published_time":"2026-09-01T06:28:00+00:00","article_modified_time":"2026-09-01T06:43:08+00:00","og_image":[{"width":755,"height":829,"url":"https:\/\/static.link2fleet.com\/wp-content\/uploads\/2026\/09\/filip-dobbeleir-indicata-e1788244061827.jpeg","type":"image\/jpeg"}],"author":"Damien Malvetti","twitter_card":"summary_large_image","twitter_description":"Autorola Belux a annonc\u00e9 la nomination de Filip Dobbeleir en tant que Country Manager \u00e0 partir du 1er septembre. Il succ\u00e8de ainsi \u00e0 Jurgen Claus\u2026","twitter_misc":{"\u00c9crit par":"Damien Malvetti","Dur\u00e9e de lecture estim\u00e9e":"2 minutes"},"schema":{"@context":"https:\/\/schema.org","@graph":[{"@type":"Article","@id":"https:\/\/www.link2fleet.com\/fr\/filip-dobbeleir-volgt-jurgen-claus-op-als-country-manager-van-autorola-belux\/#article","isPartOf":{"@id":"https:\/\/www.link2fleet.com\/fr\/filip-dobbeleir-volgt-jurgen-claus-op-als-country-manager-van-autorola-belux\/"},"author":{"name":"Damien Malvetti","@id":"https:\/\/www.link2fleet.com\/fr\/#\/schema\/person\/027cd46113c78036b3809c9a054049da"},"headline":"Filip Dobbeleir succ\u00e8de \u00e0 Jurgen Claus en tant que Country Manager d&rsquo;Autorola Belux","datePublished":"2026-09-01T06:28:00+00:00","dateModified":"2026-09-01T06:43:08+00:00","mainEntityOfPage":{"@id":"https:\/\/www.link2fleet.com\/fr\/filip-dobbeleir-volgt-jurgen-claus-op-als-country-manager-van-autorola-belux\/"},"wordCount":14,"publisher":{"@id":"https:\/\/www.link2fleet.com\/fr\/#organization"},"image":{"@id":"https:\/\/www.link2fleet.com\/fr\/filip-dobbeleir-volgt-jurgen-claus-op-als-country-manager-van-autorola-belux\/#primaryimage"},"thumbnailUrl":"https:\/\/static.link2fleet.com\/wp-content\/uploads\/2026\/09\/filip-dobbeleir-indicata-e1788244061827.jpeg","articleSection":["A la une","Actus"],"inLanguage":"fr-FR"},{"@type":"WebPage","@id":"https:\/\/www.link2fleet.com\/fr\/filip-dobbeleir-volgt-jurgen-claus-op-als-country-manager-van-autorola-belux\/","url":"https:\/\/www.link2fleet.com\/fr\/filip-dobbeleir-volgt-jurgen-claus-op-als-country-manager-van-autorola-belux\/","name":"Filip Dobbeleir succ\u00e8de \u00e0 Jurgen Claus en tant que Country Manager d'Autorola Belux - link2fleet","isPartOf":{"@id":"https:\/\/www.link2fleet.com\/fr\/#website"},"primaryImageOfPage":{"@id":"https:\/\/www.link2fleet.com\/fr\/filip-dobbeleir-volgt-jurgen-claus-op-als-country-manager-van-autorola-belux\/#primaryimage"},"image":{"@id":"https:\/\/www.link2fleet.com\/fr\/filip-dobbeleir-volgt-jurgen-claus-op-als-country-manager-van-autorola-belux\/#primaryimage"},"thumbnailUrl":"https:\/\/static.link2fleet.com\/wp-content\/uploads\/2026\/09\/filip-dobbeleir-indicata-e1788244061827.jpeg","datePublished":"2026-09-01T06:28:00+00:00","dateModified":"2026-09-01T06:43:08+00:00","breadcrumb":{"@id":"https:\/\/www.link2fleet.com\/fr\/filip-dobbeleir-volgt-jurgen-claus-op-als-country-manager-van-autorola-belux\/#breadcrumb"},"inLanguage":"fr-FR","potentialAction":[{"@type":"ReadAction","target":["https:\/\/www.link2fleet.com\/fr\/filip-dobbeleir-volgt-jurgen-claus-op-als-country-manager-van-autorola-belux\/"]}]},{"@type":"ImageObject","inLanguage":"fr-FR","@id":"https:\/\/www.link2fleet.com\/fr\/filip-dobbeleir-volgt-jurgen-claus-op-als-country-manager-van-autorola-belux\/#primaryimage","url":"https:\/\/static.link2fleet.com\/wp-content\/uploads\/2026\/09\/filip-dobbeleir-indicata-e1788244061827.jpeg","contentUrl":"https:\/\/static.link2fleet.com\/wp-content\/uploads\/2026\/09\/filip-dobbeleir-indicata-e1788244061827.jpeg","width":755,"height":829},{"@type":"BreadcrumbList","@id":"https:\/\/www.link2fleet.com\/fr\/filip-dobbeleir-volgt-jurgen-claus-op-als-country-manager-van-autorola-belux\/#breadcrumb","itemListElement":[{"@type":"ListItem","position":1,"name":"Home","item":"https:\/\/www.link2fleet.com\/fr\/"},{"@type":"ListItem","position":2,"name":"Filip Dobbeleir succ\u00e8de \u00e0 Jurgen Claus en tant que Country Manager d&rsquo;Autorola Belux"}]},{"@type":"WebSite","@id":"https:\/\/www.link2fleet.com\/fr\/#website","url":"https:\/\/www.link2fleet.com\/fr\/","name":"Link2fleet","description":"","publisher":{"@id":"https:\/\/www.link2fleet.com\/fr\/#organization"},"potentialAction":[{"@type":"SearchAction","target":{"@type":"EntryPoint","urlTemplate":"https:\/\/www.link2fleet.com\/fr\/?s={search_term_string}"},"query-input":{"@type":"PropertyValueSpecification","valueRequired":true,"valueName":"search_term_string"}}],"inLanguage":"fr-FR"},{"@type":"Organization","@id":"https:\/\/www.link2fleet.com\/fr\/#organization","name":"Link2fleet","url":"https:\/\/www.link2fleet.com\/fr\/","logo":{"@type":"ImageObject","inLanguage":"fr-FR","@id":"https:\/\/www.link2fleet.com\/fr\/#\/schema\/logo\/image\/","url":"https:\/\/static.link2fleet.com\/wp-content\/uploads\/2024\/03\/share-image.jpg","contentUrl":"https:\/\/static.link2fleet.com\/wp-content\/uploads\/2024\/03\/share-image.jpg","width":1200,"height":630,"caption":"Link2fleet"},"image":{"@id":"https:\/\/www.link2fleet.com\/fr\/#\/schema\/logo\/image\/"},"sameAs":["https:\/\/www.linkedin.com\/company\/link2fleet-belgium","https:\/\/www.youtube.com\/user\/MMMBMBE"]},{"@type":"Person","@id":"https:\/\/www.link2fleet.com\/fr\/#\/schema\/person\/027cd46113c78036b3809c9a054049da","name":"Damien Malvetti","image":{"@type":"ImageObject","inLanguage":"fr-FR","@id":"https:\/\/secure.gravatar.com\/avatar\/dd8cc03b49466c735f753ac37f8caa371af16dfed347456ed61f02883255eebb?s=96&d=mm&r=g","url":"https:\/\/secure.gravatar.com\/avatar\/dd8cc03b49466c735f753ac37f8caa371af16dfed347456ed61f02883255eebb?s=96&d=mm&r=g","contentUrl":"https:\/\/secure.gravatar.com\/avatar\/dd8cc03b49466c735f753ac37f8caa371af16dfed347456ed61f02883255eebb?s=96&d=mm&r=g","caption":"Damien Malvetti"},"description":"Damien Malvetti is opgeleid als journalist en gepassioneerd door wagens, technologie en mobiliteit. Hij is verantwoordelijk voor de redactionele inhoud van link2fleet en beschikt over een uitgebreide kennis van de fleet-sector en elektrische mobiliteit.","sameAs":["https:\/\/www.linkedin.com\/in\/damien-malvetti-56601142\/"]}]}},"_links":{"self":[{"href":"https:\/\/www.link2fleet.com\/fr\/wp-json\/wp\/v2\/posts\/102021","targetHints":{"allow":["GET"]}}],"collection":[{"href":"https:\/\/www.link2fleet.com\/fr\/wp-json\/wp\/v2\/posts"}],"about":[{"href":"https:\/\/www.link2fleet.com\/fr\/wp-json\/wp\/v2\/types\/post"}],"author":[{"embeddable":true,"href":"https:\/\/www.link2fleet.com\/fr\/wp-json\/wp\/v2\/users\/4"}],"replies":[{"embeddable":true,"href":"https:\/\/www.link2fleet.com\/fr\/wp-json\/wp\/v2\/comments?post=102021"}],"version-history":[{"count":2,"href":"https:\/\/www.link2fleet.com\/fr\/wp-json\/wp\/v2\/posts\/102021\/revisions"}],"predecessor-version":[{"id":102023,"href":"https:\/\/www.link2fleet.com\/fr\/wp-json\/wp\/v2\/posts\/102021\/revisions\/102023"}],"wp:featuredmedia":[{"embeddable":true,"href":"https:\/\/www.link2fleet.com\/fr\/wp-json\/wp\/v2\/media\/102017"}],"wp:attachment":[{"href":"https:\/\/www.link2fleet.com\/fr\/wp-json\/wp\/v2\/media?parent=102021"}],"wp:term":[{"taxonomy":"category","embeddable":true,"href":"https:\/\/www.link2fleet.com\/fr\/wp-json\/wp\/v2\/categories?post=102021"},{"taxonomy":"post_tag","embeddable":true,"href":"https:\/\/www.link2fleet.com\/fr\/wp-json\/wp\/v2\/tags?post=102021"}],"curies":[{"name":"wp","href":"https:\/\/api.w.org\/{rel}","templated":true}]}}