{"id":10216,"date":"2023-07-31T12:54:24","date_gmt":"2023-07-31T10:54:24","guid":{"rendered":"https:\/\/www.link2fleet.com\/transfert-du-vehicule-dun-independant-vers-une-societe-quelles-impact-fiscal\/"},"modified":"2023-07-31T12:54:24","modified_gmt":"2023-07-31T10:54:24","slug":"transfert-du-vehicule-dun-independant-vers-une-societe-quelles-impact-fiscal","status":"publish","type":"post","link":"https:\/\/www.link2fleet.com\/fr\/transfert-du-vehicule-dun-independant-vers-une-societe-quelles-impact-fiscal\/","title":{"rendered":"Transfert du v\u00e9hicule d&rsquo;un ind\u00e9pendant vers une soci\u00e9t\u00e9: quel impact fiscal?"},"content":{"rendered":"<p>En principe, lors du transfert, ce v\u00e9hicule est r\u00e9-immatricul\u00e9 au nom de la soci\u00e9t\u00e9.\u00a0 En effet, le transfert se fait d&rsquo;une entreprise unipersonnelle \u00e0 une soci\u00e9t\u00e9 qui a un num\u00e9ro BCE (num\u00e9ro d&rsquo;entreprise) diff\u00e9rent de celui de l&rsquo;entreprise unipersonnelle. La TMC doit \u00e9galement \u00eatre repay\u00e9e. Ce transfert signifie que l&rsquo;entreprise sera soumise au r\u00e9gime fiscal applicable au moment du transfert. Ainsi, pour les cessions de v\u00e9hicules \u00e0 partir du 1er juillet 2023, le nouveau r\u00e9gime fiscal s&rsquo;appliquera \u00e0 ce v\u00e9hicule. Plus pr\u00e9cis\u00e9ment, le r\u00e9gime dit \u00ab\u00a0d&rsquo;extinction\u00a0\u00bb s&rsquo;appliquera, dans lequel la d\u00e9ductibilit\u00e9 fiscale et la contribution CO2 seront ajust\u00e9es.<\/p>\n<p style=\"font-weight: 400;\">Dans sa r\u00e9ponse, le ministre rapporte que l&rsquo;ancien r\u00e9gime fiscal de l&rsquo;entreprise individuelle peut encore \u00eatre pr\u00e9serv\u00e9 si le v\u00e9hicule reste immatricul\u00e9 au nom de l'(ex-)ind\u00e9pendant. Dans cette situation, le v\u00e9hicule peut continuer \u00e0 \u00eatre lou\u00e9 par l'(ex-)ind\u00e9pendant pour des d\u00e9placements professionnels au nom de l&rsquo;entreprise. Cette location peut \u00eatre factur\u00e9e \u00e0 l&rsquo;entreprise.<\/p>\n<p style=\"font-weight: 400;\">L&rsquo;entreprise pourra, dans sa propre comptabilit\u00e9, d\u00e9duire fiscalement ces frais selon l&rsquo;ancien r\u00e9gime fiscal, valable pour les v\u00e9hicules achet\u00e9s, command\u00e9s ou lou\u00e9s avant le 1er juillet 2023, a pr\u00e9cis\u00e9 le ministre.<\/p>\n<p>&nbsp;<\/p>\n<p style=\"font-weight: 400; text-align: left;\"><i>Source<\/i><i style=\"font-weight: 400;\">\u00a0: Question nr. 1361 W. Vermeersch, 16 f\u00e9vrier 2023, Questions et r\u00e9ponses de la Chambre 2022-23, \u00e9p. 110, 127.<\/i><\/p>\n<p>&nbsp;<\/p>\n<p style=\"text-align: right;\"><strong>Michel Willems, Mobilitas<\/strong><\/p>\n<p>&nbsp;<\/p>\n","protected":false},"excerpt":{"rendered":"<p>En principe, lors du transfert, ce v\u00e9hicule est r\u00e9-immatricul\u00e9 au nom de la soci\u00e9t\u00e9.\u00a0 En effet, le transfert se fait d&rsquo;une entreprise unipersonnelle \u00e0 une soci\u00e9t\u00e9 qui a un num\u00e9ro BCE (num\u00e9ro d&rsquo;entreprise) diff\u00e9rent de celui de l&rsquo;entreprise unipersonnelle. La TMC doit \u00e9galement \u00eatre repay\u00e9e. Ce transfert signifie que l&rsquo;entreprise sera soumise au r\u00e9gime fiscal [&hellip;]<\/p>\n","protected":false},"author":11,"featured_media":10217,"comment_status":"closed","ping_status":"closed","sticky":false,"template":"","format":"standard","meta":{"_acf_changed":false,"footnotes":""},"categories":[91,101],"tags":[],"class_list":["post-10216","post","type-post","status-publish","format-standard","has-post-thumbnail","hentry","category-expertise-et-management","category-tax-legal"],"acf":[],"yoast_head":"<!-- This site is optimized with the Yoast SEO plugin v27.3 - https:\/\/yoast.com\/product\/yoast-seo-wordpress\/ -->\n<title>Transfert du v\u00e9hicule d&#039;un ind\u00e9pendant vers une soci\u00e9t\u00e9: quel impact fiscal? - link2fleet<\/title>\n<meta name=\"description\" content=\"Le ministre a r\u00e9cemment r\u00e9pondu \u00e0 une situation particuli\u00e8re o\u00f9 un travailleur ind\u00e9pendant d\u00e9cide de poursuivre son activit\u00e9 ind\u00e9pendante sous la forme d&rsquo;une soci\u00e9t\u00e9 \u00e0\u2026\" \/>\n<meta name=\"robots\" content=\"index, follow, max-snippet:-1, max-image-preview:large, max-video-preview:-1\" \/>\n<meta property=\"og:locale\" content=\"fr_FR\" \/>\n<meta property=\"og:type\" content=\"article\" \/>\n<meta property=\"og:title\" content=\"Transfert du v\u00e9hicule d&#039;un ind\u00e9pendant vers une soci\u00e9t\u00e9: quel impact fiscal? - link2fleet\" \/>\n<meta property=\"og:description\" content=\"Le ministre a r\u00e9cemment r\u00e9pondu \u00e0 une situation particuli\u00e8re o\u00f9 un travailleur ind\u00e9pendant d\u00e9cide de poursuivre son activit\u00e9 ind\u00e9pendante sous la forme d&rsquo;une soci\u00e9t\u00e9 \u00e0\u2026\" \/>\n<meta property=\"og:url\" content=\"https:\/\/www.link2fleet.com\/fr\/transfert-du-vehicule-dun-independant-vers-une-societe-quelles-impact-fiscal\/\" \/>\n<meta property=\"og:site_name\" content=\"link2fleet\" \/>\n<meta property=\"article:published_time\" content=\"2023-07-31T10:54:24+00:00\" \/>\n<meta property=\"og:image\" content=\"https:\/\/static.link2fleet.com\/wp-content\/uploads\/2024\/03\/vraagtekens.jpg\" \/>\n\t<meta property=\"og:image:width\" content=\"1600\" \/>\n\t<meta property=\"og:image:height\" content=\"1127\" \/>\n\t<meta property=\"og:image:type\" content=\"image\/jpeg\" \/>\n<meta name=\"author\" content=\"Michel Willems - Mobilitas\" \/>\n<meta name=\"twitter:card\" content=\"summary_large_image\" \/>\n<meta name=\"twitter:description\" content=\"Le ministre a r\u00e9cemment r\u00e9pondu \u00e0 une situation particuli\u00e8re o\u00f9 un travailleur ind\u00e9pendant d\u00e9cide de poursuivre son activit\u00e9 ind\u00e9pendante sous la forme d&rsquo;une soci\u00e9t\u00e9 \u00e0\u2026\" \/>\n<meta name=\"twitter:label1\" content=\"\u00c9crit par\" \/>\n\t<meta name=\"twitter:data1\" content=\"Michel Willems - Mobilitas\" \/>\n\t<meta name=\"twitter:label2\" content=\"Dur\u00e9e de lecture estim\u00e9e\" \/>\n\t<meta name=\"twitter:data2\" content=\"1 minute\" \/>\n<script type=\"application\/ld+json\" class=\"yoast-schema-graph\">{\"@context\":\"https:\\\/\\\/schema.org\",\"@graph\":[{\"@type\":\"Article\",\"@id\":\"https:\\\/\\\/www.link2fleet.com\\\/fr\\\/transfert-du-vehicule-dun-independant-vers-une-societe-quelles-impact-fiscal\\\/#article\",\"isPartOf\":{\"@id\":\"https:\\\/\\\/www.link2fleet.com\\\/fr\\\/transfert-du-vehicule-dun-independant-vers-une-societe-quelles-impact-fiscal\\\/\"},\"author\":{\"name\":\"Michel Willems - Mobilitas\",\"@id\":\"https:\\\/\\\/www.link2fleet.com\\\/fr\\\/#\\\/schema\\\/person\\\/bd29f6a2c2427e85a70d3acf17303486\"},\"headline\":\"Transfert du v\u00e9hicule d&rsquo;un ind\u00e9pendant vers une soci\u00e9t\u00e9: quel impact fiscal?\",\"datePublished\":\"2023-07-31T10:54:24+00:00\",\"mainEntityOfPage\":{\"@id\":\"https:\\\/\\\/www.link2fleet.com\\\/fr\\\/transfert-du-vehicule-dun-independant-vers-une-societe-quelles-impact-fiscal\\\/\"},\"wordCount\":262,\"publisher\":{\"@id\":\"https:\\\/\\\/www.link2fleet.com\\\/fr\\\/#organization\"},\"image\":{\"@id\":\"https:\\\/\\\/www.link2fleet.com\\\/fr\\\/transfert-du-vehicule-dun-independant-vers-une-societe-quelles-impact-fiscal\\\/#primaryimage\"},\"thumbnailUrl\":\"https:\\\/\\\/static.link2fleet.com\\\/wp-content\\\/uploads\\\/2024\\\/03\\\/vraagtekens.jpg\",\"articleSection\":[\"Gestion de flotte\",\"Tax &amp; legal\"],\"inLanguage\":\"fr-FR\"},{\"@type\":\"WebPage\",\"@id\":\"https:\\\/\\\/www.link2fleet.com\\\/fr\\\/transfert-du-vehicule-dun-independant-vers-une-societe-quelles-impact-fiscal\\\/\",\"url\":\"https:\\\/\\\/www.link2fleet.com\\\/fr\\\/transfert-du-vehicule-dun-independant-vers-une-societe-quelles-impact-fiscal\\\/\",\"name\":\"Transfert du v\u00e9hicule d'un ind\u00e9pendant vers une soci\u00e9t\u00e9: quel impact fiscal? - link2fleet\",\"isPartOf\":{\"@id\":\"https:\\\/\\\/www.link2fleet.com\\\/fr\\\/#website\"},\"primaryImageOfPage\":{\"@id\":\"https:\\\/\\\/www.link2fleet.com\\\/fr\\\/transfert-du-vehicule-dun-independant-vers-une-societe-quelles-impact-fiscal\\\/#primaryimage\"},\"image\":{\"@id\":\"https:\\\/\\\/www.link2fleet.com\\\/fr\\\/transfert-du-vehicule-dun-independant-vers-une-societe-quelles-impact-fiscal\\\/#primaryimage\"},\"thumbnailUrl\":\"https:\\\/\\\/static.link2fleet.com\\\/wp-content\\\/uploads\\\/2024\\\/03\\\/vraagtekens.jpg\",\"datePublished\":\"2023-07-31T10:54:24+00:00\",\"breadcrumb\":{\"@id\":\"https:\\\/\\\/www.link2fleet.com\\\/fr\\\/transfert-du-vehicule-dun-independant-vers-une-societe-quelles-impact-fiscal\\\/#breadcrumb\"},\"inLanguage\":\"fr-FR\",\"potentialAction\":[{\"@type\":\"ReadAction\",\"target\":[\"https:\\\/\\\/www.link2fleet.com\\\/fr\\\/transfert-du-vehicule-dun-independant-vers-une-societe-quelles-impact-fiscal\\\/\"]}]},{\"@type\":\"ImageObject\",\"inLanguage\":\"fr-FR\",\"@id\":\"https:\\\/\\\/www.link2fleet.com\\\/fr\\\/transfert-du-vehicule-dun-independant-vers-une-societe-quelles-impact-fiscal\\\/#primaryimage\",\"url\":\"https:\\\/\\\/static.link2fleet.com\\\/wp-content\\\/uploads\\\/2024\\\/03\\\/vraagtekens.jpg\",\"contentUrl\":\"https:\\\/\\\/static.link2fleet.com\\\/wp-content\\\/uploads\\\/2024\\\/03\\\/vraagtekens.jpg\",\"width\":1600,\"height\":1127},{\"@type\":\"BreadcrumbList\",\"@id\":\"https:\\\/\\\/www.link2fleet.com\\\/fr\\\/transfert-du-vehicule-dun-independant-vers-une-societe-quelles-impact-fiscal\\\/#breadcrumb\",\"itemListElement\":[{\"@type\":\"ListItem\",\"position\":1,\"name\":\"Home\",\"item\":\"https:\\\/\\\/www.link2fleet.com\\\/fr\\\/\"},{\"@type\":\"ListItem\",\"position\":2,\"name\":\"Transfert du v\u00e9hicule d&#8217;un ind\u00e9pendant vers une soci\u00e9t\u00e9: quel impact fiscal?\"}]},{\"@type\":\"WebSite\",\"@id\":\"https:\\\/\\\/www.link2fleet.com\\\/fr\\\/#website\",\"url\":\"https:\\\/\\\/www.link2fleet.com\\\/fr\\\/\",\"name\":\"Link2fleet\",\"description\":\"\",\"publisher\":{\"@id\":\"https:\\\/\\\/www.link2fleet.com\\\/fr\\\/#organization\"},\"potentialAction\":[{\"@type\":\"SearchAction\",\"target\":{\"@type\":\"EntryPoint\",\"urlTemplate\":\"https:\\\/\\\/www.link2fleet.com\\\/fr\\\/?s={search_term_string}\"},\"query-input\":{\"@type\":\"PropertyValueSpecification\",\"valueRequired\":true,\"valueName\":\"search_term_string\"}}],\"inLanguage\":\"fr-FR\"},{\"@type\":\"Organization\",\"@id\":\"https:\\\/\\\/www.link2fleet.com\\\/fr\\\/#organization\",\"name\":\"Link2fleet\",\"url\":\"https:\\\/\\\/www.link2fleet.com\\\/fr\\\/\",\"logo\":{\"@type\":\"ImageObject\",\"inLanguage\":\"fr-FR\",\"@id\":\"https:\\\/\\\/www.link2fleet.com\\\/fr\\\/#\\\/schema\\\/logo\\\/image\\\/\",\"url\":\"https:\\\/\\\/static.link2fleet.com\\\/wp-content\\\/uploads\\\/2024\\\/03\\\/share-image.jpg\",\"contentUrl\":\"https:\\\/\\\/static.link2fleet.com\\\/wp-content\\\/uploads\\\/2024\\\/03\\\/share-image.jpg\",\"width\":1200,\"height\":630,\"caption\":\"Link2fleet\"},\"image\":{\"@id\":\"https:\\\/\\\/www.link2fleet.com\\\/fr\\\/#\\\/schema\\\/logo\\\/image\\\/\"},\"sameAs\":[\"https:\\\/\\\/www.linkedin.com\\\/company\\\/link2fleet-belgium\",\"https:\\\/\\\/www.youtube.com\\\/user\\\/MMMBMBE\"]},{\"@type\":\"Person\",\"@id\":\"https:\\\/\\\/www.link2fleet.com\\\/fr\\\/#\\\/schema\\\/person\\\/bd29f6a2c2427e85a70d3acf17303486\",\"name\":\"Michel Willems - Mobilitas\",\"image\":{\"@type\":\"ImageObject\",\"inLanguage\":\"fr-FR\",\"@id\":\"https:\\\/\\\/secure.gravatar.com\\\/avatar\\\/c937de514893d5b69b3b52ee88664fd4879b786925b6742dc7891d347f167414?s=96&d=mm&r=g\",\"url\":\"https:\\\/\\\/secure.gravatar.com\\\/avatar\\\/c937de514893d5b69b3b52ee88664fd4879b786925b6742dc7891d347f167414?s=96&d=mm&r=g\",\"contentUrl\":\"https:\\\/\\\/secure.gravatar.com\\\/avatar\\\/c937de514893d5b69b3b52ee88664fd4879b786925b6742dc7891d347f167414?s=96&d=mm&r=g\",\"caption\":\"Michel Willems - Mobilitas\"}}]}<\/script>\n<!-- \/ Yoast SEO plugin. -->","yoast_head_json":{"title":"Transfert du v\u00e9hicule d'un ind\u00e9pendant vers une soci\u00e9t\u00e9: quel impact fiscal? - link2fleet","description":"Le ministre a r\u00e9cemment r\u00e9pondu \u00e0 une situation particuli\u00e8re o\u00f9 un travailleur ind\u00e9pendant d\u00e9cide de poursuivre son activit\u00e9 ind\u00e9pendante sous la forme d&rsquo;une soci\u00e9t\u00e9 \u00e0\u2026","robots":{"index":"index","follow":"follow","max-snippet":"max-snippet:-1","max-image-preview":"max-image-preview:large","max-video-preview":"max-video-preview:-1"},"og_locale":"fr_FR","og_type":"article","og_title":"Transfert du v\u00e9hicule d'un ind\u00e9pendant vers une soci\u00e9t\u00e9: quel impact fiscal? - link2fleet","og_description":"Le ministre a r\u00e9cemment r\u00e9pondu \u00e0 une situation particuli\u00e8re o\u00f9 un travailleur ind\u00e9pendant d\u00e9cide de poursuivre son activit\u00e9 ind\u00e9pendante sous la forme d&rsquo;une soci\u00e9t\u00e9 \u00e0\u2026","og_url":"https:\/\/www.link2fleet.com\/fr\/transfert-du-vehicule-dun-independant-vers-une-societe-quelles-impact-fiscal\/","og_site_name":"link2fleet","article_published_time":"2023-07-31T10:54:24+00:00","og_image":[{"width":1600,"height":1127,"url":"https:\/\/static.link2fleet.com\/wp-content\/uploads\/2024\/03\/vraagtekens.jpg","type":"image\/jpeg"}],"author":"Michel Willems - Mobilitas","twitter_card":"summary_large_image","twitter_description":"Le ministre a r\u00e9cemment r\u00e9pondu \u00e0 une situation particuli\u00e8re o\u00f9 un travailleur ind\u00e9pendant d\u00e9cide de poursuivre son activit\u00e9 ind\u00e9pendante sous la forme d&rsquo;une soci\u00e9t\u00e9 \u00e0\u2026","twitter_misc":{"\u00c9crit par":"Michel Willems - Mobilitas","Dur\u00e9e de lecture estim\u00e9e":"1 minute"},"schema":{"@context":"https:\/\/schema.org","@graph":[{"@type":"Article","@id":"https:\/\/www.link2fleet.com\/fr\/transfert-du-vehicule-dun-independant-vers-une-societe-quelles-impact-fiscal\/#article","isPartOf":{"@id":"https:\/\/www.link2fleet.com\/fr\/transfert-du-vehicule-dun-independant-vers-une-societe-quelles-impact-fiscal\/"},"author":{"name":"Michel Willems - Mobilitas","@id":"https:\/\/www.link2fleet.com\/fr\/#\/schema\/person\/bd29f6a2c2427e85a70d3acf17303486"},"headline":"Transfert du v\u00e9hicule d&rsquo;un ind\u00e9pendant vers une soci\u00e9t\u00e9: quel impact fiscal?","datePublished":"2023-07-31T10:54:24+00:00","mainEntityOfPage":{"@id":"https:\/\/www.link2fleet.com\/fr\/transfert-du-vehicule-dun-independant-vers-une-societe-quelles-impact-fiscal\/"},"wordCount":262,"publisher":{"@id":"https:\/\/www.link2fleet.com\/fr\/#organization"},"image":{"@id":"https:\/\/www.link2fleet.com\/fr\/transfert-du-vehicule-dun-independant-vers-une-societe-quelles-impact-fiscal\/#primaryimage"},"thumbnailUrl":"https:\/\/static.link2fleet.com\/wp-content\/uploads\/2024\/03\/vraagtekens.jpg","articleSection":["Gestion de flotte","Tax &amp; legal"],"inLanguage":"fr-FR"},{"@type":"WebPage","@id":"https:\/\/www.link2fleet.com\/fr\/transfert-du-vehicule-dun-independant-vers-une-societe-quelles-impact-fiscal\/","url":"https:\/\/www.link2fleet.com\/fr\/transfert-du-vehicule-dun-independant-vers-une-societe-quelles-impact-fiscal\/","name":"Transfert du v\u00e9hicule d'un ind\u00e9pendant vers une soci\u00e9t\u00e9: quel impact fiscal? - link2fleet","isPartOf":{"@id":"https:\/\/www.link2fleet.com\/fr\/#website"},"primaryImageOfPage":{"@id":"https:\/\/www.link2fleet.com\/fr\/transfert-du-vehicule-dun-independant-vers-une-societe-quelles-impact-fiscal\/#primaryimage"},"image":{"@id":"https:\/\/www.link2fleet.com\/fr\/transfert-du-vehicule-dun-independant-vers-une-societe-quelles-impact-fiscal\/#primaryimage"},"thumbnailUrl":"https:\/\/static.link2fleet.com\/wp-content\/uploads\/2024\/03\/vraagtekens.jpg","datePublished":"2023-07-31T10:54:24+00:00","breadcrumb":{"@id":"https:\/\/www.link2fleet.com\/fr\/transfert-du-vehicule-dun-independant-vers-une-societe-quelles-impact-fiscal\/#breadcrumb"},"inLanguage":"fr-FR","potentialAction":[{"@type":"ReadAction","target":["https:\/\/www.link2fleet.com\/fr\/transfert-du-vehicule-dun-independant-vers-une-societe-quelles-impact-fiscal\/"]}]},{"@type":"ImageObject","inLanguage":"fr-FR","@id":"https:\/\/www.link2fleet.com\/fr\/transfert-du-vehicule-dun-independant-vers-une-societe-quelles-impact-fiscal\/#primaryimage","url":"https:\/\/static.link2fleet.com\/wp-content\/uploads\/2024\/03\/vraagtekens.jpg","contentUrl":"https:\/\/static.link2fleet.com\/wp-content\/uploads\/2024\/03\/vraagtekens.jpg","width":1600,"height":1127},{"@type":"BreadcrumbList","@id":"https:\/\/www.link2fleet.com\/fr\/transfert-du-vehicule-dun-independant-vers-une-societe-quelles-impact-fiscal\/#breadcrumb","itemListElement":[{"@type":"ListItem","position":1,"name":"Home","item":"https:\/\/www.link2fleet.com\/fr\/"},{"@type":"ListItem","position":2,"name":"Transfert du v\u00e9hicule d&#8217;un ind\u00e9pendant vers une soci\u00e9t\u00e9: quel impact fiscal?"}]},{"@type":"WebSite","@id":"https:\/\/www.link2fleet.com\/fr\/#website","url":"https:\/\/www.link2fleet.com\/fr\/","name":"Link2fleet","description":"","publisher":{"@id":"https:\/\/www.link2fleet.com\/fr\/#organization"},"potentialAction":[{"@type":"SearchAction","target":{"@type":"EntryPoint","urlTemplate":"https:\/\/www.link2fleet.com\/fr\/?s={search_term_string}"},"query-input":{"@type":"PropertyValueSpecification","valueRequired":true,"valueName":"search_term_string"}}],"inLanguage":"fr-FR"},{"@type":"Organization","@id":"https:\/\/www.link2fleet.com\/fr\/#organization","name":"Link2fleet","url":"https:\/\/www.link2fleet.com\/fr\/","logo":{"@type":"ImageObject","inLanguage":"fr-FR","@id":"https:\/\/www.link2fleet.com\/fr\/#\/schema\/logo\/image\/","url":"https:\/\/static.link2fleet.com\/wp-content\/uploads\/2024\/03\/share-image.jpg","contentUrl":"https:\/\/static.link2fleet.com\/wp-content\/uploads\/2024\/03\/share-image.jpg","width":1200,"height":630,"caption":"Link2fleet"},"image":{"@id":"https:\/\/www.link2fleet.com\/fr\/#\/schema\/logo\/image\/"},"sameAs":["https:\/\/www.linkedin.com\/company\/link2fleet-belgium","https:\/\/www.youtube.com\/user\/MMMBMBE"]},{"@type":"Person","@id":"https:\/\/www.link2fleet.com\/fr\/#\/schema\/person\/bd29f6a2c2427e85a70d3acf17303486","name":"Michel Willems - Mobilitas","image":{"@type":"ImageObject","inLanguage":"fr-FR","@id":"https:\/\/secure.gravatar.com\/avatar\/c937de514893d5b69b3b52ee88664fd4879b786925b6742dc7891d347f167414?s=96&d=mm&r=g","url":"https:\/\/secure.gravatar.com\/avatar\/c937de514893d5b69b3b52ee88664fd4879b786925b6742dc7891d347f167414?s=96&d=mm&r=g","contentUrl":"https:\/\/secure.gravatar.com\/avatar\/c937de514893d5b69b3b52ee88664fd4879b786925b6742dc7891d347f167414?s=96&d=mm&r=g","caption":"Michel Willems - Mobilitas"}}]}},"_links":{"self":[{"href":"https:\/\/www.link2fleet.com\/fr\/wp-json\/wp\/v2\/posts\/10216","targetHints":{"allow":["GET"]}}],"collection":[{"href":"https:\/\/www.link2fleet.com\/fr\/wp-json\/wp\/v2\/posts"}],"about":[{"href":"https:\/\/www.link2fleet.com\/fr\/wp-json\/wp\/v2\/types\/post"}],"author":[{"embeddable":true,"href":"https:\/\/www.link2fleet.com\/fr\/wp-json\/wp\/v2\/users\/11"}],"replies":[{"embeddable":true,"href":"https:\/\/www.link2fleet.com\/fr\/wp-json\/wp\/v2\/comments?post=10216"}],"version-history":[{"count":0,"href":"https:\/\/www.link2fleet.com\/fr\/wp-json\/wp\/v2\/posts\/10216\/revisions"}],"wp:featuredmedia":[{"embeddable":true,"href":"https:\/\/www.link2fleet.com\/fr\/wp-json\/wp\/v2\/media\/10217"}],"wp:attachment":[{"href":"https:\/\/www.link2fleet.com\/fr\/wp-json\/wp\/v2\/media?parent=10216"}],"wp:term":[{"taxonomy":"category","embeddable":true,"href":"https:\/\/www.link2fleet.com\/fr\/wp-json\/wp\/v2\/categories?post=10216"},{"taxonomy":"post_tag","embeddable":true,"href":"https:\/\/www.link2fleet.com\/fr\/wp-json\/wp\/v2\/tags?post=10216"}],"curies":[{"name":"wp","href":"https:\/\/api.w.org\/{rel}","templated":true}]}}