{"id":10255,"date":"2023-08-03T06:50:57","date_gmt":"2023-08-03T04:50:57","guid":{"rendered":"https:\/\/www.link2fleet.com\/vab-recoit-avec-lid-buzz-son-premier-vehicule-dintervention-100-electrique\/"},"modified":"2023-08-03T06:50:57","modified_gmt":"2023-08-03T04:50:57","slug":"vab-recoit-avec-lid-buzz-son-premier-vehicule-dintervention-100-electrique","status":"publish","type":"post","link":"https:\/\/www.link2fleet.com\/fr\/vab-recoit-avec-lid-buzz-son-premier-vehicule-dintervention-100-electrique\/","title":{"rendered":"VAB re\u00e7oit avec l&rsquo;ID. Buzz son premier v\u00e9hicule d&rsquo;intervention 100% \u00e9lectrique"},"content":{"rendered":"<p style=\"font-weight: 400;\">L&rsquo;iconique bus de Volkswagen, le T1, s&rsquo;est r\u00e9incarn\u00e9 sous la forme de cet ID.Buzz. C&rsquo;est ce mod\u00e8le qui vient d&rsquo;int\u00e9grer la flotte de v\u00e9hicules d&rsquo;intervention de VAB. Les premiers exemplaires ont \u00e9t\u00e9 livr\u00e9s \u00e0 VAB et accueillis fi\u00e8rement. Il s&rsquo;agit du premier v\u00e9hicule full \u00e9lectrique de ce type destin\u00e9 aux interventions d&rsquo;assistance dans notre pays. VAB croit en la technologie \u00e9lectrique et dans la capacit\u00e9 des v\u00e9hicules, donc l&rsquo;ID.Buzz ne sera pas trait\u00e9 diff\u00e9remment des autres v\u00e9hicules et sera tout simplement int\u00e9gr\u00e9 parmi les mod\u00e8les non-\u00e9lectriques de la flotte d&rsquo;intervention. Il ne sera par exemple pas destin\u00e9 \u00e0 l&rsquo;assistance des v\u00e9hicules \u00e9lectriques. Avec ce mod\u00e8le, les agents d&rsquo;assistance VAB pourront, d\u00e8s septembre, intervenir sur toutes sortes d&rsquo;interventions qu&rsquo;il s&rsquo;agisse d&rsquo;un probl\u00e8me moteur, de d\u00e9marrage ou de pneu plat sur toutes sortes de v\u00e9hicules.<\/p>\n<p><a href=\"https:\/\/www.link2fleet.com\/wp-content\/uploads\/2023\/08\/VAB-ID.-Buzz-6-\u00a9-Wim-Kempenaers.jpg\"><img loading=\"lazy\" decoding=\"async\" class=\"size-large wp-image-1294956\" src=\"https:\/\/www.link2fleet.com\/wp-content\/uploads\/2023\/08\/VAB-ID.-Buzz-6-\u00a9-Wim-Kempenaers-1024x683.jpg\" alt=\"\" width=\"640\" height=\"427\" \/><\/a><\/p>\n<p style=\"font-weight: 400;\"><strong>\u00a0<\/strong><\/p>\n<p>&nbsp;<\/p>\n<p style=\"font-weight: 400;\"><strong>Voitures de remplacement \u00e9lectriques<\/strong><\/p>\n<p>Les personnes qui roulent en \u00e9lectriques sont de plus en plus nombreuses. C&rsquo;est pourquoi VAB a aussi introduit davantage de voitures de remplacement \u00e9lectriques dans sa flotte. 8 Polestar 2 ont \u00e9t\u00e9 ajout\u00e9es en tant que voitures de remplacement. L&rsquo;auto-\u00e9cole VAB propose aussi des le\u00e7ons de conduite avec le Cupra Born. Avec toutes ces initiatives, VAB prend le lead dans notre pays en mati\u00e8re d&rsquo;\u00e9lectrification.<\/p>\n<p style=\"font-weight: 400;\"><strong>\u00a0<\/strong><\/p>\n<p><strong>Pas que des\u00a0bonnes\u00a0nouvelles<\/strong><\/p>\n<p><a href=\"https:\/\/www.link2fleet.com\/wp-content\/uploads\/2023\/08\/VAB-ID.-Buzz-3-\u00a9-Wim-Kempenaers.jpg\"><img loading=\"lazy\" decoding=\"async\" class=\"size-medium wp-image-1294950\" src=\"https:\/\/www.link2fleet.com\/wp-content\/uploads\/2023\/08\/VAB-ID.-Buzz-3-\u00a9-Wim-Kempenaers-300x200.jpg\" alt=\"\" width=\"300\" height=\"200\" \/><\/a><\/p>\n<p>L&rsquo;\u00e9lectrification du parc automobile n&rsquo;est pas toujours un \u00ab\u00a0good news show\u00a0\u00bb. C&rsquo;est en tout cas ce que VAB a remarqu\u00e9 ces derni\u00e8res ann\u00e9es. Contrairement aux id\u00e9es re\u00e7ues, les voitures \u00e9lectriques doivent faire face \u00e0 des pannes tout aussi souvent, voire plus souvent. On pense que les v\u00e9hicules \u00e9lectriques ont surtout besoin d&rsquo;\u00eatre d\u00e9pann\u00e9s \u00e0 cause d&rsquo;une batterie d&rsquo;entra\u00eenement d\u00e9charg\u00e9e, mais c&rsquo;est quasiment jamais le cas. Les principales causes de panne des v\u00e9hicules \u00e9lectriques sont une batterie 12V d\u00e9charg\u00e9e et surtout une d\u00e9faillance des pneus. Ces voitures ont un couple \u00e9lev\u00e9 et, combin\u00e9 au poids \u00e9lev\u00e9 d&rsquo;un tel v\u00e9hicule, cela conduit plus souvent \u00e0 des probl\u00e8mes de pneus.<\/p>\n<p>Remorquer un v\u00e9hicule \u00e9lectrique dont deux ou quatre roues sont bloqu\u00e9es prend \u00e9galement plus de temps. Une telle voiture ne peut pas \u00eatre remorqu\u00e9e de mani\u00e8re traditionnelle. VAB a pr\u00e9vu l&rsquo;\u00e9quipement ad\u00e9quat sur chaque v\u00e9hicule de remorquage, mais comme davantage d&rsquo;op\u00e9rations sont n\u00e9cessaires, un agent d&rsquo;assistance routi\u00e8re peut donc effectuer moins d&rsquo;interventions dans une journ\u00e9e.<\/p>\n<p style=\"font-weight: 400;\">Ainsi, d&rsquo;une part, le nombre d&rsquo;interventions sur les voitures \u00e9lectriques ne diminue pas et, d&rsquo;autre part, le nombre d&rsquo;interventions sur les voitures traditionnelles fonctionnant aux \u00e9nergies fossiles augmente. Le parc automobile de notre pays vieillit de plus en plus. Une voiture en Belgique avait en moyenne 9 ans et 9 mois en 2022, soit une augmentation de 5 mois en un an (chiffres Febiac). Cela r\u00e9sulte en partie du retard des livraisons de nouveaux v\u00e9hicules, mais une autre cause est que le consommateur particulier ne sait plus quelle motorisation choisir pour sa prochaine voiture. Une enqu\u00eate VAB men\u00e9e aupr\u00e8s de 2000 Belges a d\u00e9j\u00e0 montr\u00e9 que 43 % des personnes qui reportent l&rsquo;achat d&rsquo;une nouvelle voiture le font parce qu&rsquo;elles ne sont pas s\u00fbres du groupe motopropulseur \u00e0 choisir. L&rsquo;achat d&rsquo;une voiture p\u00e8se lourd dans le budget familial, c&rsquo;est pourquoi la plupart des consommateurs ne prennent pas cela \u00e0 la l\u00e9g\u00e8re. Par cons\u00e9quent, ils d\u00e9cident souvent de continuer \u00e0 conduire l&rsquo;ancienne voiture plus longtemps.<\/p>\n<p style=\"font-weight: 400;\">Tout cela entra\u00eene un nombre plus \u00e9lev\u00e9 d&rsquo;interventions par voiture, tant pour les voitures \u00e0 \u00e9nergie fossile que pour les voitures enti\u00e8rement \u00e9lectriques. Des interventions plus nombreuses et plus longues signifient des co\u00fbts plus \u00e9lev\u00e9s, quelque chose qui vient s&rsquo;ajouter \u00e0 l&rsquo;inflation. Une \u00e9volution qui inqui\u00e8te quelque peu VAB.<\/p>\n<p style=\"font-weight: 400;\">\n<p style=\"font-weight: 400;\"><strong>Pourquoi une voiture \u00e9lectrique ne peut pas \u00eatre remorqu\u00e9e de mani\u00e8re traditionnelle<\/strong><\/p>\n<p><a href=\"https:\/\/www.link2fleet.com\/wp-content\/uploads\/2023\/08\/VAB-ID.-Buzz-6-\u00a9-Wim-Kempenaers.jpg\"><img loading=\"lazy\" decoding=\"async\" class=\"size-medium wp-image-1294956\" src=\"https:\/\/www.link2fleet.com\/wp-content\/uploads\/2023\/08\/VAB-ID.-Buzz-6-\u00a9-Wim-Kempenaers-300x200.jpg\" alt=\"\" width=\"300\" height=\"200\" \/><\/a><\/p>\n<p style=\"font-weight: 400;\">Lorsque vous poussez ou tirez une voiture \u00e9lectrique, les roues tournent et produisent de l&rsquo;\u00e9lectricit\u00e9, tout comme la dynamo d&rsquo;un v\u00e9lo. Si la voiture fonctionne comme elle le devrait, ce n&rsquo;est pas un probl\u00e8me. Plus encore, les voitures \u00e9lectriques utilisent simplement ce principe pour r\u00e9cup\u00e9rer de l&rsquo;\u00e9nergie, lorsque vous conduisez en descente ou en roue libre, par exemple. Mais si votre voiture ne fonctionne pas correctement parce que la batterie est compl\u00e8tement d\u00e9charg\u00e9e ou qu&rsquo;il y a un probl\u00e8me technique, g\u00e9n\u00e9rer de l&rsquo;\u00e9nergie en faisant tourner les roues pourrait simplement causer des dommages.<\/p>\n<p style=\"font-weight: 400;\">Le principe g\u00e9n\u00e9ral est donc que vous ne devez pas pousser ou tirer une voiture \u00e9lectrique tant que les quatre roues touchent le sol. Cependant, toutes les voitures \u00e9lectriques n&rsquo;ont pas quatre roues motrices. Si les roues non motrices restent sur le sol, il n&rsquo;y a pas de probl\u00e8me. De plus, certains mod\u00e8les peuvent \u00eatre pouss\u00e9s ou remorqu\u00e9s, mais la vitesse est alors limit\u00e9e \u00e0, disons, 15 km\/h maximum et vous n&rsquo;avez le droit de le faire que sur une certaine distance, disons un kilom\u00e8tre et demi. Cela varie d&rsquo;un mod\u00e8le \u00e0 l&rsquo;autre.<\/p>\n","protected":false},"excerpt":{"rendered":"<p>L&rsquo;iconique bus de Volkswagen, le T1, s&rsquo;est r\u00e9incarn\u00e9 sous la forme de cet ID.Buzz. C&rsquo;est ce mod\u00e8le qui vient d&rsquo;int\u00e9grer la flotte de v\u00e9hicules d&rsquo;intervention de VAB. Les premiers exemplaires ont \u00e9t\u00e9 livr\u00e9s \u00e0 VAB et accueillis fi\u00e8rement. Il s&rsquo;agit du premier v\u00e9hicule full \u00e9lectrique de ce type destin\u00e9 aux interventions d&rsquo;assistance dans notre pays. [&hellip;]<\/p>\n","protected":false},"author":4,"featured_media":10256,"comment_status":"closed","ping_status":"closed","sticky":false,"template":"","format":"standard","meta":{"_acf_changed":false,"footnotes":""},"categories":[83,91],"tags":[],"class_list":["post-10255","post","type-post","status-publish","format-standard","has-post-thumbnail","hentry","category-sssurance-risk-management-assistance-et-depannage","category-expertise-et-management"],"acf":[],"yoast_head":"<!-- This site is optimized with the Yoast SEO plugin v27.3 - https:\/\/yoast.com\/product\/yoast-seo-wordpress\/ -->\n<title>VAB re\u00e7oit avec l&#039;ID. Buzz son premier v\u00e9hicule d&#039;intervention 100% \u00e9lectrique - link2fleet<\/title>\n<meta name=\"description\" content=\"L&rsquo;avenir sera de plus en plus \u00e0 l&rsquo;\u00e9lectrique et la flotte de VAB s&rsquo;adapte aussi \u00e0 cette \u00e9volution. Ainsi, VAB a d\u00e9j\u00e0 introduit des v\u00e9hicules\u2026\" \/>\n<meta name=\"robots\" content=\"index, follow, max-snippet:-1, max-image-preview:large, max-video-preview:-1\" \/>\n<meta property=\"og:locale\" content=\"fr_FR\" \/>\n<meta property=\"og:type\" content=\"article\" \/>\n<meta property=\"og:title\" content=\"VAB re\u00e7oit avec l&#039;ID. Buzz son premier v\u00e9hicule d&#039;intervention 100% \u00e9lectrique - link2fleet\" \/>\n<meta property=\"og:description\" content=\"L&rsquo;avenir sera de plus en plus \u00e0 l&rsquo;\u00e9lectrique et la flotte de VAB s&rsquo;adapte aussi \u00e0 cette \u00e9volution. Ainsi, VAB a d\u00e9j\u00e0 introduit des v\u00e9hicules\u2026\" \/>\n<meta property=\"og:url\" content=\"https:\/\/www.link2fleet.com\/fr\/vab-recoit-avec-lid-buzz-son-premier-vehicule-dintervention-100-electrique\/\" \/>\n<meta property=\"og:site_name\" content=\"link2fleet\" \/>\n<meta property=\"article:published_time\" content=\"2023-08-03T04:50:57+00:00\" \/>\n<meta property=\"og:image\" content=\"https:\/\/static.link2fleet.com\/wp-content\/uploads\/2024\/03\/vab-id-buzz-1-wim-kempenaers.jpg\" \/>\n\t<meta property=\"og:image:width\" content=\"1641\" \/>\n\t<meta property=\"og:image:height\" content=\"1094\" \/>\n\t<meta property=\"og:image:type\" content=\"image\/jpeg\" \/>\n<meta name=\"author\" content=\"Damien Malvetti\" \/>\n<meta name=\"twitter:card\" content=\"summary_large_image\" \/>\n<meta name=\"twitter:description\" content=\"L&rsquo;avenir sera de plus en plus \u00e0 l&rsquo;\u00e9lectrique et la flotte de VAB s&rsquo;adapte aussi \u00e0 cette \u00e9volution. Ainsi, VAB a d\u00e9j\u00e0 introduit des v\u00e9hicules\u2026\" \/>\n<meta name=\"twitter:label1\" content=\"\u00c9crit par\" \/>\n\t<meta name=\"twitter:data1\" content=\"Damien Malvetti\" \/>\n\t<meta name=\"twitter:label2\" content=\"Dur\u00e9e de lecture estim\u00e9e\" \/>\n\t<meta name=\"twitter:data2\" content=\"4 minutes\" \/>\n<script type=\"application\/ld+json\" class=\"yoast-schema-graph\">{\"@context\":\"https:\\\/\\\/schema.org\",\"@graph\":[{\"@type\":\"Article\",\"@id\":\"https:\\\/\\\/www.link2fleet.com\\\/fr\\\/vab-recoit-avec-lid-buzz-son-premier-vehicule-dintervention-100-electrique\\\/#article\",\"isPartOf\":{\"@id\":\"https:\\\/\\\/www.link2fleet.com\\\/fr\\\/vab-recoit-avec-lid-buzz-son-premier-vehicule-dintervention-100-electrique\\\/\"},\"author\":{\"name\":\"Damien Malvetti\",\"@id\":\"https:\\\/\\\/www.link2fleet.com\\\/fr\\\/#\\\/schema\\\/person\\\/027cd46113c78036b3809c9a054049da\"},\"headline\":\"VAB re\u00e7oit avec l&rsquo;ID. Buzz son premier v\u00e9hicule d&rsquo;intervention 100% \u00e9lectrique\",\"datePublished\":\"2023-08-03T04:50:57+00:00\",\"mainEntityOfPage\":{\"@id\":\"https:\\\/\\\/www.link2fleet.com\\\/fr\\\/vab-recoit-avec-lid-buzz-son-premier-vehicule-dintervention-100-electrique\\\/\"},\"wordCount\":919,\"publisher\":{\"@id\":\"https:\\\/\\\/www.link2fleet.com\\\/fr\\\/#organization\"},\"image\":{\"@id\":\"https:\\\/\\\/www.link2fleet.com\\\/fr\\\/vab-recoit-avec-lid-buzz-son-premier-vehicule-dintervention-100-electrique\\\/#primaryimage\"},\"thumbnailUrl\":\"https:\\\/\\\/static.link2fleet.com\\\/wp-content\\\/uploads\\\/2024\\\/03\\\/vab-id-buzz-1-wim-kempenaers.jpg\",\"articleSection\":[\"Assurances et assistance\",\"Gestion de flotte\"],\"inLanguage\":\"fr-FR\"},{\"@type\":\"WebPage\",\"@id\":\"https:\\\/\\\/www.link2fleet.com\\\/fr\\\/vab-recoit-avec-lid-buzz-son-premier-vehicule-dintervention-100-electrique\\\/\",\"url\":\"https:\\\/\\\/www.link2fleet.com\\\/fr\\\/vab-recoit-avec-lid-buzz-son-premier-vehicule-dintervention-100-electrique\\\/\",\"name\":\"VAB re\u00e7oit avec l'ID. Buzz son premier v\u00e9hicule d'intervention 100% \u00e9lectrique - link2fleet\",\"isPartOf\":{\"@id\":\"https:\\\/\\\/www.link2fleet.com\\\/fr\\\/#website\"},\"primaryImageOfPage\":{\"@id\":\"https:\\\/\\\/www.link2fleet.com\\\/fr\\\/vab-recoit-avec-lid-buzz-son-premier-vehicule-dintervention-100-electrique\\\/#primaryimage\"},\"image\":{\"@id\":\"https:\\\/\\\/www.link2fleet.com\\\/fr\\\/vab-recoit-avec-lid-buzz-son-premier-vehicule-dintervention-100-electrique\\\/#primaryimage\"},\"thumbnailUrl\":\"https:\\\/\\\/static.link2fleet.com\\\/wp-content\\\/uploads\\\/2024\\\/03\\\/vab-id-buzz-1-wim-kempenaers.jpg\",\"datePublished\":\"2023-08-03T04:50:57+00:00\",\"breadcrumb\":{\"@id\":\"https:\\\/\\\/www.link2fleet.com\\\/fr\\\/vab-recoit-avec-lid-buzz-son-premier-vehicule-dintervention-100-electrique\\\/#breadcrumb\"},\"inLanguage\":\"fr-FR\",\"potentialAction\":[{\"@type\":\"ReadAction\",\"target\":[\"https:\\\/\\\/www.link2fleet.com\\\/fr\\\/vab-recoit-avec-lid-buzz-son-premier-vehicule-dintervention-100-electrique\\\/\"]}]},{\"@type\":\"ImageObject\",\"inLanguage\":\"fr-FR\",\"@id\":\"https:\\\/\\\/www.link2fleet.com\\\/fr\\\/vab-recoit-avec-lid-buzz-son-premier-vehicule-dintervention-100-electrique\\\/#primaryimage\",\"url\":\"https:\\\/\\\/static.link2fleet.com\\\/wp-content\\\/uploads\\\/2024\\\/03\\\/vab-id-buzz-1-wim-kempenaers.jpg\",\"contentUrl\":\"https:\\\/\\\/static.link2fleet.com\\\/wp-content\\\/uploads\\\/2024\\\/03\\\/vab-id-buzz-1-wim-kempenaers.jpg\",\"width\":1641,\"height\":1094,\"caption\":\"VAB eBUZZ voor wegenwachters wordt in dienst genomen|VAB eBUZZ voor wegenwachters wordt in dienst genomen|VAB eBUZZ voor wegenwachters wordt in dienst genomen|VAB eBUZZ voor wegenwachters wordt in dienst genomen|VAB eBUZZ voor wegenwachters wordt in dienst genomen|VAB eBUZZ voor wegenwachters wordt in dienst genomen|VAB eBUZZ voor wegenwachters wordt in dienst genomen\"},{\"@type\":\"BreadcrumbList\",\"@id\":\"https:\\\/\\\/www.link2fleet.com\\\/fr\\\/vab-recoit-avec-lid-buzz-son-premier-vehicule-dintervention-100-electrique\\\/#breadcrumb\",\"itemListElement\":[{\"@type\":\"ListItem\",\"position\":1,\"name\":\"Home\",\"item\":\"https:\\\/\\\/www.link2fleet.com\\\/fr\\\/\"},{\"@type\":\"ListItem\",\"position\":2,\"name\":\"VAB re\u00e7oit avec l&#8217;ID. Buzz son premier v\u00e9hicule d&#8217;intervention 100% \u00e9lectrique\"}]},{\"@type\":\"WebSite\",\"@id\":\"https:\\\/\\\/www.link2fleet.com\\\/fr\\\/#website\",\"url\":\"https:\\\/\\\/www.link2fleet.com\\\/fr\\\/\",\"name\":\"Link2fleet\",\"description\":\"\",\"publisher\":{\"@id\":\"https:\\\/\\\/www.link2fleet.com\\\/fr\\\/#organization\"},\"potentialAction\":[{\"@type\":\"SearchAction\",\"target\":{\"@type\":\"EntryPoint\",\"urlTemplate\":\"https:\\\/\\\/www.link2fleet.com\\\/fr\\\/?s={search_term_string}\"},\"query-input\":{\"@type\":\"PropertyValueSpecification\",\"valueRequired\":true,\"valueName\":\"search_term_string\"}}],\"inLanguage\":\"fr-FR\"},{\"@type\":\"Organization\",\"@id\":\"https:\\\/\\\/www.link2fleet.com\\\/fr\\\/#organization\",\"name\":\"Link2fleet\",\"url\":\"https:\\\/\\\/www.link2fleet.com\\\/fr\\\/\",\"logo\":{\"@type\":\"ImageObject\",\"inLanguage\":\"fr-FR\",\"@id\":\"https:\\\/\\\/www.link2fleet.com\\\/fr\\\/#\\\/schema\\\/logo\\\/image\\\/\",\"url\":\"https:\\\/\\\/static.link2fleet.com\\\/wp-content\\\/uploads\\\/2024\\\/03\\\/share-image.jpg\",\"contentUrl\":\"https:\\\/\\\/static.link2fleet.com\\\/wp-content\\\/uploads\\\/2024\\\/03\\\/share-image.jpg\",\"width\":1200,\"height\":630,\"caption\":\"Link2fleet\"},\"image\":{\"@id\":\"https:\\\/\\\/www.link2fleet.com\\\/fr\\\/#\\\/schema\\\/logo\\\/image\\\/\"},\"sameAs\":[\"https:\\\/\\\/www.linkedin.com\\\/company\\\/link2fleet-belgium\",\"https:\\\/\\\/www.youtube.com\\\/user\\\/MMMBMBE\"]},{\"@type\":\"Person\",\"@id\":\"https:\\\/\\\/www.link2fleet.com\\\/fr\\\/#\\\/schema\\\/person\\\/027cd46113c78036b3809c9a054049da\",\"name\":\"Damien Malvetti\",\"image\":{\"@type\":\"ImageObject\",\"inLanguage\":\"fr-FR\",\"@id\":\"https:\\\/\\\/secure.gravatar.com\\\/avatar\\\/dd8cc03b49466c735f753ac37f8caa371af16dfed347456ed61f02883255eebb?s=96&d=mm&r=g\",\"url\":\"https:\\\/\\\/secure.gravatar.com\\\/avatar\\\/dd8cc03b49466c735f753ac37f8caa371af16dfed347456ed61f02883255eebb?s=96&d=mm&r=g\",\"contentUrl\":\"https:\\\/\\\/secure.gravatar.com\\\/avatar\\\/dd8cc03b49466c735f753ac37f8caa371af16dfed347456ed61f02883255eebb?s=96&d=mm&r=g\",\"caption\":\"Damien Malvetti\"},\"description\":\"Damien Malvetti is opgeleid als journalist en gepassioneerd door wagens, technologie en mobiliteit. Hij is verantwoordelijk voor de redactionele inhoud van link2fleet en beschikt over een uitgebreide kennis van de fleet-sector en elektrische mobiliteit.\",\"sameAs\":[\"https:\\\/\\\/www.linkedin.com\\\/in\\\/damien-malvetti-56601142\\\/\"]}]}<\/script>\n<!-- \/ Yoast SEO plugin. -->","yoast_head_json":{"title":"VAB re\u00e7oit avec l'ID. Buzz son premier v\u00e9hicule d'intervention 100% \u00e9lectrique - link2fleet","description":"L&rsquo;avenir sera de plus en plus \u00e0 l&rsquo;\u00e9lectrique et la flotte de VAB s&rsquo;adapte aussi \u00e0 cette \u00e9volution. Ainsi, VAB a d\u00e9j\u00e0 introduit des v\u00e9hicules\u2026","robots":{"index":"index","follow":"follow","max-snippet":"max-snippet:-1","max-image-preview":"max-image-preview:large","max-video-preview":"max-video-preview:-1"},"og_locale":"fr_FR","og_type":"article","og_title":"VAB re\u00e7oit avec l'ID. Buzz son premier v\u00e9hicule d'intervention 100% \u00e9lectrique - link2fleet","og_description":"L&rsquo;avenir sera de plus en plus \u00e0 l&rsquo;\u00e9lectrique et la flotte de VAB s&rsquo;adapte aussi \u00e0 cette \u00e9volution. Ainsi, VAB a d\u00e9j\u00e0 introduit des v\u00e9hicules\u2026","og_url":"https:\/\/www.link2fleet.com\/fr\/vab-recoit-avec-lid-buzz-son-premier-vehicule-dintervention-100-electrique\/","og_site_name":"link2fleet","article_published_time":"2023-08-03T04:50:57+00:00","og_image":[{"width":1641,"height":1094,"url":"https:\/\/static.link2fleet.com\/wp-content\/uploads\/2024\/03\/vab-id-buzz-1-wim-kempenaers.jpg","type":"image\/jpeg"}],"author":"Damien Malvetti","twitter_card":"summary_large_image","twitter_description":"L&rsquo;avenir sera de plus en plus \u00e0 l&rsquo;\u00e9lectrique et la flotte de VAB s&rsquo;adapte aussi \u00e0 cette \u00e9volution. Ainsi, VAB a d\u00e9j\u00e0 introduit des v\u00e9hicules\u2026","twitter_misc":{"\u00c9crit par":"Damien Malvetti","Dur\u00e9e de lecture estim\u00e9e":"4 minutes"},"schema":{"@context":"https:\/\/schema.org","@graph":[{"@type":"Article","@id":"https:\/\/www.link2fleet.com\/fr\/vab-recoit-avec-lid-buzz-son-premier-vehicule-dintervention-100-electrique\/#article","isPartOf":{"@id":"https:\/\/www.link2fleet.com\/fr\/vab-recoit-avec-lid-buzz-son-premier-vehicule-dintervention-100-electrique\/"},"author":{"name":"Damien Malvetti","@id":"https:\/\/www.link2fleet.com\/fr\/#\/schema\/person\/027cd46113c78036b3809c9a054049da"},"headline":"VAB re\u00e7oit avec l&rsquo;ID. Buzz son premier v\u00e9hicule d&rsquo;intervention 100% \u00e9lectrique","datePublished":"2023-08-03T04:50:57+00:00","mainEntityOfPage":{"@id":"https:\/\/www.link2fleet.com\/fr\/vab-recoit-avec-lid-buzz-son-premier-vehicule-dintervention-100-electrique\/"},"wordCount":919,"publisher":{"@id":"https:\/\/www.link2fleet.com\/fr\/#organization"},"image":{"@id":"https:\/\/www.link2fleet.com\/fr\/vab-recoit-avec-lid-buzz-son-premier-vehicule-dintervention-100-electrique\/#primaryimage"},"thumbnailUrl":"https:\/\/static.link2fleet.com\/wp-content\/uploads\/2024\/03\/vab-id-buzz-1-wim-kempenaers.jpg","articleSection":["Assurances et assistance","Gestion de flotte"],"inLanguage":"fr-FR"},{"@type":"WebPage","@id":"https:\/\/www.link2fleet.com\/fr\/vab-recoit-avec-lid-buzz-son-premier-vehicule-dintervention-100-electrique\/","url":"https:\/\/www.link2fleet.com\/fr\/vab-recoit-avec-lid-buzz-son-premier-vehicule-dintervention-100-electrique\/","name":"VAB re\u00e7oit avec l'ID. Buzz son premier v\u00e9hicule d'intervention 100% \u00e9lectrique - link2fleet","isPartOf":{"@id":"https:\/\/www.link2fleet.com\/fr\/#website"},"primaryImageOfPage":{"@id":"https:\/\/www.link2fleet.com\/fr\/vab-recoit-avec-lid-buzz-son-premier-vehicule-dintervention-100-electrique\/#primaryimage"},"image":{"@id":"https:\/\/www.link2fleet.com\/fr\/vab-recoit-avec-lid-buzz-son-premier-vehicule-dintervention-100-electrique\/#primaryimage"},"thumbnailUrl":"https:\/\/static.link2fleet.com\/wp-content\/uploads\/2024\/03\/vab-id-buzz-1-wim-kempenaers.jpg","datePublished":"2023-08-03T04:50:57+00:00","breadcrumb":{"@id":"https:\/\/www.link2fleet.com\/fr\/vab-recoit-avec-lid-buzz-son-premier-vehicule-dintervention-100-electrique\/#breadcrumb"},"inLanguage":"fr-FR","potentialAction":[{"@type":"ReadAction","target":["https:\/\/www.link2fleet.com\/fr\/vab-recoit-avec-lid-buzz-son-premier-vehicule-dintervention-100-electrique\/"]}]},{"@type":"ImageObject","inLanguage":"fr-FR","@id":"https:\/\/www.link2fleet.com\/fr\/vab-recoit-avec-lid-buzz-son-premier-vehicule-dintervention-100-electrique\/#primaryimage","url":"https:\/\/static.link2fleet.com\/wp-content\/uploads\/2024\/03\/vab-id-buzz-1-wim-kempenaers.jpg","contentUrl":"https:\/\/static.link2fleet.com\/wp-content\/uploads\/2024\/03\/vab-id-buzz-1-wim-kempenaers.jpg","width":1641,"height":1094,"caption":"VAB eBUZZ voor wegenwachters wordt in dienst genomen|VAB eBUZZ voor wegenwachters wordt in dienst genomen|VAB eBUZZ voor wegenwachters wordt in dienst genomen|VAB eBUZZ voor wegenwachters wordt in dienst genomen|VAB eBUZZ voor wegenwachters wordt in dienst genomen|VAB eBUZZ voor wegenwachters wordt in dienst genomen|VAB eBUZZ voor wegenwachters wordt in dienst genomen"},{"@type":"BreadcrumbList","@id":"https:\/\/www.link2fleet.com\/fr\/vab-recoit-avec-lid-buzz-son-premier-vehicule-dintervention-100-electrique\/#breadcrumb","itemListElement":[{"@type":"ListItem","position":1,"name":"Home","item":"https:\/\/www.link2fleet.com\/fr\/"},{"@type":"ListItem","position":2,"name":"VAB re\u00e7oit avec l&#8217;ID. Buzz son premier v\u00e9hicule d&#8217;intervention 100% \u00e9lectrique"}]},{"@type":"WebSite","@id":"https:\/\/www.link2fleet.com\/fr\/#website","url":"https:\/\/www.link2fleet.com\/fr\/","name":"Link2fleet","description":"","publisher":{"@id":"https:\/\/www.link2fleet.com\/fr\/#organization"},"potentialAction":[{"@type":"SearchAction","target":{"@type":"EntryPoint","urlTemplate":"https:\/\/www.link2fleet.com\/fr\/?s={search_term_string}"},"query-input":{"@type":"PropertyValueSpecification","valueRequired":true,"valueName":"search_term_string"}}],"inLanguage":"fr-FR"},{"@type":"Organization","@id":"https:\/\/www.link2fleet.com\/fr\/#organization","name":"Link2fleet","url":"https:\/\/www.link2fleet.com\/fr\/","logo":{"@type":"ImageObject","inLanguage":"fr-FR","@id":"https:\/\/www.link2fleet.com\/fr\/#\/schema\/logo\/image\/","url":"https:\/\/static.link2fleet.com\/wp-content\/uploads\/2024\/03\/share-image.jpg","contentUrl":"https:\/\/static.link2fleet.com\/wp-content\/uploads\/2024\/03\/share-image.jpg","width":1200,"height":630,"caption":"Link2fleet"},"image":{"@id":"https:\/\/www.link2fleet.com\/fr\/#\/schema\/logo\/image\/"},"sameAs":["https:\/\/www.linkedin.com\/company\/link2fleet-belgium","https:\/\/www.youtube.com\/user\/MMMBMBE"]},{"@type":"Person","@id":"https:\/\/www.link2fleet.com\/fr\/#\/schema\/person\/027cd46113c78036b3809c9a054049da","name":"Damien Malvetti","image":{"@type":"ImageObject","inLanguage":"fr-FR","@id":"https:\/\/secure.gravatar.com\/avatar\/dd8cc03b49466c735f753ac37f8caa371af16dfed347456ed61f02883255eebb?s=96&d=mm&r=g","url":"https:\/\/secure.gravatar.com\/avatar\/dd8cc03b49466c735f753ac37f8caa371af16dfed347456ed61f02883255eebb?s=96&d=mm&r=g","contentUrl":"https:\/\/secure.gravatar.com\/avatar\/dd8cc03b49466c735f753ac37f8caa371af16dfed347456ed61f02883255eebb?s=96&d=mm&r=g","caption":"Damien Malvetti"},"description":"Damien Malvetti is opgeleid als journalist en gepassioneerd door wagens, technologie en mobiliteit. Hij is verantwoordelijk voor de redactionele inhoud van link2fleet en beschikt over een uitgebreide kennis van de fleet-sector en elektrische mobiliteit.","sameAs":["https:\/\/www.linkedin.com\/in\/damien-malvetti-56601142\/"]}]}},"_links":{"self":[{"href":"https:\/\/www.link2fleet.com\/fr\/wp-json\/wp\/v2\/posts\/10255","targetHints":{"allow":["GET"]}}],"collection":[{"href":"https:\/\/www.link2fleet.com\/fr\/wp-json\/wp\/v2\/posts"}],"about":[{"href":"https:\/\/www.link2fleet.com\/fr\/wp-json\/wp\/v2\/types\/post"}],"author":[{"embeddable":true,"href":"https:\/\/www.link2fleet.com\/fr\/wp-json\/wp\/v2\/users\/4"}],"replies":[{"embeddable":true,"href":"https:\/\/www.link2fleet.com\/fr\/wp-json\/wp\/v2\/comments?post=10255"}],"version-history":[{"count":0,"href":"https:\/\/www.link2fleet.com\/fr\/wp-json\/wp\/v2\/posts\/10255\/revisions"}],"wp:featuredmedia":[{"embeddable":true,"href":"https:\/\/www.link2fleet.com\/fr\/wp-json\/wp\/v2\/media\/10256"}],"wp:attachment":[{"href":"https:\/\/www.link2fleet.com\/fr\/wp-json\/wp\/v2\/media?parent=10255"}],"wp:term":[{"taxonomy":"category","embeddable":true,"href":"https:\/\/www.link2fleet.com\/fr\/wp-json\/wp\/v2\/categories?post=10255"},{"taxonomy":"post_tag","embeddable":true,"href":"https:\/\/www.link2fleet.com\/fr\/wp-json\/wp\/v2\/tags?post=10255"}],"curies":[{"name":"wp","href":"https:\/\/api.w.org\/{rel}","templated":true}]}}