{"id":10274,"date":"2023-08-03T15:15:16","date_gmt":"2023-08-03T13:15:16","guid":{"rendered":"https:\/\/www.link2fleet.com\/lindemnite-kilometrique-revue-a-la-baisse-a-partir-du-1er-juillet\/"},"modified":"2023-08-03T15:15:16","modified_gmt":"2023-08-03T13:15:16","slug":"lindemnite-kilometrique-revue-a-la-baisse-a-partir-du-1er-juillet","status":"publish","type":"post","link":"https:\/\/www.link2fleet.com\/fr\/lindemnite-kilometrique-revue-a-la-baisse-a-partir-du-1er-juillet\/","title":{"rendered":"L&rsquo;indemnit\u00e9 kilom\u00e9trique revue \u00e0 la baisse \u00e0 partir du 1er juillet"},"content":{"rendered":"<p>Pour rappel, l&rsquo;indemnit\u00e9 kilom\u00e9trique est accord\u00e9 aux employ\u00e9s qui effectuent des d\u00e9placements professionnels avec leur v\u00e9hicule personnel afin d&rsquo;en couvrir les frais. Son montant \u00e9tait jusqu&rsquo;il y a peu fix\u00e9 2 fois par an, mais le syst\u00e8me a \u00e9t\u00e9 revu en octobre de l&rsquo;ann\u00e9e derni\u00e8re et fait d\u00e9sormais l&rsquo;objet d&rsquo;une r\u00e9vision trimestrielle.<\/p>\n<p>Le montant maximal de l&rsquo;indemnit\u00e9 kilom\u00e9trique avait ainsi \u00e9t\u00e9 fix\u00e9 \u00e0 0,4246 euros\/km pour la p\u00e9riode du 1er avril au 30 juin 2023. A dater du 1er juillet, ce montant a \u00e9t\u00e9 revu \u00e0 la baisse pour atteindre 0,4237 euros\/km en raison de la baisse de l&rsquo;inflation. Ce montant restera d&rsquo;application jusqu&rsquo;au 30 septembre prochain.<\/p>\n<p>Le nouveau montant a \u00e9t\u00e9 publi\u00e9 officiellement au Moniteur belge du 28 juillet 2023 dans la Circulaire n\u00b0721 du SPF.<\/p>\n","protected":false},"excerpt":{"rendered":"<p>Pour rappel, l&rsquo;indemnit\u00e9 kilom\u00e9trique est accord\u00e9 aux employ\u00e9s qui effectuent des d\u00e9placements professionnels avec leur v\u00e9hicule personnel afin d&rsquo;en couvrir les frais. Son montant \u00e9tait jusqu&rsquo;il y a peu fix\u00e9 2 fois par an, mais le syst\u00e8me a \u00e9t\u00e9 revu en octobre de l&rsquo;ann\u00e9e derni\u00e8re et fait d\u00e9sormais l&rsquo;objet d&rsquo;une r\u00e9vision trimestrielle. Le montant maximal [&hellip;]<\/p>\n","protected":false},"author":4,"featured_media":10275,"comment_status":"closed","ping_status":"closed","sticky":false,"template":"","format":"standard","meta":{"_acf_changed":false,"footnotes":""},"categories":[91,101],"tags":[],"class_list":["post-10274","post","type-post","status-publish","format-standard","has-post-thumbnail","hentry","category-expertise-et-management","category-tax-legal"],"acf":[],"yoast_head":"<!-- This site is optimized with the Yoast SEO plugin v27.3 - https:\/\/yoast.com\/product\/yoast-seo-wordpress\/ -->\n<title>L&#039;indemnit\u00e9 kilom\u00e9trique revue \u00e0 la baisse \u00e0 partir du 1er juillet - link2fleet<\/title>\n<meta name=\"description\" content=\"Mauvaise nouvelle pour les travailleurs qui re\u00e7oivent une indemnit\u00e9 kilom\u00e9trique de leur employeur pour leurs d\u00e9placements professionnels avec leur v\u00e9hicule personnel: son montant maximum vient\u2026\" \/>\n<meta name=\"robots\" content=\"index, follow, max-snippet:-1, max-image-preview:large, max-video-preview:-1\" \/>\n<meta property=\"og:locale\" content=\"fr_FR\" \/>\n<meta property=\"og:type\" content=\"article\" \/>\n<meta property=\"og:title\" content=\"L&#039;indemnit\u00e9 kilom\u00e9trique revue \u00e0 la baisse \u00e0 partir du 1er juillet - link2fleet\" \/>\n<meta property=\"og:description\" content=\"Mauvaise nouvelle pour les travailleurs qui re\u00e7oivent une indemnit\u00e9 kilom\u00e9trique de leur employeur pour leurs d\u00e9placements professionnels avec leur v\u00e9hicule personnel: son montant maximum vient\u2026\" \/>\n<meta property=\"og:url\" content=\"https:\/\/www.link2fleet.com\/fr\/lindemnite-kilometrique-revue-a-la-baisse-a-partir-du-1er-juillet\/\" \/>\n<meta property=\"og:site_name\" content=\"link2fleet\" \/>\n<meta property=\"article:published_time\" content=\"2023-08-03T13:15:16+00:00\" \/>\n<meta property=\"og:image\" content=\"https:\/\/static.link2fleet.com\/wp-content\/uploads\/2024\/03\/istockphoto-1158627218-612x612-1.jpg\" \/>\n\t<meta property=\"og:image:width\" content=\"612\" \/>\n\t<meta property=\"og:image:height\" content=\"362\" \/>\n\t<meta property=\"og:image:type\" content=\"image\/jpeg\" \/>\n<meta name=\"author\" content=\"Damien Malvetti\" \/>\n<meta name=\"twitter:card\" content=\"summary_large_image\" \/>\n<meta name=\"twitter:description\" content=\"Mauvaise nouvelle pour les travailleurs qui re\u00e7oivent une indemnit\u00e9 kilom\u00e9trique de leur employeur pour leurs d\u00e9placements professionnels avec leur v\u00e9hicule personnel: son montant maximum vient\u2026\" \/>\n<meta name=\"twitter:label1\" content=\"\u00c9crit par\" \/>\n\t<meta name=\"twitter:data1\" content=\"Damien Malvetti\" \/>\n\t<meta name=\"twitter:label2\" content=\"Dur\u00e9e de lecture estim\u00e9e\" \/>\n\t<meta name=\"twitter:data2\" content=\"1 minute\" \/>\n<script type=\"application\/ld+json\" class=\"yoast-schema-graph\">{\"@context\":\"https:\\\/\\\/schema.org\",\"@graph\":[{\"@type\":\"Article\",\"@id\":\"https:\\\/\\\/www.link2fleet.com\\\/fr\\\/lindemnite-kilometrique-revue-a-la-baisse-a-partir-du-1er-juillet\\\/#article\",\"isPartOf\":{\"@id\":\"https:\\\/\\\/www.link2fleet.com\\\/fr\\\/lindemnite-kilometrique-revue-a-la-baisse-a-partir-du-1er-juillet\\\/\"},\"author\":{\"name\":\"Damien Malvetti\",\"@id\":\"https:\\\/\\\/www.link2fleet.com\\\/fr\\\/#\\\/schema\\\/person\\\/027cd46113c78036b3809c9a054049da\"},\"headline\":\"L&rsquo;indemnit\u00e9 kilom\u00e9trique revue \u00e0 la baisse \u00e0 partir du 1er juillet\",\"datePublished\":\"2023-08-03T13:15:16+00:00\",\"mainEntityOfPage\":{\"@id\":\"https:\\\/\\\/www.link2fleet.com\\\/fr\\\/lindemnite-kilometrique-revue-a-la-baisse-a-partir-du-1er-juillet\\\/\"},\"wordCount\":151,\"publisher\":{\"@id\":\"https:\\\/\\\/www.link2fleet.com\\\/fr\\\/#organization\"},\"image\":{\"@id\":\"https:\\\/\\\/www.link2fleet.com\\\/fr\\\/lindemnite-kilometrique-revue-a-la-baisse-a-partir-du-1er-juillet\\\/#primaryimage\"},\"thumbnailUrl\":\"https:\\\/\\\/static.link2fleet.com\\\/wp-content\\\/uploads\\\/2024\\\/03\\\/istockphoto-1158627218-612x612-1.jpg\",\"articleSection\":[\"Gestion de flotte\",\"Tax &amp; legal\"],\"inLanguage\":\"fr-FR\"},{\"@type\":\"WebPage\",\"@id\":\"https:\\\/\\\/www.link2fleet.com\\\/fr\\\/lindemnite-kilometrique-revue-a-la-baisse-a-partir-du-1er-juillet\\\/\",\"url\":\"https:\\\/\\\/www.link2fleet.com\\\/fr\\\/lindemnite-kilometrique-revue-a-la-baisse-a-partir-du-1er-juillet\\\/\",\"name\":\"L'indemnit\u00e9 kilom\u00e9trique revue \u00e0 la baisse \u00e0 partir du 1er juillet - link2fleet\",\"isPartOf\":{\"@id\":\"https:\\\/\\\/www.link2fleet.com\\\/fr\\\/#website\"},\"primaryImageOfPage\":{\"@id\":\"https:\\\/\\\/www.link2fleet.com\\\/fr\\\/lindemnite-kilometrique-revue-a-la-baisse-a-partir-du-1er-juillet\\\/#primaryimage\"},\"image\":{\"@id\":\"https:\\\/\\\/www.link2fleet.com\\\/fr\\\/lindemnite-kilometrique-revue-a-la-baisse-a-partir-du-1er-juillet\\\/#primaryimage\"},\"thumbnailUrl\":\"https:\\\/\\\/static.link2fleet.com\\\/wp-content\\\/uploads\\\/2024\\\/03\\\/istockphoto-1158627218-612x612-1.jpg\",\"datePublished\":\"2023-08-03T13:15:16+00:00\",\"breadcrumb\":{\"@id\":\"https:\\\/\\\/www.link2fleet.com\\\/fr\\\/lindemnite-kilometrique-revue-a-la-baisse-a-partir-du-1er-juillet\\\/#breadcrumb\"},\"inLanguage\":\"fr-FR\",\"potentialAction\":[{\"@type\":\"ReadAction\",\"target\":[\"https:\\\/\\\/www.link2fleet.com\\\/fr\\\/lindemnite-kilometrique-revue-a-la-baisse-a-partir-du-1er-juillet\\\/\"]}]},{\"@type\":\"ImageObject\",\"inLanguage\":\"fr-FR\",\"@id\":\"https:\\\/\\\/www.link2fleet.com\\\/fr\\\/lindemnite-kilometrique-revue-a-la-baisse-a-partir-du-1er-juillet\\\/#primaryimage\",\"url\":\"https:\\\/\\\/static.link2fleet.com\\\/wp-content\\\/uploads\\\/2024\\\/03\\\/istockphoto-1158627218-612x612-1.jpg\",\"contentUrl\":\"https:\\\/\\\/static.link2fleet.com\\\/wp-content\\\/uploads\\\/2024\\\/03\\\/istockphoto-1158627218-612x612-1.jpg\",\"width\":612,\"height\":362,\"caption\":\"Car and stack of coin. Saving money for car concept. Car finance\"},{\"@type\":\"BreadcrumbList\",\"@id\":\"https:\\\/\\\/www.link2fleet.com\\\/fr\\\/lindemnite-kilometrique-revue-a-la-baisse-a-partir-du-1er-juillet\\\/#breadcrumb\",\"itemListElement\":[{\"@type\":\"ListItem\",\"position\":1,\"name\":\"Home\",\"item\":\"https:\\\/\\\/www.link2fleet.com\\\/fr\\\/\"},{\"@type\":\"ListItem\",\"position\":2,\"name\":\"L&#8217;indemnit\u00e9 kilom\u00e9trique revue \u00e0 la baisse \u00e0 partir du 1er juillet\"}]},{\"@type\":\"WebSite\",\"@id\":\"https:\\\/\\\/www.link2fleet.com\\\/fr\\\/#website\",\"url\":\"https:\\\/\\\/www.link2fleet.com\\\/fr\\\/\",\"name\":\"Link2fleet\",\"description\":\"\",\"publisher\":{\"@id\":\"https:\\\/\\\/www.link2fleet.com\\\/fr\\\/#organization\"},\"potentialAction\":[{\"@type\":\"SearchAction\",\"target\":{\"@type\":\"EntryPoint\",\"urlTemplate\":\"https:\\\/\\\/www.link2fleet.com\\\/fr\\\/?s={search_term_string}\"},\"query-input\":{\"@type\":\"PropertyValueSpecification\",\"valueRequired\":true,\"valueName\":\"search_term_string\"}}],\"inLanguage\":\"fr-FR\"},{\"@type\":\"Organization\",\"@id\":\"https:\\\/\\\/www.link2fleet.com\\\/fr\\\/#organization\",\"name\":\"Link2fleet\",\"url\":\"https:\\\/\\\/www.link2fleet.com\\\/fr\\\/\",\"logo\":{\"@type\":\"ImageObject\",\"inLanguage\":\"fr-FR\",\"@id\":\"https:\\\/\\\/www.link2fleet.com\\\/fr\\\/#\\\/schema\\\/logo\\\/image\\\/\",\"url\":\"https:\\\/\\\/static.link2fleet.com\\\/wp-content\\\/uploads\\\/2024\\\/03\\\/share-image.jpg\",\"contentUrl\":\"https:\\\/\\\/static.link2fleet.com\\\/wp-content\\\/uploads\\\/2024\\\/03\\\/share-image.jpg\",\"width\":1200,\"height\":630,\"caption\":\"Link2fleet\"},\"image\":{\"@id\":\"https:\\\/\\\/www.link2fleet.com\\\/fr\\\/#\\\/schema\\\/logo\\\/image\\\/\"},\"sameAs\":[\"https:\\\/\\\/www.linkedin.com\\\/company\\\/link2fleet-belgium\",\"https:\\\/\\\/www.youtube.com\\\/user\\\/MMMBMBE\"]},{\"@type\":\"Person\",\"@id\":\"https:\\\/\\\/www.link2fleet.com\\\/fr\\\/#\\\/schema\\\/person\\\/027cd46113c78036b3809c9a054049da\",\"name\":\"Damien Malvetti\",\"image\":{\"@type\":\"ImageObject\",\"inLanguage\":\"fr-FR\",\"@id\":\"https:\\\/\\\/secure.gravatar.com\\\/avatar\\\/dd8cc03b49466c735f753ac37f8caa371af16dfed347456ed61f02883255eebb?s=96&d=mm&r=g\",\"url\":\"https:\\\/\\\/secure.gravatar.com\\\/avatar\\\/dd8cc03b49466c735f753ac37f8caa371af16dfed347456ed61f02883255eebb?s=96&d=mm&r=g\",\"contentUrl\":\"https:\\\/\\\/secure.gravatar.com\\\/avatar\\\/dd8cc03b49466c735f753ac37f8caa371af16dfed347456ed61f02883255eebb?s=96&d=mm&r=g\",\"caption\":\"Damien Malvetti\"},\"description\":\"Damien Malvetti is opgeleid als journalist en gepassioneerd door wagens, technologie en mobiliteit. Hij is verantwoordelijk voor de redactionele inhoud van link2fleet en beschikt over een uitgebreide kennis van de fleet-sector en elektrische mobiliteit.\",\"sameAs\":[\"https:\\\/\\\/www.linkedin.com\\\/in\\\/damien-malvetti-56601142\\\/\"]}]}<\/script>\n<!-- \/ Yoast SEO plugin. -->","yoast_head_json":{"title":"L'indemnit\u00e9 kilom\u00e9trique revue \u00e0 la baisse \u00e0 partir du 1er juillet - link2fleet","description":"Mauvaise nouvelle pour les travailleurs qui re\u00e7oivent une indemnit\u00e9 kilom\u00e9trique de leur employeur pour leurs d\u00e9placements professionnels avec leur v\u00e9hicule personnel: son montant maximum vient\u2026","robots":{"index":"index","follow":"follow","max-snippet":"max-snippet:-1","max-image-preview":"max-image-preview:large","max-video-preview":"max-video-preview:-1"},"og_locale":"fr_FR","og_type":"article","og_title":"L'indemnit\u00e9 kilom\u00e9trique revue \u00e0 la baisse \u00e0 partir du 1er juillet - link2fleet","og_description":"Mauvaise nouvelle pour les travailleurs qui re\u00e7oivent une indemnit\u00e9 kilom\u00e9trique de leur employeur pour leurs d\u00e9placements professionnels avec leur v\u00e9hicule personnel: son montant maximum vient\u2026","og_url":"https:\/\/www.link2fleet.com\/fr\/lindemnite-kilometrique-revue-a-la-baisse-a-partir-du-1er-juillet\/","og_site_name":"link2fleet","article_published_time":"2023-08-03T13:15:16+00:00","og_image":[{"width":612,"height":362,"url":"https:\/\/static.link2fleet.com\/wp-content\/uploads\/2024\/03\/istockphoto-1158627218-612x612-1.jpg","type":"image\/jpeg"}],"author":"Damien Malvetti","twitter_card":"summary_large_image","twitter_description":"Mauvaise nouvelle pour les travailleurs qui re\u00e7oivent une indemnit\u00e9 kilom\u00e9trique de leur employeur pour leurs d\u00e9placements professionnels avec leur v\u00e9hicule personnel: son montant maximum vient\u2026","twitter_misc":{"\u00c9crit par":"Damien Malvetti","Dur\u00e9e de lecture estim\u00e9e":"1 minute"},"schema":{"@context":"https:\/\/schema.org","@graph":[{"@type":"Article","@id":"https:\/\/www.link2fleet.com\/fr\/lindemnite-kilometrique-revue-a-la-baisse-a-partir-du-1er-juillet\/#article","isPartOf":{"@id":"https:\/\/www.link2fleet.com\/fr\/lindemnite-kilometrique-revue-a-la-baisse-a-partir-du-1er-juillet\/"},"author":{"name":"Damien Malvetti","@id":"https:\/\/www.link2fleet.com\/fr\/#\/schema\/person\/027cd46113c78036b3809c9a054049da"},"headline":"L&rsquo;indemnit\u00e9 kilom\u00e9trique revue \u00e0 la baisse \u00e0 partir du 1er juillet","datePublished":"2023-08-03T13:15:16+00:00","mainEntityOfPage":{"@id":"https:\/\/www.link2fleet.com\/fr\/lindemnite-kilometrique-revue-a-la-baisse-a-partir-du-1er-juillet\/"},"wordCount":151,"publisher":{"@id":"https:\/\/www.link2fleet.com\/fr\/#organization"},"image":{"@id":"https:\/\/www.link2fleet.com\/fr\/lindemnite-kilometrique-revue-a-la-baisse-a-partir-du-1er-juillet\/#primaryimage"},"thumbnailUrl":"https:\/\/static.link2fleet.com\/wp-content\/uploads\/2024\/03\/istockphoto-1158627218-612x612-1.jpg","articleSection":["Gestion de flotte","Tax &amp; legal"],"inLanguage":"fr-FR"},{"@type":"WebPage","@id":"https:\/\/www.link2fleet.com\/fr\/lindemnite-kilometrique-revue-a-la-baisse-a-partir-du-1er-juillet\/","url":"https:\/\/www.link2fleet.com\/fr\/lindemnite-kilometrique-revue-a-la-baisse-a-partir-du-1er-juillet\/","name":"L'indemnit\u00e9 kilom\u00e9trique revue \u00e0 la baisse \u00e0 partir du 1er juillet - link2fleet","isPartOf":{"@id":"https:\/\/www.link2fleet.com\/fr\/#website"},"primaryImageOfPage":{"@id":"https:\/\/www.link2fleet.com\/fr\/lindemnite-kilometrique-revue-a-la-baisse-a-partir-du-1er-juillet\/#primaryimage"},"image":{"@id":"https:\/\/www.link2fleet.com\/fr\/lindemnite-kilometrique-revue-a-la-baisse-a-partir-du-1er-juillet\/#primaryimage"},"thumbnailUrl":"https:\/\/static.link2fleet.com\/wp-content\/uploads\/2024\/03\/istockphoto-1158627218-612x612-1.jpg","datePublished":"2023-08-03T13:15:16+00:00","breadcrumb":{"@id":"https:\/\/www.link2fleet.com\/fr\/lindemnite-kilometrique-revue-a-la-baisse-a-partir-du-1er-juillet\/#breadcrumb"},"inLanguage":"fr-FR","potentialAction":[{"@type":"ReadAction","target":["https:\/\/www.link2fleet.com\/fr\/lindemnite-kilometrique-revue-a-la-baisse-a-partir-du-1er-juillet\/"]}]},{"@type":"ImageObject","inLanguage":"fr-FR","@id":"https:\/\/www.link2fleet.com\/fr\/lindemnite-kilometrique-revue-a-la-baisse-a-partir-du-1er-juillet\/#primaryimage","url":"https:\/\/static.link2fleet.com\/wp-content\/uploads\/2024\/03\/istockphoto-1158627218-612x612-1.jpg","contentUrl":"https:\/\/static.link2fleet.com\/wp-content\/uploads\/2024\/03\/istockphoto-1158627218-612x612-1.jpg","width":612,"height":362,"caption":"Car and stack of coin. Saving money for car concept. Car finance"},{"@type":"BreadcrumbList","@id":"https:\/\/www.link2fleet.com\/fr\/lindemnite-kilometrique-revue-a-la-baisse-a-partir-du-1er-juillet\/#breadcrumb","itemListElement":[{"@type":"ListItem","position":1,"name":"Home","item":"https:\/\/www.link2fleet.com\/fr\/"},{"@type":"ListItem","position":2,"name":"L&#8217;indemnit\u00e9 kilom\u00e9trique revue \u00e0 la baisse \u00e0 partir du 1er juillet"}]},{"@type":"WebSite","@id":"https:\/\/www.link2fleet.com\/fr\/#website","url":"https:\/\/www.link2fleet.com\/fr\/","name":"Link2fleet","description":"","publisher":{"@id":"https:\/\/www.link2fleet.com\/fr\/#organization"},"potentialAction":[{"@type":"SearchAction","target":{"@type":"EntryPoint","urlTemplate":"https:\/\/www.link2fleet.com\/fr\/?s={search_term_string}"},"query-input":{"@type":"PropertyValueSpecification","valueRequired":true,"valueName":"search_term_string"}}],"inLanguage":"fr-FR"},{"@type":"Organization","@id":"https:\/\/www.link2fleet.com\/fr\/#organization","name":"Link2fleet","url":"https:\/\/www.link2fleet.com\/fr\/","logo":{"@type":"ImageObject","inLanguage":"fr-FR","@id":"https:\/\/www.link2fleet.com\/fr\/#\/schema\/logo\/image\/","url":"https:\/\/static.link2fleet.com\/wp-content\/uploads\/2024\/03\/share-image.jpg","contentUrl":"https:\/\/static.link2fleet.com\/wp-content\/uploads\/2024\/03\/share-image.jpg","width":1200,"height":630,"caption":"Link2fleet"},"image":{"@id":"https:\/\/www.link2fleet.com\/fr\/#\/schema\/logo\/image\/"},"sameAs":["https:\/\/www.linkedin.com\/company\/link2fleet-belgium","https:\/\/www.youtube.com\/user\/MMMBMBE"]},{"@type":"Person","@id":"https:\/\/www.link2fleet.com\/fr\/#\/schema\/person\/027cd46113c78036b3809c9a054049da","name":"Damien Malvetti","image":{"@type":"ImageObject","inLanguage":"fr-FR","@id":"https:\/\/secure.gravatar.com\/avatar\/dd8cc03b49466c735f753ac37f8caa371af16dfed347456ed61f02883255eebb?s=96&d=mm&r=g","url":"https:\/\/secure.gravatar.com\/avatar\/dd8cc03b49466c735f753ac37f8caa371af16dfed347456ed61f02883255eebb?s=96&d=mm&r=g","contentUrl":"https:\/\/secure.gravatar.com\/avatar\/dd8cc03b49466c735f753ac37f8caa371af16dfed347456ed61f02883255eebb?s=96&d=mm&r=g","caption":"Damien Malvetti"},"description":"Damien Malvetti is opgeleid als journalist en gepassioneerd door wagens, technologie en mobiliteit. Hij is verantwoordelijk voor de redactionele inhoud van link2fleet en beschikt over een uitgebreide kennis van de fleet-sector en elektrische mobiliteit.","sameAs":["https:\/\/www.linkedin.com\/in\/damien-malvetti-56601142\/"]}]}},"_links":{"self":[{"href":"https:\/\/www.link2fleet.com\/fr\/wp-json\/wp\/v2\/posts\/10274","targetHints":{"allow":["GET"]}}],"collection":[{"href":"https:\/\/www.link2fleet.com\/fr\/wp-json\/wp\/v2\/posts"}],"about":[{"href":"https:\/\/www.link2fleet.com\/fr\/wp-json\/wp\/v2\/types\/post"}],"author":[{"embeddable":true,"href":"https:\/\/www.link2fleet.com\/fr\/wp-json\/wp\/v2\/users\/4"}],"replies":[{"embeddable":true,"href":"https:\/\/www.link2fleet.com\/fr\/wp-json\/wp\/v2\/comments?post=10274"}],"version-history":[{"count":0,"href":"https:\/\/www.link2fleet.com\/fr\/wp-json\/wp\/v2\/posts\/10274\/revisions"}],"wp:featuredmedia":[{"embeddable":true,"href":"https:\/\/www.link2fleet.com\/fr\/wp-json\/wp\/v2\/media\/10275"}],"wp:attachment":[{"href":"https:\/\/www.link2fleet.com\/fr\/wp-json\/wp\/v2\/media?parent=10274"}],"wp:term":[{"taxonomy":"category","embeddable":true,"href":"https:\/\/www.link2fleet.com\/fr\/wp-json\/wp\/v2\/categories?post=10274"},{"taxonomy":"post_tag","embeddable":true,"href":"https:\/\/www.link2fleet.com\/fr\/wp-json\/wp\/v2\/tags?post=10274"}],"curies":[{"name":"wp","href":"https:\/\/api.w.org\/{rel}","templated":true}]}}