{"id":10424,"date":"2023-09-04T09:10:34","date_gmt":"2023-09-04T07:10:34","guid":{"rendered":"https:\/\/www.link2fleet.com\/steven-vansina-desormais-en-charge-de-lequipe-customer-team-chez-stroohm\/"},"modified":"2023-09-04T09:10:34","modified_gmt":"2023-09-04T07:10:34","slug":"steven-vansina-desormais-en-charge-de-lequipe-customer-team-chez-stroohm","status":"publish","type":"post","link":"https:\/\/www.link2fleet.com\/fr\/steven-vansina-desormais-en-charge-de-lequipe-customer-team-chez-stroohm\/","title":{"rendered":"Steven Vansina d\u00e9sormais en charge de l&rsquo;\u00e9quipe \u201cCustomer team\u201d chez STROOHM"},"content":{"rendered":"<p style=\"font-weight: 400;\">Steven apporte \u00e0 la fois une exp\u00e9rience et des connaissances commerciales et sectorielles essentielles. Steven a commenc\u00e9 sa carri\u00e8re dans les t\u00e9l\u00e9communications et les m\u00e9dias. Il a ensuite contribu\u00e9 \u00e0 fa\u00e7onner Double Pass, une entreprise op\u00e9rant \u00e0 l&rsquo;\u00e9chelle internationale dans le secteur du football, pendant 6 ans en tant que directeur g\u00e9n\u00e9ral. Ces deux derni\u00e8res ann\u00e9es, Steven a jou\u00e9 un r\u00f4le cl\u00e9 chez EDI (Electric by D&rsquo;ieteren) en tant que responsable du marketing et des ventes.<\/p>\n<p style=\"font-weight: 400;\">\u00ab\u00a0D&rsquo;une part, le march\u00e9 des VE est en plein essor en partie gr\u00e2ce aux ambitions nationales et internationales de r\u00e9duction des \u00e9missions de CO2 qui se traduisent par une fiscalit\u00e9 verte, une gamme de plus en plus large de voitures \u00e9lectriques, et enfin des solutions de recharge (intelligentes)\u00a0\u00bb, explique Steven.<\/p>\n<p style=\"font-weight: 400;\">D&rsquo;autre part, le march\u00e9 de l&rsquo;\u00e9nergie dans son ensemble devient \u00e9galement fondamentalement important pour le march\u00e9 des flottes. En tant que pionnier de la mobilit\u00e9 \u00e9lectrique et expert du secteur de l&rsquo;\u00e9nergie, Stroohm est une v\u00e9ritable r\u00e9f\u00e9rence et en pleine expansion. C&rsquo;est avec beaucoup d&rsquo;enthousiasme et de passion que je mets mes forces au service des ambitions de Stroohm !\u00a0\u00bb<\/p>\n","protected":false},"excerpt":{"rendered":"<p>Steven apporte \u00e0 la fois une exp\u00e9rience et des connaissances commerciales et sectorielles essentielles. Steven a commenc\u00e9 sa carri\u00e8re dans les t\u00e9l\u00e9communications et les m\u00e9dias. Il a ensuite contribu\u00e9 \u00e0 fa\u00e7onner Double Pass, une entreprise op\u00e9rant \u00e0 l&rsquo;\u00e9chelle internationale dans le secteur du football, pendant 6 ans en tant que directeur g\u00e9n\u00e9ral. Ces deux derni\u00e8res [&hellip;]<\/p>\n","protected":false},"author":4,"featured_media":10425,"comment_status":"closed","ping_status":"closed","sticky":false,"template":"","format":"standard","meta":{"_acf_changed":false,"footnotes":""},"categories":[81,91],"tags":[],"class_list":["post-10424","post","type-post","status-publish","format-standard","has-post-thumbnail","hentry","category-gestion-de-carburant-et-energie","category-expertise-et-management"],"acf":[],"yoast_head":"<!-- This site is optimized with the Yoast SEO plugin v27.3 - https:\/\/yoast.com\/product\/yoast-seo-wordpress\/ -->\n<title>Steven Vansina d\u00e9sormais en charge de l&#039;\u00e9quipe \u201cCustomer team\u201d chez STROOHM - link2fleet<\/title>\n<meta name=\"description\" content=\"Steven Vansina est depuis aujourd&rsquo;hui responsable de l&rsquo;\u00e9quipe Customer chez Stroohm : le d\u00e9partement ventes, conseil, support de 1\u00e8re ligne et marketing. En rejoignant l&rsquo;\u00e9quipe\u2026\" \/>\n<meta name=\"robots\" content=\"index, follow, max-snippet:-1, max-image-preview:large, max-video-preview:-1\" \/>\n<meta property=\"og:locale\" content=\"fr_FR\" \/>\n<meta property=\"og:type\" content=\"article\" \/>\n<meta property=\"og:title\" content=\"Steven Vansina d\u00e9sormais en charge de l&#039;\u00e9quipe \u201cCustomer team\u201d chez STROOHM - link2fleet\" \/>\n<meta property=\"og:description\" content=\"Steven Vansina est depuis aujourd&rsquo;hui responsable de l&rsquo;\u00e9quipe Customer chez Stroohm : le d\u00e9partement ventes, conseil, support de 1\u00e8re ligne et marketing. En rejoignant l&rsquo;\u00e9quipe\u2026\" \/>\n<meta property=\"og:url\" content=\"https:\/\/www.link2fleet.com\/fr\/steven-vansina-desormais-en-charge-de-lequipe-customer-team-chez-stroohm\/\" \/>\n<meta property=\"og:site_name\" content=\"link2fleet\" \/>\n<meta property=\"article:published_time\" content=\"2023-09-04T07:10:34+00:00\" \/>\n<meta property=\"og:image\" content=\"https:\/\/static.link2fleet.com\/wp-content\/uploads\/2024\/03\/tempimageyh9c9r-scaled-1.jpg\" \/>\n\t<meta property=\"og:image:width\" content=\"2560\" \/>\n\t<meta property=\"og:image:height\" content=\"1920\" \/>\n\t<meta property=\"og:image:type\" content=\"image\/jpeg\" \/>\n<meta name=\"author\" content=\"Damien Malvetti\" \/>\n<meta name=\"twitter:card\" content=\"summary_large_image\" \/>\n<meta name=\"twitter:description\" content=\"Steven Vansina est depuis aujourd&rsquo;hui responsable de l&rsquo;\u00e9quipe Customer chez Stroohm : le d\u00e9partement ventes, conseil, support de 1\u00e8re ligne et marketing. En rejoignant l&rsquo;\u00e9quipe\u2026\" \/>\n<meta name=\"twitter:label1\" content=\"\u00c9crit par\" \/>\n\t<meta name=\"twitter:data1\" content=\"Damien Malvetti\" \/>\n\t<meta name=\"twitter:label2\" content=\"Dur\u00e9e de lecture estim\u00e9e\" \/>\n\t<meta name=\"twitter:data2\" content=\"1 minute\" \/>\n<script type=\"application\/ld+json\" class=\"yoast-schema-graph\">{\"@context\":\"https:\\\/\\\/schema.org\",\"@graph\":[{\"@type\":\"Article\",\"@id\":\"https:\\\/\\\/www.link2fleet.com\\\/fr\\\/steven-vansina-desormais-en-charge-de-lequipe-customer-team-chez-stroohm\\\/#article\",\"isPartOf\":{\"@id\":\"https:\\\/\\\/www.link2fleet.com\\\/fr\\\/steven-vansina-desormais-en-charge-de-lequipe-customer-team-chez-stroohm\\\/\"},\"author\":{\"name\":\"Damien Malvetti\",\"@id\":\"https:\\\/\\\/www.link2fleet.com\\\/fr\\\/#\\\/schema\\\/person\\\/027cd46113c78036b3809c9a054049da\"},\"headline\":\"Steven Vansina d\u00e9sormais en charge de l&rsquo;\u00e9quipe \u201cCustomer team\u201d chez STROOHM\",\"datePublished\":\"2023-09-04T07:10:34+00:00\",\"mainEntityOfPage\":{\"@id\":\"https:\\\/\\\/www.link2fleet.com\\\/fr\\\/steven-vansina-desormais-en-charge-de-lequipe-customer-team-chez-stroohm\\\/\"},\"wordCount\":219,\"publisher\":{\"@id\":\"https:\\\/\\\/www.link2fleet.com\\\/fr\\\/#organization\"},\"image\":{\"@id\":\"https:\\\/\\\/www.link2fleet.com\\\/fr\\\/steven-vansina-desormais-en-charge-de-lequipe-customer-team-chez-stroohm\\\/#primaryimage\"},\"thumbnailUrl\":\"https:\\\/\\\/static.link2fleet.com\\\/wp-content\\\/uploads\\\/2024\\\/03\\\/tempimageyh9c9r-scaled-1.jpg\",\"articleSection\":[\"Gestion carburant et de l'\u00e9nergie\",\"Gestion de flotte\"],\"inLanguage\":\"fr-FR\"},{\"@type\":\"WebPage\",\"@id\":\"https:\\\/\\\/www.link2fleet.com\\\/fr\\\/steven-vansina-desormais-en-charge-de-lequipe-customer-team-chez-stroohm\\\/\",\"url\":\"https:\\\/\\\/www.link2fleet.com\\\/fr\\\/steven-vansina-desormais-en-charge-de-lequipe-customer-team-chez-stroohm\\\/\",\"name\":\"Steven Vansina d\u00e9sormais en charge de l'\u00e9quipe \u201cCustomer team\u201d chez STROOHM - link2fleet\",\"isPartOf\":{\"@id\":\"https:\\\/\\\/www.link2fleet.com\\\/fr\\\/#website\"},\"primaryImageOfPage\":{\"@id\":\"https:\\\/\\\/www.link2fleet.com\\\/fr\\\/steven-vansina-desormais-en-charge-de-lequipe-customer-team-chez-stroohm\\\/#primaryimage\"},\"image\":{\"@id\":\"https:\\\/\\\/www.link2fleet.com\\\/fr\\\/steven-vansina-desormais-en-charge-de-lequipe-customer-team-chez-stroohm\\\/#primaryimage\"},\"thumbnailUrl\":\"https:\\\/\\\/static.link2fleet.com\\\/wp-content\\\/uploads\\\/2024\\\/03\\\/tempimageyh9c9r-scaled-1.jpg\",\"datePublished\":\"2023-09-04T07:10:34+00:00\",\"breadcrumb\":{\"@id\":\"https:\\\/\\\/www.link2fleet.com\\\/fr\\\/steven-vansina-desormais-en-charge-de-lequipe-customer-team-chez-stroohm\\\/#breadcrumb\"},\"inLanguage\":\"fr-FR\",\"potentialAction\":[{\"@type\":\"ReadAction\",\"target\":[\"https:\\\/\\\/www.link2fleet.com\\\/fr\\\/steven-vansina-desormais-en-charge-de-lequipe-customer-team-chez-stroohm\\\/\"]}]},{\"@type\":\"ImageObject\",\"inLanguage\":\"fr-FR\",\"@id\":\"https:\\\/\\\/www.link2fleet.com\\\/fr\\\/steven-vansina-desormais-en-charge-de-lequipe-customer-team-chez-stroohm\\\/#primaryimage\",\"url\":\"https:\\\/\\\/static.link2fleet.com\\\/wp-content\\\/uploads\\\/2024\\\/03\\\/tempimageyh9c9r-scaled-1.jpg\",\"contentUrl\":\"https:\\\/\\\/static.link2fleet.com\\\/wp-content\\\/uploads\\\/2024\\\/03\\\/tempimageyh9c9r-scaled-1.jpg\",\"width\":2560,\"height\":1920,\"caption\":\"|\"},{\"@type\":\"BreadcrumbList\",\"@id\":\"https:\\\/\\\/www.link2fleet.com\\\/fr\\\/steven-vansina-desormais-en-charge-de-lequipe-customer-team-chez-stroohm\\\/#breadcrumb\",\"itemListElement\":[{\"@type\":\"ListItem\",\"position\":1,\"name\":\"Home\",\"item\":\"https:\\\/\\\/www.link2fleet.com\\\/fr\\\/\"},{\"@type\":\"ListItem\",\"position\":2,\"name\":\"Steven Vansina d\u00e9sormais en charge de l&#8217;\u00e9quipe \u201cCustomer team\u201d chez STROOHM\"}]},{\"@type\":\"WebSite\",\"@id\":\"https:\\\/\\\/www.link2fleet.com\\\/fr\\\/#website\",\"url\":\"https:\\\/\\\/www.link2fleet.com\\\/fr\\\/\",\"name\":\"Link2fleet\",\"description\":\"\",\"publisher\":{\"@id\":\"https:\\\/\\\/www.link2fleet.com\\\/fr\\\/#organization\"},\"potentialAction\":[{\"@type\":\"SearchAction\",\"target\":{\"@type\":\"EntryPoint\",\"urlTemplate\":\"https:\\\/\\\/www.link2fleet.com\\\/fr\\\/?s={search_term_string}\"},\"query-input\":{\"@type\":\"PropertyValueSpecification\",\"valueRequired\":true,\"valueName\":\"search_term_string\"}}],\"inLanguage\":\"fr-FR\"},{\"@type\":\"Organization\",\"@id\":\"https:\\\/\\\/www.link2fleet.com\\\/fr\\\/#organization\",\"name\":\"Link2fleet\",\"url\":\"https:\\\/\\\/www.link2fleet.com\\\/fr\\\/\",\"logo\":{\"@type\":\"ImageObject\",\"inLanguage\":\"fr-FR\",\"@id\":\"https:\\\/\\\/www.link2fleet.com\\\/fr\\\/#\\\/schema\\\/logo\\\/image\\\/\",\"url\":\"https:\\\/\\\/static.link2fleet.com\\\/wp-content\\\/uploads\\\/2024\\\/03\\\/share-image.jpg\",\"contentUrl\":\"https:\\\/\\\/static.link2fleet.com\\\/wp-content\\\/uploads\\\/2024\\\/03\\\/share-image.jpg\",\"width\":1200,\"height\":630,\"caption\":\"Link2fleet\"},\"image\":{\"@id\":\"https:\\\/\\\/www.link2fleet.com\\\/fr\\\/#\\\/schema\\\/logo\\\/image\\\/\"},\"sameAs\":[\"https:\\\/\\\/www.linkedin.com\\\/company\\\/link2fleet-belgium\",\"https:\\\/\\\/www.youtube.com\\\/user\\\/MMMBMBE\"]},{\"@type\":\"Person\",\"@id\":\"https:\\\/\\\/www.link2fleet.com\\\/fr\\\/#\\\/schema\\\/person\\\/027cd46113c78036b3809c9a054049da\",\"name\":\"Damien Malvetti\",\"image\":{\"@type\":\"ImageObject\",\"inLanguage\":\"fr-FR\",\"@id\":\"https:\\\/\\\/secure.gravatar.com\\\/avatar\\\/dd8cc03b49466c735f753ac37f8caa371af16dfed347456ed61f02883255eebb?s=96&d=mm&r=g\",\"url\":\"https:\\\/\\\/secure.gravatar.com\\\/avatar\\\/dd8cc03b49466c735f753ac37f8caa371af16dfed347456ed61f02883255eebb?s=96&d=mm&r=g\",\"contentUrl\":\"https:\\\/\\\/secure.gravatar.com\\\/avatar\\\/dd8cc03b49466c735f753ac37f8caa371af16dfed347456ed61f02883255eebb?s=96&d=mm&r=g\",\"caption\":\"Damien Malvetti\"},\"description\":\"Damien Malvetti is opgeleid als journalist en gepassioneerd door wagens, technologie en mobiliteit. Hij is verantwoordelijk voor de redactionele inhoud van link2fleet en beschikt over een uitgebreide kennis van de fleet-sector en elektrische mobiliteit.\",\"sameAs\":[\"https:\\\/\\\/www.linkedin.com\\\/in\\\/damien-malvetti-56601142\\\/\"]}]}<\/script>\n<!-- \/ Yoast SEO plugin. -->","yoast_head_json":{"title":"Steven Vansina d\u00e9sormais en charge de l'\u00e9quipe \u201cCustomer team\u201d chez STROOHM - link2fleet","description":"Steven Vansina est depuis aujourd&rsquo;hui responsable de l&rsquo;\u00e9quipe Customer chez Stroohm : le d\u00e9partement ventes, conseil, support de 1\u00e8re ligne et marketing. En rejoignant l&rsquo;\u00e9quipe\u2026","robots":{"index":"index","follow":"follow","max-snippet":"max-snippet:-1","max-image-preview":"max-image-preview:large","max-video-preview":"max-video-preview:-1"},"og_locale":"fr_FR","og_type":"article","og_title":"Steven Vansina d\u00e9sormais en charge de l'\u00e9quipe \u201cCustomer team\u201d chez STROOHM - link2fleet","og_description":"Steven Vansina est depuis aujourd&rsquo;hui responsable de l&rsquo;\u00e9quipe Customer chez Stroohm : le d\u00e9partement ventes, conseil, support de 1\u00e8re ligne et marketing. En rejoignant l&rsquo;\u00e9quipe\u2026","og_url":"https:\/\/www.link2fleet.com\/fr\/steven-vansina-desormais-en-charge-de-lequipe-customer-team-chez-stroohm\/","og_site_name":"link2fleet","article_published_time":"2023-09-04T07:10:34+00:00","og_image":[{"width":2560,"height":1920,"url":"https:\/\/static.link2fleet.com\/wp-content\/uploads\/2024\/03\/tempimageyh9c9r-scaled-1.jpg","type":"image\/jpeg"}],"author":"Damien Malvetti","twitter_card":"summary_large_image","twitter_description":"Steven Vansina est depuis aujourd&rsquo;hui responsable de l&rsquo;\u00e9quipe Customer chez Stroohm : le d\u00e9partement ventes, conseil, support de 1\u00e8re ligne et marketing. En rejoignant l&rsquo;\u00e9quipe\u2026","twitter_misc":{"\u00c9crit par":"Damien Malvetti","Dur\u00e9e de lecture estim\u00e9e":"1 minute"},"schema":{"@context":"https:\/\/schema.org","@graph":[{"@type":"Article","@id":"https:\/\/www.link2fleet.com\/fr\/steven-vansina-desormais-en-charge-de-lequipe-customer-team-chez-stroohm\/#article","isPartOf":{"@id":"https:\/\/www.link2fleet.com\/fr\/steven-vansina-desormais-en-charge-de-lequipe-customer-team-chez-stroohm\/"},"author":{"name":"Damien Malvetti","@id":"https:\/\/www.link2fleet.com\/fr\/#\/schema\/person\/027cd46113c78036b3809c9a054049da"},"headline":"Steven Vansina d\u00e9sormais en charge de l&rsquo;\u00e9quipe \u201cCustomer team\u201d chez STROOHM","datePublished":"2023-09-04T07:10:34+00:00","mainEntityOfPage":{"@id":"https:\/\/www.link2fleet.com\/fr\/steven-vansina-desormais-en-charge-de-lequipe-customer-team-chez-stroohm\/"},"wordCount":219,"publisher":{"@id":"https:\/\/www.link2fleet.com\/fr\/#organization"},"image":{"@id":"https:\/\/www.link2fleet.com\/fr\/steven-vansina-desormais-en-charge-de-lequipe-customer-team-chez-stroohm\/#primaryimage"},"thumbnailUrl":"https:\/\/static.link2fleet.com\/wp-content\/uploads\/2024\/03\/tempimageyh9c9r-scaled-1.jpg","articleSection":["Gestion carburant et de l'\u00e9nergie","Gestion de flotte"],"inLanguage":"fr-FR"},{"@type":"WebPage","@id":"https:\/\/www.link2fleet.com\/fr\/steven-vansina-desormais-en-charge-de-lequipe-customer-team-chez-stroohm\/","url":"https:\/\/www.link2fleet.com\/fr\/steven-vansina-desormais-en-charge-de-lequipe-customer-team-chez-stroohm\/","name":"Steven Vansina d\u00e9sormais en charge de l'\u00e9quipe \u201cCustomer team\u201d chez STROOHM - link2fleet","isPartOf":{"@id":"https:\/\/www.link2fleet.com\/fr\/#website"},"primaryImageOfPage":{"@id":"https:\/\/www.link2fleet.com\/fr\/steven-vansina-desormais-en-charge-de-lequipe-customer-team-chez-stroohm\/#primaryimage"},"image":{"@id":"https:\/\/www.link2fleet.com\/fr\/steven-vansina-desormais-en-charge-de-lequipe-customer-team-chez-stroohm\/#primaryimage"},"thumbnailUrl":"https:\/\/static.link2fleet.com\/wp-content\/uploads\/2024\/03\/tempimageyh9c9r-scaled-1.jpg","datePublished":"2023-09-04T07:10:34+00:00","breadcrumb":{"@id":"https:\/\/www.link2fleet.com\/fr\/steven-vansina-desormais-en-charge-de-lequipe-customer-team-chez-stroohm\/#breadcrumb"},"inLanguage":"fr-FR","potentialAction":[{"@type":"ReadAction","target":["https:\/\/www.link2fleet.com\/fr\/steven-vansina-desormais-en-charge-de-lequipe-customer-team-chez-stroohm\/"]}]},{"@type":"ImageObject","inLanguage":"fr-FR","@id":"https:\/\/www.link2fleet.com\/fr\/steven-vansina-desormais-en-charge-de-lequipe-customer-team-chez-stroohm\/#primaryimage","url":"https:\/\/static.link2fleet.com\/wp-content\/uploads\/2024\/03\/tempimageyh9c9r-scaled-1.jpg","contentUrl":"https:\/\/static.link2fleet.com\/wp-content\/uploads\/2024\/03\/tempimageyh9c9r-scaled-1.jpg","width":2560,"height":1920,"caption":"|"},{"@type":"BreadcrumbList","@id":"https:\/\/www.link2fleet.com\/fr\/steven-vansina-desormais-en-charge-de-lequipe-customer-team-chez-stroohm\/#breadcrumb","itemListElement":[{"@type":"ListItem","position":1,"name":"Home","item":"https:\/\/www.link2fleet.com\/fr\/"},{"@type":"ListItem","position":2,"name":"Steven Vansina d\u00e9sormais en charge de l&#8217;\u00e9quipe \u201cCustomer team\u201d chez STROOHM"}]},{"@type":"WebSite","@id":"https:\/\/www.link2fleet.com\/fr\/#website","url":"https:\/\/www.link2fleet.com\/fr\/","name":"Link2fleet","description":"","publisher":{"@id":"https:\/\/www.link2fleet.com\/fr\/#organization"},"potentialAction":[{"@type":"SearchAction","target":{"@type":"EntryPoint","urlTemplate":"https:\/\/www.link2fleet.com\/fr\/?s={search_term_string}"},"query-input":{"@type":"PropertyValueSpecification","valueRequired":true,"valueName":"search_term_string"}}],"inLanguage":"fr-FR"},{"@type":"Organization","@id":"https:\/\/www.link2fleet.com\/fr\/#organization","name":"Link2fleet","url":"https:\/\/www.link2fleet.com\/fr\/","logo":{"@type":"ImageObject","inLanguage":"fr-FR","@id":"https:\/\/www.link2fleet.com\/fr\/#\/schema\/logo\/image\/","url":"https:\/\/static.link2fleet.com\/wp-content\/uploads\/2024\/03\/share-image.jpg","contentUrl":"https:\/\/static.link2fleet.com\/wp-content\/uploads\/2024\/03\/share-image.jpg","width":1200,"height":630,"caption":"Link2fleet"},"image":{"@id":"https:\/\/www.link2fleet.com\/fr\/#\/schema\/logo\/image\/"},"sameAs":["https:\/\/www.linkedin.com\/company\/link2fleet-belgium","https:\/\/www.youtube.com\/user\/MMMBMBE"]},{"@type":"Person","@id":"https:\/\/www.link2fleet.com\/fr\/#\/schema\/person\/027cd46113c78036b3809c9a054049da","name":"Damien Malvetti","image":{"@type":"ImageObject","inLanguage":"fr-FR","@id":"https:\/\/secure.gravatar.com\/avatar\/dd8cc03b49466c735f753ac37f8caa371af16dfed347456ed61f02883255eebb?s=96&d=mm&r=g","url":"https:\/\/secure.gravatar.com\/avatar\/dd8cc03b49466c735f753ac37f8caa371af16dfed347456ed61f02883255eebb?s=96&d=mm&r=g","contentUrl":"https:\/\/secure.gravatar.com\/avatar\/dd8cc03b49466c735f753ac37f8caa371af16dfed347456ed61f02883255eebb?s=96&d=mm&r=g","caption":"Damien Malvetti"},"description":"Damien Malvetti is opgeleid als journalist en gepassioneerd door wagens, technologie en mobiliteit. Hij is verantwoordelijk voor de redactionele inhoud van link2fleet en beschikt over een uitgebreide kennis van de fleet-sector en elektrische mobiliteit.","sameAs":["https:\/\/www.linkedin.com\/in\/damien-malvetti-56601142\/"]}]}},"_links":{"self":[{"href":"https:\/\/www.link2fleet.com\/fr\/wp-json\/wp\/v2\/posts\/10424","targetHints":{"allow":["GET"]}}],"collection":[{"href":"https:\/\/www.link2fleet.com\/fr\/wp-json\/wp\/v2\/posts"}],"about":[{"href":"https:\/\/www.link2fleet.com\/fr\/wp-json\/wp\/v2\/types\/post"}],"author":[{"embeddable":true,"href":"https:\/\/www.link2fleet.com\/fr\/wp-json\/wp\/v2\/users\/4"}],"replies":[{"embeddable":true,"href":"https:\/\/www.link2fleet.com\/fr\/wp-json\/wp\/v2\/comments?post=10424"}],"version-history":[{"count":0,"href":"https:\/\/www.link2fleet.com\/fr\/wp-json\/wp\/v2\/posts\/10424\/revisions"}],"wp:featuredmedia":[{"embeddable":true,"href":"https:\/\/www.link2fleet.com\/fr\/wp-json\/wp\/v2\/media\/10425"}],"wp:attachment":[{"href":"https:\/\/www.link2fleet.com\/fr\/wp-json\/wp\/v2\/media?parent=10424"}],"wp:term":[{"taxonomy":"category","embeddable":true,"href":"https:\/\/www.link2fleet.com\/fr\/wp-json\/wp\/v2\/categories?post=10424"},{"taxonomy":"post_tag","embeddable":true,"href":"https:\/\/www.link2fleet.com\/fr\/wp-json\/wp\/v2\/tags?post=10424"}],"curies":[{"name":"wp","href":"https:\/\/api.w.org\/{rel}","templated":true}]}}