{"id":10428,"date":"2023-09-04T13:14:31","date_gmt":"2023-09-04T11:14:31","guid":{"rendered":"https:\/\/www.link2fleet.com\/accord-sur-un-soutien-financier-flamand-a-linfrastructure-de-recharger-pour-le-fret-leger-et-lourd\/"},"modified":"2023-09-04T13:14:31","modified_gmt":"2023-09-04T11:14:31","slug":"accord-sur-un-soutien-financier-flamand-a-linfrastructure-de-recharger-pour-le-fret-leger-et-lourd","status":"publish","type":"post","link":"https:\/\/www.link2fleet.com\/fr\/accord-sur-un-soutien-financier-flamand-a-linfrastructure-de-recharger-pour-le-fret-leger-et-lourd\/","title":{"rendered":"Accord sur un soutien financier flamand \u00e0 l&rsquo;infrastructure de recharge pour le fret l\u00e9ger et lourd"},"content":{"rendered":"<p style=\"font-weight: 400;\">Au d\u00e9but de cette ann\u00e9e, la ministre flamande de la Mobilit\u00e9, Lydia Peeters, a annonc\u00e9 un soutien financier pour l&rsquo;infrastructure de recharge des camionnettes, des camions et des bus. Cela concernait \u00e0 la fois l&rsquo;infrastructure de recharge publique et non publique, ainsi que les stations de recharge classiques et les chargeurs rapides. C&rsquo;est la premi\u00e8re fois que le gouvernement flamand intervient financi\u00e8rement dans l&rsquo;infrastructure de recharge pour le transport de marchandises.<\/p>\n<p style=\"font-weight: 400;\">L&rsquo;appel \u00e0 projet pr\u00e9voyait une subvention effective de 20 % de l&rsquo;investissement avec un maximum de 300 000,00 \u20ac par projet. L&rsquo;appel \u00e0 projet s&rsquo;est cl\u00f4tur\u00e9 \u00e0 la fin du mois de mars 2023.<\/p>\n<p style=\"font-weight: 400;\">Entre-temps, il a \u00e9t\u00e9 annonc\u00e9 que 6,3 millions d&rsquo;euros seront lib\u00e9r\u00e9s pour l&rsquo;infrastructure de recharge des camions et que 109 projets ont \u00e9t\u00e9 approuv\u00e9s, ce qui devrait en r\u00e9alit\u00e9 donner lieu \u00e0 1 200 nouvelles stations de recharge. Bpost est l&rsquo;un des principaux acheteurs avec 305 nouvelles stations de recharge de 22 kilowatts adapt\u00e9es aux camionnettes de livraison. La cha\u00eene de stations-service G&amp;V recevra une subvention importante pour l&rsquo;installation de 34 chargeurs rapides pour camions avec une puissance de charge maximum de 400 kilowatts. Cette mesure vise \u00e0 se pr\u00e9parer \u00e0 la demande accrue de camions \u00e9lectriques. Volvo Trucks a r\u00e9cemment laiss\u00e9 entendre que plus de la moiti\u00e9 de ses camions seraient livr\u00e9s avec un syst\u00e8me d&rsquo;entra\u00eenement \u00e9lectrique d&rsquo;ici 2030. Coca-Cola a d\u00e9j\u00e0 command\u00e9 une trentaine de camions \u00e9lectriques.<\/p>\n<p style=\"font-weight: 400;\">Aujourd&rsquo;hui, pour le trafic international de marchandises, il y a un grand besoin de chargeurs rapides puissants qui peuvent charger rapidement un camion pendant la pause de repos du conducteur. En juillet 2021, Volvo Group, Daimler Truck et Traton Group ont sign\u00e9 la mise en place d&rsquo;un accord de coop\u00e9ration pour construire un r\u00e9seau de recharge public pour les poids lourds et les autocars \u00e9lectriques longue distance avec un r\u00e9seau de batteries \u00e0 travers l&rsquo;Europe. La phase finale vise \u00e0 achever l&rsquo;exploitation d&rsquo;au moins 1 700 points de recharge \u00e0 \u00e9nergie verte de haute qualit\u00e9 dans un d\u00e9lai maximum de cinq ans. Le transport \u00e9lectrique de marchandises devient de plus en plus une affaire rentable. Aujourd&rsquo;hui seulement pour des missions sp\u00e9cifiques, mais dans un avenir proche \u00e9galement pour le transport classique sur de longues distances. Les prix du diesel devraient continuer \u00e0 augmenter sous la pression d&rsquo;une valorisation plus \u00e9lev\u00e9e du CO2. L&rsquo;introduction progressive de rapports environnementaux obligatoires pour les grandes et moyennes entreprises renforcera l&rsquo;int\u00e9r\u00eat pour le transport de marchandises \u00e0 l&rsquo;\u00e9lectricit\u00e9.<\/p>\n<p style=\"font-weight: 400;\">L&rsquo;Europe elle-m\u00eame a d\u00e9j\u00e0 r\u00e9cemment donn\u00e9 une impulsion significative avec le pack l\u00e9gislatif \u00ab\u00a0Fit for 55\u00a0\u00bb, et cela inclut les r\u00e9seaux de recharge. Ainsi, la Commission europ\u00e9enne a propos\u00e9 un r\u00e8glement sur les infrastructures pour carburants alternatifs (AFIR), qui obligera les \u00c9tats membres \u00e0 investir davantage dans les infrastructures de recharge des v\u00e9hicules \u00e9lectriques. Fin mars 2023, un accord politique a \u00e9t\u00e9 conclu \u00e0 ce sujet entre la Commission europ\u00e9enne d&rsquo;une part et le Parlement europ\u00e9en et le Conseil europ\u00e9en d&rsquo;autre part. En cons\u00e9quence, les pays de l&rsquo;UE auront l&rsquo;obligation de se doter dans un avenir proche. Cela concerne les chargeurs rapides d&rsquo;au moins 350 kW, \u00e0 pr\u00e9voir tous les 60 km sur les grandes autoroutes et tous les 100 km sur les grandes routes secondaires.<\/p>\n<p style=\"font-weight: 400;\">L&rsquo;objectif d&rsquo;AFIR est de garantir l&rsquo;existence d&rsquo;un r\u00e9seau d&rsquo;infrastructures ad\u00e9quat pour charger ou ravitailler les v\u00e9hicules routiers en carburants alternatifs. L&rsquo;accord politique pr\u00e9liminaire doit encore \u00eatre formellement approuv\u00e9 au sein du Conseil europ\u00e9en, dont l&rsquo;Espagne assure la pr\u00e9sidence jusqu&rsquo;\u00e0 fin 2023.<\/p>\n<p style=\"font-weight: 400;\">Enfin, mentionnons \u00e9galement qu&rsquo;au sein de la R\u00e9gion bruxelloise, des subventions sont possibles pour l&rsquo;infrastructure de recharge \u00e9lectrique des camions l\u00e9gers qui, en raison de la zone \u00e0 faibles \u00e9missions, ne sont plus autoris\u00e9s \u00e0 entrer dans la R\u00e9gion bruxelloise, ou seulement contre paiement.<\/p>\n<p style=\"font-weight: 400;\"><a href=\"https:\/\/economie-werk.brussels\/premie-lez\">https:\/\/economie-werk.brussels\/premie-lez<\/a><\/p>\n","protected":false},"excerpt":{"rendered":"<p>Au d\u00e9but de cette ann\u00e9e, la ministre flamande de la Mobilit\u00e9, Lydia Peeters, a annonc\u00e9 un soutien financier pour l&rsquo;infrastructure de recharge des camionnettes, des camions et des bus. Cela concernait \u00e0 la fois l&rsquo;infrastructure de recharge publique et non publique, ainsi que les stations de recharge classiques et les chargeurs rapides. C&rsquo;est la premi\u00e8re [&hellip;]<\/p>\n","protected":false},"author":11,"featured_media":10429,"comment_status":"closed","ping_status":"closed","sticky":false,"template":"","format":"standard","meta":{"_acf_changed":false,"footnotes":""},"categories":[81,91],"tags":[],"class_list":["post-10428","post","type-post","status-publish","format-standard","has-post-thumbnail","hentry","category-gestion-de-carburant-et-energie","category-expertise-et-management"],"acf":[],"yoast_head":"<!-- This site is optimized with the Yoast SEO plugin v27.3 - https:\/\/yoast.com\/product\/yoast-seo-wordpress\/ -->\n<title>Accord sur un soutien financier flamand \u00e0 l&#039;infrastructure de recharge pour le fret l\u00e9ger et lourd - link2fleet<\/title>\n<meta name=\"description\" content=\"La pression pour \u00e9tendre l&rsquo;infrastructure de recharge publique pour les camions l\u00e9gers et lourds \u00e9lectriques augmente \u00e0 la fois dans le secteur public et dans\u2026\" \/>\n<meta name=\"robots\" content=\"index, follow, max-snippet:-1, max-image-preview:large, max-video-preview:-1\" \/>\n<meta property=\"og:locale\" content=\"fr_FR\" \/>\n<meta property=\"og:type\" content=\"article\" \/>\n<meta property=\"og:title\" content=\"Accord sur un soutien financier flamand \u00e0 l&#039;infrastructure de recharge pour le fret l\u00e9ger et lourd - link2fleet\" \/>\n<meta property=\"og:description\" content=\"La pression pour \u00e9tendre l&rsquo;infrastructure de recharge publique pour les camions l\u00e9gers et lourds \u00e9lectriques augmente \u00e0 la fois dans le secteur public et dans\u2026\" \/>\n<meta property=\"og:url\" content=\"https:\/\/www.link2fleet.com\/fr\/accord-sur-un-soutien-financier-flamand-a-linfrastructure-de-recharger-pour-le-fret-leger-et-lourd\/\" \/>\n<meta property=\"og:site_name\" content=\"link2fleet\" \/>\n<meta property=\"article:published_time\" content=\"2023-09-04T11:14:31+00:00\" \/>\n<meta property=\"og:image\" content=\"https:\/\/static.link2fleet.com\/wp-content\/uploads\/2024\/03\/electricttruckcharging-shutterstock-chesky-orig.jpg\" \/>\n\t<meta property=\"og:image:width\" content=\"970\" \/>\n\t<meta property=\"og:image:height\" content=\"578\" \/>\n\t<meta property=\"og:image:type\" content=\"image\/jpeg\" \/>\n<meta name=\"author\" content=\"Michel Willems - Mobilitas\" \/>\n<meta name=\"twitter:card\" content=\"summary_large_image\" \/>\n<meta name=\"twitter:description\" content=\"La pression pour \u00e9tendre l&rsquo;infrastructure de recharge publique pour les camions l\u00e9gers et lourds \u00e9lectriques augmente \u00e0 la fois dans le secteur public et dans\u2026\" \/>\n<meta name=\"twitter:label1\" content=\"\u00c9crit par\" \/>\n\t<meta name=\"twitter:data1\" content=\"Michel Willems - Mobilitas\" \/>\n\t<meta name=\"twitter:label2\" content=\"Dur\u00e9e de lecture estim\u00e9e\" \/>\n\t<meta name=\"twitter:data2\" content=\"3 minutes\" \/>\n<script type=\"application\/ld+json\" class=\"yoast-schema-graph\">{\"@context\":\"https:\\\/\\\/schema.org\",\"@graph\":[{\"@type\":\"Article\",\"@id\":\"https:\\\/\\\/www.link2fleet.com\\\/fr\\\/accord-sur-un-soutien-financier-flamand-a-linfrastructure-de-recharger-pour-le-fret-leger-et-lourd\\\/#article\",\"isPartOf\":{\"@id\":\"https:\\\/\\\/www.link2fleet.com\\\/fr\\\/accord-sur-un-soutien-financier-flamand-a-linfrastructure-de-recharger-pour-le-fret-leger-et-lourd\\\/\"},\"author\":{\"name\":\"Michel Willems - Mobilitas\",\"@id\":\"https:\\\/\\\/www.link2fleet.com\\\/fr\\\/#\\\/schema\\\/person\\\/bd29f6a2c2427e85a70d3acf17303486\"},\"headline\":\"Accord sur un soutien financier flamand \u00e0 l&rsquo;infrastructure de recharge pour le fret l\u00e9ger et lourd\",\"datePublished\":\"2023-09-04T11:14:31+00:00\",\"mainEntityOfPage\":{\"@id\":\"https:\\\/\\\/www.link2fleet.com\\\/fr\\\/accord-sur-un-soutien-financier-flamand-a-linfrastructure-de-recharger-pour-le-fret-leger-et-lourd\\\/\"},\"wordCount\":688,\"publisher\":{\"@id\":\"https:\\\/\\\/www.link2fleet.com\\\/fr\\\/#organization\"},\"image\":{\"@id\":\"https:\\\/\\\/www.link2fleet.com\\\/fr\\\/accord-sur-un-soutien-financier-flamand-a-linfrastructure-de-recharger-pour-le-fret-leger-et-lourd\\\/#primaryimage\"},\"thumbnailUrl\":\"https:\\\/\\\/static.link2fleet.com\\\/wp-content\\\/uploads\\\/2024\\\/03\\\/electricttruckcharging-shutterstock-chesky-orig.jpg\",\"articleSection\":[\"Gestion carburant et de l'\u00e9nergie\",\"Gestion de flotte\"],\"inLanguage\":\"fr-FR\"},{\"@type\":\"WebPage\",\"@id\":\"https:\\\/\\\/www.link2fleet.com\\\/fr\\\/accord-sur-un-soutien-financier-flamand-a-linfrastructure-de-recharger-pour-le-fret-leger-et-lourd\\\/\",\"url\":\"https:\\\/\\\/www.link2fleet.com\\\/fr\\\/accord-sur-un-soutien-financier-flamand-a-linfrastructure-de-recharger-pour-le-fret-leger-et-lourd\\\/\",\"name\":\"Accord sur un soutien financier flamand \u00e0 l'infrastructure de recharge pour le fret l\u00e9ger et lourd - link2fleet\",\"isPartOf\":{\"@id\":\"https:\\\/\\\/www.link2fleet.com\\\/fr\\\/#website\"},\"primaryImageOfPage\":{\"@id\":\"https:\\\/\\\/www.link2fleet.com\\\/fr\\\/accord-sur-un-soutien-financier-flamand-a-linfrastructure-de-recharger-pour-le-fret-leger-et-lourd\\\/#primaryimage\"},\"image\":{\"@id\":\"https:\\\/\\\/www.link2fleet.com\\\/fr\\\/accord-sur-un-soutien-financier-flamand-a-linfrastructure-de-recharger-pour-le-fret-leger-et-lourd\\\/#primaryimage\"},\"thumbnailUrl\":\"https:\\\/\\\/static.link2fleet.com\\\/wp-content\\\/uploads\\\/2024\\\/03\\\/electricttruckcharging-shutterstock-chesky-orig.jpg\",\"datePublished\":\"2023-09-04T11:14:31+00:00\",\"breadcrumb\":{\"@id\":\"https:\\\/\\\/www.link2fleet.com\\\/fr\\\/accord-sur-un-soutien-financier-flamand-a-linfrastructure-de-recharger-pour-le-fret-leger-et-lourd\\\/#breadcrumb\"},\"inLanguage\":\"fr-FR\",\"potentialAction\":[{\"@type\":\"ReadAction\",\"target\":[\"https:\\\/\\\/www.link2fleet.com\\\/fr\\\/accord-sur-un-soutien-financier-flamand-a-linfrastructure-de-recharger-pour-le-fret-leger-et-lourd\\\/\"]}]},{\"@type\":\"ImageObject\",\"inLanguage\":\"fr-FR\",\"@id\":\"https:\\\/\\\/www.link2fleet.com\\\/fr\\\/accord-sur-un-soutien-financier-flamand-a-linfrastructure-de-recharger-pour-le-fret-leger-et-lourd\\\/#primaryimage\",\"url\":\"https:\\\/\\\/static.link2fleet.com\\\/wp-content\\\/uploads\\\/2024\\\/03\\\/electricttruckcharging-shutterstock-chesky-orig.jpg\",\"contentUrl\":\"https:\\\/\\\/static.link2fleet.com\\\/wp-content\\\/uploads\\\/2024\\\/03\\\/electricttruckcharging-shutterstock-chesky-orig.jpg\",\"width\":970,\"height\":578},{\"@type\":\"BreadcrumbList\",\"@id\":\"https:\\\/\\\/www.link2fleet.com\\\/fr\\\/accord-sur-un-soutien-financier-flamand-a-linfrastructure-de-recharger-pour-le-fret-leger-et-lourd\\\/#breadcrumb\",\"itemListElement\":[{\"@type\":\"ListItem\",\"position\":1,\"name\":\"Home\",\"item\":\"https:\\\/\\\/www.link2fleet.com\\\/fr\\\/\"},{\"@type\":\"ListItem\",\"position\":2,\"name\":\"Accord sur un soutien financier flamand \u00e0 l&#8217;infrastructure de recharge pour le fret l\u00e9ger et lourd\"}]},{\"@type\":\"WebSite\",\"@id\":\"https:\\\/\\\/www.link2fleet.com\\\/fr\\\/#website\",\"url\":\"https:\\\/\\\/www.link2fleet.com\\\/fr\\\/\",\"name\":\"Link2fleet\",\"description\":\"\",\"publisher\":{\"@id\":\"https:\\\/\\\/www.link2fleet.com\\\/fr\\\/#organization\"},\"potentialAction\":[{\"@type\":\"SearchAction\",\"target\":{\"@type\":\"EntryPoint\",\"urlTemplate\":\"https:\\\/\\\/www.link2fleet.com\\\/fr\\\/?s={search_term_string}\"},\"query-input\":{\"@type\":\"PropertyValueSpecification\",\"valueRequired\":true,\"valueName\":\"search_term_string\"}}],\"inLanguage\":\"fr-FR\"},{\"@type\":\"Organization\",\"@id\":\"https:\\\/\\\/www.link2fleet.com\\\/fr\\\/#organization\",\"name\":\"Link2fleet\",\"url\":\"https:\\\/\\\/www.link2fleet.com\\\/fr\\\/\",\"logo\":{\"@type\":\"ImageObject\",\"inLanguage\":\"fr-FR\",\"@id\":\"https:\\\/\\\/www.link2fleet.com\\\/fr\\\/#\\\/schema\\\/logo\\\/image\\\/\",\"url\":\"https:\\\/\\\/static.link2fleet.com\\\/wp-content\\\/uploads\\\/2024\\\/03\\\/share-image.jpg\",\"contentUrl\":\"https:\\\/\\\/static.link2fleet.com\\\/wp-content\\\/uploads\\\/2024\\\/03\\\/share-image.jpg\",\"width\":1200,\"height\":630,\"caption\":\"Link2fleet\"},\"image\":{\"@id\":\"https:\\\/\\\/www.link2fleet.com\\\/fr\\\/#\\\/schema\\\/logo\\\/image\\\/\"},\"sameAs\":[\"https:\\\/\\\/www.linkedin.com\\\/company\\\/link2fleet-belgium\",\"https:\\\/\\\/www.youtube.com\\\/user\\\/MMMBMBE\"]},{\"@type\":\"Person\",\"@id\":\"https:\\\/\\\/www.link2fleet.com\\\/fr\\\/#\\\/schema\\\/person\\\/bd29f6a2c2427e85a70d3acf17303486\",\"name\":\"Michel Willems - Mobilitas\",\"image\":{\"@type\":\"ImageObject\",\"inLanguage\":\"fr-FR\",\"@id\":\"https:\\\/\\\/secure.gravatar.com\\\/avatar\\\/c937de514893d5b69b3b52ee88664fd4879b786925b6742dc7891d347f167414?s=96&d=mm&r=g\",\"url\":\"https:\\\/\\\/secure.gravatar.com\\\/avatar\\\/c937de514893d5b69b3b52ee88664fd4879b786925b6742dc7891d347f167414?s=96&d=mm&r=g\",\"contentUrl\":\"https:\\\/\\\/secure.gravatar.com\\\/avatar\\\/c937de514893d5b69b3b52ee88664fd4879b786925b6742dc7891d347f167414?s=96&d=mm&r=g\",\"caption\":\"Michel Willems - Mobilitas\"}}]}<\/script>\n<!-- \/ Yoast SEO plugin. -->","yoast_head_json":{"title":"Accord sur un soutien financier flamand \u00e0 l'infrastructure de recharge pour le fret l\u00e9ger et lourd - link2fleet","description":"La pression pour \u00e9tendre l&rsquo;infrastructure de recharge publique pour les camions l\u00e9gers et lourds \u00e9lectriques augmente \u00e0 la fois dans le secteur public et dans\u2026","robots":{"index":"index","follow":"follow","max-snippet":"max-snippet:-1","max-image-preview":"max-image-preview:large","max-video-preview":"max-video-preview:-1"},"og_locale":"fr_FR","og_type":"article","og_title":"Accord sur un soutien financier flamand \u00e0 l'infrastructure de recharge pour le fret l\u00e9ger et lourd - link2fleet","og_description":"La pression pour \u00e9tendre l&rsquo;infrastructure de recharge publique pour les camions l\u00e9gers et lourds \u00e9lectriques augmente \u00e0 la fois dans le secteur public et dans\u2026","og_url":"https:\/\/www.link2fleet.com\/fr\/accord-sur-un-soutien-financier-flamand-a-linfrastructure-de-recharger-pour-le-fret-leger-et-lourd\/","og_site_name":"link2fleet","article_published_time":"2023-09-04T11:14:31+00:00","og_image":[{"width":970,"height":578,"url":"https:\/\/static.link2fleet.com\/wp-content\/uploads\/2024\/03\/electricttruckcharging-shutterstock-chesky-orig.jpg","type":"image\/jpeg"}],"author":"Michel Willems - Mobilitas","twitter_card":"summary_large_image","twitter_description":"La pression pour \u00e9tendre l&rsquo;infrastructure de recharge publique pour les camions l\u00e9gers et lourds \u00e9lectriques augmente \u00e0 la fois dans le secteur public et dans\u2026","twitter_misc":{"\u00c9crit par":"Michel Willems - Mobilitas","Dur\u00e9e de lecture estim\u00e9e":"3 minutes"},"schema":{"@context":"https:\/\/schema.org","@graph":[{"@type":"Article","@id":"https:\/\/www.link2fleet.com\/fr\/accord-sur-un-soutien-financier-flamand-a-linfrastructure-de-recharger-pour-le-fret-leger-et-lourd\/#article","isPartOf":{"@id":"https:\/\/www.link2fleet.com\/fr\/accord-sur-un-soutien-financier-flamand-a-linfrastructure-de-recharger-pour-le-fret-leger-et-lourd\/"},"author":{"name":"Michel Willems - Mobilitas","@id":"https:\/\/www.link2fleet.com\/fr\/#\/schema\/person\/bd29f6a2c2427e85a70d3acf17303486"},"headline":"Accord sur un soutien financier flamand \u00e0 l&rsquo;infrastructure de recharge pour le fret l\u00e9ger et lourd","datePublished":"2023-09-04T11:14:31+00:00","mainEntityOfPage":{"@id":"https:\/\/www.link2fleet.com\/fr\/accord-sur-un-soutien-financier-flamand-a-linfrastructure-de-recharger-pour-le-fret-leger-et-lourd\/"},"wordCount":688,"publisher":{"@id":"https:\/\/www.link2fleet.com\/fr\/#organization"},"image":{"@id":"https:\/\/www.link2fleet.com\/fr\/accord-sur-un-soutien-financier-flamand-a-linfrastructure-de-recharger-pour-le-fret-leger-et-lourd\/#primaryimage"},"thumbnailUrl":"https:\/\/static.link2fleet.com\/wp-content\/uploads\/2024\/03\/electricttruckcharging-shutterstock-chesky-orig.jpg","articleSection":["Gestion carburant et de l'\u00e9nergie","Gestion de flotte"],"inLanguage":"fr-FR"},{"@type":"WebPage","@id":"https:\/\/www.link2fleet.com\/fr\/accord-sur-un-soutien-financier-flamand-a-linfrastructure-de-recharger-pour-le-fret-leger-et-lourd\/","url":"https:\/\/www.link2fleet.com\/fr\/accord-sur-un-soutien-financier-flamand-a-linfrastructure-de-recharger-pour-le-fret-leger-et-lourd\/","name":"Accord sur un soutien financier flamand \u00e0 l'infrastructure de recharge pour le fret l\u00e9ger et lourd - link2fleet","isPartOf":{"@id":"https:\/\/www.link2fleet.com\/fr\/#website"},"primaryImageOfPage":{"@id":"https:\/\/www.link2fleet.com\/fr\/accord-sur-un-soutien-financier-flamand-a-linfrastructure-de-recharger-pour-le-fret-leger-et-lourd\/#primaryimage"},"image":{"@id":"https:\/\/www.link2fleet.com\/fr\/accord-sur-un-soutien-financier-flamand-a-linfrastructure-de-recharger-pour-le-fret-leger-et-lourd\/#primaryimage"},"thumbnailUrl":"https:\/\/static.link2fleet.com\/wp-content\/uploads\/2024\/03\/electricttruckcharging-shutterstock-chesky-orig.jpg","datePublished":"2023-09-04T11:14:31+00:00","breadcrumb":{"@id":"https:\/\/www.link2fleet.com\/fr\/accord-sur-un-soutien-financier-flamand-a-linfrastructure-de-recharger-pour-le-fret-leger-et-lourd\/#breadcrumb"},"inLanguage":"fr-FR","potentialAction":[{"@type":"ReadAction","target":["https:\/\/www.link2fleet.com\/fr\/accord-sur-un-soutien-financier-flamand-a-linfrastructure-de-recharger-pour-le-fret-leger-et-lourd\/"]}]},{"@type":"ImageObject","inLanguage":"fr-FR","@id":"https:\/\/www.link2fleet.com\/fr\/accord-sur-un-soutien-financier-flamand-a-linfrastructure-de-recharger-pour-le-fret-leger-et-lourd\/#primaryimage","url":"https:\/\/static.link2fleet.com\/wp-content\/uploads\/2024\/03\/electricttruckcharging-shutterstock-chesky-orig.jpg","contentUrl":"https:\/\/static.link2fleet.com\/wp-content\/uploads\/2024\/03\/electricttruckcharging-shutterstock-chesky-orig.jpg","width":970,"height":578},{"@type":"BreadcrumbList","@id":"https:\/\/www.link2fleet.com\/fr\/accord-sur-un-soutien-financier-flamand-a-linfrastructure-de-recharger-pour-le-fret-leger-et-lourd\/#breadcrumb","itemListElement":[{"@type":"ListItem","position":1,"name":"Home","item":"https:\/\/www.link2fleet.com\/fr\/"},{"@type":"ListItem","position":2,"name":"Accord sur un soutien financier flamand \u00e0 l&#8217;infrastructure de recharge pour le fret l\u00e9ger et lourd"}]},{"@type":"WebSite","@id":"https:\/\/www.link2fleet.com\/fr\/#website","url":"https:\/\/www.link2fleet.com\/fr\/","name":"Link2fleet","description":"","publisher":{"@id":"https:\/\/www.link2fleet.com\/fr\/#organization"},"potentialAction":[{"@type":"SearchAction","target":{"@type":"EntryPoint","urlTemplate":"https:\/\/www.link2fleet.com\/fr\/?s={search_term_string}"},"query-input":{"@type":"PropertyValueSpecification","valueRequired":true,"valueName":"search_term_string"}}],"inLanguage":"fr-FR"},{"@type":"Organization","@id":"https:\/\/www.link2fleet.com\/fr\/#organization","name":"Link2fleet","url":"https:\/\/www.link2fleet.com\/fr\/","logo":{"@type":"ImageObject","inLanguage":"fr-FR","@id":"https:\/\/www.link2fleet.com\/fr\/#\/schema\/logo\/image\/","url":"https:\/\/static.link2fleet.com\/wp-content\/uploads\/2024\/03\/share-image.jpg","contentUrl":"https:\/\/static.link2fleet.com\/wp-content\/uploads\/2024\/03\/share-image.jpg","width":1200,"height":630,"caption":"Link2fleet"},"image":{"@id":"https:\/\/www.link2fleet.com\/fr\/#\/schema\/logo\/image\/"},"sameAs":["https:\/\/www.linkedin.com\/company\/link2fleet-belgium","https:\/\/www.youtube.com\/user\/MMMBMBE"]},{"@type":"Person","@id":"https:\/\/www.link2fleet.com\/fr\/#\/schema\/person\/bd29f6a2c2427e85a70d3acf17303486","name":"Michel Willems - Mobilitas","image":{"@type":"ImageObject","inLanguage":"fr-FR","@id":"https:\/\/secure.gravatar.com\/avatar\/c937de514893d5b69b3b52ee88664fd4879b786925b6742dc7891d347f167414?s=96&d=mm&r=g","url":"https:\/\/secure.gravatar.com\/avatar\/c937de514893d5b69b3b52ee88664fd4879b786925b6742dc7891d347f167414?s=96&d=mm&r=g","contentUrl":"https:\/\/secure.gravatar.com\/avatar\/c937de514893d5b69b3b52ee88664fd4879b786925b6742dc7891d347f167414?s=96&d=mm&r=g","caption":"Michel Willems - Mobilitas"}}]}},"_links":{"self":[{"href":"https:\/\/www.link2fleet.com\/fr\/wp-json\/wp\/v2\/posts\/10428","targetHints":{"allow":["GET"]}}],"collection":[{"href":"https:\/\/www.link2fleet.com\/fr\/wp-json\/wp\/v2\/posts"}],"about":[{"href":"https:\/\/www.link2fleet.com\/fr\/wp-json\/wp\/v2\/types\/post"}],"author":[{"embeddable":true,"href":"https:\/\/www.link2fleet.com\/fr\/wp-json\/wp\/v2\/users\/11"}],"replies":[{"embeddable":true,"href":"https:\/\/www.link2fleet.com\/fr\/wp-json\/wp\/v2\/comments?post=10428"}],"version-history":[{"count":0,"href":"https:\/\/www.link2fleet.com\/fr\/wp-json\/wp\/v2\/posts\/10428\/revisions"}],"wp:featuredmedia":[{"embeddable":true,"href":"https:\/\/www.link2fleet.com\/fr\/wp-json\/wp\/v2\/media\/10429"}],"wp:attachment":[{"href":"https:\/\/www.link2fleet.com\/fr\/wp-json\/wp\/v2\/media?parent=10428"}],"wp:term":[{"taxonomy":"category","embeddable":true,"href":"https:\/\/www.link2fleet.com\/fr\/wp-json\/wp\/v2\/categories?post=10428"},{"taxonomy":"post_tag","embeddable":true,"href":"https:\/\/www.link2fleet.com\/fr\/wp-json\/wp\/v2\/tags?post=10428"}],"curies":[{"name":"wp","href":"https:\/\/api.w.org\/{rel}","templated":true}]}}