{"id":10462,"date":"2023-09-12T15:02:13","date_gmt":"2023-09-12T13:02:13","guid":{"rendered":"https:\/\/www.link2fleet.com\/peugeot-e-308-et-e-308-sw-lelegance-au-service-de-la-durabilite\/"},"modified":"2023-09-12T15:02:13","modified_gmt":"2023-09-12T13:02:13","slug":"peugeot-e-308-et-e-308-sw-lelegance-au-service-de-la-durabilite","status":"publish","type":"post","link":"https:\/\/www.link2fleet.com\/fr\/peugeot-e-308-et-e-308-sw-lelegance-au-service-de-la-durabilite\/","title":{"rendered":"Peugeot E-308 et E-308 SW: l\u2019\u00e9l\u00e9gance au service de la durabilit\u00e9"},"content":{"rendered":"<p style=\"font-weight: 400;\">La Peugeot E-308 est une berline compacte \u00e9lectrique qui red\u00e9finit les attentes des professionnels en mati\u00e8re de conduite. Son design \u00e9l\u00e9gant et a\u00e9rodynamique exprime \u00e0 la fois dynamisme et raffinement, tout en conservant les caract\u00e9ristiques embl\u00e9matiques de la gamme 308.<\/p>\n<p style=\"font-weight: 400;\"><a href=\"https:\/\/www.link2fleet.com\/wp-content\/uploads\/2023\/09\/peugeot-e_308_sw-1.jpg\"><img loading=\"lazy\" decoding=\"async\" class=\"alignright wp-image-1295680 \" src=\"https:\/\/www.link2fleet.com\/wp-content\/uploads\/2023\/09\/peugeot-e_308_sw-1-1024x683.jpg\" alt=\"\" width=\"384\" height=\"256\" \/><\/a>La version break \u00e9lectrique, d\u00e9nomm\u00e9e E-308 SW, offre une polyvalence suppl\u00e9mentaire pour r\u00e9pondre \u00e0 une vari\u00e9t\u00e9 de besoins professionnels. Avec son espace de chargement g\u00e9n\u00e9reux et son design \u00e9pur\u00e9, elle combine le pratique et l&rsquo;esth\u00e9tique de mani\u00e8re harmonieuse.<\/p>\n<p style=\"font-weight: 400;\">L&rsquo;int\u00e9rieur de la Peugeot gamme E-308 est \u00e9quip\u00e9 des derni\u00e8res technologies intuitives, garantissant que vous restez connect\u00e9 en permanence tout en assurant votre s\u00e9curit\u00e9. L&rsquo;\u00e9cran tactile central de 10 pouces et le combin\u00e9 digital t\u00eate haute en 3 dimensions (sur GT) vous donnent un contr\u00f4le complet sur la navigation, les informations de conduite, la connectivit\u00e9 et les fonctionnalit\u00e9s du v\u00e9hicule.<\/p>\n<p style=\"font-weight: 400;\"><a href=\"https:\/\/www.link2fleet.com\/wp-content\/uploads\/2023\/09\/2_PEUGEOT_New308_HatchSW_bd.jpg.jpeg\"><img loading=\"lazy\" decoding=\"async\" class=\"aligncenter wp-image-1295671\" src=\"https:\/\/www.link2fleet.com\/wp-content\/uploads\/2023\/09\/2_PEUGEOT_New308_HatchSW_bd.jpg-1024x683.jpeg\" alt=\"\" width=\"546\" height=\"364\" \/><\/a><\/p>\n<p>&nbsp;<\/p>\n<p style=\"font-weight: 400;\">Mais ce qui rend la gamme E-308 vraiment exceptionnelle, c&rsquo;est sa technologie \u00e9lectrique de pointe. Sous leur robe, les E-308 et E-308 SW cachent en effet une toute nouvelle motorisation \u00e9lectrique forte de 115 kW (156 ch) et une batterie 54 kWh de nouvelle g\u00e9n\u00e9ration compos\u00e9e de 80 % de Nickel, 10 % de Mangan\u00e8se et 10 % de Cobalt, qui fonctionne sous 400 Volts et permet aux deux mod\u00e8les de d\u00e9passer les 400 km d\u2019autonomie.<\/p>\n<p style=\"font-weight: 400;\"><strong>Consommation exemplaire<\/strong><\/p>\n<p style=\"font-weight: 400;\"><a href=\"https:\/\/www.link2fleet.com\/wp-content\/uploads\/2023\/09\/Peugeot-e-308-electrique-2023.jpg\"><img loading=\"lazy\" decoding=\"async\" class=\"wp-image-1295678  alignright\" src=\"https:\/\/www.link2fleet.com\/wp-content\/uploads\/2023\/09\/Peugeot-e-308-electrique-2023-1024x576.jpg\" alt=\"\" width=\"366\" height=\"206\" \/><\/a>Les ing\u00e9nieurs Peugeot ont particuli\u00e8rement soign\u00e9 l\u2019efficience de la gamme E-308 qui affiche une consommation moyenne de 12,7 kWh\/100 km, une r\u00e9f\u00e9rence parmi les v\u00e9hicules 100% \u00e9lectriques du segment C.<\/p>\n<p style=\"font-weight: 400;\">Gr\u00e2ce au chargeur embarqu\u00e9 de type triphas\u00e9 d\u2019une puissance de 11 kW, vous pouvez passer de 20 \u00e0 80 % de charge en moins de 30 minutes sur une borne publique de 100 kW.<\/p>\n<p style=\"font-weight: 400;\">En optant pour la gamme \u00e9lectrique Peugeot E-308 et E-308 SW, vous faites le choix de l&rsquo;\u00e9l\u00e9gance, de la performance et de la durabilit\u00e9. Offrez \u00e0 vos collaborateurs une conduite \u00a0optimale tout en contribuant activement \u00e0 la transition vers une mobilit\u00e9 plus propre et plus responsable.<\/p>\n<p style=\"font-weight: 400;\">Contactez d\u00e8s aujourd&rsquo;hui <a href=\"https:\/\/www.peugeot.be\/fr\/tools\/points-de-vente.html\">nos experts Peugeot<\/a> pour en savoir plus sur la mani\u00e8re dont la gamme \u00e9lectrique Peugeot peut r\u00e9pondre aux besoins uniques de votre entreprise. Ensemble, fa\u00e7onnons un avenir o\u00f9 l&rsquo;excellence professionnelle va de pair avec le respect de l&rsquo;environnement.<\/p>\n<p style=\"font-weight: 400;\">\n","protected":false},"excerpt":{"rendered":"<p>La Peugeot E-308 est une berline compacte \u00e9lectrique qui red\u00e9finit les attentes des professionnels en mati\u00e8re de conduite. Son design \u00e9l\u00e9gant et a\u00e9rodynamique exprime \u00e0 la fois dynamisme et raffinement, tout en conservant les caract\u00e9ristiques embl\u00e9matiques de la gamme 308. La version break \u00e9lectrique, d\u00e9nomm\u00e9e E-308 SW, offre une polyvalence suppl\u00e9mentaire pour r\u00e9pondre \u00e0 une [&hellip;]<\/p>\n","protected":false},"author":4,"featured_media":10463,"comment_status":"closed","ping_status":"closed","sticky":false,"template":"","format":"standard","meta":{"_acf_changed":false,"footnotes":""},"categories":[77,76],"tags":[],"class_list":["post-10462","post","type-post","status-publish","format-standard","has-post-thumbnail","hentry","category-importateurs-et-constructeurs-automobiles-vp","category-car"],"acf":[],"yoast_head":"<!-- This site is optimized with the Yoast SEO plugin v27.3 - https:\/\/yoast.com\/product\/yoast-seo-wordpress\/ -->\n<title>Peugeot E-308 et E-308 SW: l\u2019\u00e9l\u00e9gance au service de la durabilit\u00e9 - link2fleet<\/title>\n<meta name=\"description\" content=\"Avec les versions 100 % \u00e9lectriques de ses 308 et 308 SW, Peugeot conjugue l\u2019excellence fran\u00e7aise en mati\u00e8re de design, de performance et d\u2019innovation \u00e0\u2026\" \/>\n<meta name=\"robots\" content=\"index, follow, max-snippet:-1, max-image-preview:large, max-video-preview:-1\" \/>\n<meta property=\"og:locale\" content=\"fr_FR\" \/>\n<meta property=\"og:type\" content=\"article\" \/>\n<meta property=\"og:title\" content=\"Peugeot E-308 et E-308 SW: l\u2019\u00e9l\u00e9gance au service de la durabilit\u00e9 - link2fleet\" \/>\n<meta property=\"og:description\" content=\"Avec les versions 100 % \u00e9lectriques de ses 308 et 308 SW, Peugeot conjugue l\u2019excellence fran\u00e7aise en mati\u00e8re de design, de performance et d\u2019innovation \u00e0\u2026\" \/>\n<meta property=\"og:url\" content=\"https:\/\/www.link2fleet.com\/fr\/peugeot-e-308-et-e-308-sw-lelegance-au-service-de-la-durabilite\/\" \/>\n<meta property=\"og:site_name\" content=\"link2fleet\" \/>\n<meta property=\"article:published_time\" content=\"2023-09-12T13:02:13+00:00\" \/>\n<meta property=\"og:image\" content=\"https:\/\/static.link2fleet.com\/wp-content\/uploads\/2024\/03\/peugeot-e308-gamme.jpg\" \/>\n\t<meta property=\"og:image:width\" content=\"1200\" \/>\n\t<meta property=\"og:image:height\" content=\"627\" \/>\n\t<meta property=\"og:image:type\" content=\"image\/jpeg\" \/>\n<meta name=\"author\" content=\"Damien Malvetti\" \/>\n<meta name=\"twitter:card\" content=\"summary_large_image\" \/>\n<meta name=\"twitter:description\" content=\"Avec les versions 100 % \u00e9lectriques de ses 308 et 308 SW, Peugeot conjugue l\u2019excellence fran\u00e7aise en mati\u00e8re de design, de performance et d\u2019innovation \u00e0\u2026\" \/>\n<meta name=\"twitter:label1\" content=\"\u00c9crit par\" \/>\n\t<meta name=\"twitter:data1\" content=\"Damien Malvetti\" \/>\n\t<meta name=\"twitter:label2\" content=\"Dur\u00e9e de lecture estim\u00e9e\" \/>\n\t<meta name=\"twitter:data2\" content=\"2 minutes\" \/>\n<script type=\"application\/ld+json\" class=\"yoast-schema-graph\">{\"@context\":\"https:\\\/\\\/schema.org\",\"@graph\":[{\"@type\":\"Article\",\"@id\":\"https:\\\/\\\/www.link2fleet.com\\\/fr\\\/peugeot-e-308-et-e-308-sw-lelegance-au-service-de-la-durabilite\\\/#article\",\"isPartOf\":{\"@id\":\"https:\\\/\\\/www.link2fleet.com\\\/fr\\\/peugeot-e-308-et-e-308-sw-lelegance-au-service-de-la-durabilite\\\/\"},\"author\":{\"name\":\"Damien Malvetti\",\"@id\":\"https:\\\/\\\/www.link2fleet.com\\\/fr\\\/#\\\/schema\\\/person\\\/027cd46113c78036b3809c9a054049da\"},\"headline\":\"Peugeot E-308 et E-308 SW: l\u2019\u00e9l\u00e9gance au service de la durabilit\u00e9\",\"datePublished\":\"2023-09-12T13:02:13+00:00\",\"mainEntityOfPage\":{\"@id\":\"https:\\\/\\\/www.link2fleet.com\\\/fr\\\/peugeot-e-308-et-e-308-sw-lelegance-au-service-de-la-durabilite\\\/\"},\"wordCount\":404,\"publisher\":{\"@id\":\"https:\\\/\\\/www.link2fleet.com\\\/fr\\\/#organization\"},\"image\":{\"@id\":\"https:\\\/\\\/www.link2fleet.com\\\/fr\\\/peugeot-e-308-et-e-308-sw-lelegance-au-service-de-la-durabilite\\\/#primaryimage\"},\"thumbnailUrl\":\"https:\\\/\\\/static.link2fleet.com\\\/wp-content\\\/uploads\\\/2024\\\/03\\\/peugeot-e308-gamme.jpg\",\"articleSection\":[\"Importateurs et constructeurs\",\"V\u00e9hicules\"],\"inLanguage\":\"fr-FR\"},{\"@type\":\"WebPage\",\"@id\":\"https:\\\/\\\/www.link2fleet.com\\\/fr\\\/peugeot-e-308-et-e-308-sw-lelegance-au-service-de-la-durabilite\\\/\",\"url\":\"https:\\\/\\\/www.link2fleet.com\\\/fr\\\/peugeot-e-308-et-e-308-sw-lelegance-au-service-de-la-durabilite\\\/\",\"name\":\"Peugeot E-308 et E-308 SW: l\u2019\u00e9l\u00e9gance au service de la durabilit\u00e9 - link2fleet\",\"isPartOf\":{\"@id\":\"https:\\\/\\\/www.link2fleet.com\\\/fr\\\/#website\"},\"primaryImageOfPage\":{\"@id\":\"https:\\\/\\\/www.link2fleet.com\\\/fr\\\/peugeot-e-308-et-e-308-sw-lelegance-au-service-de-la-durabilite\\\/#primaryimage\"},\"image\":{\"@id\":\"https:\\\/\\\/www.link2fleet.com\\\/fr\\\/peugeot-e-308-et-e-308-sw-lelegance-au-service-de-la-durabilite\\\/#primaryimage\"},\"thumbnailUrl\":\"https:\\\/\\\/static.link2fleet.com\\\/wp-content\\\/uploads\\\/2024\\\/03\\\/peugeot-e308-gamme.jpg\",\"datePublished\":\"2023-09-12T13:02:13+00:00\",\"breadcrumb\":{\"@id\":\"https:\\\/\\\/www.link2fleet.com\\\/fr\\\/peugeot-e-308-et-e-308-sw-lelegance-au-service-de-la-durabilite\\\/#breadcrumb\"},\"inLanguage\":\"fr-FR\",\"potentialAction\":[{\"@type\":\"ReadAction\",\"target\":[\"https:\\\/\\\/www.link2fleet.com\\\/fr\\\/peugeot-e-308-et-e-308-sw-lelegance-au-service-de-la-durabilite\\\/\"]}]},{\"@type\":\"ImageObject\",\"inLanguage\":\"fr-FR\",\"@id\":\"https:\\\/\\\/www.link2fleet.com\\\/fr\\\/peugeot-e-308-et-e-308-sw-lelegance-au-service-de-la-durabilite\\\/#primaryimage\",\"url\":\"https:\\\/\\\/static.link2fleet.com\\\/wp-content\\\/uploads\\\/2024\\\/03\\\/peugeot-e308-gamme.jpg\",\"contentUrl\":\"https:\\\/\\\/static.link2fleet.com\\\/wp-content\\\/uploads\\\/2024\\\/03\\\/peugeot-e308-gamme.jpg\",\"width\":1200,\"height\":627,\"caption\":\"|||||||\"},{\"@type\":\"BreadcrumbList\",\"@id\":\"https:\\\/\\\/www.link2fleet.com\\\/fr\\\/peugeot-e-308-et-e-308-sw-lelegance-au-service-de-la-durabilite\\\/#breadcrumb\",\"itemListElement\":[{\"@type\":\"ListItem\",\"position\":1,\"name\":\"Home\",\"item\":\"https:\\\/\\\/www.link2fleet.com\\\/fr\\\/\"},{\"@type\":\"ListItem\",\"position\":2,\"name\":\"Peugeot E-308 et E-308 SW: l\u2019\u00e9l\u00e9gance au service de la durabilit\u00e9\"}]},{\"@type\":\"WebSite\",\"@id\":\"https:\\\/\\\/www.link2fleet.com\\\/fr\\\/#website\",\"url\":\"https:\\\/\\\/www.link2fleet.com\\\/fr\\\/\",\"name\":\"Link2fleet\",\"description\":\"\",\"publisher\":{\"@id\":\"https:\\\/\\\/www.link2fleet.com\\\/fr\\\/#organization\"},\"potentialAction\":[{\"@type\":\"SearchAction\",\"target\":{\"@type\":\"EntryPoint\",\"urlTemplate\":\"https:\\\/\\\/www.link2fleet.com\\\/fr\\\/?s={search_term_string}\"},\"query-input\":{\"@type\":\"PropertyValueSpecification\",\"valueRequired\":true,\"valueName\":\"search_term_string\"}}],\"inLanguage\":\"fr-FR\"},{\"@type\":\"Organization\",\"@id\":\"https:\\\/\\\/www.link2fleet.com\\\/fr\\\/#organization\",\"name\":\"Link2fleet\",\"url\":\"https:\\\/\\\/www.link2fleet.com\\\/fr\\\/\",\"logo\":{\"@type\":\"ImageObject\",\"inLanguage\":\"fr-FR\",\"@id\":\"https:\\\/\\\/www.link2fleet.com\\\/fr\\\/#\\\/schema\\\/logo\\\/image\\\/\",\"url\":\"https:\\\/\\\/static.link2fleet.com\\\/wp-content\\\/uploads\\\/2024\\\/03\\\/share-image.jpg\",\"contentUrl\":\"https:\\\/\\\/static.link2fleet.com\\\/wp-content\\\/uploads\\\/2024\\\/03\\\/share-image.jpg\",\"width\":1200,\"height\":630,\"caption\":\"Link2fleet\"},\"image\":{\"@id\":\"https:\\\/\\\/www.link2fleet.com\\\/fr\\\/#\\\/schema\\\/logo\\\/image\\\/\"},\"sameAs\":[\"https:\\\/\\\/www.linkedin.com\\\/company\\\/link2fleet-belgium\",\"https:\\\/\\\/www.youtube.com\\\/user\\\/MMMBMBE\"]},{\"@type\":\"Person\",\"@id\":\"https:\\\/\\\/www.link2fleet.com\\\/fr\\\/#\\\/schema\\\/person\\\/027cd46113c78036b3809c9a054049da\",\"name\":\"Damien Malvetti\",\"image\":{\"@type\":\"ImageObject\",\"inLanguage\":\"fr-FR\",\"@id\":\"https:\\\/\\\/secure.gravatar.com\\\/avatar\\\/dd8cc03b49466c735f753ac37f8caa371af16dfed347456ed61f02883255eebb?s=96&d=mm&r=g\",\"url\":\"https:\\\/\\\/secure.gravatar.com\\\/avatar\\\/dd8cc03b49466c735f753ac37f8caa371af16dfed347456ed61f02883255eebb?s=96&d=mm&r=g\",\"contentUrl\":\"https:\\\/\\\/secure.gravatar.com\\\/avatar\\\/dd8cc03b49466c735f753ac37f8caa371af16dfed347456ed61f02883255eebb?s=96&d=mm&r=g\",\"caption\":\"Damien Malvetti\"},\"description\":\"Damien Malvetti is opgeleid als journalist en gepassioneerd door wagens, technologie en mobiliteit. Hij is verantwoordelijk voor de redactionele inhoud van link2fleet en beschikt over een uitgebreide kennis van de fleet-sector en elektrische mobiliteit.\",\"sameAs\":[\"https:\\\/\\\/www.linkedin.com\\\/in\\\/damien-malvetti-56601142\\\/\"]}]}<\/script>\n<!-- \/ Yoast SEO plugin. -->","yoast_head_json":{"title":"Peugeot E-308 et E-308 SW: l\u2019\u00e9l\u00e9gance au service de la durabilit\u00e9 - link2fleet","description":"Avec les versions 100 % \u00e9lectriques de ses 308 et 308 SW, Peugeot conjugue l\u2019excellence fran\u00e7aise en mati\u00e8re de design, de performance et d\u2019innovation \u00e0\u2026","robots":{"index":"index","follow":"follow","max-snippet":"max-snippet:-1","max-image-preview":"max-image-preview:large","max-video-preview":"max-video-preview:-1"},"og_locale":"fr_FR","og_type":"article","og_title":"Peugeot E-308 et E-308 SW: l\u2019\u00e9l\u00e9gance au service de la durabilit\u00e9 - link2fleet","og_description":"Avec les versions 100 % \u00e9lectriques de ses 308 et 308 SW, Peugeot conjugue l\u2019excellence fran\u00e7aise en mati\u00e8re de design, de performance et d\u2019innovation \u00e0\u2026","og_url":"https:\/\/www.link2fleet.com\/fr\/peugeot-e-308-et-e-308-sw-lelegance-au-service-de-la-durabilite\/","og_site_name":"link2fleet","article_published_time":"2023-09-12T13:02:13+00:00","og_image":[{"width":1200,"height":627,"url":"https:\/\/static.link2fleet.com\/wp-content\/uploads\/2024\/03\/peugeot-e308-gamme.jpg","type":"image\/jpeg"}],"author":"Damien Malvetti","twitter_card":"summary_large_image","twitter_description":"Avec les versions 100 % \u00e9lectriques de ses 308 et 308 SW, Peugeot conjugue l\u2019excellence fran\u00e7aise en mati\u00e8re de design, de performance et d\u2019innovation \u00e0\u2026","twitter_misc":{"\u00c9crit par":"Damien Malvetti","Dur\u00e9e de lecture estim\u00e9e":"2 minutes"},"schema":{"@context":"https:\/\/schema.org","@graph":[{"@type":"Article","@id":"https:\/\/www.link2fleet.com\/fr\/peugeot-e-308-et-e-308-sw-lelegance-au-service-de-la-durabilite\/#article","isPartOf":{"@id":"https:\/\/www.link2fleet.com\/fr\/peugeot-e-308-et-e-308-sw-lelegance-au-service-de-la-durabilite\/"},"author":{"name":"Damien Malvetti","@id":"https:\/\/www.link2fleet.com\/fr\/#\/schema\/person\/027cd46113c78036b3809c9a054049da"},"headline":"Peugeot E-308 et E-308 SW: l\u2019\u00e9l\u00e9gance au service de la durabilit\u00e9","datePublished":"2023-09-12T13:02:13+00:00","mainEntityOfPage":{"@id":"https:\/\/www.link2fleet.com\/fr\/peugeot-e-308-et-e-308-sw-lelegance-au-service-de-la-durabilite\/"},"wordCount":404,"publisher":{"@id":"https:\/\/www.link2fleet.com\/fr\/#organization"},"image":{"@id":"https:\/\/www.link2fleet.com\/fr\/peugeot-e-308-et-e-308-sw-lelegance-au-service-de-la-durabilite\/#primaryimage"},"thumbnailUrl":"https:\/\/static.link2fleet.com\/wp-content\/uploads\/2024\/03\/peugeot-e308-gamme.jpg","articleSection":["Importateurs et constructeurs","V\u00e9hicules"],"inLanguage":"fr-FR"},{"@type":"WebPage","@id":"https:\/\/www.link2fleet.com\/fr\/peugeot-e-308-et-e-308-sw-lelegance-au-service-de-la-durabilite\/","url":"https:\/\/www.link2fleet.com\/fr\/peugeot-e-308-et-e-308-sw-lelegance-au-service-de-la-durabilite\/","name":"Peugeot E-308 et E-308 SW: l\u2019\u00e9l\u00e9gance au service de la durabilit\u00e9 - link2fleet","isPartOf":{"@id":"https:\/\/www.link2fleet.com\/fr\/#website"},"primaryImageOfPage":{"@id":"https:\/\/www.link2fleet.com\/fr\/peugeot-e-308-et-e-308-sw-lelegance-au-service-de-la-durabilite\/#primaryimage"},"image":{"@id":"https:\/\/www.link2fleet.com\/fr\/peugeot-e-308-et-e-308-sw-lelegance-au-service-de-la-durabilite\/#primaryimage"},"thumbnailUrl":"https:\/\/static.link2fleet.com\/wp-content\/uploads\/2024\/03\/peugeot-e308-gamme.jpg","datePublished":"2023-09-12T13:02:13+00:00","breadcrumb":{"@id":"https:\/\/www.link2fleet.com\/fr\/peugeot-e-308-et-e-308-sw-lelegance-au-service-de-la-durabilite\/#breadcrumb"},"inLanguage":"fr-FR","potentialAction":[{"@type":"ReadAction","target":["https:\/\/www.link2fleet.com\/fr\/peugeot-e-308-et-e-308-sw-lelegance-au-service-de-la-durabilite\/"]}]},{"@type":"ImageObject","inLanguage":"fr-FR","@id":"https:\/\/www.link2fleet.com\/fr\/peugeot-e-308-et-e-308-sw-lelegance-au-service-de-la-durabilite\/#primaryimage","url":"https:\/\/static.link2fleet.com\/wp-content\/uploads\/2024\/03\/peugeot-e308-gamme.jpg","contentUrl":"https:\/\/static.link2fleet.com\/wp-content\/uploads\/2024\/03\/peugeot-e308-gamme.jpg","width":1200,"height":627,"caption":"|||||||"},{"@type":"BreadcrumbList","@id":"https:\/\/www.link2fleet.com\/fr\/peugeot-e-308-et-e-308-sw-lelegance-au-service-de-la-durabilite\/#breadcrumb","itemListElement":[{"@type":"ListItem","position":1,"name":"Home","item":"https:\/\/www.link2fleet.com\/fr\/"},{"@type":"ListItem","position":2,"name":"Peugeot E-308 et E-308 SW: l\u2019\u00e9l\u00e9gance au service de la durabilit\u00e9"}]},{"@type":"WebSite","@id":"https:\/\/www.link2fleet.com\/fr\/#website","url":"https:\/\/www.link2fleet.com\/fr\/","name":"Link2fleet","description":"","publisher":{"@id":"https:\/\/www.link2fleet.com\/fr\/#organization"},"potentialAction":[{"@type":"SearchAction","target":{"@type":"EntryPoint","urlTemplate":"https:\/\/www.link2fleet.com\/fr\/?s={search_term_string}"},"query-input":{"@type":"PropertyValueSpecification","valueRequired":true,"valueName":"search_term_string"}}],"inLanguage":"fr-FR"},{"@type":"Organization","@id":"https:\/\/www.link2fleet.com\/fr\/#organization","name":"Link2fleet","url":"https:\/\/www.link2fleet.com\/fr\/","logo":{"@type":"ImageObject","inLanguage":"fr-FR","@id":"https:\/\/www.link2fleet.com\/fr\/#\/schema\/logo\/image\/","url":"https:\/\/static.link2fleet.com\/wp-content\/uploads\/2024\/03\/share-image.jpg","contentUrl":"https:\/\/static.link2fleet.com\/wp-content\/uploads\/2024\/03\/share-image.jpg","width":1200,"height":630,"caption":"Link2fleet"},"image":{"@id":"https:\/\/www.link2fleet.com\/fr\/#\/schema\/logo\/image\/"},"sameAs":["https:\/\/www.linkedin.com\/company\/link2fleet-belgium","https:\/\/www.youtube.com\/user\/MMMBMBE"]},{"@type":"Person","@id":"https:\/\/www.link2fleet.com\/fr\/#\/schema\/person\/027cd46113c78036b3809c9a054049da","name":"Damien Malvetti","image":{"@type":"ImageObject","inLanguage":"fr-FR","@id":"https:\/\/secure.gravatar.com\/avatar\/dd8cc03b49466c735f753ac37f8caa371af16dfed347456ed61f02883255eebb?s=96&d=mm&r=g","url":"https:\/\/secure.gravatar.com\/avatar\/dd8cc03b49466c735f753ac37f8caa371af16dfed347456ed61f02883255eebb?s=96&d=mm&r=g","contentUrl":"https:\/\/secure.gravatar.com\/avatar\/dd8cc03b49466c735f753ac37f8caa371af16dfed347456ed61f02883255eebb?s=96&d=mm&r=g","caption":"Damien Malvetti"},"description":"Damien Malvetti is opgeleid als journalist en gepassioneerd door wagens, technologie en mobiliteit. Hij is verantwoordelijk voor de redactionele inhoud van link2fleet en beschikt over een uitgebreide kennis van de fleet-sector en elektrische mobiliteit.","sameAs":["https:\/\/www.linkedin.com\/in\/damien-malvetti-56601142\/"]}]}},"_links":{"self":[{"href":"https:\/\/www.link2fleet.com\/fr\/wp-json\/wp\/v2\/posts\/10462","targetHints":{"allow":["GET"]}}],"collection":[{"href":"https:\/\/www.link2fleet.com\/fr\/wp-json\/wp\/v2\/posts"}],"about":[{"href":"https:\/\/www.link2fleet.com\/fr\/wp-json\/wp\/v2\/types\/post"}],"author":[{"embeddable":true,"href":"https:\/\/www.link2fleet.com\/fr\/wp-json\/wp\/v2\/users\/4"}],"replies":[{"embeddable":true,"href":"https:\/\/www.link2fleet.com\/fr\/wp-json\/wp\/v2\/comments?post=10462"}],"version-history":[{"count":0,"href":"https:\/\/www.link2fleet.com\/fr\/wp-json\/wp\/v2\/posts\/10462\/revisions"}],"wp:featuredmedia":[{"embeddable":true,"href":"https:\/\/www.link2fleet.com\/fr\/wp-json\/wp\/v2\/media\/10463"}],"wp:attachment":[{"href":"https:\/\/www.link2fleet.com\/fr\/wp-json\/wp\/v2\/media?parent=10462"}],"wp:term":[{"taxonomy":"category","embeddable":true,"href":"https:\/\/www.link2fleet.com\/fr\/wp-json\/wp\/v2\/categories?post=10462"},{"taxonomy":"post_tag","embeddable":true,"href":"https:\/\/www.link2fleet.com\/fr\/wp-json\/wp\/v2\/tags?post=10462"}],"curies":[{"name":"wp","href":"https:\/\/api.w.org\/{rel}","templated":true}]}}