{"id":10524,"date":"2023-09-14T09:46:46","date_gmt":"2023-09-14T07:46:46","guid":{"rendered":"https:\/\/www.link2fleet.com\/semaine-de-la-mobilite-abandonnez-votre-voiture-ce-vendredi-22-septembre\/"},"modified":"2023-09-14T09:46:46","modified_gmt":"2023-09-14T07:46:46","slug":"semaine-de-la-mobilite-abandonnez-votre-voiture-ce-vendredi-22-septembre","status":"publish","type":"post","link":"https:\/\/www.link2fleet.com\/fr\/semaine-de-la-mobilite-abandonnez-votre-voiture-ce-vendredi-22-septembre\/","title":{"rendered":"Semaine de la Mobilit\u00e9: abandonnez votre voiture ce vendredi 22 septembre"},"content":{"rendered":"<p>Abandonner sa voiture le temps d&rsquo;une journ\u00e9e par an pour d\u00e9couvrir d&rsquo;autres moyens de transport (et peut-\u00eatre y prendre go\u00fbt?), voil\u00e0 l&rsquo;id\u00e9e qui se cache derri\u00e8re ce World Car-free day, qui s&rsquo;ajoute \u00e0 la journ\u00e9e sans voiture organis\u00e9e ce dimanche 17 septembre \u00e0 Bruxelles. Organis\u00e9 dans le monde entier chaque ann\u00e9e le dernier jour de la Semaine de la Mobilit\u00e9, le World Car Free day aura lieu cette ann\u00e9e un vendredi. Une belle fa\u00e7on de conclure une semaine de travail.<\/p>\n<p style=\"text-align: center;\"><a href=\"https:\/\/www.link2fleet.com\/fr\/expertsguide\/categories\/tb-cat-fr-mobility\/\"><strong>Vous cherchez des solutions de mobilit\u00e9 \u00e0 utiliser durant cette journ\u00e9e sans voiture? Rendez-vous dans la rubrique mobilit\u00e9 de notre Experts Guide en ligne o\u00f9 vous trouverez tous les acteurs de mobilit\u00e9 alternative disponibles sur le territoire belge.<\/strong><\/a><\/p>\n<p>&nbsp;<\/p>\n","protected":false},"excerpt":{"rendered":"<p>Abandonner sa voiture le temps d&rsquo;une journ\u00e9e par an pour d\u00e9couvrir d&rsquo;autres moyens de transport (et peut-\u00eatre y prendre go\u00fbt?), voil\u00e0 l&rsquo;id\u00e9e qui se cache derri\u00e8re ce World Car-free day, qui s&rsquo;ajoute \u00e0 la journ\u00e9e sans voiture organis\u00e9e ce dimanche 17 septembre \u00e0 Bruxelles. Organis\u00e9 dans le monde entier chaque ann\u00e9e le dernier jour de [&hellip;]<\/p>\n","protected":false},"author":4,"featured_media":10525,"comment_status":"closed","ping_status":"closed","sticky":false,"template":"","format":"standard","meta":{"_acf_changed":false,"footnotes":""},"categories":[90,88,89,99,87,97,98,96],"tags":[],"class_list":["post-10524","post","type-post","status-publish","format-standard","has-post-thumbnail","hentry","category-car-sharing-et-car-pooling","category-cartes-de-mobilite","category-modes-de-transports-alternatifs-flex-offices-parkings","category-gestiondeparking","category-mobility-2","category-transportsencommun","category-trottinettes_scooters_motos","category-velos-location"],"acf":[],"yoast_head":"<!-- This site is optimized with the Yoast SEO plugin v27.3 - https:\/\/yoast.com\/product\/yoast-seo-wordpress\/ -->\n<title>Semaine de la Mobilit\u00e9: abandonnez votre voiture ce vendredi 22 septembre - link2fleet<\/title>\n<meta name=\"description\" content=\"Chaque ann\u00e9e dans le cadre de la Semaine de la Mobilit\u00e9 a lieu le \u00ab\u00a0Car-free day\u00a0\u00bb. Autrement dit, une journ\u00e9e pendant laquelle les conducteurs du\u2026\" \/>\n<meta name=\"robots\" content=\"index, follow, max-snippet:-1, max-image-preview:large, max-video-preview:-1\" \/>\n<meta property=\"og:locale\" content=\"fr_FR\" \/>\n<meta property=\"og:type\" content=\"article\" \/>\n<meta property=\"og:title\" content=\"Semaine de la Mobilit\u00e9: abandonnez votre voiture ce vendredi 22 septembre - link2fleet\" \/>\n<meta property=\"og:description\" content=\"Chaque ann\u00e9e dans le cadre de la Semaine de la Mobilit\u00e9 a lieu le \u00ab\u00a0Car-free day\u00a0\u00bb. Autrement dit, une journ\u00e9e pendant laquelle les conducteurs du\u2026\" \/>\n<meta property=\"og:url\" content=\"https:\/\/www.link2fleet.com\/fr\/semaine-de-la-mobilite-abandonnez-votre-voiture-ce-vendredi-22-septembre\/\" \/>\n<meta property=\"og:site_name\" content=\"link2fleet\" \/>\n<meta property=\"article:published_time\" content=\"2023-09-14T07:46:46+00:00\" \/>\n<meta property=\"og:image\" content=\"https:\/\/static.link2fleet.com\/wp-content\/uploads\/2024\/03\/image-17.jpeg\" \/>\n\t<meta property=\"og:image:width\" content=\"1861\" \/>\n\t<meta property=\"og:image:height\" content=\"1548\" \/>\n\t<meta property=\"og:image:type\" content=\"image\/jpeg\" \/>\n<meta name=\"author\" content=\"Damien Malvetti\" \/>\n<meta name=\"twitter:card\" content=\"summary_large_image\" \/>\n<meta name=\"twitter:description\" content=\"Chaque ann\u00e9e dans le cadre de la Semaine de la Mobilit\u00e9 a lieu le \u00ab\u00a0Car-free day\u00a0\u00bb. Autrement dit, une journ\u00e9e pendant laquelle les conducteurs du\u2026\" \/>\n<meta name=\"twitter:label1\" content=\"\u00c9crit par\" \/>\n\t<meta name=\"twitter:data1\" content=\"Damien Malvetti\" \/>\n\t<meta name=\"twitter:label2\" content=\"Dur\u00e9e de lecture estim\u00e9e\" \/>\n\t<meta name=\"twitter:data2\" content=\"1 minute\" \/>\n<script type=\"application\/ld+json\" class=\"yoast-schema-graph\">{\"@context\":\"https:\\\/\\\/schema.org\",\"@graph\":[{\"@type\":\"Article\",\"@id\":\"https:\\\/\\\/www.link2fleet.com\\\/fr\\\/semaine-de-la-mobilite-abandonnez-votre-voiture-ce-vendredi-22-septembre\\\/#article\",\"isPartOf\":{\"@id\":\"https:\\\/\\\/www.link2fleet.com\\\/fr\\\/semaine-de-la-mobilite-abandonnez-votre-voiture-ce-vendredi-22-septembre\\\/\"},\"author\":{\"name\":\"Damien Malvetti\",\"@id\":\"https:\\\/\\\/www.link2fleet.com\\\/fr\\\/#\\\/schema\\\/person\\\/027cd46113c78036b3809c9a054049da\"},\"headline\":\"Semaine de la Mobilit\u00e9: abandonnez votre voiture ce vendredi 22 septembre\",\"datePublished\":\"2023-09-14T07:46:46+00:00\",\"mainEntityOfPage\":{\"@id\":\"https:\\\/\\\/www.link2fleet.com\\\/fr\\\/semaine-de-la-mobilite-abandonnez-votre-voiture-ce-vendredi-22-septembre\\\/\"},\"wordCount\":141,\"publisher\":{\"@id\":\"https:\\\/\\\/www.link2fleet.com\\\/fr\\\/#organization\"},\"image\":{\"@id\":\"https:\\\/\\\/www.link2fleet.com\\\/fr\\\/semaine-de-la-mobilite-abandonnez-votre-voiture-ce-vendredi-22-septembre\\\/#primaryimage\"},\"thumbnailUrl\":\"https:\\\/\\\/static.link2fleet.com\\\/wp-content\\\/uploads\\\/2024\\\/03\\\/image-17.jpeg\",\"articleSection\":[\"Car-sharing, car-pooling et taxi\",\"Cartes\\\/app de mobilit\u00e9\",\"Flex-offices\",\"Gestion de parking\",\"Mobilit\u00e9\",\"Transports en commun\",\"Trottinettes, scooters et motos\",\"V\u00e9los (location)\"],\"inLanguage\":\"fr-FR\"},{\"@type\":\"WebPage\",\"@id\":\"https:\\\/\\\/www.link2fleet.com\\\/fr\\\/semaine-de-la-mobilite-abandonnez-votre-voiture-ce-vendredi-22-septembre\\\/\",\"url\":\"https:\\\/\\\/www.link2fleet.com\\\/fr\\\/semaine-de-la-mobilite-abandonnez-votre-voiture-ce-vendredi-22-septembre\\\/\",\"name\":\"Semaine de la Mobilit\u00e9: abandonnez votre voiture ce vendredi 22 septembre - link2fleet\",\"isPartOf\":{\"@id\":\"https:\\\/\\\/www.link2fleet.com\\\/fr\\\/#website\"},\"primaryImageOfPage\":{\"@id\":\"https:\\\/\\\/www.link2fleet.com\\\/fr\\\/semaine-de-la-mobilite-abandonnez-votre-voiture-ce-vendredi-22-septembre\\\/#primaryimage\"},\"image\":{\"@id\":\"https:\\\/\\\/www.link2fleet.com\\\/fr\\\/semaine-de-la-mobilite-abandonnez-votre-voiture-ce-vendredi-22-septembre\\\/#primaryimage\"},\"thumbnailUrl\":\"https:\\\/\\\/static.link2fleet.com\\\/wp-content\\\/uploads\\\/2024\\\/03\\\/image-17.jpeg\",\"datePublished\":\"2023-09-14T07:46:46+00:00\",\"breadcrumb\":{\"@id\":\"https:\\\/\\\/www.link2fleet.com\\\/fr\\\/semaine-de-la-mobilite-abandonnez-votre-voiture-ce-vendredi-22-septembre\\\/#breadcrumb\"},\"inLanguage\":\"fr-FR\",\"potentialAction\":[{\"@type\":\"ReadAction\",\"target\":[\"https:\\\/\\\/www.link2fleet.com\\\/fr\\\/semaine-de-la-mobilite-abandonnez-votre-voiture-ce-vendredi-22-septembre\\\/\"]}]},{\"@type\":\"ImageObject\",\"inLanguage\":\"fr-FR\",\"@id\":\"https:\\\/\\\/www.link2fleet.com\\\/fr\\\/semaine-de-la-mobilite-abandonnez-votre-voiture-ce-vendredi-22-septembre\\\/#primaryimage\",\"url\":\"https:\\\/\\\/static.link2fleet.com\\\/wp-content\\\/uploads\\\/2024\\\/03\\\/image-17.jpeg\",\"contentUrl\":\"https:\\\/\\\/static.link2fleet.com\\\/wp-content\\\/uploads\\\/2024\\\/03\\\/image-17.jpeg\",\"width\":1861,\"height\":1548},{\"@type\":\"BreadcrumbList\",\"@id\":\"https:\\\/\\\/www.link2fleet.com\\\/fr\\\/semaine-de-la-mobilite-abandonnez-votre-voiture-ce-vendredi-22-septembre\\\/#breadcrumb\",\"itemListElement\":[{\"@type\":\"ListItem\",\"position\":1,\"name\":\"Home\",\"item\":\"https:\\\/\\\/www.link2fleet.com\\\/fr\\\/\"},{\"@type\":\"ListItem\",\"position\":2,\"name\":\"Semaine de la Mobilit\u00e9: abandonnez votre voiture ce vendredi 22 septembre\"}]},{\"@type\":\"WebSite\",\"@id\":\"https:\\\/\\\/www.link2fleet.com\\\/fr\\\/#website\",\"url\":\"https:\\\/\\\/www.link2fleet.com\\\/fr\\\/\",\"name\":\"Link2fleet\",\"description\":\"\",\"publisher\":{\"@id\":\"https:\\\/\\\/www.link2fleet.com\\\/fr\\\/#organization\"},\"potentialAction\":[{\"@type\":\"SearchAction\",\"target\":{\"@type\":\"EntryPoint\",\"urlTemplate\":\"https:\\\/\\\/www.link2fleet.com\\\/fr\\\/?s={search_term_string}\"},\"query-input\":{\"@type\":\"PropertyValueSpecification\",\"valueRequired\":true,\"valueName\":\"search_term_string\"}}],\"inLanguage\":\"fr-FR\"},{\"@type\":\"Organization\",\"@id\":\"https:\\\/\\\/www.link2fleet.com\\\/fr\\\/#organization\",\"name\":\"Link2fleet\",\"url\":\"https:\\\/\\\/www.link2fleet.com\\\/fr\\\/\",\"logo\":{\"@type\":\"ImageObject\",\"inLanguage\":\"fr-FR\",\"@id\":\"https:\\\/\\\/www.link2fleet.com\\\/fr\\\/#\\\/schema\\\/logo\\\/image\\\/\",\"url\":\"https:\\\/\\\/static.link2fleet.com\\\/wp-content\\\/uploads\\\/2024\\\/03\\\/share-image.jpg\",\"contentUrl\":\"https:\\\/\\\/static.link2fleet.com\\\/wp-content\\\/uploads\\\/2024\\\/03\\\/share-image.jpg\",\"width\":1200,\"height\":630,\"caption\":\"Link2fleet\"},\"image\":{\"@id\":\"https:\\\/\\\/www.link2fleet.com\\\/fr\\\/#\\\/schema\\\/logo\\\/image\\\/\"},\"sameAs\":[\"https:\\\/\\\/www.linkedin.com\\\/company\\\/link2fleet-belgium\",\"https:\\\/\\\/www.youtube.com\\\/user\\\/MMMBMBE\"]},{\"@type\":\"Person\",\"@id\":\"https:\\\/\\\/www.link2fleet.com\\\/fr\\\/#\\\/schema\\\/person\\\/027cd46113c78036b3809c9a054049da\",\"name\":\"Damien Malvetti\",\"image\":{\"@type\":\"ImageObject\",\"inLanguage\":\"fr-FR\",\"@id\":\"https:\\\/\\\/secure.gravatar.com\\\/avatar\\\/dd8cc03b49466c735f753ac37f8caa371af16dfed347456ed61f02883255eebb?s=96&d=mm&r=g\",\"url\":\"https:\\\/\\\/secure.gravatar.com\\\/avatar\\\/dd8cc03b49466c735f753ac37f8caa371af16dfed347456ed61f02883255eebb?s=96&d=mm&r=g\",\"contentUrl\":\"https:\\\/\\\/secure.gravatar.com\\\/avatar\\\/dd8cc03b49466c735f753ac37f8caa371af16dfed347456ed61f02883255eebb?s=96&d=mm&r=g\",\"caption\":\"Damien Malvetti\"},\"description\":\"Damien Malvetti is opgeleid als journalist en gepassioneerd door wagens, technologie en mobiliteit. Hij is verantwoordelijk voor de redactionele inhoud van link2fleet en beschikt over een uitgebreide kennis van de fleet-sector en elektrische mobiliteit.\",\"sameAs\":[\"https:\\\/\\\/www.linkedin.com\\\/in\\\/damien-malvetti-56601142\\\/\"]}]}<\/script>\n<!-- \/ Yoast SEO plugin. -->","yoast_head_json":{"title":"Semaine de la Mobilit\u00e9: abandonnez votre voiture ce vendredi 22 septembre - link2fleet","description":"Chaque ann\u00e9e dans le cadre de la Semaine de la Mobilit\u00e9 a lieu le \u00ab\u00a0Car-free day\u00a0\u00bb. Autrement dit, une journ\u00e9e pendant laquelle les conducteurs du\u2026","robots":{"index":"index","follow":"follow","max-snippet":"max-snippet:-1","max-image-preview":"max-image-preview:large","max-video-preview":"max-video-preview:-1"},"og_locale":"fr_FR","og_type":"article","og_title":"Semaine de la Mobilit\u00e9: abandonnez votre voiture ce vendredi 22 septembre - link2fleet","og_description":"Chaque ann\u00e9e dans le cadre de la Semaine de la Mobilit\u00e9 a lieu le \u00ab\u00a0Car-free day\u00a0\u00bb. Autrement dit, une journ\u00e9e pendant laquelle les conducteurs du\u2026","og_url":"https:\/\/www.link2fleet.com\/fr\/semaine-de-la-mobilite-abandonnez-votre-voiture-ce-vendredi-22-septembre\/","og_site_name":"link2fleet","article_published_time":"2023-09-14T07:46:46+00:00","og_image":[{"width":1861,"height":1548,"url":"https:\/\/static.link2fleet.com\/wp-content\/uploads\/2024\/03\/image-17.jpeg","type":"image\/jpeg"}],"author":"Damien Malvetti","twitter_card":"summary_large_image","twitter_description":"Chaque ann\u00e9e dans le cadre de la Semaine de la Mobilit\u00e9 a lieu le \u00ab\u00a0Car-free day\u00a0\u00bb. Autrement dit, une journ\u00e9e pendant laquelle les conducteurs du\u2026","twitter_misc":{"\u00c9crit par":"Damien Malvetti","Dur\u00e9e de lecture estim\u00e9e":"1 minute"},"schema":{"@context":"https:\/\/schema.org","@graph":[{"@type":"Article","@id":"https:\/\/www.link2fleet.com\/fr\/semaine-de-la-mobilite-abandonnez-votre-voiture-ce-vendredi-22-septembre\/#article","isPartOf":{"@id":"https:\/\/www.link2fleet.com\/fr\/semaine-de-la-mobilite-abandonnez-votre-voiture-ce-vendredi-22-septembre\/"},"author":{"name":"Damien Malvetti","@id":"https:\/\/www.link2fleet.com\/fr\/#\/schema\/person\/027cd46113c78036b3809c9a054049da"},"headline":"Semaine de la Mobilit\u00e9: abandonnez votre voiture ce vendredi 22 septembre","datePublished":"2023-09-14T07:46:46+00:00","mainEntityOfPage":{"@id":"https:\/\/www.link2fleet.com\/fr\/semaine-de-la-mobilite-abandonnez-votre-voiture-ce-vendredi-22-septembre\/"},"wordCount":141,"publisher":{"@id":"https:\/\/www.link2fleet.com\/fr\/#organization"},"image":{"@id":"https:\/\/www.link2fleet.com\/fr\/semaine-de-la-mobilite-abandonnez-votre-voiture-ce-vendredi-22-septembre\/#primaryimage"},"thumbnailUrl":"https:\/\/static.link2fleet.com\/wp-content\/uploads\/2024\/03\/image-17.jpeg","articleSection":["Car-sharing, car-pooling et taxi","Cartes\/app de mobilit\u00e9","Flex-offices","Gestion de parking","Mobilit\u00e9","Transports en commun","Trottinettes, scooters et motos","V\u00e9los (location)"],"inLanguage":"fr-FR"},{"@type":"WebPage","@id":"https:\/\/www.link2fleet.com\/fr\/semaine-de-la-mobilite-abandonnez-votre-voiture-ce-vendredi-22-septembre\/","url":"https:\/\/www.link2fleet.com\/fr\/semaine-de-la-mobilite-abandonnez-votre-voiture-ce-vendredi-22-septembre\/","name":"Semaine de la Mobilit\u00e9: abandonnez votre voiture ce vendredi 22 septembre - link2fleet","isPartOf":{"@id":"https:\/\/www.link2fleet.com\/fr\/#website"},"primaryImageOfPage":{"@id":"https:\/\/www.link2fleet.com\/fr\/semaine-de-la-mobilite-abandonnez-votre-voiture-ce-vendredi-22-septembre\/#primaryimage"},"image":{"@id":"https:\/\/www.link2fleet.com\/fr\/semaine-de-la-mobilite-abandonnez-votre-voiture-ce-vendredi-22-septembre\/#primaryimage"},"thumbnailUrl":"https:\/\/static.link2fleet.com\/wp-content\/uploads\/2024\/03\/image-17.jpeg","datePublished":"2023-09-14T07:46:46+00:00","breadcrumb":{"@id":"https:\/\/www.link2fleet.com\/fr\/semaine-de-la-mobilite-abandonnez-votre-voiture-ce-vendredi-22-septembre\/#breadcrumb"},"inLanguage":"fr-FR","potentialAction":[{"@type":"ReadAction","target":["https:\/\/www.link2fleet.com\/fr\/semaine-de-la-mobilite-abandonnez-votre-voiture-ce-vendredi-22-septembre\/"]}]},{"@type":"ImageObject","inLanguage":"fr-FR","@id":"https:\/\/www.link2fleet.com\/fr\/semaine-de-la-mobilite-abandonnez-votre-voiture-ce-vendredi-22-septembre\/#primaryimage","url":"https:\/\/static.link2fleet.com\/wp-content\/uploads\/2024\/03\/image-17.jpeg","contentUrl":"https:\/\/static.link2fleet.com\/wp-content\/uploads\/2024\/03\/image-17.jpeg","width":1861,"height":1548},{"@type":"BreadcrumbList","@id":"https:\/\/www.link2fleet.com\/fr\/semaine-de-la-mobilite-abandonnez-votre-voiture-ce-vendredi-22-septembre\/#breadcrumb","itemListElement":[{"@type":"ListItem","position":1,"name":"Home","item":"https:\/\/www.link2fleet.com\/fr\/"},{"@type":"ListItem","position":2,"name":"Semaine de la Mobilit\u00e9: abandonnez votre voiture ce vendredi 22 septembre"}]},{"@type":"WebSite","@id":"https:\/\/www.link2fleet.com\/fr\/#website","url":"https:\/\/www.link2fleet.com\/fr\/","name":"Link2fleet","description":"","publisher":{"@id":"https:\/\/www.link2fleet.com\/fr\/#organization"},"potentialAction":[{"@type":"SearchAction","target":{"@type":"EntryPoint","urlTemplate":"https:\/\/www.link2fleet.com\/fr\/?s={search_term_string}"},"query-input":{"@type":"PropertyValueSpecification","valueRequired":true,"valueName":"search_term_string"}}],"inLanguage":"fr-FR"},{"@type":"Organization","@id":"https:\/\/www.link2fleet.com\/fr\/#organization","name":"Link2fleet","url":"https:\/\/www.link2fleet.com\/fr\/","logo":{"@type":"ImageObject","inLanguage":"fr-FR","@id":"https:\/\/www.link2fleet.com\/fr\/#\/schema\/logo\/image\/","url":"https:\/\/static.link2fleet.com\/wp-content\/uploads\/2024\/03\/share-image.jpg","contentUrl":"https:\/\/static.link2fleet.com\/wp-content\/uploads\/2024\/03\/share-image.jpg","width":1200,"height":630,"caption":"Link2fleet"},"image":{"@id":"https:\/\/www.link2fleet.com\/fr\/#\/schema\/logo\/image\/"},"sameAs":["https:\/\/www.linkedin.com\/company\/link2fleet-belgium","https:\/\/www.youtube.com\/user\/MMMBMBE"]},{"@type":"Person","@id":"https:\/\/www.link2fleet.com\/fr\/#\/schema\/person\/027cd46113c78036b3809c9a054049da","name":"Damien Malvetti","image":{"@type":"ImageObject","inLanguage":"fr-FR","@id":"https:\/\/secure.gravatar.com\/avatar\/dd8cc03b49466c735f753ac37f8caa371af16dfed347456ed61f02883255eebb?s=96&d=mm&r=g","url":"https:\/\/secure.gravatar.com\/avatar\/dd8cc03b49466c735f753ac37f8caa371af16dfed347456ed61f02883255eebb?s=96&d=mm&r=g","contentUrl":"https:\/\/secure.gravatar.com\/avatar\/dd8cc03b49466c735f753ac37f8caa371af16dfed347456ed61f02883255eebb?s=96&d=mm&r=g","caption":"Damien Malvetti"},"description":"Damien Malvetti is opgeleid als journalist en gepassioneerd door wagens, technologie en mobiliteit. Hij is verantwoordelijk voor de redactionele inhoud van link2fleet en beschikt over een uitgebreide kennis van de fleet-sector en elektrische mobiliteit.","sameAs":["https:\/\/www.linkedin.com\/in\/damien-malvetti-56601142\/"]}]}},"_links":{"self":[{"href":"https:\/\/www.link2fleet.com\/fr\/wp-json\/wp\/v2\/posts\/10524","targetHints":{"allow":["GET"]}}],"collection":[{"href":"https:\/\/www.link2fleet.com\/fr\/wp-json\/wp\/v2\/posts"}],"about":[{"href":"https:\/\/www.link2fleet.com\/fr\/wp-json\/wp\/v2\/types\/post"}],"author":[{"embeddable":true,"href":"https:\/\/www.link2fleet.com\/fr\/wp-json\/wp\/v2\/users\/4"}],"replies":[{"embeddable":true,"href":"https:\/\/www.link2fleet.com\/fr\/wp-json\/wp\/v2\/comments?post=10524"}],"version-history":[{"count":0,"href":"https:\/\/www.link2fleet.com\/fr\/wp-json\/wp\/v2\/posts\/10524\/revisions"}],"wp:featuredmedia":[{"embeddable":true,"href":"https:\/\/www.link2fleet.com\/fr\/wp-json\/wp\/v2\/media\/10525"}],"wp:attachment":[{"href":"https:\/\/www.link2fleet.com\/fr\/wp-json\/wp\/v2\/media?parent=10524"}],"wp:term":[{"taxonomy":"category","embeddable":true,"href":"https:\/\/www.link2fleet.com\/fr\/wp-json\/wp\/v2\/categories?post=10524"},{"taxonomy":"post_tag","embeddable":true,"href":"https:\/\/www.link2fleet.com\/fr\/wp-json\/wp\/v2\/tags?post=10524"}],"curies":[{"name":"wp","href":"https:\/\/api.w.org\/{rel}","templated":true}]}}