{"id":10635,"date":"2023-09-20T09:34:32","date_gmt":"2023-09-20T07:34:32","guid":{"rendered":"https:\/\/www.link2fleet.com\/de-plus-en-plus-de-clients-de-bnp-paribas-fortis-sont-seduits-par-la-mobilite-durable\/"},"modified":"2023-09-20T09:34:32","modified_gmt":"2023-09-20T07:34:32","slug":"de-plus-en-plus-de-clients-de-bnp-paribas-fortis-sont-seduits-par-la-mobilite-durable","status":"publish","type":"post","link":"https:\/\/www.link2fleet.com\/fr\/de-plus-en-plus-de-clients-de-bnp-paribas-fortis-sont-seduits-par-la-mobilite-durable\/","title":{"rendered":"De plus en plus de clients de BNP Paribas Fortis sont s\u00e9duits par la mobilit\u00e9 durable"},"content":{"rendered":"<p>Arval a vu le nombre de commandes de voitures \u00e9lectriques dans notre pays plus que doubler (+123%) au premier semestre de 2023 par rapport \u00e0 la m\u00eame p\u00e9riode l\u2019ann\u00e9e derni\u00e8re. Ainsi, pr\u00e8s d\u2019un v\u00e9hicule sur quatre (22,9%) a d\u00e9j\u00e0 \u00e9t\u00e9 \u00e9lectrifi\u00e9 dans la flotte de la soci\u00e9t\u00e9 de leasing. D\u2019ici la fin 2025, elle souhaite porter ce pourcentage \u00e0 58%.<\/p>\n<p>La soci\u00e9t\u00e9 de cr\u00e9dit AlphaCredit mise, elle aussi, sur la mobilit\u00e9 durable. Au 1er semestre 2023, 1 pr\u00eat pour un v\u00e9hicule neuf sur 5 \u00e9tait destin\u00e9 \u00e0 un v\u00e9hicule \u00e9lectrique. Le montant moyen d\u2019un tel emprunt \u00e9tait de 25.372\u00a0euros, soit une hausse de 3.500\u00a0euros par rapport \u00e0 l\u2019ann\u00e9e pr\u00e9c\u00e9dente.<\/p>\n<p><strong>Boom du v\u00e9lo \u00e9lectrique<br \/>\n<\/strong>Il n&rsquo;y a pas que les voitures \u00e9lectriques qui sont en plein essor. Arval enregistre en effet aussi une hausse spectaculaire au niveau des v\u00e9los \u00e9lectriques. Au cours des six premiers mois de cette ann\u00e9e, la soci\u00e9t\u00e9 de leasing a livr\u00e9 796\u00a0v\u00e9los, \u00e9lectriques ou non, soit 27% de plus qu\u2019au premier semestre 2022. AlphaCredit a conclu 913\u00a0contrats de pr\u00eat pour des v\u00e9los \u00e9lectriques, pour un montant moyen de 3.804\u00a0euros.<\/p>\n<p><em>\u00ab<\/em>\u00a0<em>L\u2019\u00e9cosyst\u00e8me de la mobilit\u00e9 a profond\u00e9ment chang\u00e9 ces derni\u00e8res ann\u00e9es et les utilisateurs sont \u00e0 la recherche de modes de transport moins polluants, plus s\u00fbrs et plus \u00e9conomes<\/em>\u00a0<em>\u00bb, <\/em>explique Laurent Loncke, General Manager Retail Banking chez BNP Paribas Fortis. <em>\u00ab<\/em>\u00a0<em>Gr\u00e2ce \u00e0 ses solutions de financement, d\u2019assurance et de leasing, BNP Paribas Fortis s&rsquo;impose depuis des ann\u00e9es comme un partenaire de mobilit\u00e9 \u00e9vident. Par le biais de nos diff\u00e9rents m\u00e9tiers, nous continuons \u00e0 jouer notre r\u00f4le en nous positionnant sur l\u2019ensemble de la cha\u00eene de valeur. Nous comprenons en effet tr\u00e8s bien l\u2019importance de la mobilit\u00e9 et nous pouvons nous appuyer sur une expertise solide<\/em>\u00a0<em>\u00bb.<\/em><\/p>\n<p><strong>Personnel BNP Paribas Fortis<br \/>\n<\/strong>Depuis plusieurs ann\u00e9es, BNP Paribas Fortis a mis en place une s\u00e9rie d\u2019actions visant \u00e0 encourager ses collaborateurs \u00e0 adopter des habitudes de mobilit\u00e9 plus durables, et ce, tant pour leurs d\u00e9placements professionnels que pour leurs d\u00e9placements domicile-lieu de travail. La banque encourage ainsi l\u2019utilisation des transports en commun (le nouveau b\u00e2timent principal \u00e0 Bruxelles se trouve par exemple \u00e0 distance de marche de plusieurs arr\u00eats de transports en commun) et offre la possibilit\u00e9 de prendre une voiture \u00e9lectrique tant \u00e0 des fins priv\u00e9es que professionnelles. La banque facilite \u00e9galement les visioconf\u00e9rences, entre coll\u00e8gues mais aussi avec les clients, ce qui r\u00e9duit constamment le nombre de d\u00e9placements professionnels.<\/p>\n<p>La voiture moyenne en Belgique \u00e9met 105\u00a0g de CO<sub>2<\/sub>\/km. Pour les voitures de soci\u00e9t\u00e9 de BNP Paribas Fortis, ce chiffre n&rsquo;\u00e9tait que de 80,41\u00a0g \u00e0 fin 2022, soit une baisse de plus de 10% par rapport \u00e0 fin 2021. La distance moyenne parcourue par les collaborateurs de la banque en 2022 pour leurs d\u00e9placements professionnels a diminu\u00e9 de 38% par rapport \u00e0 2019.<\/p>\n<p>En ce qui concerne les collaborateurs de BNP Paribas Fortis actifs dans les bureaux bruxellois, la majorit\u00e9 d&rsquo;entre eux (80%) se rendent au travail en transports en commun. Il y a deux ans, ce chiffre \u00e9tait encore de 73,4%. Les collaborateurs de la banque qui travaillent \u00e0 Bruxelles d\u00e9couvrent \u00e9galement de plus en plus souvent la possibilit\u00e9 de se rendre au travail \u00e0 v\u00e9lo, ce que 15% d\u2019entre eux font la plupart du temps. Au niveau de la Belgique, ce chiffre s\u2019\u00e9l\u00e8ve \u00e0 13% (contre 11% il y a un an).<\/p>\n<p><strong>Semaine de la Mobilit\u00e9 chez BNP Paribas Fortis<br \/>\n<\/strong>\u00c0 l\u2019occasion de la Semaine de la Mobilit\u00e9, BNP Paribas Fortis met sur pied une s\u00e9rie d\u2019initiatives pour ses collaborateurs afin de promouvoir la mobilit\u00e9 durable. La banque met ainsi tous ses collaborateurs au d\u00e9fi d&rsquo;effectuer un maximum de d\u00e9placements \u00e0 pied ou \u00e0 v\u00e9lo du 18 au 29\u00a0septembre. En fonction du nombre de trajets enregistr\u00e9s, la banque fera un don (2.000, 4.000 ou 6.000\u00a0euros) \u00e0 l\u2019asbl V\u00e9loth\u00e8que, qui met des v\u00e9los \u00e0 la disposition d&rsquo;enfants d\u00e9favoris\u00e9s.<\/p>\n<p>Il y aura \u00e9galement une exposition v\u00e9lo, o\u00f9 les collaborateurs d\u00e9couvriront quel type de v\u00e9lo leur convient le mieux, et un atelier v\u00e9lo, o\u00f9 ils recevront des conseils pratiques pour prolonger la dur\u00e9e de vie de leur monture. La banque organise \u00e9galement quelques cours pour apprendre aux plus bricoleurs \u00e0 r\u00e9parer leur v\u00e9lo eux-m\u00eames.<\/p>\n<p>Les collaborateurs peuvent en outre participer \u00e0 un quiz en ligne dans lequel ils d\u00e9couvriront leur score en mati\u00e8re de mobilit\u00e9 durable. BNP Paribas Fortis n&rsquo;oublie pas non plus celles et ceux qui ne jurent que par la voiture et met \u00e0 disposition de ces derniers trois vid\u00e9os contenant des conseils sur la conduite \u00e9cologique.<\/p>\n<p><strong>Pr\u00e8s de la moiti\u00e9 des Belges envisagent de passer \u00e0 une voiture \u00e9lectrique<br \/>\n<\/strong>Une enqu\u00eate r\u00e9alis\u00e9e par Profacts pour le compte de BNP Paribas Fortis en novembre\u00a02022 a r\u00e9v\u00e9l\u00e9 qu\u2019un Belge sur dix est d\u00e9j\u00e0 pass\u00e9 \u00e0 un v\u00e9hicule \u00e9lectrique ou hybride. L\u2019\u00e9tude a \u00e9galement d\u00e9montr\u00e9 que 47% des Belges souhaitent passer \u00e0 une voiture \u00e9lectrique ou hybride d\u2019ici 2029, mais aussi que 35% ne veulent pas se s\u00e9parer de leur v\u00e9hicule \u00e0 moteur thermique. Le secteur financier a donc sans aucun doute un r\u00f4le important \u00e0 jouer pour acc\u00e9l\u00e9rer la transition des entreprises et des particuliers vers la mobilit\u00e9 durable.<\/p>\n<p>Quoi qu\u2019il en soit, la mobilit\u00e9 jouera un r\u00f4le central dans le d\u00e9veloppement durable de notre soci\u00e9t\u00e9. Plus d\u2019un cinqui\u00e8me (21,5%) des \u00e9missions de CO<sub>2 <\/sub>en Belgique sont caus\u00e9es par le transport<a href=\"https:\/\/bnpparibas.sharepoint.com\/sites\/msteams_71ed92-PressTeamonly\/Documents%20partages\/Press%20Team%20only\/B.%20Press%20releases\/2023-09-19%20Mobility%20Week\/2023-09-19%20PB_Mobility%20Week_FR_V2.docx#_ftn1\" name=\"_ftnref1\">[1]<\/a>. Quant aux embouteillages sur les routes belges, ils co\u00fbtent aux entreprises quelque 4,5\u00a0milliards d\u2019euros par an, ce qui correspond \u00e0 1% du PIB<a href=\"https:\/\/bnpparibas.sharepoint.com\/sites\/msteams_71ed92-PressTeamonly\/Documents%20partages\/Press%20Team%20only\/B.%20Press%20releases\/2023-09-19%20Mobility%20Week\/2023-09-19%20PB_Mobility%20Week_FR_V2.docx#_ftn2\" name=\"_ftnref2\">[2]<\/a>. La mobilit\u00e9 repr\u00e9sente par ailleurs une part importante du budget des m\u00e9nages belges, puisque ceux-ci y consacrent en moyenne 11,4% de leurs revenus.<\/p>\n<p style=\"text-align: center;\"><a href=\"https:\/\/www.bnpparibasfortis.com\/docs\/default-source\/newsroom-documents\/2023-09-20-mobility-week\/2023_mobility-week_fr.pdf?sfvrsn=4466e6f_4\">D\u00e9couvrez quelques chiffres importants sur la mobilit\u00e9<\/a><\/p>\n<p>&nbsp;<\/p>\n<div id=\"ftn1\">\n<p><a href=\"https:\/\/bnpparibas.sharepoint.com\/sites\/msteams_71ed92-PressTeamonly\/Documents%20partages\/Press%20Team%20only\/B.%20Press%20releases\/2023-09-19%20Mobility%20Week\/2023-09-19%20PB_Mobility%20Week_FR_V2.docx#_ftnref1\" name=\"_ftn1\">[1]<\/a> Source\u00a0: <a href=\"https:\/\/climat.be\/\"><strong>www.climat.be<\/strong><\/a>, \u00e9missions totales en 2021<\/p>\n<\/div>\n<div id=\"ftn2\">\n<p><a href=\"https:\/\/bnpparibas.sharepoint.com\/sites\/msteams_71ed92-PressTeamonly\/Documents%20partages\/Press%20Team%20only\/B.%20Press%20releases\/2023-09-19%20Mobility%20Week\/2023-09-19%20PB_Mobility%20Week_FR_V2.docx#_ftnref2\" name=\"_ftn2\">[2]<\/a>Sources\u00a0: Statbel\u00a0; F\u00e9d\u00e9ration des Entreprises de Belgique (Belgian Mobility Dashboard)<\/p>\n<\/div>\n<p>&nbsp;<\/p>\n<p>&nbsp;<\/p>\n<p>&nbsp;<\/p>\n","protected":false},"excerpt":{"rendered":"<p>Arval a vu le nombre de commandes de voitures \u00e9lectriques dans notre pays plus que doubler (+123%) au premier semestre de 2023 par rapport \u00e0 la m\u00eame p\u00e9riode l\u2019ann\u00e9e derni\u00e8re. Ainsi, pr\u00e8s d\u2019un v\u00e9hicule sur quatre (22,9%) a d\u00e9j\u00e0 \u00e9t\u00e9 \u00e9lectrifi\u00e9 dans la flotte de la soci\u00e9t\u00e9 de leasing. D\u2019ici la fin 2025, elle souhaite [&hellip;]<\/p>\n","protected":false},"author":4,"featured_media":10636,"comment_status":"closed","ping_status":"closed","sticky":false,"template":"","format":"standard","meta":{"_acf_changed":false,"footnotes":""},"categories":[90,88,89,99,87,97,98,96],"tags":[],"class_list":["post-10635","post","type-post","status-publish","format-standard","has-post-thumbnail","hentry","category-car-sharing-et-car-pooling","category-cartes-de-mobilite","category-modes-de-transports-alternatifs-flex-offices-parkings","category-gestiondeparking","category-mobility-2","category-transportsencommun","category-trottinettes_scooters_motos","category-velos-location"],"acf":[],"yoast_head":"<!-- This site is optimized with the Yoast SEO plugin v27.3 - https:\/\/yoast.com\/product\/yoast-seo-wordpress\/ -->\n<title>De plus en plus de clients de BNP Paribas Fortis sont s\u00e9duits par la mobilit\u00e9 durable - link2fleet<\/title>\n<meta name=\"description\" content=\"Les voitures \u00e9lectriques sont en plein essor. Le nombre de v\u00e9los \u00e9lectriques ne cesse, lui aussi, d&rsquo;augmenter. Cette forte hausse a en tout cas \u00e9t\u00e9\u2026\" \/>\n<meta name=\"robots\" content=\"index, follow, max-snippet:-1, max-image-preview:large, max-video-preview:-1\" \/>\n<meta property=\"og:locale\" content=\"fr_FR\" \/>\n<meta property=\"og:type\" content=\"article\" \/>\n<meta property=\"og:title\" content=\"De plus en plus de clients de BNP Paribas Fortis sont s\u00e9duits par la mobilit\u00e9 durable - link2fleet\" \/>\n<meta property=\"og:description\" content=\"Les voitures \u00e9lectriques sont en plein essor. Le nombre de v\u00e9los \u00e9lectriques ne cesse, lui aussi, d&rsquo;augmenter. Cette forte hausse a en tout cas \u00e9t\u00e9\u2026\" \/>\n<meta property=\"og:url\" content=\"https:\/\/www.link2fleet.com\/fr\/de-plus-en-plus-de-clients-de-bnp-paribas-fortis-sont-seduits-par-la-mobilite-durable\/\" \/>\n<meta property=\"og:site_name\" content=\"link2fleet\" \/>\n<meta property=\"article:published_time\" content=\"2023-09-20T07:34:32+00:00\" \/>\n<meta property=\"og:image\" content=\"https:\/\/static.link2fleet.com\/wp-content\/uploads\/2024\/03\/image-3-1.png\" \/>\n\t<meta property=\"og:image:width\" content=\"1200\" \/>\n\t<meta property=\"og:image:height\" content=\"800\" \/>\n\t<meta property=\"og:image:type\" content=\"image\/png\" \/>\n<meta name=\"author\" content=\"Damien Malvetti\" \/>\n<meta name=\"twitter:card\" content=\"summary_large_image\" \/>\n<meta name=\"twitter:description\" content=\"Les voitures \u00e9lectriques sont en plein essor. Le nombre de v\u00e9los \u00e9lectriques ne cesse, lui aussi, d&rsquo;augmenter. Cette forte hausse a en tout cas \u00e9t\u00e9\u2026\" \/>\n<meta name=\"twitter:label1\" content=\"\u00c9crit par\" \/>\n\t<meta name=\"twitter:data1\" content=\"Damien Malvetti\" \/>\n\t<meta name=\"twitter:label2\" content=\"Dur\u00e9e de lecture estim\u00e9e\" \/>\n\t<meta name=\"twitter:data2\" content=\"5 minutes\" \/>\n<script type=\"application\/ld+json\" class=\"yoast-schema-graph\">{\"@context\":\"https:\\\/\\\/schema.org\",\"@graph\":[{\"@type\":\"Article\",\"@id\":\"https:\\\/\\\/www.link2fleet.com\\\/fr\\\/de-plus-en-plus-de-clients-de-bnp-paribas-fortis-sont-seduits-par-la-mobilite-durable\\\/#article\",\"isPartOf\":{\"@id\":\"https:\\\/\\\/www.link2fleet.com\\\/fr\\\/de-plus-en-plus-de-clients-de-bnp-paribas-fortis-sont-seduits-par-la-mobilite-durable\\\/\"},\"author\":{\"name\":\"Damien Malvetti\",\"@id\":\"https:\\\/\\\/www.link2fleet.com\\\/fr\\\/#\\\/schema\\\/person\\\/027cd46113c78036b3809c9a054049da\"},\"headline\":\"De plus en plus de clients de BNP Paribas Fortis sont s\u00e9duits par la mobilit\u00e9 durable\",\"datePublished\":\"2023-09-20T07:34:32+00:00\",\"mainEntityOfPage\":{\"@id\":\"https:\\\/\\\/www.link2fleet.com\\\/fr\\\/de-plus-en-plus-de-clients-de-bnp-paribas-fortis-sont-seduits-par-la-mobilite-durable\\\/\"},\"wordCount\":1036,\"publisher\":{\"@id\":\"https:\\\/\\\/www.link2fleet.com\\\/fr\\\/#organization\"},\"image\":{\"@id\":\"https:\\\/\\\/www.link2fleet.com\\\/fr\\\/de-plus-en-plus-de-clients-de-bnp-paribas-fortis-sont-seduits-par-la-mobilite-durable\\\/#primaryimage\"},\"thumbnailUrl\":\"https:\\\/\\\/static.link2fleet.com\\\/wp-content\\\/uploads\\\/2024\\\/03\\\/image-3-1.png\",\"articleSection\":[\"Car-sharing, car-pooling et taxi\",\"Cartes\\\/app de mobilit\u00e9\",\"Flex-offices\",\"Gestion de parking\",\"Mobilit\u00e9\",\"Transports en commun\",\"Trottinettes, scooters et motos\",\"V\u00e9los (location)\"],\"inLanguage\":\"fr-FR\"},{\"@type\":\"WebPage\",\"@id\":\"https:\\\/\\\/www.link2fleet.com\\\/fr\\\/de-plus-en-plus-de-clients-de-bnp-paribas-fortis-sont-seduits-par-la-mobilite-durable\\\/\",\"url\":\"https:\\\/\\\/www.link2fleet.com\\\/fr\\\/de-plus-en-plus-de-clients-de-bnp-paribas-fortis-sont-seduits-par-la-mobilite-durable\\\/\",\"name\":\"De plus en plus de clients de BNP Paribas Fortis sont s\u00e9duits par la mobilit\u00e9 durable - link2fleet\",\"isPartOf\":{\"@id\":\"https:\\\/\\\/www.link2fleet.com\\\/fr\\\/#website\"},\"primaryImageOfPage\":{\"@id\":\"https:\\\/\\\/www.link2fleet.com\\\/fr\\\/de-plus-en-plus-de-clients-de-bnp-paribas-fortis-sont-seduits-par-la-mobilite-durable\\\/#primaryimage\"},\"image\":{\"@id\":\"https:\\\/\\\/www.link2fleet.com\\\/fr\\\/de-plus-en-plus-de-clients-de-bnp-paribas-fortis-sont-seduits-par-la-mobilite-durable\\\/#primaryimage\"},\"thumbnailUrl\":\"https:\\\/\\\/static.link2fleet.com\\\/wp-content\\\/uploads\\\/2024\\\/03\\\/image-3-1.png\",\"datePublished\":\"2023-09-20T07:34:32+00:00\",\"breadcrumb\":{\"@id\":\"https:\\\/\\\/www.link2fleet.com\\\/fr\\\/de-plus-en-plus-de-clients-de-bnp-paribas-fortis-sont-seduits-par-la-mobilite-durable\\\/#breadcrumb\"},\"inLanguage\":\"fr-FR\",\"potentialAction\":[{\"@type\":\"ReadAction\",\"target\":[\"https:\\\/\\\/www.link2fleet.com\\\/fr\\\/de-plus-en-plus-de-clients-de-bnp-paribas-fortis-sont-seduits-par-la-mobilite-durable\\\/\"]}]},{\"@type\":\"ImageObject\",\"inLanguage\":\"fr-FR\",\"@id\":\"https:\\\/\\\/www.link2fleet.com\\\/fr\\\/de-plus-en-plus-de-clients-de-bnp-paribas-fortis-sont-seduits-par-la-mobilite-durable\\\/#primaryimage\",\"url\":\"https:\\\/\\\/static.link2fleet.com\\\/wp-content\\\/uploads\\\/2024\\\/03\\\/image-3-1.png\",\"contentUrl\":\"https:\\\/\\\/static.link2fleet.com\\\/wp-content\\\/uploads\\\/2024\\\/03\\\/image-3-1.png\",\"width\":1200,\"height\":800},{\"@type\":\"BreadcrumbList\",\"@id\":\"https:\\\/\\\/www.link2fleet.com\\\/fr\\\/de-plus-en-plus-de-clients-de-bnp-paribas-fortis-sont-seduits-par-la-mobilite-durable\\\/#breadcrumb\",\"itemListElement\":[{\"@type\":\"ListItem\",\"position\":1,\"name\":\"Home\",\"item\":\"https:\\\/\\\/www.link2fleet.com\\\/fr\\\/\"},{\"@type\":\"ListItem\",\"position\":2,\"name\":\"De plus en plus de clients de BNP Paribas Fortis sont s\u00e9duits par la mobilit\u00e9 durable\"}]},{\"@type\":\"WebSite\",\"@id\":\"https:\\\/\\\/www.link2fleet.com\\\/fr\\\/#website\",\"url\":\"https:\\\/\\\/www.link2fleet.com\\\/fr\\\/\",\"name\":\"Link2fleet\",\"description\":\"\",\"publisher\":{\"@id\":\"https:\\\/\\\/www.link2fleet.com\\\/fr\\\/#organization\"},\"potentialAction\":[{\"@type\":\"SearchAction\",\"target\":{\"@type\":\"EntryPoint\",\"urlTemplate\":\"https:\\\/\\\/www.link2fleet.com\\\/fr\\\/?s={search_term_string}\"},\"query-input\":{\"@type\":\"PropertyValueSpecification\",\"valueRequired\":true,\"valueName\":\"search_term_string\"}}],\"inLanguage\":\"fr-FR\"},{\"@type\":\"Organization\",\"@id\":\"https:\\\/\\\/www.link2fleet.com\\\/fr\\\/#organization\",\"name\":\"Link2fleet\",\"url\":\"https:\\\/\\\/www.link2fleet.com\\\/fr\\\/\",\"logo\":{\"@type\":\"ImageObject\",\"inLanguage\":\"fr-FR\",\"@id\":\"https:\\\/\\\/www.link2fleet.com\\\/fr\\\/#\\\/schema\\\/logo\\\/image\\\/\",\"url\":\"https:\\\/\\\/static.link2fleet.com\\\/wp-content\\\/uploads\\\/2024\\\/03\\\/share-image.jpg\",\"contentUrl\":\"https:\\\/\\\/static.link2fleet.com\\\/wp-content\\\/uploads\\\/2024\\\/03\\\/share-image.jpg\",\"width\":1200,\"height\":630,\"caption\":\"Link2fleet\"},\"image\":{\"@id\":\"https:\\\/\\\/www.link2fleet.com\\\/fr\\\/#\\\/schema\\\/logo\\\/image\\\/\"},\"sameAs\":[\"https:\\\/\\\/www.linkedin.com\\\/company\\\/link2fleet-belgium\",\"https:\\\/\\\/www.youtube.com\\\/user\\\/MMMBMBE\"]},{\"@type\":\"Person\",\"@id\":\"https:\\\/\\\/www.link2fleet.com\\\/fr\\\/#\\\/schema\\\/person\\\/027cd46113c78036b3809c9a054049da\",\"name\":\"Damien Malvetti\",\"image\":{\"@type\":\"ImageObject\",\"inLanguage\":\"fr-FR\",\"@id\":\"https:\\\/\\\/secure.gravatar.com\\\/avatar\\\/dd8cc03b49466c735f753ac37f8caa371af16dfed347456ed61f02883255eebb?s=96&d=mm&r=g\",\"url\":\"https:\\\/\\\/secure.gravatar.com\\\/avatar\\\/dd8cc03b49466c735f753ac37f8caa371af16dfed347456ed61f02883255eebb?s=96&d=mm&r=g\",\"contentUrl\":\"https:\\\/\\\/secure.gravatar.com\\\/avatar\\\/dd8cc03b49466c735f753ac37f8caa371af16dfed347456ed61f02883255eebb?s=96&d=mm&r=g\",\"caption\":\"Damien Malvetti\"},\"description\":\"Damien Malvetti is opgeleid als journalist en gepassioneerd door wagens, technologie en mobiliteit. Hij is verantwoordelijk voor de redactionele inhoud van link2fleet en beschikt over een uitgebreide kennis van de fleet-sector en elektrische mobiliteit.\",\"sameAs\":[\"https:\\\/\\\/www.linkedin.com\\\/in\\\/damien-malvetti-56601142\\\/\"]}]}<\/script>\n<!-- \/ Yoast SEO plugin. -->","yoast_head_json":{"title":"De plus en plus de clients de BNP Paribas Fortis sont s\u00e9duits par la mobilit\u00e9 durable - link2fleet","description":"Les voitures \u00e9lectriques sont en plein essor. Le nombre de v\u00e9los \u00e9lectriques ne cesse, lui aussi, d&rsquo;augmenter. Cette forte hausse a en tout cas \u00e9t\u00e9\u2026","robots":{"index":"index","follow":"follow","max-snippet":"max-snippet:-1","max-image-preview":"max-image-preview:large","max-video-preview":"max-video-preview:-1"},"og_locale":"fr_FR","og_type":"article","og_title":"De plus en plus de clients de BNP Paribas Fortis sont s\u00e9duits par la mobilit\u00e9 durable - link2fleet","og_description":"Les voitures \u00e9lectriques sont en plein essor. Le nombre de v\u00e9los \u00e9lectriques ne cesse, lui aussi, d&rsquo;augmenter. Cette forte hausse a en tout cas \u00e9t\u00e9\u2026","og_url":"https:\/\/www.link2fleet.com\/fr\/de-plus-en-plus-de-clients-de-bnp-paribas-fortis-sont-seduits-par-la-mobilite-durable\/","og_site_name":"link2fleet","article_published_time":"2023-09-20T07:34:32+00:00","og_image":[{"width":1200,"height":800,"url":"https:\/\/static.link2fleet.com\/wp-content\/uploads\/2024\/03\/image-3-1.png","type":"image\/png"}],"author":"Damien Malvetti","twitter_card":"summary_large_image","twitter_description":"Les voitures \u00e9lectriques sont en plein essor. Le nombre de v\u00e9los \u00e9lectriques ne cesse, lui aussi, d&rsquo;augmenter. Cette forte hausse a en tout cas \u00e9t\u00e9\u2026","twitter_misc":{"\u00c9crit par":"Damien Malvetti","Dur\u00e9e de lecture estim\u00e9e":"5 minutes"},"schema":{"@context":"https:\/\/schema.org","@graph":[{"@type":"Article","@id":"https:\/\/www.link2fleet.com\/fr\/de-plus-en-plus-de-clients-de-bnp-paribas-fortis-sont-seduits-par-la-mobilite-durable\/#article","isPartOf":{"@id":"https:\/\/www.link2fleet.com\/fr\/de-plus-en-plus-de-clients-de-bnp-paribas-fortis-sont-seduits-par-la-mobilite-durable\/"},"author":{"name":"Damien Malvetti","@id":"https:\/\/www.link2fleet.com\/fr\/#\/schema\/person\/027cd46113c78036b3809c9a054049da"},"headline":"De plus en plus de clients de BNP Paribas Fortis sont s\u00e9duits par la mobilit\u00e9 durable","datePublished":"2023-09-20T07:34:32+00:00","mainEntityOfPage":{"@id":"https:\/\/www.link2fleet.com\/fr\/de-plus-en-plus-de-clients-de-bnp-paribas-fortis-sont-seduits-par-la-mobilite-durable\/"},"wordCount":1036,"publisher":{"@id":"https:\/\/www.link2fleet.com\/fr\/#organization"},"image":{"@id":"https:\/\/www.link2fleet.com\/fr\/de-plus-en-plus-de-clients-de-bnp-paribas-fortis-sont-seduits-par-la-mobilite-durable\/#primaryimage"},"thumbnailUrl":"https:\/\/static.link2fleet.com\/wp-content\/uploads\/2024\/03\/image-3-1.png","articleSection":["Car-sharing, car-pooling et taxi","Cartes\/app de mobilit\u00e9","Flex-offices","Gestion de parking","Mobilit\u00e9","Transports en commun","Trottinettes, scooters et motos","V\u00e9los (location)"],"inLanguage":"fr-FR"},{"@type":"WebPage","@id":"https:\/\/www.link2fleet.com\/fr\/de-plus-en-plus-de-clients-de-bnp-paribas-fortis-sont-seduits-par-la-mobilite-durable\/","url":"https:\/\/www.link2fleet.com\/fr\/de-plus-en-plus-de-clients-de-bnp-paribas-fortis-sont-seduits-par-la-mobilite-durable\/","name":"De plus en plus de clients de BNP Paribas Fortis sont s\u00e9duits par la mobilit\u00e9 durable - link2fleet","isPartOf":{"@id":"https:\/\/www.link2fleet.com\/fr\/#website"},"primaryImageOfPage":{"@id":"https:\/\/www.link2fleet.com\/fr\/de-plus-en-plus-de-clients-de-bnp-paribas-fortis-sont-seduits-par-la-mobilite-durable\/#primaryimage"},"image":{"@id":"https:\/\/www.link2fleet.com\/fr\/de-plus-en-plus-de-clients-de-bnp-paribas-fortis-sont-seduits-par-la-mobilite-durable\/#primaryimage"},"thumbnailUrl":"https:\/\/static.link2fleet.com\/wp-content\/uploads\/2024\/03\/image-3-1.png","datePublished":"2023-09-20T07:34:32+00:00","breadcrumb":{"@id":"https:\/\/www.link2fleet.com\/fr\/de-plus-en-plus-de-clients-de-bnp-paribas-fortis-sont-seduits-par-la-mobilite-durable\/#breadcrumb"},"inLanguage":"fr-FR","potentialAction":[{"@type":"ReadAction","target":["https:\/\/www.link2fleet.com\/fr\/de-plus-en-plus-de-clients-de-bnp-paribas-fortis-sont-seduits-par-la-mobilite-durable\/"]}]},{"@type":"ImageObject","inLanguage":"fr-FR","@id":"https:\/\/www.link2fleet.com\/fr\/de-plus-en-plus-de-clients-de-bnp-paribas-fortis-sont-seduits-par-la-mobilite-durable\/#primaryimage","url":"https:\/\/static.link2fleet.com\/wp-content\/uploads\/2024\/03\/image-3-1.png","contentUrl":"https:\/\/static.link2fleet.com\/wp-content\/uploads\/2024\/03\/image-3-1.png","width":1200,"height":800},{"@type":"BreadcrumbList","@id":"https:\/\/www.link2fleet.com\/fr\/de-plus-en-plus-de-clients-de-bnp-paribas-fortis-sont-seduits-par-la-mobilite-durable\/#breadcrumb","itemListElement":[{"@type":"ListItem","position":1,"name":"Home","item":"https:\/\/www.link2fleet.com\/fr\/"},{"@type":"ListItem","position":2,"name":"De plus en plus de clients de BNP Paribas Fortis sont s\u00e9duits par la mobilit\u00e9 durable"}]},{"@type":"WebSite","@id":"https:\/\/www.link2fleet.com\/fr\/#website","url":"https:\/\/www.link2fleet.com\/fr\/","name":"Link2fleet","description":"","publisher":{"@id":"https:\/\/www.link2fleet.com\/fr\/#organization"},"potentialAction":[{"@type":"SearchAction","target":{"@type":"EntryPoint","urlTemplate":"https:\/\/www.link2fleet.com\/fr\/?s={search_term_string}"},"query-input":{"@type":"PropertyValueSpecification","valueRequired":true,"valueName":"search_term_string"}}],"inLanguage":"fr-FR"},{"@type":"Organization","@id":"https:\/\/www.link2fleet.com\/fr\/#organization","name":"Link2fleet","url":"https:\/\/www.link2fleet.com\/fr\/","logo":{"@type":"ImageObject","inLanguage":"fr-FR","@id":"https:\/\/www.link2fleet.com\/fr\/#\/schema\/logo\/image\/","url":"https:\/\/static.link2fleet.com\/wp-content\/uploads\/2024\/03\/share-image.jpg","contentUrl":"https:\/\/static.link2fleet.com\/wp-content\/uploads\/2024\/03\/share-image.jpg","width":1200,"height":630,"caption":"Link2fleet"},"image":{"@id":"https:\/\/www.link2fleet.com\/fr\/#\/schema\/logo\/image\/"},"sameAs":["https:\/\/www.linkedin.com\/company\/link2fleet-belgium","https:\/\/www.youtube.com\/user\/MMMBMBE"]},{"@type":"Person","@id":"https:\/\/www.link2fleet.com\/fr\/#\/schema\/person\/027cd46113c78036b3809c9a054049da","name":"Damien Malvetti","image":{"@type":"ImageObject","inLanguage":"fr-FR","@id":"https:\/\/secure.gravatar.com\/avatar\/dd8cc03b49466c735f753ac37f8caa371af16dfed347456ed61f02883255eebb?s=96&d=mm&r=g","url":"https:\/\/secure.gravatar.com\/avatar\/dd8cc03b49466c735f753ac37f8caa371af16dfed347456ed61f02883255eebb?s=96&d=mm&r=g","contentUrl":"https:\/\/secure.gravatar.com\/avatar\/dd8cc03b49466c735f753ac37f8caa371af16dfed347456ed61f02883255eebb?s=96&d=mm&r=g","caption":"Damien Malvetti"},"description":"Damien Malvetti is opgeleid als journalist en gepassioneerd door wagens, technologie en mobiliteit. Hij is verantwoordelijk voor de redactionele inhoud van link2fleet en beschikt over een uitgebreide kennis van de fleet-sector en elektrische mobiliteit.","sameAs":["https:\/\/www.linkedin.com\/in\/damien-malvetti-56601142\/"]}]}},"_links":{"self":[{"href":"https:\/\/www.link2fleet.com\/fr\/wp-json\/wp\/v2\/posts\/10635","targetHints":{"allow":["GET"]}}],"collection":[{"href":"https:\/\/www.link2fleet.com\/fr\/wp-json\/wp\/v2\/posts"}],"about":[{"href":"https:\/\/www.link2fleet.com\/fr\/wp-json\/wp\/v2\/types\/post"}],"author":[{"embeddable":true,"href":"https:\/\/www.link2fleet.com\/fr\/wp-json\/wp\/v2\/users\/4"}],"replies":[{"embeddable":true,"href":"https:\/\/www.link2fleet.com\/fr\/wp-json\/wp\/v2\/comments?post=10635"}],"version-history":[{"count":0,"href":"https:\/\/www.link2fleet.com\/fr\/wp-json\/wp\/v2\/posts\/10635\/revisions"}],"wp:featuredmedia":[{"embeddable":true,"href":"https:\/\/www.link2fleet.com\/fr\/wp-json\/wp\/v2\/media\/10636"}],"wp:attachment":[{"href":"https:\/\/www.link2fleet.com\/fr\/wp-json\/wp\/v2\/media?parent=10635"}],"wp:term":[{"taxonomy":"category","embeddable":true,"href":"https:\/\/www.link2fleet.com\/fr\/wp-json\/wp\/v2\/categories?post=10635"},{"taxonomy":"post_tag","embeddable":true,"href":"https:\/\/www.link2fleet.com\/fr\/wp-json\/wp\/v2\/tags?post=10635"}],"curies":[{"name":"wp","href":"https:\/\/api.w.org\/{rel}","templated":true}]}}