{"id":10646,"date":"2023-09-25T15:29:37","date_gmt":"2023-09-25T13:29:37","guid":{"rendered":"https:\/\/www.link2fleet.com\/une-prime-pour-lachat-des-vehicules-electriques-par-les-particuliers-en-flandre\/"},"modified":"2023-09-25T15:29:37","modified_gmt":"2023-09-25T13:29:37","slug":"une-prime-pour-lachat-des-vehicules-electriques-par-les-particuliers-en-flandre","status":"publish","type":"post","link":"https:\/\/www.link2fleet.com\/fr\/une-prime-pour-lachat-des-vehicules-electriques-par-les-particuliers-en-flandre\/","title":{"rendered":"Une prime pour l&rsquo;achat des v\u00e9hicules \u00e9lectriques par les particuliers&#8230;en Flandre"},"content":{"rendered":"<p style=\"font-weight: 400;\">Apr\u00e8s un d\u00e9bat houleux ce printemps au parlement flamand sur le caract\u00e8re abordable des v\u00e9hicules \u00e9lectriques pour les particuliers qui n&rsquo;ont pas de voiture de soci\u00e9t\u00e9, le gouvernement flamand a maintenant d\u00e9cid\u00e9 de soutenir ce groupe dans la transition vers une conduite \u00e9lectrique. Le caract\u00e8re inabordable des v\u00e9hicules \u00e9lectriques pour une famille moyenne a \u00e9galement \u00e9t\u00e9 un th\u00e8me majeur du salon de l&rsquo;automobile de janvier. La proposition de la ministre de la Mobilit\u00e9 Lydia Peeters a maintenant \u00e9t\u00e9 approuv\u00e9e dans le cadre de la pr\u00e9paration du budget 2024. La prime \u00e0 l&rsquo;achat sera limit\u00e9e aux v\u00e9hicules dont le prix maximum est de 40 000,00 euros TTC.<\/p>\n<p style=\"font-weight: 400;\">Il s&rsquo;agit donc plut\u00f4t de v\u00e9hicules d&rsquo;entr\u00e9e de gamme ou de gamme compacte. Nous pensons ici \u00e0 une Fiat 500e \u00e0 une Renault Twingo \u00e9lectrique et \u00e0 la Dacia \u00e9lectrique. Pour ce dernier v\u00e9hicule, la prime se traduit par une r\u00e9duction de pr\u00e8s de 25 % du co\u00fbt d&rsquo;achat en 2024.<\/p>\n<p style=\"font-weight: 400;\">Des marques chinoises comme BYD, Aiways et MG proposent d\u00e9j\u00e0 des petits SUV dont le prix peut atteindre 40 000 euros TTC. Le groupe Volkswagen a annonc\u00e9 une future offensive dans le segment inf\u00e9rieur. \u00a0Des listes de v\u00e9hicules r\u00e9pondant aux exigences de prix seront disponibles prochainement et seront mises \u00e0 jour r\u00e9guli\u00e8rement. Les personnes b\u00e9n\u00e9ficiant d&rsquo;une prime ne pourront pas revendre le v\u00e9hicule dans les 3 ans.<\/p>\n<p style=\"font-weight: 400;\">Plus de d\u00e9tails seront bient\u00f4t disponibles. En guise de compensation, le gouvernement flamand mettra fin de mani\u00e8re anticip\u00e9e \u00e0 l&rsquo;aide actuelle aux panneaux solaires de 750,00 \u20ac par installation \u00e0 partir du 1er janvier 2024. Enfin, la redevance kilom\u00e9trique flamande pour les voitures particuli\u00e8res a de nouveau \u00e9t\u00e9 abandonn\u00e9e malgr\u00e9 le retour massif des embouteillages structurels sur les routes flamandes suite \u00e0 la pand\u00e9mie.<\/p>\n<p style=\"font-weight: 400;\">\n<p style=\"font-weight: 400;\">Concr\u00e8tement, la prime pour les nouveaux v\u00e9hicules \u00e9lectriques sera la suivante:<\/p>\n<p style=\"font-weight: 400;\">Achat en 2024\u00a0 : 5.000,00 euros<\/p>\n<p style=\"font-weight: 400;\">\u00a0\u00a0\u00a0\u00a0\u00a0\u00a0 2025 \u00a0: 4.000,00 euros<\/p>\n<p style=\"font-weight: 400;\">\u00a0\u00a0\u00a0\u00a0\u00a0\u00a0 2026 \u00a0: 3.000,00 euros.<\/p>\n<p style=\"font-weight: 400;\">Plus pr\u00e9cis\u00e9ment, la prime pour les v\u00e9hicules \u00e9lectriques d&rsquo;occasion sera la suivante :<\/p>\n<p style=\"font-weight: 400;\">Achat en 2024\u00a0 : 3.000,00 euros<\/p>\n<p style=\"font-weight: 400;\">\u00a0\u00a0\u00a0\u00a0\u00a0\u00a0 2025 \u00a0: 2.500,00 euros<\/p>\n<p style=\"font-weight: 400;\">\u00a0\u00a0\u00a0\u00a0\u00a0\u00a0 2026 \u00a0: 2.000,00 euros.<\/p>\n<p style=\"font-weight: 400;\">On attend maintenant de voir si les r\u00e9gions wallonne et bruxelloises vont suivre l&rsquo;exemple&#8230;<\/p>\n<p style=\"font-weight: 400; text-align: right;\"><strong>Michel Willems<\/strong><\/p>\n<p style=\"font-weight: 400; text-align: right;\"><strong>MOBILITAS<\/strong><\/p>\n","protected":false},"excerpt":{"rendered":"<p>Apr\u00e8s un d\u00e9bat houleux ce printemps au parlement flamand sur le caract\u00e8re abordable des v\u00e9hicules \u00e9lectriques pour les particuliers qui n&rsquo;ont pas de voiture de soci\u00e9t\u00e9, le gouvernement flamand a maintenant d\u00e9cid\u00e9 de soutenir ce groupe dans la transition vers une conduite \u00e9lectrique. Le caract\u00e8re inabordable des v\u00e9hicules \u00e9lectriques pour une famille moyenne a \u00e9galement [&hellip;]<\/p>\n","protected":false},"author":11,"featured_media":2660,"comment_status":"closed","ping_status":"closed","sticky":false,"template":"","format":"standard","meta":{"_acf_changed":false,"footnotes":""},"categories":[91,101],"tags":[],"class_list":["post-10646","post","type-post","status-publish","format-standard","has-post-thumbnail","hentry","category-expertise-et-management","category-tax-legal"],"acf":[],"yoast_head":"<!-- This site is optimized with the Yoast SEO plugin v27.3 - https:\/\/yoast.com\/product\/yoast-seo-wordpress\/ -->\n<title>Une prime pour l&#039;achat des v\u00e9hicules \u00e9lectriques par les particuliers...en Flandre - link2fleet<\/title>\n<meta name=\"description\" content=\"Le gouvernement flamand a d\u00e9cid\u00e9 de r\u00e9introduire une prime \u00e0 l&rsquo;achat pour les particuliers qui ach\u00e8tent un v\u00e9hicule \u00e9lectrique \u00e0 partir de 2024. La prime\u2026\" \/>\n<meta name=\"robots\" content=\"index, follow, max-snippet:-1, max-image-preview:large, max-video-preview:-1\" \/>\n<meta property=\"og:locale\" content=\"fr_FR\" \/>\n<meta property=\"og:type\" content=\"article\" \/>\n<meta property=\"og:title\" content=\"Une prime pour l&#039;achat des v\u00e9hicules \u00e9lectriques par les particuliers...en Flandre - link2fleet\" \/>\n<meta property=\"og:description\" content=\"Le gouvernement flamand a d\u00e9cid\u00e9 de r\u00e9introduire une prime \u00e0 l&rsquo;achat pour les particuliers qui ach\u00e8tent un v\u00e9hicule \u00e9lectrique \u00e0 partir de 2024. La prime\u2026\" \/>\n<meta property=\"og:url\" content=\"https:\/\/www.link2fleet.com\/fr\/une-prime-pour-lachat-des-vehicules-electriques-par-les-particuliers-en-flandre\/\" \/>\n<meta property=\"og:site_name\" content=\"link2fleet\" \/>\n<meta property=\"article:published_time\" content=\"2023-09-25T13:29:37+00:00\" \/>\n<meta property=\"og:image\" content=\"https:\/\/static.link2fleet.com\/wp-content\/uploads\/2024\/03\/r-dam-1086106.jpg\" \/>\n\t<meta property=\"og:image:width\" content=\"3500\" \/>\n\t<meta property=\"og:image:height\" content=\"2333\" \/>\n\t<meta property=\"og:image:type\" content=\"image\/jpeg\" \/>\n<meta name=\"author\" content=\"Michel Willems - Mobilitas\" \/>\n<meta name=\"twitter:card\" content=\"summary_large_image\" \/>\n<meta name=\"twitter:description\" content=\"Le gouvernement flamand a d\u00e9cid\u00e9 de r\u00e9introduire une prime \u00e0 l&rsquo;achat pour les particuliers qui ach\u00e8tent un v\u00e9hicule \u00e9lectrique \u00e0 partir de 2024. La prime\u2026\" \/>\n<meta name=\"twitter:label1\" content=\"\u00c9crit par\" \/>\n\t<meta name=\"twitter:data1\" content=\"Michel Willems - Mobilitas\" \/>\n\t<meta name=\"twitter:label2\" content=\"Dur\u00e9e de lecture estim\u00e9e\" \/>\n\t<meta name=\"twitter:data2\" content=\"2 minutes\" \/>\n<script type=\"application\/ld+json\" class=\"yoast-schema-graph\">{\"@context\":\"https:\\\/\\\/schema.org\",\"@graph\":[{\"@type\":\"Article\",\"@id\":\"https:\\\/\\\/www.link2fleet.com\\\/fr\\\/une-prime-pour-lachat-des-vehicules-electriques-par-les-particuliers-en-flandre\\\/#article\",\"isPartOf\":{\"@id\":\"https:\\\/\\\/www.link2fleet.com\\\/fr\\\/une-prime-pour-lachat-des-vehicules-electriques-par-les-particuliers-en-flandre\\\/\"},\"author\":{\"name\":\"Michel Willems - Mobilitas\",\"@id\":\"https:\\\/\\\/www.link2fleet.com\\\/fr\\\/#\\\/schema\\\/person\\\/bd29f6a2c2427e85a70d3acf17303486\"},\"headline\":\"Une prime pour l&rsquo;achat des v\u00e9hicules \u00e9lectriques par les particuliers&#8230;en Flandre\",\"datePublished\":\"2023-09-25T13:29:37+00:00\",\"mainEntityOfPage\":{\"@id\":\"https:\\\/\\\/www.link2fleet.com\\\/fr\\\/une-prime-pour-lachat-des-vehicules-electriques-par-les-particuliers-en-flandre\\\/\"},\"wordCount\":385,\"publisher\":{\"@id\":\"https:\\\/\\\/www.link2fleet.com\\\/fr\\\/#organization\"},\"image\":{\"@id\":\"https:\\\/\\\/www.link2fleet.com\\\/fr\\\/une-prime-pour-lachat-des-vehicules-electriques-par-les-particuliers-en-flandre\\\/#primaryimage\"},\"thumbnailUrl\":\"https:\\\/\\\/static.link2fleet.com\\\/wp-content\\\/uploads\\\/2024\\\/03\\\/r-dam-1086106.jpg\",\"articleSection\":[\"Gestion de flotte\",\"Tax &amp; legal\"],\"inLanguage\":\"fr-FR\"},{\"@type\":\"WebPage\",\"@id\":\"https:\\\/\\\/www.link2fleet.com\\\/fr\\\/une-prime-pour-lachat-des-vehicules-electriques-par-les-particuliers-en-flandre\\\/\",\"url\":\"https:\\\/\\\/www.link2fleet.com\\\/fr\\\/une-prime-pour-lachat-des-vehicules-electriques-par-les-particuliers-en-flandre\\\/\",\"name\":\"Une prime pour l'achat des v\u00e9hicules \u00e9lectriques par les particuliers...en Flandre - link2fleet\",\"isPartOf\":{\"@id\":\"https:\\\/\\\/www.link2fleet.com\\\/fr\\\/#website\"},\"primaryImageOfPage\":{\"@id\":\"https:\\\/\\\/www.link2fleet.com\\\/fr\\\/une-prime-pour-lachat-des-vehicules-electriques-par-les-particuliers-en-flandre\\\/#primaryimage\"},\"image\":{\"@id\":\"https:\\\/\\\/www.link2fleet.com\\\/fr\\\/une-prime-pour-lachat-des-vehicules-electriques-par-les-particuliers-en-flandre\\\/#primaryimage\"},\"thumbnailUrl\":\"https:\\\/\\\/static.link2fleet.com\\\/wp-content\\\/uploads\\\/2024\\\/03\\\/r-dam-1086106.jpg\",\"datePublished\":\"2023-09-25T13:29:37+00:00\",\"breadcrumb\":{\"@id\":\"https:\\\/\\\/www.link2fleet.com\\\/fr\\\/une-prime-pour-lachat-des-vehicules-electriques-par-les-particuliers-en-flandre\\\/#breadcrumb\"},\"inLanguage\":\"fr-FR\",\"potentialAction\":[{\"@type\":\"ReadAction\",\"target\":[\"https:\\\/\\\/www.link2fleet.com\\\/fr\\\/une-prime-pour-lachat-des-vehicules-electriques-par-les-particuliers-en-flandre\\\/\"]}]},{\"@type\":\"ImageObject\",\"inLanguage\":\"fr-FR\",\"@id\":\"https:\\\/\\\/www.link2fleet.com\\\/fr\\\/une-prime-pour-lachat-des-vehicules-electriques-par-les-particuliers-en-flandre\\\/#primaryimage\",\"url\":\"https:\\\/\\\/static.link2fleet.com\\\/wp-content\\\/uploads\\\/2024\\\/03\\\/r-dam-1086106.jpg\",\"contentUrl\":\"https:\\\/\\\/static.link2fleet.com\\\/wp-content\\\/uploads\\\/2024\\\/03\\\/r-dam-1086106.jpg\",\"width\":3500,\"height\":2333,\"caption\":\"Au d\u00e9but de 2025\"},{\"@type\":\"BreadcrumbList\",\"@id\":\"https:\\\/\\\/www.link2fleet.com\\\/fr\\\/une-prime-pour-lachat-des-vehicules-electriques-par-les-particuliers-en-flandre\\\/#breadcrumb\",\"itemListElement\":[{\"@type\":\"ListItem\",\"position\":1,\"name\":\"Home\",\"item\":\"https:\\\/\\\/www.link2fleet.com\\\/fr\\\/\"},{\"@type\":\"ListItem\",\"position\":2,\"name\":\"Une prime pour l&#8217;achat des v\u00e9hicules \u00e9lectriques par les particuliers&#8230;en Flandre\"}]},{\"@type\":\"WebSite\",\"@id\":\"https:\\\/\\\/www.link2fleet.com\\\/fr\\\/#website\",\"url\":\"https:\\\/\\\/www.link2fleet.com\\\/fr\\\/\",\"name\":\"Link2fleet\",\"description\":\"\",\"publisher\":{\"@id\":\"https:\\\/\\\/www.link2fleet.com\\\/fr\\\/#organization\"},\"potentialAction\":[{\"@type\":\"SearchAction\",\"target\":{\"@type\":\"EntryPoint\",\"urlTemplate\":\"https:\\\/\\\/www.link2fleet.com\\\/fr\\\/?s={search_term_string}\"},\"query-input\":{\"@type\":\"PropertyValueSpecification\",\"valueRequired\":true,\"valueName\":\"search_term_string\"}}],\"inLanguage\":\"fr-FR\"},{\"@type\":\"Organization\",\"@id\":\"https:\\\/\\\/www.link2fleet.com\\\/fr\\\/#organization\",\"name\":\"Link2fleet\",\"url\":\"https:\\\/\\\/www.link2fleet.com\\\/fr\\\/\",\"logo\":{\"@type\":\"ImageObject\",\"inLanguage\":\"fr-FR\",\"@id\":\"https:\\\/\\\/www.link2fleet.com\\\/fr\\\/#\\\/schema\\\/logo\\\/image\\\/\",\"url\":\"https:\\\/\\\/static.link2fleet.com\\\/wp-content\\\/uploads\\\/2024\\\/03\\\/share-image.jpg\",\"contentUrl\":\"https:\\\/\\\/static.link2fleet.com\\\/wp-content\\\/uploads\\\/2024\\\/03\\\/share-image.jpg\",\"width\":1200,\"height\":630,\"caption\":\"Link2fleet\"},\"image\":{\"@id\":\"https:\\\/\\\/www.link2fleet.com\\\/fr\\\/#\\\/schema\\\/logo\\\/image\\\/\"},\"sameAs\":[\"https:\\\/\\\/www.linkedin.com\\\/company\\\/link2fleet-belgium\",\"https:\\\/\\\/www.youtube.com\\\/user\\\/MMMBMBE\"]},{\"@type\":\"Person\",\"@id\":\"https:\\\/\\\/www.link2fleet.com\\\/fr\\\/#\\\/schema\\\/person\\\/bd29f6a2c2427e85a70d3acf17303486\",\"name\":\"Michel Willems - Mobilitas\",\"image\":{\"@type\":\"ImageObject\",\"inLanguage\":\"fr-FR\",\"@id\":\"https:\\\/\\\/secure.gravatar.com\\\/avatar\\\/c937de514893d5b69b3b52ee88664fd4879b786925b6742dc7891d347f167414?s=96&d=mm&r=g\",\"url\":\"https:\\\/\\\/secure.gravatar.com\\\/avatar\\\/c937de514893d5b69b3b52ee88664fd4879b786925b6742dc7891d347f167414?s=96&d=mm&r=g\",\"contentUrl\":\"https:\\\/\\\/secure.gravatar.com\\\/avatar\\\/c937de514893d5b69b3b52ee88664fd4879b786925b6742dc7891d347f167414?s=96&d=mm&r=g\",\"caption\":\"Michel Willems - Mobilitas\"}}]}<\/script>\n<!-- \/ Yoast SEO plugin. -->","yoast_head_json":{"title":"Une prime pour l'achat des v\u00e9hicules \u00e9lectriques par les particuliers...en Flandre - link2fleet","description":"Le gouvernement flamand a d\u00e9cid\u00e9 de r\u00e9introduire une prime \u00e0 l&rsquo;achat pour les particuliers qui ach\u00e8tent un v\u00e9hicule \u00e9lectrique \u00e0 partir de 2024. La prime\u2026","robots":{"index":"index","follow":"follow","max-snippet":"max-snippet:-1","max-image-preview":"max-image-preview:large","max-video-preview":"max-video-preview:-1"},"og_locale":"fr_FR","og_type":"article","og_title":"Une prime pour l'achat des v\u00e9hicules \u00e9lectriques par les particuliers...en Flandre - link2fleet","og_description":"Le gouvernement flamand a d\u00e9cid\u00e9 de r\u00e9introduire une prime \u00e0 l&rsquo;achat pour les particuliers qui ach\u00e8tent un v\u00e9hicule \u00e9lectrique \u00e0 partir de 2024. La prime\u2026","og_url":"https:\/\/www.link2fleet.com\/fr\/une-prime-pour-lachat-des-vehicules-electriques-par-les-particuliers-en-flandre\/","og_site_name":"link2fleet","article_published_time":"2023-09-25T13:29:37+00:00","og_image":[{"width":3500,"height":2333,"url":"https:\/\/static.link2fleet.com\/wp-content\/uploads\/2024\/03\/r-dam-1086106.jpg","type":"image\/jpeg"}],"author":"Michel Willems - Mobilitas","twitter_card":"summary_large_image","twitter_description":"Le gouvernement flamand a d\u00e9cid\u00e9 de r\u00e9introduire une prime \u00e0 l&rsquo;achat pour les particuliers qui ach\u00e8tent un v\u00e9hicule \u00e9lectrique \u00e0 partir de 2024. La prime\u2026","twitter_misc":{"\u00c9crit par":"Michel Willems - Mobilitas","Dur\u00e9e de lecture estim\u00e9e":"2 minutes"},"schema":{"@context":"https:\/\/schema.org","@graph":[{"@type":"Article","@id":"https:\/\/www.link2fleet.com\/fr\/une-prime-pour-lachat-des-vehicules-electriques-par-les-particuliers-en-flandre\/#article","isPartOf":{"@id":"https:\/\/www.link2fleet.com\/fr\/une-prime-pour-lachat-des-vehicules-electriques-par-les-particuliers-en-flandre\/"},"author":{"name":"Michel Willems - Mobilitas","@id":"https:\/\/www.link2fleet.com\/fr\/#\/schema\/person\/bd29f6a2c2427e85a70d3acf17303486"},"headline":"Une prime pour l&rsquo;achat des v\u00e9hicules \u00e9lectriques par les particuliers&#8230;en Flandre","datePublished":"2023-09-25T13:29:37+00:00","mainEntityOfPage":{"@id":"https:\/\/www.link2fleet.com\/fr\/une-prime-pour-lachat-des-vehicules-electriques-par-les-particuliers-en-flandre\/"},"wordCount":385,"publisher":{"@id":"https:\/\/www.link2fleet.com\/fr\/#organization"},"image":{"@id":"https:\/\/www.link2fleet.com\/fr\/une-prime-pour-lachat-des-vehicules-electriques-par-les-particuliers-en-flandre\/#primaryimage"},"thumbnailUrl":"https:\/\/static.link2fleet.com\/wp-content\/uploads\/2024\/03\/r-dam-1086106.jpg","articleSection":["Gestion de flotte","Tax &amp; legal"],"inLanguage":"fr-FR"},{"@type":"WebPage","@id":"https:\/\/www.link2fleet.com\/fr\/une-prime-pour-lachat-des-vehicules-electriques-par-les-particuliers-en-flandre\/","url":"https:\/\/www.link2fleet.com\/fr\/une-prime-pour-lachat-des-vehicules-electriques-par-les-particuliers-en-flandre\/","name":"Une prime pour l'achat des v\u00e9hicules \u00e9lectriques par les particuliers...en Flandre - link2fleet","isPartOf":{"@id":"https:\/\/www.link2fleet.com\/fr\/#website"},"primaryImageOfPage":{"@id":"https:\/\/www.link2fleet.com\/fr\/une-prime-pour-lachat-des-vehicules-electriques-par-les-particuliers-en-flandre\/#primaryimage"},"image":{"@id":"https:\/\/www.link2fleet.com\/fr\/une-prime-pour-lachat-des-vehicules-electriques-par-les-particuliers-en-flandre\/#primaryimage"},"thumbnailUrl":"https:\/\/static.link2fleet.com\/wp-content\/uploads\/2024\/03\/r-dam-1086106.jpg","datePublished":"2023-09-25T13:29:37+00:00","breadcrumb":{"@id":"https:\/\/www.link2fleet.com\/fr\/une-prime-pour-lachat-des-vehicules-electriques-par-les-particuliers-en-flandre\/#breadcrumb"},"inLanguage":"fr-FR","potentialAction":[{"@type":"ReadAction","target":["https:\/\/www.link2fleet.com\/fr\/une-prime-pour-lachat-des-vehicules-electriques-par-les-particuliers-en-flandre\/"]}]},{"@type":"ImageObject","inLanguage":"fr-FR","@id":"https:\/\/www.link2fleet.com\/fr\/une-prime-pour-lachat-des-vehicules-electriques-par-les-particuliers-en-flandre\/#primaryimage","url":"https:\/\/static.link2fleet.com\/wp-content\/uploads\/2024\/03\/r-dam-1086106.jpg","contentUrl":"https:\/\/static.link2fleet.com\/wp-content\/uploads\/2024\/03\/r-dam-1086106.jpg","width":3500,"height":2333,"caption":"Au d\u00e9but de 2025"},{"@type":"BreadcrumbList","@id":"https:\/\/www.link2fleet.com\/fr\/une-prime-pour-lachat-des-vehicules-electriques-par-les-particuliers-en-flandre\/#breadcrumb","itemListElement":[{"@type":"ListItem","position":1,"name":"Home","item":"https:\/\/www.link2fleet.com\/fr\/"},{"@type":"ListItem","position":2,"name":"Une prime pour l&#8217;achat des v\u00e9hicules \u00e9lectriques par les particuliers&#8230;en Flandre"}]},{"@type":"WebSite","@id":"https:\/\/www.link2fleet.com\/fr\/#website","url":"https:\/\/www.link2fleet.com\/fr\/","name":"Link2fleet","description":"","publisher":{"@id":"https:\/\/www.link2fleet.com\/fr\/#organization"},"potentialAction":[{"@type":"SearchAction","target":{"@type":"EntryPoint","urlTemplate":"https:\/\/www.link2fleet.com\/fr\/?s={search_term_string}"},"query-input":{"@type":"PropertyValueSpecification","valueRequired":true,"valueName":"search_term_string"}}],"inLanguage":"fr-FR"},{"@type":"Organization","@id":"https:\/\/www.link2fleet.com\/fr\/#organization","name":"Link2fleet","url":"https:\/\/www.link2fleet.com\/fr\/","logo":{"@type":"ImageObject","inLanguage":"fr-FR","@id":"https:\/\/www.link2fleet.com\/fr\/#\/schema\/logo\/image\/","url":"https:\/\/static.link2fleet.com\/wp-content\/uploads\/2024\/03\/share-image.jpg","contentUrl":"https:\/\/static.link2fleet.com\/wp-content\/uploads\/2024\/03\/share-image.jpg","width":1200,"height":630,"caption":"Link2fleet"},"image":{"@id":"https:\/\/www.link2fleet.com\/fr\/#\/schema\/logo\/image\/"},"sameAs":["https:\/\/www.linkedin.com\/company\/link2fleet-belgium","https:\/\/www.youtube.com\/user\/MMMBMBE"]},{"@type":"Person","@id":"https:\/\/www.link2fleet.com\/fr\/#\/schema\/person\/bd29f6a2c2427e85a70d3acf17303486","name":"Michel Willems - Mobilitas","image":{"@type":"ImageObject","inLanguage":"fr-FR","@id":"https:\/\/secure.gravatar.com\/avatar\/c937de514893d5b69b3b52ee88664fd4879b786925b6742dc7891d347f167414?s=96&d=mm&r=g","url":"https:\/\/secure.gravatar.com\/avatar\/c937de514893d5b69b3b52ee88664fd4879b786925b6742dc7891d347f167414?s=96&d=mm&r=g","contentUrl":"https:\/\/secure.gravatar.com\/avatar\/c937de514893d5b69b3b52ee88664fd4879b786925b6742dc7891d347f167414?s=96&d=mm&r=g","caption":"Michel Willems - Mobilitas"}}]}},"_links":{"self":[{"href":"https:\/\/www.link2fleet.com\/fr\/wp-json\/wp\/v2\/posts\/10646","targetHints":{"allow":["GET"]}}],"collection":[{"href":"https:\/\/www.link2fleet.com\/fr\/wp-json\/wp\/v2\/posts"}],"about":[{"href":"https:\/\/www.link2fleet.com\/fr\/wp-json\/wp\/v2\/types\/post"}],"author":[{"embeddable":true,"href":"https:\/\/www.link2fleet.com\/fr\/wp-json\/wp\/v2\/users\/11"}],"replies":[{"embeddable":true,"href":"https:\/\/www.link2fleet.com\/fr\/wp-json\/wp\/v2\/comments?post=10646"}],"version-history":[{"count":0,"href":"https:\/\/www.link2fleet.com\/fr\/wp-json\/wp\/v2\/posts\/10646\/revisions"}],"wp:featuredmedia":[{"embeddable":true,"href":"https:\/\/www.link2fleet.com\/fr\/wp-json\/wp\/v2\/media\/2660"}],"wp:attachment":[{"href":"https:\/\/www.link2fleet.com\/fr\/wp-json\/wp\/v2\/media?parent=10646"}],"wp:term":[{"taxonomy":"category","embeddable":true,"href":"https:\/\/www.link2fleet.com\/fr\/wp-json\/wp\/v2\/categories?post=10646"},{"taxonomy":"post_tag","embeddable":true,"href":"https:\/\/www.link2fleet.com\/fr\/wp-json\/wp\/v2\/tags?post=10646"}],"curies":[{"name":"wp","href":"https:\/\/api.w.org\/{rel}","templated":true}]}}