{"id":10647,"date":"2023-09-26T13:29:36","date_gmt":"2023-09-26T11:29:36","guid":{"rendered":"https:\/\/www.link2fleet.com\/webfleet-etend-le-programme-oem-connect-et-prend-desormais-en-charge-les-vehicules-electriques\/"},"modified":"2023-09-26T13:29:36","modified_gmt":"2023-09-26T11:29:36","slug":"webfleet-etend-le-programme-oem-connect-et-prend-desormais-en-charge-les-vehicules-electriques","status":"publish","type":"post","link":"https:\/\/www.link2fleet.com\/fr\/webfleet-etend-le-programme-oem-connect-et-prend-desormais-en-charge-les-vehicules-electriques\/","title":{"rendered":"Webfleet \u00e9tend le programme OEM.connect et prend d\u00e9sormais en charge les v\u00e9hicules \u00e9lectriques"},"content":{"rendered":"<p class=\"styles_paragraph__GiKq6\">Le programme OEM.connect permet d\u00e9j\u00e0 aux entreprises d&rsquo;exploiter plus facilement de nombreuses donn\u00e9es t\u00e9l\u00e9matiques pour aider \u00e0 r\u00e9duire les co\u00fbts, encourager une conduite plus s\u00fbre et plus durable et maximiser les performances de la flotte. D\u00e9sormais, les entreprises disposant de flottes mixtes ou \u00e9lectriques peuvent \u00e9galement acc\u00e9der \u00e0 des informations suppl\u00e9mentaires sur le temps de charge, l&rsquo;autonomie, l&rsquo;\u00e9tat actuel de la batterie, la consommation d&rsquo;\u00e9nergie et plus encore en entrant simplement le num\u00e9ro d&rsquo;identification du v\u00e9hicule (VIN).<\/p>\n<p class=\"styles_paragraph__GiKq6\">Ces donn\u00e9es permettent aux gestionnaires de flotte d\u2019opter pour le v\u00e9hicule de leur flotte le mieux adapt\u00e9 \u00e0 chaque t\u00e2che, de planifier leurs itin\u00e9raires, de v\u00e9rifier l&rsquo;\u00e9tat de la batterie et de g\u00e9rer leurs options de recharge. Par exemple, lors de la planification d&rsquo;une tourn\u00e9e quotidienne, le gestionnaire de flotte peut tenir compte non seulement de la quantit\u00e9 d&rsquo;\u00e9nergie consomm\u00e9e par le v\u00e9hicule, mais aussi de la capacit\u00e9 de la batterie et de l&rsquo;impact du comportement de conduite sur l&rsquo;autonomie. Les entreprises disposent d&rsquo;une vue d&rsquo;ensemble pour am\u00e9liorer la durabilit\u00e9 et l&rsquo;efficacit\u00e9 de leurs op\u00e9rations tout en garantissant la confidentialit\u00e9 des donn\u00e9es. Avec la protection et la s\u00e9curit\u00e9 des donn\u00e9es comme priorit\u00e9, les op\u00e9rateurs de flotte ont le contr\u00f4le total de leurs propres donn\u00e9es.<\/p>\n<figure class=\"prezly-slate-image prezly-slate-image--contained\"><a class=\"prezly-slate-image-rollover\" href=\"https:\/\/cdn.uc.assets.prezly.com\/0a45ec7d-3fff-4f53-a309-29992c5ff5e7\/ev_van_charging_plugging_3.jpg\"><span class=\"prezly-slate-image-rollover__content\"><img decoding=\"async\" class=\"prezly-slate-media prezly-slate-image__media prezly-slate-media--image\" title=\"\" src=\"https:\/\/cdn.uc.assets.prezly.com\/0a45ec7d-3fff-4f53-a309-29992c5ff5e7\/-\/format\/auto\/ev_van_charging_plugging_3.jpg\" sizes=\"(max-width: 992px) 800px, (max-width: 576px) 400px, 1200px\" srcset=\"https:\/\/cdn.uc.assets.prezly.com\/0a45ec7d-3fff-4f53-a309-29992c5ff5e7\/-\/resize\/1200\/ev_van_charging_plugging_3.jpg 1200w, https:\/\/cdn.uc.assets.prezly.com\/0a45ec7d-3fff-4f53-a309-29992c5ff5e7\/-\/resize\/2400\/ev_van_charging_plugging_3.jpg 2400w, https:\/\/cdn.uc.assets.prezly.com\/0a45ec7d-3fff-4f53-a309-29992c5ff5e7\/-\/resize\/800\/ev_van_charging_plugging_3.jpg 800w, https:\/\/cdn.uc.assets.prezly.com\/0a45ec7d-3fff-4f53-a309-29992c5ff5e7\/-\/resize\/1600\/ev_van_charging_plugging_3.jpg 1600w, https:\/\/cdn.uc.assets.prezly.com\/0a45ec7d-3fff-4f53-a309-29992c5ff5e7\/-\/resize\/400\/ev_van_charging_plugging_3.jpg 400w, https:\/\/cdn.uc.assets.prezly.com\/0a45ec7d-3fff-4f53-a309-29992c5ff5e7\/-\/resize\/800\/ev_van_charging_plugging_3.jpg 800w\" alt=\"\" \/><\/span><\/a><\/p>\n<blockquote class=\"Quote_container___qk9S Quote_alignLeft__N_T5c\">\n<div class=\"Quote_content__4f7t4\">\u00ab <em>Les entreprises du monde entier utilisent Webfleet pour am\u00e9liorer l&rsquo;efficacit\u00e9 de leur flotte, soutenir les conducteurs, renforcer la s\u00e9curit\u00e9, rester conformes et travailler de mani\u00e8re plus durable<\/em> \u00bb, <strong>d\u00e9clare Paul Verheijen, vice-pr\u00e9sident de la strat\u00e9gie produit et des partenariats chez Bridgestone Mobility Solutions<\/strong>. \u00ab<em> Au cours de l&rsquo;ann\u00e9e \u00e9coul\u00e9e, Webfleet a connu une croissance significative du nombre de v\u00e9hicules \u00e9lectriques dans notre base install\u00e9e. Ainsi, de plus en plus de propri\u00e9taires d&rsquo;entreprise et de gestionnaires de flotte saisissent la principale opportunit\u00e9 offerte par les v\u00e9hicules \u00e9lectriques. En collaboration avec Mercedes-Benz Connectivity Services, nous cr\u00e9ons une nouvelle valeur pour ces entreprises, en soulignant l&rsquo;importance des donn\u00e9es t\u00e9l\u00e9matiques pour effectuer une transition efficace vers la mobilit\u00e9 \u00e9lectrique et exploiter une flotte \u00e9lectrique productive.<\/em>\u00a0\u00bb<\/div>\n<\/blockquote>\n<p class=\"styles_paragraph__GiKq6\">OEM.connect pour v\u00e9hicules \u00e9lectriques est disponible pour toutes les voitures et v\u00e9hicules utilitaires \u00e9lectriques Mercedes-Benz dans tous les pays europ\u00e9ens o\u00f9 Webfleet est pr\u00e9sent. Webfleet a l&rsquo;intention d&rsquo;\u00e9tendre le programme pour inclure les v\u00e9hicules \u00e9lectriques d&rsquo;un plus grand nombre de constructeurs dans un avenir proche.<\/p>\n<\/figure>\n","protected":false},"excerpt":{"rendered":"<p>Le programme OEM.connect permet d\u00e9j\u00e0 aux entreprises d&rsquo;exploiter plus facilement de nombreuses donn\u00e9es t\u00e9l\u00e9matiques pour aider \u00e0 r\u00e9duire les co\u00fbts, encourager une conduite plus s\u00fbre et plus durable et maximiser les performances de la flotte. D\u00e9sormais, les entreprises disposant de flottes mixtes ou \u00e9lectriques peuvent \u00e9galement acc\u00e9der \u00e0 des informations suppl\u00e9mentaires sur le temps de [&hellip;]<\/p>\n","protected":false},"author":4,"featured_media":642,"comment_status":"closed","ping_status":"closed","sticky":false,"template":"","format":"standard","meta":{"_acf_changed":false,"footnotes":""},"categories":[91,82],"tags":[],"class_list":["post-10647","post","type-post","status-publish","format-standard","has-post-thumbnail","hentry","category-expertise-et-management","category-connected-car-devices"],"acf":[],"yoast_head":"<!-- This site is optimized with the Yoast SEO plugin v27.3 - https:\/\/yoast.com\/product\/yoast-seo-wordpress\/ -->\n<title>Webfleet \u00e9tend le programme OEM.connect et prend d\u00e9sormais en charge les v\u00e9hicules \u00e9lectriques - link2fleet<\/title>\n<meta name=\"description\" content=\"Webfleet, la solution de gestion de flotte mondialement reconnue de Bridgestone, \u00e9tend son programme OEM.connect pour prendre en charge les v\u00e9hicules \u00e9lectriques (VE). La premi\u00e8re\u2026\" \/>\n<meta name=\"robots\" content=\"index, follow, max-snippet:-1, max-image-preview:large, max-video-preview:-1\" \/>\n<meta property=\"og:locale\" content=\"fr_FR\" \/>\n<meta property=\"og:type\" content=\"article\" \/>\n<meta property=\"og:title\" content=\"Webfleet \u00e9tend le programme OEM.connect et prend d\u00e9sormais en charge les v\u00e9hicules \u00e9lectriques - link2fleet\" \/>\n<meta property=\"og:description\" content=\"Webfleet, la solution de gestion de flotte mondialement reconnue de Bridgestone, \u00e9tend son programme OEM.connect pour prendre en charge les v\u00e9hicules \u00e9lectriques (VE). La premi\u00e8re\u2026\" \/>\n<meta property=\"og:url\" content=\"https:\/\/www.link2fleet.com\/fr\/webfleet-etend-le-programme-oem-connect-et-prend-desormais-en-charge-les-vehicules-electriques\/\" \/>\n<meta property=\"og:site_name\" content=\"link2fleet\" \/>\n<meta property=\"article:published_time\" content=\"2023-09-26T11:29:36+00:00\" \/>\n<meta property=\"og:image\" content=\"https:\/\/static.link2fleet.com\/wp-content\/uploads\/2024\/01\/ev-van-charging-plugging-3-scaled-1.jpeg\" \/>\n\t<meta property=\"og:image:width\" content=\"2560\" \/>\n\t<meta property=\"og:image:height\" content=\"1707\" \/>\n\t<meta property=\"og:image:type\" content=\"image\/jpeg\" \/>\n<meta name=\"author\" content=\"Damien Malvetti\" \/>\n<meta name=\"twitter:card\" content=\"summary_large_image\" \/>\n<meta name=\"twitter:description\" content=\"Webfleet, la solution de gestion de flotte mondialement reconnue de Bridgestone, \u00e9tend son programme OEM.connect pour prendre en charge les v\u00e9hicules \u00e9lectriques (VE). La premi\u00e8re\u2026\" \/>\n<meta name=\"twitter:label1\" content=\"\u00c9crit par\" \/>\n\t<meta name=\"twitter:data1\" content=\"Damien Malvetti\" \/>\n\t<meta name=\"twitter:label2\" content=\"Dur\u00e9e de lecture estim\u00e9e\" \/>\n\t<meta name=\"twitter:data2\" content=\"2 minutes\" \/>\n<script type=\"application\/ld+json\" class=\"yoast-schema-graph\">{\"@context\":\"https:\\\/\\\/schema.org\",\"@graph\":[{\"@type\":\"Article\",\"@id\":\"https:\\\/\\\/www.link2fleet.com\\\/fr\\\/webfleet-etend-le-programme-oem-connect-et-prend-desormais-en-charge-les-vehicules-electriques\\\/#article\",\"isPartOf\":{\"@id\":\"https:\\\/\\\/www.link2fleet.com\\\/fr\\\/webfleet-etend-le-programme-oem-connect-et-prend-desormais-en-charge-les-vehicules-electriques\\\/\"},\"author\":{\"name\":\"Damien Malvetti\",\"@id\":\"https:\\\/\\\/www.link2fleet.com\\\/fr\\\/#\\\/schema\\\/person\\\/027cd46113c78036b3809c9a054049da\"},\"headline\":\"Webfleet \u00e9tend le programme OEM.connect et prend d\u00e9sormais en charge les v\u00e9hicules \u00e9lectriques\",\"datePublished\":\"2023-09-26T11:29:36+00:00\",\"mainEntityOfPage\":{\"@id\":\"https:\\\/\\\/www.link2fleet.com\\\/fr\\\/webfleet-etend-le-programme-oem-connect-et-prend-desormais-en-charge-les-vehicules-electriques\\\/\"},\"wordCount\":451,\"publisher\":{\"@id\":\"https:\\\/\\\/www.link2fleet.com\\\/fr\\\/#organization\"},\"image\":{\"@id\":\"https:\\\/\\\/www.link2fleet.com\\\/fr\\\/webfleet-etend-le-programme-oem-connect-et-prend-desormais-en-charge-les-vehicules-electriques\\\/#primaryimage\"},\"thumbnailUrl\":\"https:\\\/\\\/static.link2fleet.com\\\/wp-content\\\/uploads\\\/2024\\\/01\\\/ev-van-charging-plugging-3-scaled-1.jpeg\",\"articleSection\":[\"Gestion de flotte\",\"IT management et Connected cars\"],\"inLanguage\":\"fr-FR\"},{\"@type\":\"WebPage\",\"@id\":\"https:\\\/\\\/www.link2fleet.com\\\/fr\\\/webfleet-etend-le-programme-oem-connect-et-prend-desormais-en-charge-les-vehicules-electriques\\\/\",\"url\":\"https:\\\/\\\/www.link2fleet.com\\\/fr\\\/webfleet-etend-le-programme-oem-connect-et-prend-desormais-en-charge-les-vehicules-electriques\\\/\",\"name\":\"Webfleet \u00e9tend le programme OEM.connect et prend d\u00e9sormais en charge les v\u00e9hicules \u00e9lectriques - link2fleet\",\"isPartOf\":{\"@id\":\"https:\\\/\\\/www.link2fleet.com\\\/fr\\\/#website\"},\"primaryImageOfPage\":{\"@id\":\"https:\\\/\\\/www.link2fleet.com\\\/fr\\\/webfleet-etend-le-programme-oem-connect-et-prend-desormais-en-charge-les-vehicules-electriques\\\/#primaryimage\"},\"image\":{\"@id\":\"https:\\\/\\\/www.link2fleet.com\\\/fr\\\/webfleet-etend-le-programme-oem-connect-et-prend-desormais-en-charge-les-vehicules-electriques\\\/#primaryimage\"},\"thumbnailUrl\":\"https:\\\/\\\/static.link2fleet.com\\\/wp-content\\\/uploads\\\/2024\\\/01\\\/ev-van-charging-plugging-3-scaled-1.jpeg\",\"datePublished\":\"2023-09-26T11:29:36+00:00\",\"breadcrumb\":{\"@id\":\"https:\\\/\\\/www.link2fleet.com\\\/fr\\\/webfleet-etend-le-programme-oem-connect-et-prend-desormais-en-charge-les-vehicules-electriques\\\/#breadcrumb\"},\"inLanguage\":\"fr-FR\",\"potentialAction\":[{\"@type\":\"ReadAction\",\"target\":[\"https:\\\/\\\/www.link2fleet.com\\\/fr\\\/webfleet-etend-le-programme-oem-connect-et-prend-desormais-en-charge-les-vehicules-electriques\\\/\"]}]},{\"@type\":\"ImageObject\",\"inLanguage\":\"fr-FR\",\"@id\":\"https:\\\/\\\/www.link2fleet.com\\\/fr\\\/webfleet-etend-le-programme-oem-connect-et-prend-desormais-en-charge-les-vehicules-electriques\\\/#primaryimage\",\"url\":\"https:\\\/\\\/static.link2fleet.com\\\/wp-content\\\/uploads\\\/2024\\\/01\\\/ev-van-charging-plugging-3-scaled-1.jpeg\",\"contentUrl\":\"https:\\\/\\\/static.link2fleet.com\\\/wp-content\\\/uploads\\\/2024\\\/01\\\/ev-van-charging-plugging-3-scaled-1.jpeg\",\"width\":2560,\"height\":1707,\"caption\":\"||||\"},{\"@type\":\"BreadcrumbList\",\"@id\":\"https:\\\/\\\/www.link2fleet.com\\\/fr\\\/webfleet-etend-le-programme-oem-connect-et-prend-desormais-en-charge-les-vehicules-electriques\\\/#breadcrumb\",\"itemListElement\":[{\"@type\":\"ListItem\",\"position\":1,\"name\":\"Home\",\"item\":\"https:\\\/\\\/www.link2fleet.com\\\/fr\\\/\"},{\"@type\":\"ListItem\",\"position\":2,\"name\":\"Webfleet \u00e9tend le programme OEM.connect et prend d\u00e9sormais en charge les v\u00e9hicules \u00e9lectriques\"}]},{\"@type\":\"WebSite\",\"@id\":\"https:\\\/\\\/www.link2fleet.com\\\/fr\\\/#website\",\"url\":\"https:\\\/\\\/www.link2fleet.com\\\/fr\\\/\",\"name\":\"Link2fleet\",\"description\":\"\",\"publisher\":{\"@id\":\"https:\\\/\\\/www.link2fleet.com\\\/fr\\\/#organization\"},\"potentialAction\":[{\"@type\":\"SearchAction\",\"target\":{\"@type\":\"EntryPoint\",\"urlTemplate\":\"https:\\\/\\\/www.link2fleet.com\\\/fr\\\/?s={search_term_string}\"},\"query-input\":{\"@type\":\"PropertyValueSpecification\",\"valueRequired\":true,\"valueName\":\"search_term_string\"}}],\"inLanguage\":\"fr-FR\"},{\"@type\":\"Organization\",\"@id\":\"https:\\\/\\\/www.link2fleet.com\\\/fr\\\/#organization\",\"name\":\"Link2fleet\",\"url\":\"https:\\\/\\\/www.link2fleet.com\\\/fr\\\/\",\"logo\":{\"@type\":\"ImageObject\",\"inLanguage\":\"fr-FR\",\"@id\":\"https:\\\/\\\/www.link2fleet.com\\\/fr\\\/#\\\/schema\\\/logo\\\/image\\\/\",\"url\":\"https:\\\/\\\/static.link2fleet.com\\\/wp-content\\\/uploads\\\/2024\\\/03\\\/share-image.jpg\",\"contentUrl\":\"https:\\\/\\\/static.link2fleet.com\\\/wp-content\\\/uploads\\\/2024\\\/03\\\/share-image.jpg\",\"width\":1200,\"height\":630,\"caption\":\"Link2fleet\"},\"image\":{\"@id\":\"https:\\\/\\\/www.link2fleet.com\\\/fr\\\/#\\\/schema\\\/logo\\\/image\\\/\"},\"sameAs\":[\"https:\\\/\\\/www.linkedin.com\\\/company\\\/link2fleet-belgium\",\"https:\\\/\\\/www.youtube.com\\\/user\\\/MMMBMBE\"]},{\"@type\":\"Person\",\"@id\":\"https:\\\/\\\/www.link2fleet.com\\\/fr\\\/#\\\/schema\\\/person\\\/027cd46113c78036b3809c9a054049da\",\"name\":\"Damien Malvetti\",\"image\":{\"@type\":\"ImageObject\",\"inLanguage\":\"fr-FR\",\"@id\":\"https:\\\/\\\/secure.gravatar.com\\\/avatar\\\/dd8cc03b49466c735f753ac37f8caa371af16dfed347456ed61f02883255eebb?s=96&d=mm&r=g\",\"url\":\"https:\\\/\\\/secure.gravatar.com\\\/avatar\\\/dd8cc03b49466c735f753ac37f8caa371af16dfed347456ed61f02883255eebb?s=96&d=mm&r=g\",\"contentUrl\":\"https:\\\/\\\/secure.gravatar.com\\\/avatar\\\/dd8cc03b49466c735f753ac37f8caa371af16dfed347456ed61f02883255eebb?s=96&d=mm&r=g\",\"caption\":\"Damien Malvetti\"},\"description\":\"Damien Malvetti is opgeleid als journalist en gepassioneerd door wagens, technologie en mobiliteit. Hij is verantwoordelijk voor de redactionele inhoud van link2fleet en beschikt over een uitgebreide kennis van de fleet-sector en elektrische mobiliteit.\",\"sameAs\":[\"https:\\\/\\\/www.linkedin.com\\\/in\\\/damien-malvetti-56601142\\\/\"]}]}<\/script>\n<!-- \/ Yoast SEO plugin. -->","yoast_head_json":{"title":"Webfleet \u00e9tend le programme OEM.connect et prend d\u00e9sormais en charge les v\u00e9hicules \u00e9lectriques - link2fleet","description":"Webfleet, la solution de gestion de flotte mondialement reconnue de Bridgestone, \u00e9tend son programme OEM.connect pour prendre en charge les v\u00e9hicules \u00e9lectriques (VE). La premi\u00e8re\u2026","robots":{"index":"index","follow":"follow","max-snippet":"max-snippet:-1","max-image-preview":"max-image-preview:large","max-video-preview":"max-video-preview:-1"},"og_locale":"fr_FR","og_type":"article","og_title":"Webfleet \u00e9tend le programme OEM.connect et prend d\u00e9sormais en charge les v\u00e9hicules \u00e9lectriques - link2fleet","og_description":"Webfleet, la solution de gestion de flotte mondialement reconnue de Bridgestone, \u00e9tend son programme OEM.connect pour prendre en charge les v\u00e9hicules \u00e9lectriques (VE). La premi\u00e8re\u2026","og_url":"https:\/\/www.link2fleet.com\/fr\/webfleet-etend-le-programme-oem-connect-et-prend-desormais-en-charge-les-vehicules-electriques\/","og_site_name":"link2fleet","article_published_time":"2023-09-26T11:29:36+00:00","og_image":[{"width":2560,"height":1707,"url":"https:\/\/static.link2fleet.com\/wp-content\/uploads\/2024\/01\/ev-van-charging-plugging-3-scaled-1.jpeg","type":"image\/jpeg"}],"author":"Damien Malvetti","twitter_card":"summary_large_image","twitter_description":"Webfleet, la solution de gestion de flotte mondialement reconnue de Bridgestone, \u00e9tend son programme OEM.connect pour prendre en charge les v\u00e9hicules \u00e9lectriques (VE). La premi\u00e8re\u2026","twitter_misc":{"\u00c9crit par":"Damien Malvetti","Dur\u00e9e de lecture estim\u00e9e":"2 minutes"},"schema":{"@context":"https:\/\/schema.org","@graph":[{"@type":"Article","@id":"https:\/\/www.link2fleet.com\/fr\/webfleet-etend-le-programme-oem-connect-et-prend-desormais-en-charge-les-vehicules-electriques\/#article","isPartOf":{"@id":"https:\/\/www.link2fleet.com\/fr\/webfleet-etend-le-programme-oem-connect-et-prend-desormais-en-charge-les-vehicules-electriques\/"},"author":{"name":"Damien Malvetti","@id":"https:\/\/www.link2fleet.com\/fr\/#\/schema\/person\/027cd46113c78036b3809c9a054049da"},"headline":"Webfleet \u00e9tend le programme OEM.connect et prend d\u00e9sormais en charge les v\u00e9hicules \u00e9lectriques","datePublished":"2023-09-26T11:29:36+00:00","mainEntityOfPage":{"@id":"https:\/\/www.link2fleet.com\/fr\/webfleet-etend-le-programme-oem-connect-et-prend-desormais-en-charge-les-vehicules-electriques\/"},"wordCount":451,"publisher":{"@id":"https:\/\/www.link2fleet.com\/fr\/#organization"},"image":{"@id":"https:\/\/www.link2fleet.com\/fr\/webfleet-etend-le-programme-oem-connect-et-prend-desormais-en-charge-les-vehicules-electriques\/#primaryimage"},"thumbnailUrl":"https:\/\/static.link2fleet.com\/wp-content\/uploads\/2024\/01\/ev-van-charging-plugging-3-scaled-1.jpeg","articleSection":["Gestion de flotte","IT management et Connected cars"],"inLanguage":"fr-FR"},{"@type":"WebPage","@id":"https:\/\/www.link2fleet.com\/fr\/webfleet-etend-le-programme-oem-connect-et-prend-desormais-en-charge-les-vehicules-electriques\/","url":"https:\/\/www.link2fleet.com\/fr\/webfleet-etend-le-programme-oem-connect-et-prend-desormais-en-charge-les-vehicules-electriques\/","name":"Webfleet \u00e9tend le programme OEM.connect et prend d\u00e9sormais en charge les v\u00e9hicules \u00e9lectriques - link2fleet","isPartOf":{"@id":"https:\/\/www.link2fleet.com\/fr\/#website"},"primaryImageOfPage":{"@id":"https:\/\/www.link2fleet.com\/fr\/webfleet-etend-le-programme-oem-connect-et-prend-desormais-en-charge-les-vehicules-electriques\/#primaryimage"},"image":{"@id":"https:\/\/www.link2fleet.com\/fr\/webfleet-etend-le-programme-oem-connect-et-prend-desormais-en-charge-les-vehicules-electriques\/#primaryimage"},"thumbnailUrl":"https:\/\/static.link2fleet.com\/wp-content\/uploads\/2024\/01\/ev-van-charging-plugging-3-scaled-1.jpeg","datePublished":"2023-09-26T11:29:36+00:00","breadcrumb":{"@id":"https:\/\/www.link2fleet.com\/fr\/webfleet-etend-le-programme-oem-connect-et-prend-desormais-en-charge-les-vehicules-electriques\/#breadcrumb"},"inLanguage":"fr-FR","potentialAction":[{"@type":"ReadAction","target":["https:\/\/www.link2fleet.com\/fr\/webfleet-etend-le-programme-oem-connect-et-prend-desormais-en-charge-les-vehicules-electriques\/"]}]},{"@type":"ImageObject","inLanguage":"fr-FR","@id":"https:\/\/www.link2fleet.com\/fr\/webfleet-etend-le-programme-oem-connect-et-prend-desormais-en-charge-les-vehicules-electriques\/#primaryimage","url":"https:\/\/static.link2fleet.com\/wp-content\/uploads\/2024\/01\/ev-van-charging-plugging-3-scaled-1.jpeg","contentUrl":"https:\/\/static.link2fleet.com\/wp-content\/uploads\/2024\/01\/ev-van-charging-plugging-3-scaled-1.jpeg","width":2560,"height":1707,"caption":"||||"},{"@type":"BreadcrumbList","@id":"https:\/\/www.link2fleet.com\/fr\/webfleet-etend-le-programme-oem-connect-et-prend-desormais-en-charge-les-vehicules-electriques\/#breadcrumb","itemListElement":[{"@type":"ListItem","position":1,"name":"Home","item":"https:\/\/www.link2fleet.com\/fr\/"},{"@type":"ListItem","position":2,"name":"Webfleet \u00e9tend le programme OEM.connect et prend d\u00e9sormais en charge les v\u00e9hicules \u00e9lectriques"}]},{"@type":"WebSite","@id":"https:\/\/www.link2fleet.com\/fr\/#website","url":"https:\/\/www.link2fleet.com\/fr\/","name":"Link2fleet","description":"","publisher":{"@id":"https:\/\/www.link2fleet.com\/fr\/#organization"},"potentialAction":[{"@type":"SearchAction","target":{"@type":"EntryPoint","urlTemplate":"https:\/\/www.link2fleet.com\/fr\/?s={search_term_string}"},"query-input":{"@type":"PropertyValueSpecification","valueRequired":true,"valueName":"search_term_string"}}],"inLanguage":"fr-FR"},{"@type":"Organization","@id":"https:\/\/www.link2fleet.com\/fr\/#organization","name":"Link2fleet","url":"https:\/\/www.link2fleet.com\/fr\/","logo":{"@type":"ImageObject","inLanguage":"fr-FR","@id":"https:\/\/www.link2fleet.com\/fr\/#\/schema\/logo\/image\/","url":"https:\/\/static.link2fleet.com\/wp-content\/uploads\/2024\/03\/share-image.jpg","contentUrl":"https:\/\/static.link2fleet.com\/wp-content\/uploads\/2024\/03\/share-image.jpg","width":1200,"height":630,"caption":"Link2fleet"},"image":{"@id":"https:\/\/www.link2fleet.com\/fr\/#\/schema\/logo\/image\/"},"sameAs":["https:\/\/www.linkedin.com\/company\/link2fleet-belgium","https:\/\/www.youtube.com\/user\/MMMBMBE"]},{"@type":"Person","@id":"https:\/\/www.link2fleet.com\/fr\/#\/schema\/person\/027cd46113c78036b3809c9a054049da","name":"Damien Malvetti","image":{"@type":"ImageObject","inLanguage":"fr-FR","@id":"https:\/\/secure.gravatar.com\/avatar\/dd8cc03b49466c735f753ac37f8caa371af16dfed347456ed61f02883255eebb?s=96&d=mm&r=g","url":"https:\/\/secure.gravatar.com\/avatar\/dd8cc03b49466c735f753ac37f8caa371af16dfed347456ed61f02883255eebb?s=96&d=mm&r=g","contentUrl":"https:\/\/secure.gravatar.com\/avatar\/dd8cc03b49466c735f753ac37f8caa371af16dfed347456ed61f02883255eebb?s=96&d=mm&r=g","caption":"Damien Malvetti"},"description":"Damien Malvetti is opgeleid als journalist en gepassioneerd door wagens, technologie en mobiliteit. Hij is verantwoordelijk voor de redactionele inhoud van link2fleet en beschikt over een uitgebreide kennis van de fleet-sector en elektrische mobiliteit.","sameAs":["https:\/\/www.linkedin.com\/in\/damien-malvetti-56601142\/"]}]}},"_links":{"self":[{"href":"https:\/\/www.link2fleet.com\/fr\/wp-json\/wp\/v2\/posts\/10647","targetHints":{"allow":["GET"]}}],"collection":[{"href":"https:\/\/www.link2fleet.com\/fr\/wp-json\/wp\/v2\/posts"}],"about":[{"href":"https:\/\/www.link2fleet.com\/fr\/wp-json\/wp\/v2\/types\/post"}],"author":[{"embeddable":true,"href":"https:\/\/www.link2fleet.com\/fr\/wp-json\/wp\/v2\/users\/4"}],"replies":[{"embeddable":true,"href":"https:\/\/www.link2fleet.com\/fr\/wp-json\/wp\/v2\/comments?post=10647"}],"version-history":[{"count":0,"href":"https:\/\/www.link2fleet.com\/fr\/wp-json\/wp\/v2\/posts\/10647\/revisions"}],"wp:featuredmedia":[{"embeddable":true,"href":"https:\/\/www.link2fleet.com\/fr\/wp-json\/wp\/v2\/media\/642"}],"wp:attachment":[{"href":"https:\/\/www.link2fleet.com\/fr\/wp-json\/wp\/v2\/media?parent=10647"}],"wp:term":[{"taxonomy":"category","embeddable":true,"href":"https:\/\/www.link2fleet.com\/fr\/wp-json\/wp\/v2\/categories?post=10647"},{"taxonomy":"post_tag","embeddable":true,"href":"https:\/\/www.link2fleet.com\/fr\/wp-json\/wp\/v2\/tags?post=10647"}],"curies":[{"name":"wp","href":"https:\/\/api.w.org\/{rel}","templated":true}]}}