{"id":10648,"date":"2023-09-27T07:18:11","date_gmt":"2023-09-27T05:18:11","guid":{"rendered":"https:\/\/www.link2fleet.com\/volty-les-subventions-flamandes-aux-vehicules-electriques-auraient-pu-etre-plus-genereuses\/"},"modified":"2023-09-27T07:18:11","modified_gmt":"2023-09-27T05:18:11","slug":"volty-les-subventions-flamandes-aux-vehicules-electriques-auraient-pu-etre-plus-genereuses","status":"publish","type":"post","link":"https:\/\/www.link2fleet.com\/fr\/volty-les-subventions-flamandes-aux-vehicules-electriques-auraient-pu-etre-plus-genereuses\/","title":{"rendered":"Volty: \u00ab Les subventions flamandes aux v\u00e9hicules \u00e9lectriques auraient pu \u00eatre plus g\u00e9n\u00e9reuses \u00bb"},"content":{"rendered":"<p>Pro memorie : <a href=\"https:\/\/www.link2fleet.com\/fr\/une-prime-pour-lachat-des-vehicules-electriques-par-les-particuliers-en-flandre\/\">les particuliers, les associations et les prestataires de mobilit\u00e9 partag\u00e9e pourront b\u00e9n\u00e9ficier d&rsquo;une prime \u00e0 partir du 1er janvier 2024 \u00e0 l&rsquo;achat d&rsquo;un v\u00e9hicule \u00e9lectrique, neuf ou d&rsquo;occasion<\/a>. Une prime de 5 000 euros s&rsquo;applique aux v\u00e9hicules neufs, et de 3 000 euros aux v\u00e9hicules d&rsquo;occasion. Le gouvernement flamand veut r\u00e9duire l\u2019\u00e9cart entre les voitures \u00e9lectriques et les voitures fossiles et donner un coup de pouce aux acheteurs.<\/p>\n<p>Le prix maximum d&rsquo;achat peut s&rsquo;\u00e9lever \u00e0 40 000 euros TTC.<\/p>\n<table class=\"blockquote\" align=\"\">\n<tbody>\n<tr>\n<td class=\"blockquote-align-table\">\n<table>\n<tbody>\n<tr>\n<td class=\"blockquote-padding well-bg-color\">\n<table class=\"blockquote-vertical-line\">\n<tbody>\n<tr>\n<td class=\"blockquote-content\">\n<blockquote class=\"text-default well-text-color\"><p>\u00ab\u00a0Cet arrangement aurait pu \u00eatre plus large \u00e0 plusieurs \u00e9gards et il est dommage que certaines parties prenantes et acheteurs potentiels ne puissent pas en profiter\u00a0\u00bb, <strong>d\u00e9clare Lex Heremans, CEO de Volty.<\/strong><\/p><\/blockquote>\n<\/td>\n<\/tr>\n<\/tbody>\n<\/table>\n<\/td>\n<\/tr>\n<\/tbody>\n<\/table>\n<\/td>\n<\/tr>\n<\/tbody>\n<\/table>\n<p>Volty est la nouvelle place de march\u00e9 en ligne exclusivement r\u00e9serv\u00e9e \u00e0 la mobilit\u00e9 \u00e9lectrique. La plateforme compte actuellement environ 400 voitures dans cette cat\u00e9gorie de prix.<\/p>\n<table class=\"blockquote\" align=\"\">\n<tbody>\n<tr>\n<td class=\"blockquote-align-table\">\n<table>\n<tbody>\n<tr>\n<td class=\"blockquote-padding well-bg-color\">\n<table class=\"blockquote-vertical-line\">\n<tbody>\n<tr>\n<td class=\"blockquote-content\">\n<blockquote class=\"text-default well-text-color\"><p><strong>Heremans poursuit :<\/strong> \u00ab\u00a0Il est regrettable que cette subvention ou prime, quel que soit le nom qu&rsquo;on lui donne, ne s&rsquo;applique pas aux v\u00e9los, scooters, cyclomoteurs ou autres v\u00e9hicules utilitaires. Apr\u00e8s tout, cela ne concerne que les voitures particuli\u00e8res. En ne tenant pas compte de ces cat\u00e9gories, on perd beaucoup de potentiel pour l&rsquo;\u00e9lectrification des modes de transport alternatifs.\u00a0\u00bb<\/p><\/blockquote>\n<\/td>\n<\/tr>\n<\/tbody>\n<\/table>\n<\/td>\n<\/tr>\n<\/tbody>\n<\/table>\n<\/td>\n<\/tr>\n<\/tbody>\n<\/table>\n<table class=\"blockquote\" align=\"\">\n<tbody>\n<tr>\n<td class=\"blockquote-align-table\">\n<table>\n<tbody>\n<tr>\n<td class=\"blockquote-padding well-bg-color\">\n<table class=\"blockquote-vertical-line\">\n<tbody>\n<tr>\n<td class=\"blockquote-content\">\n<blockquote class=\"text-default well-text-color\"><p><strong>Heremans estime \u00e9galement que le fait que la prime\/subvention ne s&rsquo;applique pas non plus aux entreprises ou aux entreprises constitue une occasion manqu\u00e9e par le gouvernement flamand. <\/strong>\u00ab\u00a0Actuellement, seuls 20 % de tous les v\u00e9hicules \u00e9lectriques appartiennent \u00e0 des particuliers. Cela aurait pu constituer une incitation suppl\u00e9mentaire pour les entreprises.\u00a0\u00bb<\/p><\/blockquote>\n<\/td>\n<\/tr>\n<\/tbody>\n<\/table>\n<\/td>\n<\/tr>\n<\/tbody>\n<\/table>\n<\/td>\n<\/tr>\n<\/tbody>\n<\/table>\n<table class=\"blockquote\" align=\"\">\n<tbody>\n<tr>\n<td class=\"blockquote-align-table\">\n<table>\n<tbody>\n<tr>\n<td class=\"blockquote-padding well-bg-color\">\n<table class=\"blockquote-vertical-line\">\n<tbody>\n<tr>\n<td class=\"blockquote-content\">\n<blockquote class=\"text-default well-text-color\"><p><strong>Enfin, selon Heremans, Volty offre des opportunit\u00e9s int\u00e9ressantes aux personnes souhaitant revendre leur v\u00e9hicule au bout de trois ans,<\/strong> \u00ab\u00a0Car vous pouvez alors proposer le v\u00e9hicule via Volty et recevoir une autre subvention de 1 500 euros\u00a0\u00bb.<\/p><\/blockquote>\n<\/td>\n<\/tr>\n<\/tbody>\n<\/table>\n<\/td>\n<\/tr>\n<\/tbody>\n<\/table>\n<\/td>\n<\/tr>\n<\/tbody>\n<\/table>\n","protected":false},"excerpt":{"rendered":"<p>Pro memorie : les particuliers, les associations et les prestataires de mobilit\u00e9 partag\u00e9e pourront b\u00e9n\u00e9ficier d&rsquo;une prime \u00e0 partir du 1er janvier 2024 \u00e0 l&rsquo;achat d&rsquo;un v\u00e9hicule \u00e9lectrique, neuf ou d&rsquo;occasion. Une prime de 5 000 euros s&rsquo;applique aux v\u00e9hicules neufs, et de 3 000 euros aux v\u00e9hicules d&rsquo;occasion. Le gouvernement flamand veut r\u00e9duire l\u2019\u00e9cart [&hellip;]<\/p>\n","protected":false},"author":4,"featured_media":7397,"comment_status":"closed","ping_status":"closed","sticky":false,"template":"","format":"standard","meta":{"_acf_changed":false,"footnotes":""},"categories":[91,101],"tags":[],"class_list":["post-10648","post","type-post","status-publish","format-standard","has-post-thumbnail","hentry","category-expertise-et-management","category-tax-legal"],"acf":[],"yoast_head":"<!-- This site is optimized with the Yoast SEO plugin v27.3 - https:\/\/yoast.com\/product\/yoast-seo-wordpress\/ -->\n<title>Volty: \u00ab Les subventions flamandes aux v\u00e9hicules \u00e9lectriques auraient pu \u00eatre plus g\u00e9n\u00e9reuses \u00bb - link2fleet<\/title>\n<meta name=\"description\" content=\"La d\u00e9claration du gouvernement flamand de septembre a montr\u00e9 qu&rsquo;une prime de 5.000 euros serait vers\u00e9e pour les nouvelles voitures \u00e9lectriques \u00e0 partir du 1er\u2026\" \/>\n<meta name=\"robots\" content=\"index, follow, max-snippet:-1, max-image-preview:large, max-video-preview:-1\" \/>\n<meta property=\"og:locale\" content=\"fr_FR\" \/>\n<meta property=\"og:type\" content=\"article\" \/>\n<meta property=\"og:title\" content=\"Volty: \u00ab Les subventions flamandes aux v\u00e9hicules \u00e9lectriques auraient pu \u00eatre plus g\u00e9n\u00e9reuses \u00bb - link2fleet\" \/>\n<meta property=\"og:description\" content=\"La d\u00e9claration du gouvernement flamand de septembre a montr\u00e9 qu&rsquo;une prime de 5.000 euros serait vers\u00e9e pour les nouvelles voitures \u00e9lectriques \u00e0 partir du 1er\u2026\" \/>\n<meta property=\"og:url\" content=\"https:\/\/www.link2fleet.com\/fr\/volty-les-subventions-flamandes-aux-vehicules-electriques-auraient-pu-etre-plus-genereuses\/\" \/>\n<meta property=\"og:site_name\" content=\"link2fleet\" \/>\n<meta property=\"article:published_time\" content=\"2023-09-27T05:18:11+00:00\" \/>\n<meta property=\"og:image\" content=\"https:\/\/static.link2fleet.com\/wp-content\/uploads\/2024\/03\/2022-01-electra-photo-42tif.jpg\" \/>\n\t<meta property=\"og:image:width\" content=\"2000\" \/>\n\t<meta property=\"og:image:height\" content=\"1333\" \/>\n\t<meta property=\"og:image:type\" content=\"image\/jpeg\" \/>\n<meta name=\"author\" content=\"Damien Malvetti\" \/>\n<meta name=\"twitter:card\" content=\"summary_large_image\" \/>\n<meta name=\"twitter:description\" content=\"La d\u00e9claration du gouvernement flamand de septembre a montr\u00e9 qu&rsquo;une prime de 5.000 euros serait vers\u00e9e pour les nouvelles voitures \u00e9lectriques \u00e0 partir du 1er\u2026\" \/>\n<meta name=\"twitter:label1\" content=\"\u00c9crit par\" \/>\n\t<meta name=\"twitter:data1\" content=\"Damien Malvetti\" \/>\n\t<meta name=\"twitter:label2\" content=\"Dur\u00e9e de lecture estim\u00e9e\" \/>\n\t<meta name=\"twitter:data2\" content=\"1 minute\" \/>\n<script type=\"application\/ld+json\" class=\"yoast-schema-graph\">{\"@context\":\"https:\\\/\\\/schema.org\",\"@graph\":[{\"@type\":\"Article\",\"@id\":\"https:\\\/\\\/www.link2fleet.com\\\/fr\\\/volty-les-subventions-flamandes-aux-vehicules-electriques-auraient-pu-etre-plus-genereuses\\\/#article\",\"isPartOf\":{\"@id\":\"https:\\\/\\\/www.link2fleet.com\\\/fr\\\/volty-les-subventions-flamandes-aux-vehicules-electriques-auraient-pu-etre-plus-genereuses\\\/\"},\"author\":{\"name\":\"Damien Malvetti\",\"@id\":\"https:\\\/\\\/www.link2fleet.com\\\/fr\\\/#\\\/schema\\\/person\\\/027cd46113c78036b3809c9a054049da\"},\"headline\":\"Volty: \u00ab Les subventions flamandes aux v\u00e9hicules \u00e9lectriques auraient pu \u00eatre plus g\u00e9n\u00e9reuses \u00bb\",\"datePublished\":\"2023-09-27T05:18:11+00:00\",\"mainEntityOfPage\":{\"@id\":\"https:\\\/\\\/www.link2fleet.com\\\/fr\\\/volty-les-subventions-flamandes-aux-vehicules-electriques-auraient-pu-etre-plus-genereuses\\\/\"},\"wordCount\":319,\"publisher\":{\"@id\":\"https:\\\/\\\/www.link2fleet.com\\\/fr\\\/#organization\"},\"image\":{\"@id\":\"https:\\\/\\\/www.link2fleet.com\\\/fr\\\/volty-les-subventions-flamandes-aux-vehicules-electriques-auraient-pu-etre-plus-genereuses\\\/#primaryimage\"},\"thumbnailUrl\":\"https:\\\/\\\/static.link2fleet.com\\\/wp-content\\\/uploads\\\/2024\\\/03\\\/2022-01-electra-photo-42tif.jpg\",\"articleSection\":[\"Gestion de flotte\",\"Tax &amp; legal\"],\"inLanguage\":\"fr-FR\"},{\"@type\":\"WebPage\",\"@id\":\"https:\\\/\\\/www.link2fleet.com\\\/fr\\\/volty-les-subventions-flamandes-aux-vehicules-electriques-auraient-pu-etre-plus-genereuses\\\/\",\"url\":\"https:\\\/\\\/www.link2fleet.com\\\/fr\\\/volty-les-subventions-flamandes-aux-vehicules-electriques-auraient-pu-etre-plus-genereuses\\\/\",\"name\":\"Volty: \u00ab Les subventions flamandes aux v\u00e9hicules \u00e9lectriques auraient pu \u00eatre plus g\u00e9n\u00e9reuses \u00bb - link2fleet\",\"isPartOf\":{\"@id\":\"https:\\\/\\\/www.link2fleet.com\\\/fr\\\/#website\"},\"primaryImageOfPage\":{\"@id\":\"https:\\\/\\\/www.link2fleet.com\\\/fr\\\/volty-les-subventions-flamandes-aux-vehicules-electriques-auraient-pu-etre-plus-genereuses\\\/#primaryimage\"},\"image\":{\"@id\":\"https:\\\/\\\/www.link2fleet.com\\\/fr\\\/volty-les-subventions-flamandes-aux-vehicules-electriques-auraient-pu-etre-plus-genereuses\\\/#primaryimage\"},\"thumbnailUrl\":\"https:\\\/\\\/static.link2fleet.com\\\/wp-content\\\/uploads\\\/2024\\\/03\\\/2022-01-electra-photo-42tif.jpg\",\"datePublished\":\"2023-09-27T05:18:11+00:00\",\"breadcrumb\":{\"@id\":\"https:\\\/\\\/www.link2fleet.com\\\/fr\\\/volty-les-subventions-flamandes-aux-vehicules-electriques-auraient-pu-etre-plus-genereuses\\\/#breadcrumb\"},\"inLanguage\":\"fr-FR\",\"potentialAction\":[{\"@type\":\"ReadAction\",\"target\":[\"https:\\\/\\\/www.link2fleet.com\\\/fr\\\/volty-les-subventions-flamandes-aux-vehicules-electriques-auraient-pu-etre-plus-genereuses\\\/\"]}]},{\"@type\":\"ImageObject\",\"inLanguage\":\"fr-FR\",\"@id\":\"https:\\\/\\\/www.link2fleet.com\\\/fr\\\/volty-les-subventions-flamandes-aux-vehicules-electriques-auraient-pu-etre-plus-genereuses\\\/#primaryimage\",\"url\":\"https:\\\/\\\/static.link2fleet.com\\\/wp-content\\\/uploads\\\/2024\\\/03\\\/2022-01-electra-photo-42tif.jpg\",\"contentUrl\":\"https:\\\/\\\/static.link2fleet.com\\\/wp-content\\\/uploads\\\/2024\\\/03\\\/2022-01-electra-photo-42tif.jpg\",\"width\":2000,\"height\":1333,\"caption\":\"ELECTRA - Reportage sur bornes de recharge de voiture\"},{\"@type\":\"BreadcrumbList\",\"@id\":\"https:\\\/\\\/www.link2fleet.com\\\/fr\\\/volty-les-subventions-flamandes-aux-vehicules-electriques-auraient-pu-etre-plus-genereuses\\\/#breadcrumb\",\"itemListElement\":[{\"@type\":\"ListItem\",\"position\":1,\"name\":\"Home\",\"item\":\"https:\\\/\\\/www.link2fleet.com\\\/fr\\\/\"},{\"@type\":\"ListItem\",\"position\":2,\"name\":\"Volty: \u00ab Les subventions flamandes aux v\u00e9hicules \u00e9lectriques auraient pu \u00eatre plus g\u00e9n\u00e9reuses \u00bb\"}]},{\"@type\":\"WebSite\",\"@id\":\"https:\\\/\\\/www.link2fleet.com\\\/fr\\\/#website\",\"url\":\"https:\\\/\\\/www.link2fleet.com\\\/fr\\\/\",\"name\":\"Link2fleet\",\"description\":\"\",\"publisher\":{\"@id\":\"https:\\\/\\\/www.link2fleet.com\\\/fr\\\/#organization\"},\"potentialAction\":[{\"@type\":\"SearchAction\",\"target\":{\"@type\":\"EntryPoint\",\"urlTemplate\":\"https:\\\/\\\/www.link2fleet.com\\\/fr\\\/?s={search_term_string}\"},\"query-input\":{\"@type\":\"PropertyValueSpecification\",\"valueRequired\":true,\"valueName\":\"search_term_string\"}}],\"inLanguage\":\"fr-FR\"},{\"@type\":\"Organization\",\"@id\":\"https:\\\/\\\/www.link2fleet.com\\\/fr\\\/#organization\",\"name\":\"Link2fleet\",\"url\":\"https:\\\/\\\/www.link2fleet.com\\\/fr\\\/\",\"logo\":{\"@type\":\"ImageObject\",\"inLanguage\":\"fr-FR\",\"@id\":\"https:\\\/\\\/www.link2fleet.com\\\/fr\\\/#\\\/schema\\\/logo\\\/image\\\/\",\"url\":\"https:\\\/\\\/static.link2fleet.com\\\/wp-content\\\/uploads\\\/2024\\\/03\\\/share-image.jpg\",\"contentUrl\":\"https:\\\/\\\/static.link2fleet.com\\\/wp-content\\\/uploads\\\/2024\\\/03\\\/share-image.jpg\",\"width\":1200,\"height\":630,\"caption\":\"Link2fleet\"},\"image\":{\"@id\":\"https:\\\/\\\/www.link2fleet.com\\\/fr\\\/#\\\/schema\\\/logo\\\/image\\\/\"},\"sameAs\":[\"https:\\\/\\\/www.linkedin.com\\\/company\\\/link2fleet-belgium\",\"https:\\\/\\\/www.youtube.com\\\/user\\\/MMMBMBE\"]},{\"@type\":\"Person\",\"@id\":\"https:\\\/\\\/www.link2fleet.com\\\/fr\\\/#\\\/schema\\\/person\\\/027cd46113c78036b3809c9a054049da\",\"name\":\"Damien Malvetti\",\"image\":{\"@type\":\"ImageObject\",\"inLanguage\":\"fr-FR\",\"@id\":\"https:\\\/\\\/secure.gravatar.com\\\/avatar\\\/dd8cc03b49466c735f753ac37f8caa371af16dfed347456ed61f02883255eebb?s=96&d=mm&r=g\",\"url\":\"https:\\\/\\\/secure.gravatar.com\\\/avatar\\\/dd8cc03b49466c735f753ac37f8caa371af16dfed347456ed61f02883255eebb?s=96&d=mm&r=g\",\"contentUrl\":\"https:\\\/\\\/secure.gravatar.com\\\/avatar\\\/dd8cc03b49466c735f753ac37f8caa371af16dfed347456ed61f02883255eebb?s=96&d=mm&r=g\",\"caption\":\"Damien Malvetti\"},\"description\":\"Damien Malvetti is opgeleid als journalist en gepassioneerd door wagens, technologie en mobiliteit. Hij is verantwoordelijk voor de redactionele inhoud van link2fleet en beschikt over een uitgebreide kennis van de fleet-sector en elektrische mobiliteit.\",\"sameAs\":[\"https:\\\/\\\/www.linkedin.com\\\/in\\\/damien-malvetti-56601142\\\/\"]}]}<\/script>\n<!-- \/ Yoast SEO plugin. -->","yoast_head_json":{"title":"Volty: \u00ab Les subventions flamandes aux v\u00e9hicules \u00e9lectriques auraient pu \u00eatre plus g\u00e9n\u00e9reuses \u00bb - link2fleet","description":"La d\u00e9claration du gouvernement flamand de septembre a montr\u00e9 qu&rsquo;une prime de 5.000 euros serait vers\u00e9e pour les nouvelles voitures \u00e9lectriques \u00e0 partir du 1er\u2026","robots":{"index":"index","follow":"follow","max-snippet":"max-snippet:-1","max-image-preview":"max-image-preview:large","max-video-preview":"max-video-preview:-1"},"og_locale":"fr_FR","og_type":"article","og_title":"Volty: \u00ab Les subventions flamandes aux v\u00e9hicules \u00e9lectriques auraient pu \u00eatre plus g\u00e9n\u00e9reuses \u00bb - link2fleet","og_description":"La d\u00e9claration du gouvernement flamand de septembre a montr\u00e9 qu&rsquo;une prime de 5.000 euros serait vers\u00e9e pour les nouvelles voitures \u00e9lectriques \u00e0 partir du 1er\u2026","og_url":"https:\/\/www.link2fleet.com\/fr\/volty-les-subventions-flamandes-aux-vehicules-electriques-auraient-pu-etre-plus-genereuses\/","og_site_name":"link2fleet","article_published_time":"2023-09-27T05:18:11+00:00","og_image":[{"width":2000,"height":1333,"url":"https:\/\/static.link2fleet.com\/wp-content\/uploads\/2024\/03\/2022-01-electra-photo-42tif.jpg","type":"image\/jpeg"}],"author":"Damien Malvetti","twitter_card":"summary_large_image","twitter_description":"La d\u00e9claration du gouvernement flamand de septembre a montr\u00e9 qu&rsquo;une prime de 5.000 euros serait vers\u00e9e pour les nouvelles voitures \u00e9lectriques \u00e0 partir du 1er\u2026","twitter_misc":{"\u00c9crit par":"Damien Malvetti","Dur\u00e9e de lecture estim\u00e9e":"1 minute"},"schema":{"@context":"https:\/\/schema.org","@graph":[{"@type":"Article","@id":"https:\/\/www.link2fleet.com\/fr\/volty-les-subventions-flamandes-aux-vehicules-electriques-auraient-pu-etre-plus-genereuses\/#article","isPartOf":{"@id":"https:\/\/www.link2fleet.com\/fr\/volty-les-subventions-flamandes-aux-vehicules-electriques-auraient-pu-etre-plus-genereuses\/"},"author":{"name":"Damien Malvetti","@id":"https:\/\/www.link2fleet.com\/fr\/#\/schema\/person\/027cd46113c78036b3809c9a054049da"},"headline":"Volty: \u00ab Les subventions flamandes aux v\u00e9hicules \u00e9lectriques auraient pu \u00eatre plus g\u00e9n\u00e9reuses \u00bb","datePublished":"2023-09-27T05:18:11+00:00","mainEntityOfPage":{"@id":"https:\/\/www.link2fleet.com\/fr\/volty-les-subventions-flamandes-aux-vehicules-electriques-auraient-pu-etre-plus-genereuses\/"},"wordCount":319,"publisher":{"@id":"https:\/\/www.link2fleet.com\/fr\/#organization"},"image":{"@id":"https:\/\/www.link2fleet.com\/fr\/volty-les-subventions-flamandes-aux-vehicules-electriques-auraient-pu-etre-plus-genereuses\/#primaryimage"},"thumbnailUrl":"https:\/\/static.link2fleet.com\/wp-content\/uploads\/2024\/03\/2022-01-electra-photo-42tif.jpg","articleSection":["Gestion de flotte","Tax &amp; legal"],"inLanguage":"fr-FR"},{"@type":"WebPage","@id":"https:\/\/www.link2fleet.com\/fr\/volty-les-subventions-flamandes-aux-vehicules-electriques-auraient-pu-etre-plus-genereuses\/","url":"https:\/\/www.link2fleet.com\/fr\/volty-les-subventions-flamandes-aux-vehicules-electriques-auraient-pu-etre-plus-genereuses\/","name":"Volty: \u00ab Les subventions flamandes aux v\u00e9hicules \u00e9lectriques auraient pu \u00eatre plus g\u00e9n\u00e9reuses \u00bb - link2fleet","isPartOf":{"@id":"https:\/\/www.link2fleet.com\/fr\/#website"},"primaryImageOfPage":{"@id":"https:\/\/www.link2fleet.com\/fr\/volty-les-subventions-flamandes-aux-vehicules-electriques-auraient-pu-etre-plus-genereuses\/#primaryimage"},"image":{"@id":"https:\/\/www.link2fleet.com\/fr\/volty-les-subventions-flamandes-aux-vehicules-electriques-auraient-pu-etre-plus-genereuses\/#primaryimage"},"thumbnailUrl":"https:\/\/static.link2fleet.com\/wp-content\/uploads\/2024\/03\/2022-01-electra-photo-42tif.jpg","datePublished":"2023-09-27T05:18:11+00:00","breadcrumb":{"@id":"https:\/\/www.link2fleet.com\/fr\/volty-les-subventions-flamandes-aux-vehicules-electriques-auraient-pu-etre-plus-genereuses\/#breadcrumb"},"inLanguage":"fr-FR","potentialAction":[{"@type":"ReadAction","target":["https:\/\/www.link2fleet.com\/fr\/volty-les-subventions-flamandes-aux-vehicules-electriques-auraient-pu-etre-plus-genereuses\/"]}]},{"@type":"ImageObject","inLanguage":"fr-FR","@id":"https:\/\/www.link2fleet.com\/fr\/volty-les-subventions-flamandes-aux-vehicules-electriques-auraient-pu-etre-plus-genereuses\/#primaryimage","url":"https:\/\/static.link2fleet.com\/wp-content\/uploads\/2024\/03\/2022-01-electra-photo-42tif.jpg","contentUrl":"https:\/\/static.link2fleet.com\/wp-content\/uploads\/2024\/03\/2022-01-electra-photo-42tif.jpg","width":2000,"height":1333,"caption":"ELECTRA - Reportage sur bornes de recharge de voiture"},{"@type":"BreadcrumbList","@id":"https:\/\/www.link2fleet.com\/fr\/volty-les-subventions-flamandes-aux-vehicules-electriques-auraient-pu-etre-plus-genereuses\/#breadcrumb","itemListElement":[{"@type":"ListItem","position":1,"name":"Home","item":"https:\/\/www.link2fleet.com\/fr\/"},{"@type":"ListItem","position":2,"name":"Volty: \u00ab Les subventions flamandes aux v\u00e9hicules \u00e9lectriques auraient pu \u00eatre plus g\u00e9n\u00e9reuses \u00bb"}]},{"@type":"WebSite","@id":"https:\/\/www.link2fleet.com\/fr\/#website","url":"https:\/\/www.link2fleet.com\/fr\/","name":"Link2fleet","description":"","publisher":{"@id":"https:\/\/www.link2fleet.com\/fr\/#organization"},"potentialAction":[{"@type":"SearchAction","target":{"@type":"EntryPoint","urlTemplate":"https:\/\/www.link2fleet.com\/fr\/?s={search_term_string}"},"query-input":{"@type":"PropertyValueSpecification","valueRequired":true,"valueName":"search_term_string"}}],"inLanguage":"fr-FR"},{"@type":"Organization","@id":"https:\/\/www.link2fleet.com\/fr\/#organization","name":"Link2fleet","url":"https:\/\/www.link2fleet.com\/fr\/","logo":{"@type":"ImageObject","inLanguage":"fr-FR","@id":"https:\/\/www.link2fleet.com\/fr\/#\/schema\/logo\/image\/","url":"https:\/\/static.link2fleet.com\/wp-content\/uploads\/2024\/03\/share-image.jpg","contentUrl":"https:\/\/static.link2fleet.com\/wp-content\/uploads\/2024\/03\/share-image.jpg","width":1200,"height":630,"caption":"Link2fleet"},"image":{"@id":"https:\/\/www.link2fleet.com\/fr\/#\/schema\/logo\/image\/"},"sameAs":["https:\/\/www.linkedin.com\/company\/link2fleet-belgium","https:\/\/www.youtube.com\/user\/MMMBMBE"]},{"@type":"Person","@id":"https:\/\/www.link2fleet.com\/fr\/#\/schema\/person\/027cd46113c78036b3809c9a054049da","name":"Damien Malvetti","image":{"@type":"ImageObject","inLanguage":"fr-FR","@id":"https:\/\/secure.gravatar.com\/avatar\/dd8cc03b49466c735f753ac37f8caa371af16dfed347456ed61f02883255eebb?s=96&d=mm&r=g","url":"https:\/\/secure.gravatar.com\/avatar\/dd8cc03b49466c735f753ac37f8caa371af16dfed347456ed61f02883255eebb?s=96&d=mm&r=g","contentUrl":"https:\/\/secure.gravatar.com\/avatar\/dd8cc03b49466c735f753ac37f8caa371af16dfed347456ed61f02883255eebb?s=96&d=mm&r=g","caption":"Damien Malvetti"},"description":"Damien Malvetti is opgeleid als journalist en gepassioneerd door wagens, technologie en mobiliteit. Hij is verantwoordelijk voor de redactionele inhoud van link2fleet en beschikt over een uitgebreide kennis van de fleet-sector en elektrische mobiliteit.","sameAs":["https:\/\/www.linkedin.com\/in\/damien-malvetti-56601142\/"]}]}},"_links":{"self":[{"href":"https:\/\/www.link2fleet.com\/fr\/wp-json\/wp\/v2\/posts\/10648","targetHints":{"allow":["GET"]}}],"collection":[{"href":"https:\/\/www.link2fleet.com\/fr\/wp-json\/wp\/v2\/posts"}],"about":[{"href":"https:\/\/www.link2fleet.com\/fr\/wp-json\/wp\/v2\/types\/post"}],"author":[{"embeddable":true,"href":"https:\/\/www.link2fleet.com\/fr\/wp-json\/wp\/v2\/users\/4"}],"replies":[{"embeddable":true,"href":"https:\/\/www.link2fleet.com\/fr\/wp-json\/wp\/v2\/comments?post=10648"}],"version-history":[{"count":0,"href":"https:\/\/www.link2fleet.com\/fr\/wp-json\/wp\/v2\/posts\/10648\/revisions"}],"wp:featuredmedia":[{"embeddable":true,"href":"https:\/\/www.link2fleet.com\/fr\/wp-json\/wp\/v2\/media\/7397"}],"wp:attachment":[{"href":"https:\/\/www.link2fleet.com\/fr\/wp-json\/wp\/v2\/media?parent=10648"}],"wp:term":[{"taxonomy":"category","embeddable":true,"href":"https:\/\/www.link2fleet.com\/fr\/wp-json\/wp\/v2\/categories?post=10648"},{"taxonomy":"post_tag","embeddable":true,"href":"https:\/\/www.link2fleet.com\/fr\/wp-json\/wp\/v2\/tags?post=10648"}],"curies":[{"name":"wp","href":"https:\/\/api.w.org\/{rel}","templated":true}]}}