{"id":10653,"date":"2023-09-27T09:21:05","date_gmt":"2023-09-27T07:21:05","guid":{"rendered":"https:\/\/www.link2fleet.com\/fleet-test-volkswagen-id-3-fin-prete\/"},"modified":"2024-04-12T15:13:38","modified_gmt":"2024-04-12T13:13:38","slug":"fleet-test-volkswagen-id-3-fin-prete","status":"publish","type":"post","link":"https:\/\/www.link2fleet.com\/fr\/fleet-test-volkswagen-id-3-fin-prete\/","title":{"rendered":"Fleet test Volkswagen ID.3: fin pr\u00eate !"},"content":{"rendered":"<p style=\"font-weight: 400;\">L\u2019ID.3 rev\u00eat une importance capitale dans la r\u00e9cente histoire de Volkswagen. Quelques ann\u00e9es apr\u00e8s le scandale du Dieselgate, elle constitua la premi\u00e8re \u00e9tape du virage \u00e9lectrique de la marque allemande. Premier mod\u00e8le du groupe Volkswagen \u00e0 \u00e9trenner la plate-forme technique MEB en 2019, elle fut aussi le premier membre de la famille ID et a depuis \u00e9t\u00e9 rejointe par les ID.4, ID.5, ID.6 (en Chine), ID.7 et ID.Buzz. On se souvient aussi que son d\u00e9but de carri\u00e8re fut compliqu\u00e9 avec quelques retards et une qualit\u00e9 de finition d\u00e9cevante.<\/p>\n<p style=\"font-weight: 400;\">Depuis son lancement, Volkswagen s\u2019est mis \u00e0 l\u2019\u00e9coute des clients et revient maintenant avec une version am\u00e9lior\u00e9e de l\u2019ID.3. Comme avec tout face-lift, le design ext\u00e9rieur a \u00e9t\u00e9 peaufin\u00e9 dans les d\u00e9tails avec notamment la suppression de la baguette noire sous le pare-brise ainsi qu\u2019un pare-chocs redessin\u00e9s mais, c\u2019est surtout \u00e0 l\u2019int\u00e9rieur que l\u2019on retrouve le plus de nouveaut\u00e9s.<\/p>\n<p><a href=\"https:\/\/www.link2fleet.com\/wp-content\/uploads\/2023\/09\/VW_ID3-4.jpg\"><img loading=\"lazy\" decoding=\"async\" class=\"aligncenter  wp-image-1296453\" src=\"https:\/\/www.link2fleet.com\/wp-content\/uploads\/2023\/09\/VW_ID3-4.jpg\" alt=\"\" width=\"390\" height=\"293\" \/><\/a><\/p>\n<p style=\"font-weight: 400;\">\n<p style=\"font-weight: 400;\"><strong>Finition revue<\/strong><\/p>\n<p style=\"font-weight: 400;\"><a href=\"https:\/\/www.link2fleet.com\/wp-content\/uploads\/2023\/09\/VW_ID3-1.jpg\"><img loading=\"lazy\" decoding=\"async\" class=\"wp-image-1296447 alignright\" src=\"https:\/\/www.link2fleet.com\/wp-content\/uploads\/2023\/09\/VW_ID3-1.jpg\" alt=\"\" width=\"327\" height=\"218\" \/><\/a>Bien que similaire au premier abord, l\u2019habitacle b\u00e9n\u00e9fice ainsi d\u2019une am\u00e9lioration notable de la qualit\u00e9. Les mat\u00e9riaux utilis\u00e9s se montrent plus valorisants et la finition se rapproche enfin des standards auxquels Volkswagen avait habitu\u00e9 sa client\u00e8le. Les plastiques (\u00e0 quelques exceptions pr\u00e8s) deviennent mouss\u00e9s tandis que l\u2019on note la pr\u00e9sence de surpiq\u00fbres ainsi que de si\u00e8ges au rev\u00eatement durable qui peuvent \u00eatre massants.<\/p>\n<p style=\"font-weight: 400;\">Accompagn\u00e9 d\u2019un petit \u00e9cran de 5,3 pouces situ\u00e9 derri\u00e8re le volant, l\u2019\u00e9cran central tactile de 12 pouces est d\u00e9sormais de s\u00e9rie et pilote une interface clarifi\u00e9e selon les suggestions de clients. La Volkswagen ID.3 continue n\u00e9anmoins \u00e0 avoir recours \u00e0 des commandes tactiles au volant et pour la climatisation.<\/p>\n<p style=\"font-weight: 400;\">\n<p style=\"font-weight: 400;\"><strong>\u00c9conome<\/strong><\/p>\n<p style=\"font-weight: 400;\">Toujours \u00e0 l\u2019aise en ville avec son diam\u00e8tre de braquage r\u00e9duit et une consommation tr\u00e8s raisonnable qui n\u2019a pas d\u00e9pass\u00e9 les 14,5 kWh lors de notre essai par temps chaud, l\u2019ID.3 peut aussi profiter de ses 204 chevaux pour offrir de belles performances en dehors des centres urbains. Techniquement, on retrouve toujours deux capacit\u00e9s de batteries\u00a0: 58 kWh pour 426 km d\u2019autonomie et 77 kWh pour 546 km d\u2019autonomie. Il est \u00e0 noter que jusque juin 2024, cette derni\u00e8re version n\u2019est propos\u00e9e qu\u2019en 4 places pour une question d\u2019homologation.<\/p>\n<p style=\"font-weight: 400;\"><a href=\"https:\/\/www.link2fleet.com\/wp-content\/uploads\/2023\/09\/VW_ID3-3.jpg\"><img loading=\"lazy\" decoding=\"async\" class=\"aligncenter  wp-image-1296451\" src=\"https:\/\/www.link2fleet.com\/wp-content\/uploads\/2023\/09\/VW_ID3-3-1024x683.jpg\" alt=\"\" width=\"531\" height=\"354\" \/><\/a><\/p>\n<p>&nbsp;<\/p>\n<p style=\"font-weight: 400;\"><strong>Bilan fleet<\/strong><\/p>\n<p style=\"font-weight: 400;\">Cette \u00ab\u00a0nouvelle\u00a0\u00bb Volkswagen ID.3 est finalement celle qui aurait pu \u00eatre pr\u00e9sent\u00e9e aux clients lors du lancement initial. Corrigeant ses d\u00e9fauts, elle montre que le constructeur allemand a su se mettre \u00e0 l\u2019\u00e9coute de ses clients.<\/p>\n<p>&nbsp;<\/p>\n<p><strong>Fiche technique<\/strong><\/p>\n<table style=\"font-weight: 400;\">\n<tbody>\n<tr>\n<td colspan=\"2\" width=\"604\"><strong>Volkswagen ID.3<\/strong><\/td>\n<\/tr>\n<tr>\n<td width=\"302\">Puissance moteur<\/td>\n<td width=\"302\">204 ch<\/td>\n<\/tr>\n<tr>\n<td width=\"302\">Batterie<\/td>\n<td width=\"302\">58 kWh ou 77 kWh<\/td>\n<\/tr>\n<tr>\n<td width=\"302\">Autonomie (WLTP)<\/td>\n<td width=\"302\">426 km \u00e0 546 km<\/td>\n<\/tr>\n<tr>\n<td width=\"302\">Volume du coffre<\/td>\n<td width=\"302\">385 l<\/td>\n<\/tr>\n<tr>\n<td width=\"302\">Consommation moyenne relev\u00e9e<\/td>\n<td width=\"302\">14,5 kWh\/100 km<\/td>\n<\/tr>\n<tr>\n<td width=\"302\">Vitesse maximale<\/td>\n<td width=\"302\">160 km\/h<\/td>\n<\/tr>\n<\/tbody>\n<\/table>\n<p style=\"font-weight: 400;\">\n<table style=\"font-weight: 400;\">\n<tbody>\n<tr>\n<td width=\"302\">Prix de base HTVA<\/td>\n<td width=\"302\">39.206 \u20ac<\/td>\n<\/tr>\n<tr>\n<td width=\"302\">Prix de base TVAC<\/td>\n<td width=\"302\">47.440 \u20ac<\/td>\n<\/tr>\n<tr>\n<td width=\"302\">TMC (Bruxelles, Wallonie, Leasing)<\/td>\n<td width=\"302\">61,5 \u20ac<\/td>\n<\/tr>\n<tr>\n<td width=\"302\">BIV (Flandre)<\/td>\n<td width=\"302\">0 \u20ac<\/td>\n<\/tr>\n<tr>\n<td width=\"302\">Taxe de roulage (Bruxelles, Wallonie, Leasing)<\/td>\n<td width=\"302\">97,68 \u20ac<\/td>\n<\/tr>\n<tr>\n<td width=\"302\">Taxe de roulage (Flandre)<\/td>\n<td width=\"302\">0 \u20ac<\/td>\n<\/tr>\n<tr>\n<td width=\"302\">ATN utilisateur<\/td>\n<td width=\"302\">1626,51 \u20ac\/an<\/td>\n<\/tr>\n<tr>\n<td width=\"302\">D\u00e9penses non-admises<\/td>\n<td width=\"302\">276,51 \u20ac<\/td>\n<\/tr>\n<tr>\n<td width=\"302\">Cotisation CO2<\/td>\n<td width=\"302\">31,34 \u20ac<\/td>\n<\/tr>\n<\/tbody>\n<\/table>\n<p style=\"font-weight: 400;\">\n\n","protected":false},"excerpt":{"rendered":"<p>L\u2019ID.3 rev\u00eat une importance capitale dans la r\u00e9cente histoire de Volkswagen. Quelques ann\u00e9es apr\u00e8s le scandale du Dieselgate, elle constitua la premi\u00e8re \u00e9tape du virage \u00e9lectrique de la marque allemande. Premier mod\u00e8le du groupe Volkswagen \u00e0 \u00e9trenner la plate-forme technique MEB en 2019, elle fut aussi le premier membre de la famille ID et a [&hellip;]<\/p>\n","protected":false},"author":42,"featured_media":10654,"comment_status":"closed","ping_status":"closed","sticky":false,"template":"","format":"standard","meta":{"_acf_changed":false,"footnotes":""},"categories":[134],"tags":[],"class_list":["post-10653","post","type-post","status-publish","format-standard","has-post-thumbnail","hentry","category-fleet-test"],"acf":[],"yoast_head":"<!-- This site is optimized with the Yoast SEO plugin v27.3 - https:\/\/yoast.com\/product\/yoast-seo-wordpress\/ -->\n<title>Fleet test Volkswagen ID.3: fin pr\u00eate ! - link2fleet<\/title>\n<meta name=\"description\" content=\"Deux ans et demi apr\u00e8s son lancement, la Volkswagen ID.3 connait d\u00e9j\u00e0 son premier face-lift. L\u2019occasion pour Volkswagen de corriger les d\u00e9fauts de jeunesse d\u2019un\u2026\" \/>\n<meta name=\"robots\" content=\"index, follow, max-snippet:-1, max-image-preview:large, max-video-preview:-1\" \/>\n<meta property=\"og:locale\" content=\"fr_FR\" \/>\n<meta property=\"og:type\" content=\"article\" \/>\n<meta property=\"og:title\" content=\"Fleet test Volkswagen ID.3: fin pr\u00eate ! - link2fleet\" \/>\n<meta property=\"og:description\" content=\"Deux ans et demi apr\u00e8s son lancement, la Volkswagen ID.3 connait d\u00e9j\u00e0 son premier face-lift. L\u2019occasion pour Volkswagen de corriger les d\u00e9fauts de jeunesse d\u2019un\u2026\" \/>\n<meta property=\"og:url\" content=\"https:\/\/www.link2fleet.com\/fr\/fleet-test-volkswagen-id-3-fin-prete\/\" \/>\n<meta property=\"og:site_name\" content=\"link2fleet\" \/>\n<meta property=\"article:published_time\" content=\"2023-09-27T07:21:05+00:00\" \/>\n<meta property=\"article:modified_time\" content=\"2024-04-12T13:13:38+00:00\" \/>\n<meta property=\"og:image\" content=\"https:\/\/static.link2fleet.com\/wp-content\/uploads\/2024\/03\/vw-id3-6.jpg\" \/>\n\t<meta property=\"og:image:width\" content=\"960\" \/>\n\t<meta property=\"og:image:height\" content=\"721\" \/>\n\t<meta property=\"og:image:type\" content=\"image\/jpeg\" \/>\n<meta name=\"author\" content=\"Nicolas Joann\u00e8s\" \/>\n<meta name=\"twitter:card\" content=\"summary_large_image\" \/>\n<meta name=\"twitter:description\" content=\"Deux ans et demi apr\u00e8s son lancement, la Volkswagen ID.3 connait d\u00e9j\u00e0 son premier face-lift. L\u2019occasion pour Volkswagen de corriger les d\u00e9fauts de jeunesse d\u2019un\u2026\" \/>\n<meta name=\"twitter:label1\" content=\"\u00c9crit par\" \/>\n\t<meta name=\"twitter:data1\" content=\"Nicolas Joann\u00e8s\" \/>\n\t<meta name=\"twitter:label2\" content=\"Dur\u00e9e de lecture estim\u00e9e\" \/>\n\t<meta name=\"twitter:data2\" content=\"3 minutes\" \/>\n<script type=\"application\/ld+json\" class=\"yoast-schema-graph\">{\"@context\":\"https:\\\/\\\/schema.org\",\"@graph\":[{\"@type\":\"Article\",\"@id\":\"https:\\\/\\\/www.link2fleet.com\\\/fr\\\/fleet-test-volkswagen-id-3-fin-prete\\\/#article\",\"isPartOf\":{\"@id\":\"https:\\\/\\\/www.link2fleet.com\\\/fr\\\/fleet-test-volkswagen-id-3-fin-prete\\\/\"},\"author\":{\"name\":\"Nicolas Joann\u00e8s\",\"@id\":\"https:\\\/\\\/www.link2fleet.com\\\/fr\\\/#\\\/schema\\\/person\\\/b8813ee0a6f450e6cd75455dbba47a8e\"},\"headline\":\"Fleet test Volkswagen ID.3: fin pr\u00eate !\",\"datePublished\":\"2023-09-27T07:21:05+00:00\",\"dateModified\":\"2024-04-12T13:13:38+00:00\",\"mainEntityOfPage\":{\"@id\":\"https:\\\/\\\/www.link2fleet.com\\\/fr\\\/fleet-test-volkswagen-id-3-fin-prete\\\/\"},\"wordCount\":673,\"publisher\":{\"@id\":\"https:\\\/\\\/www.link2fleet.com\\\/fr\\\/#organization\"},\"image\":{\"@id\":\"https:\\\/\\\/www.link2fleet.com\\\/fr\\\/fleet-test-volkswagen-id-3-fin-prete\\\/#primaryimage\"},\"thumbnailUrl\":\"https:\\\/\\\/static.link2fleet.com\\\/wp-content\\\/uploads\\\/2024\\\/03\\\/vw-id3-6.jpg\",\"articleSection\":[\"Essais fleet\"],\"inLanguage\":\"fr-FR\"},{\"@type\":\"WebPage\",\"@id\":\"https:\\\/\\\/www.link2fleet.com\\\/fr\\\/fleet-test-volkswagen-id-3-fin-prete\\\/\",\"url\":\"https:\\\/\\\/www.link2fleet.com\\\/fr\\\/fleet-test-volkswagen-id-3-fin-prete\\\/\",\"name\":\"Fleet test Volkswagen ID.3: fin pr\u00eate ! - link2fleet\",\"isPartOf\":{\"@id\":\"https:\\\/\\\/www.link2fleet.com\\\/fr\\\/#website\"},\"primaryImageOfPage\":{\"@id\":\"https:\\\/\\\/www.link2fleet.com\\\/fr\\\/fleet-test-volkswagen-id-3-fin-prete\\\/#primaryimage\"},\"image\":{\"@id\":\"https:\\\/\\\/www.link2fleet.com\\\/fr\\\/fleet-test-volkswagen-id-3-fin-prete\\\/#primaryimage\"},\"thumbnailUrl\":\"https:\\\/\\\/static.link2fleet.com\\\/wp-content\\\/uploads\\\/2024\\\/03\\\/vw-id3-6.jpg\",\"datePublished\":\"2023-09-27T07:21:05+00:00\",\"dateModified\":\"2024-04-12T13:13:38+00:00\",\"breadcrumb\":{\"@id\":\"https:\\\/\\\/www.link2fleet.com\\\/fr\\\/fleet-test-volkswagen-id-3-fin-prete\\\/#breadcrumb\"},\"inLanguage\":\"fr-FR\",\"potentialAction\":[{\"@type\":\"ReadAction\",\"target\":[\"https:\\\/\\\/www.link2fleet.com\\\/fr\\\/fleet-test-volkswagen-id-3-fin-prete\\\/\"]}]},{\"@type\":\"ImageObject\",\"inLanguage\":\"fr-FR\",\"@id\":\"https:\\\/\\\/www.link2fleet.com\\\/fr\\\/fleet-test-volkswagen-id-3-fin-prete\\\/#primaryimage\",\"url\":\"https:\\\/\\\/static.link2fleet.com\\\/wp-content\\\/uploads\\\/2024\\\/03\\\/vw-id3-6.jpg\",\"contentUrl\":\"https:\\\/\\\/static.link2fleet.com\\\/wp-content\\\/uploads\\\/2024\\\/03\\\/vw-id3-6.jpg\",\"width\":960,\"height\":721,\"caption\":\"|Martin Meiners|Martin Meiners||||\"},{\"@type\":\"BreadcrumbList\",\"@id\":\"https:\\\/\\\/www.link2fleet.com\\\/fr\\\/fleet-test-volkswagen-id-3-fin-prete\\\/#breadcrumb\",\"itemListElement\":[{\"@type\":\"ListItem\",\"position\":1,\"name\":\"Home\",\"item\":\"https:\\\/\\\/www.link2fleet.com\\\/fr\\\/\"},{\"@type\":\"ListItem\",\"position\":2,\"name\":\"Fleet test Volkswagen ID.3: fin pr\u00eate !\"}]},{\"@type\":\"WebSite\",\"@id\":\"https:\\\/\\\/www.link2fleet.com\\\/fr\\\/#website\",\"url\":\"https:\\\/\\\/www.link2fleet.com\\\/fr\\\/\",\"name\":\"Link2fleet\",\"description\":\"\",\"publisher\":{\"@id\":\"https:\\\/\\\/www.link2fleet.com\\\/fr\\\/#organization\"},\"potentialAction\":[{\"@type\":\"SearchAction\",\"target\":{\"@type\":\"EntryPoint\",\"urlTemplate\":\"https:\\\/\\\/www.link2fleet.com\\\/fr\\\/?s={search_term_string}\"},\"query-input\":{\"@type\":\"PropertyValueSpecification\",\"valueRequired\":true,\"valueName\":\"search_term_string\"}}],\"inLanguage\":\"fr-FR\"},{\"@type\":\"Organization\",\"@id\":\"https:\\\/\\\/www.link2fleet.com\\\/fr\\\/#organization\",\"name\":\"Link2fleet\",\"url\":\"https:\\\/\\\/www.link2fleet.com\\\/fr\\\/\",\"logo\":{\"@type\":\"ImageObject\",\"inLanguage\":\"fr-FR\",\"@id\":\"https:\\\/\\\/www.link2fleet.com\\\/fr\\\/#\\\/schema\\\/logo\\\/image\\\/\",\"url\":\"https:\\\/\\\/static.link2fleet.com\\\/wp-content\\\/uploads\\\/2024\\\/03\\\/share-image.jpg\",\"contentUrl\":\"https:\\\/\\\/static.link2fleet.com\\\/wp-content\\\/uploads\\\/2024\\\/03\\\/share-image.jpg\",\"width\":1200,\"height\":630,\"caption\":\"Link2fleet\"},\"image\":{\"@id\":\"https:\\\/\\\/www.link2fleet.com\\\/fr\\\/#\\\/schema\\\/logo\\\/image\\\/\"},\"sameAs\":[\"https:\\\/\\\/www.linkedin.com\\\/company\\\/link2fleet-belgium\",\"https:\\\/\\\/www.youtube.com\\\/user\\\/MMMBMBE\"]},{\"@type\":\"Person\",\"@id\":\"https:\\\/\\\/www.link2fleet.com\\\/fr\\\/#\\\/schema\\\/person\\\/b8813ee0a6f450e6cd75455dbba47a8e\",\"name\":\"Nicolas Joann\u00e8s\",\"image\":{\"@type\":\"ImageObject\",\"inLanguage\":\"fr-FR\",\"@id\":\"https:\\\/\\\/secure.gravatar.com\\\/avatar\\\/4caed4b5913af1e8279861768044cdbb60548043f60da4153a8dd29f9520bb7f?s=96&d=mm&r=g\",\"url\":\"https:\\\/\\\/secure.gravatar.com\\\/avatar\\\/4caed4b5913af1e8279861768044cdbb60548043f60da4153a8dd29f9520bb7f?s=96&d=mm&r=g\",\"contentUrl\":\"https:\\\/\\\/secure.gravatar.com\\\/avatar\\\/4caed4b5913af1e8279861768044cdbb60548043f60da4153a8dd29f9520bb7f?s=96&d=mm&r=g\",\"caption\":\"Nicolas Joann\u00e8s\"}}]}<\/script>\n<!-- \/ Yoast SEO plugin. -->","yoast_head_json":{"title":"Fleet test Volkswagen ID.3: fin pr\u00eate ! - link2fleet","description":"Deux ans et demi apr\u00e8s son lancement, la Volkswagen ID.3 connait d\u00e9j\u00e0 son premier face-lift. L\u2019occasion pour Volkswagen de corriger les d\u00e9fauts de jeunesse d\u2019un\u2026","robots":{"index":"index","follow":"follow","max-snippet":"max-snippet:-1","max-image-preview":"max-image-preview:large","max-video-preview":"max-video-preview:-1"},"og_locale":"fr_FR","og_type":"article","og_title":"Fleet test Volkswagen ID.3: fin pr\u00eate ! - link2fleet","og_description":"Deux ans et demi apr\u00e8s son lancement, la Volkswagen ID.3 connait d\u00e9j\u00e0 son premier face-lift. L\u2019occasion pour Volkswagen de corriger les d\u00e9fauts de jeunesse d\u2019un\u2026","og_url":"https:\/\/www.link2fleet.com\/fr\/fleet-test-volkswagen-id-3-fin-prete\/","og_site_name":"link2fleet","article_published_time":"2023-09-27T07:21:05+00:00","article_modified_time":"2024-04-12T13:13:38+00:00","og_image":[{"width":960,"height":721,"url":"https:\/\/static.link2fleet.com\/wp-content\/uploads\/2024\/03\/vw-id3-6.jpg","type":"image\/jpeg"}],"author":"Nicolas Joann\u00e8s","twitter_card":"summary_large_image","twitter_description":"Deux ans et demi apr\u00e8s son lancement, la Volkswagen ID.3 connait d\u00e9j\u00e0 son premier face-lift. L\u2019occasion pour Volkswagen de corriger les d\u00e9fauts de jeunesse d\u2019un\u2026","twitter_misc":{"\u00c9crit par":"Nicolas Joann\u00e8s","Dur\u00e9e de lecture estim\u00e9e":"3 minutes"},"schema":{"@context":"https:\/\/schema.org","@graph":[{"@type":"Article","@id":"https:\/\/www.link2fleet.com\/fr\/fleet-test-volkswagen-id-3-fin-prete\/#article","isPartOf":{"@id":"https:\/\/www.link2fleet.com\/fr\/fleet-test-volkswagen-id-3-fin-prete\/"},"author":{"name":"Nicolas Joann\u00e8s","@id":"https:\/\/www.link2fleet.com\/fr\/#\/schema\/person\/b8813ee0a6f450e6cd75455dbba47a8e"},"headline":"Fleet test Volkswagen ID.3: fin pr\u00eate !","datePublished":"2023-09-27T07:21:05+00:00","dateModified":"2024-04-12T13:13:38+00:00","mainEntityOfPage":{"@id":"https:\/\/www.link2fleet.com\/fr\/fleet-test-volkswagen-id-3-fin-prete\/"},"wordCount":673,"publisher":{"@id":"https:\/\/www.link2fleet.com\/fr\/#organization"},"image":{"@id":"https:\/\/www.link2fleet.com\/fr\/fleet-test-volkswagen-id-3-fin-prete\/#primaryimage"},"thumbnailUrl":"https:\/\/static.link2fleet.com\/wp-content\/uploads\/2024\/03\/vw-id3-6.jpg","articleSection":["Essais fleet"],"inLanguage":"fr-FR"},{"@type":"WebPage","@id":"https:\/\/www.link2fleet.com\/fr\/fleet-test-volkswagen-id-3-fin-prete\/","url":"https:\/\/www.link2fleet.com\/fr\/fleet-test-volkswagen-id-3-fin-prete\/","name":"Fleet test Volkswagen ID.3: fin pr\u00eate ! - link2fleet","isPartOf":{"@id":"https:\/\/www.link2fleet.com\/fr\/#website"},"primaryImageOfPage":{"@id":"https:\/\/www.link2fleet.com\/fr\/fleet-test-volkswagen-id-3-fin-prete\/#primaryimage"},"image":{"@id":"https:\/\/www.link2fleet.com\/fr\/fleet-test-volkswagen-id-3-fin-prete\/#primaryimage"},"thumbnailUrl":"https:\/\/static.link2fleet.com\/wp-content\/uploads\/2024\/03\/vw-id3-6.jpg","datePublished":"2023-09-27T07:21:05+00:00","dateModified":"2024-04-12T13:13:38+00:00","breadcrumb":{"@id":"https:\/\/www.link2fleet.com\/fr\/fleet-test-volkswagen-id-3-fin-prete\/#breadcrumb"},"inLanguage":"fr-FR","potentialAction":[{"@type":"ReadAction","target":["https:\/\/www.link2fleet.com\/fr\/fleet-test-volkswagen-id-3-fin-prete\/"]}]},{"@type":"ImageObject","inLanguage":"fr-FR","@id":"https:\/\/www.link2fleet.com\/fr\/fleet-test-volkswagen-id-3-fin-prete\/#primaryimage","url":"https:\/\/static.link2fleet.com\/wp-content\/uploads\/2024\/03\/vw-id3-6.jpg","contentUrl":"https:\/\/static.link2fleet.com\/wp-content\/uploads\/2024\/03\/vw-id3-6.jpg","width":960,"height":721,"caption":"|Martin Meiners|Martin Meiners||||"},{"@type":"BreadcrumbList","@id":"https:\/\/www.link2fleet.com\/fr\/fleet-test-volkswagen-id-3-fin-prete\/#breadcrumb","itemListElement":[{"@type":"ListItem","position":1,"name":"Home","item":"https:\/\/www.link2fleet.com\/fr\/"},{"@type":"ListItem","position":2,"name":"Fleet test Volkswagen ID.3: fin pr\u00eate !"}]},{"@type":"WebSite","@id":"https:\/\/www.link2fleet.com\/fr\/#website","url":"https:\/\/www.link2fleet.com\/fr\/","name":"Link2fleet","description":"","publisher":{"@id":"https:\/\/www.link2fleet.com\/fr\/#organization"},"potentialAction":[{"@type":"SearchAction","target":{"@type":"EntryPoint","urlTemplate":"https:\/\/www.link2fleet.com\/fr\/?s={search_term_string}"},"query-input":{"@type":"PropertyValueSpecification","valueRequired":true,"valueName":"search_term_string"}}],"inLanguage":"fr-FR"},{"@type":"Organization","@id":"https:\/\/www.link2fleet.com\/fr\/#organization","name":"Link2fleet","url":"https:\/\/www.link2fleet.com\/fr\/","logo":{"@type":"ImageObject","inLanguage":"fr-FR","@id":"https:\/\/www.link2fleet.com\/fr\/#\/schema\/logo\/image\/","url":"https:\/\/static.link2fleet.com\/wp-content\/uploads\/2024\/03\/share-image.jpg","contentUrl":"https:\/\/static.link2fleet.com\/wp-content\/uploads\/2024\/03\/share-image.jpg","width":1200,"height":630,"caption":"Link2fleet"},"image":{"@id":"https:\/\/www.link2fleet.com\/fr\/#\/schema\/logo\/image\/"},"sameAs":["https:\/\/www.linkedin.com\/company\/link2fleet-belgium","https:\/\/www.youtube.com\/user\/MMMBMBE"]},{"@type":"Person","@id":"https:\/\/www.link2fleet.com\/fr\/#\/schema\/person\/b8813ee0a6f450e6cd75455dbba47a8e","name":"Nicolas Joann\u00e8s","image":{"@type":"ImageObject","inLanguage":"fr-FR","@id":"https:\/\/secure.gravatar.com\/avatar\/4caed4b5913af1e8279861768044cdbb60548043f60da4153a8dd29f9520bb7f?s=96&d=mm&r=g","url":"https:\/\/secure.gravatar.com\/avatar\/4caed4b5913af1e8279861768044cdbb60548043f60da4153a8dd29f9520bb7f?s=96&d=mm&r=g","contentUrl":"https:\/\/secure.gravatar.com\/avatar\/4caed4b5913af1e8279861768044cdbb60548043f60da4153a8dd29f9520bb7f?s=96&d=mm&r=g","caption":"Nicolas Joann\u00e8s"}}]}},"_links":{"self":[{"href":"https:\/\/www.link2fleet.com\/fr\/wp-json\/wp\/v2\/posts\/10653","targetHints":{"allow":["GET"]}}],"collection":[{"href":"https:\/\/www.link2fleet.com\/fr\/wp-json\/wp\/v2\/posts"}],"about":[{"href":"https:\/\/www.link2fleet.com\/fr\/wp-json\/wp\/v2\/types\/post"}],"author":[{"embeddable":true,"href":"https:\/\/www.link2fleet.com\/fr\/wp-json\/wp\/v2\/users\/42"}],"replies":[{"embeddable":true,"href":"https:\/\/www.link2fleet.com\/fr\/wp-json\/wp\/v2\/comments?post=10653"}],"version-history":[{"count":0,"href":"https:\/\/www.link2fleet.com\/fr\/wp-json\/wp\/v2\/posts\/10653\/revisions"}],"wp:featuredmedia":[{"embeddable":true,"href":"https:\/\/www.link2fleet.com\/fr\/wp-json\/wp\/v2\/media\/10654"}],"wp:attachment":[{"href":"https:\/\/www.link2fleet.com\/fr\/wp-json\/wp\/v2\/media?parent=10653"}],"wp:term":[{"taxonomy":"category","embeddable":true,"href":"https:\/\/www.link2fleet.com\/fr\/wp-json\/wp\/v2\/categories?post=10653"},{"taxonomy":"post_tag","embeddable":true,"href":"https:\/\/www.link2fleet.com\/fr\/wp-json\/wp\/v2\/tags?post=10653"}],"curies":[{"name":"wp","href":"https:\/\/api.w.org\/{rel}","templated":true}]}}