{"id":10885,"date":"2023-10-13T12:30:31","date_gmt":"2023-10-13T10:30:31","guid":{"rendered":"https:\/\/www.link2fleet.com\/mercedes-benz-et-eneco-annoncent-un-partenariat-a-lechelle-du-benelux-pour-developper-des-solutions-de-recharge\/"},"modified":"2023-10-13T12:30:31","modified_gmt":"2023-10-13T10:30:31","slug":"mercedes-benz-et-eneco-annoncent-un-partenariat-a-lechelle-du-benelux-pour-developper-des-solutions-de-recharge","status":"publish","type":"post","link":"https:\/\/www.link2fleet.com\/fr\/mercedes-benz-et-eneco-annoncent-un-partenariat-a-lechelle-du-benelux-pour-developper-des-solutions-de-recharge\/","title":{"rendered":"Mercedes-Benz et Eneco annoncent un partenariat \u00e0 l\u2019\u00e9chelle du Benelux pour d\u00e9velopper des solutions de recharge"},"content":{"rendered":"<p>Afin d\u2019aider les clients \u00e0 passer sans difficult\u00e9 \u00e0 la conduite \u00e9lectrique, Mercedes-Benz et Eneco unissent leurs forces pour proposer des solutions de recharge intelligentes. L\u2019objectif est de permettre aux clients de Mercedes-Benz de profiter de tous les avantages de la conduite \u00e9lectrique sans complexit\u00e9. Via un processus simple &#8211; et en un seul clic &#8211; le concessionnaire Mercedes-Benz peut demander une nouvelle infrastructure de recharge pour le client et mettre en \u0153uvre l\u2019installation. La recharge et la conduite vertes sont donc faciles \u00e0 r\u00e9aliser et la transition devient tr\u00e8s simple pour le client.<\/p>\n<p>\u00ab\u00a0Nous nous r\u00e9jouissons de ce partenariat avec Mercedes-Benz\u00a0\u00bb, a d\u00e9clar\u00e9 Leonie Baneke, CEO Eneco eMobility. \u00ab\u00a0Cela nous permettra de proposer aux clients, en collaboration avec un pionnier de la conduite \u00e9lectrique, une transition fluide vers la mobilit\u00e9 durable.\u00a0\u00bb<\/p>\n<p>Claire D\u2019Haese, Manager Online to Offline Operations de Mercedes-Benz Belgium Luxembourg et Mercedes-Benz Pays-Bas, \u00e0 propos du partenariat\u00a0: \u00ab\u2009Nous avons trouv\u00e9 en Eneco un partenaire fiable pour offrir des solutions de recharge. Tout comme Mercedes-Benz, Eneco a des ambitions claires en mati\u00e8re d\u2019avenir durable et nous aide \u00e0 offrir un soutien complet au client dans sa transition vers la mobilit\u00e9 \u00e9lectrique.\u2009\u00bb<\/p>\n<p>Avec l\u2019installation wallbox d\u2019Eneco, les deux partenaires s\u2019occupent de tout en ce qui concerne la recharge de la voiture \u00e0 domicile\u00a0: des premiers conseils sur la solution de recharge \u00e0 l\u2019utilisation finale, en passant par l\u2019installation physique. Chaque installation wallbox se compose d\u2019une borne de recharge triphas\u00e9e, d\u2019un c\u00e2blage triphas\u00e9, d\u2019un c\u00e2ble de donn\u00e9es et d\u2019une carte de recharge pour pouvoir charger intelligemment. L\u2019installation est p\u00e9renne. En effet, si les besoins de recharge du client \u00e9voluent dans le futur, aucune modification substantielle de l\u2019infrastructure ne sera n\u00e9cessaire.<\/p>\n<p>Eneco met en outre l\u2019application SmartCharge \u00e0 la disposition des nouveaux conducteurs d\u2019EV. Cette application renseigne l\u2019utilisateur sur les moments les plus avantageux de la journ\u00e9e pour recharger. Si le domicile du client est \u00e9quip\u00e9 de panneaux solaires, ce dernier peut aussi charger son v\u00e9hicule avec l\u2019\u00e9nergie de ses panneaux. Il peut donc toujours charger de mani\u00e8re durable et avantageuse.<\/p>\n<p>D\u00e8s que le client est en d\u00e9placement, l\u2019application \u00ab\u2009Mercedes me\u2009\u00bb lui propose des solutions\u00a0: il y trouvera toutes les informations sur le statut de la batterie, les possibilit\u00e9s de recharge dans les environs et les stations Plug &amp; Charge. En outre, l\u2019application \u00ab\u2009Mercedes me Eco Coach\u2009\u00bb est disponible en tant que coach personnel pour aider l\u2019automobiliste \u00e0 conduire et recharger sa voiture \u00e9lectrique de mani\u00e8re encore plus efficace.<\/p>\n<p>Ambition\u00a02039<\/p>\n<p>L\u2019ambition de Mercedes-Benz en mati\u00e8re de durabilit\u00e9 est claire\u00a0: l\u2019objectif est de proposer, \u00e0 partir de 2039, une gamme de produits dont le bilan carbone est neutre sur l\u2019ensemble de la cha\u00eene de valeur et du cycle de vie. L\u2019int\u00e9gralit\u00e9 de la cha\u00eene de valeur est prise en compte\u00a0: du d\u00e9veloppement aux fournisseurs, en passant par la production interne, l\u2019\u00e9lectrification des produits, les sources d\u2019\u00e9nergie renouvelables dans la phase d\u2019utilisation des v\u00e9hicules \u00e9lectriques et le recyclage des v\u00e9hicules pour boucler la boucle. D\u2019ici \u00e0 la fin de la d\u00e9cennie, Mercedes-Benz ambitionne de proposer des mod\u00e8les tout \u00e9lectriques partout o\u00f9 les conditions du march\u00e9 le permettent. Eneco, qui s\u2019est fix\u00e9 l\u2019ambition claire d\u2019atteindre la neutralit\u00e9 climatique d\u2019ici 2035 avec son plan One Planet, soutient Mercedes-Benz afin de continuer \u00e0 fa\u00e7onner l\u2019avenir de la mobilit\u00e9 durable.<\/p>\n<p>Le plan One Planet d\u2019Eneco<\/p>\n<p>Eneco vise la neutralit\u00e9 climatique en 2035, tant dans le cadre de ses propres activit\u00e9s que pour l\u2019\u00e9nergie fournie \u00e0 ses clients. Afin d\u2019atteindre cet objectif, Eneco est en pleine mutation\u00a0: augmentation de la capacit\u00e9 de l\u2019\u00e9nergie solaire et de l\u2019\u00e9nergie \u00e9olienne, fourniture d\u2019\u00e9lectricit\u00e9 100\u00a0% verte non seulement aux particuliers, mais aussi aux clients professionnels en 2030, capacit\u00e9 de production flexible existante exempte de CO<sub>2<\/sub> et fourniture de chaleur plus durable \u00e0 ses clients.<\/p>\n","protected":false},"excerpt":{"rendered":"<p>Afin d\u2019aider les clients \u00e0 passer sans difficult\u00e9 \u00e0 la conduite \u00e9lectrique, Mercedes-Benz et Eneco unissent leurs forces pour proposer des solutions de recharge intelligentes. L\u2019objectif est de permettre aux clients de Mercedes-Benz de profiter de tous les avantages de la conduite \u00e9lectrique sans complexit\u00e9. Via un processus simple &#8211; et en un seul clic [&hellip;]<\/p>\n","protected":false},"author":4,"featured_media":10886,"comment_status":"closed","ping_status":"closed","sticky":false,"template":"","format":"standard","meta":{"_acf_changed":false,"footnotes":""},"categories":[81,91,77,76],"tags":[],"class_list":["post-10885","post","type-post","status-publish","format-standard","has-post-thumbnail","hentry","category-gestion-de-carburant-et-energie","category-expertise-et-management","category-importateurs-et-constructeurs-automobiles-vp","category-car"],"acf":[],"yoast_head":"<!-- This site is optimized with the Yoast SEO plugin v27.3 - https:\/\/yoast.com\/product\/yoast-seo-wordpress\/ -->\n<title>Mercedes-Benz et Eneco annoncent un partenariat \u00e0 l\u2019\u00e9chelle du Benelux pour d\u00e9velopper des solutions de recharge - link2fleet<\/title>\n<meta name=\"description\" content=\"Mercedes-Benz Belgique Luxembourg &#038; Pays-Bas et Eneco entament un partenariat strat\u00e9gique dans le domaine des solutions de recharge afin de soutenir les clients dans une\u2026\" \/>\n<meta name=\"robots\" content=\"index, follow, max-snippet:-1, max-image-preview:large, max-video-preview:-1\" \/>\n<meta property=\"og:locale\" content=\"fr_FR\" \/>\n<meta property=\"og:type\" content=\"article\" \/>\n<meta property=\"og:title\" content=\"Mercedes-Benz et Eneco annoncent un partenariat \u00e0 l\u2019\u00e9chelle du Benelux pour d\u00e9velopper des solutions de recharge - link2fleet\" \/>\n<meta property=\"og:description\" content=\"Mercedes-Benz Belgique Luxembourg &#038; Pays-Bas et Eneco entament un partenariat strat\u00e9gique dans le domaine des solutions de recharge afin de soutenir les clients dans une\u2026\" \/>\n<meta property=\"og:url\" content=\"https:\/\/www.link2fleet.com\/fr\/mercedes-benz-et-eneco-annoncent-un-partenariat-a-lechelle-du-benelux-pour-developper-des-solutions-de-recharge\/\" \/>\n<meta property=\"og:site_name\" content=\"link2fleet\" \/>\n<meta property=\"article:published_time\" content=\"2023-10-13T10:30:31+00:00\" \/>\n<meta property=\"og:image\" content=\"https:\/\/static.link2fleet.com\/wp-content\/uploads\/2024\/03\/borne.jpg\" \/>\n\t<meta property=\"og:image:width\" content=\"1800\" \/>\n\t<meta property=\"og:image:height\" content=\"1200\" \/>\n\t<meta property=\"og:image:type\" content=\"image\/jpeg\" \/>\n<meta name=\"author\" content=\"Damien Malvetti\" \/>\n<meta name=\"twitter:card\" content=\"summary_large_image\" \/>\n<meta name=\"twitter:description\" content=\"Mercedes-Benz Belgique Luxembourg &#038; Pays-Bas et Eneco entament un partenariat strat\u00e9gique dans le domaine des solutions de recharge afin de soutenir les clients dans une\u2026\" \/>\n<meta name=\"twitter:label1\" content=\"\u00c9crit par\" \/>\n\t<meta name=\"twitter:data1\" content=\"Damien Malvetti\" \/>\n\t<meta name=\"twitter:label2\" content=\"Dur\u00e9e de lecture estim\u00e9e\" \/>\n\t<meta name=\"twitter:data2\" content=\"3 minutes\" \/>\n<script type=\"application\/ld+json\" class=\"yoast-schema-graph\">{\"@context\":\"https:\\\/\\\/schema.org\",\"@graph\":[{\"@type\":\"Article\",\"@id\":\"https:\\\/\\\/www.link2fleet.com\\\/fr\\\/mercedes-benz-et-eneco-annoncent-un-partenariat-a-lechelle-du-benelux-pour-developper-des-solutions-de-recharge\\\/#article\",\"isPartOf\":{\"@id\":\"https:\\\/\\\/www.link2fleet.com\\\/fr\\\/mercedes-benz-et-eneco-annoncent-un-partenariat-a-lechelle-du-benelux-pour-developper-des-solutions-de-recharge\\\/\"},\"author\":{\"name\":\"Damien Malvetti\",\"@id\":\"https:\\\/\\\/www.link2fleet.com\\\/fr\\\/#\\\/schema\\\/person\\\/027cd46113c78036b3809c9a054049da\"},\"headline\":\"Mercedes-Benz et Eneco annoncent un partenariat \u00e0 l\u2019\u00e9chelle du Benelux pour d\u00e9velopper des solutions de recharge\",\"datePublished\":\"2023-10-13T10:30:31+00:00\",\"mainEntityOfPage\":{\"@id\":\"https:\\\/\\\/www.link2fleet.com\\\/fr\\\/mercedes-benz-et-eneco-annoncent-un-partenariat-a-lechelle-du-benelux-pour-developper-des-solutions-de-recharge\\\/\"},\"wordCount\":691,\"publisher\":{\"@id\":\"https:\\\/\\\/www.link2fleet.com\\\/fr\\\/#organization\"},\"image\":{\"@id\":\"https:\\\/\\\/www.link2fleet.com\\\/fr\\\/mercedes-benz-et-eneco-annoncent-un-partenariat-a-lechelle-du-benelux-pour-developper-des-solutions-de-recharge\\\/#primaryimage\"},\"thumbnailUrl\":\"https:\\\/\\\/static.link2fleet.com\\\/wp-content\\\/uploads\\\/2024\\\/03\\\/borne.jpg\",\"articleSection\":[\"Gestion carburant et de l'\u00e9nergie\",\"Gestion de flotte\",\"Importateurs et constructeurs\",\"V\u00e9hicules\"],\"inLanguage\":\"fr-FR\"},{\"@type\":\"WebPage\",\"@id\":\"https:\\\/\\\/www.link2fleet.com\\\/fr\\\/mercedes-benz-et-eneco-annoncent-un-partenariat-a-lechelle-du-benelux-pour-developper-des-solutions-de-recharge\\\/\",\"url\":\"https:\\\/\\\/www.link2fleet.com\\\/fr\\\/mercedes-benz-et-eneco-annoncent-un-partenariat-a-lechelle-du-benelux-pour-developper-des-solutions-de-recharge\\\/\",\"name\":\"Mercedes-Benz et Eneco annoncent un partenariat \u00e0 l\u2019\u00e9chelle du Benelux pour d\u00e9velopper des solutions de recharge - link2fleet\",\"isPartOf\":{\"@id\":\"https:\\\/\\\/www.link2fleet.com\\\/fr\\\/#website\"},\"primaryImageOfPage\":{\"@id\":\"https:\\\/\\\/www.link2fleet.com\\\/fr\\\/mercedes-benz-et-eneco-annoncent-un-partenariat-a-lechelle-du-benelux-pour-developper-des-solutions-de-recharge\\\/#primaryimage\"},\"image\":{\"@id\":\"https:\\\/\\\/www.link2fleet.com\\\/fr\\\/mercedes-benz-et-eneco-annoncent-un-partenariat-a-lechelle-du-benelux-pour-developper-des-solutions-de-recharge\\\/#primaryimage\"},\"thumbnailUrl\":\"https:\\\/\\\/static.link2fleet.com\\\/wp-content\\\/uploads\\\/2024\\\/03\\\/borne.jpg\",\"datePublished\":\"2023-10-13T10:30:31+00:00\",\"breadcrumb\":{\"@id\":\"https:\\\/\\\/www.link2fleet.com\\\/fr\\\/mercedes-benz-et-eneco-annoncent-un-partenariat-a-lechelle-du-benelux-pour-developper-des-solutions-de-recharge\\\/#breadcrumb\"},\"inLanguage\":\"fr-FR\",\"potentialAction\":[{\"@type\":\"ReadAction\",\"target\":[\"https:\\\/\\\/www.link2fleet.com\\\/fr\\\/mercedes-benz-et-eneco-annoncent-un-partenariat-a-lechelle-du-benelux-pour-developper-des-solutions-de-recharge\\\/\"]}]},{\"@type\":\"ImageObject\",\"inLanguage\":\"fr-FR\",\"@id\":\"https:\\\/\\\/www.link2fleet.com\\\/fr\\\/mercedes-benz-et-eneco-annoncent-un-partenariat-a-lechelle-du-benelux-pour-developper-des-solutions-de-recharge\\\/#primaryimage\",\"url\":\"https:\\\/\\\/static.link2fleet.com\\\/wp-content\\\/uploads\\\/2024\\\/03\\\/borne.jpg\",\"contentUrl\":\"https:\\\/\\\/static.link2fleet.com\\\/wp-content\\\/uploads\\\/2024\\\/03\\\/borne.jpg\",\"width\":1800,\"height\":1200},{\"@type\":\"BreadcrumbList\",\"@id\":\"https:\\\/\\\/www.link2fleet.com\\\/fr\\\/mercedes-benz-et-eneco-annoncent-un-partenariat-a-lechelle-du-benelux-pour-developper-des-solutions-de-recharge\\\/#breadcrumb\",\"itemListElement\":[{\"@type\":\"ListItem\",\"position\":1,\"name\":\"Home\",\"item\":\"https:\\\/\\\/www.link2fleet.com\\\/fr\\\/\"},{\"@type\":\"ListItem\",\"position\":2,\"name\":\"Mercedes-Benz et Eneco annoncent un partenariat \u00e0 l\u2019\u00e9chelle du Benelux pour d\u00e9velopper des solutions de recharge\"}]},{\"@type\":\"WebSite\",\"@id\":\"https:\\\/\\\/www.link2fleet.com\\\/fr\\\/#website\",\"url\":\"https:\\\/\\\/www.link2fleet.com\\\/fr\\\/\",\"name\":\"Link2fleet\",\"description\":\"\",\"publisher\":{\"@id\":\"https:\\\/\\\/www.link2fleet.com\\\/fr\\\/#organization\"},\"potentialAction\":[{\"@type\":\"SearchAction\",\"target\":{\"@type\":\"EntryPoint\",\"urlTemplate\":\"https:\\\/\\\/www.link2fleet.com\\\/fr\\\/?s={search_term_string}\"},\"query-input\":{\"@type\":\"PropertyValueSpecification\",\"valueRequired\":true,\"valueName\":\"search_term_string\"}}],\"inLanguage\":\"fr-FR\"},{\"@type\":\"Organization\",\"@id\":\"https:\\\/\\\/www.link2fleet.com\\\/fr\\\/#organization\",\"name\":\"Link2fleet\",\"url\":\"https:\\\/\\\/www.link2fleet.com\\\/fr\\\/\",\"logo\":{\"@type\":\"ImageObject\",\"inLanguage\":\"fr-FR\",\"@id\":\"https:\\\/\\\/www.link2fleet.com\\\/fr\\\/#\\\/schema\\\/logo\\\/image\\\/\",\"url\":\"https:\\\/\\\/static.link2fleet.com\\\/wp-content\\\/uploads\\\/2024\\\/03\\\/share-image.jpg\",\"contentUrl\":\"https:\\\/\\\/static.link2fleet.com\\\/wp-content\\\/uploads\\\/2024\\\/03\\\/share-image.jpg\",\"width\":1200,\"height\":630,\"caption\":\"Link2fleet\"},\"image\":{\"@id\":\"https:\\\/\\\/www.link2fleet.com\\\/fr\\\/#\\\/schema\\\/logo\\\/image\\\/\"},\"sameAs\":[\"https:\\\/\\\/www.linkedin.com\\\/company\\\/link2fleet-belgium\",\"https:\\\/\\\/www.youtube.com\\\/user\\\/MMMBMBE\"]},{\"@type\":\"Person\",\"@id\":\"https:\\\/\\\/www.link2fleet.com\\\/fr\\\/#\\\/schema\\\/person\\\/027cd46113c78036b3809c9a054049da\",\"name\":\"Damien Malvetti\",\"image\":{\"@type\":\"ImageObject\",\"inLanguage\":\"fr-FR\",\"@id\":\"https:\\\/\\\/secure.gravatar.com\\\/avatar\\\/dd8cc03b49466c735f753ac37f8caa371af16dfed347456ed61f02883255eebb?s=96&d=mm&r=g\",\"url\":\"https:\\\/\\\/secure.gravatar.com\\\/avatar\\\/dd8cc03b49466c735f753ac37f8caa371af16dfed347456ed61f02883255eebb?s=96&d=mm&r=g\",\"contentUrl\":\"https:\\\/\\\/secure.gravatar.com\\\/avatar\\\/dd8cc03b49466c735f753ac37f8caa371af16dfed347456ed61f02883255eebb?s=96&d=mm&r=g\",\"caption\":\"Damien Malvetti\"},\"description\":\"Damien Malvetti is opgeleid als journalist en gepassioneerd door wagens, technologie en mobiliteit. Hij is verantwoordelijk voor de redactionele inhoud van link2fleet en beschikt over een uitgebreide kennis van de fleet-sector en elektrische mobiliteit.\",\"sameAs\":[\"https:\\\/\\\/www.linkedin.com\\\/in\\\/damien-malvetti-56601142\\\/\"]}]}<\/script>\n<!-- \/ Yoast SEO plugin. -->","yoast_head_json":{"title":"Mercedes-Benz et Eneco annoncent un partenariat \u00e0 l\u2019\u00e9chelle du Benelux pour d\u00e9velopper des solutions de recharge - link2fleet","description":"Mercedes-Benz Belgique Luxembourg &#038; Pays-Bas et Eneco entament un partenariat strat\u00e9gique dans le domaine des solutions de recharge afin de soutenir les clients dans une\u2026","robots":{"index":"index","follow":"follow","max-snippet":"max-snippet:-1","max-image-preview":"max-image-preview:large","max-video-preview":"max-video-preview:-1"},"og_locale":"fr_FR","og_type":"article","og_title":"Mercedes-Benz et Eneco annoncent un partenariat \u00e0 l\u2019\u00e9chelle du Benelux pour d\u00e9velopper des solutions de recharge - link2fleet","og_description":"Mercedes-Benz Belgique Luxembourg &#038; Pays-Bas et Eneco entament un partenariat strat\u00e9gique dans le domaine des solutions de recharge afin de soutenir les clients dans une\u2026","og_url":"https:\/\/www.link2fleet.com\/fr\/mercedes-benz-et-eneco-annoncent-un-partenariat-a-lechelle-du-benelux-pour-developper-des-solutions-de-recharge\/","og_site_name":"link2fleet","article_published_time":"2023-10-13T10:30:31+00:00","og_image":[{"width":1800,"height":1200,"url":"https:\/\/static.link2fleet.com\/wp-content\/uploads\/2024\/03\/borne.jpg","type":"image\/jpeg"}],"author":"Damien Malvetti","twitter_card":"summary_large_image","twitter_description":"Mercedes-Benz Belgique Luxembourg &#038; Pays-Bas et Eneco entament un partenariat strat\u00e9gique dans le domaine des solutions de recharge afin de soutenir les clients dans une\u2026","twitter_misc":{"\u00c9crit par":"Damien Malvetti","Dur\u00e9e de lecture estim\u00e9e":"3 minutes"},"schema":{"@context":"https:\/\/schema.org","@graph":[{"@type":"Article","@id":"https:\/\/www.link2fleet.com\/fr\/mercedes-benz-et-eneco-annoncent-un-partenariat-a-lechelle-du-benelux-pour-developper-des-solutions-de-recharge\/#article","isPartOf":{"@id":"https:\/\/www.link2fleet.com\/fr\/mercedes-benz-et-eneco-annoncent-un-partenariat-a-lechelle-du-benelux-pour-developper-des-solutions-de-recharge\/"},"author":{"name":"Damien Malvetti","@id":"https:\/\/www.link2fleet.com\/fr\/#\/schema\/person\/027cd46113c78036b3809c9a054049da"},"headline":"Mercedes-Benz et Eneco annoncent un partenariat \u00e0 l\u2019\u00e9chelle du Benelux pour d\u00e9velopper des solutions de recharge","datePublished":"2023-10-13T10:30:31+00:00","mainEntityOfPage":{"@id":"https:\/\/www.link2fleet.com\/fr\/mercedes-benz-et-eneco-annoncent-un-partenariat-a-lechelle-du-benelux-pour-developper-des-solutions-de-recharge\/"},"wordCount":691,"publisher":{"@id":"https:\/\/www.link2fleet.com\/fr\/#organization"},"image":{"@id":"https:\/\/www.link2fleet.com\/fr\/mercedes-benz-et-eneco-annoncent-un-partenariat-a-lechelle-du-benelux-pour-developper-des-solutions-de-recharge\/#primaryimage"},"thumbnailUrl":"https:\/\/static.link2fleet.com\/wp-content\/uploads\/2024\/03\/borne.jpg","articleSection":["Gestion carburant et de l'\u00e9nergie","Gestion de flotte","Importateurs et constructeurs","V\u00e9hicules"],"inLanguage":"fr-FR"},{"@type":"WebPage","@id":"https:\/\/www.link2fleet.com\/fr\/mercedes-benz-et-eneco-annoncent-un-partenariat-a-lechelle-du-benelux-pour-developper-des-solutions-de-recharge\/","url":"https:\/\/www.link2fleet.com\/fr\/mercedes-benz-et-eneco-annoncent-un-partenariat-a-lechelle-du-benelux-pour-developper-des-solutions-de-recharge\/","name":"Mercedes-Benz et Eneco annoncent un partenariat \u00e0 l\u2019\u00e9chelle du Benelux pour d\u00e9velopper des solutions de recharge - link2fleet","isPartOf":{"@id":"https:\/\/www.link2fleet.com\/fr\/#website"},"primaryImageOfPage":{"@id":"https:\/\/www.link2fleet.com\/fr\/mercedes-benz-et-eneco-annoncent-un-partenariat-a-lechelle-du-benelux-pour-developper-des-solutions-de-recharge\/#primaryimage"},"image":{"@id":"https:\/\/www.link2fleet.com\/fr\/mercedes-benz-et-eneco-annoncent-un-partenariat-a-lechelle-du-benelux-pour-developper-des-solutions-de-recharge\/#primaryimage"},"thumbnailUrl":"https:\/\/static.link2fleet.com\/wp-content\/uploads\/2024\/03\/borne.jpg","datePublished":"2023-10-13T10:30:31+00:00","breadcrumb":{"@id":"https:\/\/www.link2fleet.com\/fr\/mercedes-benz-et-eneco-annoncent-un-partenariat-a-lechelle-du-benelux-pour-developper-des-solutions-de-recharge\/#breadcrumb"},"inLanguage":"fr-FR","potentialAction":[{"@type":"ReadAction","target":["https:\/\/www.link2fleet.com\/fr\/mercedes-benz-et-eneco-annoncent-un-partenariat-a-lechelle-du-benelux-pour-developper-des-solutions-de-recharge\/"]}]},{"@type":"ImageObject","inLanguage":"fr-FR","@id":"https:\/\/www.link2fleet.com\/fr\/mercedes-benz-et-eneco-annoncent-un-partenariat-a-lechelle-du-benelux-pour-developper-des-solutions-de-recharge\/#primaryimage","url":"https:\/\/static.link2fleet.com\/wp-content\/uploads\/2024\/03\/borne.jpg","contentUrl":"https:\/\/static.link2fleet.com\/wp-content\/uploads\/2024\/03\/borne.jpg","width":1800,"height":1200},{"@type":"BreadcrumbList","@id":"https:\/\/www.link2fleet.com\/fr\/mercedes-benz-et-eneco-annoncent-un-partenariat-a-lechelle-du-benelux-pour-developper-des-solutions-de-recharge\/#breadcrumb","itemListElement":[{"@type":"ListItem","position":1,"name":"Home","item":"https:\/\/www.link2fleet.com\/fr\/"},{"@type":"ListItem","position":2,"name":"Mercedes-Benz et Eneco annoncent un partenariat \u00e0 l\u2019\u00e9chelle du Benelux pour d\u00e9velopper des solutions de recharge"}]},{"@type":"WebSite","@id":"https:\/\/www.link2fleet.com\/fr\/#website","url":"https:\/\/www.link2fleet.com\/fr\/","name":"Link2fleet","description":"","publisher":{"@id":"https:\/\/www.link2fleet.com\/fr\/#organization"},"potentialAction":[{"@type":"SearchAction","target":{"@type":"EntryPoint","urlTemplate":"https:\/\/www.link2fleet.com\/fr\/?s={search_term_string}"},"query-input":{"@type":"PropertyValueSpecification","valueRequired":true,"valueName":"search_term_string"}}],"inLanguage":"fr-FR"},{"@type":"Organization","@id":"https:\/\/www.link2fleet.com\/fr\/#organization","name":"Link2fleet","url":"https:\/\/www.link2fleet.com\/fr\/","logo":{"@type":"ImageObject","inLanguage":"fr-FR","@id":"https:\/\/www.link2fleet.com\/fr\/#\/schema\/logo\/image\/","url":"https:\/\/static.link2fleet.com\/wp-content\/uploads\/2024\/03\/share-image.jpg","contentUrl":"https:\/\/static.link2fleet.com\/wp-content\/uploads\/2024\/03\/share-image.jpg","width":1200,"height":630,"caption":"Link2fleet"},"image":{"@id":"https:\/\/www.link2fleet.com\/fr\/#\/schema\/logo\/image\/"},"sameAs":["https:\/\/www.linkedin.com\/company\/link2fleet-belgium","https:\/\/www.youtube.com\/user\/MMMBMBE"]},{"@type":"Person","@id":"https:\/\/www.link2fleet.com\/fr\/#\/schema\/person\/027cd46113c78036b3809c9a054049da","name":"Damien Malvetti","image":{"@type":"ImageObject","inLanguage":"fr-FR","@id":"https:\/\/secure.gravatar.com\/avatar\/dd8cc03b49466c735f753ac37f8caa371af16dfed347456ed61f02883255eebb?s=96&d=mm&r=g","url":"https:\/\/secure.gravatar.com\/avatar\/dd8cc03b49466c735f753ac37f8caa371af16dfed347456ed61f02883255eebb?s=96&d=mm&r=g","contentUrl":"https:\/\/secure.gravatar.com\/avatar\/dd8cc03b49466c735f753ac37f8caa371af16dfed347456ed61f02883255eebb?s=96&d=mm&r=g","caption":"Damien Malvetti"},"description":"Damien Malvetti is opgeleid als journalist en gepassioneerd door wagens, technologie en mobiliteit. Hij is verantwoordelijk voor de redactionele inhoud van link2fleet en beschikt over een uitgebreide kennis van de fleet-sector en elektrische mobiliteit.","sameAs":["https:\/\/www.linkedin.com\/in\/damien-malvetti-56601142\/"]}]}},"_links":{"self":[{"href":"https:\/\/www.link2fleet.com\/fr\/wp-json\/wp\/v2\/posts\/10885","targetHints":{"allow":["GET"]}}],"collection":[{"href":"https:\/\/www.link2fleet.com\/fr\/wp-json\/wp\/v2\/posts"}],"about":[{"href":"https:\/\/www.link2fleet.com\/fr\/wp-json\/wp\/v2\/types\/post"}],"author":[{"embeddable":true,"href":"https:\/\/www.link2fleet.com\/fr\/wp-json\/wp\/v2\/users\/4"}],"replies":[{"embeddable":true,"href":"https:\/\/www.link2fleet.com\/fr\/wp-json\/wp\/v2\/comments?post=10885"}],"version-history":[{"count":0,"href":"https:\/\/www.link2fleet.com\/fr\/wp-json\/wp\/v2\/posts\/10885\/revisions"}],"wp:featuredmedia":[{"embeddable":true,"href":"https:\/\/www.link2fleet.com\/fr\/wp-json\/wp\/v2\/media\/10886"}],"wp:attachment":[{"href":"https:\/\/www.link2fleet.com\/fr\/wp-json\/wp\/v2\/media?parent=10885"}],"wp:term":[{"taxonomy":"category","embeddable":true,"href":"https:\/\/www.link2fleet.com\/fr\/wp-json\/wp\/v2\/categories?post=10885"},{"taxonomy":"post_tag","embeddable":true,"href":"https:\/\/www.link2fleet.com\/fr\/wp-json\/wp\/v2\/tags?post=10885"}],"curies":[{"name":"wp","href":"https:\/\/api.w.org\/{rel}","templated":true}]}}