{"id":10888,"date":"2023-10-13T12:34:42","date_gmt":"2023-10-13T10:34:42","guid":{"rendered":"https:\/\/www.link2fleet.com\/pas-de-nouvelles-mesures-concernant-les-voitures-de-societe-dans-le-budget-federal-2024\/"},"modified":"2023-10-13T12:34:42","modified_gmt":"2023-10-13T10:34:42","slug":"pas-de-nouvelles-mesures-concernant-les-voitures-de-societe-dans-le-budget-federal-2024","status":"publish","type":"post","link":"https:\/\/www.link2fleet.com\/fr\/pas-de-nouvelles-mesures-concernant-les-voitures-de-societe-dans-le-budget-federal-2024\/","title":{"rendered":"Pas de nouvelles mesures concernant les voitures de soci\u00e9t\u00e9 dans le budget f\u00e9d\u00e9ral 2024"},"content":{"rendered":"<p>Le gouvernement f\u00e9d\u00e9ral est donc arriv\u00e9 \u00e0 un accord sur le budget f\u00e9d\u00e9ral le 9 octobre dernier. Comme chaque ann\u00e9e, un certain nombre d&rsquo;indexations seront d&rsquo;application \u00e0 partir du 1er \u00a0janvier ou en cours d&rsquo;ann\u00e9e, entre autres pour la cotisation de CO2, l&rsquo;avantage de toute nature, l&rsquo;indemnit\u00e9 v\u00e9lo et l&rsquo;indemnit\u00e9 kilom\u00e9trique pour les d\u00e9placements professionnels.<\/p>\n<p style=\"font-weight: 400;\">Signalons en outre que les v\u00e9hicules de soci\u00e9t\u00e9 command\u00e9s \u00e0 partir du 1er juillet 2023 ou dont le contrat de leasing a \u00e9t\u00e9 sign\u00e9 \u00e0 partir du 1er juillet 2023 ne verront leur d\u00e9ductibilit\u00e9 fiscale r\u00e9duite \u00e0 un maximum de 75 % qu&rsquo;\u00e0 partir de 2025. Ce dernier point est particuli\u00e8rement important pour les PHEV command\u00e9s ou lou\u00e9s \u00e0 partir du 1er juillet 2023.<\/p>\n<p style=\"font-weight: 400;\">En 2024, la d\u00e9ductibilit\u00e9 fiscale minimale reste maintenue \u00e0 40% pour toutes les voitures de soci\u00e9t\u00e9 avec un taux de CO2 de plus de 200 g\/km. Au niveau flamand, pr\u00e9cisons que la prime \u00e0 l&rsquo;achat pour les particuliers d\u00e9bute en 2024. Il s&rsquo;agit d&rsquo;une prime de 5.000 euros pour les v\u00e9hicules 100% \u00e9lectriques neufs, et de 3000 euros pour les v\u00e9hicules 100% \u00e9lectriques d&rsquo;occasion. Les modalit\u00e9s pratiques doivent encore \u00eatre annonc\u00e9es.<\/p>\n<p style=\"font-weight: 400;\">\n<p style=\"font-weight: 400; text-align: right;\"><strong>Michel Willems<\/strong><\/p>\n<p style=\"font-weight: 400; text-align: right;\"><strong>MOBILITAS<\/strong><\/p>\n<p style=\"font-weight: 400; text-align: right;\">\n","protected":false},"excerpt":{"rendered":"<p>Le gouvernement f\u00e9d\u00e9ral est donc arriv\u00e9 \u00e0 un accord sur le budget f\u00e9d\u00e9ral le 9 octobre dernier. Comme chaque ann\u00e9e, un certain nombre d&rsquo;indexations seront d&rsquo;application \u00e0 partir du 1er \u00a0janvier ou en cours d&rsquo;ann\u00e9e, entre autres pour la cotisation de CO2, l&rsquo;avantage de toute nature, l&rsquo;indemnit\u00e9 v\u00e9lo et l&rsquo;indemnit\u00e9 kilom\u00e9trique pour les d\u00e9placements professionnels. [&hellip;]<\/p>\n","protected":false},"author":11,"featured_media":10889,"comment_status":"closed","ping_status":"closed","sticky":false,"template":"","format":"standard","meta":{"_acf_changed":false,"footnotes":""},"categories":[91,101],"tags":[],"class_list":["post-10888","post","type-post","status-publish","format-standard","has-post-thumbnail","hentry","category-expertise-et-management","category-tax-legal"],"acf":[],"yoast_head":"<!-- This site is optimized with the Yoast SEO plugin v27.3 - https:\/\/yoast.com\/product\/yoast-seo-wordpress\/ -->\n<title>Pas de nouvelles mesures concernant les voitures de soci\u00e9t\u00e9 dans le budget f\u00e9d\u00e9ral 2024 - link2fleet<\/title>\n<meta name=\"description\" content=\"Les conducteurs de voiture de soci\u00e9t\u00e9 et les employeurs peuvent souffler un peu. Lors de la cr\u00e9ation du budget f\u00e9d\u00e9ral 2024, aucune nouvelle mesure concernant\u2026\" \/>\n<meta name=\"robots\" content=\"index, follow, max-snippet:-1, max-image-preview:large, max-video-preview:-1\" \/>\n<meta property=\"og:locale\" content=\"fr_FR\" \/>\n<meta property=\"og:type\" content=\"article\" \/>\n<meta property=\"og:title\" content=\"Pas de nouvelles mesures concernant les voitures de soci\u00e9t\u00e9 dans le budget f\u00e9d\u00e9ral 2024 - link2fleet\" \/>\n<meta property=\"og:description\" content=\"Les conducteurs de voiture de soci\u00e9t\u00e9 et les employeurs peuvent souffler un peu. Lors de la cr\u00e9ation du budget f\u00e9d\u00e9ral 2024, aucune nouvelle mesure concernant\u2026\" \/>\n<meta property=\"og:url\" content=\"https:\/\/www.link2fleet.com\/fr\/pas-de-nouvelles-mesures-concernant-les-voitures-de-societe-dans-le-budget-federal-2024\/\" \/>\n<meta property=\"og:site_name\" content=\"link2fleet\" \/>\n<meta property=\"article:published_time\" content=\"2023-10-13T10:34:42+00:00\" \/>\n<meta property=\"og:image\" content=\"https:\/\/static.link2fleet.com\/wp-content\/uploads\/2024\/03\/tax.jpg\" \/>\n\t<meta property=\"og:image:width\" content=\"790\" \/>\n\t<meta property=\"og:image:height\" content=\"520\" \/>\n\t<meta property=\"og:image:type\" content=\"image\/jpeg\" \/>\n<meta name=\"author\" content=\"Michel Willems - Mobilitas\" \/>\n<meta name=\"twitter:card\" content=\"summary_large_image\" \/>\n<meta name=\"twitter:description\" content=\"Les conducteurs de voiture de soci\u00e9t\u00e9 et les employeurs peuvent souffler un peu. Lors de la cr\u00e9ation du budget f\u00e9d\u00e9ral 2024, aucune nouvelle mesure concernant\u2026\" \/>\n<meta name=\"twitter:label1\" content=\"\u00c9crit par\" \/>\n\t<meta name=\"twitter:data1\" content=\"Michel Willems - Mobilitas\" \/>\n\t<meta name=\"twitter:label2\" content=\"Dur\u00e9e de lecture estim\u00e9e\" \/>\n\t<meta name=\"twitter:data2\" content=\"1 minute\" \/>\n<script type=\"application\/ld+json\" class=\"yoast-schema-graph\">{\"@context\":\"https:\\\/\\\/schema.org\",\"@graph\":[{\"@type\":\"Article\",\"@id\":\"https:\\\/\\\/www.link2fleet.com\\\/fr\\\/pas-de-nouvelles-mesures-concernant-les-voitures-de-societe-dans-le-budget-federal-2024\\\/#article\",\"isPartOf\":{\"@id\":\"https:\\\/\\\/www.link2fleet.com\\\/fr\\\/pas-de-nouvelles-mesures-concernant-les-voitures-de-societe-dans-le-budget-federal-2024\\\/\"},\"author\":{\"name\":\"Michel Willems - Mobilitas\",\"@id\":\"https:\\\/\\\/www.link2fleet.com\\\/fr\\\/#\\\/schema\\\/person\\\/bd29f6a2c2427e85a70d3acf17303486\"},\"headline\":\"Pas de nouvelles mesures concernant les voitures de soci\u00e9t\u00e9 dans le budget f\u00e9d\u00e9ral 2024\",\"datePublished\":\"2023-10-13T10:34:42+00:00\",\"mainEntityOfPage\":{\"@id\":\"https:\\\/\\\/www.link2fleet.com\\\/fr\\\/pas-de-nouvelles-mesures-concernant-les-voitures-de-societe-dans-le-budget-federal-2024\\\/\"},\"wordCount\":222,\"publisher\":{\"@id\":\"https:\\\/\\\/www.link2fleet.com\\\/fr\\\/#organization\"},\"image\":{\"@id\":\"https:\\\/\\\/www.link2fleet.com\\\/fr\\\/pas-de-nouvelles-mesures-concernant-les-voitures-de-societe-dans-le-budget-federal-2024\\\/#primaryimage\"},\"thumbnailUrl\":\"https:\\\/\\\/static.link2fleet.com\\\/wp-content\\\/uploads\\\/2024\\\/03\\\/tax.jpg\",\"articleSection\":[\"Gestion de flotte\",\"Tax &amp; legal\"],\"inLanguage\":\"fr-FR\"},{\"@type\":\"WebPage\",\"@id\":\"https:\\\/\\\/www.link2fleet.com\\\/fr\\\/pas-de-nouvelles-mesures-concernant-les-voitures-de-societe-dans-le-budget-federal-2024\\\/\",\"url\":\"https:\\\/\\\/www.link2fleet.com\\\/fr\\\/pas-de-nouvelles-mesures-concernant-les-voitures-de-societe-dans-le-budget-federal-2024\\\/\",\"name\":\"Pas de nouvelles mesures concernant les voitures de soci\u00e9t\u00e9 dans le budget f\u00e9d\u00e9ral 2024 - link2fleet\",\"isPartOf\":{\"@id\":\"https:\\\/\\\/www.link2fleet.com\\\/fr\\\/#website\"},\"primaryImageOfPage\":{\"@id\":\"https:\\\/\\\/www.link2fleet.com\\\/fr\\\/pas-de-nouvelles-mesures-concernant-les-voitures-de-societe-dans-le-budget-federal-2024\\\/#primaryimage\"},\"image\":{\"@id\":\"https:\\\/\\\/www.link2fleet.com\\\/fr\\\/pas-de-nouvelles-mesures-concernant-les-voitures-de-societe-dans-le-budget-federal-2024\\\/#primaryimage\"},\"thumbnailUrl\":\"https:\\\/\\\/static.link2fleet.com\\\/wp-content\\\/uploads\\\/2024\\\/03\\\/tax.jpg\",\"datePublished\":\"2023-10-13T10:34:42+00:00\",\"breadcrumb\":{\"@id\":\"https:\\\/\\\/www.link2fleet.com\\\/fr\\\/pas-de-nouvelles-mesures-concernant-les-voitures-de-societe-dans-le-budget-federal-2024\\\/#breadcrumb\"},\"inLanguage\":\"fr-FR\",\"potentialAction\":[{\"@type\":\"ReadAction\",\"target\":[\"https:\\\/\\\/www.link2fleet.com\\\/fr\\\/pas-de-nouvelles-mesures-concernant-les-voitures-de-societe-dans-le-budget-federal-2024\\\/\"]}]},{\"@type\":\"ImageObject\",\"inLanguage\":\"fr-FR\",\"@id\":\"https:\\\/\\\/www.link2fleet.com\\\/fr\\\/pas-de-nouvelles-mesures-concernant-les-voitures-de-societe-dans-le-budget-federal-2024\\\/#primaryimage\",\"url\":\"https:\\\/\\\/static.link2fleet.com\\\/wp-content\\\/uploads\\\/2024\\\/03\\\/tax.jpg\",\"contentUrl\":\"https:\\\/\\\/static.link2fleet.com\\\/wp-content\\\/uploads\\\/2024\\\/03\\\/tax.jpg\",\"width\":790,\"height\":520},{\"@type\":\"BreadcrumbList\",\"@id\":\"https:\\\/\\\/www.link2fleet.com\\\/fr\\\/pas-de-nouvelles-mesures-concernant-les-voitures-de-societe-dans-le-budget-federal-2024\\\/#breadcrumb\",\"itemListElement\":[{\"@type\":\"ListItem\",\"position\":1,\"name\":\"Home\",\"item\":\"https:\\\/\\\/www.link2fleet.com\\\/fr\\\/\"},{\"@type\":\"ListItem\",\"position\":2,\"name\":\"Pas de nouvelles mesures concernant les voitures de soci\u00e9t\u00e9 dans le budget f\u00e9d\u00e9ral 2024\"}]},{\"@type\":\"WebSite\",\"@id\":\"https:\\\/\\\/www.link2fleet.com\\\/fr\\\/#website\",\"url\":\"https:\\\/\\\/www.link2fleet.com\\\/fr\\\/\",\"name\":\"Link2fleet\",\"description\":\"\",\"publisher\":{\"@id\":\"https:\\\/\\\/www.link2fleet.com\\\/fr\\\/#organization\"},\"potentialAction\":[{\"@type\":\"SearchAction\",\"target\":{\"@type\":\"EntryPoint\",\"urlTemplate\":\"https:\\\/\\\/www.link2fleet.com\\\/fr\\\/?s={search_term_string}\"},\"query-input\":{\"@type\":\"PropertyValueSpecification\",\"valueRequired\":true,\"valueName\":\"search_term_string\"}}],\"inLanguage\":\"fr-FR\"},{\"@type\":\"Organization\",\"@id\":\"https:\\\/\\\/www.link2fleet.com\\\/fr\\\/#organization\",\"name\":\"Link2fleet\",\"url\":\"https:\\\/\\\/www.link2fleet.com\\\/fr\\\/\",\"logo\":{\"@type\":\"ImageObject\",\"inLanguage\":\"fr-FR\",\"@id\":\"https:\\\/\\\/www.link2fleet.com\\\/fr\\\/#\\\/schema\\\/logo\\\/image\\\/\",\"url\":\"https:\\\/\\\/static.link2fleet.com\\\/wp-content\\\/uploads\\\/2024\\\/03\\\/share-image.jpg\",\"contentUrl\":\"https:\\\/\\\/static.link2fleet.com\\\/wp-content\\\/uploads\\\/2024\\\/03\\\/share-image.jpg\",\"width\":1200,\"height\":630,\"caption\":\"Link2fleet\"},\"image\":{\"@id\":\"https:\\\/\\\/www.link2fleet.com\\\/fr\\\/#\\\/schema\\\/logo\\\/image\\\/\"},\"sameAs\":[\"https:\\\/\\\/www.linkedin.com\\\/company\\\/link2fleet-belgium\",\"https:\\\/\\\/www.youtube.com\\\/user\\\/MMMBMBE\"]},{\"@type\":\"Person\",\"@id\":\"https:\\\/\\\/www.link2fleet.com\\\/fr\\\/#\\\/schema\\\/person\\\/bd29f6a2c2427e85a70d3acf17303486\",\"name\":\"Michel Willems - Mobilitas\",\"image\":{\"@type\":\"ImageObject\",\"inLanguage\":\"fr-FR\",\"@id\":\"https:\\\/\\\/secure.gravatar.com\\\/avatar\\\/c937de514893d5b69b3b52ee88664fd4879b786925b6742dc7891d347f167414?s=96&d=mm&r=g\",\"url\":\"https:\\\/\\\/secure.gravatar.com\\\/avatar\\\/c937de514893d5b69b3b52ee88664fd4879b786925b6742dc7891d347f167414?s=96&d=mm&r=g\",\"contentUrl\":\"https:\\\/\\\/secure.gravatar.com\\\/avatar\\\/c937de514893d5b69b3b52ee88664fd4879b786925b6742dc7891d347f167414?s=96&d=mm&r=g\",\"caption\":\"Michel Willems - Mobilitas\"}}]}<\/script>\n<!-- \/ Yoast SEO plugin. -->","yoast_head_json":{"title":"Pas de nouvelles mesures concernant les voitures de soci\u00e9t\u00e9 dans le budget f\u00e9d\u00e9ral 2024 - link2fleet","description":"Les conducteurs de voiture de soci\u00e9t\u00e9 et les employeurs peuvent souffler un peu. Lors de la cr\u00e9ation du budget f\u00e9d\u00e9ral 2024, aucune nouvelle mesure concernant\u2026","robots":{"index":"index","follow":"follow","max-snippet":"max-snippet:-1","max-image-preview":"max-image-preview:large","max-video-preview":"max-video-preview:-1"},"og_locale":"fr_FR","og_type":"article","og_title":"Pas de nouvelles mesures concernant les voitures de soci\u00e9t\u00e9 dans le budget f\u00e9d\u00e9ral 2024 - link2fleet","og_description":"Les conducteurs de voiture de soci\u00e9t\u00e9 et les employeurs peuvent souffler un peu. Lors de la cr\u00e9ation du budget f\u00e9d\u00e9ral 2024, aucune nouvelle mesure concernant\u2026","og_url":"https:\/\/www.link2fleet.com\/fr\/pas-de-nouvelles-mesures-concernant-les-voitures-de-societe-dans-le-budget-federal-2024\/","og_site_name":"link2fleet","article_published_time":"2023-10-13T10:34:42+00:00","og_image":[{"width":790,"height":520,"url":"https:\/\/static.link2fleet.com\/wp-content\/uploads\/2024\/03\/tax.jpg","type":"image\/jpeg"}],"author":"Michel Willems - Mobilitas","twitter_card":"summary_large_image","twitter_description":"Les conducteurs de voiture de soci\u00e9t\u00e9 et les employeurs peuvent souffler un peu. Lors de la cr\u00e9ation du budget f\u00e9d\u00e9ral 2024, aucune nouvelle mesure concernant\u2026","twitter_misc":{"\u00c9crit par":"Michel Willems - Mobilitas","Dur\u00e9e de lecture estim\u00e9e":"1 minute"},"schema":{"@context":"https:\/\/schema.org","@graph":[{"@type":"Article","@id":"https:\/\/www.link2fleet.com\/fr\/pas-de-nouvelles-mesures-concernant-les-voitures-de-societe-dans-le-budget-federal-2024\/#article","isPartOf":{"@id":"https:\/\/www.link2fleet.com\/fr\/pas-de-nouvelles-mesures-concernant-les-voitures-de-societe-dans-le-budget-federal-2024\/"},"author":{"name":"Michel Willems - Mobilitas","@id":"https:\/\/www.link2fleet.com\/fr\/#\/schema\/person\/bd29f6a2c2427e85a70d3acf17303486"},"headline":"Pas de nouvelles mesures concernant les voitures de soci\u00e9t\u00e9 dans le budget f\u00e9d\u00e9ral 2024","datePublished":"2023-10-13T10:34:42+00:00","mainEntityOfPage":{"@id":"https:\/\/www.link2fleet.com\/fr\/pas-de-nouvelles-mesures-concernant-les-voitures-de-societe-dans-le-budget-federal-2024\/"},"wordCount":222,"publisher":{"@id":"https:\/\/www.link2fleet.com\/fr\/#organization"},"image":{"@id":"https:\/\/www.link2fleet.com\/fr\/pas-de-nouvelles-mesures-concernant-les-voitures-de-societe-dans-le-budget-federal-2024\/#primaryimage"},"thumbnailUrl":"https:\/\/static.link2fleet.com\/wp-content\/uploads\/2024\/03\/tax.jpg","articleSection":["Gestion de flotte","Tax &amp; legal"],"inLanguage":"fr-FR"},{"@type":"WebPage","@id":"https:\/\/www.link2fleet.com\/fr\/pas-de-nouvelles-mesures-concernant-les-voitures-de-societe-dans-le-budget-federal-2024\/","url":"https:\/\/www.link2fleet.com\/fr\/pas-de-nouvelles-mesures-concernant-les-voitures-de-societe-dans-le-budget-federal-2024\/","name":"Pas de nouvelles mesures concernant les voitures de soci\u00e9t\u00e9 dans le budget f\u00e9d\u00e9ral 2024 - link2fleet","isPartOf":{"@id":"https:\/\/www.link2fleet.com\/fr\/#website"},"primaryImageOfPage":{"@id":"https:\/\/www.link2fleet.com\/fr\/pas-de-nouvelles-mesures-concernant-les-voitures-de-societe-dans-le-budget-federal-2024\/#primaryimage"},"image":{"@id":"https:\/\/www.link2fleet.com\/fr\/pas-de-nouvelles-mesures-concernant-les-voitures-de-societe-dans-le-budget-federal-2024\/#primaryimage"},"thumbnailUrl":"https:\/\/static.link2fleet.com\/wp-content\/uploads\/2024\/03\/tax.jpg","datePublished":"2023-10-13T10:34:42+00:00","breadcrumb":{"@id":"https:\/\/www.link2fleet.com\/fr\/pas-de-nouvelles-mesures-concernant-les-voitures-de-societe-dans-le-budget-federal-2024\/#breadcrumb"},"inLanguage":"fr-FR","potentialAction":[{"@type":"ReadAction","target":["https:\/\/www.link2fleet.com\/fr\/pas-de-nouvelles-mesures-concernant-les-voitures-de-societe-dans-le-budget-federal-2024\/"]}]},{"@type":"ImageObject","inLanguage":"fr-FR","@id":"https:\/\/www.link2fleet.com\/fr\/pas-de-nouvelles-mesures-concernant-les-voitures-de-societe-dans-le-budget-federal-2024\/#primaryimage","url":"https:\/\/static.link2fleet.com\/wp-content\/uploads\/2024\/03\/tax.jpg","contentUrl":"https:\/\/static.link2fleet.com\/wp-content\/uploads\/2024\/03\/tax.jpg","width":790,"height":520},{"@type":"BreadcrumbList","@id":"https:\/\/www.link2fleet.com\/fr\/pas-de-nouvelles-mesures-concernant-les-voitures-de-societe-dans-le-budget-federal-2024\/#breadcrumb","itemListElement":[{"@type":"ListItem","position":1,"name":"Home","item":"https:\/\/www.link2fleet.com\/fr\/"},{"@type":"ListItem","position":2,"name":"Pas de nouvelles mesures concernant les voitures de soci\u00e9t\u00e9 dans le budget f\u00e9d\u00e9ral 2024"}]},{"@type":"WebSite","@id":"https:\/\/www.link2fleet.com\/fr\/#website","url":"https:\/\/www.link2fleet.com\/fr\/","name":"Link2fleet","description":"","publisher":{"@id":"https:\/\/www.link2fleet.com\/fr\/#organization"},"potentialAction":[{"@type":"SearchAction","target":{"@type":"EntryPoint","urlTemplate":"https:\/\/www.link2fleet.com\/fr\/?s={search_term_string}"},"query-input":{"@type":"PropertyValueSpecification","valueRequired":true,"valueName":"search_term_string"}}],"inLanguage":"fr-FR"},{"@type":"Organization","@id":"https:\/\/www.link2fleet.com\/fr\/#organization","name":"Link2fleet","url":"https:\/\/www.link2fleet.com\/fr\/","logo":{"@type":"ImageObject","inLanguage":"fr-FR","@id":"https:\/\/www.link2fleet.com\/fr\/#\/schema\/logo\/image\/","url":"https:\/\/static.link2fleet.com\/wp-content\/uploads\/2024\/03\/share-image.jpg","contentUrl":"https:\/\/static.link2fleet.com\/wp-content\/uploads\/2024\/03\/share-image.jpg","width":1200,"height":630,"caption":"Link2fleet"},"image":{"@id":"https:\/\/www.link2fleet.com\/fr\/#\/schema\/logo\/image\/"},"sameAs":["https:\/\/www.linkedin.com\/company\/link2fleet-belgium","https:\/\/www.youtube.com\/user\/MMMBMBE"]},{"@type":"Person","@id":"https:\/\/www.link2fleet.com\/fr\/#\/schema\/person\/bd29f6a2c2427e85a70d3acf17303486","name":"Michel Willems - Mobilitas","image":{"@type":"ImageObject","inLanguage":"fr-FR","@id":"https:\/\/secure.gravatar.com\/avatar\/c937de514893d5b69b3b52ee88664fd4879b786925b6742dc7891d347f167414?s=96&d=mm&r=g","url":"https:\/\/secure.gravatar.com\/avatar\/c937de514893d5b69b3b52ee88664fd4879b786925b6742dc7891d347f167414?s=96&d=mm&r=g","contentUrl":"https:\/\/secure.gravatar.com\/avatar\/c937de514893d5b69b3b52ee88664fd4879b786925b6742dc7891d347f167414?s=96&d=mm&r=g","caption":"Michel Willems - Mobilitas"}}]}},"_links":{"self":[{"href":"https:\/\/www.link2fleet.com\/fr\/wp-json\/wp\/v2\/posts\/10888","targetHints":{"allow":["GET"]}}],"collection":[{"href":"https:\/\/www.link2fleet.com\/fr\/wp-json\/wp\/v2\/posts"}],"about":[{"href":"https:\/\/www.link2fleet.com\/fr\/wp-json\/wp\/v2\/types\/post"}],"author":[{"embeddable":true,"href":"https:\/\/www.link2fleet.com\/fr\/wp-json\/wp\/v2\/users\/11"}],"replies":[{"embeddable":true,"href":"https:\/\/www.link2fleet.com\/fr\/wp-json\/wp\/v2\/comments?post=10888"}],"version-history":[{"count":0,"href":"https:\/\/www.link2fleet.com\/fr\/wp-json\/wp\/v2\/posts\/10888\/revisions"}],"wp:featuredmedia":[{"embeddable":true,"href":"https:\/\/www.link2fleet.com\/fr\/wp-json\/wp\/v2\/media\/10889"}],"wp:attachment":[{"href":"https:\/\/www.link2fleet.com\/fr\/wp-json\/wp\/v2\/media?parent=10888"}],"wp:term":[{"taxonomy":"category","embeddable":true,"href":"https:\/\/www.link2fleet.com\/fr\/wp-json\/wp\/v2\/categories?post=10888"},{"taxonomy":"post_tag","embeddable":true,"href":"https:\/\/www.link2fleet.com\/fr\/wp-json\/wp\/v2\/tags?post=10888"}],"curies":[{"name":"wp","href":"https:\/\/api.w.org\/{rel}","templated":true}]}}