{"id":10906,"date":"2023-10-17T16:31:20","date_gmt":"2023-10-17T14:31:20","guid":{"rendered":"https:\/\/www.link2fleet.com\/une-voiture-electrique-a-moins-de-20-000-euros-cest-la-promesse-de-la-citroen-e-c3\/"},"modified":"2023-10-17T16:31:20","modified_gmt":"2023-10-17T14:31:20","slug":"une-voiture-electrique-a-moins-de-20-000-euros-cest-la-promesse-de-la-citroen-e-c3","status":"publish","type":"post","link":"https:\/\/www.link2fleet.com\/fr\/une-voiture-electrique-a-moins-de-20-000-euros-cest-la-promesse-de-la-citroen-e-c3\/","title":{"rendered":"Une voiture \u00e9lectrique \u00e0 moins de 20.000 euros? C&rsquo;est la promesse de la Citro\u00ebn \u00eb-C3"},"content":{"rendered":"<p>La nouvelle C3 adopte le nouveau langage stylistique de la marque au chevrons avec notamment ses formes plus anguleuses et le nouveau logo bien mis en \u00e9vidence. La planche de bord fait aussi table rase du pass\u00e9 et pr\u00e9sente un tout nouveau concept C-Zen Lounge qui lui permet de s&rsquo;\u00e9quiper notamment du head-up display et d&rsquo;un volant compact, tout en profitant d&rsquo;un espace int\u00e9rieur repens\u00e9 et plus spacieux. Tout cela s&rsquo;inspire fortement du concept Oli, pr\u00e9sent\u00e9 au Salon de Bruxelles.<\/p>\n<p><a href=\"https:\/\/www.link2fleet.com\/wp-content\/uploads\/2023\/10\/Citroen-e-C3_2-scaled.jpg\"><img loading=\"lazy\" decoding=\"async\" class=\"aligncenter size-large wp-image-1298891\" src=\"https:\/\/www.link2fleet.com\/wp-content\/uploads\/2023\/10\/Citroen-e-C3_2-1024x512.jpg\" alt=\"\" width=\"640\" height=\"320\" \/><\/a><\/p>\n<p>Outre le fait qu&rsquo;elle sera \u00e9quip\u00e9e pour la premi\u00e8re fois de la suspension Citro\u00ebn Advanced Comfort, la nouvelle C3 sera aussi la premi\u00e8re g\u00e9n\u00e9ration \u00e0 proposer une variante full \u00e9lectrique. Au programme: un moteur de 83 kW (114 ch) et une batterie de 44 kWh offrant une autonomie de 320 km (WLTP) et une recharge rapide en courant continu de 100 kW. De quoi passer de 20 \u00e0 80% d&rsquo;autonomie en seulement 26 minutes.<\/p>\n<p>&nbsp;<\/p>\n<p><strong>Sous la barre des 20.000 euros<\/strong><\/p>\n<p><a href=\"https:\/\/www.link2fleet.com\/wp-content\/uploads\/2023\/10\/Citroen-e-C3_4.jpg\"><img loading=\"lazy\" decoding=\"async\" class=\"alignright size-medium wp-image-1298895\" src=\"https:\/\/www.link2fleet.com\/wp-content\/uploads\/2023\/10\/Citroen-e-C3_4-300x225.jpg\" alt=\"\" width=\"300\" height=\"225\" \/><\/a>Avec cette \u00eb-C3, Citro\u00ebn veut rendre la conduite \u00e9lectrique plus abordable \u00e0 tout un \u00a0chacun et propose ainsi sa citadine \u00e0 un tarif qui d\u00e9bute \u00e0 23.300 euros pour la version d\u00e9crite ci-dessus. Elle sera lanc\u00e9e d\u00e8s l&rsquo;ann\u00e9e prochaine. En 2025, le catalogue s&rsquo;\u00e9largira avec une version limit\u00e9e \u00e0 200 km d&rsquo;autonomie qui sera propos\u00e9e \u00e0 un prix de base de 19.990 euros.<\/p>\n<p style=\"font-weight: 400;\"><em>\u00ab\u00a0Notre mission est de renforcer la pr\u00e9sence de Citro\u00ebn en Europe pour atteindre une part de march\u00e9 d&rsquo;au moins 5\u00a0%. L&rsquo;arriv\u00e9e, d\u00e9but 2024, de la nouvelle \u00eb-C3 \u00e0 la fois \u00e9lectrique et abordable \u00e0 notre portefeuille est une \u00e9tape d\u00e9cisive pour atteindre cette feuille de route. La toute nouvelle \u00eb-C3 joue \u00e9galement un r\u00f4le majeur dans le renforcement de notre volont\u00e9 de rendre la mobilit\u00e9 \u00e9lectrique accessible, en compl\u00e9ment de l&rsquo;arriv\u00e9e de nos nouveaux mod\u00e8les \u00e0 autonomie \u00e9tendue avec \u00eb-C4 et \u00eb-C4 X, de la nouvelle C5 Aircross Hybride, et des nouvelles C5 Aircoss et C5 X hybrides rechargeables, ainsi que de la solution de mobilit\u00e9 unique qu&rsquo;est la Citro\u00ebn Ami\u00a0\u00bb,<\/em> indique <span lang=\"FR\">Thierry Koskas, Directeur G\u00e9n\u00e9ral de Citro\u00ebn.<\/span><\/p>\n<p><a href=\"https:\/\/www.link2fleet.com\/wp-content\/uploads\/2023\/10\/Citroen-e-C3_3.jpg\"><img loading=\"lazy\" decoding=\"async\" class=\"aligncenter size-large wp-image-1298893\" src=\"https:\/\/www.link2fleet.com\/wp-content\/uploads\/2023\/10\/Citroen-e-C3_3-1024x600.jpg\" alt=\"\" width=\"640\" height=\"375\" \/><\/a><\/p>\n","protected":false},"excerpt":{"rendered":"<p>La nouvelle C3 adopte le nouveau langage stylistique de la marque au chevrons avec notamment ses formes plus anguleuses et le nouveau logo bien mis en \u00e9vidence. La planche de bord fait aussi table rase du pass\u00e9 et pr\u00e9sente un tout nouveau concept C-Zen Lounge qui lui permet de s&rsquo;\u00e9quiper notamment du head-up display et [&hellip;]<\/p>\n","protected":false},"author":4,"featured_media":10907,"comment_status":"closed","ping_status":"closed","sticky":false,"template":"","format":"standard","meta":{"_acf_changed":false,"footnotes":""},"categories":[77,76],"tags":[],"class_list":["post-10906","post","type-post","status-publish","format-standard","has-post-thumbnail","hentry","category-importateurs-et-constructeurs-automobiles-vp","category-car"],"acf":[],"yoast_head":"<!-- This site is optimized with the Yoast SEO plugin v27.3 - https:\/\/yoast.com\/product\/yoast-seo-wordpress\/ -->\n<title>Une voiture \u00e9lectrique \u00e0 moins de 20.000 euros? C&#039;est la promesse de la Citro\u00ebn \u00eb-C3 - link2fleet<\/title>\n<meta name=\"description\" content=\"Citro\u00ebn a d\u00e9voil\u00e9 aujourd&rsquo;hui la nouvelle g\u00e9n\u00e9ration de sa petite citadine C3. D\u00e9sormais, elle se d\u00e9clinera en version full \u00e9lectrique. Et bonne nouvelle, la marque\u2026\" \/>\n<meta name=\"robots\" content=\"index, follow, max-snippet:-1, max-image-preview:large, max-video-preview:-1\" \/>\n<meta property=\"og:locale\" content=\"fr_FR\" \/>\n<meta property=\"og:type\" content=\"article\" \/>\n<meta property=\"og:title\" content=\"Une voiture \u00e9lectrique \u00e0 moins de 20.000 euros? C&#039;est la promesse de la Citro\u00ebn \u00eb-C3 - link2fleet\" \/>\n<meta property=\"og:description\" content=\"Citro\u00ebn a d\u00e9voil\u00e9 aujourd&rsquo;hui la nouvelle g\u00e9n\u00e9ration de sa petite citadine C3. D\u00e9sormais, elle se d\u00e9clinera en version full \u00e9lectrique. Et bonne nouvelle, la marque\u2026\" \/>\n<meta property=\"og:url\" content=\"https:\/\/www.link2fleet.com\/fr\/une-voiture-electrique-a-moins-de-20-000-euros-cest-la-promesse-de-la-citroen-e-c3\/\" \/>\n<meta property=\"og:site_name\" content=\"link2fleet\" \/>\n<meta property=\"article:published_time\" content=\"2023-10-17T14:31:20+00:00\" \/>\n<meta property=\"og:image\" content=\"https:\/\/static.link2fleet.com\/wp-content\/uploads\/2024\/03\/citroen-e-c3-1-scaled-1.jpeg\" \/>\n\t<meta property=\"og:image:width\" content=\"2560\" \/>\n\t<meta property=\"og:image:height\" content=\"1920\" \/>\n\t<meta property=\"og:image:type\" content=\"image\/jpeg\" \/>\n<meta name=\"author\" content=\"Damien Malvetti\" \/>\n<meta name=\"twitter:card\" content=\"summary_large_image\" \/>\n<meta name=\"twitter:description\" content=\"Citro\u00ebn a d\u00e9voil\u00e9 aujourd&rsquo;hui la nouvelle g\u00e9n\u00e9ration de sa petite citadine C3. D\u00e9sormais, elle se d\u00e9clinera en version full \u00e9lectrique. Et bonne nouvelle, la marque\u2026\" \/>\n<meta name=\"twitter:label1\" content=\"\u00c9crit par\" \/>\n\t<meta name=\"twitter:data1\" content=\"Damien Malvetti\" \/>\n\t<meta name=\"twitter:label2\" content=\"Dur\u00e9e de lecture estim\u00e9e\" \/>\n\t<meta name=\"twitter:data2\" content=\"2 minutes\" \/>\n<script type=\"application\/ld+json\" class=\"yoast-schema-graph\">{\"@context\":\"https:\\\/\\\/schema.org\",\"@graph\":[{\"@type\":\"Article\",\"@id\":\"https:\\\/\\\/www.link2fleet.com\\\/fr\\\/une-voiture-electrique-a-moins-de-20-000-euros-cest-la-promesse-de-la-citroen-e-c3\\\/#article\",\"isPartOf\":{\"@id\":\"https:\\\/\\\/www.link2fleet.com\\\/fr\\\/une-voiture-electrique-a-moins-de-20-000-euros-cest-la-promesse-de-la-citroen-e-c3\\\/\"},\"author\":{\"name\":\"Damien Malvetti\",\"@id\":\"https:\\\/\\\/www.link2fleet.com\\\/fr\\\/#\\\/schema\\\/person\\\/027cd46113c78036b3809c9a054049da\"},\"headline\":\"Une voiture \u00e9lectrique \u00e0 moins de 20.000 euros? C&rsquo;est la promesse de la Citro\u00ebn \u00eb-C3\",\"datePublished\":\"2023-10-17T14:31:20+00:00\",\"mainEntityOfPage\":{\"@id\":\"https:\\\/\\\/www.link2fleet.com\\\/fr\\\/une-voiture-electrique-a-moins-de-20-000-euros-cest-la-promesse-de-la-citroen-e-c3\\\/\"},\"wordCount\":375,\"publisher\":{\"@id\":\"https:\\\/\\\/www.link2fleet.com\\\/fr\\\/#organization\"},\"image\":{\"@id\":\"https:\\\/\\\/www.link2fleet.com\\\/fr\\\/une-voiture-electrique-a-moins-de-20-000-euros-cest-la-promesse-de-la-citroen-e-c3\\\/#primaryimage\"},\"thumbnailUrl\":\"https:\\\/\\\/static.link2fleet.com\\\/wp-content\\\/uploads\\\/2024\\\/03\\\/citroen-e-c3-1-scaled-1.jpeg\",\"articleSection\":[\"Importateurs et constructeurs\",\"V\u00e9hicules\"],\"inLanguage\":\"fr-FR\"},{\"@type\":\"WebPage\",\"@id\":\"https:\\\/\\\/www.link2fleet.com\\\/fr\\\/une-voiture-electrique-a-moins-de-20-000-euros-cest-la-promesse-de-la-citroen-e-c3\\\/\",\"url\":\"https:\\\/\\\/www.link2fleet.com\\\/fr\\\/une-voiture-electrique-a-moins-de-20-000-euros-cest-la-promesse-de-la-citroen-e-c3\\\/\",\"name\":\"Une voiture \u00e9lectrique \u00e0 moins de 20.000 euros? C'est la promesse de la Citro\u00ebn \u00eb-C3 - link2fleet\",\"isPartOf\":{\"@id\":\"https:\\\/\\\/www.link2fleet.com\\\/fr\\\/#website\"},\"primaryImageOfPage\":{\"@id\":\"https:\\\/\\\/www.link2fleet.com\\\/fr\\\/une-voiture-electrique-a-moins-de-20-000-euros-cest-la-promesse-de-la-citroen-e-c3\\\/#primaryimage\"},\"image\":{\"@id\":\"https:\\\/\\\/www.link2fleet.com\\\/fr\\\/une-voiture-electrique-a-moins-de-20-000-euros-cest-la-promesse-de-la-citroen-e-c3\\\/#primaryimage\"},\"thumbnailUrl\":\"https:\\\/\\\/static.link2fleet.com\\\/wp-content\\\/uploads\\\/2024\\\/03\\\/citroen-e-c3-1-scaled-1.jpeg\",\"datePublished\":\"2023-10-17T14:31:20+00:00\",\"breadcrumb\":{\"@id\":\"https:\\\/\\\/www.link2fleet.com\\\/fr\\\/une-voiture-electrique-a-moins-de-20-000-euros-cest-la-promesse-de-la-citroen-e-c3\\\/#breadcrumb\"},\"inLanguage\":\"fr-FR\",\"potentialAction\":[{\"@type\":\"ReadAction\",\"target\":[\"https:\\\/\\\/www.link2fleet.com\\\/fr\\\/une-voiture-electrique-a-moins-de-20-000-euros-cest-la-promesse-de-la-citroen-e-c3\\\/\"]}]},{\"@type\":\"ImageObject\",\"inLanguage\":\"fr-FR\",\"@id\":\"https:\\\/\\\/www.link2fleet.com\\\/fr\\\/une-voiture-electrique-a-moins-de-20-000-euros-cest-la-promesse-de-la-citroen-e-c3\\\/#primaryimage\",\"url\":\"https:\\\/\\\/static.link2fleet.com\\\/wp-content\\\/uploads\\\/2024\\\/03\\\/citroen-e-c3-1-scaled-1.jpeg\",\"contentUrl\":\"https:\\\/\\\/static.link2fleet.com\\\/wp-content\\\/uploads\\\/2024\\\/03\\\/citroen-e-c3-1-scaled-1.jpeg\",\"width\":2560,\"height\":1920,\"caption\":\"|Copyright William Crozes @ Continental Productions|Copyright William Crozes @ Continental Productions|Copyright William Crozes @ Continental Productions\"},{\"@type\":\"BreadcrumbList\",\"@id\":\"https:\\\/\\\/www.link2fleet.com\\\/fr\\\/une-voiture-electrique-a-moins-de-20-000-euros-cest-la-promesse-de-la-citroen-e-c3\\\/#breadcrumb\",\"itemListElement\":[{\"@type\":\"ListItem\",\"position\":1,\"name\":\"Home\",\"item\":\"https:\\\/\\\/www.link2fleet.com\\\/fr\\\/\"},{\"@type\":\"ListItem\",\"position\":2,\"name\":\"Une voiture \u00e9lectrique \u00e0 moins de 20.000 euros? C&#8217;est la promesse de la Citro\u00ebn \u00eb-C3\"}]},{\"@type\":\"WebSite\",\"@id\":\"https:\\\/\\\/www.link2fleet.com\\\/fr\\\/#website\",\"url\":\"https:\\\/\\\/www.link2fleet.com\\\/fr\\\/\",\"name\":\"Link2fleet\",\"description\":\"\",\"publisher\":{\"@id\":\"https:\\\/\\\/www.link2fleet.com\\\/fr\\\/#organization\"},\"potentialAction\":[{\"@type\":\"SearchAction\",\"target\":{\"@type\":\"EntryPoint\",\"urlTemplate\":\"https:\\\/\\\/www.link2fleet.com\\\/fr\\\/?s={search_term_string}\"},\"query-input\":{\"@type\":\"PropertyValueSpecification\",\"valueRequired\":true,\"valueName\":\"search_term_string\"}}],\"inLanguage\":\"fr-FR\"},{\"@type\":\"Organization\",\"@id\":\"https:\\\/\\\/www.link2fleet.com\\\/fr\\\/#organization\",\"name\":\"Link2fleet\",\"url\":\"https:\\\/\\\/www.link2fleet.com\\\/fr\\\/\",\"logo\":{\"@type\":\"ImageObject\",\"inLanguage\":\"fr-FR\",\"@id\":\"https:\\\/\\\/www.link2fleet.com\\\/fr\\\/#\\\/schema\\\/logo\\\/image\\\/\",\"url\":\"https:\\\/\\\/static.link2fleet.com\\\/wp-content\\\/uploads\\\/2024\\\/03\\\/share-image.jpg\",\"contentUrl\":\"https:\\\/\\\/static.link2fleet.com\\\/wp-content\\\/uploads\\\/2024\\\/03\\\/share-image.jpg\",\"width\":1200,\"height\":630,\"caption\":\"Link2fleet\"},\"image\":{\"@id\":\"https:\\\/\\\/www.link2fleet.com\\\/fr\\\/#\\\/schema\\\/logo\\\/image\\\/\"},\"sameAs\":[\"https:\\\/\\\/www.linkedin.com\\\/company\\\/link2fleet-belgium\",\"https:\\\/\\\/www.youtube.com\\\/user\\\/MMMBMBE\"]},{\"@type\":\"Person\",\"@id\":\"https:\\\/\\\/www.link2fleet.com\\\/fr\\\/#\\\/schema\\\/person\\\/027cd46113c78036b3809c9a054049da\",\"name\":\"Damien Malvetti\",\"image\":{\"@type\":\"ImageObject\",\"inLanguage\":\"fr-FR\",\"@id\":\"https:\\\/\\\/secure.gravatar.com\\\/avatar\\\/dd8cc03b49466c735f753ac37f8caa371af16dfed347456ed61f02883255eebb?s=96&d=mm&r=g\",\"url\":\"https:\\\/\\\/secure.gravatar.com\\\/avatar\\\/dd8cc03b49466c735f753ac37f8caa371af16dfed347456ed61f02883255eebb?s=96&d=mm&r=g\",\"contentUrl\":\"https:\\\/\\\/secure.gravatar.com\\\/avatar\\\/dd8cc03b49466c735f753ac37f8caa371af16dfed347456ed61f02883255eebb?s=96&d=mm&r=g\",\"caption\":\"Damien Malvetti\"},\"description\":\"Damien Malvetti is opgeleid als journalist en gepassioneerd door wagens, technologie en mobiliteit. Hij is verantwoordelijk voor de redactionele inhoud van link2fleet en beschikt over een uitgebreide kennis van de fleet-sector en elektrische mobiliteit.\",\"sameAs\":[\"https:\\\/\\\/www.linkedin.com\\\/in\\\/damien-malvetti-56601142\\\/\"]}]}<\/script>\n<!-- \/ Yoast SEO plugin. -->","yoast_head_json":{"title":"Une voiture \u00e9lectrique \u00e0 moins de 20.000 euros? C'est la promesse de la Citro\u00ebn \u00eb-C3 - link2fleet","description":"Citro\u00ebn a d\u00e9voil\u00e9 aujourd&rsquo;hui la nouvelle g\u00e9n\u00e9ration de sa petite citadine C3. D\u00e9sormais, elle se d\u00e9clinera en version full \u00e9lectrique. Et bonne nouvelle, la marque\u2026","robots":{"index":"index","follow":"follow","max-snippet":"max-snippet:-1","max-image-preview":"max-image-preview:large","max-video-preview":"max-video-preview:-1"},"og_locale":"fr_FR","og_type":"article","og_title":"Une voiture \u00e9lectrique \u00e0 moins de 20.000 euros? C'est la promesse de la Citro\u00ebn \u00eb-C3 - link2fleet","og_description":"Citro\u00ebn a d\u00e9voil\u00e9 aujourd&rsquo;hui la nouvelle g\u00e9n\u00e9ration de sa petite citadine C3. D\u00e9sormais, elle se d\u00e9clinera en version full \u00e9lectrique. Et bonne nouvelle, la marque\u2026","og_url":"https:\/\/www.link2fleet.com\/fr\/une-voiture-electrique-a-moins-de-20-000-euros-cest-la-promesse-de-la-citroen-e-c3\/","og_site_name":"link2fleet","article_published_time":"2023-10-17T14:31:20+00:00","og_image":[{"width":2560,"height":1920,"url":"https:\/\/static.link2fleet.com\/wp-content\/uploads\/2024\/03\/citroen-e-c3-1-scaled-1.jpeg","type":"image\/jpeg"}],"author":"Damien Malvetti","twitter_card":"summary_large_image","twitter_description":"Citro\u00ebn a d\u00e9voil\u00e9 aujourd&rsquo;hui la nouvelle g\u00e9n\u00e9ration de sa petite citadine C3. D\u00e9sormais, elle se d\u00e9clinera en version full \u00e9lectrique. Et bonne nouvelle, la marque\u2026","twitter_misc":{"\u00c9crit par":"Damien Malvetti","Dur\u00e9e de lecture estim\u00e9e":"2 minutes"},"schema":{"@context":"https:\/\/schema.org","@graph":[{"@type":"Article","@id":"https:\/\/www.link2fleet.com\/fr\/une-voiture-electrique-a-moins-de-20-000-euros-cest-la-promesse-de-la-citroen-e-c3\/#article","isPartOf":{"@id":"https:\/\/www.link2fleet.com\/fr\/une-voiture-electrique-a-moins-de-20-000-euros-cest-la-promesse-de-la-citroen-e-c3\/"},"author":{"name":"Damien Malvetti","@id":"https:\/\/www.link2fleet.com\/fr\/#\/schema\/person\/027cd46113c78036b3809c9a054049da"},"headline":"Une voiture \u00e9lectrique \u00e0 moins de 20.000 euros? C&rsquo;est la promesse de la Citro\u00ebn \u00eb-C3","datePublished":"2023-10-17T14:31:20+00:00","mainEntityOfPage":{"@id":"https:\/\/www.link2fleet.com\/fr\/une-voiture-electrique-a-moins-de-20-000-euros-cest-la-promesse-de-la-citroen-e-c3\/"},"wordCount":375,"publisher":{"@id":"https:\/\/www.link2fleet.com\/fr\/#organization"},"image":{"@id":"https:\/\/www.link2fleet.com\/fr\/une-voiture-electrique-a-moins-de-20-000-euros-cest-la-promesse-de-la-citroen-e-c3\/#primaryimage"},"thumbnailUrl":"https:\/\/static.link2fleet.com\/wp-content\/uploads\/2024\/03\/citroen-e-c3-1-scaled-1.jpeg","articleSection":["Importateurs et constructeurs","V\u00e9hicules"],"inLanguage":"fr-FR"},{"@type":"WebPage","@id":"https:\/\/www.link2fleet.com\/fr\/une-voiture-electrique-a-moins-de-20-000-euros-cest-la-promesse-de-la-citroen-e-c3\/","url":"https:\/\/www.link2fleet.com\/fr\/une-voiture-electrique-a-moins-de-20-000-euros-cest-la-promesse-de-la-citroen-e-c3\/","name":"Une voiture \u00e9lectrique \u00e0 moins de 20.000 euros? C'est la promesse de la Citro\u00ebn \u00eb-C3 - link2fleet","isPartOf":{"@id":"https:\/\/www.link2fleet.com\/fr\/#website"},"primaryImageOfPage":{"@id":"https:\/\/www.link2fleet.com\/fr\/une-voiture-electrique-a-moins-de-20-000-euros-cest-la-promesse-de-la-citroen-e-c3\/#primaryimage"},"image":{"@id":"https:\/\/www.link2fleet.com\/fr\/une-voiture-electrique-a-moins-de-20-000-euros-cest-la-promesse-de-la-citroen-e-c3\/#primaryimage"},"thumbnailUrl":"https:\/\/static.link2fleet.com\/wp-content\/uploads\/2024\/03\/citroen-e-c3-1-scaled-1.jpeg","datePublished":"2023-10-17T14:31:20+00:00","breadcrumb":{"@id":"https:\/\/www.link2fleet.com\/fr\/une-voiture-electrique-a-moins-de-20-000-euros-cest-la-promesse-de-la-citroen-e-c3\/#breadcrumb"},"inLanguage":"fr-FR","potentialAction":[{"@type":"ReadAction","target":["https:\/\/www.link2fleet.com\/fr\/une-voiture-electrique-a-moins-de-20-000-euros-cest-la-promesse-de-la-citroen-e-c3\/"]}]},{"@type":"ImageObject","inLanguage":"fr-FR","@id":"https:\/\/www.link2fleet.com\/fr\/une-voiture-electrique-a-moins-de-20-000-euros-cest-la-promesse-de-la-citroen-e-c3\/#primaryimage","url":"https:\/\/static.link2fleet.com\/wp-content\/uploads\/2024\/03\/citroen-e-c3-1-scaled-1.jpeg","contentUrl":"https:\/\/static.link2fleet.com\/wp-content\/uploads\/2024\/03\/citroen-e-c3-1-scaled-1.jpeg","width":2560,"height":1920,"caption":"|Copyright William Crozes @ Continental Productions|Copyright William Crozes @ Continental Productions|Copyright William Crozes @ Continental Productions"},{"@type":"BreadcrumbList","@id":"https:\/\/www.link2fleet.com\/fr\/une-voiture-electrique-a-moins-de-20-000-euros-cest-la-promesse-de-la-citroen-e-c3\/#breadcrumb","itemListElement":[{"@type":"ListItem","position":1,"name":"Home","item":"https:\/\/www.link2fleet.com\/fr\/"},{"@type":"ListItem","position":2,"name":"Une voiture \u00e9lectrique \u00e0 moins de 20.000 euros? C&#8217;est la promesse de la Citro\u00ebn \u00eb-C3"}]},{"@type":"WebSite","@id":"https:\/\/www.link2fleet.com\/fr\/#website","url":"https:\/\/www.link2fleet.com\/fr\/","name":"Link2fleet","description":"","publisher":{"@id":"https:\/\/www.link2fleet.com\/fr\/#organization"},"potentialAction":[{"@type":"SearchAction","target":{"@type":"EntryPoint","urlTemplate":"https:\/\/www.link2fleet.com\/fr\/?s={search_term_string}"},"query-input":{"@type":"PropertyValueSpecification","valueRequired":true,"valueName":"search_term_string"}}],"inLanguage":"fr-FR"},{"@type":"Organization","@id":"https:\/\/www.link2fleet.com\/fr\/#organization","name":"Link2fleet","url":"https:\/\/www.link2fleet.com\/fr\/","logo":{"@type":"ImageObject","inLanguage":"fr-FR","@id":"https:\/\/www.link2fleet.com\/fr\/#\/schema\/logo\/image\/","url":"https:\/\/static.link2fleet.com\/wp-content\/uploads\/2024\/03\/share-image.jpg","contentUrl":"https:\/\/static.link2fleet.com\/wp-content\/uploads\/2024\/03\/share-image.jpg","width":1200,"height":630,"caption":"Link2fleet"},"image":{"@id":"https:\/\/www.link2fleet.com\/fr\/#\/schema\/logo\/image\/"},"sameAs":["https:\/\/www.linkedin.com\/company\/link2fleet-belgium","https:\/\/www.youtube.com\/user\/MMMBMBE"]},{"@type":"Person","@id":"https:\/\/www.link2fleet.com\/fr\/#\/schema\/person\/027cd46113c78036b3809c9a054049da","name":"Damien Malvetti","image":{"@type":"ImageObject","inLanguage":"fr-FR","@id":"https:\/\/secure.gravatar.com\/avatar\/dd8cc03b49466c735f753ac37f8caa371af16dfed347456ed61f02883255eebb?s=96&d=mm&r=g","url":"https:\/\/secure.gravatar.com\/avatar\/dd8cc03b49466c735f753ac37f8caa371af16dfed347456ed61f02883255eebb?s=96&d=mm&r=g","contentUrl":"https:\/\/secure.gravatar.com\/avatar\/dd8cc03b49466c735f753ac37f8caa371af16dfed347456ed61f02883255eebb?s=96&d=mm&r=g","caption":"Damien Malvetti"},"description":"Damien Malvetti is opgeleid als journalist en gepassioneerd door wagens, technologie en mobiliteit. Hij is verantwoordelijk voor de redactionele inhoud van link2fleet en beschikt over een uitgebreide kennis van de fleet-sector en elektrische mobiliteit.","sameAs":["https:\/\/www.linkedin.com\/in\/damien-malvetti-56601142\/"]}]}},"_links":{"self":[{"href":"https:\/\/www.link2fleet.com\/fr\/wp-json\/wp\/v2\/posts\/10906","targetHints":{"allow":["GET"]}}],"collection":[{"href":"https:\/\/www.link2fleet.com\/fr\/wp-json\/wp\/v2\/posts"}],"about":[{"href":"https:\/\/www.link2fleet.com\/fr\/wp-json\/wp\/v2\/types\/post"}],"author":[{"embeddable":true,"href":"https:\/\/www.link2fleet.com\/fr\/wp-json\/wp\/v2\/users\/4"}],"replies":[{"embeddable":true,"href":"https:\/\/www.link2fleet.com\/fr\/wp-json\/wp\/v2\/comments?post=10906"}],"version-history":[{"count":0,"href":"https:\/\/www.link2fleet.com\/fr\/wp-json\/wp\/v2\/posts\/10906\/revisions"}],"wp:featuredmedia":[{"embeddable":true,"href":"https:\/\/www.link2fleet.com\/fr\/wp-json\/wp\/v2\/media\/10907"}],"wp:attachment":[{"href":"https:\/\/www.link2fleet.com\/fr\/wp-json\/wp\/v2\/media?parent=10906"}],"wp:term":[{"taxonomy":"category","embeddable":true,"href":"https:\/\/www.link2fleet.com\/fr\/wp-json\/wp\/v2\/categories?post=10906"},{"taxonomy":"post_tag","embeddable":true,"href":"https:\/\/www.link2fleet.com\/fr\/wp-json\/wp\/v2\/tags?post=10906"}],"curies":[{"name":"wp","href":"https:\/\/api.w.org\/{rel}","templated":true}]}}