{"id":10933,"date":"2023-10-24T13:32:30","date_gmt":"2023-10-24T11:32:30","guid":{"rendered":"https:\/\/www.link2fleet.com\/fleet-test-smart-1-le-meilleur-de-mercedes-et-geely\/"},"modified":"2024-04-12T15:11:07","modified_gmt":"2024-04-12T13:11:07","slug":"fleet-test-smart-1-le-meilleur-de-mercedes-et-geely","status":"publish","type":"post","link":"https:\/\/www.link2fleet.com\/fr\/fleet-test-smart-1-le-meilleur-de-mercedes-et-geely\/","title":{"rendered":"Fleet test smart #1: le meilleur de Mercedes et Geely"},"content":{"rendered":"<p style=\"font-weight: 400;\">Au niveau du format, la #1 n\u2019a plus grand-chose \u00e0 voir avec le concept smart d\u2019il y a 25 ans. Bas\u00e9e sur la plateforme SEA du groupe Geely qui sert notamment de base aux <a href=\"https:\/\/www.link2fleet.com\/fr\/volvo-ex30-rouler-en-electrique-pour-le-prix-dun-cross-over-essence\/\">Volvo EX30<\/a> et <a href=\"https:\/\/www.link2fleet.com\/fr\/premier-essai-zeekr-x-et-001-le-chinois-qui-veut-surpasser-tesla\/\">Zeekr X<\/a>, elle prend la forme d\u2019un SUV compact d\u2019une longueur de 4,27 m\u00e8tres et arbore de faux airs de Mini Countryman.<\/p>\n<p style=\"font-weight: 400;\">Ses lignes g\u00e9n\u00e9rales sont plut\u00f4t rondouillardes avec son montant C qui plonge vers l\u2019arri\u00e8re, ses feux avant qui s\u2019\u00e9tirent vers les flancs et se rejoignent au centre par une ligne de LED discontinue. A l\u2019arri\u00e8re, la signature lumineuse qui traverse le hayon est tout droit h\u00e9rit\u00e9e des mod\u00e8les de la gamme EQ de Mercedes.<\/p>\n<p style=\"font-weight: 400;\"><a href=\"https:\/\/www.link2fleet.com\/wp-content\/uploads\/2023\/10\/smart_1_-5.jpeg\"><img loading=\"lazy\" decoding=\"async\" class=\"alignleft size-medium wp-image-1299255\" src=\"https:\/\/www.link2fleet.com\/wp-content\/uploads\/2023\/10\/smart_1_-5-300x225.jpeg\" alt=\"\" width=\"300\" height=\"225\" \/><\/a>M\u00eame constat \u00e0 l\u2019int\u00e9rieur, o\u00f9 la planche de bord a \u00e9t\u00e9 r\u00e9alis\u00e9e par les ing\u00e9nieurs de Mercedes. Cela transpara\u00eet dans son design, mais aussi dans le choix de ses mat\u00e9riaux d\u2019excellente qualit\u00e9. On a particuli\u00e8rement appr\u00e9ci\u00e9 les d\u00e9corations en aluminium bross\u00e9 qui garnissent tout l\u2019habitacle. La planche de bord est surmont\u00e9e d\u2019un grand \u00e9cran tactile de 12,8 pouces qui int\u00e8gre toutes les commandes du v\u00e9hicule, tandis que le tableau de bord digital de 9,2 pouces se d\u00e9ploie tout en longueur devant le conducteur pour une meilleure visibilit\u00e9. L\u2019interface est exclusive avec des boutons qui donnent l\u2019impression de naviguer dans un smartphone et la pr\u00e9sence d\u2019un petit compagnon de route sous la forme d\u2019un renard, \u00e0 qui vous pouvez poser toutes vos questions ou demander de l\u2019aide.<\/p>\n<p style=\"font-weight: 400;\">Tout ce soin apport\u00e9 aux d\u00e9tails fait de la smart #1 une voiture originale et qualitative d\u00e8s le premier regard.<\/p>\n<p style=\"font-weight: 400;\">Gr\u00e2ce \u00e0 ses grandes vitres et son grand toit panoramique, la smart #1 laisse largement p\u00e9n\u00e9trer la lumi\u00e8re dans son habitacle et accroit ainsi l\u2019impression d\u2019espace. L\u2019espace int\u00e9rieur est g\u00e9n\u00e9reux pour son format et permet \u00e0 4 adultes de prendre place dans l\u2019habitacle sans probl\u00e8me. Quant au coffre, il affiche un volume de 288 litres \u00e0 426 litres selon le positionnement des si\u00e8ges arri\u00e8re.<\/p>\n<p><a href=\"https:\/\/www.link2fleet.com\/wp-content\/uploads\/2023\/10\/smart_1_-4.jpg\"><img loading=\"lazy\" decoding=\"async\" class=\"aligncenter wp-image-1299253\" src=\"https:\/\/www.link2fleet.com\/wp-content\/uploads\/2023\/10\/smart_1_-4-1024x640.jpg\" alt=\"\" width=\"538\" height=\"336\" \/><\/a><\/p>\n<p>&nbsp;<\/p>\n<p style=\"font-weight: 400;\"><strong>A l\u2019aise dans toutes les situations<\/strong><\/p>\n<p style=\"font-weight: 400;\"><a href=\"https:\/\/www.link2fleet.com\/wp-content\/uploads\/2022\/09\/Smart_6.png\"><img loading=\"lazy\" decoding=\"async\" class=\"alignright size-medium wp-image-1283913\" src=\"https:\/\/www.link2fleet.com\/wp-content\/uploads\/2022\/09\/Smart_6-300x225.png\" alt=\"\" width=\"300\" height=\"225\" \/><\/a>Au volant, la smart #1 se montre plut\u00f4t convaincante et \u00e0 l\u2019aise dans toutes les situations. Elle offre une position de conduite id\u00e9ale pour dominer la route, un beau compromis entre confort et conduite dynamique, sans se montrer r\u00e9ellement sportive. Difficile toutefois de la prendre en d\u00e9faut. On pourrait bien regretter quelque peu le manque de fermet\u00e9 de ses suspensions qui font parfois ressentir le poids plut\u00f4t \u00e9lev\u00e9 de la voiture. Mais pour le reste, la #1 r\u00e9ussit un sans-faute.<\/p>\n<p style=\"font-weight: 400;\">Si vous voulez ressentir un peu de sportivit\u00e9 \u00e0 son volant, il vous faudra opter pour la version Brabus et ses 428 ch, dont le comportement est digne du badge.<\/p>\n<p style=\"font-weight: 400;\"><strong>D\u00e8s 30.000 euros<\/strong><\/p>\n<p style=\"font-weight: 400;\">La smart #1 est disponible chez nous dans diff\u00e9rentes versions dont la Pro+, la Premium et la surpuissante Brabus. Elle propose une batterie d\u2019une capacit\u00e9 de 66 kWh pour une autonomie annonc\u00e9e aux alentours de 420 km et une recharge DC \u00e0 150 kW de 30 minutes pour passer de 10 \u00e0 80% d\u2019autonomie.<\/p>\n<p style=\"font-weight: 400;\">La marque vient \u00e9galement d\u2019\u00e9largir son offre avec une version d\u2019entr\u00e9e de gamme Pro dot\u00e9e d\u2019une plus petite batterie de 49 kWh capable de parcourir jusqu\u2019\u00e0 310 km en une seule charge et dont le prix de d\u00e9part est de 36.495 euros TVAC (30.161 euros htva).<\/p>\n<p><a href=\"https:\/\/www.link2fleet.com\/wp-content\/uploads\/2022\/09\/Smart_7.jpg\"><img loading=\"lazy\" decoding=\"async\" class=\"aligncenter size-large wp-image-1283915\" src=\"https:\/\/www.link2fleet.com\/wp-content\/uploads\/2022\/09\/Smart_7-1024x768.jpg\" alt=\"\" width=\"640\" height=\"480\" \/><\/a><\/p>\n<p>&nbsp;<\/p>\n<p style=\"font-weight: 400;\"><strong>Bilan fleet<\/strong><\/p>\n<p style=\"font-weight: 400;\">En joignant leurs efforts pour offrir un renouveau \u00e0 la marque smart, Mercedes et Geely r\u00e9ussissent un bel exploit\u00a0: celui de proposer une petite citadine 100% \u00e9lectrique styl\u00e9e et moderne, parfaite pour la ville et offrant une autonomie suffisante pour la majorit\u00e9 des d\u00e9placements quotidiens. En y ajoutant une version Pro dont le prix d\u2019entr\u00e9e de gamme se situe \u00e0 peine au-dessus des 30.000 euros, smart offre une solution full \u00e9lectrique id\u00e9ale \u00e0 ceux dont le budget fleet est serr\u00e9.<\/p>\n<p style=\"font-weight: 400;\"><strong>Fiche technique<\/strong><\/p>\n<table style=\"font-weight: 400;\">\n<tbody>\n<tr>\n<td colspan=\"2\" width=\"604\"><strong>Smart #1 Premium<\/strong><\/td>\n<\/tr>\n<tr>\n<td width=\"302\">Puissance moteur<\/td>\n<td width=\"302\">272 ch<\/td>\n<\/tr>\n<tr>\n<td width=\"302\">Batterie<\/td>\n<td width=\"302\">66 kWh<\/td>\n<\/tr>\n<tr>\n<td width=\"302\">Autonomie (WLTP)<\/td>\n<td width=\"302\">440 km<\/td>\n<\/tr>\n<tr>\n<td width=\"302\">Volume du coffre<\/td>\n<td width=\"302\">288 l<\/td>\n<\/tr>\n<tr>\n<td width=\"302\">Consommation moyenne relev\u00e9e<\/td>\n<td width=\"302\">17,4 kWh\/100 km<\/td>\n<\/tr>\n<tr>\n<td width=\"302\">Vitesse maximale<\/td>\n<td width=\"302\">180 km\/h<\/td>\n<\/tr>\n<\/tbody>\n<\/table>\n<table style=\"font-weight: 400;\">\n<tbody>\n<tr>\n<td width=\"302\">Prix de base HTVA<\/td>\n<td width=\"302\">36.359,50 \u20ac<\/td>\n<\/tr>\n<tr>\n<td width=\"302\">Prix de base TVAC<\/td>\n<td width=\"302\">43.995 \u20ac<\/td>\n<\/tr>\n<tr>\n<td width=\"302\">TMC (Bruxelles, Wallonie, Leasing)<\/td>\n<td width=\"302\">61,5 \u20ac<\/td>\n<\/tr>\n<tr>\n<td width=\"302\">BIV (Flandre)<\/td>\n<td width=\"302\">0 \u20ac<\/td>\n<\/tr>\n<tr>\n<td width=\"302\">Taxe de roulage (Bruxelles, Wallonie, Leasing)<\/td>\n<td width=\"302\">97,68 \u20ac<\/td>\n<\/tr>\n<tr>\n<td width=\"302\">Taxe de roulage (Flandre)<\/td>\n<td width=\"302\">0 \u20ac<\/td>\n<\/tr>\n<tr>\n<td width=\"302\">ATN utilisateur brut<\/td>\n<td width=\"302\">128,33 \u20ac\/mois<\/td>\n<\/tr>\n<tr>\n<td width=\"302\">D\u00e9penses non-admises<\/td>\n<td width=\"302\">261,80 \u20ac<\/td>\n<\/tr>\n<tr>\n<td width=\"302\">Cotisation CO2<\/td>\n<td width=\"302\">36,68 \u20ac<\/td>\n<\/tr>\n<\/tbody>\n<\/table>\n<p style=\"font-weight: 400;\">\n","protected":false},"excerpt":{"rendered":"<p>Au niveau du format, la #1 n\u2019a plus grand-chose \u00e0 voir avec le concept smart d\u2019il y a 25 ans. Bas\u00e9e sur la plateforme SEA du groupe Geely qui sert notamment de base aux Volvo EX30 et Zeekr X, elle prend la forme d\u2019un SUV compact d\u2019une longueur de 4,27 m\u00e8tres et arbore de faux [&hellip;]<\/p>\n","protected":false},"author":4,"featured_media":10934,"comment_status":"closed","ping_status":"closed","sticky":false,"template":"","format":"standard","meta":{"_acf_changed":false,"footnotes":""},"categories":[134],"tags":[],"class_list":["post-10933","post","type-post","status-publish","format-standard","has-post-thumbnail","hentry","category-fleet-test"],"acf":[],"yoast_head":"<!-- This site is optimized with the Yoast SEO plugin v27.3 - https:\/\/yoast.com\/product\/yoast-seo-wordpress\/ -->\n<title>Fleet test smart #1: le meilleur de Mercedes et Geely - link2fleet<\/title>\n<meta name=\"description\" content=\"Vous l\u2019avez certainement d\u00e9j\u00e0 lu ou entendu\u00a0: smart appartient d\u00e9sormais \u00e0 50% \u00e0 Mercedes et \u00e0 50% au groupe chinois Geely. De quoi offrir \u00e0\u2026\" \/>\n<meta name=\"robots\" content=\"index, follow, max-snippet:-1, max-image-preview:large, max-video-preview:-1\" \/>\n<meta property=\"og:locale\" content=\"fr_FR\" \/>\n<meta property=\"og:type\" content=\"article\" \/>\n<meta property=\"og:title\" content=\"Fleet test smart #1: le meilleur de Mercedes et Geely - link2fleet\" \/>\n<meta property=\"og:description\" content=\"Vous l\u2019avez certainement d\u00e9j\u00e0 lu ou entendu\u00a0: smart appartient d\u00e9sormais \u00e0 50% \u00e0 Mercedes et \u00e0 50% au groupe chinois Geely. De quoi offrir \u00e0\u2026\" \/>\n<meta property=\"og:url\" content=\"https:\/\/www.link2fleet.com\/fr\/fleet-test-smart-1-le-meilleur-de-mercedes-et-geely\/\" \/>\n<meta property=\"og:site_name\" content=\"link2fleet\" \/>\n<meta property=\"article:published_time\" content=\"2023-10-24T11:32:30+00:00\" \/>\n<meta property=\"article:modified_time\" content=\"2024-04-12T13:11:07+00:00\" \/>\n<meta property=\"og:image\" content=\"https:\/\/static.link2fleet.com\/wp-content\/uploads\/2024\/03\/smart-1-3.jpg\" \/>\n\t<meta property=\"og:image:width\" content=\"2200\" \/>\n\t<meta property=\"og:image:height\" content=\"1238\" \/>\n\t<meta property=\"og:image:type\" content=\"image\/jpeg\" \/>\n<meta name=\"author\" content=\"Damien Malvetti\" \/>\n<meta name=\"twitter:card\" content=\"summary_large_image\" \/>\n<meta name=\"twitter:description\" content=\"Vous l\u2019avez certainement d\u00e9j\u00e0 lu ou entendu\u00a0: smart appartient d\u00e9sormais \u00e0 50% \u00e0 Mercedes et \u00e0 50% au groupe chinois Geely. De quoi offrir \u00e0\u2026\" \/>\n<meta name=\"twitter:label1\" content=\"\u00c9crit par\" \/>\n\t<meta name=\"twitter:data1\" content=\"Damien Malvetti\" \/>\n\t<meta name=\"twitter:label2\" content=\"Dur\u00e9e de lecture estim\u00e9e\" \/>\n\t<meta name=\"twitter:data2\" content=\"4 minutes\" \/>\n<script type=\"application\/ld+json\" class=\"yoast-schema-graph\">{\"@context\":\"https:\\\/\\\/schema.org\",\"@graph\":[{\"@type\":\"Article\",\"@id\":\"https:\\\/\\\/www.link2fleet.com\\\/fr\\\/fleet-test-smart-1-le-meilleur-de-mercedes-et-geely\\\/#article\",\"isPartOf\":{\"@id\":\"https:\\\/\\\/www.link2fleet.com\\\/fr\\\/fleet-test-smart-1-le-meilleur-de-mercedes-et-geely\\\/\"},\"author\":{\"name\":\"Damien Malvetti\",\"@id\":\"https:\\\/\\\/www.link2fleet.com\\\/fr\\\/#\\\/schema\\\/person\\\/027cd46113c78036b3809c9a054049da\"},\"headline\":\"Fleet test smart #1: le meilleur de Mercedes et Geely\",\"datePublished\":\"2023-10-24T11:32:30+00:00\",\"dateModified\":\"2024-04-12T13:11:07+00:00\",\"mainEntityOfPage\":{\"@id\":\"https:\\\/\\\/www.link2fleet.com\\\/fr\\\/fleet-test-smart-1-le-meilleur-de-mercedes-et-geely\\\/\"},\"wordCount\":736,\"publisher\":{\"@id\":\"https:\\\/\\\/www.link2fleet.com\\\/fr\\\/#organization\"},\"image\":{\"@id\":\"https:\\\/\\\/www.link2fleet.com\\\/fr\\\/fleet-test-smart-1-le-meilleur-de-mercedes-et-geely\\\/#primaryimage\"},\"thumbnailUrl\":\"https:\\\/\\\/static.link2fleet.com\\\/wp-content\\\/uploads\\\/2024\\\/03\\\/smart-1-3.jpg\",\"articleSection\":[\"Essais fleet\"],\"inLanguage\":\"fr-FR\"},{\"@type\":\"WebPage\",\"@id\":\"https:\\\/\\\/www.link2fleet.com\\\/fr\\\/fleet-test-smart-1-le-meilleur-de-mercedes-et-geely\\\/\",\"url\":\"https:\\\/\\\/www.link2fleet.com\\\/fr\\\/fleet-test-smart-1-le-meilleur-de-mercedes-et-geely\\\/\",\"name\":\"Fleet test smart #1: le meilleur de Mercedes et Geely - link2fleet\",\"isPartOf\":{\"@id\":\"https:\\\/\\\/www.link2fleet.com\\\/fr\\\/#website\"},\"primaryImageOfPage\":{\"@id\":\"https:\\\/\\\/www.link2fleet.com\\\/fr\\\/fleet-test-smart-1-le-meilleur-de-mercedes-et-geely\\\/#primaryimage\"},\"image\":{\"@id\":\"https:\\\/\\\/www.link2fleet.com\\\/fr\\\/fleet-test-smart-1-le-meilleur-de-mercedes-et-geely\\\/#primaryimage\"},\"thumbnailUrl\":\"https:\\\/\\\/static.link2fleet.com\\\/wp-content\\\/uploads\\\/2024\\\/03\\\/smart-1-3.jpg\",\"datePublished\":\"2023-10-24T11:32:30+00:00\",\"dateModified\":\"2024-04-12T13:11:07+00:00\",\"breadcrumb\":{\"@id\":\"https:\\\/\\\/www.link2fleet.com\\\/fr\\\/fleet-test-smart-1-le-meilleur-de-mercedes-et-geely\\\/#breadcrumb\"},\"inLanguage\":\"fr-FR\",\"potentialAction\":[{\"@type\":\"ReadAction\",\"target\":[\"https:\\\/\\\/www.link2fleet.com\\\/fr\\\/fleet-test-smart-1-le-meilleur-de-mercedes-et-geely\\\/\"]}]},{\"@type\":\"ImageObject\",\"inLanguage\":\"fr-FR\",\"@id\":\"https:\\\/\\\/www.link2fleet.com\\\/fr\\\/fleet-test-smart-1-le-meilleur-de-mercedes-et-geely\\\/#primaryimage\",\"url\":\"https:\\\/\\\/static.link2fleet.com\\\/wp-content\\\/uploads\\\/2024\\\/03\\\/smart-1-3.jpg\",\"contentUrl\":\"https:\\\/\\\/static.link2fleet.com\\\/wp-content\\\/uploads\\\/2024\\\/03\\\/smart-1-3.jpg\",\"width\":2200,\"height\":1238,\"caption\":\"||||\"},{\"@type\":\"BreadcrumbList\",\"@id\":\"https:\\\/\\\/www.link2fleet.com\\\/fr\\\/fleet-test-smart-1-le-meilleur-de-mercedes-et-geely\\\/#breadcrumb\",\"itemListElement\":[{\"@type\":\"ListItem\",\"position\":1,\"name\":\"Home\",\"item\":\"https:\\\/\\\/www.link2fleet.com\\\/fr\\\/\"},{\"@type\":\"ListItem\",\"position\":2,\"name\":\"Fleet test smart #1: le meilleur de Mercedes et Geely\"}]},{\"@type\":\"WebSite\",\"@id\":\"https:\\\/\\\/www.link2fleet.com\\\/fr\\\/#website\",\"url\":\"https:\\\/\\\/www.link2fleet.com\\\/fr\\\/\",\"name\":\"Link2fleet\",\"description\":\"\",\"publisher\":{\"@id\":\"https:\\\/\\\/www.link2fleet.com\\\/fr\\\/#organization\"},\"potentialAction\":[{\"@type\":\"SearchAction\",\"target\":{\"@type\":\"EntryPoint\",\"urlTemplate\":\"https:\\\/\\\/www.link2fleet.com\\\/fr\\\/?s={search_term_string}\"},\"query-input\":{\"@type\":\"PropertyValueSpecification\",\"valueRequired\":true,\"valueName\":\"search_term_string\"}}],\"inLanguage\":\"fr-FR\"},{\"@type\":\"Organization\",\"@id\":\"https:\\\/\\\/www.link2fleet.com\\\/fr\\\/#organization\",\"name\":\"Link2fleet\",\"url\":\"https:\\\/\\\/www.link2fleet.com\\\/fr\\\/\",\"logo\":{\"@type\":\"ImageObject\",\"inLanguage\":\"fr-FR\",\"@id\":\"https:\\\/\\\/www.link2fleet.com\\\/fr\\\/#\\\/schema\\\/logo\\\/image\\\/\",\"url\":\"https:\\\/\\\/static.link2fleet.com\\\/wp-content\\\/uploads\\\/2024\\\/03\\\/share-image.jpg\",\"contentUrl\":\"https:\\\/\\\/static.link2fleet.com\\\/wp-content\\\/uploads\\\/2024\\\/03\\\/share-image.jpg\",\"width\":1200,\"height\":630,\"caption\":\"Link2fleet\"},\"image\":{\"@id\":\"https:\\\/\\\/www.link2fleet.com\\\/fr\\\/#\\\/schema\\\/logo\\\/image\\\/\"},\"sameAs\":[\"https:\\\/\\\/www.linkedin.com\\\/company\\\/link2fleet-belgium\",\"https:\\\/\\\/www.youtube.com\\\/user\\\/MMMBMBE\"]},{\"@type\":\"Person\",\"@id\":\"https:\\\/\\\/www.link2fleet.com\\\/fr\\\/#\\\/schema\\\/person\\\/027cd46113c78036b3809c9a054049da\",\"name\":\"Damien Malvetti\",\"image\":{\"@type\":\"ImageObject\",\"inLanguage\":\"fr-FR\",\"@id\":\"https:\\\/\\\/secure.gravatar.com\\\/avatar\\\/dd8cc03b49466c735f753ac37f8caa371af16dfed347456ed61f02883255eebb?s=96&d=mm&r=g\",\"url\":\"https:\\\/\\\/secure.gravatar.com\\\/avatar\\\/dd8cc03b49466c735f753ac37f8caa371af16dfed347456ed61f02883255eebb?s=96&d=mm&r=g\",\"contentUrl\":\"https:\\\/\\\/secure.gravatar.com\\\/avatar\\\/dd8cc03b49466c735f753ac37f8caa371af16dfed347456ed61f02883255eebb?s=96&d=mm&r=g\",\"caption\":\"Damien Malvetti\"},\"description\":\"Damien Malvetti is opgeleid als journalist en gepassioneerd door wagens, technologie en mobiliteit. Hij is verantwoordelijk voor de redactionele inhoud van link2fleet en beschikt over een uitgebreide kennis van de fleet-sector en elektrische mobiliteit.\",\"sameAs\":[\"https:\\\/\\\/www.linkedin.com\\\/in\\\/damien-malvetti-56601142\\\/\"]}]}<\/script>\n<!-- \/ Yoast SEO plugin. -->","yoast_head_json":{"title":"Fleet test smart #1: le meilleur de Mercedes et Geely - link2fleet","description":"Vous l\u2019avez certainement d\u00e9j\u00e0 lu ou entendu\u00a0: smart appartient d\u00e9sormais \u00e0 50% \u00e0 Mercedes et \u00e0 50% au groupe chinois Geely. De quoi offrir \u00e0\u2026","robots":{"index":"index","follow":"follow","max-snippet":"max-snippet:-1","max-image-preview":"max-image-preview:large","max-video-preview":"max-video-preview:-1"},"og_locale":"fr_FR","og_type":"article","og_title":"Fleet test smart #1: le meilleur de Mercedes et Geely - link2fleet","og_description":"Vous l\u2019avez certainement d\u00e9j\u00e0 lu ou entendu\u00a0: smart appartient d\u00e9sormais \u00e0 50% \u00e0 Mercedes et \u00e0 50% au groupe chinois Geely. De quoi offrir \u00e0\u2026","og_url":"https:\/\/www.link2fleet.com\/fr\/fleet-test-smart-1-le-meilleur-de-mercedes-et-geely\/","og_site_name":"link2fleet","article_published_time":"2023-10-24T11:32:30+00:00","article_modified_time":"2024-04-12T13:11:07+00:00","og_image":[{"width":2200,"height":1238,"url":"https:\/\/static.link2fleet.com\/wp-content\/uploads\/2024\/03\/smart-1-3.jpg","type":"image\/jpeg"}],"author":"Damien Malvetti","twitter_card":"summary_large_image","twitter_description":"Vous l\u2019avez certainement d\u00e9j\u00e0 lu ou entendu\u00a0: smart appartient d\u00e9sormais \u00e0 50% \u00e0 Mercedes et \u00e0 50% au groupe chinois Geely. De quoi offrir \u00e0\u2026","twitter_misc":{"\u00c9crit par":"Damien Malvetti","Dur\u00e9e de lecture estim\u00e9e":"4 minutes"},"schema":{"@context":"https:\/\/schema.org","@graph":[{"@type":"Article","@id":"https:\/\/www.link2fleet.com\/fr\/fleet-test-smart-1-le-meilleur-de-mercedes-et-geely\/#article","isPartOf":{"@id":"https:\/\/www.link2fleet.com\/fr\/fleet-test-smart-1-le-meilleur-de-mercedes-et-geely\/"},"author":{"name":"Damien Malvetti","@id":"https:\/\/www.link2fleet.com\/fr\/#\/schema\/person\/027cd46113c78036b3809c9a054049da"},"headline":"Fleet test smart #1: le meilleur de Mercedes et Geely","datePublished":"2023-10-24T11:32:30+00:00","dateModified":"2024-04-12T13:11:07+00:00","mainEntityOfPage":{"@id":"https:\/\/www.link2fleet.com\/fr\/fleet-test-smart-1-le-meilleur-de-mercedes-et-geely\/"},"wordCount":736,"publisher":{"@id":"https:\/\/www.link2fleet.com\/fr\/#organization"},"image":{"@id":"https:\/\/www.link2fleet.com\/fr\/fleet-test-smart-1-le-meilleur-de-mercedes-et-geely\/#primaryimage"},"thumbnailUrl":"https:\/\/static.link2fleet.com\/wp-content\/uploads\/2024\/03\/smart-1-3.jpg","articleSection":["Essais fleet"],"inLanguage":"fr-FR"},{"@type":"WebPage","@id":"https:\/\/www.link2fleet.com\/fr\/fleet-test-smart-1-le-meilleur-de-mercedes-et-geely\/","url":"https:\/\/www.link2fleet.com\/fr\/fleet-test-smart-1-le-meilleur-de-mercedes-et-geely\/","name":"Fleet test smart #1: le meilleur de Mercedes et Geely - link2fleet","isPartOf":{"@id":"https:\/\/www.link2fleet.com\/fr\/#website"},"primaryImageOfPage":{"@id":"https:\/\/www.link2fleet.com\/fr\/fleet-test-smart-1-le-meilleur-de-mercedes-et-geely\/#primaryimage"},"image":{"@id":"https:\/\/www.link2fleet.com\/fr\/fleet-test-smart-1-le-meilleur-de-mercedes-et-geely\/#primaryimage"},"thumbnailUrl":"https:\/\/static.link2fleet.com\/wp-content\/uploads\/2024\/03\/smart-1-3.jpg","datePublished":"2023-10-24T11:32:30+00:00","dateModified":"2024-04-12T13:11:07+00:00","breadcrumb":{"@id":"https:\/\/www.link2fleet.com\/fr\/fleet-test-smart-1-le-meilleur-de-mercedes-et-geely\/#breadcrumb"},"inLanguage":"fr-FR","potentialAction":[{"@type":"ReadAction","target":["https:\/\/www.link2fleet.com\/fr\/fleet-test-smart-1-le-meilleur-de-mercedes-et-geely\/"]}]},{"@type":"ImageObject","inLanguage":"fr-FR","@id":"https:\/\/www.link2fleet.com\/fr\/fleet-test-smart-1-le-meilleur-de-mercedes-et-geely\/#primaryimage","url":"https:\/\/static.link2fleet.com\/wp-content\/uploads\/2024\/03\/smart-1-3.jpg","contentUrl":"https:\/\/static.link2fleet.com\/wp-content\/uploads\/2024\/03\/smart-1-3.jpg","width":2200,"height":1238,"caption":"||||"},{"@type":"BreadcrumbList","@id":"https:\/\/www.link2fleet.com\/fr\/fleet-test-smart-1-le-meilleur-de-mercedes-et-geely\/#breadcrumb","itemListElement":[{"@type":"ListItem","position":1,"name":"Home","item":"https:\/\/www.link2fleet.com\/fr\/"},{"@type":"ListItem","position":2,"name":"Fleet test smart #1: le meilleur de Mercedes et Geely"}]},{"@type":"WebSite","@id":"https:\/\/www.link2fleet.com\/fr\/#website","url":"https:\/\/www.link2fleet.com\/fr\/","name":"Link2fleet","description":"","publisher":{"@id":"https:\/\/www.link2fleet.com\/fr\/#organization"},"potentialAction":[{"@type":"SearchAction","target":{"@type":"EntryPoint","urlTemplate":"https:\/\/www.link2fleet.com\/fr\/?s={search_term_string}"},"query-input":{"@type":"PropertyValueSpecification","valueRequired":true,"valueName":"search_term_string"}}],"inLanguage":"fr-FR"},{"@type":"Organization","@id":"https:\/\/www.link2fleet.com\/fr\/#organization","name":"Link2fleet","url":"https:\/\/www.link2fleet.com\/fr\/","logo":{"@type":"ImageObject","inLanguage":"fr-FR","@id":"https:\/\/www.link2fleet.com\/fr\/#\/schema\/logo\/image\/","url":"https:\/\/static.link2fleet.com\/wp-content\/uploads\/2024\/03\/share-image.jpg","contentUrl":"https:\/\/static.link2fleet.com\/wp-content\/uploads\/2024\/03\/share-image.jpg","width":1200,"height":630,"caption":"Link2fleet"},"image":{"@id":"https:\/\/www.link2fleet.com\/fr\/#\/schema\/logo\/image\/"},"sameAs":["https:\/\/www.linkedin.com\/company\/link2fleet-belgium","https:\/\/www.youtube.com\/user\/MMMBMBE"]},{"@type":"Person","@id":"https:\/\/www.link2fleet.com\/fr\/#\/schema\/person\/027cd46113c78036b3809c9a054049da","name":"Damien Malvetti","image":{"@type":"ImageObject","inLanguage":"fr-FR","@id":"https:\/\/secure.gravatar.com\/avatar\/dd8cc03b49466c735f753ac37f8caa371af16dfed347456ed61f02883255eebb?s=96&d=mm&r=g","url":"https:\/\/secure.gravatar.com\/avatar\/dd8cc03b49466c735f753ac37f8caa371af16dfed347456ed61f02883255eebb?s=96&d=mm&r=g","contentUrl":"https:\/\/secure.gravatar.com\/avatar\/dd8cc03b49466c735f753ac37f8caa371af16dfed347456ed61f02883255eebb?s=96&d=mm&r=g","caption":"Damien Malvetti"},"description":"Damien Malvetti is opgeleid als journalist en gepassioneerd door wagens, technologie en mobiliteit. Hij is verantwoordelijk voor de redactionele inhoud van link2fleet en beschikt over een uitgebreide kennis van de fleet-sector en elektrische mobiliteit.","sameAs":["https:\/\/www.linkedin.com\/in\/damien-malvetti-56601142\/"]}]}},"_links":{"self":[{"href":"https:\/\/www.link2fleet.com\/fr\/wp-json\/wp\/v2\/posts\/10933","targetHints":{"allow":["GET"]}}],"collection":[{"href":"https:\/\/www.link2fleet.com\/fr\/wp-json\/wp\/v2\/posts"}],"about":[{"href":"https:\/\/www.link2fleet.com\/fr\/wp-json\/wp\/v2\/types\/post"}],"author":[{"embeddable":true,"href":"https:\/\/www.link2fleet.com\/fr\/wp-json\/wp\/v2\/users\/4"}],"replies":[{"embeddable":true,"href":"https:\/\/www.link2fleet.com\/fr\/wp-json\/wp\/v2\/comments?post=10933"}],"version-history":[{"count":0,"href":"https:\/\/www.link2fleet.com\/fr\/wp-json\/wp\/v2\/posts\/10933\/revisions"}],"wp:featuredmedia":[{"embeddable":true,"href":"https:\/\/www.link2fleet.com\/fr\/wp-json\/wp\/v2\/media\/10934"}],"wp:attachment":[{"href":"https:\/\/www.link2fleet.com\/fr\/wp-json\/wp\/v2\/media?parent=10933"}],"wp:term":[{"taxonomy":"category","embeddable":true,"href":"https:\/\/www.link2fleet.com\/fr\/wp-json\/wp\/v2\/categories?post=10933"},{"taxonomy":"post_tag","embeddable":true,"href":"https:\/\/www.link2fleet.com\/fr\/wp-json\/wp\/v2\/tags?post=10933"}],"curies":[{"name":"wp","href":"https:\/\/api.w.org\/{rel}","templated":true}]}}