{"id":11027,"date":"2023-11-08T09:03:50","date_gmt":"2023-11-08T08:03:50","guid":{"rendered":"https:\/\/www.link2fleet.com\/mypop-le-spotify-de-la-voiture-selon-dieteren\/"},"modified":"2023-11-08T09:03:50","modified_gmt":"2023-11-08T08:03:50","slug":"mypop-le-spotify-de-la-voiture-selon-dieteren","status":"publish","type":"post","link":"https:\/\/www.link2fleet.com\/fr\/mypop-le-spotify-de-la-voiture-selon-dieteren\/","title":{"rendered":"MyPop: le \u00ab\u00a0spotify de la voiture\u00a0\u00bb selon D\u2019Ieteren"},"content":{"rendered":"<p style=\"font-weight: 400;\">Le concept de la voiture \u2018on-demand\u2019 n\u2019est pas neuf. <a href=\"https:\/\/www.link2fleet.com\/fr\/lynk-co-revolutionne-le-secteur-automobile-avec-une-formule-on-demand\/\">Lynk &amp; Co<\/a> l\u2019a plut\u00f4t bien r\u00e9ussi depuis son implantation chez nous. Depuis quelques mois, c\u2019est donc le groupe D\u2019Ieteren qui s\u2019est lanc\u00e9 dans l\u2019aventure avec son site <a href=\"http:\/\/www.my-pop.be\/\">www.my-pop.be<\/a>.<\/p>\n<p style=\"font-weight: 400;\">On y trouve des voitures en location tout compris en \u00e9change d\u2019un loyer fixe, payable mensuellement et r\u00e9siliable \u00e0 chaque fin de mois. Les voitures sont disponibles dans un d\u00e9lai de 5 jours et sont directement livr\u00e9es chez le client.<\/p>\n<p style=\"font-weight: 400;\">Les voitures disponibles sur le site sont \u00e9videmment toutes issues de la gamme de l\u2019importateur\u00a0: Audi A3, A4, Q2, Volkswagen Golf, Skoda Kodiaq et m\u00eame la petite Cupra Born \u00e9lectrique. Les loyers vont de 750 euros \u00e0 1249 selon les mod\u00e8les et comprennent tous les frais li\u00e9s \u00e0 l\u2019usage du v\u00e9hicule, les taxes, les entretiens, mais aussi l\u2019assurance, l\u2019assistance et 1.000 km\/mois.<\/p>\n<p style=\"font-weight: 400;\">L\u2019abonnement est prolong\u00e9 automatiquement chaque mois. Si le client souhaite le stopper, il peut simplement l\u2019annuler 14 jours avant la prochaine date de facturation, sans aucun frais. Ce sont les \u00e9quipes de MyPop qui viendront alors chercher le v\u00e9hicule chez le client \u00e0 une date et une heure fix\u00e9e en concertation avec celui-ci.<\/p>\n<p style=\"font-weight: 400;\">Une solution pratique pour les soci\u00e9t\u00e9s qui ont par exemple besoin de v\u00e9hicules court-terme en attendant la livraison d\u00e9finitive de nouveaux v\u00e9hicules.<\/p>\n<p style=\"font-weight: 400;\">\n","protected":false},"excerpt":{"rendered":"<p>Le concept de la voiture \u2018on-demand\u2019 n\u2019est pas neuf. Lynk &amp; Co l\u2019a plut\u00f4t bien r\u00e9ussi depuis son implantation chez nous. Depuis quelques mois, c\u2019est donc le groupe D\u2019Ieteren qui s\u2019est lanc\u00e9 dans l\u2019aventure avec son site www.my-pop.be. On y trouve des voitures en location tout compris en \u00e9change d\u2019un loyer fixe, payable mensuellement et [&hellip;]<\/p>\n","protected":false},"author":4,"featured_media":11028,"comment_status":"closed","ping_status":"closed","sticky":false,"template":"","format":"standard","meta":{"_acf_changed":false,"footnotes":""},"categories":[91,80],"tags":[],"class_list":["post-11027","post","type-post","status-publish","format-standard","has-post-thumbnail","hentry","category-expertise-et-management","category-loueurs-courtterme"],"acf":[],"yoast_head":"<!-- This site is optimized with the Yoast SEO plugin v27.3 - https:\/\/yoast.com\/product\/yoast-seo-wordpress\/ -->\n<title>MyPop: le \u00ab\u00a0spotify de la voiture\u00a0\u00bb selon D\u2019Ieteren - link2fleet<\/title>\n<meta name=\"description\" content=\"Dans le giron de Poppy, son activit\u00e9 de voitures partag\u00e9es, le groupe D\u2019Ieteren a lanc\u00e9 il y a quelques semaines de fa\u00e7on plut\u00f4t discr\u00e8te MyPop.\u2026\" \/>\n<meta name=\"robots\" content=\"index, follow, max-snippet:-1, max-image-preview:large, max-video-preview:-1\" \/>\n<meta property=\"og:locale\" content=\"fr_FR\" \/>\n<meta property=\"og:type\" content=\"article\" \/>\n<meta property=\"og:title\" content=\"MyPop: le \u00ab\u00a0spotify de la voiture\u00a0\u00bb selon D\u2019Ieteren - link2fleet\" \/>\n<meta property=\"og:description\" content=\"Dans le giron de Poppy, son activit\u00e9 de voitures partag\u00e9es, le groupe D\u2019Ieteren a lanc\u00e9 il y a quelques semaines de fa\u00e7on plut\u00f4t discr\u00e8te MyPop.\u2026\" \/>\n<meta property=\"og:url\" content=\"https:\/\/www.link2fleet.com\/fr\/mypop-le-spotify-de-la-voiture-selon-dieteren\/\" \/>\n<meta property=\"og:site_name\" content=\"link2fleet\" \/>\n<meta property=\"article:published_time\" content=\"2023-11-08T08:03:50+00:00\" \/>\n<meta property=\"og:image\" content=\"https:\/\/static.link2fleet.com\/wp-content\/uploads\/2024\/03\/image-20.jpeg\" \/>\n\t<meta property=\"og:image:width\" content=\"1024\" \/>\n\t<meta property=\"og:image:height\" content=\"683\" \/>\n\t<meta property=\"og:image:type\" content=\"image\/jpeg\" \/>\n<meta name=\"author\" content=\"Damien Malvetti\" \/>\n<meta name=\"twitter:card\" content=\"summary_large_image\" \/>\n<meta name=\"twitter:description\" content=\"Dans le giron de Poppy, son activit\u00e9 de voitures partag\u00e9es, le groupe D\u2019Ieteren a lanc\u00e9 il y a quelques semaines de fa\u00e7on plut\u00f4t discr\u00e8te MyPop.\u2026\" \/>\n<meta name=\"twitter:label1\" content=\"\u00c9crit par\" \/>\n\t<meta name=\"twitter:data1\" content=\"Damien Malvetti\" \/>\n\t<meta name=\"twitter:label2\" content=\"Dur\u00e9e de lecture estim\u00e9e\" \/>\n\t<meta name=\"twitter:data2\" content=\"1 minute\" \/>\n<script type=\"application\/ld+json\" class=\"yoast-schema-graph\">{\"@context\":\"https:\\\/\\\/schema.org\",\"@graph\":[{\"@type\":\"Article\",\"@id\":\"https:\\\/\\\/www.link2fleet.com\\\/fr\\\/mypop-le-spotify-de-la-voiture-selon-dieteren\\\/#article\",\"isPartOf\":{\"@id\":\"https:\\\/\\\/www.link2fleet.com\\\/fr\\\/mypop-le-spotify-de-la-voiture-selon-dieteren\\\/\"},\"author\":{\"name\":\"Damien Malvetti\",\"@id\":\"https:\\\/\\\/www.link2fleet.com\\\/fr\\\/#\\\/schema\\\/person\\\/027cd46113c78036b3809c9a054049da\"},\"headline\":\"MyPop: le \u00ab\u00a0spotify de la voiture\u00a0\u00bb selon D\u2019Ieteren\",\"datePublished\":\"2023-11-08T08:03:50+00:00\",\"mainEntityOfPage\":{\"@id\":\"https:\\\/\\\/www.link2fleet.com\\\/fr\\\/mypop-le-spotify-de-la-voiture-selon-dieteren\\\/\"},\"wordCount\":247,\"publisher\":{\"@id\":\"https:\\\/\\\/www.link2fleet.com\\\/fr\\\/#organization\"},\"image\":{\"@id\":\"https:\\\/\\\/www.link2fleet.com\\\/fr\\\/mypop-le-spotify-de-la-voiture-selon-dieteren\\\/#primaryimage\"},\"thumbnailUrl\":\"https:\\\/\\\/static.link2fleet.com\\\/wp-content\\\/uploads\\\/2024\\\/03\\\/image-20.jpeg\",\"articleSection\":[\"Gestion de flotte\",\"Location court-terme\"],\"inLanguage\":\"fr-FR\"},{\"@type\":\"WebPage\",\"@id\":\"https:\\\/\\\/www.link2fleet.com\\\/fr\\\/mypop-le-spotify-de-la-voiture-selon-dieteren\\\/\",\"url\":\"https:\\\/\\\/www.link2fleet.com\\\/fr\\\/mypop-le-spotify-de-la-voiture-selon-dieteren\\\/\",\"name\":\"MyPop: le \u00ab\u00a0spotify de la voiture\u00a0\u00bb selon D\u2019Ieteren - link2fleet\",\"isPartOf\":{\"@id\":\"https:\\\/\\\/www.link2fleet.com\\\/fr\\\/#website\"},\"primaryImageOfPage\":{\"@id\":\"https:\\\/\\\/www.link2fleet.com\\\/fr\\\/mypop-le-spotify-de-la-voiture-selon-dieteren\\\/#primaryimage\"},\"image\":{\"@id\":\"https:\\\/\\\/www.link2fleet.com\\\/fr\\\/mypop-le-spotify-de-la-voiture-selon-dieteren\\\/#primaryimage\"},\"thumbnailUrl\":\"https:\\\/\\\/static.link2fleet.com\\\/wp-content\\\/uploads\\\/2024\\\/03\\\/image-20.jpeg\",\"datePublished\":\"2023-11-08T08:03:50+00:00\",\"breadcrumb\":{\"@id\":\"https:\\\/\\\/www.link2fleet.com\\\/fr\\\/mypop-le-spotify-de-la-voiture-selon-dieteren\\\/#breadcrumb\"},\"inLanguage\":\"fr-FR\",\"potentialAction\":[{\"@type\":\"ReadAction\",\"target\":[\"https:\\\/\\\/www.link2fleet.com\\\/fr\\\/mypop-le-spotify-de-la-voiture-selon-dieteren\\\/\"]}]},{\"@type\":\"ImageObject\",\"inLanguage\":\"fr-FR\",\"@id\":\"https:\\\/\\\/www.link2fleet.com\\\/fr\\\/mypop-le-spotify-de-la-voiture-selon-dieteren\\\/#primaryimage\",\"url\":\"https:\\\/\\\/static.link2fleet.com\\\/wp-content\\\/uploads\\\/2024\\\/03\\\/image-20.jpeg\",\"contentUrl\":\"https:\\\/\\\/static.link2fleet.com\\\/wp-content\\\/uploads\\\/2024\\\/03\\\/image-20.jpeg\",\"width\":1024,\"height\":683},{\"@type\":\"BreadcrumbList\",\"@id\":\"https:\\\/\\\/www.link2fleet.com\\\/fr\\\/mypop-le-spotify-de-la-voiture-selon-dieteren\\\/#breadcrumb\",\"itemListElement\":[{\"@type\":\"ListItem\",\"position\":1,\"name\":\"Home\",\"item\":\"https:\\\/\\\/www.link2fleet.com\\\/fr\\\/\"},{\"@type\":\"ListItem\",\"position\":2,\"name\":\"MyPop: le \u00ab\u00a0spotify de la voiture\u00a0\u00bb selon D\u2019Ieteren\"}]},{\"@type\":\"WebSite\",\"@id\":\"https:\\\/\\\/www.link2fleet.com\\\/fr\\\/#website\",\"url\":\"https:\\\/\\\/www.link2fleet.com\\\/fr\\\/\",\"name\":\"Link2fleet\",\"description\":\"\",\"publisher\":{\"@id\":\"https:\\\/\\\/www.link2fleet.com\\\/fr\\\/#organization\"},\"potentialAction\":[{\"@type\":\"SearchAction\",\"target\":{\"@type\":\"EntryPoint\",\"urlTemplate\":\"https:\\\/\\\/www.link2fleet.com\\\/fr\\\/?s={search_term_string}\"},\"query-input\":{\"@type\":\"PropertyValueSpecification\",\"valueRequired\":true,\"valueName\":\"search_term_string\"}}],\"inLanguage\":\"fr-FR\"},{\"@type\":\"Organization\",\"@id\":\"https:\\\/\\\/www.link2fleet.com\\\/fr\\\/#organization\",\"name\":\"Link2fleet\",\"url\":\"https:\\\/\\\/www.link2fleet.com\\\/fr\\\/\",\"logo\":{\"@type\":\"ImageObject\",\"inLanguage\":\"fr-FR\",\"@id\":\"https:\\\/\\\/www.link2fleet.com\\\/fr\\\/#\\\/schema\\\/logo\\\/image\\\/\",\"url\":\"https:\\\/\\\/static.link2fleet.com\\\/wp-content\\\/uploads\\\/2024\\\/03\\\/share-image.jpg\",\"contentUrl\":\"https:\\\/\\\/static.link2fleet.com\\\/wp-content\\\/uploads\\\/2024\\\/03\\\/share-image.jpg\",\"width\":1200,\"height\":630,\"caption\":\"Link2fleet\"},\"image\":{\"@id\":\"https:\\\/\\\/www.link2fleet.com\\\/fr\\\/#\\\/schema\\\/logo\\\/image\\\/\"},\"sameAs\":[\"https:\\\/\\\/www.linkedin.com\\\/company\\\/link2fleet-belgium\",\"https:\\\/\\\/www.youtube.com\\\/user\\\/MMMBMBE\"]},{\"@type\":\"Person\",\"@id\":\"https:\\\/\\\/www.link2fleet.com\\\/fr\\\/#\\\/schema\\\/person\\\/027cd46113c78036b3809c9a054049da\",\"name\":\"Damien Malvetti\",\"image\":{\"@type\":\"ImageObject\",\"inLanguage\":\"fr-FR\",\"@id\":\"https:\\\/\\\/secure.gravatar.com\\\/avatar\\\/dd8cc03b49466c735f753ac37f8caa371af16dfed347456ed61f02883255eebb?s=96&d=mm&r=g\",\"url\":\"https:\\\/\\\/secure.gravatar.com\\\/avatar\\\/dd8cc03b49466c735f753ac37f8caa371af16dfed347456ed61f02883255eebb?s=96&d=mm&r=g\",\"contentUrl\":\"https:\\\/\\\/secure.gravatar.com\\\/avatar\\\/dd8cc03b49466c735f753ac37f8caa371af16dfed347456ed61f02883255eebb?s=96&d=mm&r=g\",\"caption\":\"Damien Malvetti\"},\"description\":\"Damien Malvetti is opgeleid als journalist en gepassioneerd door wagens, technologie en mobiliteit. Hij is verantwoordelijk voor de redactionele inhoud van link2fleet en beschikt over een uitgebreide kennis van de fleet-sector en elektrische mobiliteit.\",\"sameAs\":[\"https:\\\/\\\/www.linkedin.com\\\/in\\\/damien-malvetti-56601142\\\/\"]}]}<\/script>\n<!-- \/ Yoast SEO plugin. -->","yoast_head_json":{"title":"MyPop: le \u00ab\u00a0spotify de la voiture\u00a0\u00bb selon D\u2019Ieteren - link2fleet","description":"Dans le giron de Poppy, son activit\u00e9 de voitures partag\u00e9es, le groupe D\u2019Ieteren a lanc\u00e9 il y a quelques semaines de fa\u00e7on plut\u00f4t discr\u00e8te MyPop.\u2026","robots":{"index":"index","follow":"follow","max-snippet":"max-snippet:-1","max-image-preview":"max-image-preview:large","max-video-preview":"max-video-preview:-1"},"og_locale":"fr_FR","og_type":"article","og_title":"MyPop: le \u00ab\u00a0spotify de la voiture\u00a0\u00bb selon D\u2019Ieteren - link2fleet","og_description":"Dans le giron de Poppy, son activit\u00e9 de voitures partag\u00e9es, le groupe D\u2019Ieteren a lanc\u00e9 il y a quelques semaines de fa\u00e7on plut\u00f4t discr\u00e8te MyPop.\u2026","og_url":"https:\/\/www.link2fleet.com\/fr\/mypop-le-spotify-de-la-voiture-selon-dieteren\/","og_site_name":"link2fleet","article_published_time":"2023-11-08T08:03:50+00:00","og_image":[{"width":1024,"height":683,"url":"https:\/\/static.link2fleet.com\/wp-content\/uploads\/2024\/03\/image-20.jpeg","type":"image\/jpeg"}],"author":"Damien Malvetti","twitter_card":"summary_large_image","twitter_description":"Dans le giron de Poppy, son activit\u00e9 de voitures partag\u00e9es, le groupe D\u2019Ieteren a lanc\u00e9 il y a quelques semaines de fa\u00e7on plut\u00f4t discr\u00e8te MyPop.\u2026","twitter_misc":{"\u00c9crit par":"Damien Malvetti","Dur\u00e9e de lecture estim\u00e9e":"1 minute"},"schema":{"@context":"https:\/\/schema.org","@graph":[{"@type":"Article","@id":"https:\/\/www.link2fleet.com\/fr\/mypop-le-spotify-de-la-voiture-selon-dieteren\/#article","isPartOf":{"@id":"https:\/\/www.link2fleet.com\/fr\/mypop-le-spotify-de-la-voiture-selon-dieteren\/"},"author":{"name":"Damien Malvetti","@id":"https:\/\/www.link2fleet.com\/fr\/#\/schema\/person\/027cd46113c78036b3809c9a054049da"},"headline":"MyPop: le \u00ab\u00a0spotify de la voiture\u00a0\u00bb selon D\u2019Ieteren","datePublished":"2023-11-08T08:03:50+00:00","mainEntityOfPage":{"@id":"https:\/\/www.link2fleet.com\/fr\/mypop-le-spotify-de-la-voiture-selon-dieteren\/"},"wordCount":247,"publisher":{"@id":"https:\/\/www.link2fleet.com\/fr\/#organization"},"image":{"@id":"https:\/\/www.link2fleet.com\/fr\/mypop-le-spotify-de-la-voiture-selon-dieteren\/#primaryimage"},"thumbnailUrl":"https:\/\/static.link2fleet.com\/wp-content\/uploads\/2024\/03\/image-20.jpeg","articleSection":["Gestion de flotte","Location court-terme"],"inLanguage":"fr-FR"},{"@type":"WebPage","@id":"https:\/\/www.link2fleet.com\/fr\/mypop-le-spotify-de-la-voiture-selon-dieteren\/","url":"https:\/\/www.link2fleet.com\/fr\/mypop-le-spotify-de-la-voiture-selon-dieteren\/","name":"MyPop: le \u00ab\u00a0spotify de la voiture\u00a0\u00bb selon D\u2019Ieteren - link2fleet","isPartOf":{"@id":"https:\/\/www.link2fleet.com\/fr\/#website"},"primaryImageOfPage":{"@id":"https:\/\/www.link2fleet.com\/fr\/mypop-le-spotify-de-la-voiture-selon-dieteren\/#primaryimage"},"image":{"@id":"https:\/\/www.link2fleet.com\/fr\/mypop-le-spotify-de-la-voiture-selon-dieteren\/#primaryimage"},"thumbnailUrl":"https:\/\/static.link2fleet.com\/wp-content\/uploads\/2024\/03\/image-20.jpeg","datePublished":"2023-11-08T08:03:50+00:00","breadcrumb":{"@id":"https:\/\/www.link2fleet.com\/fr\/mypop-le-spotify-de-la-voiture-selon-dieteren\/#breadcrumb"},"inLanguage":"fr-FR","potentialAction":[{"@type":"ReadAction","target":["https:\/\/www.link2fleet.com\/fr\/mypop-le-spotify-de-la-voiture-selon-dieteren\/"]}]},{"@type":"ImageObject","inLanguage":"fr-FR","@id":"https:\/\/www.link2fleet.com\/fr\/mypop-le-spotify-de-la-voiture-selon-dieteren\/#primaryimage","url":"https:\/\/static.link2fleet.com\/wp-content\/uploads\/2024\/03\/image-20.jpeg","contentUrl":"https:\/\/static.link2fleet.com\/wp-content\/uploads\/2024\/03\/image-20.jpeg","width":1024,"height":683},{"@type":"BreadcrumbList","@id":"https:\/\/www.link2fleet.com\/fr\/mypop-le-spotify-de-la-voiture-selon-dieteren\/#breadcrumb","itemListElement":[{"@type":"ListItem","position":1,"name":"Home","item":"https:\/\/www.link2fleet.com\/fr\/"},{"@type":"ListItem","position":2,"name":"MyPop: le \u00ab\u00a0spotify de la voiture\u00a0\u00bb selon D\u2019Ieteren"}]},{"@type":"WebSite","@id":"https:\/\/www.link2fleet.com\/fr\/#website","url":"https:\/\/www.link2fleet.com\/fr\/","name":"Link2fleet","description":"","publisher":{"@id":"https:\/\/www.link2fleet.com\/fr\/#organization"},"potentialAction":[{"@type":"SearchAction","target":{"@type":"EntryPoint","urlTemplate":"https:\/\/www.link2fleet.com\/fr\/?s={search_term_string}"},"query-input":{"@type":"PropertyValueSpecification","valueRequired":true,"valueName":"search_term_string"}}],"inLanguage":"fr-FR"},{"@type":"Organization","@id":"https:\/\/www.link2fleet.com\/fr\/#organization","name":"Link2fleet","url":"https:\/\/www.link2fleet.com\/fr\/","logo":{"@type":"ImageObject","inLanguage":"fr-FR","@id":"https:\/\/www.link2fleet.com\/fr\/#\/schema\/logo\/image\/","url":"https:\/\/static.link2fleet.com\/wp-content\/uploads\/2024\/03\/share-image.jpg","contentUrl":"https:\/\/static.link2fleet.com\/wp-content\/uploads\/2024\/03\/share-image.jpg","width":1200,"height":630,"caption":"Link2fleet"},"image":{"@id":"https:\/\/www.link2fleet.com\/fr\/#\/schema\/logo\/image\/"},"sameAs":["https:\/\/www.linkedin.com\/company\/link2fleet-belgium","https:\/\/www.youtube.com\/user\/MMMBMBE"]},{"@type":"Person","@id":"https:\/\/www.link2fleet.com\/fr\/#\/schema\/person\/027cd46113c78036b3809c9a054049da","name":"Damien Malvetti","image":{"@type":"ImageObject","inLanguage":"fr-FR","@id":"https:\/\/secure.gravatar.com\/avatar\/dd8cc03b49466c735f753ac37f8caa371af16dfed347456ed61f02883255eebb?s=96&d=mm&r=g","url":"https:\/\/secure.gravatar.com\/avatar\/dd8cc03b49466c735f753ac37f8caa371af16dfed347456ed61f02883255eebb?s=96&d=mm&r=g","contentUrl":"https:\/\/secure.gravatar.com\/avatar\/dd8cc03b49466c735f753ac37f8caa371af16dfed347456ed61f02883255eebb?s=96&d=mm&r=g","caption":"Damien Malvetti"},"description":"Damien Malvetti is opgeleid als journalist en gepassioneerd door wagens, technologie en mobiliteit. Hij is verantwoordelijk voor de redactionele inhoud van link2fleet en beschikt over een uitgebreide kennis van de fleet-sector en elektrische mobiliteit.","sameAs":["https:\/\/www.linkedin.com\/in\/damien-malvetti-56601142\/"]}]}},"_links":{"self":[{"href":"https:\/\/www.link2fleet.com\/fr\/wp-json\/wp\/v2\/posts\/11027","targetHints":{"allow":["GET"]}}],"collection":[{"href":"https:\/\/www.link2fleet.com\/fr\/wp-json\/wp\/v2\/posts"}],"about":[{"href":"https:\/\/www.link2fleet.com\/fr\/wp-json\/wp\/v2\/types\/post"}],"author":[{"embeddable":true,"href":"https:\/\/www.link2fleet.com\/fr\/wp-json\/wp\/v2\/users\/4"}],"replies":[{"embeddable":true,"href":"https:\/\/www.link2fleet.com\/fr\/wp-json\/wp\/v2\/comments?post=11027"}],"version-history":[{"count":0,"href":"https:\/\/www.link2fleet.com\/fr\/wp-json\/wp\/v2\/posts\/11027\/revisions"}],"wp:featuredmedia":[{"embeddable":true,"href":"https:\/\/www.link2fleet.com\/fr\/wp-json\/wp\/v2\/media\/11028"}],"wp:attachment":[{"href":"https:\/\/www.link2fleet.com\/fr\/wp-json\/wp\/v2\/media?parent=11027"}],"wp:term":[{"taxonomy":"category","embeddable":true,"href":"https:\/\/www.link2fleet.com\/fr\/wp-json\/wp\/v2\/categories?post=11027"},{"taxonomy":"post_tag","embeddable":true,"href":"https:\/\/www.link2fleet.com\/fr\/wp-json\/wp\/v2\/tags?post=11027"}],"curies":[{"name":"wp","href":"https:\/\/api.w.org\/{rel}","templated":true}]}}