{"id":11033,"date":"2023-11-09T08:52:14","date_gmt":"2023-11-09T07:52:14","guid":{"rendered":"https:\/\/www.link2fleet.com\/taxer-les-bornes-de-recharge-les-communes-bruxelloises-y-reflechissent\/"},"modified":"2023-11-09T08:52:14","modified_gmt":"2023-11-09T07:52:14","slug":"taxer-les-bornes-de-recharge-les-communes-bruxelloises-y-reflechissent","status":"publish","type":"post","link":"https:\/\/www.link2fleet.com\/fr\/taxer-les-bornes-de-recharge-les-communes-bruxelloises-y-reflechissent\/","title":{"rendered":"Taxer les bornes de recharge? Les communes bruxelloises y r\u00e9fl\u00e9chissent&#8230;"},"content":{"rendered":"<p style=\"font-weight: 400;\">Le gouvernement r\u00e9gional se montre favorable \u00e0 l\u2019id\u00e9e, mais le cabinet du ministre de l\u2019Energie, Alain Maron, souhaite que cette taxe soit identique dans les 19 communes pour \u00e9viter des d\u00e9bats.<\/p>\n<p style=\"font-weight: 400;\">Il s\u2019agirait en principe d\u2019une taxe annuelle forfaitaire pour chaque point de recharge, mais une m\u00e9thode de calcul bas\u00e9e sur la consommation devrait \u00eatre mise en place. Si celle-ci devait \u00eatre mise en pratique, cela signifie qu\u2019il faudra donc calculer chaque ann\u00e9e la consommation moyenne par borne de recharge pour pouvoir fixer le montant de cette taxe.<\/p>\n<p style=\"font-weight: 400;\">Le Pr\u00e9sident de la Conf\u00e9rence des Bourgmestres, Olivier Maingain, a ajout\u00e9 que cette taxe doit rester raisonnable avec un montant situ\u00e9 entre 75 et au maximum 125 euros par station de charge.<\/p>\n<p style=\"font-weight: 400;\">\n<p style=\"font-weight: 400;\">\n","protected":false},"excerpt":{"rendered":"<p>Le gouvernement r\u00e9gional se montre favorable \u00e0 l\u2019id\u00e9e, mais le cabinet du ministre de l\u2019Energie, Alain Maron, souhaite que cette taxe soit identique dans les 19 communes pour \u00e9viter des d\u00e9bats. Il s\u2019agirait en principe d\u2019une taxe annuelle forfaitaire pour chaque point de recharge, mais une m\u00e9thode de calcul bas\u00e9e sur la consommation devrait \u00eatre [&hellip;]<\/p>\n","protected":false},"author":4,"featured_media":8792,"comment_status":"closed","ping_status":"closed","sticky":false,"template":"","format":"standard","meta":{"_acf_changed":false,"footnotes":""},"categories":[81,91],"tags":[],"class_list":["post-11033","post","type-post","status-publish","format-standard","has-post-thumbnail","hentry","category-gestion-de-carburant-et-energie","category-expertise-et-management"],"acf":[],"yoast_head":"<!-- This site is optimized with the Yoast SEO plugin v27.3 - https:\/\/yoast.com\/product\/yoast-seo-wordpress\/ -->\n<title>Taxer les bornes de recharge? Les communes bruxelloises y r\u00e9fl\u00e9chissent... - link2fleet<\/title>\n<meta name=\"description\" content=\"Selon nos confr\u00e8res de l\u2019Echo, les bourgmestres bruxellois ont r\u00e9cemment abord\u00e9 cette question lors d\u2019un coll\u00e8ge commun. L\u2019id\u00e9e est donc de taxer les op\u00e9rateurs d\u2019infrastructures\u2026\" \/>\n<meta name=\"robots\" content=\"index, follow, max-snippet:-1, max-image-preview:large, max-video-preview:-1\" \/>\n<meta property=\"og:locale\" content=\"fr_FR\" \/>\n<meta property=\"og:type\" content=\"article\" \/>\n<meta property=\"og:title\" content=\"Taxer les bornes de recharge? Les communes bruxelloises y r\u00e9fl\u00e9chissent... - link2fleet\" \/>\n<meta property=\"og:description\" content=\"Selon nos confr\u00e8res de l\u2019Echo, les bourgmestres bruxellois ont r\u00e9cemment abord\u00e9 cette question lors d\u2019un coll\u00e8ge commun. L\u2019id\u00e9e est donc de taxer les op\u00e9rateurs d\u2019infrastructures\u2026\" \/>\n<meta property=\"og:url\" content=\"https:\/\/www.link2fleet.com\/fr\/taxer-les-bornes-de-recharge-les-communes-bruxelloises-y-reflechissent\/\" \/>\n<meta property=\"og:site_name\" content=\"link2fleet\" \/>\n<meta property=\"article:published_time\" content=\"2023-11-09T07:52:14+00:00\" \/>\n<meta property=\"og:image\" content=\"https:\/\/static.link2fleet.com\/wp-content\/uploads\/2024\/03\/borne-recharge-pied-074155.jpg\" \/>\n\t<meta property=\"og:image:width\" content=\"650\" \/>\n\t<meta property=\"og:image:height\" content=\"325\" \/>\n\t<meta property=\"og:image:type\" content=\"image\/jpeg\" \/>\n<meta name=\"author\" content=\"Damien Malvetti\" \/>\n<meta name=\"twitter:card\" content=\"summary_large_image\" \/>\n<meta name=\"twitter:description\" content=\"Selon nos confr\u00e8res de l\u2019Echo, les bourgmestres bruxellois ont r\u00e9cemment abord\u00e9 cette question lors d\u2019un coll\u00e8ge commun. L\u2019id\u00e9e est donc de taxer les op\u00e9rateurs d\u2019infrastructures\u2026\" \/>\n<meta name=\"twitter:label1\" content=\"\u00c9crit par\" \/>\n\t<meta name=\"twitter:data1\" content=\"Damien Malvetti\" \/>\n\t<meta name=\"twitter:label2\" content=\"Dur\u00e9e de lecture estim\u00e9e\" \/>\n\t<meta name=\"twitter:data2\" content=\"1 minute\" \/>\n<script type=\"application\/ld+json\" class=\"yoast-schema-graph\">{\"@context\":\"https:\\\/\\\/schema.org\",\"@graph\":[{\"@type\":\"Article\",\"@id\":\"https:\\\/\\\/www.link2fleet.com\\\/fr\\\/taxer-les-bornes-de-recharge-les-communes-bruxelloises-y-reflechissent\\\/#article\",\"isPartOf\":{\"@id\":\"https:\\\/\\\/www.link2fleet.com\\\/fr\\\/taxer-les-bornes-de-recharge-les-communes-bruxelloises-y-reflechissent\\\/\"},\"author\":{\"name\":\"Damien Malvetti\",\"@id\":\"https:\\\/\\\/www.link2fleet.com\\\/fr\\\/#\\\/schema\\\/person\\\/027cd46113c78036b3809c9a054049da\"},\"headline\":\"Taxer les bornes de recharge? Les communes bruxelloises y r\u00e9fl\u00e9chissent&#8230;\",\"datePublished\":\"2023-11-09T07:52:14+00:00\",\"mainEntityOfPage\":{\"@id\":\"https:\\\/\\\/www.link2fleet.com\\\/fr\\\/taxer-les-bornes-de-recharge-les-communes-bruxelloises-y-reflechissent\\\/\"},\"wordCount\":141,\"publisher\":{\"@id\":\"https:\\\/\\\/www.link2fleet.com\\\/fr\\\/#organization\"},\"image\":{\"@id\":\"https:\\\/\\\/www.link2fleet.com\\\/fr\\\/taxer-les-bornes-de-recharge-les-communes-bruxelloises-y-reflechissent\\\/#primaryimage\"},\"thumbnailUrl\":\"https:\\\/\\\/static.link2fleet.com\\\/wp-content\\\/uploads\\\/2024\\\/03\\\/borne-recharge-pied-074155.jpg\",\"articleSection\":[\"Gestion carburant et de l'\u00e9nergie\",\"Gestion de flotte\"],\"inLanguage\":\"fr-FR\"},{\"@type\":\"WebPage\",\"@id\":\"https:\\\/\\\/www.link2fleet.com\\\/fr\\\/taxer-les-bornes-de-recharge-les-communes-bruxelloises-y-reflechissent\\\/\",\"url\":\"https:\\\/\\\/www.link2fleet.com\\\/fr\\\/taxer-les-bornes-de-recharge-les-communes-bruxelloises-y-reflechissent\\\/\",\"name\":\"Taxer les bornes de recharge? Les communes bruxelloises y r\u00e9fl\u00e9chissent... - link2fleet\",\"isPartOf\":{\"@id\":\"https:\\\/\\\/www.link2fleet.com\\\/fr\\\/#website\"},\"primaryImageOfPage\":{\"@id\":\"https:\\\/\\\/www.link2fleet.com\\\/fr\\\/taxer-les-bornes-de-recharge-les-communes-bruxelloises-y-reflechissent\\\/#primaryimage\"},\"image\":{\"@id\":\"https:\\\/\\\/www.link2fleet.com\\\/fr\\\/taxer-les-bornes-de-recharge-les-communes-bruxelloises-y-reflechissent\\\/#primaryimage\"},\"thumbnailUrl\":\"https:\\\/\\\/static.link2fleet.com\\\/wp-content\\\/uploads\\\/2024\\\/03\\\/borne-recharge-pied-074155.jpg\",\"datePublished\":\"2023-11-09T07:52:14+00:00\",\"breadcrumb\":{\"@id\":\"https:\\\/\\\/www.link2fleet.com\\\/fr\\\/taxer-les-bornes-de-recharge-les-communes-bruxelloises-y-reflechissent\\\/#breadcrumb\"},\"inLanguage\":\"fr-FR\",\"potentialAction\":[{\"@type\":\"ReadAction\",\"target\":[\"https:\\\/\\\/www.link2fleet.com\\\/fr\\\/taxer-les-bornes-de-recharge-les-communes-bruxelloises-y-reflechissent\\\/\"]}]},{\"@type\":\"ImageObject\",\"inLanguage\":\"fr-FR\",\"@id\":\"https:\\\/\\\/www.link2fleet.com\\\/fr\\\/taxer-les-bornes-de-recharge-les-communes-bruxelloises-y-reflechissent\\\/#primaryimage\",\"url\":\"https:\\\/\\\/static.link2fleet.com\\\/wp-content\\\/uploads\\\/2024\\\/03\\\/borne-recharge-pied-074155.jpg\",\"contentUrl\":\"https:\\\/\\\/static.link2fleet.com\\\/wp-content\\\/uploads\\\/2024\\\/03\\\/borne-recharge-pied-074155.jpg\",\"width\":650,\"height\":325},{\"@type\":\"BreadcrumbList\",\"@id\":\"https:\\\/\\\/www.link2fleet.com\\\/fr\\\/taxer-les-bornes-de-recharge-les-communes-bruxelloises-y-reflechissent\\\/#breadcrumb\",\"itemListElement\":[{\"@type\":\"ListItem\",\"position\":1,\"name\":\"Home\",\"item\":\"https:\\\/\\\/www.link2fleet.com\\\/fr\\\/\"},{\"@type\":\"ListItem\",\"position\":2,\"name\":\"Taxer les bornes de recharge? Les communes bruxelloises y r\u00e9fl\u00e9chissent&#8230;\"}]},{\"@type\":\"WebSite\",\"@id\":\"https:\\\/\\\/www.link2fleet.com\\\/fr\\\/#website\",\"url\":\"https:\\\/\\\/www.link2fleet.com\\\/fr\\\/\",\"name\":\"Link2fleet\",\"description\":\"\",\"publisher\":{\"@id\":\"https:\\\/\\\/www.link2fleet.com\\\/fr\\\/#organization\"},\"potentialAction\":[{\"@type\":\"SearchAction\",\"target\":{\"@type\":\"EntryPoint\",\"urlTemplate\":\"https:\\\/\\\/www.link2fleet.com\\\/fr\\\/?s={search_term_string}\"},\"query-input\":{\"@type\":\"PropertyValueSpecification\",\"valueRequired\":true,\"valueName\":\"search_term_string\"}}],\"inLanguage\":\"fr-FR\"},{\"@type\":\"Organization\",\"@id\":\"https:\\\/\\\/www.link2fleet.com\\\/fr\\\/#organization\",\"name\":\"Link2fleet\",\"url\":\"https:\\\/\\\/www.link2fleet.com\\\/fr\\\/\",\"logo\":{\"@type\":\"ImageObject\",\"inLanguage\":\"fr-FR\",\"@id\":\"https:\\\/\\\/www.link2fleet.com\\\/fr\\\/#\\\/schema\\\/logo\\\/image\\\/\",\"url\":\"https:\\\/\\\/static.link2fleet.com\\\/wp-content\\\/uploads\\\/2024\\\/03\\\/share-image.jpg\",\"contentUrl\":\"https:\\\/\\\/static.link2fleet.com\\\/wp-content\\\/uploads\\\/2024\\\/03\\\/share-image.jpg\",\"width\":1200,\"height\":630,\"caption\":\"Link2fleet\"},\"image\":{\"@id\":\"https:\\\/\\\/www.link2fleet.com\\\/fr\\\/#\\\/schema\\\/logo\\\/image\\\/\"},\"sameAs\":[\"https:\\\/\\\/www.linkedin.com\\\/company\\\/link2fleet-belgium\",\"https:\\\/\\\/www.youtube.com\\\/user\\\/MMMBMBE\"]},{\"@type\":\"Person\",\"@id\":\"https:\\\/\\\/www.link2fleet.com\\\/fr\\\/#\\\/schema\\\/person\\\/027cd46113c78036b3809c9a054049da\",\"name\":\"Damien Malvetti\",\"image\":{\"@type\":\"ImageObject\",\"inLanguage\":\"fr-FR\",\"@id\":\"https:\\\/\\\/secure.gravatar.com\\\/avatar\\\/dd8cc03b49466c735f753ac37f8caa371af16dfed347456ed61f02883255eebb?s=96&d=mm&r=g\",\"url\":\"https:\\\/\\\/secure.gravatar.com\\\/avatar\\\/dd8cc03b49466c735f753ac37f8caa371af16dfed347456ed61f02883255eebb?s=96&d=mm&r=g\",\"contentUrl\":\"https:\\\/\\\/secure.gravatar.com\\\/avatar\\\/dd8cc03b49466c735f753ac37f8caa371af16dfed347456ed61f02883255eebb?s=96&d=mm&r=g\",\"caption\":\"Damien Malvetti\"},\"description\":\"Damien Malvetti is opgeleid als journalist en gepassioneerd door wagens, technologie en mobiliteit. Hij is verantwoordelijk voor de redactionele inhoud van link2fleet en beschikt over een uitgebreide kennis van de fleet-sector en elektrische mobiliteit.\",\"sameAs\":[\"https:\\\/\\\/www.linkedin.com\\\/in\\\/damien-malvetti-56601142\\\/\"]}]}<\/script>\n<!-- \/ Yoast SEO plugin. -->","yoast_head_json":{"title":"Taxer les bornes de recharge? Les communes bruxelloises y r\u00e9fl\u00e9chissent... - link2fleet","description":"Selon nos confr\u00e8res de l\u2019Echo, les bourgmestres bruxellois ont r\u00e9cemment abord\u00e9 cette question lors d\u2019un coll\u00e8ge commun. L\u2019id\u00e9e est donc de taxer les op\u00e9rateurs d\u2019infrastructures\u2026","robots":{"index":"index","follow":"follow","max-snippet":"max-snippet:-1","max-image-preview":"max-image-preview:large","max-video-preview":"max-video-preview:-1"},"og_locale":"fr_FR","og_type":"article","og_title":"Taxer les bornes de recharge? Les communes bruxelloises y r\u00e9fl\u00e9chissent... - link2fleet","og_description":"Selon nos confr\u00e8res de l\u2019Echo, les bourgmestres bruxellois ont r\u00e9cemment abord\u00e9 cette question lors d\u2019un coll\u00e8ge commun. L\u2019id\u00e9e est donc de taxer les op\u00e9rateurs d\u2019infrastructures\u2026","og_url":"https:\/\/www.link2fleet.com\/fr\/taxer-les-bornes-de-recharge-les-communes-bruxelloises-y-reflechissent\/","og_site_name":"link2fleet","article_published_time":"2023-11-09T07:52:14+00:00","og_image":[{"width":650,"height":325,"url":"https:\/\/static.link2fleet.com\/wp-content\/uploads\/2024\/03\/borne-recharge-pied-074155.jpg","type":"image\/jpeg"}],"author":"Damien Malvetti","twitter_card":"summary_large_image","twitter_description":"Selon nos confr\u00e8res de l\u2019Echo, les bourgmestres bruxellois ont r\u00e9cemment abord\u00e9 cette question lors d\u2019un coll\u00e8ge commun. L\u2019id\u00e9e est donc de taxer les op\u00e9rateurs d\u2019infrastructures\u2026","twitter_misc":{"\u00c9crit par":"Damien Malvetti","Dur\u00e9e de lecture estim\u00e9e":"1 minute"},"schema":{"@context":"https:\/\/schema.org","@graph":[{"@type":"Article","@id":"https:\/\/www.link2fleet.com\/fr\/taxer-les-bornes-de-recharge-les-communes-bruxelloises-y-reflechissent\/#article","isPartOf":{"@id":"https:\/\/www.link2fleet.com\/fr\/taxer-les-bornes-de-recharge-les-communes-bruxelloises-y-reflechissent\/"},"author":{"name":"Damien Malvetti","@id":"https:\/\/www.link2fleet.com\/fr\/#\/schema\/person\/027cd46113c78036b3809c9a054049da"},"headline":"Taxer les bornes de recharge? Les communes bruxelloises y r\u00e9fl\u00e9chissent&#8230;","datePublished":"2023-11-09T07:52:14+00:00","mainEntityOfPage":{"@id":"https:\/\/www.link2fleet.com\/fr\/taxer-les-bornes-de-recharge-les-communes-bruxelloises-y-reflechissent\/"},"wordCount":141,"publisher":{"@id":"https:\/\/www.link2fleet.com\/fr\/#organization"},"image":{"@id":"https:\/\/www.link2fleet.com\/fr\/taxer-les-bornes-de-recharge-les-communes-bruxelloises-y-reflechissent\/#primaryimage"},"thumbnailUrl":"https:\/\/static.link2fleet.com\/wp-content\/uploads\/2024\/03\/borne-recharge-pied-074155.jpg","articleSection":["Gestion carburant et de l'\u00e9nergie","Gestion de flotte"],"inLanguage":"fr-FR"},{"@type":"WebPage","@id":"https:\/\/www.link2fleet.com\/fr\/taxer-les-bornes-de-recharge-les-communes-bruxelloises-y-reflechissent\/","url":"https:\/\/www.link2fleet.com\/fr\/taxer-les-bornes-de-recharge-les-communes-bruxelloises-y-reflechissent\/","name":"Taxer les bornes de recharge? Les communes bruxelloises y r\u00e9fl\u00e9chissent... - link2fleet","isPartOf":{"@id":"https:\/\/www.link2fleet.com\/fr\/#website"},"primaryImageOfPage":{"@id":"https:\/\/www.link2fleet.com\/fr\/taxer-les-bornes-de-recharge-les-communes-bruxelloises-y-reflechissent\/#primaryimage"},"image":{"@id":"https:\/\/www.link2fleet.com\/fr\/taxer-les-bornes-de-recharge-les-communes-bruxelloises-y-reflechissent\/#primaryimage"},"thumbnailUrl":"https:\/\/static.link2fleet.com\/wp-content\/uploads\/2024\/03\/borne-recharge-pied-074155.jpg","datePublished":"2023-11-09T07:52:14+00:00","breadcrumb":{"@id":"https:\/\/www.link2fleet.com\/fr\/taxer-les-bornes-de-recharge-les-communes-bruxelloises-y-reflechissent\/#breadcrumb"},"inLanguage":"fr-FR","potentialAction":[{"@type":"ReadAction","target":["https:\/\/www.link2fleet.com\/fr\/taxer-les-bornes-de-recharge-les-communes-bruxelloises-y-reflechissent\/"]}]},{"@type":"ImageObject","inLanguage":"fr-FR","@id":"https:\/\/www.link2fleet.com\/fr\/taxer-les-bornes-de-recharge-les-communes-bruxelloises-y-reflechissent\/#primaryimage","url":"https:\/\/static.link2fleet.com\/wp-content\/uploads\/2024\/03\/borne-recharge-pied-074155.jpg","contentUrl":"https:\/\/static.link2fleet.com\/wp-content\/uploads\/2024\/03\/borne-recharge-pied-074155.jpg","width":650,"height":325},{"@type":"BreadcrumbList","@id":"https:\/\/www.link2fleet.com\/fr\/taxer-les-bornes-de-recharge-les-communes-bruxelloises-y-reflechissent\/#breadcrumb","itemListElement":[{"@type":"ListItem","position":1,"name":"Home","item":"https:\/\/www.link2fleet.com\/fr\/"},{"@type":"ListItem","position":2,"name":"Taxer les bornes de recharge? Les communes bruxelloises y r\u00e9fl\u00e9chissent&#8230;"}]},{"@type":"WebSite","@id":"https:\/\/www.link2fleet.com\/fr\/#website","url":"https:\/\/www.link2fleet.com\/fr\/","name":"Link2fleet","description":"","publisher":{"@id":"https:\/\/www.link2fleet.com\/fr\/#organization"},"potentialAction":[{"@type":"SearchAction","target":{"@type":"EntryPoint","urlTemplate":"https:\/\/www.link2fleet.com\/fr\/?s={search_term_string}"},"query-input":{"@type":"PropertyValueSpecification","valueRequired":true,"valueName":"search_term_string"}}],"inLanguage":"fr-FR"},{"@type":"Organization","@id":"https:\/\/www.link2fleet.com\/fr\/#organization","name":"Link2fleet","url":"https:\/\/www.link2fleet.com\/fr\/","logo":{"@type":"ImageObject","inLanguage":"fr-FR","@id":"https:\/\/www.link2fleet.com\/fr\/#\/schema\/logo\/image\/","url":"https:\/\/static.link2fleet.com\/wp-content\/uploads\/2024\/03\/share-image.jpg","contentUrl":"https:\/\/static.link2fleet.com\/wp-content\/uploads\/2024\/03\/share-image.jpg","width":1200,"height":630,"caption":"Link2fleet"},"image":{"@id":"https:\/\/www.link2fleet.com\/fr\/#\/schema\/logo\/image\/"},"sameAs":["https:\/\/www.linkedin.com\/company\/link2fleet-belgium","https:\/\/www.youtube.com\/user\/MMMBMBE"]},{"@type":"Person","@id":"https:\/\/www.link2fleet.com\/fr\/#\/schema\/person\/027cd46113c78036b3809c9a054049da","name":"Damien Malvetti","image":{"@type":"ImageObject","inLanguage":"fr-FR","@id":"https:\/\/secure.gravatar.com\/avatar\/dd8cc03b49466c735f753ac37f8caa371af16dfed347456ed61f02883255eebb?s=96&d=mm&r=g","url":"https:\/\/secure.gravatar.com\/avatar\/dd8cc03b49466c735f753ac37f8caa371af16dfed347456ed61f02883255eebb?s=96&d=mm&r=g","contentUrl":"https:\/\/secure.gravatar.com\/avatar\/dd8cc03b49466c735f753ac37f8caa371af16dfed347456ed61f02883255eebb?s=96&d=mm&r=g","caption":"Damien Malvetti"},"description":"Damien Malvetti is opgeleid als journalist en gepassioneerd door wagens, technologie en mobiliteit. Hij is verantwoordelijk voor de redactionele inhoud van link2fleet en beschikt over een uitgebreide kennis van de fleet-sector en elektrische mobiliteit.","sameAs":["https:\/\/www.linkedin.com\/in\/damien-malvetti-56601142\/"]}]}},"_links":{"self":[{"href":"https:\/\/www.link2fleet.com\/fr\/wp-json\/wp\/v2\/posts\/11033","targetHints":{"allow":["GET"]}}],"collection":[{"href":"https:\/\/www.link2fleet.com\/fr\/wp-json\/wp\/v2\/posts"}],"about":[{"href":"https:\/\/www.link2fleet.com\/fr\/wp-json\/wp\/v2\/types\/post"}],"author":[{"embeddable":true,"href":"https:\/\/www.link2fleet.com\/fr\/wp-json\/wp\/v2\/users\/4"}],"replies":[{"embeddable":true,"href":"https:\/\/www.link2fleet.com\/fr\/wp-json\/wp\/v2\/comments?post=11033"}],"version-history":[{"count":0,"href":"https:\/\/www.link2fleet.com\/fr\/wp-json\/wp\/v2\/posts\/11033\/revisions"}],"wp:featuredmedia":[{"embeddable":true,"href":"https:\/\/www.link2fleet.com\/fr\/wp-json\/wp\/v2\/media\/8792"}],"wp:attachment":[{"href":"https:\/\/www.link2fleet.com\/fr\/wp-json\/wp\/v2\/media?parent=11033"}],"wp:term":[{"taxonomy":"category","embeddable":true,"href":"https:\/\/www.link2fleet.com\/fr\/wp-json\/wp\/v2\/categories?post=11033"},{"taxonomy":"post_tag","embeddable":true,"href":"https:\/\/www.link2fleet.com\/fr\/wp-json\/wp\/v2\/tags?post=11033"}],"curies":[{"name":"wp","href":"https:\/\/api.w.org\/{rel}","templated":true}]}}