{"id":11034,"date":"2023-11-09T10:10:58","date_gmt":"2023-11-09T09:10:58","guid":{"rendered":"https:\/\/www.link2fleet.com\/axa-belgium-a-pour-objectif-de-reduire-les-emissions-de-co2-de-ses-reparations-de-vehicules-de-25-dici-a-la-fin-de-2026-grace-a-leco-repair-score\/"},"modified":"2023-11-09T10:10:58","modified_gmt":"2023-11-09T09:10:58","slug":"axa-belgium-a-pour-objectif-de-reduire-les-emissions-de-co2-de-ses-reparations-de-vehicules-de-25-dici-a-la-fin-de-2026-grace-a-leco-repair-score","status":"publish","type":"post","link":"https:\/\/www.link2fleet.com\/fr\/axa-belgium-a-pour-objectif-de-reduire-les-emissions-de-co2-de-ses-reparations-de-vehicules-de-25-dici-a-la-fin-de-2026-grace-a-leco-repair-score\/","title":{"rendered":"AXA Belgium a pour objectif de r\u00e9duire les \u00e9missions de CO2 de ses r\u00e9parations de v\u00e9hicules de 25 % d&rsquo;ici \u00e0 la fin de 2026 gr\u00e2ce \u00e0 l&rsquo;Eco Repair Score"},"content":{"rendered":"<p>Chaque ann\u00e9e, quelque 1 million de v\u00e9hicules en Belgique subissent des r\u00e9parations de carrosserie ou de gros d\u00e9g\u00e2ts. Les pi\u00e8ces sont souvent commod\u00e9ment remplac\u00e9es plut\u00f4t que r\u00e9par\u00e9es, et l&rsquo;impact sur l&rsquo;environnement diff\u00e8re \u00e9galement de mani\u00e8re significative en fonction de la m\u00e9thode de r\u00e9paration. Peut-on faire les choses diff\u00e9remment ? La r\u00e9ponse se trouve dans l&rsquo;Eco Repair Score\u00ae, qui peut donner \u00e0 chaque m\u00e9thode de r\u00e9paration une \u00e9valuation de durabilit\u00e9 scientifiquement fond\u00e9e.<\/p>\n<p>L&rsquo;Eco Repair Score\u00ae est un outil de calcul \u00e0 bas seuil qui attribue une note de durabilit\u00e9 (de A \u00e0 E) aux r\u00e9parations de v\u00e9hicules et exprime \u00e9galement l&rsquo;impact environnemental de mani\u00e8re mesurable. En d&rsquo;autres termes, il s&rsquo;agit d&rsquo;une mesure du respect de l&rsquo;environnement avec lequel les dommages caus\u00e9s par une collision sur un v\u00e9hicule peuvent \u00eatre r\u00e9par\u00e9s. Cet outil peut \u00eatre utilis\u00e9 par les consommateurs, les r\u00e9parateurs, les assureurs, les gouvernements et les d\u00e9cideurs politiques.<\/p>\n<p><strong>Innovation belge et ambitions europ\u00e9ennes<br \/>\n<\/strong>L&rsquo;Eco Repair Score\u00ae a \u00e9t\u00e9 d\u00e9velopp\u00e9 par l&rsquo;agence d&rsquo;experts Vonck et l&rsquo;institut de recherche ind\u00e9pendant VITO, en collaboration avec AXA Belgium et d&rsquo;autres. En tant que premier assureur automobile en Belgique, AXA souhaite soutenir le d\u00e9veloppement de l&rsquo;Eco Repair Score\u00ae et le faire utiliser par ses r\u00e9parateurs agr\u00e9\u00e9s dans le cadre de quelque 100 000 sinistres par an. AXA Belgium a pour objectif de r\u00e9duire de 25 % les \u00e9missions li\u00e9es \u00e0 ses r\u00e9parations de v\u00e9hicules d&rsquo;ici 2026. Cela \u00e9quivaut \u00e0 5 000 tonnes de CO2, soit les \u00e9missions annuelles de 1 500 voitures dot\u00e9es d&rsquo;un moteur \u00e0 combustion classique.<br \/>\n\u200b<\/p>\n<blockquote><p><strong>Audrey Amiot, Chief Operating Officer chez AXA Belgium<\/strong>: <em>\u201cEn tant que leader du march\u00e9 de l&rsquo;assurance automobile, nous enregistrons plus de 100 000 r\u00e9parations de v\u00e9hicules chaque ann\u00e9e. Cela fait des ann\u00e9es qu&rsquo;AXA souhaite rendre les r\u00e9parations plus durables, c&rsquo;est pourquoi nous sommes plus qu&rsquo;enthousiastes \u00e0 l&rsquo;id\u00e9e de pouvoir proposer l&rsquo;Eco Repair Score\u00ae comme solution pour encourager les r\u00e9parations les plus durables dans la mesure du possible. Gr\u00e2ce \u00e0 l&rsquo;Eco Repair Score, nous offrons d\u00e9sormais \u00e0 nos clients et partenaires la possibilit\u00e9 de calculer avec pr\u00e9cision l&#8217;empreinte carbone de leurs r\u00e9parations automobiles afin qu&rsquo;ils puissent faire un choix conscient.\u201d <\/em><\/p><\/blockquote>\n<p>&nbsp;<\/p>\n<p>Il n&rsquo;existe nulle part ailleurs un tel outil de calcul. D&rsquo;ici 2027, l&rsquo;Eco Repair Score\u00ae a pour objectif de devenir l&rsquo;indice de r\u00e9paration \u00e9cologique ou la norme pour toute l&rsquo;Europe. Non seulement pour l&rsquo;impact environnemental de la r\u00e9paration des dommages \u00e0 la carrosserie, mais aussi pour l&rsquo;entretien des v\u00e9hicules.<\/p>\n<blockquote><p><strong>Dirk Laenen, pr\u00e9sident de Febelcar, la f\u00e9d\u00e9ration belge des carrossiers<\/strong> : \u00ab\u00a0Pour nos membres, l&rsquo;environnement est un pilier important sur lequel nous nous concentrons depuis des ann\u00e9es. D&rsquo;une part en investissant dans des \u00e9quipements respectueux de l&rsquo;environnement tels que les panneaux solaires, la r\u00e9cup\u00e9ration d&rsquo;eau ou les cabines de peinture, et d&rsquo;autre part en proposant aux employ\u00e9s des formations et des remises \u00e0 niveau sur les nouvelles techniques de r\u00e9paration, telles que les r\u00e9parations intelligentes et ponctuelles. Alors que les initiatives actuelles se concentrent purement sur la production (par exemple, l&rsquo;initiative des voitures circulaires du Forum \u00e9conomique mondial), le recyclage (par exemple, Febelauto) et les \u00e9missions pendant l&rsquo;utilisation (Ecoscore de VITO), l&rsquo;Eco Repair Score\u00ae r\u00e9pond \u00e0 la n\u00e9cessit\u00e9 de r\u00e9duire de mani\u00e8re mesurable l&rsquo;impact environnemental des r\u00e9parations de v\u00e9hicules en se basant sur le plus grand nombre possible de crit\u00e8res d&rsquo;impact. Bien s\u00fbr, ce faisant, il reste incroyablement important pour nous que les r\u00e9parations soient correctement rembours\u00e9es \u00e0 chaque fois et que les directives des constructeurs sur la s\u00e9curit\u00e9 des r\u00e9parations soient respect\u00e9es.\u00a0\u00bb<\/p><\/blockquote>\n<p>&nbsp;<\/p>\n<p><strong>Comment fonctionne l&rsquo;Eco Repair Score\u00ae?<br \/>\n<\/strong>Le Score Eco Repair\u00ae s&rsquo;appuie sur une m\u00e9thodologie d&rsquo;\u00e9valuation largement accept\u00e9e et scientifique, qui utilise une base de donn\u00e9es fiable et v\u00e9rifi\u00e9e.<strong><br \/>\n<\/strong><\/p>\n<p>Le score est d\u00e9termin\u00e9 par une analyse du cycle de vie (ACV) de la r\u00e9paration des dommages caus\u00e9s au v\u00e9hicule par une collision. Le score est en outre calcul\u00e9 sur la base d&rsquo;un mod\u00e8le math\u00e9matique, qui comprend des donn\u00e9es sur les r\u00e9parations (des 40 pi\u00e8ces les plus souvent endommag\u00e9es lors d&rsquo;une collision), et l&rsquo;int\u00e9gration de 18 cat\u00e9gories d&rsquo;impact sur l&rsquo;environnement (dont les \u00e9missions de CO\u00b2).<\/p>\n<p>Le mod\u00e8le de calcul prend en compte les facteurs cl\u00e9s suivants :<\/p>\n<ul class=\"release-content-list release-content-list--bulleted release-content-list--align-inherit\">\n<li>la m\u00e9thode de r\u00e9paration choisie (remplacement ou r\u00e9paration, ou les deux)<\/li>\n<li>la fabrication des nouvelles pi\u00e8ces, des produits et de leur emballage<\/li>\n<li>le transport des pi\u00e8ces et des produits jusqu&rsquo;au r\u00e9parateur (bilan carbone)<\/li>\n<li>la peinture des pi\u00e8ces<\/li>\n<li>le recyclage des pi\u00e8ces, des produits et de leurs emballages apr\u00e8s r\u00e9paration<\/li>\n<li>la consommation d&rsquo;\u00e9nergie de l&rsquo;atelier de r\u00e9paration<\/li>\n<\/ul>\n","protected":false},"excerpt":{"rendered":"<p>Chaque ann\u00e9e, quelque 1 million de v\u00e9hicules en Belgique subissent des r\u00e9parations de carrosserie ou de gros d\u00e9g\u00e2ts. Les pi\u00e8ces sont souvent commod\u00e9ment remplac\u00e9es plut\u00f4t que r\u00e9par\u00e9es, et l&rsquo;impact sur l&rsquo;environnement diff\u00e8re \u00e9galement de mani\u00e8re significative en fonction de la m\u00e9thode de r\u00e9paration. Peut-on faire les choses diff\u00e9remment ? La r\u00e9ponse se trouve dans l&rsquo;Eco [&hellip;]<\/p>\n","protected":false},"author":4,"featured_media":11035,"comment_status":"closed","ping_status":"closed","sticky":false,"template":"","format":"standard","meta":{"_acf_changed":false,"footnotes":""},"categories":[83,91],"tags":[],"class_list":["post-11034","post","type-post","status-publish","format-standard","has-post-thumbnail","hentry","category-sssurance-risk-management-assistance-et-depannage","category-expertise-et-management"],"acf":[],"yoast_head":"<!-- This site is optimized with the Yoast SEO plugin v27.3 - https:\/\/yoast.com\/product\/yoast-seo-wordpress\/ -->\n<title>AXA Belgium a pour objectif de r\u00e9duire les \u00e9missions de CO2 de ses r\u00e9parations de v\u00e9hicules de 25 % d&#039;ici \u00e0 la fin de 2026 gr\u00e2ce \u00e0 l&#039;Eco Repair Score - link2fleet<\/title>\n<meta name=\"description\" content=\"Au d\u00e9but de cette ann\u00e9e, l&rsquo;Eco Repair Score\u00ae a \u00e9t\u00e9 lanc\u00e9 : un outil cr\u00e9\u00e9 par l&rsquo;agence d&rsquo;expertise Vonck et l&rsquo;institut de recherche ind\u00e9pendant VITO,\u2026\" \/>\n<meta name=\"robots\" content=\"index, follow, max-snippet:-1, max-image-preview:large, max-video-preview:-1\" \/>\n<meta property=\"og:locale\" content=\"fr_FR\" \/>\n<meta property=\"og:type\" content=\"article\" \/>\n<meta property=\"og:title\" content=\"AXA Belgium a pour objectif de r\u00e9duire les \u00e9missions de CO2 de ses r\u00e9parations de v\u00e9hicules de 25 % d&#039;ici \u00e0 la fin de 2026 gr\u00e2ce \u00e0 l&#039;Eco Repair Score - link2fleet\" \/>\n<meta property=\"og:description\" content=\"Au d\u00e9but de cette ann\u00e9e, l&rsquo;Eco Repair Score\u00ae a \u00e9t\u00e9 lanc\u00e9 : un outil cr\u00e9\u00e9 par l&rsquo;agence d&rsquo;expertise Vonck et l&rsquo;institut de recherche ind\u00e9pendant VITO,\u2026\" \/>\n<meta property=\"og:url\" content=\"https:\/\/www.link2fleet.com\/fr\/axa-belgium-a-pour-objectif-de-reduire-les-emissions-de-co2-de-ses-reparations-de-vehicules-de-25-dici-a-la-fin-de-2026-grace-a-leco-repair-score\/\" \/>\n<meta property=\"og:site_name\" content=\"link2fleet\" \/>\n<meta property=\"article:published_time\" content=\"2023-11-09T09:10:58+00:00\" \/>\n<meta property=\"og:image\" content=\"https:\/\/static.link2fleet.com\/wp-content\/uploads\/2024\/03\/axa-2311.jpg\" \/>\n\t<meta property=\"og:image:width\" content=\"1280\" \/>\n\t<meta property=\"og:image:height\" content=\"400\" \/>\n\t<meta property=\"og:image:type\" content=\"image\/jpeg\" \/>\n<meta name=\"author\" content=\"Damien Malvetti\" \/>\n<meta name=\"twitter:card\" content=\"summary_large_image\" \/>\n<meta name=\"twitter:description\" content=\"Au d\u00e9but de cette ann\u00e9e, l&rsquo;Eco Repair Score\u00ae a \u00e9t\u00e9 lanc\u00e9 : un outil cr\u00e9\u00e9 par l&rsquo;agence d&rsquo;expertise Vonck et l&rsquo;institut de recherche ind\u00e9pendant VITO,\u2026\" \/>\n<meta name=\"twitter:label1\" content=\"\u00c9crit par\" \/>\n\t<meta name=\"twitter:data1\" content=\"Damien Malvetti\" \/>\n\t<meta name=\"twitter:label2\" content=\"Dur\u00e9e de lecture estim\u00e9e\" \/>\n\t<meta name=\"twitter:data2\" content=\"4 minutes\" \/>\n<script type=\"application\/ld+json\" class=\"yoast-schema-graph\">{\"@context\":\"https:\\\/\\\/schema.org\",\"@graph\":[{\"@type\":\"Article\",\"@id\":\"https:\\\/\\\/www.link2fleet.com\\\/fr\\\/axa-belgium-a-pour-objectif-de-reduire-les-emissions-de-co2-de-ses-reparations-de-vehicules-de-25-dici-a-la-fin-de-2026-grace-a-leco-repair-score\\\/#article\",\"isPartOf\":{\"@id\":\"https:\\\/\\\/www.link2fleet.com\\\/fr\\\/axa-belgium-a-pour-objectif-de-reduire-les-emissions-de-co2-de-ses-reparations-de-vehicules-de-25-dici-a-la-fin-de-2026-grace-a-leco-repair-score\\\/\"},\"author\":{\"name\":\"Damien Malvetti\",\"@id\":\"https:\\\/\\\/www.link2fleet.com\\\/fr\\\/#\\\/schema\\\/person\\\/027cd46113c78036b3809c9a054049da\"},\"headline\":\"AXA Belgium a pour objectif de r\u00e9duire les \u00e9missions de CO2 de ses r\u00e9parations de v\u00e9hicules de 25 % d&rsquo;ici \u00e0 la fin de 2026 gr\u00e2ce \u00e0 l&rsquo;Eco Repair Score\",\"datePublished\":\"2023-11-09T09:10:58+00:00\",\"mainEntityOfPage\":{\"@id\":\"https:\\\/\\\/www.link2fleet.com\\\/fr\\\/axa-belgium-a-pour-objectif-de-reduire-les-emissions-de-co2-de-ses-reparations-de-vehicules-de-25-dici-a-la-fin-de-2026-grace-a-leco-repair-score\\\/\"},\"wordCount\":895,\"publisher\":{\"@id\":\"https:\\\/\\\/www.link2fleet.com\\\/fr\\\/#organization\"},\"image\":{\"@id\":\"https:\\\/\\\/www.link2fleet.com\\\/fr\\\/axa-belgium-a-pour-objectif-de-reduire-les-emissions-de-co2-de-ses-reparations-de-vehicules-de-25-dici-a-la-fin-de-2026-grace-a-leco-repair-score\\\/#primaryimage\"},\"thumbnailUrl\":\"https:\\\/\\\/static.link2fleet.com\\\/wp-content\\\/uploads\\\/2024\\\/03\\\/axa-2311.jpg\",\"articleSection\":[\"Assurances et assistance\",\"Gestion de flotte\"],\"inLanguage\":\"fr-FR\"},{\"@type\":\"WebPage\",\"@id\":\"https:\\\/\\\/www.link2fleet.com\\\/fr\\\/axa-belgium-a-pour-objectif-de-reduire-les-emissions-de-co2-de-ses-reparations-de-vehicules-de-25-dici-a-la-fin-de-2026-grace-a-leco-repair-score\\\/\",\"url\":\"https:\\\/\\\/www.link2fleet.com\\\/fr\\\/axa-belgium-a-pour-objectif-de-reduire-les-emissions-de-co2-de-ses-reparations-de-vehicules-de-25-dici-a-la-fin-de-2026-grace-a-leco-repair-score\\\/\",\"name\":\"AXA Belgium a pour objectif de r\u00e9duire les \u00e9missions de CO2 de ses r\u00e9parations de v\u00e9hicules de 25 % d'ici \u00e0 la fin de 2026 gr\u00e2ce \u00e0 l'Eco Repair Score - link2fleet\",\"isPartOf\":{\"@id\":\"https:\\\/\\\/www.link2fleet.com\\\/fr\\\/#website\"},\"primaryImageOfPage\":{\"@id\":\"https:\\\/\\\/www.link2fleet.com\\\/fr\\\/axa-belgium-a-pour-objectif-de-reduire-les-emissions-de-co2-de-ses-reparations-de-vehicules-de-25-dici-a-la-fin-de-2026-grace-a-leco-repair-score\\\/#primaryimage\"},\"image\":{\"@id\":\"https:\\\/\\\/www.link2fleet.com\\\/fr\\\/axa-belgium-a-pour-objectif-de-reduire-les-emissions-de-co2-de-ses-reparations-de-vehicules-de-25-dici-a-la-fin-de-2026-grace-a-leco-repair-score\\\/#primaryimage\"},\"thumbnailUrl\":\"https:\\\/\\\/static.link2fleet.com\\\/wp-content\\\/uploads\\\/2024\\\/03\\\/axa-2311.jpg\",\"datePublished\":\"2023-11-09T09:10:58+00:00\",\"breadcrumb\":{\"@id\":\"https:\\\/\\\/www.link2fleet.com\\\/fr\\\/axa-belgium-a-pour-objectif-de-reduire-les-emissions-de-co2-de-ses-reparations-de-vehicules-de-25-dici-a-la-fin-de-2026-grace-a-leco-repair-score\\\/#breadcrumb\"},\"inLanguage\":\"fr-FR\",\"potentialAction\":[{\"@type\":\"ReadAction\",\"target\":[\"https:\\\/\\\/www.link2fleet.com\\\/fr\\\/axa-belgium-a-pour-objectif-de-reduire-les-emissions-de-co2-de-ses-reparations-de-vehicules-de-25-dici-a-la-fin-de-2026-grace-a-leco-repair-score\\\/\"]}]},{\"@type\":\"ImageObject\",\"inLanguage\":\"fr-FR\",\"@id\":\"https:\\\/\\\/www.link2fleet.com\\\/fr\\\/axa-belgium-a-pour-objectif-de-reduire-les-emissions-de-co2-de-ses-reparations-de-vehicules-de-25-dici-a-la-fin-de-2026-grace-a-leco-repair-score\\\/#primaryimage\",\"url\":\"https:\\\/\\\/static.link2fleet.com\\\/wp-content\\\/uploads\\\/2024\\\/03\\\/axa-2311.jpg\",\"contentUrl\":\"https:\\\/\\\/static.link2fleet.com\\\/wp-content\\\/uploads\\\/2024\\\/03\\\/axa-2311.jpg\",\"width\":1280,\"height\":400},{\"@type\":\"BreadcrumbList\",\"@id\":\"https:\\\/\\\/www.link2fleet.com\\\/fr\\\/axa-belgium-a-pour-objectif-de-reduire-les-emissions-de-co2-de-ses-reparations-de-vehicules-de-25-dici-a-la-fin-de-2026-grace-a-leco-repair-score\\\/#breadcrumb\",\"itemListElement\":[{\"@type\":\"ListItem\",\"position\":1,\"name\":\"Home\",\"item\":\"https:\\\/\\\/www.link2fleet.com\\\/fr\\\/\"},{\"@type\":\"ListItem\",\"position\":2,\"name\":\"AXA Belgium a pour objectif de r\u00e9duire les \u00e9missions de CO2 de ses r\u00e9parations de v\u00e9hicules de 25 % d&#8217;ici \u00e0 la fin de 2026 gr\u00e2ce \u00e0 l&#8217;Eco Repair Score\"}]},{\"@type\":\"WebSite\",\"@id\":\"https:\\\/\\\/www.link2fleet.com\\\/fr\\\/#website\",\"url\":\"https:\\\/\\\/www.link2fleet.com\\\/fr\\\/\",\"name\":\"Link2fleet\",\"description\":\"\",\"publisher\":{\"@id\":\"https:\\\/\\\/www.link2fleet.com\\\/fr\\\/#organization\"},\"potentialAction\":[{\"@type\":\"SearchAction\",\"target\":{\"@type\":\"EntryPoint\",\"urlTemplate\":\"https:\\\/\\\/www.link2fleet.com\\\/fr\\\/?s={search_term_string}\"},\"query-input\":{\"@type\":\"PropertyValueSpecification\",\"valueRequired\":true,\"valueName\":\"search_term_string\"}}],\"inLanguage\":\"fr-FR\"},{\"@type\":\"Organization\",\"@id\":\"https:\\\/\\\/www.link2fleet.com\\\/fr\\\/#organization\",\"name\":\"Link2fleet\",\"url\":\"https:\\\/\\\/www.link2fleet.com\\\/fr\\\/\",\"logo\":{\"@type\":\"ImageObject\",\"inLanguage\":\"fr-FR\",\"@id\":\"https:\\\/\\\/www.link2fleet.com\\\/fr\\\/#\\\/schema\\\/logo\\\/image\\\/\",\"url\":\"https:\\\/\\\/static.link2fleet.com\\\/wp-content\\\/uploads\\\/2024\\\/03\\\/share-image.jpg\",\"contentUrl\":\"https:\\\/\\\/static.link2fleet.com\\\/wp-content\\\/uploads\\\/2024\\\/03\\\/share-image.jpg\",\"width\":1200,\"height\":630,\"caption\":\"Link2fleet\"},\"image\":{\"@id\":\"https:\\\/\\\/www.link2fleet.com\\\/fr\\\/#\\\/schema\\\/logo\\\/image\\\/\"},\"sameAs\":[\"https:\\\/\\\/www.linkedin.com\\\/company\\\/link2fleet-belgium\",\"https:\\\/\\\/www.youtube.com\\\/user\\\/MMMBMBE\"]},{\"@type\":\"Person\",\"@id\":\"https:\\\/\\\/www.link2fleet.com\\\/fr\\\/#\\\/schema\\\/person\\\/027cd46113c78036b3809c9a054049da\",\"name\":\"Damien Malvetti\",\"image\":{\"@type\":\"ImageObject\",\"inLanguage\":\"fr-FR\",\"@id\":\"https:\\\/\\\/secure.gravatar.com\\\/avatar\\\/dd8cc03b49466c735f753ac37f8caa371af16dfed347456ed61f02883255eebb?s=96&d=mm&r=g\",\"url\":\"https:\\\/\\\/secure.gravatar.com\\\/avatar\\\/dd8cc03b49466c735f753ac37f8caa371af16dfed347456ed61f02883255eebb?s=96&d=mm&r=g\",\"contentUrl\":\"https:\\\/\\\/secure.gravatar.com\\\/avatar\\\/dd8cc03b49466c735f753ac37f8caa371af16dfed347456ed61f02883255eebb?s=96&d=mm&r=g\",\"caption\":\"Damien Malvetti\"},\"description\":\"Damien Malvetti is opgeleid als journalist en gepassioneerd door wagens, technologie en mobiliteit. Hij is verantwoordelijk voor de redactionele inhoud van link2fleet en beschikt over een uitgebreide kennis van de fleet-sector en elektrische mobiliteit.\",\"sameAs\":[\"https:\\\/\\\/www.linkedin.com\\\/in\\\/damien-malvetti-56601142\\\/\"]}]}<\/script>\n<!-- \/ Yoast SEO plugin. -->","yoast_head_json":{"title":"AXA Belgium a pour objectif de r\u00e9duire les \u00e9missions de CO2 de ses r\u00e9parations de v\u00e9hicules de 25 % d'ici \u00e0 la fin de 2026 gr\u00e2ce \u00e0 l'Eco Repair Score - link2fleet","description":"Au d\u00e9but de cette ann\u00e9e, l&rsquo;Eco Repair Score\u00ae a \u00e9t\u00e9 lanc\u00e9 : un outil cr\u00e9\u00e9 par l&rsquo;agence d&rsquo;expertise Vonck et l&rsquo;institut de recherche ind\u00e9pendant VITO,\u2026","robots":{"index":"index","follow":"follow","max-snippet":"max-snippet:-1","max-image-preview":"max-image-preview:large","max-video-preview":"max-video-preview:-1"},"og_locale":"fr_FR","og_type":"article","og_title":"AXA Belgium a pour objectif de r\u00e9duire les \u00e9missions de CO2 de ses r\u00e9parations de v\u00e9hicules de 25 % d'ici \u00e0 la fin de 2026 gr\u00e2ce \u00e0 l'Eco Repair Score - link2fleet","og_description":"Au d\u00e9but de cette ann\u00e9e, l&rsquo;Eco Repair Score\u00ae a \u00e9t\u00e9 lanc\u00e9 : un outil cr\u00e9\u00e9 par l&rsquo;agence d&rsquo;expertise Vonck et l&rsquo;institut de recherche ind\u00e9pendant VITO,\u2026","og_url":"https:\/\/www.link2fleet.com\/fr\/axa-belgium-a-pour-objectif-de-reduire-les-emissions-de-co2-de-ses-reparations-de-vehicules-de-25-dici-a-la-fin-de-2026-grace-a-leco-repair-score\/","og_site_name":"link2fleet","article_published_time":"2023-11-09T09:10:58+00:00","og_image":[{"width":1280,"height":400,"url":"https:\/\/static.link2fleet.com\/wp-content\/uploads\/2024\/03\/axa-2311.jpg","type":"image\/jpeg"}],"author":"Damien Malvetti","twitter_card":"summary_large_image","twitter_description":"Au d\u00e9but de cette ann\u00e9e, l&rsquo;Eco Repair Score\u00ae a \u00e9t\u00e9 lanc\u00e9 : un outil cr\u00e9\u00e9 par l&rsquo;agence d&rsquo;expertise Vonck et l&rsquo;institut de recherche ind\u00e9pendant VITO,\u2026","twitter_misc":{"\u00c9crit par":"Damien Malvetti","Dur\u00e9e de lecture estim\u00e9e":"4 minutes"},"schema":{"@context":"https:\/\/schema.org","@graph":[{"@type":"Article","@id":"https:\/\/www.link2fleet.com\/fr\/axa-belgium-a-pour-objectif-de-reduire-les-emissions-de-co2-de-ses-reparations-de-vehicules-de-25-dici-a-la-fin-de-2026-grace-a-leco-repair-score\/#article","isPartOf":{"@id":"https:\/\/www.link2fleet.com\/fr\/axa-belgium-a-pour-objectif-de-reduire-les-emissions-de-co2-de-ses-reparations-de-vehicules-de-25-dici-a-la-fin-de-2026-grace-a-leco-repair-score\/"},"author":{"name":"Damien Malvetti","@id":"https:\/\/www.link2fleet.com\/fr\/#\/schema\/person\/027cd46113c78036b3809c9a054049da"},"headline":"AXA Belgium a pour objectif de r\u00e9duire les \u00e9missions de CO2 de ses r\u00e9parations de v\u00e9hicules de 25 % d&rsquo;ici \u00e0 la fin de 2026 gr\u00e2ce \u00e0 l&rsquo;Eco Repair Score","datePublished":"2023-11-09T09:10:58+00:00","mainEntityOfPage":{"@id":"https:\/\/www.link2fleet.com\/fr\/axa-belgium-a-pour-objectif-de-reduire-les-emissions-de-co2-de-ses-reparations-de-vehicules-de-25-dici-a-la-fin-de-2026-grace-a-leco-repair-score\/"},"wordCount":895,"publisher":{"@id":"https:\/\/www.link2fleet.com\/fr\/#organization"},"image":{"@id":"https:\/\/www.link2fleet.com\/fr\/axa-belgium-a-pour-objectif-de-reduire-les-emissions-de-co2-de-ses-reparations-de-vehicules-de-25-dici-a-la-fin-de-2026-grace-a-leco-repair-score\/#primaryimage"},"thumbnailUrl":"https:\/\/static.link2fleet.com\/wp-content\/uploads\/2024\/03\/axa-2311.jpg","articleSection":["Assurances et assistance","Gestion de flotte"],"inLanguage":"fr-FR"},{"@type":"WebPage","@id":"https:\/\/www.link2fleet.com\/fr\/axa-belgium-a-pour-objectif-de-reduire-les-emissions-de-co2-de-ses-reparations-de-vehicules-de-25-dici-a-la-fin-de-2026-grace-a-leco-repair-score\/","url":"https:\/\/www.link2fleet.com\/fr\/axa-belgium-a-pour-objectif-de-reduire-les-emissions-de-co2-de-ses-reparations-de-vehicules-de-25-dici-a-la-fin-de-2026-grace-a-leco-repair-score\/","name":"AXA Belgium a pour objectif de r\u00e9duire les \u00e9missions de CO2 de ses r\u00e9parations de v\u00e9hicules de 25 % d'ici \u00e0 la fin de 2026 gr\u00e2ce \u00e0 l'Eco Repair Score - link2fleet","isPartOf":{"@id":"https:\/\/www.link2fleet.com\/fr\/#website"},"primaryImageOfPage":{"@id":"https:\/\/www.link2fleet.com\/fr\/axa-belgium-a-pour-objectif-de-reduire-les-emissions-de-co2-de-ses-reparations-de-vehicules-de-25-dici-a-la-fin-de-2026-grace-a-leco-repair-score\/#primaryimage"},"image":{"@id":"https:\/\/www.link2fleet.com\/fr\/axa-belgium-a-pour-objectif-de-reduire-les-emissions-de-co2-de-ses-reparations-de-vehicules-de-25-dici-a-la-fin-de-2026-grace-a-leco-repair-score\/#primaryimage"},"thumbnailUrl":"https:\/\/static.link2fleet.com\/wp-content\/uploads\/2024\/03\/axa-2311.jpg","datePublished":"2023-11-09T09:10:58+00:00","breadcrumb":{"@id":"https:\/\/www.link2fleet.com\/fr\/axa-belgium-a-pour-objectif-de-reduire-les-emissions-de-co2-de-ses-reparations-de-vehicules-de-25-dici-a-la-fin-de-2026-grace-a-leco-repair-score\/#breadcrumb"},"inLanguage":"fr-FR","potentialAction":[{"@type":"ReadAction","target":["https:\/\/www.link2fleet.com\/fr\/axa-belgium-a-pour-objectif-de-reduire-les-emissions-de-co2-de-ses-reparations-de-vehicules-de-25-dici-a-la-fin-de-2026-grace-a-leco-repair-score\/"]}]},{"@type":"ImageObject","inLanguage":"fr-FR","@id":"https:\/\/www.link2fleet.com\/fr\/axa-belgium-a-pour-objectif-de-reduire-les-emissions-de-co2-de-ses-reparations-de-vehicules-de-25-dici-a-la-fin-de-2026-grace-a-leco-repair-score\/#primaryimage","url":"https:\/\/static.link2fleet.com\/wp-content\/uploads\/2024\/03\/axa-2311.jpg","contentUrl":"https:\/\/static.link2fleet.com\/wp-content\/uploads\/2024\/03\/axa-2311.jpg","width":1280,"height":400},{"@type":"BreadcrumbList","@id":"https:\/\/www.link2fleet.com\/fr\/axa-belgium-a-pour-objectif-de-reduire-les-emissions-de-co2-de-ses-reparations-de-vehicules-de-25-dici-a-la-fin-de-2026-grace-a-leco-repair-score\/#breadcrumb","itemListElement":[{"@type":"ListItem","position":1,"name":"Home","item":"https:\/\/www.link2fleet.com\/fr\/"},{"@type":"ListItem","position":2,"name":"AXA Belgium a pour objectif de r\u00e9duire les \u00e9missions de CO2 de ses r\u00e9parations de v\u00e9hicules de 25 % d&#8217;ici \u00e0 la fin de 2026 gr\u00e2ce \u00e0 l&#8217;Eco Repair Score"}]},{"@type":"WebSite","@id":"https:\/\/www.link2fleet.com\/fr\/#website","url":"https:\/\/www.link2fleet.com\/fr\/","name":"Link2fleet","description":"","publisher":{"@id":"https:\/\/www.link2fleet.com\/fr\/#organization"},"potentialAction":[{"@type":"SearchAction","target":{"@type":"EntryPoint","urlTemplate":"https:\/\/www.link2fleet.com\/fr\/?s={search_term_string}"},"query-input":{"@type":"PropertyValueSpecification","valueRequired":true,"valueName":"search_term_string"}}],"inLanguage":"fr-FR"},{"@type":"Organization","@id":"https:\/\/www.link2fleet.com\/fr\/#organization","name":"Link2fleet","url":"https:\/\/www.link2fleet.com\/fr\/","logo":{"@type":"ImageObject","inLanguage":"fr-FR","@id":"https:\/\/www.link2fleet.com\/fr\/#\/schema\/logo\/image\/","url":"https:\/\/static.link2fleet.com\/wp-content\/uploads\/2024\/03\/share-image.jpg","contentUrl":"https:\/\/static.link2fleet.com\/wp-content\/uploads\/2024\/03\/share-image.jpg","width":1200,"height":630,"caption":"Link2fleet"},"image":{"@id":"https:\/\/www.link2fleet.com\/fr\/#\/schema\/logo\/image\/"},"sameAs":["https:\/\/www.linkedin.com\/company\/link2fleet-belgium","https:\/\/www.youtube.com\/user\/MMMBMBE"]},{"@type":"Person","@id":"https:\/\/www.link2fleet.com\/fr\/#\/schema\/person\/027cd46113c78036b3809c9a054049da","name":"Damien Malvetti","image":{"@type":"ImageObject","inLanguage":"fr-FR","@id":"https:\/\/secure.gravatar.com\/avatar\/dd8cc03b49466c735f753ac37f8caa371af16dfed347456ed61f02883255eebb?s=96&d=mm&r=g","url":"https:\/\/secure.gravatar.com\/avatar\/dd8cc03b49466c735f753ac37f8caa371af16dfed347456ed61f02883255eebb?s=96&d=mm&r=g","contentUrl":"https:\/\/secure.gravatar.com\/avatar\/dd8cc03b49466c735f753ac37f8caa371af16dfed347456ed61f02883255eebb?s=96&d=mm&r=g","caption":"Damien Malvetti"},"description":"Damien Malvetti is opgeleid als journalist en gepassioneerd door wagens, technologie en mobiliteit. Hij is verantwoordelijk voor de redactionele inhoud van link2fleet en beschikt over een uitgebreide kennis van de fleet-sector en elektrische mobiliteit.","sameAs":["https:\/\/www.linkedin.com\/in\/damien-malvetti-56601142\/"]}]}},"_links":{"self":[{"href":"https:\/\/www.link2fleet.com\/fr\/wp-json\/wp\/v2\/posts\/11034","targetHints":{"allow":["GET"]}}],"collection":[{"href":"https:\/\/www.link2fleet.com\/fr\/wp-json\/wp\/v2\/posts"}],"about":[{"href":"https:\/\/www.link2fleet.com\/fr\/wp-json\/wp\/v2\/types\/post"}],"author":[{"embeddable":true,"href":"https:\/\/www.link2fleet.com\/fr\/wp-json\/wp\/v2\/users\/4"}],"replies":[{"embeddable":true,"href":"https:\/\/www.link2fleet.com\/fr\/wp-json\/wp\/v2\/comments?post=11034"}],"version-history":[{"count":0,"href":"https:\/\/www.link2fleet.com\/fr\/wp-json\/wp\/v2\/posts\/11034\/revisions"}],"wp:featuredmedia":[{"embeddable":true,"href":"https:\/\/www.link2fleet.com\/fr\/wp-json\/wp\/v2\/media\/11035"}],"wp:attachment":[{"href":"https:\/\/www.link2fleet.com\/fr\/wp-json\/wp\/v2\/media?parent=11034"}],"wp:term":[{"taxonomy":"category","embeddable":true,"href":"https:\/\/www.link2fleet.com\/fr\/wp-json\/wp\/v2\/categories?post=11034"},{"taxonomy":"post_tag","embeddable":true,"href":"https:\/\/www.link2fleet.com\/fr\/wp-json\/wp\/v2\/tags?post=11034"}],"curies":[{"name":"wp","href":"https:\/\/api.w.org\/{rel}","templated":true}]}}