{"id":11060,"date":"2023-11-10T10:10:58","date_gmt":"2023-11-10T09:10:58","guid":{"rendered":"https:\/\/www.link2fleet.com\/le-parlement-europeen-vote-en-faveur-dune-norme-euro-7-plus-realiste\/"},"modified":"2023-11-10T10:10:58","modified_gmt":"2023-11-10T09:10:58","slug":"le-parlement-europeen-vote-en-faveur-dune-norme-euro-7-plus-realiste","status":"publish","type":"post","link":"https:\/\/www.link2fleet.com\/fr\/le-parlement-europeen-vote-en-faveur-dune-norme-euro-7-plus-realiste\/","title":{"rendered":"Le Parlement europ\u00e9en vote en faveur d&rsquo;une norme EURO 7 plus r\u00e9aliste"},"content":{"rendered":"<p style=\"font-weight: 400;\">Le d\u00e9bat autour de l&rsquo;introduction de la norme EURO 7 dure depuis longtemps. Les constructeurs automobiles ont fait remarquer que la norme EURO 6 actuelle, dans ses diff\u00e9rentes \u00e9tapes, avait d\u00e9j\u00e0 permis de franchir une \u00e9tape importante en \u00e9vitant les substances nocives \u00e0 l&rsquo;\u00e9chappement, en particulier les particules, les NOx et le CO. Les investissements n\u00e9cessaires ont \u00e9t\u00e9 consid\u00e9rables, ce qui a eu pour effet d&rsquo;augmenter consid\u00e9rablement le prix des v\u00e9hicules, en particulier les plus petits mod\u00e8les. Il convient de noter que la norme EURO s&rsquo;applique non seulement aux voitures particuli\u00e8res, mais aussi aux v\u00e9hicules utilitaires l\u00e9gers et aux poids lourds.<\/p>\n<p style=\"font-weight: 400;\">La norme EURO 7 plus r\u00e9aliste choisie par le Parlement europ\u00e9en s&rsquo;inscrit plut\u00f4t dans la continuit\u00e9 de l&rsquo;actuelle norme EURO 6 pour les voitures particuli\u00e8res et de la norme EURO VI pour les camions l\u00e9gers et lourds, d\u00e9j\u00e0 fix\u00e9es respectivement en 2007 et 2009. La norme EURO 7 affaiblie est plus transposable pour les constructeurs automobiles au niveau de leurs processus industriels mais comporte encore quelques diff\u00e9rences substantielles.<\/p>\n<p style=\"font-weight: 400;\">En effet, la nouvelle norme EURO 7 prend \u00e9galement en compte les \u00e9missions de particules provenant des pneus et du freinage, ce qui affectera \u00e9galement les v\u00e9hicules \u00e9lectriques. Un certain nombre de questions restent en suspens concernant la bonne mise en \u0153uvre des proc\u00e9dures de test pour les v\u00e9hicules \u00e9lectriques. La mise en \u0153uvre effective et certaines modalit\u00e9s d&rsquo;application dans les pays de l&rsquo;UE se feront dans le cadre de nouvelles consultations entre le Conseil europ\u00e9en et le Parlement europ\u00e9en, d&rsquo;une part, et la Commission de l&rsquo;UE, d&rsquo;autre part, qui insiste encore sur un certain nombre de mesures d&rsquo;application plus strictes.<\/p>\n<p style=\"font-weight: 400;\">Les textes d\u00e9finitifs sont attendus au plus t\u00f4t en 2024 avec une mise en \u0153uvre effective au plus t\u00f4t en 2026 pour les voitures particuli\u00e8res et en 2027 pour les v\u00e9hicules l\u00e9gers et les poids lourds mais peut-\u00eatre encore un an plus tard pour les deux cat\u00e9gories de v\u00e9hicules. Plusieurs \u00e9tudes montrent \u00e9galement qu&rsquo;il est possible d&rsquo;am\u00e9liorer plus rapidement la qualit\u00e9 de l&rsquo;air en renouvelant le parc automobile europ\u00e9en et en investissant dans les d\u00e9veloppements et l&rsquo;introduction plus large des v\u00e9hicules \u00e9lectriques, bien qu&rsquo;\u00e0 la condition que le nombre de kilom\u00e8tres parcourus par habitant n&rsquo;augmente pas davantage pour \u00e9viter ce que l&rsquo;on appelle la \u00ab\u00a0pollution par les embouteillages\u00a0\u00bb.<\/p>\n<p style=\"font-weight: 400; text-align: right;\"><strong>Michel Willems<\/strong><\/p>\n<p style=\"font-weight: 400; text-align: right;\"><strong>MOBILITAS<\/strong><\/p>\n","protected":false},"excerpt":{"rendered":"<p>Le d\u00e9bat autour de l&rsquo;introduction de la norme EURO 7 dure depuis longtemps. Les constructeurs automobiles ont fait remarquer que la norme EURO 6 actuelle, dans ses diff\u00e9rentes \u00e9tapes, avait d\u00e9j\u00e0 permis de franchir une \u00e9tape importante en \u00e9vitant les substances nocives \u00e0 l&rsquo;\u00e9chappement, en particulier les particules, les NOx et le CO. Les investissements [&hellip;]<\/p>\n","protected":false},"author":11,"featured_media":11061,"comment_status":"closed","ping_status":"closed","sticky":false,"template":"","format":"standard","meta":{"_acf_changed":false,"footnotes":""},"categories":[91,101],"tags":[],"class_list":["post-11060","post","type-post","status-publish","format-standard","has-post-thumbnail","hentry","category-expertise-et-management","category-tax-legal"],"acf":[],"yoast_head":"<!-- This site is optimized with the Yoast SEO plugin v27.3 - https:\/\/yoast.com\/product\/yoast-seo-wordpress\/ -->\n<title>Le Parlement europ\u00e9en vote en faveur d&#039;une norme EURO 7 plus r\u00e9aliste - link2fleet<\/title>\n<meta name=\"description\" content=\"Le Parlement europ\u00e9en a vot\u00e9 ce jeudi 9 novembre en faveur d&rsquo;une approche plus r\u00e9aliste de la norme EURO 7 que ce qui avait \u00e9t\u00e9\u2026\" \/>\n<meta name=\"robots\" content=\"index, follow, max-snippet:-1, max-image-preview:large, max-video-preview:-1\" \/>\n<meta property=\"og:locale\" content=\"fr_FR\" \/>\n<meta property=\"og:type\" content=\"article\" \/>\n<meta property=\"og:title\" content=\"Le Parlement europ\u00e9en vote en faveur d&#039;une norme EURO 7 plus r\u00e9aliste - link2fleet\" \/>\n<meta property=\"og:description\" content=\"Le Parlement europ\u00e9en a vot\u00e9 ce jeudi 9 novembre en faveur d&rsquo;une approche plus r\u00e9aliste de la norme EURO 7 que ce qui avait \u00e9t\u00e9\u2026\" \/>\n<meta property=\"og:url\" content=\"https:\/\/www.link2fleet.com\/fr\/le-parlement-europeen-vote-en-faveur-dune-norme-euro-7-plus-realiste\/\" \/>\n<meta property=\"og:site_name\" content=\"link2fleet\" \/>\n<meta property=\"article:published_time\" content=\"2023-11-10T09:10:58+00:00\" \/>\n<meta property=\"og:image\" content=\"https:\/\/static.link2fleet.com\/wp-content\/uploads\/2024\/03\/euro7.jpg\" \/>\n\t<meta property=\"og:image:width\" content=\"1200\" \/>\n\t<meta property=\"og:image:height\" content=\"654\" \/>\n\t<meta property=\"og:image:type\" content=\"image\/jpeg\" \/>\n<meta name=\"author\" content=\"Michel Willems - Mobilitas\" \/>\n<meta name=\"twitter:card\" content=\"summary_large_image\" \/>\n<meta name=\"twitter:description\" content=\"Le Parlement europ\u00e9en a vot\u00e9 ce jeudi 9 novembre en faveur d&rsquo;une approche plus r\u00e9aliste de la norme EURO 7 que ce qui avait \u00e9t\u00e9\u2026\" \/>\n<meta name=\"twitter:label1\" content=\"\u00c9crit par\" \/>\n\t<meta name=\"twitter:data1\" content=\"Michel Willems - Mobilitas\" \/>\n\t<meta name=\"twitter:label2\" content=\"Dur\u00e9e de lecture estim\u00e9e\" \/>\n\t<meta name=\"twitter:data2\" content=\"2 minutes\" \/>\n<script type=\"application\/ld+json\" class=\"yoast-schema-graph\">{\"@context\":\"https:\\\/\\\/schema.org\",\"@graph\":[{\"@type\":\"Article\",\"@id\":\"https:\\\/\\\/www.link2fleet.com\\\/fr\\\/le-parlement-europeen-vote-en-faveur-dune-norme-euro-7-plus-realiste\\\/#article\",\"isPartOf\":{\"@id\":\"https:\\\/\\\/www.link2fleet.com\\\/fr\\\/le-parlement-europeen-vote-en-faveur-dune-norme-euro-7-plus-realiste\\\/\"},\"author\":{\"name\":\"Michel Willems - Mobilitas\",\"@id\":\"https:\\\/\\\/www.link2fleet.com\\\/fr\\\/#\\\/schema\\\/person\\\/bd29f6a2c2427e85a70d3acf17303486\"},\"headline\":\"Le Parlement europ\u00e9en vote en faveur d&rsquo;une norme EURO 7 plus r\u00e9aliste\",\"datePublished\":\"2023-11-10T09:10:58+00:00\",\"mainEntityOfPage\":{\"@id\":\"https:\\\/\\\/www.link2fleet.com\\\/fr\\\/le-parlement-europeen-vote-en-faveur-dune-norme-euro-7-plus-realiste\\\/\"},\"wordCount\":440,\"publisher\":{\"@id\":\"https:\\\/\\\/www.link2fleet.com\\\/fr\\\/#organization\"},\"image\":{\"@id\":\"https:\\\/\\\/www.link2fleet.com\\\/fr\\\/le-parlement-europeen-vote-en-faveur-dune-norme-euro-7-plus-realiste\\\/#primaryimage\"},\"thumbnailUrl\":\"https:\\\/\\\/static.link2fleet.com\\\/wp-content\\\/uploads\\\/2024\\\/03\\\/euro7.jpg\",\"articleSection\":[\"Gestion de flotte\",\"Tax &amp; legal\"],\"inLanguage\":\"fr-FR\"},{\"@type\":\"WebPage\",\"@id\":\"https:\\\/\\\/www.link2fleet.com\\\/fr\\\/le-parlement-europeen-vote-en-faveur-dune-norme-euro-7-plus-realiste\\\/\",\"url\":\"https:\\\/\\\/www.link2fleet.com\\\/fr\\\/le-parlement-europeen-vote-en-faveur-dune-norme-euro-7-plus-realiste\\\/\",\"name\":\"Le Parlement europ\u00e9en vote en faveur d'une norme EURO 7 plus r\u00e9aliste - link2fleet\",\"isPartOf\":{\"@id\":\"https:\\\/\\\/www.link2fleet.com\\\/fr\\\/#website\"},\"primaryImageOfPage\":{\"@id\":\"https:\\\/\\\/www.link2fleet.com\\\/fr\\\/le-parlement-europeen-vote-en-faveur-dune-norme-euro-7-plus-realiste\\\/#primaryimage\"},\"image\":{\"@id\":\"https:\\\/\\\/www.link2fleet.com\\\/fr\\\/le-parlement-europeen-vote-en-faveur-dune-norme-euro-7-plus-realiste\\\/#primaryimage\"},\"thumbnailUrl\":\"https:\\\/\\\/static.link2fleet.com\\\/wp-content\\\/uploads\\\/2024\\\/03\\\/euro7.jpg\",\"datePublished\":\"2023-11-10T09:10:58+00:00\",\"breadcrumb\":{\"@id\":\"https:\\\/\\\/www.link2fleet.com\\\/fr\\\/le-parlement-europeen-vote-en-faveur-dune-norme-euro-7-plus-realiste\\\/#breadcrumb\"},\"inLanguage\":\"fr-FR\",\"potentialAction\":[{\"@type\":\"ReadAction\",\"target\":[\"https:\\\/\\\/www.link2fleet.com\\\/fr\\\/le-parlement-europeen-vote-en-faveur-dune-norme-euro-7-plus-realiste\\\/\"]}]},{\"@type\":\"ImageObject\",\"inLanguage\":\"fr-FR\",\"@id\":\"https:\\\/\\\/www.link2fleet.com\\\/fr\\\/le-parlement-europeen-vote-en-faveur-dune-norme-euro-7-plus-realiste\\\/#primaryimage\",\"url\":\"https:\\\/\\\/static.link2fleet.com\\\/wp-content\\\/uploads\\\/2024\\\/03\\\/euro7.jpg\",\"contentUrl\":\"https:\\\/\\\/static.link2fleet.com\\\/wp-content\\\/uploads\\\/2024\\\/03\\\/euro7.jpg\",\"width\":1200,\"height\":654},{\"@type\":\"BreadcrumbList\",\"@id\":\"https:\\\/\\\/www.link2fleet.com\\\/fr\\\/le-parlement-europeen-vote-en-faveur-dune-norme-euro-7-plus-realiste\\\/#breadcrumb\",\"itemListElement\":[{\"@type\":\"ListItem\",\"position\":1,\"name\":\"Home\",\"item\":\"https:\\\/\\\/www.link2fleet.com\\\/fr\\\/\"},{\"@type\":\"ListItem\",\"position\":2,\"name\":\"Le Parlement europ\u00e9en vote en faveur d&#8217;une norme EURO 7 plus r\u00e9aliste\"}]},{\"@type\":\"WebSite\",\"@id\":\"https:\\\/\\\/www.link2fleet.com\\\/fr\\\/#website\",\"url\":\"https:\\\/\\\/www.link2fleet.com\\\/fr\\\/\",\"name\":\"Link2fleet\",\"description\":\"\",\"publisher\":{\"@id\":\"https:\\\/\\\/www.link2fleet.com\\\/fr\\\/#organization\"},\"potentialAction\":[{\"@type\":\"SearchAction\",\"target\":{\"@type\":\"EntryPoint\",\"urlTemplate\":\"https:\\\/\\\/www.link2fleet.com\\\/fr\\\/?s={search_term_string}\"},\"query-input\":{\"@type\":\"PropertyValueSpecification\",\"valueRequired\":true,\"valueName\":\"search_term_string\"}}],\"inLanguage\":\"fr-FR\"},{\"@type\":\"Organization\",\"@id\":\"https:\\\/\\\/www.link2fleet.com\\\/fr\\\/#organization\",\"name\":\"Link2fleet\",\"url\":\"https:\\\/\\\/www.link2fleet.com\\\/fr\\\/\",\"logo\":{\"@type\":\"ImageObject\",\"inLanguage\":\"fr-FR\",\"@id\":\"https:\\\/\\\/www.link2fleet.com\\\/fr\\\/#\\\/schema\\\/logo\\\/image\\\/\",\"url\":\"https:\\\/\\\/static.link2fleet.com\\\/wp-content\\\/uploads\\\/2024\\\/03\\\/share-image.jpg\",\"contentUrl\":\"https:\\\/\\\/static.link2fleet.com\\\/wp-content\\\/uploads\\\/2024\\\/03\\\/share-image.jpg\",\"width\":1200,\"height\":630,\"caption\":\"Link2fleet\"},\"image\":{\"@id\":\"https:\\\/\\\/www.link2fleet.com\\\/fr\\\/#\\\/schema\\\/logo\\\/image\\\/\"},\"sameAs\":[\"https:\\\/\\\/www.linkedin.com\\\/company\\\/link2fleet-belgium\",\"https:\\\/\\\/www.youtube.com\\\/user\\\/MMMBMBE\"]},{\"@type\":\"Person\",\"@id\":\"https:\\\/\\\/www.link2fleet.com\\\/fr\\\/#\\\/schema\\\/person\\\/bd29f6a2c2427e85a70d3acf17303486\",\"name\":\"Michel Willems - Mobilitas\",\"image\":{\"@type\":\"ImageObject\",\"inLanguage\":\"fr-FR\",\"@id\":\"https:\\\/\\\/secure.gravatar.com\\\/avatar\\\/c937de514893d5b69b3b52ee88664fd4879b786925b6742dc7891d347f167414?s=96&d=mm&r=g\",\"url\":\"https:\\\/\\\/secure.gravatar.com\\\/avatar\\\/c937de514893d5b69b3b52ee88664fd4879b786925b6742dc7891d347f167414?s=96&d=mm&r=g\",\"contentUrl\":\"https:\\\/\\\/secure.gravatar.com\\\/avatar\\\/c937de514893d5b69b3b52ee88664fd4879b786925b6742dc7891d347f167414?s=96&d=mm&r=g\",\"caption\":\"Michel Willems - Mobilitas\"}}]}<\/script>\n<!-- \/ Yoast SEO plugin. -->","yoast_head_json":{"title":"Le Parlement europ\u00e9en vote en faveur d'une norme EURO 7 plus r\u00e9aliste - link2fleet","description":"Le Parlement europ\u00e9en a vot\u00e9 ce jeudi 9 novembre en faveur d&rsquo;une approche plus r\u00e9aliste de la norme EURO 7 que ce qui avait \u00e9t\u00e9\u2026","robots":{"index":"index","follow":"follow","max-snippet":"max-snippet:-1","max-image-preview":"max-image-preview:large","max-video-preview":"max-video-preview:-1"},"og_locale":"fr_FR","og_type":"article","og_title":"Le Parlement europ\u00e9en vote en faveur d'une norme EURO 7 plus r\u00e9aliste - link2fleet","og_description":"Le Parlement europ\u00e9en a vot\u00e9 ce jeudi 9 novembre en faveur d&rsquo;une approche plus r\u00e9aliste de la norme EURO 7 que ce qui avait \u00e9t\u00e9\u2026","og_url":"https:\/\/www.link2fleet.com\/fr\/le-parlement-europeen-vote-en-faveur-dune-norme-euro-7-plus-realiste\/","og_site_name":"link2fleet","article_published_time":"2023-11-10T09:10:58+00:00","og_image":[{"width":1200,"height":654,"url":"https:\/\/static.link2fleet.com\/wp-content\/uploads\/2024\/03\/euro7.jpg","type":"image\/jpeg"}],"author":"Michel Willems - Mobilitas","twitter_card":"summary_large_image","twitter_description":"Le Parlement europ\u00e9en a vot\u00e9 ce jeudi 9 novembre en faveur d&rsquo;une approche plus r\u00e9aliste de la norme EURO 7 que ce qui avait \u00e9t\u00e9\u2026","twitter_misc":{"\u00c9crit par":"Michel Willems - Mobilitas","Dur\u00e9e de lecture estim\u00e9e":"2 minutes"},"schema":{"@context":"https:\/\/schema.org","@graph":[{"@type":"Article","@id":"https:\/\/www.link2fleet.com\/fr\/le-parlement-europeen-vote-en-faveur-dune-norme-euro-7-plus-realiste\/#article","isPartOf":{"@id":"https:\/\/www.link2fleet.com\/fr\/le-parlement-europeen-vote-en-faveur-dune-norme-euro-7-plus-realiste\/"},"author":{"name":"Michel Willems - Mobilitas","@id":"https:\/\/www.link2fleet.com\/fr\/#\/schema\/person\/bd29f6a2c2427e85a70d3acf17303486"},"headline":"Le Parlement europ\u00e9en vote en faveur d&rsquo;une norme EURO 7 plus r\u00e9aliste","datePublished":"2023-11-10T09:10:58+00:00","mainEntityOfPage":{"@id":"https:\/\/www.link2fleet.com\/fr\/le-parlement-europeen-vote-en-faveur-dune-norme-euro-7-plus-realiste\/"},"wordCount":440,"publisher":{"@id":"https:\/\/www.link2fleet.com\/fr\/#organization"},"image":{"@id":"https:\/\/www.link2fleet.com\/fr\/le-parlement-europeen-vote-en-faveur-dune-norme-euro-7-plus-realiste\/#primaryimage"},"thumbnailUrl":"https:\/\/static.link2fleet.com\/wp-content\/uploads\/2024\/03\/euro7.jpg","articleSection":["Gestion de flotte","Tax &amp; legal"],"inLanguage":"fr-FR"},{"@type":"WebPage","@id":"https:\/\/www.link2fleet.com\/fr\/le-parlement-europeen-vote-en-faveur-dune-norme-euro-7-plus-realiste\/","url":"https:\/\/www.link2fleet.com\/fr\/le-parlement-europeen-vote-en-faveur-dune-norme-euro-7-plus-realiste\/","name":"Le Parlement europ\u00e9en vote en faveur d'une norme EURO 7 plus r\u00e9aliste - link2fleet","isPartOf":{"@id":"https:\/\/www.link2fleet.com\/fr\/#website"},"primaryImageOfPage":{"@id":"https:\/\/www.link2fleet.com\/fr\/le-parlement-europeen-vote-en-faveur-dune-norme-euro-7-plus-realiste\/#primaryimage"},"image":{"@id":"https:\/\/www.link2fleet.com\/fr\/le-parlement-europeen-vote-en-faveur-dune-norme-euro-7-plus-realiste\/#primaryimage"},"thumbnailUrl":"https:\/\/static.link2fleet.com\/wp-content\/uploads\/2024\/03\/euro7.jpg","datePublished":"2023-11-10T09:10:58+00:00","breadcrumb":{"@id":"https:\/\/www.link2fleet.com\/fr\/le-parlement-europeen-vote-en-faveur-dune-norme-euro-7-plus-realiste\/#breadcrumb"},"inLanguage":"fr-FR","potentialAction":[{"@type":"ReadAction","target":["https:\/\/www.link2fleet.com\/fr\/le-parlement-europeen-vote-en-faveur-dune-norme-euro-7-plus-realiste\/"]}]},{"@type":"ImageObject","inLanguage":"fr-FR","@id":"https:\/\/www.link2fleet.com\/fr\/le-parlement-europeen-vote-en-faveur-dune-norme-euro-7-plus-realiste\/#primaryimage","url":"https:\/\/static.link2fleet.com\/wp-content\/uploads\/2024\/03\/euro7.jpg","contentUrl":"https:\/\/static.link2fleet.com\/wp-content\/uploads\/2024\/03\/euro7.jpg","width":1200,"height":654},{"@type":"BreadcrumbList","@id":"https:\/\/www.link2fleet.com\/fr\/le-parlement-europeen-vote-en-faveur-dune-norme-euro-7-plus-realiste\/#breadcrumb","itemListElement":[{"@type":"ListItem","position":1,"name":"Home","item":"https:\/\/www.link2fleet.com\/fr\/"},{"@type":"ListItem","position":2,"name":"Le Parlement europ\u00e9en vote en faveur d&#8217;une norme EURO 7 plus r\u00e9aliste"}]},{"@type":"WebSite","@id":"https:\/\/www.link2fleet.com\/fr\/#website","url":"https:\/\/www.link2fleet.com\/fr\/","name":"Link2fleet","description":"","publisher":{"@id":"https:\/\/www.link2fleet.com\/fr\/#organization"},"potentialAction":[{"@type":"SearchAction","target":{"@type":"EntryPoint","urlTemplate":"https:\/\/www.link2fleet.com\/fr\/?s={search_term_string}"},"query-input":{"@type":"PropertyValueSpecification","valueRequired":true,"valueName":"search_term_string"}}],"inLanguage":"fr-FR"},{"@type":"Organization","@id":"https:\/\/www.link2fleet.com\/fr\/#organization","name":"Link2fleet","url":"https:\/\/www.link2fleet.com\/fr\/","logo":{"@type":"ImageObject","inLanguage":"fr-FR","@id":"https:\/\/www.link2fleet.com\/fr\/#\/schema\/logo\/image\/","url":"https:\/\/static.link2fleet.com\/wp-content\/uploads\/2024\/03\/share-image.jpg","contentUrl":"https:\/\/static.link2fleet.com\/wp-content\/uploads\/2024\/03\/share-image.jpg","width":1200,"height":630,"caption":"Link2fleet"},"image":{"@id":"https:\/\/www.link2fleet.com\/fr\/#\/schema\/logo\/image\/"},"sameAs":["https:\/\/www.linkedin.com\/company\/link2fleet-belgium","https:\/\/www.youtube.com\/user\/MMMBMBE"]},{"@type":"Person","@id":"https:\/\/www.link2fleet.com\/fr\/#\/schema\/person\/bd29f6a2c2427e85a70d3acf17303486","name":"Michel Willems - Mobilitas","image":{"@type":"ImageObject","inLanguage":"fr-FR","@id":"https:\/\/secure.gravatar.com\/avatar\/c937de514893d5b69b3b52ee88664fd4879b786925b6742dc7891d347f167414?s=96&d=mm&r=g","url":"https:\/\/secure.gravatar.com\/avatar\/c937de514893d5b69b3b52ee88664fd4879b786925b6742dc7891d347f167414?s=96&d=mm&r=g","contentUrl":"https:\/\/secure.gravatar.com\/avatar\/c937de514893d5b69b3b52ee88664fd4879b786925b6742dc7891d347f167414?s=96&d=mm&r=g","caption":"Michel Willems - Mobilitas"}}]}},"_links":{"self":[{"href":"https:\/\/www.link2fleet.com\/fr\/wp-json\/wp\/v2\/posts\/11060","targetHints":{"allow":["GET"]}}],"collection":[{"href":"https:\/\/www.link2fleet.com\/fr\/wp-json\/wp\/v2\/posts"}],"about":[{"href":"https:\/\/www.link2fleet.com\/fr\/wp-json\/wp\/v2\/types\/post"}],"author":[{"embeddable":true,"href":"https:\/\/www.link2fleet.com\/fr\/wp-json\/wp\/v2\/users\/11"}],"replies":[{"embeddable":true,"href":"https:\/\/www.link2fleet.com\/fr\/wp-json\/wp\/v2\/comments?post=11060"}],"version-history":[{"count":0,"href":"https:\/\/www.link2fleet.com\/fr\/wp-json\/wp\/v2\/posts\/11060\/revisions"}],"wp:featuredmedia":[{"embeddable":true,"href":"https:\/\/www.link2fleet.com\/fr\/wp-json\/wp\/v2\/media\/11061"}],"wp:attachment":[{"href":"https:\/\/www.link2fleet.com\/fr\/wp-json\/wp\/v2\/media?parent=11060"}],"wp:term":[{"taxonomy":"category","embeddable":true,"href":"https:\/\/www.link2fleet.com\/fr\/wp-json\/wp\/v2\/categories?post=11060"},{"taxonomy":"post_tag","embeddable":true,"href":"https:\/\/www.link2fleet.com\/fr\/wp-json\/wp\/v2\/tags?post=11060"}],"curies":[{"name":"wp","href":"https:\/\/api.w.org\/{rel}","templated":true}]}}