{"id":11068,"date":"2023-11-14T12:49:07","date_gmt":"2023-11-14T11:49:07","guid":{"rendered":"https:\/\/www.link2fleet.com\/augmentation-de-la-deduction-pour-investissement-a-partir-de-2025-pour-les-camionnettes-et-camions-verts\/"},"modified":"2023-11-14T12:49:07","modified_gmt":"2023-11-14T11:49:07","slug":"augmentation-de-la-deduction-pour-investissement-a-partir-de-2025-pour-les-camionnettes-et-camions-verts","status":"publish","type":"post","link":"https:\/\/www.link2fleet.com\/fr\/augmentation-de-la-deduction-pour-investissement-a-partir-de-2025-pour-les-camionnettes-et-camions-verts\/","title":{"rendered":"Augmentation de la d\u00e9duction pour investissement \u00e0 partir de 2025 pour les camionnettes et camions &lsquo;verts&rsquo;"},"content":{"rendered":"<p style=\"font-weight: 400;\">La d\u00e9duction pour investissement actuelle sera transform\u00e9e en un syst\u00e8me \u00e0 3 taux :<\/p>\n<p style=\"font-weight: 400;\">o La d\u00e9duction de base pour investissement, qui est actuellement de 8 %, passera \u00e0 10 %. Ce taux s&rsquo;appliquera \u00e9galement aux transports non \u00e9lectriques utilis\u00e9s exclusivement \u00e0 des fins professionnelles, par exemple les camionnettes et les camions non \u00e9lectriques. Le taux de base est r\u00e9serv\u00e9 aux ind\u00e9pendants et aux PME et ne sera donc pas accessible aux grandes entreprises. Ce r\u00e9gime est politiquement justifi\u00e9 par le fait que les moteurs \u00e9lectriques sont encore beaucoup plus chers et qu&rsquo;il existe certaines limitations en mati\u00e8re de capacit\u00e9 de charge et d&rsquo;autonomie.<\/p>\n<p style=\"font-weight: 400;\">o La d\u00e9duction th\u00e9matique pour investissements verts de 30 % (40 % pour les PME et les ind\u00e9pendants). Il s&rsquo;agit par exemple des investissements dans l&rsquo;efficacit\u00e9 \u00e9nerg\u00e9tique et les \u00e9nergies renouvelables, les transports sans \u00e9missions, y compris les camionnettes et camions \u00e0 propulsion \u00e9lectrique, les investissements respectueux de l&rsquo;environnement et les investissements num\u00e9riques.<\/p>\n<p style=\"font-weight: 400;\">o La d\u00e9duction technologique de 13,5 % pour les investissements dans les brevets et la recherche et le d\u00e9veloppement. Elle sera de 20,5 % si l&rsquo;on choisit une d\u00e9duction \u00e9tal\u00e9e sur plusieurs ann\u00e9es.<\/p>\n<p style=\"font-weight: 400;\">Les nouveaux taux ne d\u00e9pendront plus de l&rsquo;inflation. Il s&rsquo;agira de taux fixes.<\/p>\n<p style=\"font-weight: 400;\">Pour att\u00e9nuer l&rsquo;impact budg\u00e9taire, la r\u00e9forme ne sera introduite qu&rsquo;\u00e0 partir de 2025.<\/p>\n<p style=\"font-weight: 400;\">Les modalit\u00e9s exactes de mise en \u0153uvre et les listes d&rsquo;investissements reconnus seront annonc\u00e9es ult\u00e9rieurement par le biais d&rsquo;un arr\u00eat\u00e9 royal.<\/p>\n<p style=\"font-weight: 400; text-align: right;\"><strong>Michel Willems<\/strong><\/p>\n<p style=\"font-weight: 400; text-align: right;\"><strong>MOBILITAS<\/strong><\/p>\n","protected":false},"excerpt":{"rendered":"<p>La d\u00e9duction pour investissement actuelle sera transform\u00e9e en un syst\u00e8me \u00e0 3 taux : o La d\u00e9duction de base pour investissement, qui est actuellement de 8 %, passera \u00e0 10 %. Ce taux s&rsquo;appliquera \u00e9galement aux transports non \u00e9lectriques utilis\u00e9s exclusivement \u00e0 des fins professionnelles, par exemple les camionnettes et les camions non \u00e9lectriques. Le [&hellip;]<\/p>\n","protected":false},"author":11,"featured_media":6206,"comment_status":"closed","ping_status":"closed","sticky":false,"template":"","format":"standard","meta":{"_acf_changed":false,"footnotes":""},"categories":[91,101],"tags":[],"class_list":["post-11068","post","type-post","status-publish","format-standard","has-post-thumbnail","hentry","category-expertise-et-management","category-tax-legal"],"acf":[],"yoast_head":"<!-- This site is optimized with the Yoast SEO plugin v27.3 - https:\/\/yoast.com\/product\/yoast-seo-wordpress\/ -->\n<title>Augmentation de la d\u00e9duction pour investissement \u00e0 partir de 2025 pour les camionnettes et camions &#039;verts&#039; - link2fleet<\/title>\n<meta name=\"description\" content=\"Le gouvernement est parvenu \u00e0 un accord sur la r\u00e9forme de la d\u00e9duction pour investissement qui d\u00e9butera \u00e0 partir de 2025 en ce qui concerne\u2026\" \/>\n<meta name=\"robots\" content=\"index, follow, max-snippet:-1, max-image-preview:large, max-video-preview:-1\" \/>\n<meta property=\"og:locale\" content=\"fr_FR\" \/>\n<meta property=\"og:type\" content=\"article\" \/>\n<meta property=\"og:title\" content=\"Augmentation de la d\u00e9duction pour investissement \u00e0 partir de 2025 pour les camionnettes et camions &#039;verts&#039; - link2fleet\" \/>\n<meta property=\"og:description\" content=\"Le gouvernement est parvenu \u00e0 un accord sur la r\u00e9forme de la d\u00e9duction pour investissement qui d\u00e9butera \u00e0 partir de 2025 en ce qui concerne\u2026\" \/>\n<meta property=\"og:url\" content=\"https:\/\/www.link2fleet.com\/fr\/augmentation-de-la-deduction-pour-investissement-a-partir-de-2025-pour-les-camionnettes-et-camions-verts\/\" \/>\n<meta property=\"og:site_name\" content=\"link2fleet\" \/>\n<meta property=\"article:published_time\" content=\"2023-11-14T11:49:07+00:00\" \/>\n<meta property=\"og:image\" content=\"https:\/\/static.link2fleet.com\/wp-content\/uploads\/2024\/03\/light-commercial-vehicles-lcvs-market-how-are-things-shaping-up-in-2017.jpg\" \/>\n\t<meta property=\"og:image:width\" content=\"1500\" \/>\n\t<meta property=\"og:image:height\" content=\"500\" \/>\n\t<meta property=\"og:image:type\" content=\"image\/jpeg\" \/>\n<meta name=\"author\" content=\"Michel Willems - Mobilitas\" \/>\n<meta name=\"twitter:card\" content=\"summary_large_image\" \/>\n<meta name=\"twitter:description\" content=\"Le gouvernement est parvenu \u00e0 un accord sur la r\u00e9forme de la d\u00e9duction pour investissement qui d\u00e9butera \u00e0 partir de 2025 en ce qui concerne\u2026\" \/>\n<meta name=\"twitter:label1\" content=\"\u00c9crit par\" \/>\n\t<meta name=\"twitter:data1\" content=\"Michel Willems - Mobilitas\" \/>\n\t<meta name=\"twitter:label2\" content=\"Dur\u00e9e de lecture estim\u00e9e\" \/>\n\t<meta name=\"twitter:data2\" content=\"1 minute\" \/>\n<script type=\"application\/ld+json\" class=\"yoast-schema-graph\">{\"@context\":\"https:\\\/\\\/schema.org\",\"@graph\":[{\"@type\":\"Article\",\"@id\":\"https:\\\/\\\/www.link2fleet.com\\\/fr\\\/augmentation-de-la-deduction-pour-investissement-a-partir-de-2025-pour-les-camionnettes-et-camions-verts\\\/#article\",\"isPartOf\":{\"@id\":\"https:\\\/\\\/www.link2fleet.com\\\/fr\\\/augmentation-de-la-deduction-pour-investissement-a-partir-de-2025-pour-les-camionnettes-et-camions-verts\\\/\"},\"author\":{\"name\":\"Michel Willems - Mobilitas\",\"@id\":\"https:\\\/\\\/www.link2fleet.com\\\/fr\\\/#\\\/schema\\\/person\\\/bd29f6a2c2427e85a70d3acf17303486\"},\"headline\":\"Augmentation de la d\u00e9duction pour investissement \u00e0 partir de 2025 pour les camionnettes et camions &lsquo;verts&rsquo;\",\"datePublished\":\"2023-11-14T11:49:07+00:00\",\"mainEntityOfPage\":{\"@id\":\"https:\\\/\\\/www.link2fleet.com\\\/fr\\\/augmentation-de-la-deduction-pour-investissement-a-partir-de-2025-pour-les-camionnettes-et-camions-verts\\\/\"},\"wordCount\":275,\"publisher\":{\"@id\":\"https:\\\/\\\/www.link2fleet.com\\\/fr\\\/#organization\"},\"image\":{\"@id\":\"https:\\\/\\\/www.link2fleet.com\\\/fr\\\/augmentation-de-la-deduction-pour-investissement-a-partir-de-2025-pour-les-camionnettes-et-camions-verts\\\/#primaryimage\"},\"thumbnailUrl\":\"https:\\\/\\\/static.link2fleet.com\\\/wp-content\\\/uploads\\\/2024\\\/03\\\/light-commercial-vehicles-lcvs-market-how-are-things-shaping-up-in-2017.jpg\",\"articleSection\":[\"Gestion de flotte\",\"Tax &amp; legal\"],\"inLanguage\":\"fr-FR\"},{\"@type\":\"WebPage\",\"@id\":\"https:\\\/\\\/www.link2fleet.com\\\/fr\\\/augmentation-de-la-deduction-pour-investissement-a-partir-de-2025-pour-les-camionnettes-et-camions-verts\\\/\",\"url\":\"https:\\\/\\\/www.link2fleet.com\\\/fr\\\/augmentation-de-la-deduction-pour-investissement-a-partir-de-2025-pour-les-camionnettes-et-camions-verts\\\/\",\"name\":\"Augmentation de la d\u00e9duction pour investissement \u00e0 partir de 2025 pour les camionnettes et camions 'verts' - link2fleet\",\"isPartOf\":{\"@id\":\"https:\\\/\\\/www.link2fleet.com\\\/fr\\\/#website\"},\"primaryImageOfPage\":{\"@id\":\"https:\\\/\\\/www.link2fleet.com\\\/fr\\\/augmentation-de-la-deduction-pour-investissement-a-partir-de-2025-pour-les-camionnettes-et-camions-verts\\\/#primaryimage\"},\"image\":{\"@id\":\"https:\\\/\\\/www.link2fleet.com\\\/fr\\\/augmentation-de-la-deduction-pour-investissement-a-partir-de-2025-pour-les-camionnettes-et-camions-verts\\\/#primaryimage\"},\"thumbnailUrl\":\"https:\\\/\\\/static.link2fleet.com\\\/wp-content\\\/uploads\\\/2024\\\/03\\\/light-commercial-vehicles-lcvs-market-how-are-things-shaping-up-in-2017.jpg\",\"datePublished\":\"2023-11-14T11:49:07+00:00\",\"breadcrumb\":{\"@id\":\"https:\\\/\\\/www.link2fleet.com\\\/fr\\\/augmentation-de-la-deduction-pour-investissement-a-partir-de-2025-pour-les-camionnettes-et-camions-verts\\\/#breadcrumb\"},\"inLanguage\":\"fr-FR\",\"potentialAction\":[{\"@type\":\"ReadAction\",\"target\":[\"https:\\\/\\\/www.link2fleet.com\\\/fr\\\/augmentation-de-la-deduction-pour-investissement-a-partir-de-2025-pour-les-camionnettes-et-camions-verts\\\/\"]}]},{\"@type\":\"ImageObject\",\"inLanguage\":\"fr-FR\",\"@id\":\"https:\\\/\\\/www.link2fleet.com\\\/fr\\\/augmentation-de-la-deduction-pour-investissement-a-partir-de-2025-pour-les-camionnettes-et-camions-verts\\\/#primaryimage\",\"url\":\"https:\\\/\\\/static.link2fleet.com\\\/wp-content\\\/uploads\\\/2024\\\/03\\\/light-commercial-vehicles-lcvs-market-how-are-things-shaping-up-in-2017.jpg\",\"contentUrl\":\"https:\\\/\\\/static.link2fleet.com\\\/wp-content\\\/uploads\\\/2024\\\/03\\\/light-commercial-vehicles-lcvs-market-how-are-things-shaping-up-in-2017.jpg\",\"width\":1500,\"height\":500},{\"@type\":\"BreadcrumbList\",\"@id\":\"https:\\\/\\\/www.link2fleet.com\\\/fr\\\/augmentation-de-la-deduction-pour-investissement-a-partir-de-2025-pour-les-camionnettes-et-camions-verts\\\/#breadcrumb\",\"itemListElement\":[{\"@type\":\"ListItem\",\"position\":1,\"name\":\"Home\",\"item\":\"https:\\\/\\\/www.link2fleet.com\\\/fr\\\/\"},{\"@type\":\"ListItem\",\"position\":2,\"name\":\"Augmentation de la d\u00e9duction pour investissement \u00e0 partir de 2025 pour les camionnettes et camions &#8216;verts&#8217;\"}]},{\"@type\":\"WebSite\",\"@id\":\"https:\\\/\\\/www.link2fleet.com\\\/fr\\\/#website\",\"url\":\"https:\\\/\\\/www.link2fleet.com\\\/fr\\\/\",\"name\":\"Link2fleet\",\"description\":\"\",\"publisher\":{\"@id\":\"https:\\\/\\\/www.link2fleet.com\\\/fr\\\/#organization\"},\"potentialAction\":[{\"@type\":\"SearchAction\",\"target\":{\"@type\":\"EntryPoint\",\"urlTemplate\":\"https:\\\/\\\/www.link2fleet.com\\\/fr\\\/?s={search_term_string}\"},\"query-input\":{\"@type\":\"PropertyValueSpecification\",\"valueRequired\":true,\"valueName\":\"search_term_string\"}}],\"inLanguage\":\"fr-FR\"},{\"@type\":\"Organization\",\"@id\":\"https:\\\/\\\/www.link2fleet.com\\\/fr\\\/#organization\",\"name\":\"Link2fleet\",\"url\":\"https:\\\/\\\/www.link2fleet.com\\\/fr\\\/\",\"logo\":{\"@type\":\"ImageObject\",\"inLanguage\":\"fr-FR\",\"@id\":\"https:\\\/\\\/www.link2fleet.com\\\/fr\\\/#\\\/schema\\\/logo\\\/image\\\/\",\"url\":\"https:\\\/\\\/static.link2fleet.com\\\/wp-content\\\/uploads\\\/2024\\\/03\\\/share-image.jpg\",\"contentUrl\":\"https:\\\/\\\/static.link2fleet.com\\\/wp-content\\\/uploads\\\/2024\\\/03\\\/share-image.jpg\",\"width\":1200,\"height\":630,\"caption\":\"Link2fleet\"},\"image\":{\"@id\":\"https:\\\/\\\/www.link2fleet.com\\\/fr\\\/#\\\/schema\\\/logo\\\/image\\\/\"},\"sameAs\":[\"https:\\\/\\\/www.linkedin.com\\\/company\\\/link2fleet-belgium\",\"https:\\\/\\\/www.youtube.com\\\/user\\\/MMMBMBE\"]},{\"@type\":\"Person\",\"@id\":\"https:\\\/\\\/www.link2fleet.com\\\/fr\\\/#\\\/schema\\\/person\\\/bd29f6a2c2427e85a70d3acf17303486\",\"name\":\"Michel Willems - Mobilitas\",\"image\":{\"@type\":\"ImageObject\",\"inLanguage\":\"fr-FR\",\"@id\":\"https:\\\/\\\/secure.gravatar.com\\\/avatar\\\/c937de514893d5b69b3b52ee88664fd4879b786925b6742dc7891d347f167414?s=96&d=mm&r=g\",\"url\":\"https:\\\/\\\/secure.gravatar.com\\\/avatar\\\/c937de514893d5b69b3b52ee88664fd4879b786925b6742dc7891d347f167414?s=96&d=mm&r=g\",\"contentUrl\":\"https:\\\/\\\/secure.gravatar.com\\\/avatar\\\/c937de514893d5b69b3b52ee88664fd4879b786925b6742dc7891d347f167414?s=96&d=mm&r=g\",\"caption\":\"Michel Willems - Mobilitas\"}}]}<\/script>\n<!-- \/ Yoast SEO plugin. -->","yoast_head_json":{"title":"Augmentation de la d\u00e9duction pour investissement \u00e0 partir de 2025 pour les camionnettes et camions 'verts' - link2fleet","description":"Le gouvernement est parvenu \u00e0 un accord sur la r\u00e9forme de la d\u00e9duction pour investissement qui d\u00e9butera \u00e0 partir de 2025 en ce qui concerne\u2026","robots":{"index":"index","follow":"follow","max-snippet":"max-snippet:-1","max-image-preview":"max-image-preview:large","max-video-preview":"max-video-preview:-1"},"og_locale":"fr_FR","og_type":"article","og_title":"Augmentation de la d\u00e9duction pour investissement \u00e0 partir de 2025 pour les camionnettes et camions 'verts' - link2fleet","og_description":"Le gouvernement est parvenu \u00e0 un accord sur la r\u00e9forme de la d\u00e9duction pour investissement qui d\u00e9butera \u00e0 partir de 2025 en ce qui concerne\u2026","og_url":"https:\/\/www.link2fleet.com\/fr\/augmentation-de-la-deduction-pour-investissement-a-partir-de-2025-pour-les-camionnettes-et-camions-verts\/","og_site_name":"link2fleet","article_published_time":"2023-11-14T11:49:07+00:00","og_image":[{"width":1500,"height":500,"url":"https:\/\/static.link2fleet.com\/wp-content\/uploads\/2024\/03\/light-commercial-vehicles-lcvs-market-how-are-things-shaping-up-in-2017.jpg","type":"image\/jpeg"}],"author":"Michel Willems - Mobilitas","twitter_card":"summary_large_image","twitter_description":"Le gouvernement est parvenu \u00e0 un accord sur la r\u00e9forme de la d\u00e9duction pour investissement qui d\u00e9butera \u00e0 partir de 2025 en ce qui concerne\u2026","twitter_misc":{"\u00c9crit par":"Michel Willems - Mobilitas","Dur\u00e9e de lecture estim\u00e9e":"1 minute"},"schema":{"@context":"https:\/\/schema.org","@graph":[{"@type":"Article","@id":"https:\/\/www.link2fleet.com\/fr\/augmentation-de-la-deduction-pour-investissement-a-partir-de-2025-pour-les-camionnettes-et-camions-verts\/#article","isPartOf":{"@id":"https:\/\/www.link2fleet.com\/fr\/augmentation-de-la-deduction-pour-investissement-a-partir-de-2025-pour-les-camionnettes-et-camions-verts\/"},"author":{"name":"Michel Willems - Mobilitas","@id":"https:\/\/www.link2fleet.com\/fr\/#\/schema\/person\/bd29f6a2c2427e85a70d3acf17303486"},"headline":"Augmentation de la d\u00e9duction pour investissement \u00e0 partir de 2025 pour les camionnettes et camions &lsquo;verts&rsquo;","datePublished":"2023-11-14T11:49:07+00:00","mainEntityOfPage":{"@id":"https:\/\/www.link2fleet.com\/fr\/augmentation-de-la-deduction-pour-investissement-a-partir-de-2025-pour-les-camionnettes-et-camions-verts\/"},"wordCount":275,"publisher":{"@id":"https:\/\/www.link2fleet.com\/fr\/#organization"},"image":{"@id":"https:\/\/www.link2fleet.com\/fr\/augmentation-de-la-deduction-pour-investissement-a-partir-de-2025-pour-les-camionnettes-et-camions-verts\/#primaryimage"},"thumbnailUrl":"https:\/\/static.link2fleet.com\/wp-content\/uploads\/2024\/03\/light-commercial-vehicles-lcvs-market-how-are-things-shaping-up-in-2017.jpg","articleSection":["Gestion de flotte","Tax &amp; legal"],"inLanguage":"fr-FR"},{"@type":"WebPage","@id":"https:\/\/www.link2fleet.com\/fr\/augmentation-de-la-deduction-pour-investissement-a-partir-de-2025-pour-les-camionnettes-et-camions-verts\/","url":"https:\/\/www.link2fleet.com\/fr\/augmentation-de-la-deduction-pour-investissement-a-partir-de-2025-pour-les-camionnettes-et-camions-verts\/","name":"Augmentation de la d\u00e9duction pour investissement \u00e0 partir de 2025 pour les camionnettes et camions 'verts' - link2fleet","isPartOf":{"@id":"https:\/\/www.link2fleet.com\/fr\/#website"},"primaryImageOfPage":{"@id":"https:\/\/www.link2fleet.com\/fr\/augmentation-de-la-deduction-pour-investissement-a-partir-de-2025-pour-les-camionnettes-et-camions-verts\/#primaryimage"},"image":{"@id":"https:\/\/www.link2fleet.com\/fr\/augmentation-de-la-deduction-pour-investissement-a-partir-de-2025-pour-les-camionnettes-et-camions-verts\/#primaryimage"},"thumbnailUrl":"https:\/\/static.link2fleet.com\/wp-content\/uploads\/2024\/03\/light-commercial-vehicles-lcvs-market-how-are-things-shaping-up-in-2017.jpg","datePublished":"2023-11-14T11:49:07+00:00","breadcrumb":{"@id":"https:\/\/www.link2fleet.com\/fr\/augmentation-de-la-deduction-pour-investissement-a-partir-de-2025-pour-les-camionnettes-et-camions-verts\/#breadcrumb"},"inLanguage":"fr-FR","potentialAction":[{"@type":"ReadAction","target":["https:\/\/www.link2fleet.com\/fr\/augmentation-de-la-deduction-pour-investissement-a-partir-de-2025-pour-les-camionnettes-et-camions-verts\/"]}]},{"@type":"ImageObject","inLanguage":"fr-FR","@id":"https:\/\/www.link2fleet.com\/fr\/augmentation-de-la-deduction-pour-investissement-a-partir-de-2025-pour-les-camionnettes-et-camions-verts\/#primaryimage","url":"https:\/\/static.link2fleet.com\/wp-content\/uploads\/2024\/03\/light-commercial-vehicles-lcvs-market-how-are-things-shaping-up-in-2017.jpg","contentUrl":"https:\/\/static.link2fleet.com\/wp-content\/uploads\/2024\/03\/light-commercial-vehicles-lcvs-market-how-are-things-shaping-up-in-2017.jpg","width":1500,"height":500},{"@type":"BreadcrumbList","@id":"https:\/\/www.link2fleet.com\/fr\/augmentation-de-la-deduction-pour-investissement-a-partir-de-2025-pour-les-camionnettes-et-camions-verts\/#breadcrumb","itemListElement":[{"@type":"ListItem","position":1,"name":"Home","item":"https:\/\/www.link2fleet.com\/fr\/"},{"@type":"ListItem","position":2,"name":"Augmentation de la d\u00e9duction pour investissement \u00e0 partir de 2025 pour les camionnettes et camions &#8216;verts&#8217;"}]},{"@type":"WebSite","@id":"https:\/\/www.link2fleet.com\/fr\/#website","url":"https:\/\/www.link2fleet.com\/fr\/","name":"Link2fleet","description":"","publisher":{"@id":"https:\/\/www.link2fleet.com\/fr\/#organization"},"potentialAction":[{"@type":"SearchAction","target":{"@type":"EntryPoint","urlTemplate":"https:\/\/www.link2fleet.com\/fr\/?s={search_term_string}"},"query-input":{"@type":"PropertyValueSpecification","valueRequired":true,"valueName":"search_term_string"}}],"inLanguage":"fr-FR"},{"@type":"Organization","@id":"https:\/\/www.link2fleet.com\/fr\/#organization","name":"Link2fleet","url":"https:\/\/www.link2fleet.com\/fr\/","logo":{"@type":"ImageObject","inLanguage":"fr-FR","@id":"https:\/\/www.link2fleet.com\/fr\/#\/schema\/logo\/image\/","url":"https:\/\/static.link2fleet.com\/wp-content\/uploads\/2024\/03\/share-image.jpg","contentUrl":"https:\/\/static.link2fleet.com\/wp-content\/uploads\/2024\/03\/share-image.jpg","width":1200,"height":630,"caption":"Link2fleet"},"image":{"@id":"https:\/\/www.link2fleet.com\/fr\/#\/schema\/logo\/image\/"},"sameAs":["https:\/\/www.linkedin.com\/company\/link2fleet-belgium","https:\/\/www.youtube.com\/user\/MMMBMBE"]},{"@type":"Person","@id":"https:\/\/www.link2fleet.com\/fr\/#\/schema\/person\/bd29f6a2c2427e85a70d3acf17303486","name":"Michel Willems - Mobilitas","image":{"@type":"ImageObject","inLanguage":"fr-FR","@id":"https:\/\/secure.gravatar.com\/avatar\/c937de514893d5b69b3b52ee88664fd4879b786925b6742dc7891d347f167414?s=96&d=mm&r=g","url":"https:\/\/secure.gravatar.com\/avatar\/c937de514893d5b69b3b52ee88664fd4879b786925b6742dc7891d347f167414?s=96&d=mm&r=g","contentUrl":"https:\/\/secure.gravatar.com\/avatar\/c937de514893d5b69b3b52ee88664fd4879b786925b6742dc7891d347f167414?s=96&d=mm&r=g","caption":"Michel Willems - Mobilitas"}}]}},"_links":{"self":[{"href":"https:\/\/www.link2fleet.com\/fr\/wp-json\/wp\/v2\/posts\/11068","targetHints":{"allow":["GET"]}}],"collection":[{"href":"https:\/\/www.link2fleet.com\/fr\/wp-json\/wp\/v2\/posts"}],"about":[{"href":"https:\/\/www.link2fleet.com\/fr\/wp-json\/wp\/v2\/types\/post"}],"author":[{"embeddable":true,"href":"https:\/\/www.link2fleet.com\/fr\/wp-json\/wp\/v2\/users\/11"}],"replies":[{"embeddable":true,"href":"https:\/\/www.link2fleet.com\/fr\/wp-json\/wp\/v2\/comments?post=11068"}],"version-history":[{"count":0,"href":"https:\/\/www.link2fleet.com\/fr\/wp-json\/wp\/v2\/posts\/11068\/revisions"}],"wp:featuredmedia":[{"embeddable":true,"href":"https:\/\/www.link2fleet.com\/fr\/wp-json\/wp\/v2\/media\/6206"}],"wp:attachment":[{"href":"https:\/\/www.link2fleet.com\/fr\/wp-json\/wp\/v2\/media?parent=11068"}],"wp:term":[{"taxonomy":"category","embeddable":true,"href":"https:\/\/www.link2fleet.com\/fr\/wp-json\/wp\/v2\/categories?post=11068"},{"taxonomy":"post_tag","embeddable":true,"href":"https:\/\/www.link2fleet.com\/fr\/wp-json\/wp\/v2\/tags?post=11068"}],"curies":[{"name":"wp","href":"https:\/\/api.w.org\/{rel}","templated":true}]}}