{"id":11104,"date":"2023-11-17T13:41:51","date_gmt":"2023-11-17T12:41:51","guid":{"rendered":"https:\/\/www.link2fleet.com\/wenow-impliquez-vos-conducteurs-dans-la-reduction-de-lempreinte-co2-de-votre-flotte\/"},"modified":"2023-11-17T13:41:51","modified_gmt":"2023-11-17T12:41:51","slug":"wenow-impliquez-vos-conducteurs-dans-la-reduction-de-lempreinte-co2-de-votre-flotte","status":"publish","type":"post","link":"https:\/\/www.link2fleet.com\/fr\/wenow-impliquez-vos-conducteurs-dans-la-reduction-de-lempreinte-co2-de-votre-flotte\/","title":{"rendered":"WeNow\u00a0: impliquez vos conducteurs dans la r\u00e9duction de l\u2019empreinte CO2 de votre flotte"},"content":{"rendered":"<p style=\"font-weight: 400;\">Active depuis 2014 en France, WeNow arrive d\u00e9sormais au Benelux avec ses solutions de formations et d\u2019animations pour accompagner les entreprises \u00e0 tendre vers une mobilit\u00e9 durable. \u00ab\u00a0Nous nous adressons aux fleet managers et mobility managers et aux RH qui veulent d\u00e9carboniser la mobilit\u00e9 de leur entreprise\u00a0\u00bb, intervient Aur\u00e9lie Gillieaux, General Manager Benelux de WeNow. \u00ab\u00a0Nous offrons plusieurs formats (e-learning et webinaires notamment) et nous couvrons diff\u00e9rents sujets que les entreprises peuvent choisir selon leurs priorit\u00e9s et leur budget. Par exemple\u00a0: \u2018Comprendre le climat\u2019, \u2018Repenser ma mobilit\u00e9\u2019, \u2018L\u2019\u00e9co-conduite comme levier pour d\u00e9carboniser\u2019, etc.\u00a0\u00bb<\/p>\n<figure id=\"attachment_1299929\" aria-describedby=\"caption-attachment-1299929\" style=\"width: 194px\" class=\"wp-caption alignright\"><a href=\"https:\/\/www.link2fleet.com\/wp-content\/uploads\/2023\/11\/1686905021446.jpg\"><img loading=\"lazy\" decoding=\"async\" class=\"wp-image-1299929\" src=\"https:\/\/www.link2fleet.com\/wp-content\/uploads\/2023\/11\/1686905021446-300x300.jpg\" alt=\"\" width=\"194\" height=\"194\" \/><\/a><figcaption id=\"caption-attachment-1299929\" class=\"wp-caption-text\">Aur\u00e9lie Gillieaux<\/figcaption><\/figure>\n<p style=\"font-weight: 400;\">\u00ab\u00a0Notre m\u00e9thodologie se veut r\u00e9solument positive et pragmatique pour donner envie \u00e0 chacun(e) de passer \u00e0 l\u2019action de mani\u00e8re non-culpabilisante.\u00a0Les modules e-learnings\u00a0sont courts et percutants.\u00a0Nous offrons \u00e9galement \u00e0 chaque membre du personnel de r\u00e9aliser son bilan carbone personnel pour l\u2019\u00e9veiller sur l\u2019impact de ses choix et identifier des leviers d\u2019actions.\u00a0\u00bb<\/p>\n<p style=\"font-weight: 400;\">Via une solution connect\u00e9e \u2013 qui n\u2019int\u00e8gre pas la g\u00e9olocalisation -, WeNow collecte les donn\u00e9es de conduite sur base desquels chaque conducteur peut recevoir un programme sur-mesure de coaching pour r\u00e9duire ses consommations, mais aussi optimiser l\u2019autonomie de la batterie de son v\u00e9hicule \u00e9lectrique.<a href=\"https:\/\/www.link2fleet.com\/wp-content\/uploads\/2023\/11\/WeNoW1.png\"><img loading=\"lazy\" decoding=\"async\" class=\"aligncenter wp-image-1299914 size-large\" src=\"https:\/\/www.link2fleet.com\/wp-content\/uploads\/2023\/11\/WeNoW1-1024x473.png\" alt=\"\" width=\"640\" height=\"296\" \/><\/a><\/p>\n<p style=\"font-weight: 400;\">\u00ab\u00a0Sur de nombreux mod\u00e8les r\u00e9cents, notre solution peut \u00eatre connect\u00e9e directement au v\u00e9hicule, sans avoir\u00a0 besoin d\u2019un boitier. Quand ce n\u2019est pas possible, un boitier peut \u00eatre install\u00e9 en quelques secondes seulement par le conducteur lui-m\u00eame.\u00a0\u00bb<\/p>\n<p style=\"font-weight: 400;\">\u00ab\u00a0Nous insistons aussi beaucoup sur l\u2019aspect gamification\u00a0: en challengeant les collaborateurs seuls ou en \u00e9quipe depuis une app smartphone, le coaching se transforme en une histoire positive qui permet d\u2019am\u00e9liorer les performances de chacun. Et avec des r\u00e9sultats probants\u00a0: nos clients enregistrent en moyenne une r\u00e9duction de 15% de leurs \u00e9missions de CO2\u00a0\u00bb, ajoute Aur\u00e9lie.\u00a0\u00ab\u00a0Notre coaching fait r\u00e9ellement changer les comportements parce qu\u2019il prend en compte la psychologie et les motivations des conducteurs\u00a0\u00bb.<\/p>\n<p style=\"font-weight: 400;\">Plus de 150 grandes entreprises ont d\u00e9j\u00e0 fait confiance \u00e0 WeNow parmi lesquelles Bouygues, Cr\u00e9dit Agricole, Vinci ou encore Engie.<\/p>\n<p style=\"font-weight: 400;\">Plus d\u2019infos\u00a0: <a href=\"https:\/\/www.wenow.com\/\">https:\/\/www.wenow.com\/<\/a><\/p>\n<p style=\"font-weight: 400;\"><a href=\"https:\/\/www.link2fleet.com\/wp-content\/uploads\/2023\/11\/WeNoW2.png\"><img loading=\"lazy\" decoding=\"async\" class=\"aligncenter size-large wp-image-1299916\" src=\"https:\/\/www.link2fleet.com\/wp-content\/uploads\/2023\/11\/WeNoW2-1024x469.png\" alt=\"\" width=\"640\" height=\"293\" \/><\/a><\/p>\n","protected":false},"excerpt":{"rendered":"<p>Active depuis 2014 en France, WeNow arrive d\u00e9sormais au Benelux avec ses solutions de formations et d\u2019animations pour accompagner les entreprises \u00e0 tendre vers une mobilit\u00e9 durable. \u00ab\u00a0Nous nous adressons aux fleet managers et mobility managers et aux RH qui veulent d\u00e9carboniser la mobilit\u00e9 de leur entreprise\u00a0\u00bb, intervient Aur\u00e9lie Gillieaux, General Manager Benelux de WeNow. [&hellip;]<\/p>\n","protected":false},"author":4,"featured_media":11105,"comment_status":"closed","ping_status":"closed","sticky":false,"template":"","format":"standard","meta":{"_acf_changed":false,"footnotes":""},"categories":[85,91],"tags":[],"class_list":["post-11104","post","type-post","status-publish","format-standard","has-post-thumbnail","hentry","category-formation-automobile-safety-et-eco-conduite","category-expertise-et-management"],"acf":[],"yoast_head":"<!-- This site is optimized with the Yoast SEO plugin v27.3 - https:\/\/yoast.com\/product\/yoast-seo-wordpress\/ -->\n<title>WeNow\u00a0: impliquez vos conducteurs dans la r\u00e9duction de l\u2019empreinte CO2 de votre flotte - link2fleet<\/title>\n<meta name=\"description\" content=\"La r\u00e9duction de l\u2019empreinte CO2 des flottes est devenue l\u2019un des d\u00e9fis majeurs des gestionnaires de flotte ces derni\u00e8res ann\u00e9es. Mais comment s\u2019y prendre pour\u2026\" \/>\n<meta name=\"robots\" content=\"index, follow, max-snippet:-1, max-image-preview:large, max-video-preview:-1\" \/>\n<meta property=\"og:locale\" content=\"fr_FR\" \/>\n<meta property=\"og:type\" content=\"article\" \/>\n<meta property=\"og:title\" content=\"WeNow\u00a0: impliquez vos conducteurs dans la r\u00e9duction de l\u2019empreinte CO2 de votre flotte - link2fleet\" \/>\n<meta property=\"og:description\" content=\"La r\u00e9duction de l\u2019empreinte CO2 des flottes est devenue l\u2019un des d\u00e9fis majeurs des gestionnaires de flotte ces derni\u00e8res ann\u00e9es. Mais comment s\u2019y prendre pour\u2026\" \/>\n<meta property=\"og:url\" content=\"https:\/\/www.link2fleet.com\/fr\/wenow-impliquez-vos-conducteurs-dans-la-reduction-de-lempreinte-co2-de-votre-flotte\/\" \/>\n<meta property=\"og:site_name\" content=\"link2fleet\" \/>\n<meta property=\"article:published_time\" content=\"2023-11-17T12:41:51+00:00\" \/>\n<meta property=\"og:image\" content=\"https:\/\/static.link2fleet.com\/wp-content\/uploads\/2024\/03\/wenow3.png\" \/>\n\t<meta property=\"og:image:width\" content=\"2170\" \/>\n\t<meta property=\"og:image:height\" content=\"848\" \/>\n\t<meta property=\"og:image:type\" content=\"image\/png\" \/>\n<meta name=\"author\" content=\"Damien Malvetti\" \/>\n<meta name=\"twitter:card\" content=\"summary_large_image\" \/>\n<meta name=\"twitter:description\" content=\"La r\u00e9duction de l\u2019empreinte CO2 des flottes est devenue l\u2019un des d\u00e9fis majeurs des gestionnaires de flotte ces derni\u00e8res ann\u00e9es. Mais comment s\u2019y prendre pour\u2026\" \/>\n<meta name=\"twitter:label1\" content=\"\u00c9crit par\" \/>\n\t<meta name=\"twitter:data1\" content=\"Damien Malvetti\" \/>\n\t<meta name=\"twitter:label2\" content=\"Dur\u00e9e de lecture estim\u00e9e\" \/>\n\t<meta name=\"twitter:data2\" content=\"2 minutes\" \/>\n<script type=\"application\/ld+json\" class=\"yoast-schema-graph\">{\"@context\":\"https:\\\/\\\/schema.org\",\"@graph\":[{\"@type\":\"Article\",\"@id\":\"https:\\\/\\\/www.link2fleet.com\\\/fr\\\/wenow-impliquez-vos-conducteurs-dans-la-reduction-de-lempreinte-co2-de-votre-flotte\\\/#article\",\"isPartOf\":{\"@id\":\"https:\\\/\\\/www.link2fleet.com\\\/fr\\\/wenow-impliquez-vos-conducteurs-dans-la-reduction-de-lempreinte-co2-de-votre-flotte\\\/\"},\"author\":{\"name\":\"Damien Malvetti\",\"@id\":\"https:\\\/\\\/www.link2fleet.com\\\/fr\\\/#\\\/schema\\\/person\\\/027cd46113c78036b3809c9a054049da\"},\"headline\":\"WeNow\u00a0: impliquez vos conducteurs dans la r\u00e9duction de l\u2019empreinte CO2 de votre flotte\",\"datePublished\":\"2023-11-17T12:41:51+00:00\",\"mainEntityOfPage\":{\"@id\":\"https:\\\/\\\/www.link2fleet.com\\\/fr\\\/wenow-impliquez-vos-conducteurs-dans-la-reduction-de-lempreinte-co2-de-votre-flotte\\\/\"},\"wordCount\":385,\"publisher\":{\"@id\":\"https:\\\/\\\/www.link2fleet.com\\\/fr\\\/#organization\"},\"image\":{\"@id\":\"https:\\\/\\\/www.link2fleet.com\\\/fr\\\/wenow-impliquez-vos-conducteurs-dans-la-reduction-de-lempreinte-co2-de-votre-flotte\\\/#primaryimage\"},\"thumbnailUrl\":\"https:\\\/\\\/static.link2fleet.com\\\/wp-content\\\/uploads\\\/2024\\\/03\\\/wenow3.png\",\"articleSection\":[\"Formations et eco-conduite\",\"Gestion de flotte\"],\"inLanguage\":\"fr-FR\"},{\"@type\":\"WebPage\",\"@id\":\"https:\\\/\\\/www.link2fleet.com\\\/fr\\\/wenow-impliquez-vos-conducteurs-dans-la-reduction-de-lempreinte-co2-de-votre-flotte\\\/\",\"url\":\"https:\\\/\\\/www.link2fleet.com\\\/fr\\\/wenow-impliquez-vos-conducteurs-dans-la-reduction-de-lempreinte-co2-de-votre-flotte\\\/\",\"name\":\"WeNow\u00a0: impliquez vos conducteurs dans la r\u00e9duction de l\u2019empreinte CO2 de votre flotte - link2fleet\",\"isPartOf\":{\"@id\":\"https:\\\/\\\/www.link2fleet.com\\\/fr\\\/#website\"},\"primaryImageOfPage\":{\"@id\":\"https:\\\/\\\/www.link2fleet.com\\\/fr\\\/wenow-impliquez-vos-conducteurs-dans-la-reduction-de-lempreinte-co2-de-votre-flotte\\\/#primaryimage\"},\"image\":{\"@id\":\"https:\\\/\\\/www.link2fleet.com\\\/fr\\\/wenow-impliquez-vos-conducteurs-dans-la-reduction-de-lempreinte-co2-de-votre-flotte\\\/#primaryimage\"},\"thumbnailUrl\":\"https:\\\/\\\/static.link2fleet.com\\\/wp-content\\\/uploads\\\/2024\\\/03\\\/wenow3.png\",\"datePublished\":\"2023-11-17T12:41:51+00:00\",\"breadcrumb\":{\"@id\":\"https:\\\/\\\/www.link2fleet.com\\\/fr\\\/wenow-impliquez-vos-conducteurs-dans-la-reduction-de-lempreinte-co2-de-votre-flotte\\\/#breadcrumb\"},\"inLanguage\":\"fr-FR\",\"potentialAction\":[{\"@type\":\"ReadAction\",\"target\":[\"https:\\\/\\\/www.link2fleet.com\\\/fr\\\/wenow-impliquez-vos-conducteurs-dans-la-reduction-de-lempreinte-co2-de-votre-flotte\\\/\"]}]},{\"@type\":\"ImageObject\",\"inLanguage\":\"fr-FR\",\"@id\":\"https:\\\/\\\/www.link2fleet.com\\\/fr\\\/wenow-impliquez-vos-conducteurs-dans-la-reduction-de-lempreinte-co2-de-votre-flotte\\\/#primaryimage\",\"url\":\"https:\\\/\\\/static.link2fleet.com\\\/wp-content\\\/uploads\\\/2024\\\/03\\\/wenow3.png\",\"contentUrl\":\"https:\\\/\\\/static.link2fleet.com\\\/wp-content\\\/uploads\\\/2024\\\/03\\\/wenow3.png\",\"width\":2170,\"height\":848,\"caption\":\"|||\"},{\"@type\":\"BreadcrumbList\",\"@id\":\"https:\\\/\\\/www.link2fleet.com\\\/fr\\\/wenow-impliquez-vos-conducteurs-dans-la-reduction-de-lempreinte-co2-de-votre-flotte\\\/#breadcrumb\",\"itemListElement\":[{\"@type\":\"ListItem\",\"position\":1,\"name\":\"Home\",\"item\":\"https:\\\/\\\/www.link2fleet.com\\\/fr\\\/\"},{\"@type\":\"ListItem\",\"position\":2,\"name\":\"WeNow\u00a0: impliquez vos conducteurs dans la r\u00e9duction de l\u2019empreinte CO2 de votre flotte\"}]},{\"@type\":\"WebSite\",\"@id\":\"https:\\\/\\\/www.link2fleet.com\\\/fr\\\/#website\",\"url\":\"https:\\\/\\\/www.link2fleet.com\\\/fr\\\/\",\"name\":\"Link2fleet\",\"description\":\"\",\"publisher\":{\"@id\":\"https:\\\/\\\/www.link2fleet.com\\\/fr\\\/#organization\"},\"potentialAction\":[{\"@type\":\"SearchAction\",\"target\":{\"@type\":\"EntryPoint\",\"urlTemplate\":\"https:\\\/\\\/www.link2fleet.com\\\/fr\\\/?s={search_term_string}\"},\"query-input\":{\"@type\":\"PropertyValueSpecification\",\"valueRequired\":true,\"valueName\":\"search_term_string\"}}],\"inLanguage\":\"fr-FR\"},{\"@type\":\"Organization\",\"@id\":\"https:\\\/\\\/www.link2fleet.com\\\/fr\\\/#organization\",\"name\":\"Link2fleet\",\"url\":\"https:\\\/\\\/www.link2fleet.com\\\/fr\\\/\",\"logo\":{\"@type\":\"ImageObject\",\"inLanguage\":\"fr-FR\",\"@id\":\"https:\\\/\\\/www.link2fleet.com\\\/fr\\\/#\\\/schema\\\/logo\\\/image\\\/\",\"url\":\"https:\\\/\\\/static.link2fleet.com\\\/wp-content\\\/uploads\\\/2024\\\/03\\\/share-image.jpg\",\"contentUrl\":\"https:\\\/\\\/static.link2fleet.com\\\/wp-content\\\/uploads\\\/2024\\\/03\\\/share-image.jpg\",\"width\":1200,\"height\":630,\"caption\":\"Link2fleet\"},\"image\":{\"@id\":\"https:\\\/\\\/www.link2fleet.com\\\/fr\\\/#\\\/schema\\\/logo\\\/image\\\/\"},\"sameAs\":[\"https:\\\/\\\/www.linkedin.com\\\/company\\\/link2fleet-belgium\",\"https:\\\/\\\/www.youtube.com\\\/user\\\/MMMBMBE\"]},{\"@type\":\"Person\",\"@id\":\"https:\\\/\\\/www.link2fleet.com\\\/fr\\\/#\\\/schema\\\/person\\\/027cd46113c78036b3809c9a054049da\",\"name\":\"Damien Malvetti\",\"image\":{\"@type\":\"ImageObject\",\"inLanguage\":\"fr-FR\",\"@id\":\"https:\\\/\\\/secure.gravatar.com\\\/avatar\\\/dd8cc03b49466c735f753ac37f8caa371af16dfed347456ed61f02883255eebb?s=96&d=mm&r=g\",\"url\":\"https:\\\/\\\/secure.gravatar.com\\\/avatar\\\/dd8cc03b49466c735f753ac37f8caa371af16dfed347456ed61f02883255eebb?s=96&d=mm&r=g\",\"contentUrl\":\"https:\\\/\\\/secure.gravatar.com\\\/avatar\\\/dd8cc03b49466c735f753ac37f8caa371af16dfed347456ed61f02883255eebb?s=96&d=mm&r=g\",\"caption\":\"Damien Malvetti\"},\"description\":\"Damien Malvetti is opgeleid als journalist en gepassioneerd door wagens, technologie en mobiliteit. Hij is verantwoordelijk voor de redactionele inhoud van link2fleet en beschikt over een uitgebreide kennis van de fleet-sector en elektrische mobiliteit.\",\"sameAs\":[\"https:\\\/\\\/www.linkedin.com\\\/in\\\/damien-malvetti-56601142\\\/\"]}]}<\/script>\n<!-- \/ Yoast SEO plugin. -->","yoast_head_json":{"title":"WeNow\u00a0: impliquez vos conducteurs dans la r\u00e9duction de l\u2019empreinte CO2 de votre flotte - link2fleet","description":"La r\u00e9duction de l\u2019empreinte CO2 des flottes est devenue l\u2019un des d\u00e9fis majeurs des gestionnaires de flotte ces derni\u00e8res ann\u00e9es. Mais comment s\u2019y prendre pour\u2026","robots":{"index":"index","follow":"follow","max-snippet":"max-snippet:-1","max-image-preview":"max-image-preview:large","max-video-preview":"max-video-preview:-1"},"og_locale":"fr_FR","og_type":"article","og_title":"WeNow\u00a0: impliquez vos conducteurs dans la r\u00e9duction de l\u2019empreinte CO2 de votre flotte - link2fleet","og_description":"La r\u00e9duction de l\u2019empreinte CO2 des flottes est devenue l\u2019un des d\u00e9fis majeurs des gestionnaires de flotte ces derni\u00e8res ann\u00e9es. Mais comment s\u2019y prendre pour\u2026","og_url":"https:\/\/www.link2fleet.com\/fr\/wenow-impliquez-vos-conducteurs-dans-la-reduction-de-lempreinte-co2-de-votre-flotte\/","og_site_name":"link2fleet","article_published_time":"2023-11-17T12:41:51+00:00","og_image":[{"width":2170,"height":848,"url":"https:\/\/static.link2fleet.com\/wp-content\/uploads\/2024\/03\/wenow3.png","type":"image\/png"}],"author":"Damien Malvetti","twitter_card":"summary_large_image","twitter_description":"La r\u00e9duction de l\u2019empreinte CO2 des flottes est devenue l\u2019un des d\u00e9fis majeurs des gestionnaires de flotte ces derni\u00e8res ann\u00e9es. Mais comment s\u2019y prendre pour\u2026","twitter_misc":{"\u00c9crit par":"Damien Malvetti","Dur\u00e9e de lecture estim\u00e9e":"2 minutes"},"schema":{"@context":"https:\/\/schema.org","@graph":[{"@type":"Article","@id":"https:\/\/www.link2fleet.com\/fr\/wenow-impliquez-vos-conducteurs-dans-la-reduction-de-lempreinte-co2-de-votre-flotte\/#article","isPartOf":{"@id":"https:\/\/www.link2fleet.com\/fr\/wenow-impliquez-vos-conducteurs-dans-la-reduction-de-lempreinte-co2-de-votre-flotte\/"},"author":{"name":"Damien Malvetti","@id":"https:\/\/www.link2fleet.com\/fr\/#\/schema\/person\/027cd46113c78036b3809c9a054049da"},"headline":"WeNow\u00a0: impliquez vos conducteurs dans la r\u00e9duction de l\u2019empreinte CO2 de votre flotte","datePublished":"2023-11-17T12:41:51+00:00","mainEntityOfPage":{"@id":"https:\/\/www.link2fleet.com\/fr\/wenow-impliquez-vos-conducteurs-dans-la-reduction-de-lempreinte-co2-de-votre-flotte\/"},"wordCount":385,"publisher":{"@id":"https:\/\/www.link2fleet.com\/fr\/#organization"},"image":{"@id":"https:\/\/www.link2fleet.com\/fr\/wenow-impliquez-vos-conducteurs-dans-la-reduction-de-lempreinte-co2-de-votre-flotte\/#primaryimage"},"thumbnailUrl":"https:\/\/static.link2fleet.com\/wp-content\/uploads\/2024\/03\/wenow3.png","articleSection":["Formations et eco-conduite","Gestion de flotte"],"inLanguage":"fr-FR"},{"@type":"WebPage","@id":"https:\/\/www.link2fleet.com\/fr\/wenow-impliquez-vos-conducteurs-dans-la-reduction-de-lempreinte-co2-de-votre-flotte\/","url":"https:\/\/www.link2fleet.com\/fr\/wenow-impliquez-vos-conducteurs-dans-la-reduction-de-lempreinte-co2-de-votre-flotte\/","name":"WeNow\u00a0: impliquez vos conducteurs dans la r\u00e9duction de l\u2019empreinte CO2 de votre flotte - link2fleet","isPartOf":{"@id":"https:\/\/www.link2fleet.com\/fr\/#website"},"primaryImageOfPage":{"@id":"https:\/\/www.link2fleet.com\/fr\/wenow-impliquez-vos-conducteurs-dans-la-reduction-de-lempreinte-co2-de-votre-flotte\/#primaryimage"},"image":{"@id":"https:\/\/www.link2fleet.com\/fr\/wenow-impliquez-vos-conducteurs-dans-la-reduction-de-lempreinte-co2-de-votre-flotte\/#primaryimage"},"thumbnailUrl":"https:\/\/static.link2fleet.com\/wp-content\/uploads\/2024\/03\/wenow3.png","datePublished":"2023-11-17T12:41:51+00:00","breadcrumb":{"@id":"https:\/\/www.link2fleet.com\/fr\/wenow-impliquez-vos-conducteurs-dans-la-reduction-de-lempreinte-co2-de-votre-flotte\/#breadcrumb"},"inLanguage":"fr-FR","potentialAction":[{"@type":"ReadAction","target":["https:\/\/www.link2fleet.com\/fr\/wenow-impliquez-vos-conducteurs-dans-la-reduction-de-lempreinte-co2-de-votre-flotte\/"]}]},{"@type":"ImageObject","inLanguage":"fr-FR","@id":"https:\/\/www.link2fleet.com\/fr\/wenow-impliquez-vos-conducteurs-dans-la-reduction-de-lempreinte-co2-de-votre-flotte\/#primaryimage","url":"https:\/\/static.link2fleet.com\/wp-content\/uploads\/2024\/03\/wenow3.png","contentUrl":"https:\/\/static.link2fleet.com\/wp-content\/uploads\/2024\/03\/wenow3.png","width":2170,"height":848,"caption":"|||"},{"@type":"BreadcrumbList","@id":"https:\/\/www.link2fleet.com\/fr\/wenow-impliquez-vos-conducteurs-dans-la-reduction-de-lempreinte-co2-de-votre-flotte\/#breadcrumb","itemListElement":[{"@type":"ListItem","position":1,"name":"Home","item":"https:\/\/www.link2fleet.com\/fr\/"},{"@type":"ListItem","position":2,"name":"WeNow\u00a0: impliquez vos conducteurs dans la r\u00e9duction de l\u2019empreinte CO2 de votre flotte"}]},{"@type":"WebSite","@id":"https:\/\/www.link2fleet.com\/fr\/#website","url":"https:\/\/www.link2fleet.com\/fr\/","name":"Link2fleet","description":"","publisher":{"@id":"https:\/\/www.link2fleet.com\/fr\/#organization"},"potentialAction":[{"@type":"SearchAction","target":{"@type":"EntryPoint","urlTemplate":"https:\/\/www.link2fleet.com\/fr\/?s={search_term_string}"},"query-input":{"@type":"PropertyValueSpecification","valueRequired":true,"valueName":"search_term_string"}}],"inLanguage":"fr-FR"},{"@type":"Organization","@id":"https:\/\/www.link2fleet.com\/fr\/#organization","name":"Link2fleet","url":"https:\/\/www.link2fleet.com\/fr\/","logo":{"@type":"ImageObject","inLanguage":"fr-FR","@id":"https:\/\/www.link2fleet.com\/fr\/#\/schema\/logo\/image\/","url":"https:\/\/static.link2fleet.com\/wp-content\/uploads\/2024\/03\/share-image.jpg","contentUrl":"https:\/\/static.link2fleet.com\/wp-content\/uploads\/2024\/03\/share-image.jpg","width":1200,"height":630,"caption":"Link2fleet"},"image":{"@id":"https:\/\/www.link2fleet.com\/fr\/#\/schema\/logo\/image\/"},"sameAs":["https:\/\/www.linkedin.com\/company\/link2fleet-belgium","https:\/\/www.youtube.com\/user\/MMMBMBE"]},{"@type":"Person","@id":"https:\/\/www.link2fleet.com\/fr\/#\/schema\/person\/027cd46113c78036b3809c9a054049da","name":"Damien Malvetti","image":{"@type":"ImageObject","inLanguage":"fr-FR","@id":"https:\/\/secure.gravatar.com\/avatar\/dd8cc03b49466c735f753ac37f8caa371af16dfed347456ed61f02883255eebb?s=96&d=mm&r=g","url":"https:\/\/secure.gravatar.com\/avatar\/dd8cc03b49466c735f753ac37f8caa371af16dfed347456ed61f02883255eebb?s=96&d=mm&r=g","contentUrl":"https:\/\/secure.gravatar.com\/avatar\/dd8cc03b49466c735f753ac37f8caa371af16dfed347456ed61f02883255eebb?s=96&d=mm&r=g","caption":"Damien Malvetti"},"description":"Damien Malvetti is opgeleid als journalist en gepassioneerd door wagens, technologie en mobiliteit. Hij is verantwoordelijk voor de redactionele inhoud van link2fleet en beschikt over een uitgebreide kennis van de fleet-sector en elektrische mobiliteit.","sameAs":["https:\/\/www.linkedin.com\/in\/damien-malvetti-56601142\/"]}]}},"_links":{"self":[{"href":"https:\/\/www.link2fleet.com\/fr\/wp-json\/wp\/v2\/posts\/11104","targetHints":{"allow":["GET"]}}],"collection":[{"href":"https:\/\/www.link2fleet.com\/fr\/wp-json\/wp\/v2\/posts"}],"about":[{"href":"https:\/\/www.link2fleet.com\/fr\/wp-json\/wp\/v2\/types\/post"}],"author":[{"embeddable":true,"href":"https:\/\/www.link2fleet.com\/fr\/wp-json\/wp\/v2\/users\/4"}],"replies":[{"embeddable":true,"href":"https:\/\/www.link2fleet.com\/fr\/wp-json\/wp\/v2\/comments?post=11104"}],"version-history":[{"count":0,"href":"https:\/\/www.link2fleet.com\/fr\/wp-json\/wp\/v2\/posts\/11104\/revisions"}],"wp:featuredmedia":[{"embeddable":true,"href":"https:\/\/www.link2fleet.com\/fr\/wp-json\/wp\/v2\/media\/11105"}],"wp:attachment":[{"href":"https:\/\/www.link2fleet.com\/fr\/wp-json\/wp\/v2\/media?parent=11104"}],"wp:term":[{"taxonomy":"category","embeddable":true,"href":"https:\/\/www.link2fleet.com\/fr\/wp-json\/wp\/v2\/categories?post=11104"},{"taxonomy":"post_tag","embeddable":true,"href":"https:\/\/www.link2fleet.com\/fr\/wp-json\/wp\/v2\/tags?post=11104"}],"curies":[{"name":"wp","href":"https:\/\/api.w.org\/{rel}","templated":true}]}}