{"id":11156,"date":"2023-11-22T10:21:28","date_gmt":"2023-11-22T09:21:28","guid":{"rendered":"https:\/\/www.link2fleet.com\/pas-de-panique-le-nouveau-tarif-de-securite-de-tier\/"},"modified":"2023-11-22T10:21:28","modified_gmt":"2023-11-22T09:21:28","slug":"pas-de-panique-le-nouveau-tarif-de-securite-de-tier","status":"publish","type":"post","link":"https:\/\/www.link2fleet.com\/fr\/pas-de-panique-le-nouveau-tarif-de-securite-de-tier\/","title":{"rendered":"\u00ab\u00a0Pas de panique\u00a0\u00bb, le nouveau tarif de s\u00e9curit\u00e9 de Tier Mobility"},"content":{"rendered":"<p style=\"font-weight: 400;\">Pour \u00e9viter que certains usagers ne pratiquent une conduite imprudente de peur de payer leurs trajets quelques minutes suppl\u00e9mentaires, TIER mettra en place son syst\u00e8me de tarification \u201cPas de panique !\u201d, d\u00e9j\u00e0 en service \u00e0 Lyon et \u00e0 Londres, d\u00e8s janvier 2024.<\/p>\n<p style=\"font-weight: 400;\">L&rsquo;activation de cette fonctionnalit\u00e9 stoppe la mon\u00e9tisation du temps d&rsquo;attente. Lorsqu&rsquo;un usager s\u2019arr\u00eate et attend au feu rouge, s&rsquo;arr\u00eate pour c\u00e9der le passage \u00e0 un pi\u00e9ton, ou s&rsquo;arr\u00eate au bord de la route pour chercher son chemin, toutes ces situations multiples seront d\u00e9sormais non factur\u00e9es.<br \/>\nAinsi, sur un trajet standard de 17 minutes, factur\u00e9 4,91 euros hors abonnement, le trajet \u201cPas de panique\u201d d\u2019avoir le m\u00eame tarif pour un trajet de 20 minutes, les 3 minutes de diff\u00e9rence sont offertes.<\/p>\n<p style=\"font-weight: 400;\">Ce syst\u00e8me permet d&rsquo;endiguer efficacement les comportements \u00e0 risque pris par certains usagers qui se sentent press\u00e9s par le compteur qui tourne. Il n&rsquo;y a rien \u00e0 faire pour l&rsquo;usager, la facturation est adapt\u00e9e automatiquement et la diff\u00e9rence se fera visible en fin de trajet.<\/p>\n<p style=\"font-weight: 400;\">\u201c La s\u00e9curit\u00e9 et le respect de l\u2019espace public sont notre priorit\u00e9 chez TIER.\u00a0 C\u2019est pourquoi nous mettons en place cette mesure qui permet de responsabiliser les utilisateurs et ainsi de contribuer au bon vivre ensemble. Nous sommes en discussion permanente avec les autorit\u00e9s pour monitorer la situation \u00e0 Bruxelles et pouvoir agir d\u00e8s que n\u00e9cessaire.\u201d d\u00e9clare <strong>Fran\u00e7ois-Xavier Giraud, Responsable de r\u00e9gion chez TIER Mobility.<\/strong><\/p>\n<p><a href=\"https:\/\/www.link2fleet.com\/wp-content\/uploads\/2023\/11\/image-1.png\"><img loading=\"lazy\" decoding=\"async\" class=\"aligncenter wp-image-1300279\" src=\"https:\/\/www.link2fleet.com\/wp-content\/uploads\/2023\/11\/image-1-1024x842.png\" alt=\"\" width=\"477\" height=\"392\" \/><\/a><\/p>\n<p>&nbsp;<\/p>\n<p style=\"font-weight: 400;\">\u00a0<strong>Quelques donn\u00e9es sur les utilisateurs TIER Mobility \u00e0 Bruxelles<\/strong><\/p>\n<p style=\"font-weight: 400;\">L\u2019op\u00e9rateur a men\u00e9 une \u00e9tude aupr\u00e8s de plus d\u2019une centaine d\u2019utilisateurs en ao\u00fbt 2023 :<\/p>\n<ul style=\"font-weight: 400;\">\n<li>24 000 usagers mensuels<\/li>\n<li>94% des utilisateurs de TIER Mobility \u00e0 Bruxelles r\u00e9sident en Belgique.<\/li>\n<li>69% sont des hommes et 31% sont des femmes.<\/li>\n<li>48% de nos utilisateurs ont entre 25 et 44 ans. La base utilisateur devient de plus en plus mature et seulement 18% ont entre 18 et 24 ans.<\/li>\n<li>Sur les 60 derniers jours, 88% ont utilis\u00e9 une trottinette \u00e9lectrique contre 26% seulement un v\u00e9lo.<br \/>\n49% de nos utilisateurs prennent le v\u00e9lo \u00e9lectrique pour se rendre au travail.<\/li>\n<\/ul>\n","protected":false},"excerpt":{"rendered":"<p>Pour \u00e9viter que certains usagers ne pratiquent une conduite imprudente de peur de payer leurs trajets quelques minutes suppl\u00e9mentaires, TIER mettra en place son syst\u00e8me de tarification \u201cPas de panique !\u201d, d\u00e9j\u00e0 en service \u00e0 Lyon et \u00e0 Londres, d\u00e8s janvier 2024. L&rsquo;activation de cette fonctionnalit\u00e9 stoppe la mon\u00e9tisation du temps d&rsquo;attente. Lorsqu&rsquo;un usager s\u2019arr\u00eate [&hellip;]<\/p>\n","protected":false},"author":4,"featured_media":11157,"comment_status":"closed","ping_status":"closed","sticky":false,"template":"","format":"standard","meta":{"_acf_changed":false,"footnotes":""},"categories":[87,98],"tags":[],"class_list":["post-11156","post","type-post","status-publish","format-standard","has-post-thumbnail","hentry","category-mobility-2","category-trottinettes_scooters_motos"],"acf":[],"yoast_head":"<!-- This site is optimized with the Yoast SEO plugin v27.3 - https:\/\/yoast.com\/product\/yoast-seo-wordpress\/ -->\n<title>&quot;Pas de panique&quot;, le nouveau tarif de s\u00e9curit\u00e9 de Tier Mobility - link2fleet<\/title>\n<meta name=\"description\" content=\"La s\u00e9curit\u00e9 de tous, aussi bien des utilisateurs que de chaque personne de l\u2019espace public, est la priorit\u00e9 de TIER Mobility. C\u2019est pour cette raison\u2026\" \/>\n<meta name=\"robots\" content=\"index, follow, max-snippet:-1, max-image-preview:large, max-video-preview:-1\" \/>\n<meta property=\"og:locale\" content=\"fr_FR\" \/>\n<meta property=\"og:type\" content=\"article\" \/>\n<meta property=\"og:title\" content=\"&quot;Pas de panique&quot;, le nouveau tarif de s\u00e9curit\u00e9 de Tier Mobility - link2fleet\" \/>\n<meta property=\"og:description\" content=\"La s\u00e9curit\u00e9 de tous, aussi bien des utilisateurs que de chaque personne de l\u2019espace public, est la priorit\u00e9 de TIER Mobility. C\u2019est pour cette raison\u2026\" \/>\n<meta property=\"og:url\" content=\"https:\/\/www.link2fleet.com\/fr\/pas-de-panique-le-nouveau-tarif-de-securite-de-tier\/\" \/>\n<meta property=\"og:site_name\" content=\"link2fleet\" \/>\n<meta property=\"article:published_time\" content=\"2023-11-22T09:21:28+00:00\" \/>\n<meta property=\"og:image\" content=\"https:\/\/static.link2fleet.com\/wp-content\/uploads\/2024\/03\/tiermobility.jpeg\" \/>\n\t<meta property=\"og:image:width\" content=\"2560\" \/>\n\t<meta property=\"og:image:height\" content=\"1708\" \/>\n\t<meta property=\"og:image:type\" content=\"image\/jpeg\" \/>\n<meta name=\"author\" content=\"Damien Malvetti\" \/>\n<meta name=\"twitter:card\" content=\"summary_large_image\" \/>\n<meta name=\"twitter:description\" content=\"La s\u00e9curit\u00e9 de tous, aussi bien des utilisateurs que de chaque personne de l\u2019espace public, est la priorit\u00e9 de TIER Mobility. C\u2019est pour cette raison\u2026\" \/>\n<meta name=\"twitter:label1\" content=\"\u00c9crit par\" \/>\n\t<meta name=\"twitter:data1\" content=\"Damien Malvetti\" \/>\n\t<meta name=\"twitter:label2\" content=\"Dur\u00e9e de lecture estim\u00e9e\" \/>\n\t<meta name=\"twitter:data2\" content=\"2 minutes\" \/>\n<script type=\"application\/ld+json\" class=\"yoast-schema-graph\">{\"@context\":\"https:\\\/\\\/schema.org\",\"@graph\":[{\"@type\":\"Article\",\"@id\":\"https:\\\/\\\/www.link2fleet.com\\\/fr\\\/pas-de-panique-le-nouveau-tarif-de-securite-de-tier\\\/#article\",\"isPartOf\":{\"@id\":\"https:\\\/\\\/www.link2fleet.com\\\/fr\\\/pas-de-panique-le-nouveau-tarif-de-securite-de-tier\\\/\"},\"author\":{\"name\":\"Damien Malvetti\",\"@id\":\"https:\\\/\\\/www.link2fleet.com\\\/fr\\\/#\\\/schema\\\/person\\\/027cd46113c78036b3809c9a054049da\"},\"headline\":\"\u00ab\u00a0Pas de panique\u00a0\u00bb, le nouveau tarif de s\u00e9curit\u00e9 de Tier Mobility\",\"datePublished\":\"2023-11-22T09:21:28+00:00\",\"mainEntityOfPage\":{\"@id\":\"https:\\\/\\\/www.link2fleet.com\\\/fr\\\/pas-de-panique-le-nouveau-tarif-de-securite-de-tier\\\/\"},\"wordCount\":365,\"publisher\":{\"@id\":\"https:\\\/\\\/www.link2fleet.com\\\/fr\\\/#organization\"},\"image\":{\"@id\":\"https:\\\/\\\/www.link2fleet.com\\\/fr\\\/pas-de-panique-le-nouveau-tarif-de-securite-de-tier\\\/#primaryimage\"},\"thumbnailUrl\":\"https:\\\/\\\/static.link2fleet.com\\\/wp-content\\\/uploads\\\/2024\\\/03\\\/tiermobility.jpeg\",\"articleSection\":[\"Mobilit\u00e9\",\"Trottinettes, scooters et motos\"],\"inLanguage\":\"fr-FR\"},{\"@type\":\"WebPage\",\"@id\":\"https:\\\/\\\/www.link2fleet.com\\\/fr\\\/pas-de-panique-le-nouveau-tarif-de-securite-de-tier\\\/\",\"url\":\"https:\\\/\\\/www.link2fleet.com\\\/fr\\\/pas-de-panique-le-nouveau-tarif-de-securite-de-tier\\\/\",\"name\":\"\\\"Pas de panique\\\", le nouveau tarif de s\u00e9curit\u00e9 de Tier Mobility - link2fleet\",\"isPartOf\":{\"@id\":\"https:\\\/\\\/www.link2fleet.com\\\/fr\\\/#website\"},\"primaryImageOfPage\":{\"@id\":\"https:\\\/\\\/www.link2fleet.com\\\/fr\\\/pas-de-panique-le-nouveau-tarif-de-securite-de-tier\\\/#primaryimage\"},\"image\":{\"@id\":\"https:\\\/\\\/www.link2fleet.com\\\/fr\\\/pas-de-panique-le-nouveau-tarif-de-securite-de-tier\\\/#primaryimage\"},\"thumbnailUrl\":\"https:\\\/\\\/static.link2fleet.com\\\/wp-content\\\/uploads\\\/2024\\\/03\\\/tiermobility.jpeg\",\"datePublished\":\"2023-11-22T09:21:28+00:00\",\"breadcrumb\":{\"@id\":\"https:\\\/\\\/www.link2fleet.com\\\/fr\\\/pas-de-panique-le-nouveau-tarif-de-securite-de-tier\\\/#breadcrumb\"},\"inLanguage\":\"fr-FR\",\"potentialAction\":[{\"@type\":\"ReadAction\",\"target\":[\"https:\\\/\\\/www.link2fleet.com\\\/fr\\\/pas-de-panique-le-nouveau-tarif-de-securite-de-tier\\\/\"]}]},{\"@type\":\"ImageObject\",\"inLanguage\":\"fr-FR\",\"@id\":\"https:\\\/\\\/www.link2fleet.com\\\/fr\\\/pas-de-panique-le-nouveau-tarif-de-securite-de-tier\\\/#primaryimage\",\"url\":\"https:\\\/\\\/static.link2fleet.com\\\/wp-content\\\/uploads\\\/2024\\\/03\\\/tiermobility.jpeg\",\"contentUrl\":\"https:\\\/\\\/static.link2fleet.com\\\/wp-content\\\/uploads\\\/2024\\\/03\\\/tiermobility.jpeg\",\"width\":2560,\"height\":1708,\"caption\":\"|\"},{\"@type\":\"BreadcrumbList\",\"@id\":\"https:\\\/\\\/www.link2fleet.com\\\/fr\\\/pas-de-panique-le-nouveau-tarif-de-securite-de-tier\\\/#breadcrumb\",\"itemListElement\":[{\"@type\":\"ListItem\",\"position\":1,\"name\":\"Home\",\"item\":\"https:\\\/\\\/www.link2fleet.com\\\/fr\\\/\"},{\"@type\":\"ListItem\",\"position\":2,\"name\":\"&#8220;Pas de panique&#8221;, le nouveau tarif de s\u00e9curit\u00e9 de Tier Mobility\"}]},{\"@type\":\"WebSite\",\"@id\":\"https:\\\/\\\/www.link2fleet.com\\\/fr\\\/#website\",\"url\":\"https:\\\/\\\/www.link2fleet.com\\\/fr\\\/\",\"name\":\"Link2fleet\",\"description\":\"\",\"publisher\":{\"@id\":\"https:\\\/\\\/www.link2fleet.com\\\/fr\\\/#organization\"},\"potentialAction\":[{\"@type\":\"SearchAction\",\"target\":{\"@type\":\"EntryPoint\",\"urlTemplate\":\"https:\\\/\\\/www.link2fleet.com\\\/fr\\\/?s={search_term_string}\"},\"query-input\":{\"@type\":\"PropertyValueSpecification\",\"valueRequired\":true,\"valueName\":\"search_term_string\"}}],\"inLanguage\":\"fr-FR\"},{\"@type\":\"Organization\",\"@id\":\"https:\\\/\\\/www.link2fleet.com\\\/fr\\\/#organization\",\"name\":\"Link2fleet\",\"url\":\"https:\\\/\\\/www.link2fleet.com\\\/fr\\\/\",\"logo\":{\"@type\":\"ImageObject\",\"inLanguage\":\"fr-FR\",\"@id\":\"https:\\\/\\\/www.link2fleet.com\\\/fr\\\/#\\\/schema\\\/logo\\\/image\\\/\",\"url\":\"https:\\\/\\\/static.link2fleet.com\\\/wp-content\\\/uploads\\\/2024\\\/03\\\/share-image.jpg\",\"contentUrl\":\"https:\\\/\\\/static.link2fleet.com\\\/wp-content\\\/uploads\\\/2024\\\/03\\\/share-image.jpg\",\"width\":1200,\"height\":630,\"caption\":\"Link2fleet\"},\"image\":{\"@id\":\"https:\\\/\\\/www.link2fleet.com\\\/fr\\\/#\\\/schema\\\/logo\\\/image\\\/\"},\"sameAs\":[\"https:\\\/\\\/www.linkedin.com\\\/company\\\/link2fleet-belgium\",\"https:\\\/\\\/www.youtube.com\\\/user\\\/MMMBMBE\"]},{\"@type\":\"Person\",\"@id\":\"https:\\\/\\\/www.link2fleet.com\\\/fr\\\/#\\\/schema\\\/person\\\/027cd46113c78036b3809c9a054049da\",\"name\":\"Damien Malvetti\",\"image\":{\"@type\":\"ImageObject\",\"inLanguage\":\"fr-FR\",\"@id\":\"https:\\\/\\\/secure.gravatar.com\\\/avatar\\\/dd8cc03b49466c735f753ac37f8caa371af16dfed347456ed61f02883255eebb?s=96&d=mm&r=g\",\"url\":\"https:\\\/\\\/secure.gravatar.com\\\/avatar\\\/dd8cc03b49466c735f753ac37f8caa371af16dfed347456ed61f02883255eebb?s=96&d=mm&r=g\",\"contentUrl\":\"https:\\\/\\\/secure.gravatar.com\\\/avatar\\\/dd8cc03b49466c735f753ac37f8caa371af16dfed347456ed61f02883255eebb?s=96&d=mm&r=g\",\"caption\":\"Damien Malvetti\"},\"description\":\"Damien Malvetti is opgeleid als journalist en gepassioneerd door wagens, technologie en mobiliteit. Hij is verantwoordelijk voor de redactionele inhoud van link2fleet en beschikt over een uitgebreide kennis van de fleet-sector en elektrische mobiliteit.\",\"sameAs\":[\"https:\\\/\\\/www.linkedin.com\\\/in\\\/damien-malvetti-56601142\\\/\"]}]}<\/script>\n<!-- \/ Yoast SEO plugin. -->","yoast_head_json":{"title":"\"Pas de panique\", le nouveau tarif de s\u00e9curit\u00e9 de Tier Mobility - link2fleet","description":"La s\u00e9curit\u00e9 de tous, aussi bien des utilisateurs que de chaque personne de l\u2019espace public, est la priorit\u00e9 de TIER Mobility. C\u2019est pour cette raison\u2026","robots":{"index":"index","follow":"follow","max-snippet":"max-snippet:-1","max-image-preview":"max-image-preview:large","max-video-preview":"max-video-preview:-1"},"og_locale":"fr_FR","og_type":"article","og_title":"\"Pas de panique\", le nouveau tarif de s\u00e9curit\u00e9 de Tier Mobility - link2fleet","og_description":"La s\u00e9curit\u00e9 de tous, aussi bien des utilisateurs que de chaque personne de l\u2019espace public, est la priorit\u00e9 de TIER Mobility. C\u2019est pour cette raison\u2026","og_url":"https:\/\/www.link2fleet.com\/fr\/pas-de-panique-le-nouveau-tarif-de-securite-de-tier\/","og_site_name":"link2fleet","article_published_time":"2023-11-22T09:21:28+00:00","og_image":[{"width":2560,"height":1708,"url":"https:\/\/static.link2fleet.com\/wp-content\/uploads\/2024\/03\/tiermobility.jpeg","type":"image\/jpeg"}],"author":"Damien Malvetti","twitter_card":"summary_large_image","twitter_description":"La s\u00e9curit\u00e9 de tous, aussi bien des utilisateurs que de chaque personne de l\u2019espace public, est la priorit\u00e9 de TIER Mobility. C\u2019est pour cette raison\u2026","twitter_misc":{"\u00c9crit par":"Damien Malvetti","Dur\u00e9e de lecture estim\u00e9e":"2 minutes"},"schema":{"@context":"https:\/\/schema.org","@graph":[{"@type":"Article","@id":"https:\/\/www.link2fleet.com\/fr\/pas-de-panique-le-nouveau-tarif-de-securite-de-tier\/#article","isPartOf":{"@id":"https:\/\/www.link2fleet.com\/fr\/pas-de-panique-le-nouveau-tarif-de-securite-de-tier\/"},"author":{"name":"Damien Malvetti","@id":"https:\/\/www.link2fleet.com\/fr\/#\/schema\/person\/027cd46113c78036b3809c9a054049da"},"headline":"\u00ab\u00a0Pas de panique\u00a0\u00bb, le nouveau tarif de s\u00e9curit\u00e9 de Tier Mobility","datePublished":"2023-11-22T09:21:28+00:00","mainEntityOfPage":{"@id":"https:\/\/www.link2fleet.com\/fr\/pas-de-panique-le-nouveau-tarif-de-securite-de-tier\/"},"wordCount":365,"publisher":{"@id":"https:\/\/www.link2fleet.com\/fr\/#organization"},"image":{"@id":"https:\/\/www.link2fleet.com\/fr\/pas-de-panique-le-nouveau-tarif-de-securite-de-tier\/#primaryimage"},"thumbnailUrl":"https:\/\/static.link2fleet.com\/wp-content\/uploads\/2024\/03\/tiermobility.jpeg","articleSection":["Mobilit\u00e9","Trottinettes, scooters et motos"],"inLanguage":"fr-FR"},{"@type":"WebPage","@id":"https:\/\/www.link2fleet.com\/fr\/pas-de-panique-le-nouveau-tarif-de-securite-de-tier\/","url":"https:\/\/www.link2fleet.com\/fr\/pas-de-panique-le-nouveau-tarif-de-securite-de-tier\/","name":"\"Pas de panique\", le nouveau tarif de s\u00e9curit\u00e9 de Tier Mobility - link2fleet","isPartOf":{"@id":"https:\/\/www.link2fleet.com\/fr\/#website"},"primaryImageOfPage":{"@id":"https:\/\/www.link2fleet.com\/fr\/pas-de-panique-le-nouveau-tarif-de-securite-de-tier\/#primaryimage"},"image":{"@id":"https:\/\/www.link2fleet.com\/fr\/pas-de-panique-le-nouveau-tarif-de-securite-de-tier\/#primaryimage"},"thumbnailUrl":"https:\/\/static.link2fleet.com\/wp-content\/uploads\/2024\/03\/tiermobility.jpeg","datePublished":"2023-11-22T09:21:28+00:00","breadcrumb":{"@id":"https:\/\/www.link2fleet.com\/fr\/pas-de-panique-le-nouveau-tarif-de-securite-de-tier\/#breadcrumb"},"inLanguage":"fr-FR","potentialAction":[{"@type":"ReadAction","target":["https:\/\/www.link2fleet.com\/fr\/pas-de-panique-le-nouveau-tarif-de-securite-de-tier\/"]}]},{"@type":"ImageObject","inLanguage":"fr-FR","@id":"https:\/\/www.link2fleet.com\/fr\/pas-de-panique-le-nouveau-tarif-de-securite-de-tier\/#primaryimage","url":"https:\/\/static.link2fleet.com\/wp-content\/uploads\/2024\/03\/tiermobility.jpeg","contentUrl":"https:\/\/static.link2fleet.com\/wp-content\/uploads\/2024\/03\/tiermobility.jpeg","width":2560,"height":1708,"caption":"|"},{"@type":"BreadcrumbList","@id":"https:\/\/www.link2fleet.com\/fr\/pas-de-panique-le-nouveau-tarif-de-securite-de-tier\/#breadcrumb","itemListElement":[{"@type":"ListItem","position":1,"name":"Home","item":"https:\/\/www.link2fleet.com\/fr\/"},{"@type":"ListItem","position":2,"name":"&#8220;Pas de panique&#8221;, le nouveau tarif de s\u00e9curit\u00e9 de Tier Mobility"}]},{"@type":"WebSite","@id":"https:\/\/www.link2fleet.com\/fr\/#website","url":"https:\/\/www.link2fleet.com\/fr\/","name":"Link2fleet","description":"","publisher":{"@id":"https:\/\/www.link2fleet.com\/fr\/#organization"},"potentialAction":[{"@type":"SearchAction","target":{"@type":"EntryPoint","urlTemplate":"https:\/\/www.link2fleet.com\/fr\/?s={search_term_string}"},"query-input":{"@type":"PropertyValueSpecification","valueRequired":true,"valueName":"search_term_string"}}],"inLanguage":"fr-FR"},{"@type":"Organization","@id":"https:\/\/www.link2fleet.com\/fr\/#organization","name":"Link2fleet","url":"https:\/\/www.link2fleet.com\/fr\/","logo":{"@type":"ImageObject","inLanguage":"fr-FR","@id":"https:\/\/www.link2fleet.com\/fr\/#\/schema\/logo\/image\/","url":"https:\/\/static.link2fleet.com\/wp-content\/uploads\/2024\/03\/share-image.jpg","contentUrl":"https:\/\/static.link2fleet.com\/wp-content\/uploads\/2024\/03\/share-image.jpg","width":1200,"height":630,"caption":"Link2fleet"},"image":{"@id":"https:\/\/www.link2fleet.com\/fr\/#\/schema\/logo\/image\/"},"sameAs":["https:\/\/www.linkedin.com\/company\/link2fleet-belgium","https:\/\/www.youtube.com\/user\/MMMBMBE"]},{"@type":"Person","@id":"https:\/\/www.link2fleet.com\/fr\/#\/schema\/person\/027cd46113c78036b3809c9a054049da","name":"Damien Malvetti","image":{"@type":"ImageObject","inLanguage":"fr-FR","@id":"https:\/\/secure.gravatar.com\/avatar\/dd8cc03b49466c735f753ac37f8caa371af16dfed347456ed61f02883255eebb?s=96&d=mm&r=g","url":"https:\/\/secure.gravatar.com\/avatar\/dd8cc03b49466c735f753ac37f8caa371af16dfed347456ed61f02883255eebb?s=96&d=mm&r=g","contentUrl":"https:\/\/secure.gravatar.com\/avatar\/dd8cc03b49466c735f753ac37f8caa371af16dfed347456ed61f02883255eebb?s=96&d=mm&r=g","caption":"Damien Malvetti"},"description":"Damien Malvetti is opgeleid als journalist en gepassioneerd door wagens, technologie en mobiliteit. Hij is verantwoordelijk voor de redactionele inhoud van link2fleet en beschikt over een uitgebreide kennis van de fleet-sector en elektrische mobiliteit.","sameAs":["https:\/\/www.linkedin.com\/in\/damien-malvetti-56601142\/"]}]}},"_links":{"self":[{"href":"https:\/\/www.link2fleet.com\/fr\/wp-json\/wp\/v2\/posts\/11156","targetHints":{"allow":["GET"]}}],"collection":[{"href":"https:\/\/www.link2fleet.com\/fr\/wp-json\/wp\/v2\/posts"}],"about":[{"href":"https:\/\/www.link2fleet.com\/fr\/wp-json\/wp\/v2\/types\/post"}],"author":[{"embeddable":true,"href":"https:\/\/www.link2fleet.com\/fr\/wp-json\/wp\/v2\/users\/4"}],"replies":[{"embeddable":true,"href":"https:\/\/www.link2fleet.com\/fr\/wp-json\/wp\/v2\/comments?post=11156"}],"version-history":[{"count":0,"href":"https:\/\/www.link2fleet.com\/fr\/wp-json\/wp\/v2\/posts\/11156\/revisions"}],"wp:featuredmedia":[{"embeddable":true,"href":"https:\/\/www.link2fleet.com\/fr\/wp-json\/wp\/v2\/media\/11157"}],"wp:attachment":[{"href":"https:\/\/www.link2fleet.com\/fr\/wp-json\/wp\/v2\/media?parent=11156"}],"wp:term":[{"taxonomy":"category","embeddable":true,"href":"https:\/\/www.link2fleet.com\/fr\/wp-json\/wp\/v2\/categories?post=11156"},{"taxonomy":"post_tag","embeddable":true,"href":"https:\/\/www.link2fleet.com\/fr\/wp-json\/wp\/v2\/tags?post=11156"}],"curies":[{"name":"wp","href":"https:\/\/api.w.org\/{rel}","templated":true}]}}