{"id":11163,"date":"2023-11-24T09:49:45","date_gmt":"2023-11-24T08:49:45","guid":{"rendered":"https:\/\/www.link2fleet.com\/les-meilleurs-monteurs-de-vitres-automobiles-carglass-en-belgique-et-au-luxembourg-sont-connus\/"},"modified":"2024-04-17T16:43:22","modified_gmt":"2024-04-17T14:43:22","slug":"les-meilleurs-monteurs-de-vitres-automobiles-carglass-en-belgique-et-au-luxembourg-sont-connus","status":"publish","type":"post","link":"https:\/\/www.link2fleet.com\/fr\/les-meilleurs-monteurs-de-vitres-automobiles-carglass-en-belgique-et-au-luxembourg-sont-connus\/","title":{"rendered":"Les meilleurs monteurs de vitres automobiles Carglass en Belgique et au Luxembourg sont connus"},"content":{"rendered":"<p>L&rsquo;excellence de Carglass\u00ae en mati\u00e8re de qualit\u00e9, de s\u00e9curit\u00e9 et de service sans souci est largement attribuable \u00e0 l&rsquo;expertise et au dynamisme de ses collaborateurs. Pour mettre en valeur leur enthousiasme et leur professionnalisme, Carglass\u00ae BeLux organise tous les deux ans un concours national afin d&rsquo;identifier les meilleurs monteurs, customer contact operators, collaborateurs commerciaux et \u00ab\u00a0rookies\u00a0\u00bb (monteurs ayant moins de 2 ans d&rsquo;exp\u00e9rience). Parmi les monteurs participants, il y avait pour la premi\u00e8re fois une finaliste f\u00e9minine, qui a \u00e9t\u00e9 couronn\u00e9e \u00ab\u00a0meilleur rookie\u00a0\u00bb.<span class=\"Apple-converted-space\">\u00a0<\/span><\/p>\n<p>Lors de la finale, les participants se sont affront\u00e9s dans une s\u00e9rie de tests techniques et de simulations r\u00e9elles. Ils ont utilis\u00e9 des technologies de pointe pour r\u00e9parer et remplacer des vitres de voitures et recalibrer des syst\u00e8mes d&rsquo;aide \u00e0 la conduite. La finale du concours s&rsquo;est d\u00e9roul\u00e9e au centre de distribution europ\u00e9en de Belron\u00ae (la soci\u00e9t\u00e9 m\u00e8re de Carglass\u00ae) \u00e0 Bilzen. Gr\u00e2ce \u00e0 sa grande surface et \u00e0 son stock de 570 000 vitres de voitures, le Centre de distribution europ\u00e9en est le plus grand entrep\u00f4t du genre au monde; ce b\u00e2timent sp\u00e9cial a \u00e9t\u00e9 transform\u00e9 en ar\u00e8ne \u00e0 l\u2019occasion de la finale.<span class=\"Apple-converted-space\">\u00a0<\/span><\/p>\n<p>Les collaborateurs de Carglass\u00ae suivants ont \u00e9t\u00e9 couronn\u00e9s vainqueurs de l&rsquo;\u00e9dition 2023 :<span class=\"Apple-converted-space\">\u00a0<\/span><\/p>\n<ul>\n<li>Meilleur monteur &#8211; Belgique : Thomas Defraine (Drogenbos)<span class=\"Apple-converted-space\">\u00a0<\/span><\/li>\n<li>Meilleur monteur &#8211; Luxembourg : Damien Andres (Howald)<span class=\"Apple-converted-space\">\u00a0<\/span><\/li>\n<li>Meilleure customer contact operator &#8211; BeLux : Fabienne Houtmeyers<span class=\"Apple-converted-space\">\u00a0<\/span><\/li>\n<li>Meilleur collaborateur commercial &#8211; BeLux : Semi Tounsi (Tournai)<span class=\"Apple-converted-space\">\u00a0<\/span><\/li>\n<li>Meilleure rookie (monteur avec moins de 2 ans d&rsquo;exp\u00e9rience) &#8211; BeLux : No\u00e9mi Candel (Wavre)<span class=\"Apple-converted-space\">\u00a0<\/span><\/li>\n<\/ul>\n<p>Les laur\u00e9ats de la cat\u00e9gorie \u00ab\u00a0meilleur monteur\u00a0\u00bb d\u00e9fendront \u00e9galement bient\u00f4t leurs couleurs lors de la finale mondiale du \u00ab\u00a0Best of Belron\u00ae\u00a0\u00bb, qui r\u00e9unit tous les laur\u00e9ats nationaux de cette cat\u00e9gorie dans les 34 pays o\u00f9 Belron\u00ae est pr\u00e9sent. Guido De Paepe, CEO de Carglass\u00ae BeLux : \u00ab\u00a0<i>C&rsquo;\u00e9tait fantastique de voir avec<span class=\"Apple-converted-space\">\u00a0<\/span><\/i><\/p>\n<p><i>quelle passion et quel dynamisme nos collaborateurs se sont affront\u00e9s lors des diff\u00e9rentes \u00e9preuves, montrant ainsi l&rsquo;expertise qu&rsquo;ils ont \u00e0 offrir<\/i>.\u00a0\u00bb<span class=\"Apple-converted-space\">\u00a0<\/span><\/p>\n<p>Une centaine de collaborateurs ont particip\u00e9 au concours national cette ann\u00e9e. \u00ab\u00a0<i>Cela illustre l\u2019enthousiasme et la fiert\u00e9 que nos collaborateurs ont de travailler chez nous<\/i>\u00ab\u00a0, d\u00e9clare Bart Lambrechts, People Director de Carglass\u00ae BeLux : \u00ab\u00a0<i>Le concours vise bien s\u00fbr \u00e0 d\u00e9signer les champions parmi nos collaborateurs, mais c&rsquo;est bien plus que cela : c&rsquo;est \u00e9galement un moment agr\u00e9able pour nos collaborateurs, propice \u00e0 l&rsquo;\u00e9change de connaissances, \u00e0 la rencontre, et au partage d\u2019exp\u00e9rience. Et, bien s\u00fbr, c&rsquo;est aussi une fa\u00e7on de c\u00e9l\u00e9brer leur motivation et leur savoir-faire<\/i>\u00ab\u00a0.<span class=\"Apple-converted-space\">\u00a0<\/span><\/p>\n<p>&nbsp;<\/p>\n\n","protected":false},"excerpt":{"rendered":"<p>L&rsquo;excellence de Carglass\u00ae en mati\u00e8re de qualit\u00e9, de s\u00e9curit\u00e9 et de service sans souci est largement attribuable \u00e0 l&rsquo;expertise et au dynamisme de ses collaborateurs. Pour mettre en valeur leur enthousiasme et leur professionnalisme, Carglass\u00ae BeLux organise tous les deux ans un concours national afin d&rsquo;identifier les meilleurs monteurs, customer contact operators, collaborateurs commerciaux et [&hellip;]<\/p>\n","protected":false},"author":4,"featured_media":11164,"comment_status":"closed","ping_status":"closed","sticky":false,"template":"","format":"standard","meta":{"_acf_changed":false,"footnotes":""},"categories":[93,76],"tags":[],"class_list":["post-11163","post","type-post","status-publish","format-standard","has-post-thumbnail","hentry","category-entretien-reparation-vitrage-lavage","category-car"],"acf":[],"yoast_head":"<!-- This site is optimized with the Yoast SEO plugin v27.3 - https:\/\/yoast.com\/product\/yoast-seo-wordpress\/ -->\n<title>Les meilleurs monteurs de vitres automobiles Carglass en Belgique et au Luxembourg sont connus - link2fleet<\/title>\n<meta name=\"description\" content=\"Le jeudi 23 novembre, les collaborateurs de Carglass\u00ae de Belgique et du Luxembourg se sont disput\u00e9s les titres de meilleur monteur, meilleur customer contact operator,\u2026\" \/>\n<meta name=\"robots\" content=\"index, follow, max-snippet:-1, max-image-preview:large, max-video-preview:-1\" \/>\n<meta property=\"og:locale\" content=\"fr_FR\" \/>\n<meta property=\"og:type\" content=\"article\" \/>\n<meta property=\"og:title\" content=\"Les meilleurs monteurs de vitres automobiles Carglass en Belgique et au Luxembourg sont connus - link2fleet\" \/>\n<meta property=\"og:description\" content=\"Le jeudi 23 novembre, les collaborateurs de Carglass\u00ae de Belgique et du Luxembourg se sont disput\u00e9s les titres de meilleur monteur, meilleur customer contact operator,\u2026\" \/>\n<meta property=\"og:url\" content=\"https:\/\/www.link2fleet.com\/fr\/les-meilleurs-monteurs-de-vitres-automobiles-carglass-en-belgique-et-au-luxembourg-sont-connus\/\" \/>\n<meta property=\"og:site_name\" content=\"link2fleet\" \/>\n<meta property=\"article:published_time\" content=\"2023-11-24T08:49:45+00:00\" \/>\n<meta property=\"article:modified_time\" content=\"2024-04-17T14:43:22+00:00\" \/>\n<meta property=\"og:image\" content=\"https:\/\/static.link2fleet.com\/wp-content\/uploads\/2024\/03\/carglass-bestemonteurs-1-scaled-1.jpg\" \/>\n\t<meta property=\"og:image:width\" content=\"2560\" \/>\n\t<meta property=\"og:image:height\" content=\"1707\" \/>\n\t<meta property=\"og:image:type\" content=\"image\/jpeg\" \/>\n<meta name=\"author\" content=\"Damien Malvetti\" \/>\n<meta name=\"twitter:card\" content=\"summary_large_image\" \/>\n<meta name=\"twitter:description\" content=\"Le jeudi 23 novembre, les collaborateurs de Carglass\u00ae de Belgique et du Luxembourg se sont disput\u00e9s les titres de meilleur monteur, meilleur customer contact operator,\u2026\" \/>\n<meta name=\"twitter:label1\" content=\"\u00c9crit par\" \/>\n\t<meta name=\"twitter:data1\" content=\"Damien Malvetti\" \/>\n\t<meta name=\"twitter:label2\" content=\"Dur\u00e9e de lecture estim\u00e9e\" \/>\n\t<meta name=\"twitter:data2\" content=\"3 minutes\" \/>\n<script type=\"application\/ld+json\" class=\"yoast-schema-graph\">{\"@context\":\"https:\\\/\\\/schema.org\",\"@graph\":[{\"@type\":\"Article\",\"@id\":\"https:\\\/\\\/www.link2fleet.com\\\/fr\\\/les-meilleurs-monteurs-de-vitres-automobiles-carglass-en-belgique-et-au-luxembourg-sont-connus\\\/#article\",\"isPartOf\":{\"@id\":\"https:\\\/\\\/www.link2fleet.com\\\/fr\\\/les-meilleurs-monteurs-de-vitres-automobiles-carglass-en-belgique-et-au-luxembourg-sont-connus\\\/\"},\"author\":{\"name\":\"Damien Malvetti\",\"@id\":\"https:\\\/\\\/www.link2fleet.com\\\/fr\\\/#\\\/schema\\\/person\\\/027cd46113c78036b3809c9a054049da\"},\"headline\":\"Les meilleurs monteurs de vitres automobiles Carglass en Belgique et au Luxembourg sont connus\",\"datePublished\":\"2023-11-24T08:49:45+00:00\",\"dateModified\":\"2024-04-17T14:43:22+00:00\",\"mainEntityOfPage\":{\"@id\":\"https:\\\/\\\/www.link2fleet.com\\\/fr\\\/les-meilleurs-monteurs-de-vitres-automobiles-carglass-en-belgique-et-au-luxembourg-sont-connus\\\/\"},\"wordCount\":531,\"publisher\":{\"@id\":\"https:\\\/\\\/www.link2fleet.com\\\/fr\\\/#organization\"},\"image\":{\"@id\":\"https:\\\/\\\/www.link2fleet.com\\\/fr\\\/les-meilleurs-monteurs-de-vitres-automobiles-carglass-en-belgique-et-au-luxembourg-sont-connus\\\/#primaryimage\"},\"thumbnailUrl\":\"https:\\\/\\\/static.link2fleet.com\\\/wp-content\\\/uploads\\\/2024\\\/03\\\/carglass-bestemonteurs-1-scaled-1.jpg\",\"articleSection\":[\"Pneus, entretiens, r\u00e9paration\",\"V\u00e9hicules\"],\"inLanguage\":\"fr-FR\"},{\"@type\":\"WebPage\",\"@id\":\"https:\\\/\\\/www.link2fleet.com\\\/fr\\\/les-meilleurs-monteurs-de-vitres-automobiles-carglass-en-belgique-et-au-luxembourg-sont-connus\\\/\",\"url\":\"https:\\\/\\\/www.link2fleet.com\\\/fr\\\/les-meilleurs-monteurs-de-vitres-automobiles-carglass-en-belgique-et-au-luxembourg-sont-connus\\\/\",\"name\":\"Les meilleurs monteurs de vitres automobiles Carglass en Belgique et au Luxembourg sont connus - link2fleet\",\"isPartOf\":{\"@id\":\"https:\\\/\\\/www.link2fleet.com\\\/fr\\\/#website\"},\"primaryImageOfPage\":{\"@id\":\"https:\\\/\\\/www.link2fleet.com\\\/fr\\\/les-meilleurs-monteurs-de-vitres-automobiles-carglass-en-belgique-et-au-luxembourg-sont-connus\\\/#primaryimage\"},\"image\":{\"@id\":\"https:\\\/\\\/www.link2fleet.com\\\/fr\\\/les-meilleurs-monteurs-de-vitres-automobiles-carglass-en-belgique-et-au-luxembourg-sont-connus\\\/#primaryimage\"},\"thumbnailUrl\":\"https:\\\/\\\/static.link2fleet.com\\\/wp-content\\\/uploads\\\/2024\\\/03\\\/carglass-bestemonteurs-1-scaled-1.jpg\",\"datePublished\":\"2023-11-24T08:49:45+00:00\",\"dateModified\":\"2024-04-17T14:43:22+00:00\",\"breadcrumb\":{\"@id\":\"https:\\\/\\\/www.link2fleet.com\\\/fr\\\/les-meilleurs-monteurs-de-vitres-automobiles-carglass-en-belgique-et-au-luxembourg-sont-connus\\\/#breadcrumb\"},\"inLanguage\":\"fr-FR\",\"potentialAction\":[{\"@type\":\"ReadAction\",\"target\":[\"https:\\\/\\\/www.link2fleet.com\\\/fr\\\/les-meilleurs-monteurs-de-vitres-automobiles-carglass-en-belgique-et-au-luxembourg-sont-connus\\\/\"]}]},{\"@type\":\"ImageObject\",\"inLanguage\":\"fr-FR\",\"@id\":\"https:\\\/\\\/www.link2fleet.com\\\/fr\\\/les-meilleurs-monteurs-de-vitres-automobiles-carglass-en-belgique-et-au-luxembourg-sont-connus\\\/#primaryimage\",\"url\":\"https:\\\/\\\/static.link2fleet.com\\\/wp-content\\\/uploads\\\/2024\\\/03\\\/carglass-bestemonteurs-1-scaled-1.jpg\",\"contentUrl\":\"https:\\\/\\\/static.link2fleet.com\\\/wp-content\\\/uploads\\\/2024\\\/03\\\/carglass-bestemonteurs-1-scaled-1.jpg\",\"width\":2560,\"height\":1707,\"caption\":\"||\"},{\"@type\":\"BreadcrumbList\",\"@id\":\"https:\\\/\\\/www.link2fleet.com\\\/fr\\\/les-meilleurs-monteurs-de-vitres-automobiles-carglass-en-belgique-et-au-luxembourg-sont-connus\\\/#breadcrumb\",\"itemListElement\":[{\"@type\":\"ListItem\",\"position\":1,\"name\":\"Home\",\"item\":\"https:\\\/\\\/www.link2fleet.com\\\/fr\\\/\"},{\"@type\":\"ListItem\",\"position\":2,\"name\":\"Les meilleurs monteurs de vitres automobiles Carglass en Belgique et au Luxembourg sont connus\"}]},{\"@type\":\"WebSite\",\"@id\":\"https:\\\/\\\/www.link2fleet.com\\\/fr\\\/#website\",\"url\":\"https:\\\/\\\/www.link2fleet.com\\\/fr\\\/\",\"name\":\"Link2fleet\",\"description\":\"\",\"publisher\":{\"@id\":\"https:\\\/\\\/www.link2fleet.com\\\/fr\\\/#organization\"},\"potentialAction\":[{\"@type\":\"SearchAction\",\"target\":{\"@type\":\"EntryPoint\",\"urlTemplate\":\"https:\\\/\\\/www.link2fleet.com\\\/fr\\\/?s={search_term_string}\"},\"query-input\":{\"@type\":\"PropertyValueSpecification\",\"valueRequired\":true,\"valueName\":\"search_term_string\"}}],\"inLanguage\":\"fr-FR\"},{\"@type\":\"Organization\",\"@id\":\"https:\\\/\\\/www.link2fleet.com\\\/fr\\\/#organization\",\"name\":\"Link2fleet\",\"url\":\"https:\\\/\\\/www.link2fleet.com\\\/fr\\\/\",\"logo\":{\"@type\":\"ImageObject\",\"inLanguage\":\"fr-FR\",\"@id\":\"https:\\\/\\\/www.link2fleet.com\\\/fr\\\/#\\\/schema\\\/logo\\\/image\\\/\",\"url\":\"https:\\\/\\\/static.link2fleet.com\\\/wp-content\\\/uploads\\\/2024\\\/03\\\/share-image.jpg\",\"contentUrl\":\"https:\\\/\\\/static.link2fleet.com\\\/wp-content\\\/uploads\\\/2024\\\/03\\\/share-image.jpg\",\"width\":1200,\"height\":630,\"caption\":\"Link2fleet\"},\"image\":{\"@id\":\"https:\\\/\\\/www.link2fleet.com\\\/fr\\\/#\\\/schema\\\/logo\\\/image\\\/\"},\"sameAs\":[\"https:\\\/\\\/www.linkedin.com\\\/company\\\/link2fleet-belgium\",\"https:\\\/\\\/www.youtube.com\\\/user\\\/MMMBMBE\"]},{\"@type\":\"Person\",\"@id\":\"https:\\\/\\\/www.link2fleet.com\\\/fr\\\/#\\\/schema\\\/person\\\/027cd46113c78036b3809c9a054049da\",\"name\":\"Damien Malvetti\",\"image\":{\"@type\":\"ImageObject\",\"inLanguage\":\"fr-FR\",\"@id\":\"https:\\\/\\\/secure.gravatar.com\\\/avatar\\\/dd8cc03b49466c735f753ac37f8caa371af16dfed347456ed61f02883255eebb?s=96&d=mm&r=g\",\"url\":\"https:\\\/\\\/secure.gravatar.com\\\/avatar\\\/dd8cc03b49466c735f753ac37f8caa371af16dfed347456ed61f02883255eebb?s=96&d=mm&r=g\",\"contentUrl\":\"https:\\\/\\\/secure.gravatar.com\\\/avatar\\\/dd8cc03b49466c735f753ac37f8caa371af16dfed347456ed61f02883255eebb?s=96&d=mm&r=g\",\"caption\":\"Damien Malvetti\"},\"description\":\"Damien Malvetti is opgeleid als journalist en gepassioneerd door wagens, technologie en mobiliteit. Hij is verantwoordelijk voor de redactionele inhoud van link2fleet en beschikt over een uitgebreide kennis van de fleet-sector en elektrische mobiliteit.\",\"sameAs\":[\"https:\\\/\\\/www.linkedin.com\\\/in\\\/damien-malvetti-56601142\\\/\"]}]}<\/script>\n<!-- \/ Yoast SEO plugin. -->","yoast_head_json":{"title":"Les meilleurs monteurs de vitres automobiles Carglass en Belgique et au Luxembourg sont connus - link2fleet","description":"Le jeudi 23 novembre, les collaborateurs de Carglass\u00ae de Belgique et du Luxembourg se sont disput\u00e9s les titres de meilleur monteur, meilleur customer contact operator,\u2026","robots":{"index":"index","follow":"follow","max-snippet":"max-snippet:-1","max-image-preview":"max-image-preview:large","max-video-preview":"max-video-preview:-1"},"og_locale":"fr_FR","og_type":"article","og_title":"Les meilleurs monteurs de vitres automobiles Carglass en Belgique et au Luxembourg sont connus - link2fleet","og_description":"Le jeudi 23 novembre, les collaborateurs de Carglass\u00ae de Belgique et du Luxembourg se sont disput\u00e9s les titres de meilleur monteur, meilleur customer contact operator,\u2026","og_url":"https:\/\/www.link2fleet.com\/fr\/les-meilleurs-monteurs-de-vitres-automobiles-carglass-en-belgique-et-au-luxembourg-sont-connus\/","og_site_name":"link2fleet","article_published_time":"2023-11-24T08:49:45+00:00","article_modified_time":"2024-04-17T14:43:22+00:00","og_image":[{"width":2560,"height":1707,"url":"https:\/\/static.link2fleet.com\/wp-content\/uploads\/2024\/03\/carglass-bestemonteurs-1-scaled-1.jpg","type":"image\/jpeg"}],"author":"Damien Malvetti","twitter_card":"summary_large_image","twitter_description":"Le jeudi 23 novembre, les collaborateurs de Carglass\u00ae de Belgique et du Luxembourg se sont disput\u00e9s les titres de meilleur monteur, meilleur customer contact operator,\u2026","twitter_misc":{"\u00c9crit par":"Damien Malvetti","Dur\u00e9e de lecture estim\u00e9e":"3 minutes"},"schema":{"@context":"https:\/\/schema.org","@graph":[{"@type":"Article","@id":"https:\/\/www.link2fleet.com\/fr\/les-meilleurs-monteurs-de-vitres-automobiles-carglass-en-belgique-et-au-luxembourg-sont-connus\/#article","isPartOf":{"@id":"https:\/\/www.link2fleet.com\/fr\/les-meilleurs-monteurs-de-vitres-automobiles-carglass-en-belgique-et-au-luxembourg-sont-connus\/"},"author":{"name":"Damien Malvetti","@id":"https:\/\/www.link2fleet.com\/fr\/#\/schema\/person\/027cd46113c78036b3809c9a054049da"},"headline":"Les meilleurs monteurs de vitres automobiles Carglass en Belgique et au Luxembourg sont connus","datePublished":"2023-11-24T08:49:45+00:00","dateModified":"2024-04-17T14:43:22+00:00","mainEntityOfPage":{"@id":"https:\/\/www.link2fleet.com\/fr\/les-meilleurs-monteurs-de-vitres-automobiles-carglass-en-belgique-et-au-luxembourg-sont-connus\/"},"wordCount":531,"publisher":{"@id":"https:\/\/www.link2fleet.com\/fr\/#organization"},"image":{"@id":"https:\/\/www.link2fleet.com\/fr\/les-meilleurs-monteurs-de-vitres-automobiles-carglass-en-belgique-et-au-luxembourg-sont-connus\/#primaryimage"},"thumbnailUrl":"https:\/\/static.link2fleet.com\/wp-content\/uploads\/2024\/03\/carglass-bestemonteurs-1-scaled-1.jpg","articleSection":["Pneus, entretiens, r\u00e9paration","V\u00e9hicules"],"inLanguage":"fr-FR"},{"@type":"WebPage","@id":"https:\/\/www.link2fleet.com\/fr\/les-meilleurs-monteurs-de-vitres-automobiles-carglass-en-belgique-et-au-luxembourg-sont-connus\/","url":"https:\/\/www.link2fleet.com\/fr\/les-meilleurs-monteurs-de-vitres-automobiles-carglass-en-belgique-et-au-luxembourg-sont-connus\/","name":"Les meilleurs monteurs de vitres automobiles Carglass en Belgique et au Luxembourg sont connus - link2fleet","isPartOf":{"@id":"https:\/\/www.link2fleet.com\/fr\/#website"},"primaryImageOfPage":{"@id":"https:\/\/www.link2fleet.com\/fr\/les-meilleurs-monteurs-de-vitres-automobiles-carglass-en-belgique-et-au-luxembourg-sont-connus\/#primaryimage"},"image":{"@id":"https:\/\/www.link2fleet.com\/fr\/les-meilleurs-monteurs-de-vitres-automobiles-carglass-en-belgique-et-au-luxembourg-sont-connus\/#primaryimage"},"thumbnailUrl":"https:\/\/static.link2fleet.com\/wp-content\/uploads\/2024\/03\/carglass-bestemonteurs-1-scaled-1.jpg","datePublished":"2023-11-24T08:49:45+00:00","dateModified":"2024-04-17T14:43:22+00:00","breadcrumb":{"@id":"https:\/\/www.link2fleet.com\/fr\/les-meilleurs-monteurs-de-vitres-automobiles-carglass-en-belgique-et-au-luxembourg-sont-connus\/#breadcrumb"},"inLanguage":"fr-FR","potentialAction":[{"@type":"ReadAction","target":["https:\/\/www.link2fleet.com\/fr\/les-meilleurs-monteurs-de-vitres-automobiles-carglass-en-belgique-et-au-luxembourg-sont-connus\/"]}]},{"@type":"ImageObject","inLanguage":"fr-FR","@id":"https:\/\/www.link2fleet.com\/fr\/les-meilleurs-monteurs-de-vitres-automobiles-carglass-en-belgique-et-au-luxembourg-sont-connus\/#primaryimage","url":"https:\/\/static.link2fleet.com\/wp-content\/uploads\/2024\/03\/carglass-bestemonteurs-1-scaled-1.jpg","contentUrl":"https:\/\/static.link2fleet.com\/wp-content\/uploads\/2024\/03\/carglass-bestemonteurs-1-scaled-1.jpg","width":2560,"height":1707,"caption":"||"},{"@type":"BreadcrumbList","@id":"https:\/\/www.link2fleet.com\/fr\/les-meilleurs-monteurs-de-vitres-automobiles-carglass-en-belgique-et-au-luxembourg-sont-connus\/#breadcrumb","itemListElement":[{"@type":"ListItem","position":1,"name":"Home","item":"https:\/\/www.link2fleet.com\/fr\/"},{"@type":"ListItem","position":2,"name":"Les meilleurs monteurs de vitres automobiles Carglass en Belgique et au Luxembourg sont connus"}]},{"@type":"WebSite","@id":"https:\/\/www.link2fleet.com\/fr\/#website","url":"https:\/\/www.link2fleet.com\/fr\/","name":"Link2fleet","description":"","publisher":{"@id":"https:\/\/www.link2fleet.com\/fr\/#organization"},"potentialAction":[{"@type":"SearchAction","target":{"@type":"EntryPoint","urlTemplate":"https:\/\/www.link2fleet.com\/fr\/?s={search_term_string}"},"query-input":{"@type":"PropertyValueSpecification","valueRequired":true,"valueName":"search_term_string"}}],"inLanguage":"fr-FR"},{"@type":"Organization","@id":"https:\/\/www.link2fleet.com\/fr\/#organization","name":"Link2fleet","url":"https:\/\/www.link2fleet.com\/fr\/","logo":{"@type":"ImageObject","inLanguage":"fr-FR","@id":"https:\/\/www.link2fleet.com\/fr\/#\/schema\/logo\/image\/","url":"https:\/\/static.link2fleet.com\/wp-content\/uploads\/2024\/03\/share-image.jpg","contentUrl":"https:\/\/static.link2fleet.com\/wp-content\/uploads\/2024\/03\/share-image.jpg","width":1200,"height":630,"caption":"Link2fleet"},"image":{"@id":"https:\/\/www.link2fleet.com\/fr\/#\/schema\/logo\/image\/"},"sameAs":["https:\/\/www.linkedin.com\/company\/link2fleet-belgium","https:\/\/www.youtube.com\/user\/MMMBMBE"]},{"@type":"Person","@id":"https:\/\/www.link2fleet.com\/fr\/#\/schema\/person\/027cd46113c78036b3809c9a054049da","name":"Damien Malvetti","image":{"@type":"ImageObject","inLanguage":"fr-FR","@id":"https:\/\/secure.gravatar.com\/avatar\/dd8cc03b49466c735f753ac37f8caa371af16dfed347456ed61f02883255eebb?s=96&d=mm&r=g","url":"https:\/\/secure.gravatar.com\/avatar\/dd8cc03b49466c735f753ac37f8caa371af16dfed347456ed61f02883255eebb?s=96&d=mm&r=g","contentUrl":"https:\/\/secure.gravatar.com\/avatar\/dd8cc03b49466c735f753ac37f8caa371af16dfed347456ed61f02883255eebb?s=96&d=mm&r=g","caption":"Damien Malvetti"},"description":"Damien Malvetti is opgeleid als journalist en gepassioneerd door wagens, technologie en mobiliteit. Hij is verantwoordelijk voor de redactionele inhoud van link2fleet en beschikt over een uitgebreide kennis van de fleet-sector en elektrische mobiliteit.","sameAs":["https:\/\/www.linkedin.com\/in\/damien-malvetti-56601142\/"]}]}},"_links":{"self":[{"href":"https:\/\/www.link2fleet.com\/fr\/wp-json\/wp\/v2\/posts\/11163","targetHints":{"allow":["GET"]}}],"collection":[{"href":"https:\/\/www.link2fleet.com\/fr\/wp-json\/wp\/v2\/posts"}],"about":[{"href":"https:\/\/www.link2fleet.com\/fr\/wp-json\/wp\/v2\/types\/post"}],"author":[{"embeddable":true,"href":"https:\/\/www.link2fleet.com\/fr\/wp-json\/wp\/v2\/users\/4"}],"replies":[{"embeddable":true,"href":"https:\/\/www.link2fleet.com\/fr\/wp-json\/wp\/v2\/comments?post=11163"}],"version-history":[{"count":0,"href":"https:\/\/www.link2fleet.com\/fr\/wp-json\/wp\/v2\/posts\/11163\/revisions"}],"wp:featuredmedia":[{"embeddable":true,"href":"https:\/\/www.link2fleet.com\/fr\/wp-json\/wp\/v2\/media\/11164"}],"wp:attachment":[{"href":"https:\/\/www.link2fleet.com\/fr\/wp-json\/wp\/v2\/media?parent=11163"}],"wp:term":[{"taxonomy":"category","embeddable":true,"href":"https:\/\/www.link2fleet.com\/fr\/wp-json\/wp\/v2\/categories?post=11163"},{"taxonomy":"post_tag","embeddable":true,"href":"https:\/\/www.link2fleet.com\/fr\/wp-json\/wp\/v2\/tags?post=11163"}],"curies":[{"name":"wp","href":"https:\/\/api.w.org\/{rel}","templated":true}]}}