{"id":11264,"date":"2023-12-12T13:45:35","date_gmt":"2023-12-12T12:45:35","guid":{"rendered":"https:\/\/www.link2fleet.com\/la-nouvelle-volvo-ex30-compacte-par-la-taille-grande-par-lexperience\/"},"modified":"2023-12-12T13:45:35","modified_gmt":"2023-12-12T12:45:35","slug":"la-nouvelle-volvo-ex30-compacte-par-la-taille-grande-par-lexperience","status":"publish","type":"post","link":"https:\/\/www.link2fleet.com\/fr\/la-nouvelle-volvo-ex30-compacte-par-la-taille-grande-par-lexperience\/","title":{"rendered":"La nouvelle Volvo EX30: compacte par la taille, grande par l\u2019exp\u00e9rience"},"content":{"rendered":"<p style=\"font-weight: 400;\"><strong>Grandes prestations, petit format<\/strong><\/p>\n<p style=\"font-weight: 400;\">Avec une autonomie \u00e9lectrique pouvant atteindre 475 km, la Volvo EX30 transforme sa stature compacte en performances grandioses. Ce petit SUV compact garantit non seulement une grande aventure, mais il se recharge \u00e0 la vitesse de l\u2019\u00e9clair en moins de 30 minutes pour la charge rapide en courant continu (10 \u00e0 80%). Avec une consommation d\u2019\u00e9nergie de seulement 17 kWh\/100 km et une impressionnante acc\u00e9l\u00e9ration de 0 \u00e0 100 km\/h en 3,6 secondes, la Volvo EX30 promet une exp\u00e9rience de conduite sans \u00e9gale. Que vous man\u0153uvriez dans la jungle urbaine ou que vous choisissiez la libert\u00e9 de la route, ce SUV \u00e9lectrique vous offre un voyage de plaisir et de confort, sans aucun compromis.<\/p>\n<p><img loading=\"lazy\" decoding=\"async\" class=\"alignleft size-medium wp-image-1301981\" src=\"https:\/\/www.link2fleet.com\/wp-content\/uploads\/2023\/12\/313320_Volvo_EX30_exterior-300x225.jpg\" alt=\"\" width=\"300\" height=\"225\" \/><\/p>\n<p style=\"font-weight: 400;\"><strong>Durable avec du style<\/strong><\/p>\n<p style=\"font-weight: 400;\">Inspir\u00e9 du design scandinave, l&rsquo;EX30 incarne la durabilit\u00e9 sans sacrifier le style. Ce compagnon de voyage compact vous chouchoute avec une technologie avanc\u00e9e et un design int\u00e9rieur pens\u00e9 dans les moindres d\u00e9tails. D\u00e9couvrez quatre concepts d&rsquo;int\u00e9rieur extraordinaires, qui utilisent des mat\u00e9riaux recycl\u00e9s tels que le denim. Et comme si cela ne suffisait pas, la Volvo EX30 offre le choix entre cinq th\u00e8mes d&rsquo;\u00e9clairage d&rsquo;ambiance, chacun inspir\u00e9 d&rsquo;un paysage scandinave diff\u00e9rent. L&rsquo;int\u00e9rieur d\u00e9gage une tranquillit\u00e9 apaisante, changeant subtilement de couleur, et promet une exp\u00e9rience de conduite sereine.<\/p>\n<p>&nbsp;<\/p>\n<p><img loading=\"lazy\" decoding=\"async\" class=\"size-medium wp-image-1301957 alignright\" src=\"https:\/\/www.link2fleet.com\/wp-content\/uploads\/2023\/12\/313322_Volvo_EX30_exterior-300x225.jpg\" alt=\"\" width=\"300\" height=\"225\" \/><\/p>\n<p style=\"font-weight: 400;\"><strong>Infotainment intuitif et facilit\u00e9 de stationnement<\/strong><\/p>\n<p style=\"font-weight: 400;\">La Volvo EX30 embrasse l&rsquo;avenir avec un syst\u00e8me d&rsquo;infodivertissement intuitif, dot\u00e9 d&rsquo;un \u00e9cran central et d&rsquo;une connectivit\u00e9 Google int\u00e9gr\u00e9e. Cette technologie de pointe vous permet de rester connect\u00e9 \u00e0 tout moment, o\u00f9 que la route vous m\u00e8ne.C Cerise sur le g\u00e2teau, le nouveau Park Pilot Assist localise sans effort toutes les places de parking disponibles aux alentours, et gare la voiture en toute autonomie. L&rsquo;EX30 est \u00e9galement \u00e9quip\u00e9 d&rsquo;une cam\u00e9ra \u00e0 360\u00b0 avec vue en 3D, pour une plus grande tranquillit\u00e9 d&rsquo;esprit et moins de risques de dommages li\u00e9s au stationnement.<\/p>\n<p>&nbsp;<\/p>\n<p style=\"font-weight: 400;\"><strong>Une exp\u00e9rience auditive de premi\u00e8re classe<\/strong><\/p>\n<p style=\"font-weight: 400;\">Donnez vie \u00e0 vos morceaux pr\u00e9f\u00e9r\u00e9s gr\u00e2ce au syst\u00e8me audio haut de gamme comprenant une barre de son. Plongez dans un son cristallin et une exp\u00e9rience d&rsquo;\u00e9coute in\u00e9gal\u00e9e. Chez Volvo, ils ont compris que la musique nourrit l&rsquo;\u00e2me, m\u00eame lorsque vous \u00eates sur la route.<\/p>\n<p>&nbsp;<\/p>\n<blockquote>\n<p style=\"font-weight: 400;\">La Volvo EX30 sera disponible au d\u00e9but de l&rsquo;ann\u00e9e prochaine au prix de 38.990 euros TTC. <a href=\"https:\/\/www.volvocars.com\/fr-be\/cars\/ex30-electric\/\">D\u00e9couvrez-l\u00e0 sans plus tarder en visitant le site web pour en savoir davantage sur ce SUV \u00e9lectrique r\u00e9volutionnaire.<\/a><\/p>\n<\/blockquote>\n<p>&nbsp;<\/p>\n\n","protected":false},"excerpt":{"rendered":"<p>Grandes prestations, petit format Avec une autonomie \u00e9lectrique pouvant atteindre 475 km, la Volvo EX30 transforme sa stature compacte en performances grandioses. Ce petit SUV compact garantit non seulement une grande aventure, mais il se recharge \u00e0 la vitesse de l\u2019\u00e9clair en moins de 30 minutes pour la charge rapide en courant continu (10 \u00e0 [&hellip;]<\/p>\n","protected":false},"author":43,"featured_media":11265,"comment_status":"closed","ping_status":"closed","sticky":false,"template":"","format":"standard","meta":{"_acf_changed":false,"footnotes":""},"categories":[76],"tags":[],"class_list":["post-11264","post","type-post","status-publish","format-standard","has-post-thumbnail","hentry","category-car"],"acf":[],"yoast_head":"<!-- This site is optimized with the Yoast SEO plugin v27.3 - https:\/\/yoast.com\/product\/yoast-seo-wordpress\/ -->\n<title>La nouvelle Volvo EX30: compacte par la taille, grande par l\u2019exp\u00e9rience - link2fleet<\/title>\n<meta name=\"description\" content=\"\u00cates-vous pr\u00eat \u00e0 accueillir le futur de la mobilit\u00e9 ? D\u00e9couvrez la Volvo EX30, un SUV \u00e9lectrique impressionnant qui prouve que la grandeur n\u2019est pas\u2026\" \/>\n<meta name=\"robots\" content=\"index, follow, max-snippet:-1, max-image-preview:large, max-video-preview:-1\" \/>\n<meta property=\"og:locale\" content=\"fr_FR\" \/>\n<meta property=\"og:type\" content=\"article\" \/>\n<meta property=\"og:title\" content=\"La nouvelle Volvo EX30: compacte par la taille, grande par l\u2019exp\u00e9rience - link2fleet\" \/>\n<meta property=\"og:description\" content=\"\u00cates-vous pr\u00eat \u00e0 accueillir le futur de la mobilit\u00e9 ? D\u00e9couvrez la Volvo EX30, un SUV \u00e9lectrique impressionnant qui prouve que la grandeur n\u2019est pas\u2026\" \/>\n<meta property=\"og:url\" content=\"https:\/\/www.link2fleet.com\/fr\/la-nouvelle-volvo-ex30-compacte-par-la-taille-grande-par-lexperience\/\" \/>\n<meta property=\"og:site_name\" content=\"link2fleet\" \/>\n<meta property=\"article:published_time\" content=\"2023-12-12T12:45:35+00:00\" \/>\n<meta property=\"og:image\" content=\"https:\/\/static.link2fleet.com\/wp-content\/uploads\/2024\/03\/318884-volvo-ex30-cloud-blue-exterior-scaled-1.jpg\" \/>\n\t<meta property=\"og:image:width\" content=\"2560\" \/>\n\t<meta property=\"og:image:height\" content=\"1707\" \/>\n\t<meta property=\"og:image:type\" content=\"image\/jpeg\" \/>\n<meta name=\"author\" content=\"Jeroen Evens\" \/>\n<meta name=\"twitter:card\" content=\"summary_large_image\" \/>\n<meta name=\"twitter:description\" content=\"\u00cates-vous pr\u00eat \u00e0 accueillir le futur de la mobilit\u00e9 ? D\u00e9couvrez la Volvo EX30, un SUV \u00e9lectrique impressionnant qui prouve que la grandeur n\u2019est pas\u2026\" \/>\n<meta name=\"twitter:label1\" content=\"\u00c9crit par\" \/>\n\t<meta name=\"twitter:data1\" content=\"Jeroen Evens\" \/>\n\t<meta name=\"twitter:label2\" content=\"Dur\u00e9e de lecture estim\u00e9e\" \/>\n\t<meta name=\"twitter:data2\" content=\"4 minutes\" \/>\n<script type=\"application\/ld+json\" class=\"yoast-schema-graph\">{\"@context\":\"https:\\\/\\\/schema.org\",\"@graph\":[{\"@type\":\"Article\",\"@id\":\"https:\\\/\\\/www.link2fleet.com\\\/fr\\\/la-nouvelle-volvo-ex30-compacte-par-la-taille-grande-par-lexperience\\\/#article\",\"isPartOf\":{\"@id\":\"https:\\\/\\\/www.link2fleet.com\\\/fr\\\/la-nouvelle-volvo-ex30-compacte-par-la-taille-grande-par-lexperience\\\/\"},\"author\":{\"name\":\"Jeroen Evens\",\"@id\":\"https:\\\/\\\/www.link2fleet.com\\\/fr\\\/#\\\/schema\\\/person\\\/3f23fa5cf039e25761156c930f6bf38f\"},\"headline\":\"La nouvelle Volvo EX30: compacte par la taille, grande par l\u2019exp\u00e9rience\",\"datePublished\":\"2023-12-12T12:45:35+00:00\",\"mainEntityOfPage\":{\"@id\":\"https:\\\/\\\/www.link2fleet.com\\\/fr\\\/la-nouvelle-volvo-ex30-compacte-par-la-taille-grande-par-lexperience\\\/\"},\"wordCount\":835,\"publisher\":{\"@id\":\"https:\\\/\\\/www.link2fleet.com\\\/fr\\\/#organization\"},\"image\":{\"@id\":\"https:\\\/\\\/www.link2fleet.com\\\/fr\\\/la-nouvelle-volvo-ex30-compacte-par-la-taille-grande-par-lexperience\\\/#primaryimage\"},\"thumbnailUrl\":\"https:\\\/\\\/static.link2fleet.com\\\/wp-content\\\/uploads\\\/2024\\\/03\\\/318884-volvo-ex30-cloud-blue-exterior-scaled-1.jpg\",\"articleSection\":[\"V\u00e9hicules\"],\"inLanguage\":\"fr-FR\"},{\"@type\":\"WebPage\",\"@id\":\"https:\\\/\\\/www.link2fleet.com\\\/fr\\\/la-nouvelle-volvo-ex30-compacte-par-la-taille-grande-par-lexperience\\\/\",\"url\":\"https:\\\/\\\/www.link2fleet.com\\\/fr\\\/la-nouvelle-volvo-ex30-compacte-par-la-taille-grande-par-lexperience\\\/\",\"name\":\"La nouvelle Volvo EX30: compacte par la taille, grande par l\u2019exp\u00e9rience - link2fleet\",\"isPartOf\":{\"@id\":\"https:\\\/\\\/www.link2fleet.com\\\/fr\\\/#website\"},\"primaryImageOfPage\":{\"@id\":\"https:\\\/\\\/www.link2fleet.com\\\/fr\\\/la-nouvelle-volvo-ex30-compacte-par-la-taille-grande-par-lexperience\\\/#primaryimage\"},\"image\":{\"@id\":\"https:\\\/\\\/www.link2fleet.com\\\/fr\\\/la-nouvelle-volvo-ex30-compacte-par-la-taille-grande-par-lexperience\\\/#primaryimage\"},\"thumbnailUrl\":\"https:\\\/\\\/static.link2fleet.com\\\/wp-content\\\/uploads\\\/2024\\\/03\\\/318884-volvo-ex30-cloud-blue-exterior-scaled-1.jpg\",\"datePublished\":\"2023-12-12T12:45:35+00:00\",\"breadcrumb\":{\"@id\":\"https:\\\/\\\/www.link2fleet.com\\\/fr\\\/la-nouvelle-volvo-ex30-compacte-par-la-taille-grande-par-lexperience\\\/#breadcrumb\"},\"inLanguage\":\"fr-FR\",\"potentialAction\":[{\"@type\":\"ReadAction\",\"target\":[\"https:\\\/\\\/www.link2fleet.com\\\/fr\\\/la-nouvelle-volvo-ex30-compacte-par-la-taille-grande-par-lexperience\\\/\"]}]},{\"@type\":\"ImageObject\",\"inLanguage\":\"fr-FR\",\"@id\":\"https:\\\/\\\/www.link2fleet.com\\\/fr\\\/la-nouvelle-volvo-ex30-compacte-par-la-taille-grande-par-lexperience\\\/#primaryimage\",\"url\":\"https:\\\/\\\/static.link2fleet.com\\\/wp-content\\\/uploads\\\/2024\\\/03\\\/318884-volvo-ex30-cloud-blue-exterior-scaled-1.jpg\",\"contentUrl\":\"https:\\\/\\\/static.link2fleet.com\\\/wp-content\\\/uploads\\\/2024\\\/03\\\/318884-volvo-ex30-cloud-blue-exterior-scaled-1.jpg\",\"width\":2560,\"height\":1707,\"caption\":\"||||||||||||||\"},{\"@type\":\"BreadcrumbList\",\"@id\":\"https:\\\/\\\/www.link2fleet.com\\\/fr\\\/la-nouvelle-volvo-ex30-compacte-par-la-taille-grande-par-lexperience\\\/#breadcrumb\",\"itemListElement\":[{\"@type\":\"ListItem\",\"position\":1,\"name\":\"Home\",\"item\":\"https:\\\/\\\/www.link2fleet.com\\\/fr\\\/\"},{\"@type\":\"ListItem\",\"position\":2,\"name\":\"La nouvelle Volvo EX30: compacte par la taille, grande par l\u2019exp\u00e9rience\"}]},{\"@type\":\"WebSite\",\"@id\":\"https:\\\/\\\/www.link2fleet.com\\\/fr\\\/#website\",\"url\":\"https:\\\/\\\/www.link2fleet.com\\\/fr\\\/\",\"name\":\"Link2fleet\",\"description\":\"\",\"publisher\":{\"@id\":\"https:\\\/\\\/www.link2fleet.com\\\/fr\\\/#organization\"},\"potentialAction\":[{\"@type\":\"SearchAction\",\"target\":{\"@type\":\"EntryPoint\",\"urlTemplate\":\"https:\\\/\\\/www.link2fleet.com\\\/fr\\\/?s={search_term_string}\"},\"query-input\":{\"@type\":\"PropertyValueSpecification\",\"valueRequired\":true,\"valueName\":\"search_term_string\"}}],\"inLanguage\":\"fr-FR\"},{\"@type\":\"Organization\",\"@id\":\"https:\\\/\\\/www.link2fleet.com\\\/fr\\\/#organization\",\"name\":\"Link2fleet\",\"url\":\"https:\\\/\\\/www.link2fleet.com\\\/fr\\\/\",\"logo\":{\"@type\":\"ImageObject\",\"inLanguage\":\"fr-FR\",\"@id\":\"https:\\\/\\\/www.link2fleet.com\\\/fr\\\/#\\\/schema\\\/logo\\\/image\\\/\",\"url\":\"https:\\\/\\\/static.link2fleet.com\\\/wp-content\\\/uploads\\\/2024\\\/03\\\/share-image.jpg\",\"contentUrl\":\"https:\\\/\\\/static.link2fleet.com\\\/wp-content\\\/uploads\\\/2024\\\/03\\\/share-image.jpg\",\"width\":1200,\"height\":630,\"caption\":\"Link2fleet\"},\"image\":{\"@id\":\"https:\\\/\\\/www.link2fleet.com\\\/fr\\\/#\\\/schema\\\/logo\\\/image\\\/\"},\"sameAs\":[\"https:\\\/\\\/www.linkedin.com\\\/company\\\/link2fleet-belgium\",\"https:\\\/\\\/www.youtube.com\\\/user\\\/MMMBMBE\"]},{\"@type\":\"Person\",\"@id\":\"https:\\\/\\\/www.link2fleet.com\\\/fr\\\/#\\\/schema\\\/person\\\/3f23fa5cf039e25761156c930f6bf38f\",\"name\":\"Jeroen Evens\",\"image\":{\"@type\":\"ImageObject\",\"inLanguage\":\"fr-FR\",\"@id\":\"https:\\\/\\\/secure.gravatar.com\\\/avatar\\\/6e059523a84fbec54e5ec5d0f3fb4322b7b077be22b323085f823d1d7f00f32e?s=96&d=mm&r=g\",\"url\":\"https:\\\/\\\/secure.gravatar.com\\\/avatar\\\/6e059523a84fbec54e5ec5d0f3fb4322b7b077be22b323085f823d1d7f00f32e?s=96&d=mm&r=g\",\"contentUrl\":\"https:\\\/\\\/secure.gravatar.com\\\/avatar\\\/6e059523a84fbec54e5ec5d0f3fb4322b7b077be22b323085f823d1d7f00f32e?s=96&d=mm&r=g\",\"caption\":\"Jeroen Evens\"},\"description\":\"Jeroen Evens is opgeleid in de Communicatiewetenschappen (KULeuven) en is een enthousiaste volger van alles wat met mobiliteit en bedrijfswagens te maken heeft. Als freelance journalist gespecialiseerd in de fleetsector houdt hij al drie jaar lang de vinger aan de pols van de laatste ontwikkelingen in onze sector.\"}]}<\/script>\n<!-- \/ Yoast SEO plugin. -->","yoast_head_json":{"title":"La nouvelle Volvo EX30: compacte par la taille, grande par l\u2019exp\u00e9rience - link2fleet","description":"\u00cates-vous pr\u00eat \u00e0 accueillir le futur de la mobilit\u00e9 ? D\u00e9couvrez la Volvo EX30, un SUV \u00e9lectrique impressionnant qui prouve que la grandeur n\u2019est pas\u2026","robots":{"index":"index","follow":"follow","max-snippet":"max-snippet:-1","max-image-preview":"max-image-preview:large","max-video-preview":"max-video-preview:-1"},"og_locale":"fr_FR","og_type":"article","og_title":"La nouvelle Volvo EX30: compacte par la taille, grande par l\u2019exp\u00e9rience - link2fleet","og_description":"\u00cates-vous pr\u00eat \u00e0 accueillir le futur de la mobilit\u00e9 ? D\u00e9couvrez la Volvo EX30, un SUV \u00e9lectrique impressionnant qui prouve que la grandeur n\u2019est pas\u2026","og_url":"https:\/\/www.link2fleet.com\/fr\/la-nouvelle-volvo-ex30-compacte-par-la-taille-grande-par-lexperience\/","og_site_name":"link2fleet","article_published_time":"2023-12-12T12:45:35+00:00","og_image":[{"width":2560,"height":1707,"url":"https:\/\/static.link2fleet.com\/wp-content\/uploads\/2024\/03\/318884-volvo-ex30-cloud-blue-exterior-scaled-1.jpg","type":"image\/jpeg"}],"author":"Jeroen Evens","twitter_card":"summary_large_image","twitter_description":"\u00cates-vous pr\u00eat \u00e0 accueillir le futur de la mobilit\u00e9 ? D\u00e9couvrez la Volvo EX30, un SUV \u00e9lectrique impressionnant qui prouve que la grandeur n\u2019est pas\u2026","twitter_misc":{"\u00c9crit par":"Jeroen Evens","Dur\u00e9e de lecture estim\u00e9e":"4 minutes"},"schema":{"@context":"https:\/\/schema.org","@graph":[{"@type":"Article","@id":"https:\/\/www.link2fleet.com\/fr\/la-nouvelle-volvo-ex30-compacte-par-la-taille-grande-par-lexperience\/#article","isPartOf":{"@id":"https:\/\/www.link2fleet.com\/fr\/la-nouvelle-volvo-ex30-compacte-par-la-taille-grande-par-lexperience\/"},"author":{"name":"Jeroen Evens","@id":"https:\/\/www.link2fleet.com\/fr\/#\/schema\/person\/3f23fa5cf039e25761156c930f6bf38f"},"headline":"La nouvelle Volvo EX30: compacte par la taille, grande par l\u2019exp\u00e9rience","datePublished":"2023-12-12T12:45:35+00:00","mainEntityOfPage":{"@id":"https:\/\/www.link2fleet.com\/fr\/la-nouvelle-volvo-ex30-compacte-par-la-taille-grande-par-lexperience\/"},"wordCount":835,"publisher":{"@id":"https:\/\/www.link2fleet.com\/fr\/#organization"},"image":{"@id":"https:\/\/www.link2fleet.com\/fr\/la-nouvelle-volvo-ex30-compacte-par-la-taille-grande-par-lexperience\/#primaryimage"},"thumbnailUrl":"https:\/\/static.link2fleet.com\/wp-content\/uploads\/2024\/03\/318884-volvo-ex30-cloud-blue-exterior-scaled-1.jpg","articleSection":["V\u00e9hicules"],"inLanguage":"fr-FR"},{"@type":"WebPage","@id":"https:\/\/www.link2fleet.com\/fr\/la-nouvelle-volvo-ex30-compacte-par-la-taille-grande-par-lexperience\/","url":"https:\/\/www.link2fleet.com\/fr\/la-nouvelle-volvo-ex30-compacte-par-la-taille-grande-par-lexperience\/","name":"La nouvelle Volvo EX30: compacte par la taille, grande par l\u2019exp\u00e9rience - link2fleet","isPartOf":{"@id":"https:\/\/www.link2fleet.com\/fr\/#website"},"primaryImageOfPage":{"@id":"https:\/\/www.link2fleet.com\/fr\/la-nouvelle-volvo-ex30-compacte-par-la-taille-grande-par-lexperience\/#primaryimage"},"image":{"@id":"https:\/\/www.link2fleet.com\/fr\/la-nouvelle-volvo-ex30-compacte-par-la-taille-grande-par-lexperience\/#primaryimage"},"thumbnailUrl":"https:\/\/static.link2fleet.com\/wp-content\/uploads\/2024\/03\/318884-volvo-ex30-cloud-blue-exterior-scaled-1.jpg","datePublished":"2023-12-12T12:45:35+00:00","breadcrumb":{"@id":"https:\/\/www.link2fleet.com\/fr\/la-nouvelle-volvo-ex30-compacte-par-la-taille-grande-par-lexperience\/#breadcrumb"},"inLanguage":"fr-FR","potentialAction":[{"@type":"ReadAction","target":["https:\/\/www.link2fleet.com\/fr\/la-nouvelle-volvo-ex30-compacte-par-la-taille-grande-par-lexperience\/"]}]},{"@type":"ImageObject","inLanguage":"fr-FR","@id":"https:\/\/www.link2fleet.com\/fr\/la-nouvelle-volvo-ex30-compacte-par-la-taille-grande-par-lexperience\/#primaryimage","url":"https:\/\/static.link2fleet.com\/wp-content\/uploads\/2024\/03\/318884-volvo-ex30-cloud-blue-exterior-scaled-1.jpg","contentUrl":"https:\/\/static.link2fleet.com\/wp-content\/uploads\/2024\/03\/318884-volvo-ex30-cloud-blue-exterior-scaled-1.jpg","width":2560,"height":1707,"caption":"||||||||||||||"},{"@type":"BreadcrumbList","@id":"https:\/\/www.link2fleet.com\/fr\/la-nouvelle-volvo-ex30-compacte-par-la-taille-grande-par-lexperience\/#breadcrumb","itemListElement":[{"@type":"ListItem","position":1,"name":"Home","item":"https:\/\/www.link2fleet.com\/fr\/"},{"@type":"ListItem","position":2,"name":"La nouvelle Volvo EX30: compacte par la taille, grande par l\u2019exp\u00e9rience"}]},{"@type":"WebSite","@id":"https:\/\/www.link2fleet.com\/fr\/#website","url":"https:\/\/www.link2fleet.com\/fr\/","name":"Link2fleet","description":"","publisher":{"@id":"https:\/\/www.link2fleet.com\/fr\/#organization"},"potentialAction":[{"@type":"SearchAction","target":{"@type":"EntryPoint","urlTemplate":"https:\/\/www.link2fleet.com\/fr\/?s={search_term_string}"},"query-input":{"@type":"PropertyValueSpecification","valueRequired":true,"valueName":"search_term_string"}}],"inLanguage":"fr-FR"},{"@type":"Organization","@id":"https:\/\/www.link2fleet.com\/fr\/#organization","name":"Link2fleet","url":"https:\/\/www.link2fleet.com\/fr\/","logo":{"@type":"ImageObject","inLanguage":"fr-FR","@id":"https:\/\/www.link2fleet.com\/fr\/#\/schema\/logo\/image\/","url":"https:\/\/static.link2fleet.com\/wp-content\/uploads\/2024\/03\/share-image.jpg","contentUrl":"https:\/\/static.link2fleet.com\/wp-content\/uploads\/2024\/03\/share-image.jpg","width":1200,"height":630,"caption":"Link2fleet"},"image":{"@id":"https:\/\/www.link2fleet.com\/fr\/#\/schema\/logo\/image\/"},"sameAs":["https:\/\/www.linkedin.com\/company\/link2fleet-belgium","https:\/\/www.youtube.com\/user\/MMMBMBE"]},{"@type":"Person","@id":"https:\/\/www.link2fleet.com\/fr\/#\/schema\/person\/3f23fa5cf039e25761156c930f6bf38f","name":"Jeroen Evens","image":{"@type":"ImageObject","inLanguage":"fr-FR","@id":"https:\/\/secure.gravatar.com\/avatar\/6e059523a84fbec54e5ec5d0f3fb4322b7b077be22b323085f823d1d7f00f32e?s=96&d=mm&r=g","url":"https:\/\/secure.gravatar.com\/avatar\/6e059523a84fbec54e5ec5d0f3fb4322b7b077be22b323085f823d1d7f00f32e?s=96&d=mm&r=g","contentUrl":"https:\/\/secure.gravatar.com\/avatar\/6e059523a84fbec54e5ec5d0f3fb4322b7b077be22b323085f823d1d7f00f32e?s=96&d=mm&r=g","caption":"Jeroen Evens"},"description":"Jeroen Evens is opgeleid in de Communicatiewetenschappen (KULeuven) en is een enthousiaste volger van alles wat met mobiliteit en bedrijfswagens te maken heeft. Als freelance journalist gespecialiseerd in de fleetsector houdt hij al drie jaar lang de vinger aan de pols van de laatste ontwikkelingen in onze sector."}]}},"_links":{"self":[{"href":"https:\/\/www.link2fleet.com\/fr\/wp-json\/wp\/v2\/posts\/11264","targetHints":{"allow":["GET"]}}],"collection":[{"href":"https:\/\/www.link2fleet.com\/fr\/wp-json\/wp\/v2\/posts"}],"about":[{"href":"https:\/\/www.link2fleet.com\/fr\/wp-json\/wp\/v2\/types\/post"}],"author":[{"embeddable":true,"href":"https:\/\/www.link2fleet.com\/fr\/wp-json\/wp\/v2\/users\/43"}],"replies":[{"embeddable":true,"href":"https:\/\/www.link2fleet.com\/fr\/wp-json\/wp\/v2\/comments?post=11264"}],"version-history":[{"count":0,"href":"https:\/\/www.link2fleet.com\/fr\/wp-json\/wp\/v2\/posts\/11264\/revisions"}],"wp:featuredmedia":[{"embeddable":true,"href":"https:\/\/www.link2fleet.com\/fr\/wp-json\/wp\/v2\/media\/11265"}],"wp:attachment":[{"href":"https:\/\/www.link2fleet.com\/fr\/wp-json\/wp\/v2\/media?parent=11264"}],"wp:term":[{"taxonomy":"category","embeddable":true,"href":"https:\/\/www.link2fleet.com\/fr\/wp-json\/wp\/v2\/categories?post=11264"},{"taxonomy":"post_tag","embeddable":true,"href":"https:\/\/www.link2fleet.com\/fr\/wp-json\/wp\/v2\/tags?post=11264"}],"curies":[{"name":"wp","href":"https:\/\/api.w.org\/{rel}","templated":true}]}}