{"id":11310,"date":"2023-12-14T13:38:07","date_gmt":"2023-12-14T12:38:07","guid":{"rendered":"https:\/\/www.link2fleet.com\/shell-carrefour-et-redevco-installeront-pres-de-1-000-stations-de-recharge-sur-les-parkings-des-supermarches-dici-a-la-fin-2024\/"},"modified":"2023-12-14T13:38:07","modified_gmt":"2023-12-14T12:38:07","slug":"shell-carrefour-et-redevco-installeront-pres-de-1-000-stations-de-recharge-sur-les-parkings-des-supermarches-dici-a-la-fin-2024","status":"publish","type":"post","link":"https:\/\/www.link2fleet.com\/fr\/shell-carrefour-et-redevco-installeront-pres-de-1-000-stations-de-recharge-sur-les-parkings-des-supermarches-dici-a-la-fin-2024\/","title":{"rendered":"Shell, Carrefour et Redevco installeront pr\u00e8s de 1 000 stations de recharge sur les parkings des supermarch\u00e9s d&rsquo;ici \u00e0 la fin 2024"},"content":{"rendered":"<table class=\"text_block block-4\" role=\"presentation\" border=\"0\" width=\"100%\" cellspacing=\"0\" cellpadding=\"10\">\n<tbody>\n<tr>\n<td class=\"pad\">\n<div>\n<div class=\"\">\n<p><strong>Shell facilite et rationalise la recharge pour les conducteurs de voitures \u00e9lectriques\u00a0<\/strong><br \/>\nEn juin dernier, Shell a annonc\u00e9 l&rsquo;expansion de son r\u00e9seau de stations de recharge gr\u00e2ce \u00e0 un partenariat avec Carrefour et Redevco, l&rsquo;un des principaux partenaires immobiliers du supermarch\u00e9. L&rsquo;ambition de Shell est de contribuer \u00e0 une forme de mobilit\u00e9 durable en rendant possible une recharge intelligente et facile pour tout le monde, n&rsquo;importe o\u00f9 : \u00e0 la maison, au travail, sur la route ou \u00e0 destination, par exemple lorsque l&rsquo;on fait ses courses.<\/p>\n<p>La mise en place des nouvelles bornes de recharge Shell Recharge a d\u00e9marr\u00e9 en juillet 2023. \u00c0 ce jour, 100 p\u00f4les sont d\u00e9j\u00e0 \u00e0 disposition dans les parkings de Borsbeek, Ninove, Grimbergen, Coxyde, Kuringen, Hasselt, et Edegem Molenveld. En plus de l\u2019installation des bornes de recharge, Shell propose \u00e9galement une carte de recharge, la Shell EV Card, et\/ou l&rsquo;application Shell Recharge, gr\u00e2ce auxquelles les utilisateurs ont acc\u00e8s \u00e0 plus de 35 000 points de charge en Belgique et \u00e0 plus de 500 000 points de charge en Europe ; le plus grand r\u00e9seau de stations de recharge du march\u00e9.<\/p>\n<p>&nbsp;<\/p>\n<p><strong>Des emplacements pr\u00e9vus pour la vie de tous les jours\u00a0<\/strong><br \/>\nLes bornes de recharge ont une capacit\u00e9 de charge de 22 kW (chargeurs ordinaires) \u00e0 150 kW (chargeurs rapides), ce qui permet de recharger un v\u00e9hicule \u00e9lectrique en quelques minutes. En 25 minutes et avec un chargeur rapide, la batterie se recharge en moyenne de 20 \u00e0 80 %. Cela correspond au temps pass\u00e9 \u00e0 faire ses courses, ce qui en fait une session de charge id\u00e9ale. Cette collaboration est en partie rendue possible par la soci\u00e9t\u00e9 immobili\u00e8re Redevco, qui g\u00e8re les parcs commerciaux o\u00f9 sont plac\u00e9es les bornes de recharge.<\/p>\n<p><strong>Christophe Vaessen, pr\u00e9sident et administrateur d\u00e9l\u00e9gu\u00e9 de Belgian Shell<\/strong> lors de l\u2019inauguration : \u00ab <em>La mise en service des premi\u00e8res stations de recharge du partenariat entre Shell et Carrefour est une \u00e9tape importante pour notre objectif de r\u00e9duction des \u00e9missions locales de CO2. En \u00e9tendant notre r\u00e9seau de stations de recharge, nous pouvons rendre la conduite \u00e9lectrique plus attrayante. Les collaborations avec des entreprises comme Carrefour sont essentielles pour acc\u00e9l\u00e9rer la transition \u00e9nerg\u00e9tique dans notre pays.<\/em> \u00bb<\/p>\n<\/div>\n<\/div>\n<\/td>\n<\/tr>\n<\/tbody>\n<\/table>\n<table class=\"image_block block-5\" role=\"presentation\" border=\"0\" width=\"100%\" cellspacing=\"0\" cellpadding=\"0\">\n<tbody>\n<tr>\n<td class=\"pad\">\n<div class=\"alignment\" align=\"center\">\n<div class=\"fullWidth\"><a tabindex=\"-1\" title=\"https:\/\/manage.pressmailings.com\/click\/?id=60009595&amp;url=603251&amp;signature=NkDgSjw8J78Dd9MJsjooOjII-Ek\" href=\"https:\/\/manage.pressmailings.com\/click\/?id=60009595&amp;url=603251&amp;signature=NkDgSjw8J78Dd9MJsjooOjII-Ek\" target=\"_blank\" rel=\"noopener\"><img decoding=\"async\" tabindex=\"0\" src=\"https:\/\/d15k2d11r6t6rl.cloudfront.net\/public\/users\/Integrators\/a0a42ab5-3cb9-4912-84b7-3c6e47330d5c\/smart-pr-1045\/2023_06_14-Shell-14.jpg\" alt=\"Image\" width=\"575\" \/><\/a><\/div>\n<\/div>\n<\/td>\n<\/tr>\n<\/tbody>\n<\/table>\n<table class=\"text_block block-6\" role=\"presentation\" border=\"0\" width=\"100%\" cellspacing=\"0\" cellpadding=\"10\">\n<tbody>\n<tr>\n<td class=\"pad\">\n<div>\n<div class=\"\">\n<p><strong>Carrefour aide ses clients \u00e0 faire des choix plus durables<\/strong><br \/>\nAvec ses clients, ses fournisseurs et ses partenaires, Carrefour travaille sur des solutions pour s&rsquo;adapter au changement climatique et favoriser la transition vers une \u00e9conomie \u00e0 faible \u00e9mission de carbone. L&rsquo;enseigne vise ainsi \u00e0 am\u00e9liorer son efficacit\u00e9 \u00e9nerg\u00e9tique et \u00e0 r\u00e9duire les \u00e9missions de CO2 li\u00e9es au transport. \u00ab <em>Pour ce faire, nous examinons en premier lieu nos propres activit\u00e9s et celles de nos fournisseurs. Dans la mesure du possible, nous impliquons \u00e9galement nos clients<\/em> \u00bb, a d\u00e9clar\u00e9 <strong>Geoffroy Gersdorff, CEO de Carrefour Belgique<\/strong>. \u00ab <em>Nous voulons leur donner la possibilit\u00e9 de faire des choix plus durables, dans les magasins et ailleurs. Gr\u00e2ce aux bornes de recharge install\u00e9es dans nos parkings, ils peuvent recharger leur voiture pendant qu&rsquo;ils font leurs courses.<\/em> \u00bb<\/p>\n<p><strong>Filip de Bois, Portfolio Director de Redevco Belgium<\/strong> : \u00ab <em>En tant que soci\u00e9t\u00e9 immobili\u00e8re, nous voulons rendre les lieux o\u00f9 nous op\u00e9rons plus durables et plus agr\u00e9ables \u00e0 vivre pour tout le monde. Encourager la mobilit\u00e9 verte en fait partie. Gr\u00e2ce \u00e0 la collaboration avec Shell, il y aura des bornes de recharge dans les 55 parcs commerciaux que nous g\u00e9rons en Belgique. C&rsquo;est une bonne chose pour tous nos locataires car cela rend les visites de shopping encore plus attrayantes pour les clients. De plus, cette initiative s&rsquo;inscrit dans le cadre de notre \u00ab\u00a0Mission 2040\u00a0\u00bb qui vise \u00e0 rendre l&rsquo;ensemble de notre portefeuille neutre en CO2 d&rsquo;ici \u00e0 2040.<\/em>\u00bb<\/p>\n<p>Belgian Shell, Carrefour Belgium et Redevco comptent continuer le d\u00e9veloppement du r\u00e9seau de bornes de recharge Shell Recharge en Belgique. Huit p\u00f4les suppl\u00e9mentaires devraient \u00eatre install\u00e9s ce mois-ci \u00e0 Zemst. Les partenaires pr\u00e9voient \u00e9galement le d\u00e9veloppement de leur r\u00e9seau de bornes pour v\u00e9hicules \u00e9lectriques dans la r\u00e9gion de Bruxelles et en Wallonie d\u00e8s le premier trimestre 2024.<\/p>\n<p>L\u2019ambition de Shell est de r\u00e9pondre \u00e0 tous les besoins en termes de mobilit\u00e9 \u00e9lectrique. \u00c0 c\u00f4t\u00e9 de ce r\u00e9seau de recharge sur les parkings de complexes commerciaux, Shell investit \u00e9galement dans des bornes de recharge dans ses stations-service, ou encore propose des bornes de recharge pour les entreprises et le domicile de leurs employ\u00e9s. De plus, la soci\u00e9t\u00e9 est en train de mettre en place en Belgique une station 100 % \u00e9lectrique situ\u00e9e en plein centre des institutions europ\u00e9ennes. La fin des travaux est pr\u00e9vue pour l\u2019\u00e9t\u00e9 2024.<\/p>\n<\/div>\n<\/div>\n<\/td>\n<\/tr>\n<\/tbody>\n<\/table>\n","protected":false},"excerpt":{"rendered":"<p>Shell facilite et rationalise la recharge pour les conducteurs de voitures \u00e9lectriques\u00a0 En juin dernier, Shell a annonc\u00e9 l&rsquo;expansion de son r\u00e9seau de stations de recharge gr\u00e2ce \u00e0 un partenariat avec Carrefour et Redevco, l&rsquo;un des principaux partenaires immobiliers du supermarch\u00e9. L&rsquo;ambition de Shell est de contribuer \u00e0 une forme de mobilit\u00e9 durable en rendant [&hellip;]<\/p>\n","protected":false},"author":4,"featured_media":11311,"comment_status":"closed","ping_status":"closed","sticky":false,"template":"","format":"standard","meta":{"_acf_changed":false,"footnotes":""},"categories":[81,91],"tags":[],"class_list":["post-11310","post","type-post","status-publish","format-standard","has-post-thumbnail","hentry","category-gestion-de-carburant-et-energie","category-expertise-et-management"],"acf":[],"yoast_head":"<!-- This site is optimized with the Yoast SEO plugin v27.3 - https:\/\/yoast.com\/product\/yoast-seo-wordpress\/ -->\n<title>Shell, Carrefour et Redevco installeront pr\u00e8s de 1 000 stations de recharge sur les parkings des supermarch\u00e9s d&#039;ici \u00e0 la fin 2024 - link2fleet<\/title>\n<meta name=\"description\" content=\"Belgian Shell SA (Shell), Carrefour Belgium et la soci\u00e9t\u00e9 immobili\u00e8re Redevco ont d\u00e9but\u00e9 la mise en place d\u2019un r\u00e9seau de bornes de recharge pour les\u2026\" \/>\n<meta name=\"robots\" content=\"index, follow, max-snippet:-1, max-image-preview:large, max-video-preview:-1\" \/>\n<meta property=\"og:locale\" content=\"fr_FR\" \/>\n<meta property=\"og:type\" content=\"article\" \/>\n<meta property=\"og:title\" content=\"Shell, Carrefour et Redevco installeront pr\u00e8s de 1 000 stations de recharge sur les parkings des supermarch\u00e9s d&#039;ici \u00e0 la fin 2024 - link2fleet\" \/>\n<meta property=\"og:description\" content=\"Belgian Shell SA (Shell), Carrefour Belgium et la soci\u00e9t\u00e9 immobili\u00e8re Redevco ont d\u00e9but\u00e9 la mise en place d\u2019un r\u00e9seau de bornes de recharge pour les\u2026\" \/>\n<meta property=\"og:url\" content=\"https:\/\/www.link2fleet.com\/fr\/shell-carrefour-et-redevco-installeront-pres-de-1-000-stations-de-recharge-sur-les-parkings-des-supermarches-dici-a-la-fin-2024\/\" \/>\n<meta property=\"og:site_name\" content=\"link2fleet\" \/>\n<meta property=\"article:published_time\" content=\"2023-12-14T12:38:07+00:00\" \/>\n<meta property=\"og:image\" content=\"https:\/\/static.link2fleet.com\/wp-content\/uploads\/2024\/03\/shellcarrefour0102.jpg\" \/>\n\t<meta property=\"og:image:width\" content=\"1920\" \/>\n\t<meta property=\"og:image:height\" content=\"1280\" \/>\n\t<meta property=\"og:image:type\" content=\"image\/jpeg\" \/>\n<meta name=\"author\" content=\"Damien Malvetti\" \/>\n<meta name=\"twitter:card\" content=\"summary_large_image\" \/>\n<meta name=\"twitter:description\" content=\"Belgian Shell SA (Shell), Carrefour Belgium et la soci\u00e9t\u00e9 immobili\u00e8re Redevco ont d\u00e9but\u00e9 la mise en place d\u2019un r\u00e9seau de bornes de recharge pour les\u2026\" \/>\n<meta name=\"twitter:label1\" content=\"\u00c9crit par\" \/>\n\t<meta name=\"twitter:data1\" content=\"Damien Malvetti\" \/>\n\t<meta name=\"twitter:label2\" content=\"Dur\u00e9e de lecture estim\u00e9e\" \/>\n\t<meta name=\"twitter:data2\" content=\"4 minutes\" \/>\n<script type=\"application\/ld+json\" class=\"yoast-schema-graph\">{\"@context\":\"https:\\\/\\\/schema.org\",\"@graph\":[{\"@type\":\"Article\",\"@id\":\"https:\\\/\\\/www.link2fleet.com\\\/fr\\\/shell-carrefour-et-redevco-installeront-pres-de-1-000-stations-de-recharge-sur-les-parkings-des-supermarches-dici-a-la-fin-2024\\\/#article\",\"isPartOf\":{\"@id\":\"https:\\\/\\\/www.link2fleet.com\\\/fr\\\/shell-carrefour-et-redevco-installeront-pres-de-1-000-stations-de-recharge-sur-les-parkings-des-supermarches-dici-a-la-fin-2024\\\/\"},\"author\":{\"name\":\"Damien Malvetti\",\"@id\":\"https:\\\/\\\/www.link2fleet.com\\\/fr\\\/#\\\/schema\\\/person\\\/027cd46113c78036b3809c9a054049da\"},\"headline\":\"Shell, Carrefour et Redevco installeront pr\u00e8s de 1 000 stations de recharge sur les parkings des supermarch\u00e9s d&rsquo;ici \u00e0 la fin 2024\",\"datePublished\":\"2023-12-14T12:38:07+00:00\",\"mainEntityOfPage\":{\"@id\":\"https:\\\/\\\/www.link2fleet.com\\\/fr\\\/shell-carrefour-et-redevco-installeront-pres-de-1-000-stations-de-recharge-sur-les-parkings-des-supermarches-dici-a-la-fin-2024\\\/\"},\"wordCount\":797,\"publisher\":{\"@id\":\"https:\\\/\\\/www.link2fleet.com\\\/fr\\\/#organization\"},\"image\":{\"@id\":\"https:\\\/\\\/www.link2fleet.com\\\/fr\\\/shell-carrefour-et-redevco-installeront-pres-de-1-000-stations-de-recharge-sur-les-parkings-des-supermarches-dici-a-la-fin-2024\\\/#primaryimage\"},\"thumbnailUrl\":\"https:\\\/\\\/static.link2fleet.com\\\/wp-content\\\/uploads\\\/2024\\\/03\\\/shellcarrefour0102.jpg\",\"articleSection\":[\"Gestion carburant et de l'\u00e9nergie\",\"Gestion de flotte\"],\"inLanguage\":\"fr-FR\"},{\"@type\":\"WebPage\",\"@id\":\"https:\\\/\\\/www.link2fleet.com\\\/fr\\\/shell-carrefour-et-redevco-installeront-pres-de-1-000-stations-de-recharge-sur-les-parkings-des-supermarches-dici-a-la-fin-2024\\\/\",\"url\":\"https:\\\/\\\/www.link2fleet.com\\\/fr\\\/shell-carrefour-et-redevco-installeront-pres-de-1-000-stations-de-recharge-sur-les-parkings-des-supermarches-dici-a-la-fin-2024\\\/\",\"name\":\"Shell, Carrefour et Redevco installeront pr\u00e8s de 1 000 stations de recharge sur les parkings des supermarch\u00e9s d'ici \u00e0 la fin 2024 - link2fleet\",\"isPartOf\":{\"@id\":\"https:\\\/\\\/www.link2fleet.com\\\/fr\\\/#website\"},\"primaryImageOfPage\":{\"@id\":\"https:\\\/\\\/www.link2fleet.com\\\/fr\\\/shell-carrefour-et-redevco-installeront-pres-de-1-000-stations-de-recharge-sur-les-parkings-des-supermarches-dici-a-la-fin-2024\\\/#primaryimage\"},\"image\":{\"@id\":\"https:\\\/\\\/www.link2fleet.com\\\/fr\\\/shell-carrefour-et-redevco-installeront-pres-de-1-000-stations-de-recharge-sur-les-parkings-des-supermarches-dici-a-la-fin-2024\\\/#primaryimage\"},\"thumbnailUrl\":\"https:\\\/\\\/static.link2fleet.com\\\/wp-content\\\/uploads\\\/2024\\\/03\\\/shellcarrefour0102.jpg\",\"datePublished\":\"2023-12-14T12:38:07+00:00\",\"breadcrumb\":{\"@id\":\"https:\\\/\\\/www.link2fleet.com\\\/fr\\\/shell-carrefour-et-redevco-installeront-pres-de-1-000-stations-de-recharge-sur-les-parkings-des-supermarches-dici-a-la-fin-2024\\\/#breadcrumb\"},\"inLanguage\":\"fr-FR\",\"potentialAction\":[{\"@type\":\"ReadAction\",\"target\":[\"https:\\\/\\\/www.link2fleet.com\\\/fr\\\/shell-carrefour-et-redevco-installeront-pres-de-1-000-stations-de-recharge-sur-les-parkings-des-supermarches-dici-a-la-fin-2024\\\/\"]}]},{\"@type\":\"ImageObject\",\"inLanguage\":\"fr-FR\",\"@id\":\"https:\\\/\\\/www.link2fleet.com\\\/fr\\\/shell-carrefour-et-redevco-installeront-pres-de-1-000-stations-de-recharge-sur-les-parkings-des-supermarches-dici-a-la-fin-2024\\\/#primaryimage\",\"url\":\"https:\\\/\\\/static.link2fleet.com\\\/wp-content\\\/uploads\\\/2024\\\/03\\\/shellcarrefour0102.jpg\",\"contentUrl\":\"https:\\\/\\\/static.link2fleet.com\\\/wp-content\\\/uploads\\\/2024\\\/03\\\/shellcarrefour0102.jpg\",\"width\":1920,\"height\":1280},{\"@type\":\"BreadcrumbList\",\"@id\":\"https:\\\/\\\/www.link2fleet.com\\\/fr\\\/shell-carrefour-et-redevco-installeront-pres-de-1-000-stations-de-recharge-sur-les-parkings-des-supermarches-dici-a-la-fin-2024\\\/#breadcrumb\",\"itemListElement\":[{\"@type\":\"ListItem\",\"position\":1,\"name\":\"Home\",\"item\":\"https:\\\/\\\/www.link2fleet.com\\\/fr\\\/\"},{\"@type\":\"ListItem\",\"position\":2,\"name\":\"Shell, Carrefour et Redevco installeront pr\u00e8s de 1 000 stations de recharge sur les parkings des supermarch\u00e9s d&#8217;ici \u00e0 la fin 2024\"}]},{\"@type\":\"WebSite\",\"@id\":\"https:\\\/\\\/www.link2fleet.com\\\/fr\\\/#website\",\"url\":\"https:\\\/\\\/www.link2fleet.com\\\/fr\\\/\",\"name\":\"Link2fleet\",\"description\":\"\",\"publisher\":{\"@id\":\"https:\\\/\\\/www.link2fleet.com\\\/fr\\\/#organization\"},\"potentialAction\":[{\"@type\":\"SearchAction\",\"target\":{\"@type\":\"EntryPoint\",\"urlTemplate\":\"https:\\\/\\\/www.link2fleet.com\\\/fr\\\/?s={search_term_string}\"},\"query-input\":{\"@type\":\"PropertyValueSpecification\",\"valueRequired\":true,\"valueName\":\"search_term_string\"}}],\"inLanguage\":\"fr-FR\"},{\"@type\":\"Organization\",\"@id\":\"https:\\\/\\\/www.link2fleet.com\\\/fr\\\/#organization\",\"name\":\"Link2fleet\",\"url\":\"https:\\\/\\\/www.link2fleet.com\\\/fr\\\/\",\"logo\":{\"@type\":\"ImageObject\",\"inLanguage\":\"fr-FR\",\"@id\":\"https:\\\/\\\/www.link2fleet.com\\\/fr\\\/#\\\/schema\\\/logo\\\/image\\\/\",\"url\":\"https:\\\/\\\/static.link2fleet.com\\\/wp-content\\\/uploads\\\/2024\\\/03\\\/share-image.jpg\",\"contentUrl\":\"https:\\\/\\\/static.link2fleet.com\\\/wp-content\\\/uploads\\\/2024\\\/03\\\/share-image.jpg\",\"width\":1200,\"height\":630,\"caption\":\"Link2fleet\"},\"image\":{\"@id\":\"https:\\\/\\\/www.link2fleet.com\\\/fr\\\/#\\\/schema\\\/logo\\\/image\\\/\"},\"sameAs\":[\"https:\\\/\\\/www.linkedin.com\\\/company\\\/link2fleet-belgium\",\"https:\\\/\\\/www.youtube.com\\\/user\\\/MMMBMBE\"]},{\"@type\":\"Person\",\"@id\":\"https:\\\/\\\/www.link2fleet.com\\\/fr\\\/#\\\/schema\\\/person\\\/027cd46113c78036b3809c9a054049da\",\"name\":\"Damien Malvetti\",\"image\":{\"@type\":\"ImageObject\",\"inLanguage\":\"fr-FR\",\"@id\":\"https:\\\/\\\/secure.gravatar.com\\\/avatar\\\/dd8cc03b49466c735f753ac37f8caa371af16dfed347456ed61f02883255eebb?s=96&d=mm&r=g\",\"url\":\"https:\\\/\\\/secure.gravatar.com\\\/avatar\\\/dd8cc03b49466c735f753ac37f8caa371af16dfed347456ed61f02883255eebb?s=96&d=mm&r=g\",\"contentUrl\":\"https:\\\/\\\/secure.gravatar.com\\\/avatar\\\/dd8cc03b49466c735f753ac37f8caa371af16dfed347456ed61f02883255eebb?s=96&d=mm&r=g\",\"caption\":\"Damien Malvetti\"},\"description\":\"Damien Malvetti is opgeleid als journalist en gepassioneerd door wagens, technologie en mobiliteit. Hij is verantwoordelijk voor de redactionele inhoud van link2fleet en beschikt over een uitgebreide kennis van de fleet-sector en elektrische mobiliteit.\",\"sameAs\":[\"https:\\\/\\\/www.linkedin.com\\\/in\\\/damien-malvetti-56601142\\\/\"]}]}<\/script>\n<!-- \/ Yoast SEO plugin. -->","yoast_head_json":{"title":"Shell, Carrefour et Redevco installeront pr\u00e8s de 1 000 stations de recharge sur les parkings des supermarch\u00e9s d'ici \u00e0 la fin 2024 - link2fleet","description":"Belgian Shell SA (Shell), Carrefour Belgium et la soci\u00e9t\u00e9 immobili\u00e8re Redevco ont d\u00e9but\u00e9 la mise en place d\u2019un r\u00e9seau de bornes de recharge pour les\u2026","robots":{"index":"index","follow":"follow","max-snippet":"max-snippet:-1","max-image-preview":"max-image-preview:large","max-video-preview":"max-video-preview:-1"},"og_locale":"fr_FR","og_type":"article","og_title":"Shell, Carrefour et Redevco installeront pr\u00e8s de 1 000 stations de recharge sur les parkings des supermarch\u00e9s d'ici \u00e0 la fin 2024 - link2fleet","og_description":"Belgian Shell SA (Shell), Carrefour Belgium et la soci\u00e9t\u00e9 immobili\u00e8re Redevco ont d\u00e9but\u00e9 la mise en place d\u2019un r\u00e9seau de bornes de recharge pour les\u2026","og_url":"https:\/\/www.link2fleet.com\/fr\/shell-carrefour-et-redevco-installeront-pres-de-1-000-stations-de-recharge-sur-les-parkings-des-supermarches-dici-a-la-fin-2024\/","og_site_name":"link2fleet","article_published_time":"2023-12-14T12:38:07+00:00","og_image":[{"width":1920,"height":1280,"url":"https:\/\/static.link2fleet.com\/wp-content\/uploads\/2024\/03\/shellcarrefour0102.jpg","type":"image\/jpeg"}],"author":"Damien Malvetti","twitter_card":"summary_large_image","twitter_description":"Belgian Shell SA (Shell), Carrefour Belgium et la soci\u00e9t\u00e9 immobili\u00e8re Redevco ont d\u00e9but\u00e9 la mise en place d\u2019un r\u00e9seau de bornes de recharge pour les\u2026","twitter_misc":{"\u00c9crit par":"Damien Malvetti","Dur\u00e9e de lecture estim\u00e9e":"4 minutes"},"schema":{"@context":"https:\/\/schema.org","@graph":[{"@type":"Article","@id":"https:\/\/www.link2fleet.com\/fr\/shell-carrefour-et-redevco-installeront-pres-de-1-000-stations-de-recharge-sur-les-parkings-des-supermarches-dici-a-la-fin-2024\/#article","isPartOf":{"@id":"https:\/\/www.link2fleet.com\/fr\/shell-carrefour-et-redevco-installeront-pres-de-1-000-stations-de-recharge-sur-les-parkings-des-supermarches-dici-a-la-fin-2024\/"},"author":{"name":"Damien Malvetti","@id":"https:\/\/www.link2fleet.com\/fr\/#\/schema\/person\/027cd46113c78036b3809c9a054049da"},"headline":"Shell, Carrefour et Redevco installeront pr\u00e8s de 1 000 stations de recharge sur les parkings des supermarch\u00e9s d&rsquo;ici \u00e0 la fin 2024","datePublished":"2023-12-14T12:38:07+00:00","mainEntityOfPage":{"@id":"https:\/\/www.link2fleet.com\/fr\/shell-carrefour-et-redevco-installeront-pres-de-1-000-stations-de-recharge-sur-les-parkings-des-supermarches-dici-a-la-fin-2024\/"},"wordCount":797,"publisher":{"@id":"https:\/\/www.link2fleet.com\/fr\/#organization"},"image":{"@id":"https:\/\/www.link2fleet.com\/fr\/shell-carrefour-et-redevco-installeront-pres-de-1-000-stations-de-recharge-sur-les-parkings-des-supermarches-dici-a-la-fin-2024\/#primaryimage"},"thumbnailUrl":"https:\/\/static.link2fleet.com\/wp-content\/uploads\/2024\/03\/shellcarrefour0102.jpg","articleSection":["Gestion carburant et de l'\u00e9nergie","Gestion de flotte"],"inLanguage":"fr-FR"},{"@type":"WebPage","@id":"https:\/\/www.link2fleet.com\/fr\/shell-carrefour-et-redevco-installeront-pres-de-1-000-stations-de-recharge-sur-les-parkings-des-supermarches-dici-a-la-fin-2024\/","url":"https:\/\/www.link2fleet.com\/fr\/shell-carrefour-et-redevco-installeront-pres-de-1-000-stations-de-recharge-sur-les-parkings-des-supermarches-dici-a-la-fin-2024\/","name":"Shell, Carrefour et Redevco installeront pr\u00e8s de 1 000 stations de recharge sur les parkings des supermarch\u00e9s d'ici \u00e0 la fin 2024 - link2fleet","isPartOf":{"@id":"https:\/\/www.link2fleet.com\/fr\/#website"},"primaryImageOfPage":{"@id":"https:\/\/www.link2fleet.com\/fr\/shell-carrefour-et-redevco-installeront-pres-de-1-000-stations-de-recharge-sur-les-parkings-des-supermarches-dici-a-la-fin-2024\/#primaryimage"},"image":{"@id":"https:\/\/www.link2fleet.com\/fr\/shell-carrefour-et-redevco-installeront-pres-de-1-000-stations-de-recharge-sur-les-parkings-des-supermarches-dici-a-la-fin-2024\/#primaryimage"},"thumbnailUrl":"https:\/\/static.link2fleet.com\/wp-content\/uploads\/2024\/03\/shellcarrefour0102.jpg","datePublished":"2023-12-14T12:38:07+00:00","breadcrumb":{"@id":"https:\/\/www.link2fleet.com\/fr\/shell-carrefour-et-redevco-installeront-pres-de-1-000-stations-de-recharge-sur-les-parkings-des-supermarches-dici-a-la-fin-2024\/#breadcrumb"},"inLanguage":"fr-FR","potentialAction":[{"@type":"ReadAction","target":["https:\/\/www.link2fleet.com\/fr\/shell-carrefour-et-redevco-installeront-pres-de-1-000-stations-de-recharge-sur-les-parkings-des-supermarches-dici-a-la-fin-2024\/"]}]},{"@type":"ImageObject","inLanguage":"fr-FR","@id":"https:\/\/www.link2fleet.com\/fr\/shell-carrefour-et-redevco-installeront-pres-de-1-000-stations-de-recharge-sur-les-parkings-des-supermarches-dici-a-la-fin-2024\/#primaryimage","url":"https:\/\/static.link2fleet.com\/wp-content\/uploads\/2024\/03\/shellcarrefour0102.jpg","contentUrl":"https:\/\/static.link2fleet.com\/wp-content\/uploads\/2024\/03\/shellcarrefour0102.jpg","width":1920,"height":1280},{"@type":"BreadcrumbList","@id":"https:\/\/www.link2fleet.com\/fr\/shell-carrefour-et-redevco-installeront-pres-de-1-000-stations-de-recharge-sur-les-parkings-des-supermarches-dici-a-la-fin-2024\/#breadcrumb","itemListElement":[{"@type":"ListItem","position":1,"name":"Home","item":"https:\/\/www.link2fleet.com\/fr\/"},{"@type":"ListItem","position":2,"name":"Shell, Carrefour et Redevco installeront pr\u00e8s de 1 000 stations de recharge sur les parkings des supermarch\u00e9s d&#8217;ici \u00e0 la fin 2024"}]},{"@type":"WebSite","@id":"https:\/\/www.link2fleet.com\/fr\/#website","url":"https:\/\/www.link2fleet.com\/fr\/","name":"Link2fleet","description":"","publisher":{"@id":"https:\/\/www.link2fleet.com\/fr\/#organization"},"potentialAction":[{"@type":"SearchAction","target":{"@type":"EntryPoint","urlTemplate":"https:\/\/www.link2fleet.com\/fr\/?s={search_term_string}"},"query-input":{"@type":"PropertyValueSpecification","valueRequired":true,"valueName":"search_term_string"}}],"inLanguage":"fr-FR"},{"@type":"Organization","@id":"https:\/\/www.link2fleet.com\/fr\/#organization","name":"Link2fleet","url":"https:\/\/www.link2fleet.com\/fr\/","logo":{"@type":"ImageObject","inLanguage":"fr-FR","@id":"https:\/\/www.link2fleet.com\/fr\/#\/schema\/logo\/image\/","url":"https:\/\/static.link2fleet.com\/wp-content\/uploads\/2024\/03\/share-image.jpg","contentUrl":"https:\/\/static.link2fleet.com\/wp-content\/uploads\/2024\/03\/share-image.jpg","width":1200,"height":630,"caption":"Link2fleet"},"image":{"@id":"https:\/\/www.link2fleet.com\/fr\/#\/schema\/logo\/image\/"},"sameAs":["https:\/\/www.linkedin.com\/company\/link2fleet-belgium","https:\/\/www.youtube.com\/user\/MMMBMBE"]},{"@type":"Person","@id":"https:\/\/www.link2fleet.com\/fr\/#\/schema\/person\/027cd46113c78036b3809c9a054049da","name":"Damien Malvetti","image":{"@type":"ImageObject","inLanguage":"fr-FR","@id":"https:\/\/secure.gravatar.com\/avatar\/dd8cc03b49466c735f753ac37f8caa371af16dfed347456ed61f02883255eebb?s=96&d=mm&r=g","url":"https:\/\/secure.gravatar.com\/avatar\/dd8cc03b49466c735f753ac37f8caa371af16dfed347456ed61f02883255eebb?s=96&d=mm&r=g","contentUrl":"https:\/\/secure.gravatar.com\/avatar\/dd8cc03b49466c735f753ac37f8caa371af16dfed347456ed61f02883255eebb?s=96&d=mm&r=g","caption":"Damien Malvetti"},"description":"Damien Malvetti is opgeleid als journalist en gepassioneerd door wagens, technologie en mobiliteit. Hij is verantwoordelijk voor de redactionele inhoud van link2fleet en beschikt over een uitgebreide kennis van de fleet-sector en elektrische mobiliteit.","sameAs":["https:\/\/www.linkedin.com\/in\/damien-malvetti-56601142\/"]}]}},"_links":{"self":[{"href":"https:\/\/www.link2fleet.com\/fr\/wp-json\/wp\/v2\/posts\/11310","targetHints":{"allow":["GET"]}}],"collection":[{"href":"https:\/\/www.link2fleet.com\/fr\/wp-json\/wp\/v2\/posts"}],"about":[{"href":"https:\/\/www.link2fleet.com\/fr\/wp-json\/wp\/v2\/types\/post"}],"author":[{"embeddable":true,"href":"https:\/\/www.link2fleet.com\/fr\/wp-json\/wp\/v2\/users\/4"}],"replies":[{"embeddable":true,"href":"https:\/\/www.link2fleet.com\/fr\/wp-json\/wp\/v2\/comments?post=11310"}],"version-history":[{"count":0,"href":"https:\/\/www.link2fleet.com\/fr\/wp-json\/wp\/v2\/posts\/11310\/revisions"}],"wp:featuredmedia":[{"embeddable":true,"href":"https:\/\/www.link2fleet.com\/fr\/wp-json\/wp\/v2\/media\/11311"}],"wp:attachment":[{"href":"https:\/\/www.link2fleet.com\/fr\/wp-json\/wp\/v2\/media?parent=11310"}],"wp:term":[{"taxonomy":"category","embeddable":true,"href":"https:\/\/www.link2fleet.com\/fr\/wp-json\/wp\/v2\/categories?post=11310"},{"taxonomy":"post_tag","embeddable":true,"href":"https:\/\/www.link2fleet.com\/fr\/wp-json\/wp\/v2\/tags?post=11310"}],"curies":[{"name":"wp","href":"https:\/\/api.w.org\/{rel}","templated":true}]}}