{"id":11328,"date":"2023-12-18T17:26:34","date_gmt":"2023-12-18T16:26:34","guid":{"rendered":"https:\/\/www.link2fleet.com\/fleet-test-smart-3-jolie-cousine\/"},"modified":"2024-04-12T15:02:21","modified_gmt":"2024-04-12T13:02:21","slug":"fleet-test-smart-3-jolie-cousine","status":"publish","type":"post","link":"https:\/\/www.link2fleet.com\/fr\/fleet-test-smart-3-jolie-cousine\/","title":{"rendered":"Fleet test Smart #3: Jolie cousine"},"content":{"rendered":"<p>La Smart #3 est donc le second mod\u00e8le de la nouvelle \u00e8re de Smart, depuis que le constructeur a abandonn\u00e9 les v\u00e9hicules urbains au profit de SUV \u00e9lectriques. Avec ses 4,40 m de long, la #3 mesure 13 cm de plus que la #1, et affronte donc les SUV compacts tels que le Mercedes EQA, le Hyundai Kona Electric ou encore le Volvo XC40. Toutefois, c\u2019est avec le petit fr\u00e8re de ce dernier qu\u2019il partage sa base technique, le tout nouveau EX30. C\u2019est d\u00e9sormais Geely, maison-m\u00e8re de Volvo et partenaire \u00e0 50% de Daimler dans Smart, qui se charge d\u2019une partie du d\u00e9veloppement du mod\u00e8le. Logique donc que la base provienne de sa banque d\u2019organes, et que la production ait lieu en Chine.<\/p>\n<p><strong>Int\u00e9rieur vaste et sportif<\/strong><\/p>\n<p><img loading=\"lazy\" decoding=\"async\" class=\"alignleft  wp-image-1302624\" src=\"https:\/\/www.link2fleet.com\/wp-content\/uploads\/2023\/12\/smart_Hashtag3_Premium_ceramic-cream_interior_Mallorca-10-300x200.jpg\" alt=\"\" width=\"324\" height=\"216\" \/><\/p>\n<p>Les traits profil\u00e9s de la #3 et le pavillon 6 cm plus bas que la #1 la rendent particuli\u00e8rement a\u00e9rodynamique, gage d\u2019une belle autonomie. Ce dynamisme des traits ne gr\u00e8ve en rien l\u2019habitabilit\u00e9, v\u00e9ritablement excellente m\u00eame pour des adultes aux places arri\u00e8re. Et on a encore un coffre de 370 litres derri\u00e8re les occupants.<\/p>\n<p>L\u2019habitacle est rendu tr\u00e8s accueillant par son dessin tout en courbes, et une console centrale qui revient entre les passagers comme dans un coup\u00e9. Deux \u00e9crans sont pr\u00e9sents\u00a0: l\u2019un pour l\u2019instrumentation num\u00e9rique, l\u2019autre pour le multim\u00e9dia. Ce dernier soigne sa pr\u00e9sentation, joviale et color\u00e9e, avec un gu\u00e9pard comme compagnon qui donne corps \u00e0 l\u2019assistant vocal. Smart a pris soin de laisser les commandes de climatisation apparentes en toutes circonstances, mais aussi d\u2019ajouter des raccourcis vers les principaux syst\u00e8mes d\u2019assistance \u00e0 la conduite, pour moduler la r\u00e9cup\u00e9ration d\u2019\u00e9nergie notamment, ou pour s\u00e9lectionner le mode de conduite voulu. Des raccourcis bien pratiques, tant les menus et sous-menus sont nombreux et pas toujours tr\u00e8s clairs.<\/p>\n<p>&nbsp;<\/p>\n<p><strong>Sacr\u00e9e puissance\u00a0!<\/strong><\/p>\n<p><img loading=\"lazy\" decoding=\"async\" class=\"wp-image-1302620 alignright\" src=\"https:\/\/www.link2fleet.com\/wp-content\/uploads\/2023\/12\/smart_Hashtag3_Premium_ceramic-cream_exterior_Mallorca-32-300x200.jpg\" alt=\"\" width=\"323\" height=\"215\" \/><\/p>\n<p>Comme la Volvo EX30 et la Smart #1, cette #3 est propos\u00e9e en deux niveaux de puissance\u00a0: 272 ch ou 428 ch, cette derni\u00e8re \u00e9tant assur\u00e9 par deux moteurs et badg\u00e9e Brabus, partenaire sportif historique de Smart. Elle passe de 0 \u00e0 100 km\/h en 3,7 secondes, et profite d\u2019un amortissement raffermi qui assure un excellent maintien du roulis en virages. Ajoutez \u00e0 cela une direction bien calibr\u00e9e, un freinage au mordant sans faille et une excellente motricit\u00e9, et vous obtenez un petit SUV franchement plaisant \u00e0 prendre en main\u00a0!<\/p>\n<p>Les autres finitions (Pro, Pro+, Premium et 25th Anniversary) se montrent d\u00e9j\u00e0 tr\u00e8s agr\u00e9ables elles-aussi, avec leurs 272 chevaux fournis par un moteur unique qui assure des performances enviables.<\/p>\n<p>&nbsp;<\/p>\n<p><strong>Grande autonomie<\/strong><\/p>\n<p><img loading=\"lazy\" decoding=\"async\" class=\"alignleft  wp-image-1302608\" src=\"https:\/\/www.link2fleet.com\/wp-content\/uploads\/2023\/12\/smart_Hashtag3_Premium_ceramic-cream_exterior_Mallorca-4-300x200.jpg\" alt=\"\" width=\"347\" height=\"231\" \/><\/p>\n<p>Seule la version Pro d\u2019entr\u00e9e de gamme re\u00e7oit une batterie de 49 kWh, qui limite son autonomie \u00e0 325 km. Toutes les autres adoptent un accu plus g\u00e9n\u00e9reux de 66 kWh, assurant 415 \u00e0 455 km selon la version retenue. Des autonomies qui semblent r\u00e9alistes si l\u2019on en croit les consommations relev\u00e9es durant notre essai, en conditions m\u00e9t\u00e9o tr\u00e8s favorables.<\/p>\n<p>La grande batterie se distingue \u00e9galement par une puissance de charge plus \u00e9lev\u00e9e, 150 kW DC contre 130 kW, et surtout un chargeur embarqu\u00e9 de 22 kW DC de s\u00e9rie dont ne dispose pas la plus petite.<\/p>\n<p>La diff\u00e9rence de prix est bien s\u00fbr assez notable entre les deux\u00a0: 30.988\u20ac HTVA pour la Pro (avec la petite batterie donc), 35.946\u20ac HTVA pour la Pro+. Et pour la Brabus, il faudra compter 41.318\u20ac.<\/p>\n<p>&nbsp;<\/p>\n\n<p>Smart #3 Premium<\/p>\n<table width=\"686\">\n<tbody>\n<tr>\n<td width=\"364\">Carburant<\/td>\n<td width=\"322\">Electrique<\/td>\n<\/tr>\n<tr>\n<td width=\"364\">Puissance<\/td>\n<td width=\"322\">272 ch<\/td>\n<\/tr>\n<tr>\n<td width=\"364\">Couple maximum<\/td>\n<td width=\"322\">343 Nm<\/td>\n<\/tr>\n<tr>\n<td width=\"364\">Poids \u00e0 vide<\/td>\n<td width=\"322\">1.810 kg<\/td>\n<\/tr>\n<tr>\n<td width=\"364\">Volume du coffre<\/td>\n<td width=\"322\">370 l + 15 l<\/td>\n<\/tr>\n<tr>\n<td width=\"364\">Capacit\u00e9 de la batterie<\/td>\n<td width=\"322\">66 kWh<\/td>\n<\/tr>\n<tr>\n<td width=\"364\">Consommation moyenne<\/td>\n<td width=\"322\">14,5 kWh\/100 km<\/td>\n<\/tr>\n<tr>\n<td width=\"364\">Emission CO2<\/td>\n<td width=\"322\">0<\/td>\n<\/tr>\n<tr>\n<td width=\"364\">Vitesse maximale<\/td>\n<td width=\"322\">180<\/td>\n<\/tr>\n<tr>\n<td width=\"364\">Cylindr\u00e9e<\/td>\n<td width=\"322\">&#8211;<\/td>\n<\/tr>\n<\/tbody>\n<\/table>\n<p>&nbsp;<\/p>\n<table width=\"686\">\n<tbody>\n<tr>\n<td colspan=\"2\" width=\"686\">INFORMATIONS DE GESTION<\/td>\n<\/tr>\n<tr>\n<td width=\"467\">Prix de base HTVA<\/td>\n<td width=\"219\">37.599,17\u20ac<\/td>\n<\/tr>\n<tr>\n<td width=\"467\">Prix de base TVAC<\/td>\n<td width=\"219\">45.495\u20ac<\/td>\n<\/tr>\n<tr>\n<td width=\"467\">Puissance fiscale<\/td>\n<td width=\"219\">&nbsp;<\/td>\n<\/tr>\n<tr>\n<td width=\"467\">TMC (Bruxelles, Wallonie, Leasing)<\/td>\n<td width=\"219\">61,50\u20ac<\/td>\n<\/tr>\n<tr>\n<td width=\"467\">BIV (Flandre)<\/td>\n<td width=\"219\">0<\/td>\n<\/tr>\n<tr>\n<td width=\"467\">Taxe de circulation (Bruxelles, Wallonie)<\/td>\n<td width=\"219\">85,27\u20ac<\/td>\n<\/tr>\n<tr>\n<td width=\"467\">Taxe de circulation (Flandre)<\/td>\n<td width=\"219\">0<\/td>\n<\/tr>\n<tr>\n<td width=\"467\">D\u00e9ductibilit\u00e9 fiscale<\/td>\n<td width=\"219\">100%<\/td>\n<\/tr>\n<tr>\n<td width=\"467\">ATN utilisateur<\/td>\n<td width=\"219\"><\/td>\n<\/tr>\n<tr>\n<td width=\"467\">D\u00e9penses non-admises<\/td>\n<td width=\"219\"><\/td>\n<\/tr>\n<tr>\n<td width=\"467\">Taxe CO2<\/td>\n<td width=\"219\"><\/td>\n<\/tr>\n<\/tbody>\n<\/table>\n","protected":false},"excerpt":{"rendered":"<p>La Smart #3 est donc le second mod\u00e8le de la nouvelle \u00e8re de Smart, depuis que le constructeur a abandonn\u00e9 les v\u00e9hicules urbains au profit de SUV \u00e9lectriques. Avec ses 4,40 m de long, la #3 mesure 13 cm de plus que la #1, et affronte donc les SUV compacts tels que le Mercedes EQA, [&hellip;]<\/p>\n","protected":false},"author":43,"featured_media":11329,"comment_status":"closed","ping_status":"closed","sticky":false,"template":"","format":"standard","meta":{"_acf_changed":false,"footnotes":""},"categories":[134],"tags":[],"class_list":["post-11328","post","type-post","status-publish","format-standard","has-post-thumbnail","hentry","category-fleet-test"],"acf":[],"yoast_head":"<!-- This site is optimized with the Yoast SEO plugin v27.3 - https:\/\/yoast.com\/product\/yoast-seo-wordpress\/ -->\n<title>Fleet test Smart #3: Jolie cousine - link2fleet<\/title>\n<meta name=\"description\" content=\"Alors que les livraisons de la #1 d\u00e9butent en Belgique, Smart lance son second SUV compact baptis\u00e9\u2026 #3. Les deux mod\u00e8les partagent la m\u00eame base\u2026\" \/>\n<meta name=\"robots\" content=\"index, follow, max-snippet:-1, max-image-preview:large, max-video-preview:-1\" \/>\n<meta property=\"og:locale\" content=\"fr_FR\" \/>\n<meta property=\"og:type\" content=\"article\" \/>\n<meta property=\"og:title\" content=\"Fleet test Smart #3: Jolie cousine - link2fleet\" \/>\n<meta property=\"og:description\" content=\"Alors que les livraisons de la #1 d\u00e9butent en Belgique, Smart lance son second SUV compact baptis\u00e9\u2026 #3. Les deux mod\u00e8les partagent la m\u00eame base\u2026\" \/>\n<meta property=\"og:url\" content=\"https:\/\/www.link2fleet.com\/fr\/fleet-test-smart-3-jolie-cousine\/\" \/>\n<meta property=\"og:site_name\" content=\"link2fleet\" \/>\n<meta property=\"article:published_time\" content=\"2023-12-18T16:26:34+00:00\" \/>\n<meta property=\"article:modified_time\" content=\"2024-04-12T13:02:21+00:00\" \/>\n<meta property=\"og:image\" content=\"https:\/\/static.link2fleet.com\/wp-content\/uploads\/2024\/03\/smart-hashtag3-premium-ceramic-cream-exterior-mallorca-13.jpg\" \/>\n\t<meta property=\"og:image:width\" content=\"2048\" \/>\n\t<meta property=\"og:image:height\" content=\"1366\" \/>\n\t<meta property=\"og:image:type\" content=\"image\/jpeg\" \/>\n<meta name=\"author\" content=\"Jeroen Evens\" \/>\n<meta name=\"twitter:card\" content=\"summary_large_image\" \/>\n<meta name=\"twitter:description\" content=\"Alors que les livraisons de la #1 d\u00e9butent en Belgique, Smart lance son second SUV compact baptis\u00e9\u2026 #3. Les deux mod\u00e8les partagent la m\u00eame base\u2026\" \/>\n<meta name=\"twitter:label1\" content=\"\u00c9crit par\" \/>\n\t<meta name=\"twitter:data1\" content=\"Jeroen Evens\" \/>\n\t<meta name=\"twitter:label2\" content=\"Dur\u00e9e de lecture estim\u00e9e\" \/>\n\t<meta name=\"twitter:data2\" content=\"6 minutes\" \/>\n<script type=\"application\/ld+json\" class=\"yoast-schema-graph\">{\"@context\":\"https:\\\/\\\/schema.org\",\"@graph\":[{\"@type\":\"Article\",\"@id\":\"https:\\\/\\\/www.link2fleet.com\\\/fr\\\/fleet-test-smart-3-jolie-cousine\\\/#article\",\"isPartOf\":{\"@id\":\"https:\\\/\\\/www.link2fleet.com\\\/fr\\\/fleet-test-smart-3-jolie-cousine\\\/\"},\"author\":{\"name\":\"Jeroen Evens\",\"@id\":\"https:\\\/\\\/www.link2fleet.com\\\/fr\\\/#\\\/schema\\\/person\\\/3f23fa5cf039e25761156c930f6bf38f\"},\"headline\":\"Fleet test Smart #3: Jolie cousine\",\"datePublished\":\"2023-12-18T16:26:34+00:00\",\"dateModified\":\"2024-04-12T13:02:21+00:00\",\"mainEntityOfPage\":{\"@id\":\"https:\\\/\\\/www.link2fleet.com\\\/fr\\\/fleet-test-smart-3-jolie-cousine\\\/\"},\"wordCount\":1157,\"publisher\":{\"@id\":\"https:\\\/\\\/www.link2fleet.com\\\/fr\\\/#organization\"},\"image\":{\"@id\":\"https:\\\/\\\/www.link2fleet.com\\\/fr\\\/fleet-test-smart-3-jolie-cousine\\\/#primaryimage\"},\"thumbnailUrl\":\"https:\\\/\\\/static.link2fleet.com\\\/wp-content\\\/uploads\\\/2024\\\/03\\\/smart-hashtag3-premium-ceramic-cream-exterior-mallorca-13.jpg\",\"articleSection\":[\"Essais fleet\"],\"inLanguage\":\"fr-FR\"},{\"@type\":\"WebPage\",\"@id\":\"https:\\\/\\\/www.link2fleet.com\\\/fr\\\/fleet-test-smart-3-jolie-cousine\\\/\",\"url\":\"https:\\\/\\\/www.link2fleet.com\\\/fr\\\/fleet-test-smart-3-jolie-cousine\\\/\",\"name\":\"Fleet test Smart #3: Jolie cousine - link2fleet\",\"isPartOf\":{\"@id\":\"https:\\\/\\\/www.link2fleet.com\\\/fr\\\/#website\"},\"primaryImageOfPage\":{\"@id\":\"https:\\\/\\\/www.link2fleet.com\\\/fr\\\/fleet-test-smart-3-jolie-cousine\\\/#primaryimage\"},\"image\":{\"@id\":\"https:\\\/\\\/www.link2fleet.com\\\/fr\\\/fleet-test-smart-3-jolie-cousine\\\/#primaryimage\"},\"thumbnailUrl\":\"https:\\\/\\\/static.link2fleet.com\\\/wp-content\\\/uploads\\\/2024\\\/03\\\/smart-hashtag3-premium-ceramic-cream-exterior-mallorca-13.jpg\",\"datePublished\":\"2023-12-18T16:26:34+00:00\",\"dateModified\":\"2024-04-12T13:02:21+00:00\",\"breadcrumb\":{\"@id\":\"https:\\\/\\\/www.link2fleet.com\\\/fr\\\/fleet-test-smart-3-jolie-cousine\\\/#breadcrumb\"},\"inLanguage\":\"fr-FR\",\"potentialAction\":[{\"@type\":\"ReadAction\",\"target\":[\"https:\\\/\\\/www.link2fleet.com\\\/fr\\\/fleet-test-smart-3-jolie-cousine\\\/\"]}]},{\"@type\":\"ImageObject\",\"inLanguage\":\"fr-FR\",\"@id\":\"https:\\\/\\\/www.link2fleet.com\\\/fr\\\/fleet-test-smart-3-jolie-cousine\\\/#primaryimage\",\"url\":\"https:\\\/\\\/static.link2fleet.com\\\/wp-content\\\/uploads\\\/2024\\\/03\\\/smart-hashtag3-premium-ceramic-cream-exterior-mallorca-13.jpg\",\"contentUrl\":\"https:\\\/\\\/static.link2fleet.com\\\/wp-content\\\/uploads\\\/2024\\\/03\\\/smart-hashtag3-premium-ceramic-cream-exterior-mallorca-13.jpg\",\"width\":2048,\"height\":1366,\"caption\":\"|||||||||||||\"},{\"@type\":\"BreadcrumbList\",\"@id\":\"https:\\\/\\\/www.link2fleet.com\\\/fr\\\/fleet-test-smart-3-jolie-cousine\\\/#breadcrumb\",\"itemListElement\":[{\"@type\":\"ListItem\",\"position\":1,\"name\":\"Home\",\"item\":\"https:\\\/\\\/www.link2fleet.com\\\/fr\\\/\"},{\"@type\":\"ListItem\",\"position\":2,\"name\":\"Fleet test Smart #3: Jolie cousine\"}]},{\"@type\":\"WebSite\",\"@id\":\"https:\\\/\\\/www.link2fleet.com\\\/fr\\\/#website\",\"url\":\"https:\\\/\\\/www.link2fleet.com\\\/fr\\\/\",\"name\":\"Link2fleet\",\"description\":\"\",\"publisher\":{\"@id\":\"https:\\\/\\\/www.link2fleet.com\\\/fr\\\/#organization\"},\"potentialAction\":[{\"@type\":\"SearchAction\",\"target\":{\"@type\":\"EntryPoint\",\"urlTemplate\":\"https:\\\/\\\/www.link2fleet.com\\\/fr\\\/?s={search_term_string}\"},\"query-input\":{\"@type\":\"PropertyValueSpecification\",\"valueRequired\":true,\"valueName\":\"search_term_string\"}}],\"inLanguage\":\"fr-FR\"},{\"@type\":\"Organization\",\"@id\":\"https:\\\/\\\/www.link2fleet.com\\\/fr\\\/#organization\",\"name\":\"Link2fleet\",\"url\":\"https:\\\/\\\/www.link2fleet.com\\\/fr\\\/\",\"logo\":{\"@type\":\"ImageObject\",\"inLanguage\":\"fr-FR\",\"@id\":\"https:\\\/\\\/www.link2fleet.com\\\/fr\\\/#\\\/schema\\\/logo\\\/image\\\/\",\"url\":\"https:\\\/\\\/static.link2fleet.com\\\/wp-content\\\/uploads\\\/2024\\\/03\\\/share-image.jpg\",\"contentUrl\":\"https:\\\/\\\/static.link2fleet.com\\\/wp-content\\\/uploads\\\/2024\\\/03\\\/share-image.jpg\",\"width\":1200,\"height\":630,\"caption\":\"Link2fleet\"},\"image\":{\"@id\":\"https:\\\/\\\/www.link2fleet.com\\\/fr\\\/#\\\/schema\\\/logo\\\/image\\\/\"},\"sameAs\":[\"https:\\\/\\\/www.linkedin.com\\\/company\\\/link2fleet-belgium\",\"https:\\\/\\\/www.youtube.com\\\/user\\\/MMMBMBE\"]},{\"@type\":\"Person\",\"@id\":\"https:\\\/\\\/www.link2fleet.com\\\/fr\\\/#\\\/schema\\\/person\\\/3f23fa5cf039e25761156c930f6bf38f\",\"name\":\"Jeroen Evens\",\"image\":{\"@type\":\"ImageObject\",\"inLanguage\":\"fr-FR\",\"@id\":\"https:\\\/\\\/secure.gravatar.com\\\/avatar\\\/6e059523a84fbec54e5ec5d0f3fb4322b7b077be22b323085f823d1d7f00f32e?s=96&d=mm&r=g\",\"url\":\"https:\\\/\\\/secure.gravatar.com\\\/avatar\\\/6e059523a84fbec54e5ec5d0f3fb4322b7b077be22b323085f823d1d7f00f32e?s=96&d=mm&r=g\",\"contentUrl\":\"https:\\\/\\\/secure.gravatar.com\\\/avatar\\\/6e059523a84fbec54e5ec5d0f3fb4322b7b077be22b323085f823d1d7f00f32e?s=96&d=mm&r=g\",\"caption\":\"Jeroen Evens\"},\"description\":\"Jeroen Evens is opgeleid in de Communicatiewetenschappen (KULeuven) en is een enthousiaste volger van alles wat met mobiliteit en bedrijfswagens te maken heeft. Als freelance journalist gespecialiseerd in de fleetsector houdt hij al drie jaar lang de vinger aan de pols van de laatste ontwikkelingen in onze sector.\"}]}<\/script>\n<!-- \/ Yoast SEO plugin. -->","yoast_head_json":{"title":"Fleet test Smart #3: Jolie cousine - link2fleet","description":"Alors que les livraisons de la #1 d\u00e9butent en Belgique, Smart lance son second SUV compact baptis\u00e9\u2026 #3. Les deux mod\u00e8les partagent la m\u00eame base\u2026","robots":{"index":"index","follow":"follow","max-snippet":"max-snippet:-1","max-image-preview":"max-image-preview:large","max-video-preview":"max-video-preview:-1"},"og_locale":"fr_FR","og_type":"article","og_title":"Fleet test Smart #3: Jolie cousine - link2fleet","og_description":"Alors que les livraisons de la #1 d\u00e9butent en Belgique, Smart lance son second SUV compact baptis\u00e9\u2026 #3. Les deux mod\u00e8les partagent la m\u00eame base\u2026","og_url":"https:\/\/www.link2fleet.com\/fr\/fleet-test-smart-3-jolie-cousine\/","og_site_name":"link2fleet","article_published_time":"2023-12-18T16:26:34+00:00","article_modified_time":"2024-04-12T13:02:21+00:00","og_image":[{"width":2048,"height":1366,"url":"https:\/\/static.link2fleet.com\/wp-content\/uploads\/2024\/03\/smart-hashtag3-premium-ceramic-cream-exterior-mallorca-13.jpg","type":"image\/jpeg"}],"author":"Jeroen Evens","twitter_card":"summary_large_image","twitter_description":"Alors que les livraisons de la #1 d\u00e9butent en Belgique, Smart lance son second SUV compact baptis\u00e9\u2026 #3. Les deux mod\u00e8les partagent la m\u00eame base\u2026","twitter_misc":{"\u00c9crit par":"Jeroen Evens","Dur\u00e9e de lecture estim\u00e9e":"6 minutes"},"schema":{"@context":"https:\/\/schema.org","@graph":[{"@type":"Article","@id":"https:\/\/www.link2fleet.com\/fr\/fleet-test-smart-3-jolie-cousine\/#article","isPartOf":{"@id":"https:\/\/www.link2fleet.com\/fr\/fleet-test-smart-3-jolie-cousine\/"},"author":{"name":"Jeroen Evens","@id":"https:\/\/www.link2fleet.com\/fr\/#\/schema\/person\/3f23fa5cf039e25761156c930f6bf38f"},"headline":"Fleet test Smart #3: Jolie cousine","datePublished":"2023-12-18T16:26:34+00:00","dateModified":"2024-04-12T13:02:21+00:00","mainEntityOfPage":{"@id":"https:\/\/www.link2fleet.com\/fr\/fleet-test-smart-3-jolie-cousine\/"},"wordCount":1157,"publisher":{"@id":"https:\/\/www.link2fleet.com\/fr\/#organization"},"image":{"@id":"https:\/\/www.link2fleet.com\/fr\/fleet-test-smart-3-jolie-cousine\/#primaryimage"},"thumbnailUrl":"https:\/\/static.link2fleet.com\/wp-content\/uploads\/2024\/03\/smart-hashtag3-premium-ceramic-cream-exterior-mallorca-13.jpg","articleSection":["Essais fleet"],"inLanguage":"fr-FR"},{"@type":"WebPage","@id":"https:\/\/www.link2fleet.com\/fr\/fleet-test-smart-3-jolie-cousine\/","url":"https:\/\/www.link2fleet.com\/fr\/fleet-test-smart-3-jolie-cousine\/","name":"Fleet test Smart #3: Jolie cousine - link2fleet","isPartOf":{"@id":"https:\/\/www.link2fleet.com\/fr\/#website"},"primaryImageOfPage":{"@id":"https:\/\/www.link2fleet.com\/fr\/fleet-test-smart-3-jolie-cousine\/#primaryimage"},"image":{"@id":"https:\/\/www.link2fleet.com\/fr\/fleet-test-smart-3-jolie-cousine\/#primaryimage"},"thumbnailUrl":"https:\/\/static.link2fleet.com\/wp-content\/uploads\/2024\/03\/smart-hashtag3-premium-ceramic-cream-exterior-mallorca-13.jpg","datePublished":"2023-12-18T16:26:34+00:00","dateModified":"2024-04-12T13:02:21+00:00","breadcrumb":{"@id":"https:\/\/www.link2fleet.com\/fr\/fleet-test-smart-3-jolie-cousine\/#breadcrumb"},"inLanguage":"fr-FR","potentialAction":[{"@type":"ReadAction","target":["https:\/\/www.link2fleet.com\/fr\/fleet-test-smart-3-jolie-cousine\/"]}]},{"@type":"ImageObject","inLanguage":"fr-FR","@id":"https:\/\/www.link2fleet.com\/fr\/fleet-test-smart-3-jolie-cousine\/#primaryimage","url":"https:\/\/static.link2fleet.com\/wp-content\/uploads\/2024\/03\/smart-hashtag3-premium-ceramic-cream-exterior-mallorca-13.jpg","contentUrl":"https:\/\/static.link2fleet.com\/wp-content\/uploads\/2024\/03\/smart-hashtag3-premium-ceramic-cream-exterior-mallorca-13.jpg","width":2048,"height":1366,"caption":"|||||||||||||"},{"@type":"BreadcrumbList","@id":"https:\/\/www.link2fleet.com\/fr\/fleet-test-smart-3-jolie-cousine\/#breadcrumb","itemListElement":[{"@type":"ListItem","position":1,"name":"Home","item":"https:\/\/www.link2fleet.com\/fr\/"},{"@type":"ListItem","position":2,"name":"Fleet test Smart #3: Jolie cousine"}]},{"@type":"WebSite","@id":"https:\/\/www.link2fleet.com\/fr\/#website","url":"https:\/\/www.link2fleet.com\/fr\/","name":"Link2fleet","description":"","publisher":{"@id":"https:\/\/www.link2fleet.com\/fr\/#organization"},"potentialAction":[{"@type":"SearchAction","target":{"@type":"EntryPoint","urlTemplate":"https:\/\/www.link2fleet.com\/fr\/?s={search_term_string}"},"query-input":{"@type":"PropertyValueSpecification","valueRequired":true,"valueName":"search_term_string"}}],"inLanguage":"fr-FR"},{"@type":"Organization","@id":"https:\/\/www.link2fleet.com\/fr\/#organization","name":"Link2fleet","url":"https:\/\/www.link2fleet.com\/fr\/","logo":{"@type":"ImageObject","inLanguage":"fr-FR","@id":"https:\/\/www.link2fleet.com\/fr\/#\/schema\/logo\/image\/","url":"https:\/\/static.link2fleet.com\/wp-content\/uploads\/2024\/03\/share-image.jpg","contentUrl":"https:\/\/static.link2fleet.com\/wp-content\/uploads\/2024\/03\/share-image.jpg","width":1200,"height":630,"caption":"Link2fleet"},"image":{"@id":"https:\/\/www.link2fleet.com\/fr\/#\/schema\/logo\/image\/"},"sameAs":["https:\/\/www.linkedin.com\/company\/link2fleet-belgium","https:\/\/www.youtube.com\/user\/MMMBMBE"]},{"@type":"Person","@id":"https:\/\/www.link2fleet.com\/fr\/#\/schema\/person\/3f23fa5cf039e25761156c930f6bf38f","name":"Jeroen Evens","image":{"@type":"ImageObject","inLanguage":"fr-FR","@id":"https:\/\/secure.gravatar.com\/avatar\/6e059523a84fbec54e5ec5d0f3fb4322b7b077be22b323085f823d1d7f00f32e?s=96&d=mm&r=g","url":"https:\/\/secure.gravatar.com\/avatar\/6e059523a84fbec54e5ec5d0f3fb4322b7b077be22b323085f823d1d7f00f32e?s=96&d=mm&r=g","contentUrl":"https:\/\/secure.gravatar.com\/avatar\/6e059523a84fbec54e5ec5d0f3fb4322b7b077be22b323085f823d1d7f00f32e?s=96&d=mm&r=g","caption":"Jeroen Evens"},"description":"Jeroen Evens is opgeleid in de Communicatiewetenschappen (KULeuven) en is een enthousiaste volger van alles wat met mobiliteit en bedrijfswagens te maken heeft. Als freelance journalist gespecialiseerd in de fleetsector houdt hij al drie jaar lang de vinger aan de pols van de laatste ontwikkelingen in onze sector."}]}},"_links":{"self":[{"href":"https:\/\/www.link2fleet.com\/fr\/wp-json\/wp\/v2\/posts\/11328","targetHints":{"allow":["GET"]}}],"collection":[{"href":"https:\/\/www.link2fleet.com\/fr\/wp-json\/wp\/v2\/posts"}],"about":[{"href":"https:\/\/www.link2fleet.com\/fr\/wp-json\/wp\/v2\/types\/post"}],"author":[{"embeddable":true,"href":"https:\/\/www.link2fleet.com\/fr\/wp-json\/wp\/v2\/users\/43"}],"replies":[{"embeddable":true,"href":"https:\/\/www.link2fleet.com\/fr\/wp-json\/wp\/v2\/comments?post=11328"}],"version-history":[{"count":0,"href":"https:\/\/www.link2fleet.com\/fr\/wp-json\/wp\/v2\/posts\/11328\/revisions"}],"wp:featuredmedia":[{"embeddable":true,"href":"https:\/\/www.link2fleet.com\/fr\/wp-json\/wp\/v2\/media\/11329"}],"wp:attachment":[{"href":"https:\/\/www.link2fleet.com\/fr\/wp-json\/wp\/v2\/media?parent=11328"}],"wp:term":[{"taxonomy":"category","embeddable":true,"href":"https:\/\/www.link2fleet.com\/fr\/wp-json\/wp\/v2\/categories?post=11328"},{"taxonomy":"post_tag","embeddable":true,"href":"https:\/\/www.link2fleet.com\/fr\/wp-json\/wp\/v2\/tags?post=11328"}],"curies":[{"name":"wp","href":"https:\/\/api.w.org\/{rel}","templated":true}]}}