{"id":11344,"date":"2023-12-20T07:46:49","date_gmt":"2023-12-20T06:46:49","guid":{"rendered":"https:\/\/www.link2fleet.com\/christophe-vaessen-ceo-sur-les-ambitions-electriques-de-belgian-shell\/"},"modified":"2023-12-20T07:46:49","modified_gmt":"2023-12-20T06:46:49","slug":"christophe-vaessen-ceo-sur-les-ambitions-electriques-de-belgian-shell","status":"publish","type":"post","link":"https:\/\/www.link2fleet.com\/fr\/christophe-vaessen-ceo-sur-les-ambitions-electriques-de-belgian-shell\/","title":{"rendered":"Christophe Vaessen (CEO) sur les ambitions \u00e9lectriques de Belgian Shell"},"content":{"rendered":"<p><strong>link2fleet: Bonjour mr. Vaessen, p<\/strong><strong>ouvez-vous nous en dire plus sur la collaboration entre Belgian Shell, Carrefour et Redevco pour l&rsquo;installation de ces bornes de recharge \u00e9lectrique en Belgique ? Quelles sont les motivations derri\u00e8re cette collaboration ?<\/strong><\/p>\n<p><strong>Christophe Vaessen:<\/strong> \u201cCette collaboration a d\u00e9marr\u00e9 pour r\u00e9pondre \u00e0 la demande en croissance rapide de bornes de recharge, ainsi que fournir l\u2019infrastructure n\u00e9cessaire pour acc\u00e9l\u00e9rer la transition vers la mobilit\u00e9 \u00e9lectrique. Redevco est l\u2019un des plus grands propri\u00e9taires de parcs commerciaux. Leur ambition est de rendre leurs propri\u00e9t\u00e9s immobili\u00e8res plus durables. Il s\u2019agit d\u2019ailleurs de valeurs partag\u00e9es par Shell ; ce partenariat \u00e9tait donc une \u00e9vidence pour nous. Shell a \u00e9galement un partenariat de longue dur\u00e9e avec Carrefour, \u00e9tant d\u00e9j\u00e0 pr\u00e9sent sur leurs parkings avec Shell Express. La transition vers l\u2019\u00e9lectrique a \u00e9t\u00e9 ainsi toute naturelle. Carrefour a confirm\u00e9 sa volont\u00e9 de continuer son partenariat avec Shell en nous faisant confiance en termes de qualit\u00e9.\u00a0\u201c<\/p>\n<p><img loading=\"lazy\" decoding=\"async\" class=\"alignleft wp-image-1302638\" src=\"https:\/\/www.link2fleet.com\/wp-content\/uploads\/2023\/12\/ShellCarrefour0244-200x300.jpg\" alt=\"\" width=\"283\" height=\"425\" \/><\/p>\n<p><strong>l2F: <\/strong><strong><em>P<\/em>ouvez-vous nous donner un aper\u00e7u de ce que repr\u00e9sente le r\u00e9seau de bornes de recharge Shell Recharge en termes de nombre de bornes pr\u00e9vues et leur r\u00e9partition g\u00e9ographique en Belgique ?<\/strong><\/p>\n<p><strong>C.V.:<\/strong> \u201cLes ambitions de Shell sont d\u2019exploiter plus de 500 000 points de charge dans le monde d\u2019ici 2025. Shell veut couvrir tous les besoins en termes de mobilit\u00e9 \u00e9lectrique et offrir un \u00e9cosyst\u00e8me complet de bornes de recharge : Home\/Office, On-the-go (dans ses stations-services) ou \u00e0 destination (comme dans les hypermarch\u00e9s par exemple). En ce qui concerne la r\u00e9partition en Belgique : d\u00e9j\u00e0 100 bornes ont \u00e9t\u00e9 install\u00e9es, principalement en Flandre ou la concentration de v\u00e9hicules \u00e9lectriques est plus importante actuellement. En 2024, nous allons d\u00e9velopper le r\u00e9seau de bornes publiques \u00e0 Bruxelles et en Wallonie et ajouter 900 points de recharge suppl\u00e9mentaires sur l\u2019ensemble du territoire d\u2019ici fin 2024.\u201d<\/p>\n<p><strong>l2F: <\/strong><strong>Quels sont les avantages et les fonctionnalit\u00e9s de la carte de recharge Shell EV Card et de l&rsquo;application Shell Recharge pour les utilisateurs de v\u00e9hicules \u00e9lectriques ?<\/strong><\/p>\n<p><strong>C.V.:<\/strong> \u201cLa carte de recharge de Shell donne acc\u00e8s \u00e0 plus de 30 000 bornes de recharge publiques en Belgique et plus de 500 000 en Europe. Il s\u2019agit du plus grand r\u00e9seau de recharge publique, soit la meilleure solution sur le march\u00e9. Les conducteurs de v\u00e9hicules \u00e9lectriques poss\u00e8dent en moyenne 3 cartes de recharge diff\u00e9rentes chacun. La carte Shell permet d\u2019avoir la plus grande couverture du r\u00e9seau de bornes (98 % du territoire belge), avec une seule carte. Les avantages de l\u2019App Shell Recharge incluent la disponibilit\u00e9 des bornes de recharge (libres\/occup\u00e9es), la localisation des bornes les plus proches et le type de recharge en temps r\u00e9el.\u00a0\u00bb<\/p>\n<p><strong>l2F: <\/strong><strong>En quoi cette initiative contribue-t-elle \u00e0 promouvoir la mobilit\u00e9 \u00e9lectrique en Belgique et en Europe ? <\/strong><\/p>\n<p><strong>C.V.:<\/strong> \u201cLe partenariats avec Carrefour, Redevco et Shell est essentiel pour les conducteurs de v\u00e9hicules \u00e9lectriques. Une charge de 20 % \u00e0 80 % de la batterie peut se faire en 25 minutes (id\u00e9al lorsque l\u2019on fait ses courses par exemple). Cela permet d\u2019\u00e9viter l\u2019anxi\u00e9t\u00e9 du conducteur en termes d\u2019autonomie, il s\u2019agit de l\u2019un des freins les plus importants dans l\u2019acquisition d\u2019un v\u00e9hicule \u00e9lectrique.\u00a0\u00bb<\/p>\n<p><img loading=\"lazy\" decoding=\"async\" class=\" wp-image-1302632 alignright\" src=\"https:\/\/www.link2fleet.com\/wp-content\/uploads\/2023\/12\/Scherm\u00adafbeelding-2023-12-18-om-17.18.44-300x199.png\" alt=\"\" width=\"327\" height=\"217\" \/><\/p>\n<p><strong>l2F: <\/strong><strong>Quels sont les prochains projets ou les d\u00e9veloppements pr\u00e9vus dans le cadre de cette initiative de d\u00e9veloppement du r\u00e9seau de bornes de recharge ?<\/strong><\/p>\n<p><strong>C.V.:<\/strong> \u201cShell continuera son d\u00e9veloppement de bornes de recharge \u00e0 destination via ses partenariats existants et se concentrera \u00e9galement sur la mise \u00e0 disposition de bornes de recharge dans ses stations-service. Nous travaillons aussi sur le d\u00e9veloppement de notre r\u00e9seau de bornes au domicile des employ\u00e9s de nos clients et aupr\u00e8s de leur entreprise. De plus, nous int\u00e9grons constamment de nouvelles bornes de recharge publique sur les cartes de recharge.\u201c<\/p>\n<p><strong>l2F: Merci pour l&rsquo;interview, Christophe! <\/strong><\/p>\n<p><strong>C.V.:<\/strong> \u201cAvec plaisir!\u2019<\/p>\n<p>&nbsp;<\/p>\n","protected":false},"excerpt":{"rendered":"<p>link2fleet: Bonjour mr. Vaessen, pouvez-vous nous en dire plus sur la collaboration entre Belgian Shell, Carrefour et Redevco pour l&rsquo;installation de ces bornes de recharge \u00e9lectrique en Belgique ? Quelles sont les motivations derri\u00e8re cette collaboration ? Christophe Vaessen: \u201cCette collaboration a d\u00e9marr\u00e9 pour r\u00e9pondre \u00e0 la demande en croissance rapide de bornes de recharge, [&hellip;]<\/p>\n","protected":false},"author":43,"featured_media":11345,"comment_status":"closed","ping_status":"closed","sticky":false,"template":"","format":"standard","meta":{"_acf_changed":false,"footnotes":""},"categories":[81,91],"tags":[],"class_list":["post-11344","post","type-post","status-publish","format-standard","has-post-thumbnail","hentry","category-gestion-de-carburant-et-energie","category-expertise-et-management"],"acf":[],"yoast_head":"<!-- This site is optimized with the Yoast SEO plugin v27.3 - https:\/\/yoast.com\/product\/yoast-seo-wordpress\/ -->\n<title>Christophe Vaessen (CEO) sur les ambitions \u00e9lectriques de Belgian Shell - link2fleet<\/title>\n<meta name=\"description\" content=\"link2fleet s&rsquo;est entretenu avec Christophe Vaessen, CEO de Belgian Shell, suite \u00e0 la r\u00e9cente collaboration entre Shell, Carrefour et Redevco pour installer environ 1.000 bornes\u2026\" \/>\n<meta name=\"robots\" content=\"index, follow, max-snippet:-1, max-image-preview:large, max-video-preview:-1\" \/>\n<meta property=\"og:locale\" content=\"fr_FR\" \/>\n<meta property=\"og:type\" content=\"article\" \/>\n<meta property=\"og:title\" content=\"Christophe Vaessen (CEO) sur les ambitions \u00e9lectriques de Belgian Shell - link2fleet\" \/>\n<meta property=\"og:description\" content=\"link2fleet s&rsquo;est entretenu avec Christophe Vaessen, CEO de Belgian Shell, suite \u00e0 la r\u00e9cente collaboration entre Shell, Carrefour et Redevco pour installer environ 1.000 bornes\u2026\" \/>\n<meta property=\"og:url\" content=\"https:\/\/www.link2fleet.com\/fr\/christophe-vaessen-ceo-sur-les-ambitions-electriques-de-belgian-shell\/\" \/>\n<meta property=\"og:site_name\" content=\"link2fleet\" \/>\n<meta property=\"article:published_time\" content=\"2023-12-20T06:46:49+00:00\" \/>\n<meta property=\"og:image\" content=\"https:\/\/static.link2fleet.com\/wp-content\/uploads\/2024\/03\/schermafbeelding-2023-12-18-om-171833.png\" \/>\n\t<meta property=\"og:image:width\" content=\"858\" \/>\n\t<meta property=\"og:image:height\" content=\"572\" \/>\n\t<meta property=\"og:image:type\" content=\"image\/png\" \/>\n<meta name=\"author\" content=\"Jeroen Evens\" \/>\n<meta name=\"twitter:card\" content=\"summary_large_image\" \/>\n<meta name=\"twitter:description\" content=\"link2fleet s&rsquo;est entretenu avec Christophe Vaessen, CEO de Belgian Shell, suite \u00e0 la r\u00e9cente collaboration entre Shell, Carrefour et Redevco pour installer environ 1.000 bornes\u2026\" \/>\n<meta name=\"twitter:label1\" content=\"\u00c9crit par\" \/>\n\t<meta name=\"twitter:data1\" content=\"Jeroen Evens\" \/>\n\t<meta name=\"twitter:label2\" content=\"Dur\u00e9e de lecture estim\u00e9e\" \/>\n\t<meta name=\"twitter:data2\" content=\"3 minutes\" \/>\n<script type=\"application\/ld+json\" class=\"yoast-schema-graph\">{\"@context\":\"https:\\\/\\\/schema.org\",\"@graph\":[{\"@type\":\"Article\",\"@id\":\"https:\\\/\\\/www.link2fleet.com\\\/fr\\\/christophe-vaessen-ceo-sur-les-ambitions-electriques-de-belgian-shell\\\/#article\",\"isPartOf\":{\"@id\":\"https:\\\/\\\/www.link2fleet.com\\\/fr\\\/christophe-vaessen-ceo-sur-les-ambitions-electriques-de-belgian-shell\\\/\"},\"author\":{\"name\":\"Jeroen Evens\",\"@id\":\"https:\\\/\\\/www.link2fleet.com\\\/fr\\\/#\\\/schema\\\/person\\\/3f23fa5cf039e25761156c930f6bf38f\"},\"headline\":\"Christophe Vaessen (CEO) sur les ambitions \u00e9lectriques de Belgian Shell\",\"datePublished\":\"2023-12-20T06:46:49+00:00\",\"mainEntityOfPage\":{\"@id\":\"https:\\\/\\\/www.link2fleet.com\\\/fr\\\/christophe-vaessen-ceo-sur-les-ambitions-electriques-de-belgian-shell\\\/\"},\"wordCount\":680,\"publisher\":{\"@id\":\"https:\\\/\\\/www.link2fleet.com\\\/fr\\\/#organization\"},\"image\":{\"@id\":\"https:\\\/\\\/www.link2fleet.com\\\/fr\\\/christophe-vaessen-ceo-sur-les-ambitions-electriques-de-belgian-shell\\\/#primaryimage\"},\"thumbnailUrl\":\"https:\\\/\\\/static.link2fleet.com\\\/wp-content\\\/uploads\\\/2024\\\/03\\\/schermafbeelding-2023-12-18-om-171833.png\",\"articleSection\":[\"Gestion carburant et de l'\u00e9nergie\",\"Gestion de flotte\"],\"inLanguage\":\"fr-FR\"},{\"@type\":\"WebPage\",\"@id\":\"https:\\\/\\\/www.link2fleet.com\\\/fr\\\/christophe-vaessen-ceo-sur-les-ambitions-electriques-de-belgian-shell\\\/\",\"url\":\"https:\\\/\\\/www.link2fleet.com\\\/fr\\\/christophe-vaessen-ceo-sur-les-ambitions-electriques-de-belgian-shell\\\/\",\"name\":\"Christophe Vaessen (CEO) sur les ambitions \u00e9lectriques de Belgian Shell - link2fleet\",\"isPartOf\":{\"@id\":\"https:\\\/\\\/www.link2fleet.com\\\/fr\\\/#website\"},\"primaryImageOfPage\":{\"@id\":\"https:\\\/\\\/www.link2fleet.com\\\/fr\\\/christophe-vaessen-ceo-sur-les-ambitions-electriques-de-belgian-shell\\\/#primaryimage\"},\"image\":{\"@id\":\"https:\\\/\\\/www.link2fleet.com\\\/fr\\\/christophe-vaessen-ceo-sur-les-ambitions-electriques-de-belgian-shell\\\/#primaryimage\"},\"thumbnailUrl\":\"https:\\\/\\\/static.link2fleet.com\\\/wp-content\\\/uploads\\\/2024\\\/03\\\/schermafbeelding-2023-12-18-om-171833.png\",\"datePublished\":\"2023-12-20T06:46:49+00:00\",\"breadcrumb\":{\"@id\":\"https:\\\/\\\/www.link2fleet.com\\\/fr\\\/christophe-vaessen-ceo-sur-les-ambitions-electriques-de-belgian-shell\\\/#breadcrumb\"},\"inLanguage\":\"fr-FR\",\"potentialAction\":[{\"@type\":\"ReadAction\",\"target\":[\"https:\\\/\\\/www.link2fleet.com\\\/fr\\\/christophe-vaessen-ceo-sur-les-ambitions-electriques-de-belgian-shell\\\/\"]}]},{\"@type\":\"ImageObject\",\"inLanguage\":\"fr-FR\",\"@id\":\"https:\\\/\\\/www.link2fleet.com\\\/fr\\\/christophe-vaessen-ceo-sur-les-ambitions-electriques-de-belgian-shell\\\/#primaryimage\",\"url\":\"https:\\\/\\\/static.link2fleet.com\\\/wp-content\\\/uploads\\\/2024\\\/03\\\/schermafbeelding-2023-12-18-om-171833.png\",\"contentUrl\":\"https:\\\/\\\/static.link2fleet.com\\\/wp-content\\\/uploads\\\/2024\\\/03\\\/schermafbeelding-2023-12-18-om-171833.png\",\"width\":858,\"height\":572,\"caption\":\"|||\"},{\"@type\":\"BreadcrumbList\",\"@id\":\"https:\\\/\\\/www.link2fleet.com\\\/fr\\\/christophe-vaessen-ceo-sur-les-ambitions-electriques-de-belgian-shell\\\/#breadcrumb\",\"itemListElement\":[{\"@type\":\"ListItem\",\"position\":1,\"name\":\"Home\",\"item\":\"https:\\\/\\\/www.link2fleet.com\\\/fr\\\/\"},{\"@type\":\"ListItem\",\"position\":2,\"name\":\"Christophe Vaessen (CEO) sur les ambitions \u00e9lectriques de Belgian Shell\"}]},{\"@type\":\"WebSite\",\"@id\":\"https:\\\/\\\/www.link2fleet.com\\\/fr\\\/#website\",\"url\":\"https:\\\/\\\/www.link2fleet.com\\\/fr\\\/\",\"name\":\"Link2fleet\",\"description\":\"\",\"publisher\":{\"@id\":\"https:\\\/\\\/www.link2fleet.com\\\/fr\\\/#organization\"},\"potentialAction\":[{\"@type\":\"SearchAction\",\"target\":{\"@type\":\"EntryPoint\",\"urlTemplate\":\"https:\\\/\\\/www.link2fleet.com\\\/fr\\\/?s={search_term_string}\"},\"query-input\":{\"@type\":\"PropertyValueSpecification\",\"valueRequired\":true,\"valueName\":\"search_term_string\"}}],\"inLanguage\":\"fr-FR\"},{\"@type\":\"Organization\",\"@id\":\"https:\\\/\\\/www.link2fleet.com\\\/fr\\\/#organization\",\"name\":\"Link2fleet\",\"url\":\"https:\\\/\\\/www.link2fleet.com\\\/fr\\\/\",\"logo\":{\"@type\":\"ImageObject\",\"inLanguage\":\"fr-FR\",\"@id\":\"https:\\\/\\\/www.link2fleet.com\\\/fr\\\/#\\\/schema\\\/logo\\\/image\\\/\",\"url\":\"https:\\\/\\\/static.link2fleet.com\\\/wp-content\\\/uploads\\\/2024\\\/03\\\/share-image.jpg\",\"contentUrl\":\"https:\\\/\\\/static.link2fleet.com\\\/wp-content\\\/uploads\\\/2024\\\/03\\\/share-image.jpg\",\"width\":1200,\"height\":630,\"caption\":\"Link2fleet\"},\"image\":{\"@id\":\"https:\\\/\\\/www.link2fleet.com\\\/fr\\\/#\\\/schema\\\/logo\\\/image\\\/\"},\"sameAs\":[\"https:\\\/\\\/www.linkedin.com\\\/company\\\/link2fleet-belgium\",\"https:\\\/\\\/www.youtube.com\\\/user\\\/MMMBMBE\"]},{\"@type\":\"Person\",\"@id\":\"https:\\\/\\\/www.link2fleet.com\\\/fr\\\/#\\\/schema\\\/person\\\/3f23fa5cf039e25761156c930f6bf38f\",\"name\":\"Jeroen Evens\",\"image\":{\"@type\":\"ImageObject\",\"inLanguage\":\"fr-FR\",\"@id\":\"https:\\\/\\\/secure.gravatar.com\\\/avatar\\\/6e059523a84fbec54e5ec5d0f3fb4322b7b077be22b323085f823d1d7f00f32e?s=96&d=mm&r=g\",\"url\":\"https:\\\/\\\/secure.gravatar.com\\\/avatar\\\/6e059523a84fbec54e5ec5d0f3fb4322b7b077be22b323085f823d1d7f00f32e?s=96&d=mm&r=g\",\"contentUrl\":\"https:\\\/\\\/secure.gravatar.com\\\/avatar\\\/6e059523a84fbec54e5ec5d0f3fb4322b7b077be22b323085f823d1d7f00f32e?s=96&d=mm&r=g\",\"caption\":\"Jeroen Evens\"},\"description\":\"Jeroen Evens is opgeleid in de Communicatiewetenschappen (KULeuven) en is een enthousiaste volger van alles wat met mobiliteit en bedrijfswagens te maken heeft. Als freelance journalist gespecialiseerd in de fleetsector houdt hij al drie jaar lang de vinger aan de pols van de laatste ontwikkelingen in onze sector.\"}]}<\/script>\n<!-- \/ Yoast SEO plugin. -->","yoast_head_json":{"title":"Christophe Vaessen (CEO) sur les ambitions \u00e9lectriques de Belgian Shell - link2fleet","description":"link2fleet s&rsquo;est entretenu avec Christophe Vaessen, CEO de Belgian Shell, suite \u00e0 la r\u00e9cente collaboration entre Shell, Carrefour et Redevco pour installer environ 1.000 bornes\u2026","robots":{"index":"index","follow":"follow","max-snippet":"max-snippet:-1","max-image-preview":"max-image-preview:large","max-video-preview":"max-video-preview:-1"},"og_locale":"fr_FR","og_type":"article","og_title":"Christophe Vaessen (CEO) sur les ambitions \u00e9lectriques de Belgian Shell - link2fleet","og_description":"link2fleet s&rsquo;est entretenu avec Christophe Vaessen, CEO de Belgian Shell, suite \u00e0 la r\u00e9cente collaboration entre Shell, Carrefour et Redevco pour installer environ 1.000 bornes\u2026","og_url":"https:\/\/www.link2fleet.com\/fr\/christophe-vaessen-ceo-sur-les-ambitions-electriques-de-belgian-shell\/","og_site_name":"link2fleet","article_published_time":"2023-12-20T06:46:49+00:00","og_image":[{"width":858,"height":572,"url":"https:\/\/static.link2fleet.com\/wp-content\/uploads\/2024\/03\/schermafbeelding-2023-12-18-om-171833.png","type":"image\/png"}],"author":"Jeroen Evens","twitter_card":"summary_large_image","twitter_description":"link2fleet s&rsquo;est entretenu avec Christophe Vaessen, CEO de Belgian Shell, suite \u00e0 la r\u00e9cente collaboration entre Shell, Carrefour et Redevco pour installer environ 1.000 bornes\u2026","twitter_misc":{"\u00c9crit par":"Jeroen Evens","Dur\u00e9e de lecture estim\u00e9e":"3 minutes"},"schema":{"@context":"https:\/\/schema.org","@graph":[{"@type":"Article","@id":"https:\/\/www.link2fleet.com\/fr\/christophe-vaessen-ceo-sur-les-ambitions-electriques-de-belgian-shell\/#article","isPartOf":{"@id":"https:\/\/www.link2fleet.com\/fr\/christophe-vaessen-ceo-sur-les-ambitions-electriques-de-belgian-shell\/"},"author":{"name":"Jeroen Evens","@id":"https:\/\/www.link2fleet.com\/fr\/#\/schema\/person\/3f23fa5cf039e25761156c930f6bf38f"},"headline":"Christophe Vaessen (CEO) sur les ambitions \u00e9lectriques de Belgian Shell","datePublished":"2023-12-20T06:46:49+00:00","mainEntityOfPage":{"@id":"https:\/\/www.link2fleet.com\/fr\/christophe-vaessen-ceo-sur-les-ambitions-electriques-de-belgian-shell\/"},"wordCount":680,"publisher":{"@id":"https:\/\/www.link2fleet.com\/fr\/#organization"},"image":{"@id":"https:\/\/www.link2fleet.com\/fr\/christophe-vaessen-ceo-sur-les-ambitions-electriques-de-belgian-shell\/#primaryimage"},"thumbnailUrl":"https:\/\/static.link2fleet.com\/wp-content\/uploads\/2024\/03\/schermafbeelding-2023-12-18-om-171833.png","articleSection":["Gestion carburant et de l'\u00e9nergie","Gestion de flotte"],"inLanguage":"fr-FR"},{"@type":"WebPage","@id":"https:\/\/www.link2fleet.com\/fr\/christophe-vaessen-ceo-sur-les-ambitions-electriques-de-belgian-shell\/","url":"https:\/\/www.link2fleet.com\/fr\/christophe-vaessen-ceo-sur-les-ambitions-electriques-de-belgian-shell\/","name":"Christophe Vaessen (CEO) sur les ambitions \u00e9lectriques de Belgian Shell - link2fleet","isPartOf":{"@id":"https:\/\/www.link2fleet.com\/fr\/#website"},"primaryImageOfPage":{"@id":"https:\/\/www.link2fleet.com\/fr\/christophe-vaessen-ceo-sur-les-ambitions-electriques-de-belgian-shell\/#primaryimage"},"image":{"@id":"https:\/\/www.link2fleet.com\/fr\/christophe-vaessen-ceo-sur-les-ambitions-electriques-de-belgian-shell\/#primaryimage"},"thumbnailUrl":"https:\/\/static.link2fleet.com\/wp-content\/uploads\/2024\/03\/schermafbeelding-2023-12-18-om-171833.png","datePublished":"2023-12-20T06:46:49+00:00","breadcrumb":{"@id":"https:\/\/www.link2fleet.com\/fr\/christophe-vaessen-ceo-sur-les-ambitions-electriques-de-belgian-shell\/#breadcrumb"},"inLanguage":"fr-FR","potentialAction":[{"@type":"ReadAction","target":["https:\/\/www.link2fleet.com\/fr\/christophe-vaessen-ceo-sur-les-ambitions-electriques-de-belgian-shell\/"]}]},{"@type":"ImageObject","inLanguage":"fr-FR","@id":"https:\/\/www.link2fleet.com\/fr\/christophe-vaessen-ceo-sur-les-ambitions-electriques-de-belgian-shell\/#primaryimage","url":"https:\/\/static.link2fleet.com\/wp-content\/uploads\/2024\/03\/schermafbeelding-2023-12-18-om-171833.png","contentUrl":"https:\/\/static.link2fleet.com\/wp-content\/uploads\/2024\/03\/schermafbeelding-2023-12-18-om-171833.png","width":858,"height":572,"caption":"|||"},{"@type":"BreadcrumbList","@id":"https:\/\/www.link2fleet.com\/fr\/christophe-vaessen-ceo-sur-les-ambitions-electriques-de-belgian-shell\/#breadcrumb","itemListElement":[{"@type":"ListItem","position":1,"name":"Home","item":"https:\/\/www.link2fleet.com\/fr\/"},{"@type":"ListItem","position":2,"name":"Christophe Vaessen (CEO) sur les ambitions \u00e9lectriques de Belgian Shell"}]},{"@type":"WebSite","@id":"https:\/\/www.link2fleet.com\/fr\/#website","url":"https:\/\/www.link2fleet.com\/fr\/","name":"Link2fleet","description":"","publisher":{"@id":"https:\/\/www.link2fleet.com\/fr\/#organization"},"potentialAction":[{"@type":"SearchAction","target":{"@type":"EntryPoint","urlTemplate":"https:\/\/www.link2fleet.com\/fr\/?s={search_term_string}"},"query-input":{"@type":"PropertyValueSpecification","valueRequired":true,"valueName":"search_term_string"}}],"inLanguage":"fr-FR"},{"@type":"Organization","@id":"https:\/\/www.link2fleet.com\/fr\/#organization","name":"Link2fleet","url":"https:\/\/www.link2fleet.com\/fr\/","logo":{"@type":"ImageObject","inLanguage":"fr-FR","@id":"https:\/\/www.link2fleet.com\/fr\/#\/schema\/logo\/image\/","url":"https:\/\/static.link2fleet.com\/wp-content\/uploads\/2024\/03\/share-image.jpg","contentUrl":"https:\/\/static.link2fleet.com\/wp-content\/uploads\/2024\/03\/share-image.jpg","width":1200,"height":630,"caption":"Link2fleet"},"image":{"@id":"https:\/\/www.link2fleet.com\/fr\/#\/schema\/logo\/image\/"},"sameAs":["https:\/\/www.linkedin.com\/company\/link2fleet-belgium","https:\/\/www.youtube.com\/user\/MMMBMBE"]},{"@type":"Person","@id":"https:\/\/www.link2fleet.com\/fr\/#\/schema\/person\/3f23fa5cf039e25761156c930f6bf38f","name":"Jeroen Evens","image":{"@type":"ImageObject","inLanguage":"fr-FR","@id":"https:\/\/secure.gravatar.com\/avatar\/6e059523a84fbec54e5ec5d0f3fb4322b7b077be22b323085f823d1d7f00f32e?s=96&d=mm&r=g","url":"https:\/\/secure.gravatar.com\/avatar\/6e059523a84fbec54e5ec5d0f3fb4322b7b077be22b323085f823d1d7f00f32e?s=96&d=mm&r=g","contentUrl":"https:\/\/secure.gravatar.com\/avatar\/6e059523a84fbec54e5ec5d0f3fb4322b7b077be22b323085f823d1d7f00f32e?s=96&d=mm&r=g","caption":"Jeroen Evens"},"description":"Jeroen Evens is opgeleid in de Communicatiewetenschappen (KULeuven) en is een enthousiaste volger van alles wat met mobiliteit en bedrijfswagens te maken heeft. Als freelance journalist gespecialiseerd in de fleetsector houdt hij al drie jaar lang de vinger aan de pols van de laatste ontwikkelingen in onze sector."}]}},"_links":{"self":[{"href":"https:\/\/www.link2fleet.com\/fr\/wp-json\/wp\/v2\/posts\/11344","targetHints":{"allow":["GET"]}}],"collection":[{"href":"https:\/\/www.link2fleet.com\/fr\/wp-json\/wp\/v2\/posts"}],"about":[{"href":"https:\/\/www.link2fleet.com\/fr\/wp-json\/wp\/v2\/types\/post"}],"author":[{"embeddable":true,"href":"https:\/\/www.link2fleet.com\/fr\/wp-json\/wp\/v2\/users\/43"}],"replies":[{"embeddable":true,"href":"https:\/\/www.link2fleet.com\/fr\/wp-json\/wp\/v2\/comments?post=11344"}],"version-history":[{"count":0,"href":"https:\/\/www.link2fleet.com\/fr\/wp-json\/wp\/v2\/posts\/11344\/revisions"}],"wp:featuredmedia":[{"embeddable":true,"href":"https:\/\/www.link2fleet.com\/fr\/wp-json\/wp\/v2\/media\/11345"}],"wp:attachment":[{"href":"https:\/\/www.link2fleet.com\/fr\/wp-json\/wp\/v2\/media?parent=11344"}],"wp:term":[{"taxonomy":"category","embeddable":true,"href":"https:\/\/www.link2fleet.com\/fr\/wp-json\/wp\/v2\/categories?post=11344"},{"taxonomy":"post_tag","embeddable":true,"href":"https:\/\/www.link2fleet.com\/fr\/wp-json\/wp\/v2\/tags?post=11344"}],"curies":[{"name":"wp","href":"https:\/\/api.w.org\/{rel}","templated":true}]}}