{"id":11351,"date":"2023-12-19T15:50:17","date_gmt":"2023-12-19T14:50:17","guid":{"rendered":"https:\/\/www.link2fleet.com\/precisions-concernant-le-plafond-de-deduction-des-frais-de-voiture\/"},"modified":"2024-04-17T16:43:20","modified_gmt":"2024-04-17T14:43:20","slug":"precisions-concernant-le-plafond-de-deduction-des-frais-de-voiture","status":"publish","type":"post","link":"https:\/\/www.link2fleet.com\/fr\/precisions-concernant-le-plafond-de-deduction-des-frais-de-voiture\/","title":{"rendered":"Pr\u00e9cisions concernant le plafond de d\u00e9duction des frais de voiture"},"content":{"rendered":"<p style=\"font-weight: 400;\">Voici les principales pr\u00e9cisions applicables aux voitures de soci\u00e9t\u00e9.<\/p>\n<p style=\"font-weight: 400;\"><strong>Mais avant tout, un r\u00e9sum\u00e9 s\u2019impose:<\/strong><\/p>\n<p><strong>\u00a0<\/strong><\/p>\n<p style=\"font-weight: 400;\"><strong>\u00a0<\/strong><\/p>\n<p style=\"font-weight: 400;\"><strong>\u00a0<\/strong><\/p>\n<table style=\"font-weight: 400;\" width=\"604\">\n<tbody>\n<tr>\n<td colspan=\"2\" width=\"179\"><strong>Pourcentage de d\u00e9ductibilit\u00e9 des frais<\/strong><strong>professionnels(*)<\/strong><\/td>\n<td colspan=\"10\" width=\"425\"><strong>P\u00e9riode imposable<\/strong><\/p>\n<p><strong>(exercice fiscal)<\/strong><\/td>\n<\/tr>\n<tr>\n<td width=\"74\"><strong>Emissions (g\/km CO2)<\/strong><\/td>\n<td width=\"105\"><strong>Voiture achet\u00e9e, en leasing ou lou\u00e9e (**)<\/strong><\/td>\n<td width=\"47\">2024<\/p>\n<p>(2025)<\/td>\n<td width=\"47\">2025<\/p>\n<p>(2026)<\/td>\n<td width=\"47\">2026<\/p>\n<p>(2027)<\/td>\n<td width=\"47\">2027<\/p>\n<p>(2028)<\/td>\n<td width=\"47\">2028<\/p>\n<p>(2029)<\/td>\n<td width=\"47\">2029<\/p>\n<p>(2030)<\/td>\n<td width=\"47\">2030 (2031)<\/td>\n<td width=\"47\">2031 (2032)<\/td>\n<td width=\"47\">2032<\/p>\n<p>(2033)<\/td>\n<td width=\"0\">&nbsp;<\/td>\n<\/tr>\n<tr>\n<td rowspan=\"4\" width=\"74\">&nbsp;<\/p>\n<p>&nbsp;<\/p>\n<p>Egal ou sup\u00e9rieur \u00e0 200 (**)<\/td>\n<td width=\"105\">Avant 01.01.2018<\/td>\n<td width=\"47\">40<\/td>\n<td width=\"47\">40<\/td>\n<td width=\"47\">40<\/td>\n<td width=\"47\">40<\/td>\n<td width=\"47\">40<\/td>\n<td width=\"47\">40<\/td>\n<td width=\"47\">40<\/td>\n<td width=\"47\">40<\/td>\n<td width=\"47\">40<\/td>\n<td width=\"0\">&nbsp;<\/td>\n<\/tr>\n<tr>\n<td width=\"105\">Du 01.01.2018 au 30.06.2023<\/td>\n<td width=\"47\">40<\/td>\n<td width=\"47\">40<\/td>\n<td width=\"47\">40<\/td>\n<td width=\"47\">40<\/td>\n<td width=\"47\">40<\/td>\n<td width=\"47\">40<\/td>\n<td width=\"47\">40<\/td>\n<td width=\"47\">40<\/td>\n<td width=\"47\">40<\/td>\n<td width=\"0\">&nbsp;<\/td>\n<\/tr>\n<tr>\n<td width=\"105\">Du 01.07.2023 au 31.21.2025<\/td>\n<td width=\"47\">40<\/td>\n<td width=\"47\">0 \u2013 75<\/td>\n<td width=\"47\">0 \u2013 50<\/td>\n<td width=\"47\">0 \u2013 25<\/td>\n<td width=\"47\">&#8211;<\/td>\n<td width=\"47\">&#8211;<\/td>\n<td width=\"47\">&#8211;<\/td>\n<td width=\"47\">&#8211;<\/td>\n<td width=\"47\">&#8211;<\/td>\n<td width=\"0\">&nbsp;<\/td>\n<\/tr>\n<tr>\n<td width=\"105\">A partir du 01.01.2026<\/td>\n<td width=\"47\">&#8211;<\/td>\n<td width=\"47\">&#8211;<\/td>\n<td width=\"47\">&#8211;<\/td>\n<td width=\"47\">&#8211;<\/td>\n<td width=\"47\">&#8211;<\/td>\n<td width=\"47\">&#8211;<\/td>\n<td width=\"47\">&#8211;<\/td>\n<td width=\"47\">&#8211;<\/td>\n<td width=\"47\">&#8211;<\/td>\n<td width=\"0\">&nbsp;<\/td>\n<\/tr>\n<tr>\n<td rowspan=\"4\" width=\"74\">&nbsp;<\/p>\n<p>&nbsp;<\/p>\n<p>&nbsp;<\/p>\n<p>&nbsp;<\/p>\n<p>De 1 \u00e0 199<\/td>\n<td width=\"105\">Avant 01.01.2018<\/td>\n<td width=\"47\">75 \u2013 100<\/td>\n<td width=\"47\">75 \u2013 100<\/td>\n<td width=\"47\">75 \u2013 100<\/td>\n<td width=\"47\">75 \u2013 100<\/td>\n<td width=\"47\">75 \u2013 100<\/td>\n<td width=\"47\">75 \u2013 100<\/td>\n<td width=\"47\">75 \u2013 100<\/td>\n<td width=\"47\">75 \u2013 100<\/td>\n<td width=\"47\">75 \u2013 100<\/td>\n<td width=\"0\">&nbsp;<\/td>\n<\/tr>\n<tr>\n<td width=\"105\">Du 01.01.2018 au 30.06.2023<\/td>\n<td width=\"47\">50 \u2013 100<\/td>\n<td width=\"47\">50 \u2013 100<\/td>\n<td width=\"47\">50 \u2013 100<\/td>\n<td width=\"47\">50 \u2013 100<\/td>\n<td width=\"47\">50 \u2013 100<\/td>\n<td width=\"47\">50 \u2013 100<\/td>\n<td width=\"47\">50 \u2013 100<\/td>\n<td width=\"47\">50 \u2013 100<\/td>\n<td width=\"47\">50 \u2013 100<\/td>\n<td width=\"0\">&nbsp;<\/td>\n<\/tr>\n<tr>\n<td width=\"105\">Du 01.07.2023 au 31.12.2025<\/td>\n<td width=\"47\">50 \u2013 100<\/td>\n<td width=\"47\">0 \u2013 75<\/td>\n<td width=\"47\">0 &#8211; 50<\/td>\n<td width=\"47\">0 \u2013 25<\/td>\n<td width=\"47\">&#8211;<\/td>\n<td width=\"47\">&#8211;<\/td>\n<td width=\"47\">&#8211;<\/td>\n<td width=\"47\">&#8211;<\/td>\n<td width=\"47\">&#8211;<\/td>\n<td width=\"0\">&nbsp;<\/td>\n<\/tr>\n<tr>\n<td width=\"105\">A partir du 01.01.2026<\/td>\n<td width=\"47\">&#8211;<\/td>\n<td width=\"47\">&#8211;<\/td>\n<td width=\"47\">&#8211;<\/td>\n<td width=\"47\">&#8211;<\/td>\n<td width=\"47\">&#8211;<\/td>\n<td width=\"47\">&#8211;<\/td>\n<td width=\"47\">&#8211;<\/td>\n<td width=\"47\">&#8211;<\/td>\n<td width=\"47\">&#8211;<\/td>\n<td width=\"0\">&nbsp;<\/td>\n<\/tr>\n<tr>\n<td rowspan=\"9\" width=\"74\">&nbsp;<\/p>\n<p>&nbsp;<\/p>\n<p>&nbsp;<\/p>\n<p>&nbsp;<\/p>\n<p>&nbsp;<\/p>\n<p>&nbsp;<\/p>\n<p>&nbsp;<\/p>\n<p>&nbsp;<\/p>\n<p>Egal \u00e0 0<\/td>\n<td width=\"105\">Avant 01.01.2018<\/td>\n<td width=\"47\">100<\/td>\n<td width=\"47\">100<\/td>\n<td width=\"47\">100<\/td>\n<td width=\"47\">100<\/td>\n<td width=\"47\">100<\/td>\n<td width=\"47\">100<\/td>\n<td width=\"47\">100<\/td>\n<td width=\"47\">100<\/td>\n<td width=\"47\">100<\/td>\n<td width=\"0\">&nbsp;<\/td>\n<\/tr>\n<tr>\n<td width=\"105\">Du 01.01.2018 au 30.06.2023<\/td>\n<td width=\"47\">100<\/td>\n<td width=\"47\">100<\/td>\n<td width=\"47\">100<\/td>\n<td width=\"47\">100<\/td>\n<td width=\"47\">100<\/td>\n<td width=\"47\">100<\/td>\n<td width=\"47\">100<\/td>\n<td width=\"47\">100<\/td>\n<td width=\"47\">100<\/td>\n<td width=\"0\">&nbsp;<\/td>\n<\/tr>\n<tr>\n<td width=\"105\">Du 01.07.2023 au 31.12.2025<\/td>\n<td width=\"47\">100<\/td>\n<td width=\"47\">100<\/td>\n<td width=\"47\">100<\/td>\n<td width=\"47\">100<\/td>\n<td width=\"47\">100<\/td>\n<td width=\"47\">100<\/td>\n<td width=\"47\">100<\/td>\n<td width=\"47\">100<\/td>\n<td width=\"47\">100<\/td>\n<td width=\"0\">&nbsp;<\/td>\n<\/tr>\n<tr>\n<td width=\"105\">A partir du 01.01.2026<\/td>\n<td width=\"47\">&nbsp;<\/td>\n<td width=\"47\">&nbsp;<\/td>\n<td width=\"47\">100<\/td>\n<td width=\"47\">100<\/td>\n<td width=\"47\">100<\/td>\n<td width=\"47\">100<\/td>\n<td width=\"47\">100<\/td>\n<td width=\"47\">100<\/td>\n<td width=\"47\">100<\/td>\n<td width=\"0\">&nbsp;<\/td>\n<\/tr>\n<tr>\n<td width=\"105\">A partir du 01.01.2027<\/td>\n<td width=\"47\">&nbsp;<\/td>\n<td width=\"47\">&nbsp;<\/td>\n<td width=\"47\">&nbsp;<\/td>\n<td width=\"47\">95<\/td>\n<td width=\"47\">95<\/td>\n<td width=\"47\">95<\/td>\n<td width=\"47\">95<\/td>\n<td width=\"47\">95<\/td>\n<td width=\"47\">95<\/td>\n<td width=\"0\">&nbsp;<\/td>\n<\/tr>\n<tr>\n<td width=\"105\">A partir du 01.01.2028<\/td>\n<td width=\"47\">&nbsp;<\/td>\n<td width=\"47\">&nbsp;<\/td>\n<td width=\"47\">&nbsp;<\/td>\n<td width=\"47\">&nbsp;<\/td>\n<td width=\"47\">90<\/td>\n<td width=\"47\">90<\/td>\n<td width=\"47\">90<\/td>\n<td width=\"47\">90<\/td>\n<td width=\"47\">90<\/td>\n<td width=\"0\">&nbsp;<\/td>\n<\/tr>\n<tr>\n<td width=\"105\">A partir du 01.01.2029<\/td>\n<td width=\"47\">&nbsp;<\/td>\n<td width=\"47\">&nbsp;<\/td>\n<td width=\"47\">&nbsp;<\/td>\n<td width=\"47\">&nbsp;<\/td>\n<td width=\"47\">&nbsp;<\/td>\n<td width=\"47\">82,5<\/td>\n<td width=\"47\">82,5<\/td>\n<td width=\"47\">82,5<\/td>\n<td width=\"47\">82,5<\/td>\n<td width=\"0\">&nbsp;<\/td>\n<\/tr>\n<tr>\n<td width=\"105\">A partir du 01.01.2030<\/td>\n<td width=\"47\">&nbsp;<\/td>\n<td width=\"47\">&nbsp;<\/td>\n<td width=\"47\">&nbsp;<\/td>\n<td width=\"47\">&nbsp;<\/td>\n<td width=\"47\">&nbsp;<\/td>\n<td width=\"47\">&nbsp;<\/td>\n<td width=\"47\">75<\/td>\n<td width=\"47\">75<\/td>\n<td width=\"47\">75<\/td>\n<td width=\"0\">&nbsp;<\/td>\n<\/tr>\n<tr>\n<td width=\"105\">A partir du 01.01.2031<\/td>\n<td width=\"47\">&nbsp;<\/td>\n<td width=\"47\">&nbsp;<\/td>\n<td width=\"47\">&nbsp;<\/td>\n<td width=\"47\">&nbsp;<\/td>\n<td width=\"47\">&nbsp;<\/td>\n<td width=\"47\">&nbsp;<\/td>\n<td width=\"47\">&nbsp;<\/td>\n<td width=\"47\">67,5<\/td>\n<td width=\"47\">67,5<\/td>\n<td width=\"0\">&nbsp;<\/td>\n<\/tr>\n<\/tbody>\n<\/table>\n<p style=\"font-weight: 400;\">\n<p style=\"font-weight: 400;\"><strong>Date du contrat de leasing<\/strong><\/p>\n<p style=\"font-weight: 400;\">Bien qu&rsquo;il n&rsquo;y ait pas de d\u00e9duction fiscale pour les v\u00e9hicules \u00e0 \u00e9missions non nulles achet\u00e9s apr\u00e8s le 1er janvier 2026, la circulaire pr\u00e9cise que cela ne signifie pas que les voitures de soci\u00e9t\u00e9 \u00e0 \u00e9missions non nulles sont interdites&#8230;.. . La non-d\u00e9duction a \u00e9videmment un impact n\u00e9gatif sur le TCO, affectant tr\u00e8s fortement l&rsquo;attractivit\u00e9 des voitures de soci\u00e9t\u00e9 \u00e0 \u00e9missions non nulles.<\/p>\n<p style=\"font-weight: 400;\">La circulaire pr\u00e9cise \u00e9galement que pour les v\u00e9hicules z\u00e9ro \u00e9mission, l&rsquo;ann\u00e9e d&rsquo;achat d\u00e9termine le pourcentage de d\u00e9duction applicable pendant toute la dur\u00e9e d&rsquo;utilisation ou de location du v\u00e9hicule.<\/p>\n<p style=\"font-weight: 400;\">En principe, le moment de la date du contrat de location compte pour les voitures lou\u00e9es. Lors de l&rsquo;achat d&rsquo;une voiture de soci\u00e9t\u00e9, les voitures command\u00e9es mais pas encore livr\u00e9es sont \u00e9galement consid\u00e9r\u00e9es comme \u00ab\u00a0achet\u00e9es\u00a0\u00bb aux fins de la limitation de la d\u00e9duction.<\/p>\n<p style=\"font-weight: 400;\">La prolongation du contrat de leasing ou des conditions initiales est consid\u00e9r\u00e9e comme un nouveau contrat et ouvre donc l\u2019application des taux de d\u00e9duction applicables \u00e0 ce moment-l\u00e0.<\/p>\n<p style=\"font-weight: 400;\">Par exemple: Pour une voiture \u00e9lectrique lou\u00e9e (date de contrat) en 2027, la limitation de d\u00e9ductibilit\u00e9 \u00e0 95% est d\u2019application tant que le contrat court. Si celui-ci est prolong\u00e9 en 2031, la d\u00e9ductibilit\u00e9 passe \u00e0 67,5% sauf si la possibilit\u00e9 de modification a \u00e9t\u00e9 incluse dans le contrat d\u00e8s le d\u00e9part et que toutes les modalit\u00e9s concr\u00e8tes de mise en \u0153uvre de cette modification ont d\u00e9j\u00e0 \u00e9t\u00e9 pr\u00e9vues dans ce contrat lors de la conclusion du bail ou du contrat de location, de sorte qu&rsquo;aucun accord suppl\u00e9mentaire entre le bailleur ou le loueur et le locataire ou le preneur n&rsquo;a besoin d&rsquo;\u00eatre conclu en cas de modification, mais que le locataire ou le preneur peut activer unilat\u00e9ralement les modalit\u00e9s de la modification, qui ont d\u00e9j\u00e0 \u00e9t\u00e9 pr\u00e9vues au moment de la conclusion du contrat.<\/p>\n<p style=\"font-weight: 400;\">C\u2019est moins clair si, par exemple, le prix du contrat de location est adapt\u00e9 pendant la dur\u00e9e du contrat, notamment en raison d&rsquo;un nombre de kilom\u00e8tres inf\u00e9rieur ou sup\u00e9rieur. Est-ce que cela est \u00e9galement consid\u00e9r\u00e9 comme une modification des conditions initiales du contrat ? Bien que la circulaire formule clairement : Toute modification des conditions initiales du contrat de bail ou de location entra\u00eene une nouvelle date de contrat (et donc \u00e9ventuellement l&rsquo;application d&rsquo;un nouveau pourcentage de d\u00e9duction (r\u00e9duit)), \u00e0 notre avis, l&rsquo;explication doit plut\u00f4t \u00eatre interpr\u00e9t\u00e9e comme une modification de la dur\u00e9e du contrat (lire prolongation du contrat).<\/p>\n<p style=\"font-weight: 400;\">Pour ne courir aucun risque, l&rsquo;utilisation de ce que l&rsquo;on appelle la matrice semble fortement conseill\u00e9e afin que toute modification des conditions initiales soit indiqu\u00e9e de mani\u00e8re claire et transparente dans le contrat de leasing et qu&rsquo;aucun accord nouveau\/suppl\u00e9mentaire ne soit donc n\u00e9cessaire.<\/p>\n<p style=\"font-weight: 400;\">\n<p style=\"font-weight: 400;\"><strong>Contribution propre, avantage de toute nature et montant soumis \u00e0 limitation de d\u00e9duction<\/strong><\/p>\n<p style=\"font-weight: 400;\">Apr\u00e8s quelques jugements, la circulaire pr\u00e9cise maintenant aussi que l&rsquo;avantage en nature d\u00fb pour l&rsquo;utilisation priv\u00e9e de la voiture de soci\u00e9t\u00e9 peut \u00eatre d\u00e9duit des frais de voiture sous r\u00e9serve de la limitation de la d\u00e9duction. Auparavant, il \u00e9tait d\u00e9j\u00e0 clair qu&rsquo;une contribution propre pour l&rsquo;utilisation priv\u00e9e de sa voiture de soci\u00e9t\u00e9 pouvait \u00eatre d\u00e9duite de l&rsquo;avantage en nature.<\/p>\n<p style=\"font-weight: 400;\"><u>Exemple<\/u>:<\/p>\n<p style=\"font-weight: 400;\">Un employeur met une voiture \u00e0 disposition d\u2019un de ses collaborateur qui l\u2019utilise tant pour ses besoisn professsionels que priv\u00e9s. Ses exercices comptables correspondent aux ann\u00e9es civiles.<\/p>\n<p style=\"font-weight: 400;\">Le v\u00e9hicule a \u00e9t\u00e9 acquis par l\u2019employeur en 2017.<\/p>\n<p style=\"font-weight: 400;\">Le taux d\u2019\u00e9missions du v\u00e9hicule et de 150 g\/km CO2.<\/p>\n<p style=\"font-weight: 400;\">Pour l\u2019ann\u00e9e de revenus 2022, le co\u00fbt relatif \u00e0 ce v\u00e9hicule est de 3.000 euros.<\/p>\n<p style=\"font-weight: 400;\">Pour la m\u00eame p\u00e9riode, l\u2019avantage de toute nature per\u00e7u pour la mise \u00e0 disposition de ce v\u00e9hicule est de 2.500 euros.<\/p>\n<p style=\"font-weight: 400;\">Cependant, en 2022, le salari\u00e9 intervient pour 500 \u20ac pour l&rsquo;utilisation priv\u00e9e de ce m\u00eame v\u00e9hicule, ce qui r\u00e9duit l&rsquo;avantage en nature imposable \u00e0 2 000 \u20ac.<\/p>\n<p style=\"font-weight: 400;\">Les frais professionnels li\u00e9s au v\u00e9hicule \u00e0 limiter \u00e0 75 % dans le chef de l&#8217;employeur sont de 500 euros (3 000 &#8211; 2 500).<\/p>\n<p style=\"font-weight: 400;\">\n<p style=\"font-weight: 400;\"><strong>Bornes de recharge<\/strong><\/p>\n<p style=\"font-weight: 400;\">Les frais professionnels li\u00e9s aux bornes de recharge resteront d\u00e9ductibles, mais par souci de coh\u00e9rence, ils ne seront plus limit\u00e9s en tant que frais li\u00e9s \u00e0 l&rsquo;utilisation d&rsquo;un v\u00e9hicule, quel que soit le taux de d\u00e9duction des diff\u00e9rents v\u00e9hicules \u00e9lectriques et hybrides qui les utilisent. \u00c0 partir de l&rsquo;ann\u00e9e d\u2019imposition 2022, ils seront d\u00e9ductibles \u00e0 100 %.<\/p>\n<p style=\"font-weight: 400;\">Pour les m\u00eames raisons de coh\u00e9rence, les co\u00fbts li\u00e9s aux bornes de recharge seront limit\u00e9s \u00e0 75 % \u00e0 partir du 1er janvier 2030, comme pour les co\u00fbts li\u00e9s aux voitures z\u00e9ro \u00e9mission.<\/p>\n<p style=\"font-weight: 400;\">\n<p style=\"font-weight: 400;\"><strong>Indemnit\u00e9 kilom\u00e9trique pour l&rsquo;utilisation professionnelle de sa propre voiture hybride rechargeable<\/strong><\/p>\n<p style=\"font-weight: 400;\">Pour les v\u00e9hicules rechargeables ou hybrides rechargeables, achet\u00e9s, pris en leasing ou lou\u00e9s \u00e0 partir du 1er janvier 2023, les co\u00fbts de l&rsquo;essence ou du diesel seront limit\u00e9s selon la limite de d\u00e9duction normale, mais avec un plafond absolu de 50 %.<\/p>\n<p style=\"font-weight: 400;\">Lorsqu&rsquo;un employeur accorde une indemnit\u00e9 kilom\u00e9trique forfaitaire \u00e0 un salari\u00e9 pour des trajets de service effectu\u00e9s avec sa propre voiture (frais propres \u00e0 l&#8217;employeur), et que cette voiture est une hybride rechargeable achet\u00e9e par le salari\u00e9 au cours de la p\u00e9riode allant du 1er janvier 2023 au 31 d\u00e9cembre 2025, l&rsquo;indemnit\u00e9 kilom\u00e9trique forfaitaire peut \u00eatre consid\u00e9r\u00e9e comme se rapportant \u00e0 :<\/p>\n<p style=\"font-weight: 400;\">&#8211;\u00a0\u00a0\u00a0\u00a0\u00a0\u00a0\u00a0frais de diesel ou d\u2019eesence: pour 30 % (limit\u00e9 \u00e0 une d\u00e9ductibilit\u00e9 max de 50%)<\/p>\n<p style=\"font-weight: 400;\">&#8211;\u00a0\u00a0\u00a0\u00a0\u00a0\u00a0\u00a0frais g\u00e9n\u00e9raux (y compris les frais d&rsquo;\u00e9lectricit\u00e9): pour 70 % (avec une d\u00e9ductibilit\u00e9 entre 50-100% en fonction du taux de CO2, en pratique entre 95-99%).<\/p>\n<p style=\"font-weight: 400;\">\n<p style=\"font-weight: 400;\"><em>Ces pr\u00e9cisions sont un bon compl\u00e9ment aux r\u00e8gles existantes et apportent un peu plus de certitude concernant l&rsquo;application correcte de la limitation de la d\u00e9duction. On pointera notamment la certitude de pouvoir d\u00e9duire fiscalement encore \u00e0 100% les co<\/em><em>\u00fbts li\u00e9s aux bornes de recharge de fa\u00e7on temporaire et sous certaines conditions.<\/em><\/p>\n<p style=\"font-weight: 400;\"><em>Les soci\u00e9t\u00e9s de leasing doivent \u00e9galement v\u00e9rifier leurs contrats de leasing et les conditions dans lesquelles les modifications peuvent avoir lieu, afin que les modifications n&rsquo;entra\u00eenent pas un accord suppl\u00e9mentaire entre le bailleur ou le loueur et le locataire, mais que le locataire ou le loueur puisse activer unilat\u00e9ralement les modalit\u00e9s de la modification, qui \u00e9taient d\u00e9j\u00e0 pr\u00e9vues lors de la conclusion du contrat. Dans le cas contraire, des taux de d\u00e9duction inf\u00e9rieurs risquent de s\u2019appliquer d\u00e8s la modification.<\/em><\/p>\n<p style=\"font-weight: 400;\"><em>\u00a0<\/em><\/p>\n<p style=\"font-weight: 400;\">Des questions? <a href=\"mailto:bvanham@fleet3sixty.com\">bvanham@fleet3sixty.com<\/a><\/p>\n<p style=\"font-weight: 400;\">\n","protected":false},"excerpt":{"rendered":"<p>Voici les principales pr\u00e9cisions applicables aux voitures de soci\u00e9t\u00e9. Mais avant tout, un r\u00e9sum\u00e9 s\u2019impose: \u00a0 \u00a0 \u00a0 Pourcentage de d\u00e9ductibilit\u00e9 des fraisprofessionnels(*) P\u00e9riode imposable (exercice fiscal) Emissions (g\/km CO2) Voiture achet\u00e9e, en leasing ou lou\u00e9e (**) 2024 (2025) 2025 (2026) 2026 (2027) 2027 (2028) 2028 (2029) 2029 (2030) 2030 (2031) 2031 (2032) 2032 (2033) [&hellip;]<\/p>\n","protected":false},"author":4,"featured_media":6382,"comment_status":"closed","ping_status":"closed","sticky":false,"template":"","format":"standard","meta":{"_acf_changed":false,"footnotes":""},"categories":[91,101],"tags":[],"class_list":["post-11351","post","type-post","status-publish","format-standard","has-post-thumbnail","hentry","category-expertise-et-management","category-tax-legal"],"acf":[],"yoast_head":"<!-- This site is optimized with the Yoast SEO plugin v27.3 - https:\/\/yoast.com\/product\/yoast-seo-wordpress\/ -->\n<title>Pr\u00e9cisions concernant le plafond de d\u00e9duction des frais de voiture - link2fleet<\/title>\n<meta name=\"description\" content=\"Le 12 d\u00e9cembre 2023, une circulaire qui apporter des pr\u00e9cisions concernant la d\u00e9ductibilit\u00e9 fiscale des frais de voiture a \u00e9t\u00e9 publi\u00e9e. Cette d\u00e9ductibilit\u00e9 a b\u00e9n\u00e9fici\u00e9\u2026\" \/>\n<meta name=\"robots\" content=\"index, follow, max-snippet:-1, max-image-preview:large, max-video-preview:-1\" \/>\n<meta property=\"og:locale\" content=\"fr_FR\" \/>\n<meta property=\"og:type\" content=\"article\" \/>\n<meta property=\"og:title\" content=\"Pr\u00e9cisions concernant le plafond de d\u00e9duction des frais de voiture - link2fleet\" \/>\n<meta property=\"og:description\" content=\"Le 12 d\u00e9cembre 2023, une circulaire qui apporter des pr\u00e9cisions concernant la d\u00e9ductibilit\u00e9 fiscale des frais de voiture a \u00e9t\u00e9 publi\u00e9e. Cette d\u00e9ductibilit\u00e9 a b\u00e9n\u00e9fici\u00e9\u2026\" \/>\n<meta property=\"og:url\" content=\"https:\/\/www.link2fleet.com\/fr\/precisions-concernant-le-plafond-de-deduction-des-frais-de-voiture\/\" \/>\n<meta property=\"og:site_name\" content=\"link2fleet\" \/>\n<meta property=\"article:published_time\" content=\"2023-12-19T14:50:17+00:00\" \/>\n<meta property=\"article:modified_time\" content=\"2024-04-17T14:43:20+00:00\" \/>\n<meta property=\"og:image\" content=\"https:\/\/static.link2fleet.com\/wp-content\/uploads\/2024\/03\/fiscalitex1600.jpeg\" \/>\n\t<meta property=\"og:image:width\" content=\"1600\" \/>\n\t<meta property=\"og:image:height\" content=\"1066\" \/>\n\t<meta property=\"og:image:type\" content=\"image\/jpeg\" \/>\n<meta name=\"author\" content=\"Damien Malvetti\" \/>\n<meta name=\"twitter:card\" content=\"summary_large_image\" \/>\n<meta name=\"twitter:description\" content=\"Le 12 d\u00e9cembre 2023, une circulaire qui apporter des pr\u00e9cisions concernant la d\u00e9ductibilit\u00e9 fiscale des frais de voiture a \u00e9t\u00e9 publi\u00e9e. Cette d\u00e9ductibilit\u00e9 a b\u00e9n\u00e9fici\u00e9\u2026\" \/>\n<meta name=\"twitter:label1\" content=\"\u00c9crit par\" \/>\n\t<meta name=\"twitter:data1\" content=\"Damien Malvetti\" \/>\n\t<meta name=\"twitter:label2\" content=\"Dur\u00e9e de lecture estim\u00e9e\" \/>\n\t<meta name=\"twitter:data2\" content=\"7 minutes\" \/>\n<script type=\"application\/ld+json\" class=\"yoast-schema-graph\">{\"@context\":\"https:\\\/\\\/schema.org\",\"@graph\":[{\"@type\":\"Article\",\"@id\":\"https:\\\/\\\/www.link2fleet.com\\\/fr\\\/precisions-concernant-le-plafond-de-deduction-des-frais-de-voiture\\\/#article\",\"isPartOf\":{\"@id\":\"https:\\\/\\\/www.link2fleet.com\\\/fr\\\/precisions-concernant-le-plafond-de-deduction-des-frais-de-voiture\\\/\"},\"author\":{\"name\":\"Damien Malvetti\",\"@id\":\"https:\\\/\\\/www.link2fleet.com\\\/fr\\\/#\\\/schema\\\/person\\\/027cd46113c78036b3809c9a054049da\"},\"headline\":\"Pr\u00e9cisions concernant le plafond de d\u00e9duction des frais de voiture\",\"datePublished\":\"2023-12-19T14:50:17+00:00\",\"dateModified\":\"2024-04-17T14:43:20+00:00\",\"mainEntityOfPage\":{\"@id\":\"https:\\\/\\\/www.link2fleet.com\\\/fr\\\/precisions-concernant-le-plafond-de-deduction-des-frais-de-voiture\\\/\"},\"wordCount\":1351,\"publisher\":{\"@id\":\"https:\\\/\\\/www.link2fleet.com\\\/fr\\\/#organization\"},\"image\":{\"@id\":\"https:\\\/\\\/www.link2fleet.com\\\/fr\\\/precisions-concernant-le-plafond-de-deduction-des-frais-de-voiture\\\/#primaryimage\"},\"thumbnailUrl\":\"https:\\\/\\\/static.link2fleet.com\\\/wp-content\\\/uploads\\\/2024\\\/03\\\/fiscalitex1600.jpeg\",\"articleSection\":[\"Gestion de flotte\",\"Tax &amp; legal\"],\"inLanguage\":\"fr-FR\"},{\"@type\":\"WebPage\",\"@id\":\"https:\\\/\\\/www.link2fleet.com\\\/fr\\\/precisions-concernant-le-plafond-de-deduction-des-frais-de-voiture\\\/\",\"url\":\"https:\\\/\\\/www.link2fleet.com\\\/fr\\\/precisions-concernant-le-plafond-de-deduction-des-frais-de-voiture\\\/\",\"name\":\"Pr\u00e9cisions concernant le plafond de d\u00e9duction des frais de voiture - link2fleet\",\"isPartOf\":{\"@id\":\"https:\\\/\\\/www.link2fleet.com\\\/fr\\\/#website\"},\"primaryImageOfPage\":{\"@id\":\"https:\\\/\\\/www.link2fleet.com\\\/fr\\\/precisions-concernant-le-plafond-de-deduction-des-frais-de-voiture\\\/#primaryimage\"},\"image\":{\"@id\":\"https:\\\/\\\/www.link2fleet.com\\\/fr\\\/precisions-concernant-le-plafond-de-deduction-des-frais-de-voiture\\\/#primaryimage\"},\"thumbnailUrl\":\"https:\\\/\\\/static.link2fleet.com\\\/wp-content\\\/uploads\\\/2024\\\/03\\\/fiscalitex1600.jpeg\",\"datePublished\":\"2023-12-19T14:50:17+00:00\",\"dateModified\":\"2024-04-17T14:43:20+00:00\",\"breadcrumb\":{\"@id\":\"https:\\\/\\\/www.link2fleet.com\\\/fr\\\/precisions-concernant-le-plafond-de-deduction-des-frais-de-voiture\\\/#breadcrumb\"},\"inLanguage\":\"fr-FR\",\"potentialAction\":[{\"@type\":\"ReadAction\",\"target\":[\"https:\\\/\\\/www.link2fleet.com\\\/fr\\\/precisions-concernant-le-plafond-de-deduction-des-frais-de-voiture\\\/\"]}]},{\"@type\":\"ImageObject\",\"inLanguage\":\"fr-FR\",\"@id\":\"https:\\\/\\\/www.link2fleet.com\\\/fr\\\/precisions-concernant-le-plafond-de-deduction-des-frais-de-voiture\\\/#primaryimage\",\"url\":\"https:\\\/\\\/static.link2fleet.com\\\/wp-content\\\/uploads\\\/2024\\\/03\\\/fiscalitex1600.jpeg\",\"contentUrl\":\"https:\\\/\\\/static.link2fleet.com\\\/wp-content\\\/uploads\\\/2024\\\/03\\\/fiscalitex1600.jpeg\",\"width\":1600,\"height\":1066,\"caption\":\"|\"},{\"@type\":\"BreadcrumbList\",\"@id\":\"https:\\\/\\\/www.link2fleet.com\\\/fr\\\/precisions-concernant-le-plafond-de-deduction-des-frais-de-voiture\\\/#breadcrumb\",\"itemListElement\":[{\"@type\":\"ListItem\",\"position\":1,\"name\":\"Home\",\"item\":\"https:\\\/\\\/www.link2fleet.com\\\/fr\\\/\"},{\"@type\":\"ListItem\",\"position\":2,\"name\":\"Pr\u00e9cisions concernant le plafond de d\u00e9duction des frais de voiture\"}]},{\"@type\":\"WebSite\",\"@id\":\"https:\\\/\\\/www.link2fleet.com\\\/fr\\\/#website\",\"url\":\"https:\\\/\\\/www.link2fleet.com\\\/fr\\\/\",\"name\":\"Link2fleet\",\"description\":\"\",\"publisher\":{\"@id\":\"https:\\\/\\\/www.link2fleet.com\\\/fr\\\/#organization\"},\"potentialAction\":[{\"@type\":\"SearchAction\",\"target\":{\"@type\":\"EntryPoint\",\"urlTemplate\":\"https:\\\/\\\/www.link2fleet.com\\\/fr\\\/?s={search_term_string}\"},\"query-input\":{\"@type\":\"PropertyValueSpecification\",\"valueRequired\":true,\"valueName\":\"search_term_string\"}}],\"inLanguage\":\"fr-FR\"},{\"@type\":\"Organization\",\"@id\":\"https:\\\/\\\/www.link2fleet.com\\\/fr\\\/#organization\",\"name\":\"Link2fleet\",\"url\":\"https:\\\/\\\/www.link2fleet.com\\\/fr\\\/\",\"logo\":{\"@type\":\"ImageObject\",\"inLanguage\":\"fr-FR\",\"@id\":\"https:\\\/\\\/www.link2fleet.com\\\/fr\\\/#\\\/schema\\\/logo\\\/image\\\/\",\"url\":\"https:\\\/\\\/static.link2fleet.com\\\/wp-content\\\/uploads\\\/2024\\\/03\\\/share-image.jpg\",\"contentUrl\":\"https:\\\/\\\/static.link2fleet.com\\\/wp-content\\\/uploads\\\/2024\\\/03\\\/share-image.jpg\",\"width\":1200,\"height\":630,\"caption\":\"Link2fleet\"},\"image\":{\"@id\":\"https:\\\/\\\/www.link2fleet.com\\\/fr\\\/#\\\/schema\\\/logo\\\/image\\\/\"},\"sameAs\":[\"https:\\\/\\\/www.linkedin.com\\\/company\\\/link2fleet-belgium\",\"https:\\\/\\\/www.youtube.com\\\/user\\\/MMMBMBE\"]},{\"@type\":\"Person\",\"@id\":\"https:\\\/\\\/www.link2fleet.com\\\/fr\\\/#\\\/schema\\\/person\\\/027cd46113c78036b3809c9a054049da\",\"name\":\"Damien Malvetti\",\"image\":{\"@type\":\"ImageObject\",\"inLanguage\":\"fr-FR\",\"@id\":\"https:\\\/\\\/secure.gravatar.com\\\/avatar\\\/dd8cc03b49466c735f753ac37f8caa371af16dfed347456ed61f02883255eebb?s=96&d=mm&r=g\",\"url\":\"https:\\\/\\\/secure.gravatar.com\\\/avatar\\\/dd8cc03b49466c735f753ac37f8caa371af16dfed347456ed61f02883255eebb?s=96&d=mm&r=g\",\"contentUrl\":\"https:\\\/\\\/secure.gravatar.com\\\/avatar\\\/dd8cc03b49466c735f753ac37f8caa371af16dfed347456ed61f02883255eebb?s=96&d=mm&r=g\",\"caption\":\"Damien Malvetti\"},\"description\":\"Damien Malvetti is opgeleid als journalist en gepassioneerd door wagens, technologie en mobiliteit. Hij is verantwoordelijk voor de redactionele inhoud van link2fleet en beschikt over een uitgebreide kennis van de fleet-sector en elektrische mobiliteit.\",\"sameAs\":[\"https:\\\/\\\/www.linkedin.com\\\/in\\\/damien-malvetti-56601142\\\/\"]}]}<\/script>\n<!-- \/ Yoast SEO plugin. -->","yoast_head_json":{"title":"Pr\u00e9cisions concernant le plafond de d\u00e9duction des frais de voiture - link2fleet","description":"Le 12 d\u00e9cembre 2023, une circulaire qui apporter des pr\u00e9cisions concernant la d\u00e9ductibilit\u00e9 fiscale des frais de voiture a \u00e9t\u00e9 publi\u00e9e. Cette d\u00e9ductibilit\u00e9 a b\u00e9n\u00e9fici\u00e9\u2026","robots":{"index":"index","follow":"follow","max-snippet":"max-snippet:-1","max-image-preview":"max-image-preview:large","max-video-preview":"max-video-preview:-1"},"og_locale":"fr_FR","og_type":"article","og_title":"Pr\u00e9cisions concernant le plafond de d\u00e9duction des frais de voiture - link2fleet","og_description":"Le 12 d\u00e9cembre 2023, une circulaire qui apporter des pr\u00e9cisions concernant la d\u00e9ductibilit\u00e9 fiscale des frais de voiture a \u00e9t\u00e9 publi\u00e9e. Cette d\u00e9ductibilit\u00e9 a b\u00e9n\u00e9fici\u00e9\u2026","og_url":"https:\/\/www.link2fleet.com\/fr\/precisions-concernant-le-plafond-de-deduction-des-frais-de-voiture\/","og_site_name":"link2fleet","article_published_time":"2023-12-19T14:50:17+00:00","article_modified_time":"2024-04-17T14:43:20+00:00","og_image":[{"width":1600,"height":1066,"url":"https:\/\/static.link2fleet.com\/wp-content\/uploads\/2024\/03\/fiscalitex1600.jpeg","type":"image\/jpeg"}],"author":"Damien Malvetti","twitter_card":"summary_large_image","twitter_description":"Le 12 d\u00e9cembre 2023, une circulaire qui apporter des pr\u00e9cisions concernant la d\u00e9ductibilit\u00e9 fiscale des frais de voiture a \u00e9t\u00e9 publi\u00e9e. Cette d\u00e9ductibilit\u00e9 a b\u00e9n\u00e9fici\u00e9\u2026","twitter_misc":{"\u00c9crit par":"Damien Malvetti","Dur\u00e9e de lecture estim\u00e9e":"7 minutes"},"schema":{"@context":"https:\/\/schema.org","@graph":[{"@type":"Article","@id":"https:\/\/www.link2fleet.com\/fr\/precisions-concernant-le-plafond-de-deduction-des-frais-de-voiture\/#article","isPartOf":{"@id":"https:\/\/www.link2fleet.com\/fr\/precisions-concernant-le-plafond-de-deduction-des-frais-de-voiture\/"},"author":{"name":"Damien Malvetti","@id":"https:\/\/www.link2fleet.com\/fr\/#\/schema\/person\/027cd46113c78036b3809c9a054049da"},"headline":"Pr\u00e9cisions concernant le plafond de d\u00e9duction des frais de voiture","datePublished":"2023-12-19T14:50:17+00:00","dateModified":"2024-04-17T14:43:20+00:00","mainEntityOfPage":{"@id":"https:\/\/www.link2fleet.com\/fr\/precisions-concernant-le-plafond-de-deduction-des-frais-de-voiture\/"},"wordCount":1351,"publisher":{"@id":"https:\/\/www.link2fleet.com\/fr\/#organization"},"image":{"@id":"https:\/\/www.link2fleet.com\/fr\/precisions-concernant-le-plafond-de-deduction-des-frais-de-voiture\/#primaryimage"},"thumbnailUrl":"https:\/\/static.link2fleet.com\/wp-content\/uploads\/2024\/03\/fiscalitex1600.jpeg","articleSection":["Gestion de flotte","Tax &amp; legal"],"inLanguage":"fr-FR"},{"@type":"WebPage","@id":"https:\/\/www.link2fleet.com\/fr\/precisions-concernant-le-plafond-de-deduction-des-frais-de-voiture\/","url":"https:\/\/www.link2fleet.com\/fr\/precisions-concernant-le-plafond-de-deduction-des-frais-de-voiture\/","name":"Pr\u00e9cisions concernant le plafond de d\u00e9duction des frais de voiture - link2fleet","isPartOf":{"@id":"https:\/\/www.link2fleet.com\/fr\/#website"},"primaryImageOfPage":{"@id":"https:\/\/www.link2fleet.com\/fr\/precisions-concernant-le-plafond-de-deduction-des-frais-de-voiture\/#primaryimage"},"image":{"@id":"https:\/\/www.link2fleet.com\/fr\/precisions-concernant-le-plafond-de-deduction-des-frais-de-voiture\/#primaryimage"},"thumbnailUrl":"https:\/\/static.link2fleet.com\/wp-content\/uploads\/2024\/03\/fiscalitex1600.jpeg","datePublished":"2023-12-19T14:50:17+00:00","dateModified":"2024-04-17T14:43:20+00:00","breadcrumb":{"@id":"https:\/\/www.link2fleet.com\/fr\/precisions-concernant-le-plafond-de-deduction-des-frais-de-voiture\/#breadcrumb"},"inLanguage":"fr-FR","potentialAction":[{"@type":"ReadAction","target":["https:\/\/www.link2fleet.com\/fr\/precisions-concernant-le-plafond-de-deduction-des-frais-de-voiture\/"]}]},{"@type":"ImageObject","inLanguage":"fr-FR","@id":"https:\/\/www.link2fleet.com\/fr\/precisions-concernant-le-plafond-de-deduction-des-frais-de-voiture\/#primaryimage","url":"https:\/\/static.link2fleet.com\/wp-content\/uploads\/2024\/03\/fiscalitex1600.jpeg","contentUrl":"https:\/\/static.link2fleet.com\/wp-content\/uploads\/2024\/03\/fiscalitex1600.jpeg","width":1600,"height":1066,"caption":"|"},{"@type":"BreadcrumbList","@id":"https:\/\/www.link2fleet.com\/fr\/precisions-concernant-le-plafond-de-deduction-des-frais-de-voiture\/#breadcrumb","itemListElement":[{"@type":"ListItem","position":1,"name":"Home","item":"https:\/\/www.link2fleet.com\/fr\/"},{"@type":"ListItem","position":2,"name":"Pr\u00e9cisions concernant le plafond de d\u00e9duction des frais de voiture"}]},{"@type":"WebSite","@id":"https:\/\/www.link2fleet.com\/fr\/#website","url":"https:\/\/www.link2fleet.com\/fr\/","name":"Link2fleet","description":"","publisher":{"@id":"https:\/\/www.link2fleet.com\/fr\/#organization"},"potentialAction":[{"@type":"SearchAction","target":{"@type":"EntryPoint","urlTemplate":"https:\/\/www.link2fleet.com\/fr\/?s={search_term_string}"},"query-input":{"@type":"PropertyValueSpecification","valueRequired":true,"valueName":"search_term_string"}}],"inLanguage":"fr-FR"},{"@type":"Organization","@id":"https:\/\/www.link2fleet.com\/fr\/#organization","name":"Link2fleet","url":"https:\/\/www.link2fleet.com\/fr\/","logo":{"@type":"ImageObject","inLanguage":"fr-FR","@id":"https:\/\/www.link2fleet.com\/fr\/#\/schema\/logo\/image\/","url":"https:\/\/static.link2fleet.com\/wp-content\/uploads\/2024\/03\/share-image.jpg","contentUrl":"https:\/\/static.link2fleet.com\/wp-content\/uploads\/2024\/03\/share-image.jpg","width":1200,"height":630,"caption":"Link2fleet"},"image":{"@id":"https:\/\/www.link2fleet.com\/fr\/#\/schema\/logo\/image\/"},"sameAs":["https:\/\/www.linkedin.com\/company\/link2fleet-belgium","https:\/\/www.youtube.com\/user\/MMMBMBE"]},{"@type":"Person","@id":"https:\/\/www.link2fleet.com\/fr\/#\/schema\/person\/027cd46113c78036b3809c9a054049da","name":"Damien Malvetti","image":{"@type":"ImageObject","inLanguage":"fr-FR","@id":"https:\/\/secure.gravatar.com\/avatar\/dd8cc03b49466c735f753ac37f8caa371af16dfed347456ed61f02883255eebb?s=96&d=mm&r=g","url":"https:\/\/secure.gravatar.com\/avatar\/dd8cc03b49466c735f753ac37f8caa371af16dfed347456ed61f02883255eebb?s=96&d=mm&r=g","contentUrl":"https:\/\/secure.gravatar.com\/avatar\/dd8cc03b49466c735f753ac37f8caa371af16dfed347456ed61f02883255eebb?s=96&d=mm&r=g","caption":"Damien Malvetti"},"description":"Damien Malvetti is opgeleid als journalist en gepassioneerd door wagens, technologie en mobiliteit. Hij is verantwoordelijk voor de redactionele inhoud van link2fleet en beschikt over een uitgebreide kennis van de fleet-sector en elektrische mobiliteit.","sameAs":["https:\/\/www.linkedin.com\/in\/damien-malvetti-56601142\/"]}]}},"_links":{"self":[{"href":"https:\/\/www.link2fleet.com\/fr\/wp-json\/wp\/v2\/posts\/11351","targetHints":{"allow":["GET"]}}],"collection":[{"href":"https:\/\/www.link2fleet.com\/fr\/wp-json\/wp\/v2\/posts"}],"about":[{"href":"https:\/\/www.link2fleet.com\/fr\/wp-json\/wp\/v2\/types\/post"}],"author":[{"embeddable":true,"href":"https:\/\/www.link2fleet.com\/fr\/wp-json\/wp\/v2\/users\/4"}],"replies":[{"embeddable":true,"href":"https:\/\/www.link2fleet.com\/fr\/wp-json\/wp\/v2\/comments?post=11351"}],"version-history":[{"count":0,"href":"https:\/\/www.link2fleet.com\/fr\/wp-json\/wp\/v2\/posts\/11351\/revisions"}],"wp:featuredmedia":[{"embeddable":true,"href":"https:\/\/www.link2fleet.com\/fr\/wp-json\/wp\/v2\/media\/6382"}],"wp:attachment":[{"href":"https:\/\/www.link2fleet.com\/fr\/wp-json\/wp\/v2\/media?parent=11351"}],"wp:term":[{"taxonomy":"category","embeddable":true,"href":"https:\/\/www.link2fleet.com\/fr\/wp-json\/wp\/v2\/categories?post=11351"},{"taxonomy":"post_tag","embeddable":true,"href":"https:\/\/www.link2fleet.com\/fr\/wp-json\/wp\/v2\/tags?post=11351"}],"curies":[{"name":"wp","href":"https:\/\/api.w.org\/{rel}","templated":true}]}}