{"id":11383,"date":"2023-12-21T09:32:53","date_gmt":"2023-12-21T08:32:53","guid":{"rendered":"https:\/\/www.link2fleet.com\/le-groupe-financiere-teychene-collabore-avec-evzen-pour-linstallation-et-loperation-de-stations-de-recharge-rapide-et-ultra-rapide-sur-ses-sites-en-belgique\/"},"modified":"2023-12-21T09:32:53","modified_gmt":"2023-12-21T08:32:53","slug":"le-groupe-financiere-teychene-collabore-avec-evzen-pour-linstallation-et-loperation-de-stations-de-recharge-rapide-et-ultra-rapide-sur-ses-sites-en-belgique","status":"publish","type":"post","link":"https:\/\/www.link2fleet.com\/fr\/le-groupe-financiere-teychene-collabore-avec-evzen-pour-linstallation-et-loperation-de-stations-de-recharge-rapide-et-ultra-rapide-sur-ses-sites-en-belgique\/","title":{"rendered":"Le Groupe Financi\u00e8re Teychen\u00e9 collabore avec EVzen pour l&rsquo;installation et l&rsquo;op\u00e9ration de stations de recharge rapide et ultra-rapide sur ses sites en Belgique"},"content":{"rendered":"<p><span class=\"Apple-converted-space\">\u00a0<\/span><i>\u00ab\u00a0La SMEG est tr\u00e8s fi\u00e8re de poursuivre le partenariat avec le groupe Financi\u00e8re Teychen\u00e9 en Belgique.\u00a0\u00bb <\/i>explique Thomas Battaglione, Administrateur Directeur G\u00e9n\u00e9ral de la SMEG<i>. \u00ab\u00a0Cela repr\u00e9sente une nouvelle \u00e9tape du d\u00e9ploiement de notre r\u00e9seau EVzen, et nous sommes ravis de pouvoir proposer notre service de recharge \u00e0 de nouveaux clients\u00a0\u00bb.<span class=\"Apple-converted-space\">\u00a0<\/span><\/i><\/p>\n<p>Avec l\u2019offre EVzen, la SMEG porte l\u2019ensemble des investissements, construit et op\u00e8re dans la dur\u00e9e des stations de recharge rapide et ultra-rapide en surface ou en parkings int\u00e9rieurs. Une redevance proportionnelle au chiffre d\u2019affaires est revers\u00e9e \u00e0 l\u2019h\u00e9bergeur des stations.<span class=\"Apple-converted-space\">\u00a0<\/span><\/p>\n<p>Plus de 60 points de charge d&rsquo;une puissance d\u00e9livr\u00e9e de 7 \u00e0 240 kW, r\u00e9partis sur 21 sites seront ouverts au grand public. Toutes les stations ainsi propos\u00e9es par le Groupe Financi\u00e8re Teychen\u00e9 avec l\u2019offre EVzen seront accessibles \u00e0 tous \u00e0 travers les principales plateformes et applications de g\u00e9olocalisation de points de recharge pour v\u00e9hicules \u00e9lectriques. Les bornes ultra-rapides permettront de retrouver jusqu\u2019\u00e0 <b>200 km d\u2019autonomie en 10 minutes<\/b>.<span class=\"Apple-converted-space\">\u00a0<\/span><\/p>\n<p><i>\u00ab\u00a0Par ce partenariat, nous sommes ravis de proposer en Belgique des solutions de mobilit\u00e9 \u00e9lectrique \u00e0 nos locataires et \u00e0 leurs clients\u00a0\u00bb<\/i>, d\u00e9clare Val\u00e9ry Autin CEO Teychen\u00e9 Invest Belgique. \u00ab\u00a0<i>Ceci contribue \u00e0 notre d\u00e9marche soci\u00e9tale au sein du Groupe Teychen\u00e9 et \u00e0 l\u2019am\u00e9lioration de l\u2019exp\u00e9rience clients de nos locataires\u00a0\u00bb.<span class=\"Apple-converted-space\">\u00a0<\/span><\/i><\/p>\n<p><b>Les parkings du groupe Financi\u00e8re Teychen\u00e9 \u00e9quip\u00e9s par EVzen : un gage de qualit\u00e9 et d\u2019adaptabilit\u00e9<span class=\"Apple-converted-space\">\u00a0<\/span><\/b><\/p>\n<p>Les sites seront \u00e9quip\u00e9s de stations EVzen de nouvelle g\u00e9n\u00e9ration, qui pourront s&rsquo;adapter \u00e0 l&rsquo;\u00e9volution de la demande et des usages gr\u00e2ce \u00e0 leur conception modulaire. Le d\u00e9ploiement de bornes compl\u00e9mentaires s\u2019effectuera en totale ad\u00e9quation avec l\u2019augmentation de la demande, ce qui constitue \u00e9galement une optimisation des ressources.<span class=\"Apple-converted-space\">\u00a0<\/span><\/p>\n<p><i>\u00ab\u00a0La Belgique est une extension naturelle pour le r\u00e9seau EVzen, et nous aurons \u00e0 coeur d\u2019y r\u00e9pliquer notre mod\u00e8le bas\u00e9 sur une attention particuli\u00e8re port\u00e9e \u00e0 la fiabilit\u00e9 et \u00e0 l\u2019exp\u00e9rience client\u00a0\u00bb, <\/i>indique Anthony Dupont, Directeur de la mobilit\u00e9 \u00e9lectrique \u00e0 la SMEG.<span class=\"Apple-converted-space\">\u00a0<\/span><\/p>\n","protected":false},"excerpt":{"rendered":"<p>\u00a0\u00ab\u00a0La SMEG est tr\u00e8s fi\u00e8re de poursuivre le partenariat avec le groupe Financi\u00e8re Teychen\u00e9 en Belgique.\u00a0\u00bb explique Thomas Battaglione, Administrateur Directeur G\u00e9n\u00e9ral de la SMEG. \u00ab\u00a0Cela repr\u00e9sente une nouvelle \u00e9tape du d\u00e9ploiement de notre r\u00e9seau EVzen, et nous sommes ravis de pouvoir proposer notre service de recharge \u00e0 de nouveaux clients\u00a0\u00bb.\u00a0 Avec l\u2019offre EVzen, la [&hellip;]<\/p>\n","protected":false},"author":4,"featured_media":11384,"comment_status":"closed","ping_status":"closed","sticky":false,"template":"","format":"standard","meta":{"_acf_changed":false,"footnotes":""},"categories":[81,91],"tags":[],"class_list":["post-11383","post","type-post","status-publish","format-standard","has-post-thumbnail","hentry","category-gestion-de-carburant-et-energie","category-expertise-et-management"],"acf":[],"yoast_head":"<!-- This site is optimized with the Yoast SEO plugin v27.3 - https:\/\/yoast.com\/product\/yoast-seo-wordpress\/ -->\n<title>Le Groupe Financi\u00e8re Teychen\u00e9 collabore avec EVzen pour l&#039;installation et l&#039;op\u00e9ration de stations de recharge rapide et ultra-rapide sur ses sites en Belgique - link2fleet<\/title>\n<meta name=\"description\" content=\"En un an, le nombre de voitures enti\u00e8rement \u00e9lectriques a presque doubl\u00e9 en Belgique. Pouss\u00e9 par les aides \u00e0 l&rsquo;acquisition d&rsquo;un v\u00e9hicule \u00e9lectrique et l&rsquo;\u00e9lectrification\u2026\" \/>\n<meta name=\"robots\" content=\"index, follow, max-snippet:-1, max-image-preview:large, max-video-preview:-1\" \/>\n<meta property=\"og:locale\" content=\"fr_FR\" \/>\n<meta property=\"og:type\" content=\"article\" \/>\n<meta property=\"og:title\" content=\"Le Groupe Financi\u00e8re Teychen\u00e9 collabore avec EVzen pour l&#039;installation et l&#039;op\u00e9ration de stations de recharge rapide et ultra-rapide sur ses sites en Belgique - link2fleet\" \/>\n<meta property=\"og:description\" content=\"En un an, le nombre de voitures enti\u00e8rement \u00e9lectriques a presque doubl\u00e9 en Belgique. Pouss\u00e9 par les aides \u00e0 l&rsquo;acquisition d&rsquo;un v\u00e9hicule \u00e9lectrique et l&rsquo;\u00e9lectrification\u2026\" \/>\n<meta property=\"og:url\" content=\"https:\/\/www.link2fleet.com\/fr\/le-groupe-financiere-teychene-collabore-avec-evzen-pour-linstallation-et-loperation-de-stations-de-recharge-rapide-et-ultra-rapide-sur-ses-sites-en-belgique\/\" \/>\n<meta property=\"og:site_name\" content=\"link2fleet\" \/>\n<meta property=\"article:published_time\" content=\"2023-12-21T08:32:53+00:00\" \/>\n<meta property=\"og:image\" content=\"https:\/\/static.link2fleet.com\/wp-content\/uploads\/2024\/03\/evzen.jpg\" \/>\n\t<meta property=\"og:image:width\" content=\"1561\" \/>\n\t<meta property=\"og:image:height\" content=\"882\" \/>\n\t<meta property=\"og:image:type\" content=\"image\/jpeg\" \/>\n<meta name=\"author\" content=\"Damien Malvetti\" \/>\n<meta name=\"twitter:card\" content=\"summary_large_image\" \/>\n<meta name=\"twitter:description\" content=\"En un an, le nombre de voitures enti\u00e8rement \u00e9lectriques a presque doubl\u00e9 en Belgique. Pouss\u00e9 par les aides \u00e0 l&rsquo;acquisition d&rsquo;un v\u00e9hicule \u00e9lectrique et l&rsquo;\u00e9lectrification\u2026\" \/>\n<meta name=\"twitter:label1\" content=\"\u00c9crit par\" \/>\n\t<meta name=\"twitter:data1\" content=\"Damien Malvetti\" \/>\n\t<meta name=\"twitter:label2\" content=\"Dur\u00e9e de lecture estim\u00e9e\" \/>\n\t<meta name=\"twitter:data2\" content=\"2 minutes\" \/>\n<script type=\"application\/ld+json\" class=\"yoast-schema-graph\">{\"@context\":\"https:\\\/\\\/schema.org\",\"@graph\":[{\"@type\":\"Article\",\"@id\":\"https:\\\/\\\/www.link2fleet.com\\\/fr\\\/le-groupe-financiere-teychene-collabore-avec-evzen-pour-linstallation-et-loperation-de-stations-de-recharge-rapide-et-ultra-rapide-sur-ses-sites-en-belgique\\\/#article\",\"isPartOf\":{\"@id\":\"https:\\\/\\\/www.link2fleet.com\\\/fr\\\/le-groupe-financiere-teychene-collabore-avec-evzen-pour-linstallation-et-loperation-de-stations-de-recharge-rapide-et-ultra-rapide-sur-ses-sites-en-belgique\\\/\"},\"author\":{\"name\":\"Damien Malvetti\",\"@id\":\"https:\\\/\\\/www.link2fleet.com\\\/fr\\\/#\\\/schema\\\/person\\\/027cd46113c78036b3809c9a054049da\"},\"headline\":\"Le Groupe Financi\u00e8re Teychen\u00e9 collabore avec EVzen pour l&rsquo;installation et l&rsquo;op\u00e9ration de stations de recharge rapide et ultra-rapide sur ses sites en Belgique\",\"datePublished\":\"2023-12-21T08:32:53+00:00\",\"mainEntityOfPage\":{\"@id\":\"https:\\\/\\\/www.link2fleet.com\\\/fr\\\/le-groupe-financiere-teychene-collabore-avec-evzen-pour-linstallation-et-loperation-de-stations-de-recharge-rapide-et-ultra-rapide-sur-ses-sites-en-belgique\\\/\"},\"wordCount\":378,\"publisher\":{\"@id\":\"https:\\\/\\\/www.link2fleet.com\\\/fr\\\/#organization\"},\"image\":{\"@id\":\"https:\\\/\\\/www.link2fleet.com\\\/fr\\\/le-groupe-financiere-teychene-collabore-avec-evzen-pour-linstallation-et-loperation-de-stations-de-recharge-rapide-et-ultra-rapide-sur-ses-sites-en-belgique\\\/#primaryimage\"},\"thumbnailUrl\":\"https:\\\/\\\/static.link2fleet.com\\\/wp-content\\\/uploads\\\/2024\\\/03\\\/evzen.jpg\",\"articleSection\":[\"Gestion carburant et de l'\u00e9nergie\",\"Gestion de flotte\"],\"inLanguage\":\"fr-FR\"},{\"@type\":\"WebPage\",\"@id\":\"https:\\\/\\\/www.link2fleet.com\\\/fr\\\/le-groupe-financiere-teychene-collabore-avec-evzen-pour-linstallation-et-loperation-de-stations-de-recharge-rapide-et-ultra-rapide-sur-ses-sites-en-belgique\\\/\",\"url\":\"https:\\\/\\\/www.link2fleet.com\\\/fr\\\/le-groupe-financiere-teychene-collabore-avec-evzen-pour-linstallation-et-loperation-de-stations-de-recharge-rapide-et-ultra-rapide-sur-ses-sites-en-belgique\\\/\",\"name\":\"Le Groupe Financi\u00e8re Teychen\u00e9 collabore avec EVzen pour l'installation et l'op\u00e9ration de stations de recharge rapide et ultra-rapide sur ses sites en Belgique - link2fleet\",\"isPartOf\":{\"@id\":\"https:\\\/\\\/www.link2fleet.com\\\/fr\\\/#website\"},\"primaryImageOfPage\":{\"@id\":\"https:\\\/\\\/www.link2fleet.com\\\/fr\\\/le-groupe-financiere-teychene-collabore-avec-evzen-pour-linstallation-et-loperation-de-stations-de-recharge-rapide-et-ultra-rapide-sur-ses-sites-en-belgique\\\/#primaryimage\"},\"image\":{\"@id\":\"https:\\\/\\\/www.link2fleet.com\\\/fr\\\/le-groupe-financiere-teychene-collabore-avec-evzen-pour-linstallation-et-loperation-de-stations-de-recharge-rapide-et-ultra-rapide-sur-ses-sites-en-belgique\\\/#primaryimage\"},\"thumbnailUrl\":\"https:\\\/\\\/static.link2fleet.com\\\/wp-content\\\/uploads\\\/2024\\\/03\\\/evzen.jpg\",\"datePublished\":\"2023-12-21T08:32:53+00:00\",\"breadcrumb\":{\"@id\":\"https:\\\/\\\/www.link2fleet.com\\\/fr\\\/le-groupe-financiere-teychene-collabore-avec-evzen-pour-linstallation-et-loperation-de-stations-de-recharge-rapide-et-ultra-rapide-sur-ses-sites-en-belgique\\\/#breadcrumb\"},\"inLanguage\":\"fr-FR\",\"potentialAction\":[{\"@type\":\"ReadAction\",\"target\":[\"https:\\\/\\\/www.link2fleet.com\\\/fr\\\/le-groupe-financiere-teychene-collabore-avec-evzen-pour-linstallation-et-loperation-de-stations-de-recharge-rapide-et-ultra-rapide-sur-ses-sites-en-belgique\\\/\"]}]},{\"@type\":\"ImageObject\",\"inLanguage\":\"fr-FR\",\"@id\":\"https:\\\/\\\/www.link2fleet.com\\\/fr\\\/le-groupe-financiere-teychene-collabore-avec-evzen-pour-linstallation-et-loperation-de-stations-de-recharge-rapide-et-ultra-rapide-sur-ses-sites-en-belgique\\\/#primaryimage\",\"url\":\"https:\\\/\\\/static.link2fleet.com\\\/wp-content\\\/uploads\\\/2024\\\/03\\\/evzen.jpg\",\"contentUrl\":\"https:\\\/\\\/static.link2fleet.com\\\/wp-content\\\/uploads\\\/2024\\\/03\\\/evzen.jpg\",\"width\":1561,\"height\":882},{\"@type\":\"BreadcrumbList\",\"@id\":\"https:\\\/\\\/www.link2fleet.com\\\/fr\\\/le-groupe-financiere-teychene-collabore-avec-evzen-pour-linstallation-et-loperation-de-stations-de-recharge-rapide-et-ultra-rapide-sur-ses-sites-en-belgique\\\/#breadcrumb\",\"itemListElement\":[{\"@type\":\"ListItem\",\"position\":1,\"name\":\"Home\",\"item\":\"https:\\\/\\\/www.link2fleet.com\\\/fr\\\/\"},{\"@type\":\"ListItem\",\"position\":2,\"name\":\"Le Groupe Financi\u00e8re Teychen\u00e9 collabore avec EVzen pour l&#8217;installation et l&#8217;op\u00e9ration de stations de recharge rapide et ultra-rapide sur ses sites en Belgique\"}]},{\"@type\":\"WebSite\",\"@id\":\"https:\\\/\\\/www.link2fleet.com\\\/fr\\\/#website\",\"url\":\"https:\\\/\\\/www.link2fleet.com\\\/fr\\\/\",\"name\":\"Link2fleet\",\"description\":\"\",\"publisher\":{\"@id\":\"https:\\\/\\\/www.link2fleet.com\\\/fr\\\/#organization\"},\"potentialAction\":[{\"@type\":\"SearchAction\",\"target\":{\"@type\":\"EntryPoint\",\"urlTemplate\":\"https:\\\/\\\/www.link2fleet.com\\\/fr\\\/?s={search_term_string}\"},\"query-input\":{\"@type\":\"PropertyValueSpecification\",\"valueRequired\":true,\"valueName\":\"search_term_string\"}}],\"inLanguage\":\"fr-FR\"},{\"@type\":\"Organization\",\"@id\":\"https:\\\/\\\/www.link2fleet.com\\\/fr\\\/#organization\",\"name\":\"Link2fleet\",\"url\":\"https:\\\/\\\/www.link2fleet.com\\\/fr\\\/\",\"logo\":{\"@type\":\"ImageObject\",\"inLanguage\":\"fr-FR\",\"@id\":\"https:\\\/\\\/www.link2fleet.com\\\/fr\\\/#\\\/schema\\\/logo\\\/image\\\/\",\"url\":\"https:\\\/\\\/static.link2fleet.com\\\/wp-content\\\/uploads\\\/2024\\\/03\\\/share-image.jpg\",\"contentUrl\":\"https:\\\/\\\/static.link2fleet.com\\\/wp-content\\\/uploads\\\/2024\\\/03\\\/share-image.jpg\",\"width\":1200,\"height\":630,\"caption\":\"Link2fleet\"},\"image\":{\"@id\":\"https:\\\/\\\/www.link2fleet.com\\\/fr\\\/#\\\/schema\\\/logo\\\/image\\\/\"},\"sameAs\":[\"https:\\\/\\\/www.linkedin.com\\\/company\\\/link2fleet-belgium\",\"https:\\\/\\\/www.youtube.com\\\/user\\\/MMMBMBE\"]},{\"@type\":\"Person\",\"@id\":\"https:\\\/\\\/www.link2fleet.com\\\/fr\\\/#\\\/schema\\\/person\\\/027cd46113c78036b3809c9a054049da\",\"name\":\"Damien Malvetti\",\"image\":{\"@type\":\"ImageObject\",\"inLanguage\":\"fr-FR\",\"@id\":\"https:\\\/\\\/secure.gravatar.com\\\/avatar\\\/dd8cc03b49466c735f753ac37f8caa371af16dfed347456ed61f02883255eebb?s=96&d=mm&r=g\",\"url\":\"https:\\\/\\\/secure.gravatar.com\\\/avatar\\\/dd8cc03b49466c735f753ac37f8caa371af16dfed347456ed61f02883255eebb?s=96&d=mm&r=g\",\"contentUrl\":\"https:\\\/\\\/secure.gravatar.com\\\/avatar\\\/dd8cc03b49466c735f753ac37f8caa371af16dfed347456ed61f02883255eebb?s=96&d=mm&r=g\",\"caption\":\"Damien Malvetti\"},\"description\":\"Damien Malvetti is opgeleid als journalist en gepassioneerd door wagens, technologie en mobiliteit. Hij is verantwoordelijk voor de redactionele inhoud van link2fleet en beschikt over een uitgebreide kennis van de fleet-sector en elektrische mobiliteit.\",\"sameAs\":[\"https:\\\/\\\/www.linkedin.com\\\/in\\\/damien-malvetti-56601142\\\/\"]}]}<\/script>\n<!-- \/ Yoast SEO plugin. -->","yoast_head_json":{"title":"Le Groupe Financi\u00e8re Teychen\u00e9 collabore avec EVzen pour l'installation et l'op\u00e9ration de stations de recharge rapide et ultra-rapide sur ses sites en Belgique - link2fleet","description":"En un an, le nombre de voitures enti\u00e8rement \u00e9lectriques a presque doubl\u00e9 en Belgique. Pouss\u00e9 par les aides \u00e0 l&rsquo;acquisition d&rsquo;un v\u00e9hicule \u00e9lectrique et l&rsquo;\u00e9lectrification\u2026","robots":{"index":"index","follow":"follow","max-snippet":"max-snippet:-1","max-image-preview":"max-image-preview:large","max-video-preview":"max-video-preview:-1"},"og_locale":"fr_FR","og_type":"article","og_title":"Le Groupe Financi\u00e8re Teychen\u00e9 collabore avec EVzen pour l'installation et l'op\u00e9ration de stations de recharge rapide et ultra-rapide sur ses sites en Belgique - link2fleet","og_description":"En un an, le nombre de voitures enti\u00e8rement \u00e9lectriques a presque doubl\u00e9 en Belgique. Pouss\u00e9 par les aides \u00e0 l&rsquo;acquisition d&rsquo;un v\u00e9hicule \u00e9lectrique et l&rsquo;\u00e9lectrification\u2026","og_url":"https:\/\/www.link2fleet.com\/fr\/le-groupe-financiere-teychene-collabore-avec-evzen-pour-linstallation-et-loperation-de-stations-de-recharge-rapide-et-ultra-rapide-sur-ses-sites-en-belgique\/","og_site_name":"link2fleet","article_published_time":"2023-12-21T08:32:53+00:00","og_image":[{"width":1561,"height":882,"url":"https:\/\/static.link2fleet.com\/wp-content\/uploads\/2024\/03\/evzen.jpg","type":"image\/jpeg"}],"author":"Damien Malvetti","twitter_card":"summary_large_image","twitter_description":"En un an, le nombre de voitures enti\u00e8rement \u00e9lectriques a presque doubl\u00e9 en Belgique. Pouss\u00e9 par les aides \u00e0 l&rsquo;acquisition d&rsquo;un v\u00e9hicule \u00e9lectrique et l&rsquo;\u00e9lectrification\u2026","twitter_misc":{"\u00c9crit par":"Damien Malvetti","Dur\u00e9e de lecture estim\u00e9e":"2 minutes"},"schema":{"@context":"https:\/\/schema.org","@graph":[{"@type":"Article","@id":"https:\/\/www.link2fleet.com\/fr\/le-groupe-financiere-teychene-collabore-avec-evzen-pour-linstallation-et-loperation-de-stations-de-recharge-rapide-et-ultra-rapide-sur-ses-sites-en-belgique\/#article","isPartOf":{"@id":"https:\/\/www.link2fleet.com\/fr\/le-groupe-financiere-teychene-collabore-avec-evzen-pour-linstallation-et-loperation-de-stations-de-recharge-rapide-et-ultra-rapide-sur-ses-sites-en-belgique\/"},"author":{"name":"Damien Malvetti","@id":"https:\/\/www.link2fleet.com\/fr\/#\/schema\/person\/027cd46113c78036b3809c9a054049da"},"headline":"Le Groupe Financi\u00e8re Teychen\u00e9 collabore avec EVzen pour l&rsquo;installation et l&rsquo;op\u00e9ration de stations de recharge rapide et ultra-rapide sur ses sites en Belgique","datePublished":"2023-12-21T08:32:53+00:00","mainEntityOfPage":{"@id":"https:\/\/www.link2fleet.com\/fr\/le-groupe-financiere-teychene-collabore-avec-evzen-pour-linstallation-et-loperation-de-stations-de-recharge-rapide-et-ultra-rapide-sur-ses-sites-en-belgique\/"},"wordCount":378,"publisher":{"@id":"https:\/\/www.link2fleet.com\/fr\/#organization"},"image":{"@id":"https:\/\/www.link2fleet.com\/fr\/le-groupe-financiere-teychene-collabore-avec-evzen-pour-linstallation-et-loperation-de-stations-de-recharge-rapide-et-ultra-rapide-sur-ses-sites-en-belgique\/#primaryimage"},"thumbnailUrl":"https:\/\/static.link2fleet.com\/wp-content\/uploads\/2024\/03\/evzen.jpg","articleSection":["Gestion carburant et de l'\u00e9nergie","Gestion de flotte"],"inLanguage":"fr-FR"},{"@type":"WebPage","@id":"https:\/\/www.link2fleet.com\/fr\/le-groupe-financiere-teychene-collabore-avec-evzen-pour-linstallation-et-loperation-de-stations-de-recharge-rapide-et-ultra-rapide-sur-ses-sites-en-belgique\/","url":"https:\/\/www.link2fleet.com\/fr\/le-groupe-financiere-teychene-collabore-avec-evzen-pour-linstallation-et-loperation-de-stations-de-recharge-rapide-et-ultra-rapide-sur-ses-sites-en-belgique\/","name":"Le Groupe Financi\u00e8re Teychen\u00e9 collabore avec EVzen pour l'installation et l'op\u00e9ration de stations de recharge rapide et ultra-rapide sur ses sites en Belgique - link2fleet","isPartOf":{"@id":"https:\/\/www.link2fleet.com\/fr\/#website"},"primaryImageOfPage":{"@id":"https:\/\/www.link2fleet.com\/fr\/le-groupe-financiere-teychene-collabore-avec-evzen-pour-linstallation-et-loperation-de-stations-de-recharge-rapide-et-ultra-rapide-sur-ses-sites-en-belgique\/#primaryimage"},"image":{"@id":"https:\/\/www.link2fleet.com\/fr\/le-groupe-financiere-teychene-collabore-avec-evzen-pour-linstallation-et-loperation-de-stations-de-recharge-rapide-et-ultra-rapide-sur-ses-sites-en-belgique\/#primaryimage"},"thumbnailUrl":"https:\/\/static.link2fleet.com\/wp-content\/uploads\/2024\/03\/evzen.jpg","datePublished":"2023-12-21T08:32:53+00:00","breadcrumb":{"@id":"https:\/\/www.link2fleet.com\/fr\/le-groupe-financiere-teychene-collabore-avec-evzen-pour-linstallation-et-loperation-de-stations-de-recharge-rapide-et-ultra-rapide-sur-ses-sites-en-belgique\/#breadcrumb"},"inLanguage":"fr-FR","potentialAction":[{"@type":"ReadAction","target":["https:\/\/www.link2fleet.com\/fr\/le-groupe-financiere-teychene-collabore-avec-evzen-pour-linstallation-et-loperation-de-stations-de-recharge-rapide-et-ultra-rapide-sur-ses-sites-en-belgique\/"]}]},{"@type":"ImageObject","inLanguage":"fr-FR","@id":"https:\/\/www.link2fleet.com\/fr\/le-groupe-financiere-teychene-collabore-avec-evzen-pour-linstallation-et-loperation-de-stations-de-recharge-rapide-et-ultra-rapide-sur-ses-sites-en-belgique\/#primaryimage","url":"https:\/\/static.link2fleet.com\/wp-content\/uploads\/2024\/03\/evzen.jpg","contentUrl":"https:\/\/static.link2fleet.com\/wp-content\/uploads\/2024\/03\/evzen.jpg","width":1561,"height":882},{"@type":"BreadcrumbList","@id":"https:\/\/www.link2fleet.com\/fr\/le-groupe-financiere-teychene-collabore-avec-evzen-pour-linstallation-et-loperation-de-stations-de-recharge-rapide-et-ultra-rapide-sur-ses-sites-en-belgique\/#breadcrumb","itemListElement":[{"@type":"ListItem","position":1,"name":"Home","item":"https:\/\/www.link2fleet.com\/fr\/"},{"@type":"ListItem","position":2,"name":"Le Groupe Financi\u00e8re Teychen\u00e9 collabore avec EVzen pour l&#8217;installation et l&#8217;op\u00e9ration de stations de recharge rapide et ultra-rapide sur ses sites en Belgique"}]},{"@type":"WebSite","@id":"https:\/\/www.link2fleet.com\/fr\/#website","url":"https:\/\/www.link2fleet.com\/fr\/","name":"Link2fleet","description":"","publisher":{"@id":"https:\/\/www.link2fleet.com\/fr\/#organization"},"potentialAction":[{"@type":"SearchAction","target":{"@type":"EntryPoint","urlTemplate":"https:\/\/www.link2fleet.com\/fr\/?s={search_term_string}"},"query-input":{"@type":"PropertyValueSpecification","valueRequired":true,"valueName":"search_term_string"}}],"inLanguage":"fr-FR"},{"@type":"Organization","@id":"https:\/\/www.link2fleet.com\/fr\/#organization","name":"Link2fleet","url":"https:\/\/www.link2fleet.com\/fr\/","logo":{"@type":"ImageObject","inLanguage":"fr-FR","@id":"https:\/\/www.link2fleet.com\/fr\/#\/schema\/logo\/image\/","url":"https:\/\/static.link2fleet.com\/wp-content\/uploads\/2024\/03\/share-image.jpg","contentUrl":"https:\/\/static.link2fleet.com\/wp-content\/uploads\/2024\/03\/share-image.jpg","width":1200,"height":630,"caption":"Link2fleet"},"image":{"@id":"https:\/\/www.link2fleet.com\/fr\/#\/schema\/logo\/image\/"},"sameAs":["https:\/\/www.linkedin.com\/company\/link2fleet-belgium","https:\/\/www.youtube.com\/user\/MMMBMBE"]},{"@type":"Person","@id":"https:\/\/www.link2fleet.com\/fr\/#\/schema\/person\/027cd46113c78036b3809c9a054049da","name":"Damien Malvetti","image":{"@type":"ImageObject","inLanguage":"fr-FR","@id":"https:\/\/secure.gravatar.com\/avatar\/dd8cc03b49466c735f753ac37f8caa371af16dfed347456ed61f02883255eebb?s=96&d=mm&r=g","url":"https:\/\/secure.gravatar.com\/avatar\/dd8cc03b49466c735f753ac37f8caa371af16dfed347456ed61f02883255eebb?s=96&d=mm&r=g","contentUrl":"https:\/\/secure.gravatar.com\/avatar\/dd8cc03b49466c735f753ac37f8caa371af16dfed347456ed61f02883255eebb?s=96&d=mm&r=g","caption":"Damien Malvetti"},"description":"Damien Malvetti is opgeleid als journalist en gepassioneerd door wagens, technologie en mobiliteit. Hij is verantwoordelijk voor de redactionele inhoud van link2fleet en beschikt over een uitgebreide kennis van de fleet-sector en elektrische mobiliteit.","sameAs":["https:\/\/www.linkedin.com\/in\/damien-malvetti-56601142\/"]}]}},"_links":{"self":[{"href":"https:\/\/www.link2fleet.com\/fr\/wp-json\/wp\/v2\/posts\/11383","targetHints":{"allow":["GET"]}}],"collection":[{"href":"https:\/\/www.link2fleet.com\/fr\/wp-json\/wp\/v2\/posts"}],"about":[{"href":"https:\/\/www.link2fleet.com\/fr\/wp-json\/wp\/v2\/types\/post"}],"author":[{"embeddable":true,"href":"https:\/\/www.link2fleet.com\/fr\/wp-json\/wp\/v2\/users\/4"}],"replies":[{"embeddable":true,"href":"https:\/\/www.link2fleet.com\/fr\/wp-json\/wp\/v2\/comments?post=11383"}],"version-history":[{"count":0,"href":"https:\/\/www.link2fleet.com\/fr\/wp-json\/wp\/v2\/posts\/11383\/revisions"}],"wp:featuredmedia":[{"embeddable":true,"href":"https:\/\/www.link2fleet.com\/fr\/wp-json\/wp\/v2\/media\/11384"}],"wp:attachment":[{"href":"https:\/\/www.link2fleet.com\/fr\/wp-json\/wp\/v2\/media?parent=11383"}],"wp:term":[{"taxonomy":"category","embeddable":true,"href":"https:\/\/www.link2fleet.com\/fr\/wp-json\/wp\/v2\/categories?post=11383"},{"taxonomy":"post_tag","embeddable":true,"href":"https:\/\/www.link2fleet.com\/fr\/wp-json\/wp\/v2\/tags?post=11383"}],"curies":[{"name":"wp","href":"https:\/\/api.w.org\/{rel}","templated":true}]}}