{"id":11401,"date":"2023-12-26T16:50:08","date_gmt":"2023-12-26T15:50:08","guid":{"rendered":"https:\/\/www.link2fleet.com\/fleet-test-fiat-600e-une-grande-soeur-pour-la-500e\/"},"modified":"2024-04-12T15:02:53","modified_gmt":"2024-04-12T13:02:53","slug":"fleet-test-fiat-600e-une-grande-soeur-pour-la-500e","status":"publish","type":"post","link":"https:\/\/www.link2fleet.com\/fr\/fleet-test-fiat-600e-une-grande-soeur-pour-la-500e\/","title":{"rendered":"Fleet test Fiat 600e: une grande s\u0153ur pour la 500e"},"content":{"rendered":"<p style=\"font-weight: 400;\">Vous l\u2019ignorez certainement, mais Fiat est la marque du groupe Stellantis qui enregistre les plus importants volumes au niveau mondial. Et tout cela uniquement gr\u00e2ce \u00e0 une r\u00e9interpr\u00e9tation plus que r\u00e9ussie de la 500 d\u2019\u00e9poque, d\u00e9sormais d\u00e9clin\u00e9e en diff\u00e9rentes versions et motorisations. Dans sa version \u00e9lectrique, le \u2018pot de yaourt\u2019 n\u2019est autre que le mod\u00e8le EV des segments A et B confondus le plus vendu en Europe et figure dans le top 5 des BEV les plus vendus sur le Vieux continent, tous segments confondus. Pas mal n\u2019est-ce-pas\u00a0?!<\/p>\n<p style=\"font-weight: 400;\">Alors quand Fiat veut \u00e9largir sa gamme avec un nouveau mod\u00e8le, il n\u2019y a rien d\u2019\u00e9tonnant \u00e0 ce que la marque italienne d\u00e9cide de remettre au gout du jour un autre mod\u00e8le embl\u00e9matique de son histoire\u00a0: la 600. D\u2019autant plus que cette nouvelle 600 int\u00e8grera le segment B, qui repr\u00e9sente 30% des ventes chez nous et au sein duquel Fiat a connu quelques ann\u00e9es de gloire lors des pr\u00e9c\u00e9dentes d\u00e9cennies avec ses Uno et Punto.<\/p>\n<p><a href=\"https:\/\/www.link2fleet.com\/wp-content\/uploads\/2023\/12\/New600eLaPrima-3.jpg\"><img loading=\"lazy\" decoding=\"async\" class=\"aligncenter size-large wp-image-1302978\" src=\"https:\/\/www.link2fleet.com\/wp-content\/uploads\/2023\/12\/New600eLaPrima-3-1024x683.jpg\" alt=\"\" width=\"640\" height=\"427\" \/><\/a><\/p>\n<p style=\"font-weight: 400;\">\n<p style=\"font-weight: 400;\"><strong>Cousine de la Jeep Avenger<\/strong><\/p>\n<p style=\"font-weight: 400;\">Le d\u00e9fi est donc de taille pour cette nouvelle 600 qui, \u00e9conomie d\u2019\u00e9chelle oblige, partage sa plateforme CMP2 avec les r\u00e9centes Jeep Avenger ou Peugeot 2008. La filiation va m\u00eame au-del\u00e0 de cet h\u00e9ritage technique puisqu\u2019une fois \u00e0 bord, on se rend vite compte que son int\u00e9rieur est une copie presque parfaite de l\u2019habitacle de la Jeep, sur lequel les designers de Fiat ont appos\u00e9 ci-et-l\u00e0 leur patte pour tenter de brouiller les pistes. On notera toutefois l\u2019usage de mat\u00e9riaux recycl\u00e9s, notamment de 200 bouteilles de plastiques pour fabriquer les si\u00e8ges et le rappel de la couleur de carrosserie sur diff\u00e9rents \u00e9l\u00e9ments de d\u00e9coration int\u00e9rieure.<\/p>\n<p style=\"font-weight: 400;\">A l\u2019ext\u00e9rieur par contre, la Fiat b\u00e9n\u00e9ficie d\u2019un look unique, m\u00e9langeant des clins d\u2019\u0153il \u00e0 la Fiat 600 d\u2019\u00e9poque et \u00e0 la 500 actuelle. Les courbes sont plus assertives et les lignes g\u00e9n\u00e9rales sont plus arrondies que celles de la 500 pour accentuer ses origines italiennes. C\u2019est aussi le cas de sa palette de couleurs qui joue \u00e0 fond la carte de la Dolce Vita et banni d\u00e9sormais le gris. On y trouve des nuances renvoyant au ciel, \u00e0 la mer, \u00e0 la terre ou au soleil d\u2019Italie.<\/p>\n<p><a href=\"https:\/\/www.link2fleet.com\/wp-content\/uploads\/2023\/12\/New600eLaPrima.jpg\"><img loading=\"lazy\" decoding=\"async\" class=\"aligncenter size-large wp-image-1302992\" src=\"https:\/\/www.link2fleet.com\/wp-content\/uploads\/2023\/12\/New600eLaPrima-1024x683.jpg\" alt=\"\" width=\"640\" height=\"427\" \/><\/a><\/p>\n<p style=\"font-weight: 400;\">La nouvelle venue mesure 4,17 m, mais est \u00e0 peine 4 mm plus haute qu\u2019une 500. De quoi la diff\u00e9rencier aussi de la 500X, qui culmine 72 mm plus haut. Gr\u00e2ce \u00e0 son format de petit SUV, la 600 est assez habitable, bien que les places arri\u00e8re soient plut\u00f4t r\u00e9serv\u00e9es \u00e0 des enfants. Quant au coffre, il propose 360 litres, c\u2019est dans la moyenne de la cat\u00e9gorie. Pas mieux, pas moins bien, mais l\u2019acc\u00e8s est facilit\u00e9 gr\u00e2ce \u00e0 la large ouverture.<\/p>\n<p style=\"font-weight: 400;\">Comme dans sa cousine Jeep, on regrette l\u2019usage de beaucoup de plastiques durs sur la console, mais la bonne qualit\u00e9 d\u2019assemblage rattrape quelque peu la mise. On notera aussi la pr\u00e9sence d\u2019un si\u00e8ge conducteur massant, une exclusivit\u00e9 sur ce segment, et de nombreux syst\u00e8mes d\u2019assistance et aide \u00e0 la conduite de s\u00e9rie.<\/p>\n<p style=\"font-weight: 400;\"><a href=\"https:\/\/www.link2fleet.com\/wp-content\/uploads\/2023\/12\/NuovaFiat600eLaPrima-5-scaled.jpg\"><img loading=\"lazy\" decoding=\"async\" class=\"aligncenter size-large wp-image-1302998\" src=\"https:\/\/www.link2fleet.com\/wp-content\/uploads\/2023\/12\/NuovaFiat600eLaPrima-5-1024x683.jpg\" alt=\"\" width=\"640\" height=\"427\" \/><\/a><\/p>\n<p>&nbsp;<\/p>\n<p style=\"font-weight: 400;\"><strong>En hybride ou en full \u00e9lectrique<\/strong><\/p>\n<p style=\"font-weight: 400;\">Sous son capot, deux versions sont propos\u00e9es\u00a0: l\u2019hybride avec au choix 100 ou 136 ch, et une 100% \u00e9lectrique \u00e9quip\u00e9e d\u2019un moteur de 156 ch et d\u2019une batterie de 54 kWh. De quoi permettre de parcourir jusqu\u2019\u00e0 406 km avec une seule charge.<\/p>\n<p style=\"font-weight: 400;\">La recharge rapide (DC) est possible jusqu\u2019\u00e0 100 kW, ce qui permet de faire passer l\u2019autonomie de la batterie de 20 \u00e0 80% en seulement 27 minutes.<\/p>\n<p style=\"font-weight: 400;\"><a href=\"https:\/\/www.link2fleet.com\/wp-content\/uploads\/2023\/12\/NuovaFiat600eLaPrima-2-scaled.jpeg\"><img loading=\"lazy\" decoding=\"async\" class=\"aligncenter size-large wp-image-1303002\" src=\"https:\/\/www.link2fleet.com\/wp-content\/uploads\/2023\/12\/NuovaFiat600eLaPrima-2-1024x683.jpeg\" alt=\"\" width=\"640\" height=\"427\" \/><\/a><\/p>\n<p>&nbsp;<\/p>\n<p style=\"font-weight: 400;\"><strong>2 finitions et tr\u00e8s peu d\u2019options<\/strong><\/p>\n<p style=\"font-weight: 400;\">Fiat a d\u00e9cid\u00e9 de tr\u00e8s bien \u00e9quiper sa 600. R\u00e9sultat, le catalogue d\u2019options se r\u00e9sume uniquement au choix de la couleur (pastelle ou m\u00e9tallis\u00e9e) et \u00e0 deux niveaux de finition\u00a0: la version de base RED d\u00e9j\u00e0 bien \u00e9quip\u00e9e ou la haut de gamme La Prima full options. La premi\u00e8re est propos\u00e9e \u00e0 partir de 34.920 euros, tandis que la seconde est affich\u00e9e \u00e0 38.950 euros, ristournes comprises.<\/p>\n<p style=\"font-weight: 400;\">On ne connait pas encore les d\u00e9tails des versions hybrides, mais on sait d\u00e9j\u00e0 que le tarif sera sous la barre des 25.000 euros.<\/p>\n<p style=\"font-weight: 400;\">Sur la route, la Fiat 600e fait le job. Elle offre un compromis assez int\u00e9ressant entre confort et performances, bien qu\u2019il vous faudra enclencher le mode sport si vous voulez vraiment profiter des 156 ch et d\u2019une direction plus r\u00e9active. Le travail d\u2019insonorisation est plut\u00f4t r\u00e9ussi comme celui de l\u2019amortissement, que nous avons pu v\u00e9rifier lors d\u2019un passage sur une route pav\u00e9e wallonne en tr\u00e8s piteux \u00e9tat.<\/p>\n<p style=\"font-weight: 400;\">Fiat annonce une consommation de 15,1 kWh\/100 km, qui est tout \u00e0 fait r\u00e9aliste puisque nous sommes parvenus \u00e0 l\u2019atteindre sans difficult\u00e9 lors de notre essai.<\/p>\n<p><a href=\"https:\/\/www.link2fleet.com\/wp-content\/uploads\/2023\/12\/New600eLaPrima-4.jpg\"><img loading=\"lazy\" decoding=\"async\" class=\"aligncenter size-large wp-image-1302980\" src=\"https:\/\/www.link2fleet.com\/wp-content\/uploads\/2023\/12\/New600eLaPrima-4-1024x683.jpg\" alt=\"\" width=\"640\" height=\"427\" \/><\/a><\/p>\n<p style=\"font-weight: 400;\">\n<p style=\"font-weight: 400;\"><strong>Bilan fleet<\/strong><\/p>\n<p style=\"font-weight: 400;\">Outre un look attirant, des couleurs pastelles et un niveau d\u2019\u00e9quipement plus \u00e9lev\u00e9 que ses concurrentes, la 600e n\u2019offre rien de vraiment \u00e9tonnant ou nouveau dans le segment. Par contre, elle propose ce qui manque cruellement \u00e0 la petite 500\u00a0: de l\u2019espace pour toute une famille. En fait, la 600 est un peu la version familiale de la 500, sans \u00eatre un vrai SUV comme l\u2019est la 500X.<\/p>\n<p style=\"font-weight: 400;\">En lan\u00e7ant d\u2019abord la version full \u00e9lectrique, Fiat compte bien conqu\u00e9rir des clients fleet qui cherchent autre chose qu\u2019un \u00e9ni\u00e8me SUV insipide. Son tarif peut paraitre \u00e9lev\u00e9, mais il faut \u00e9videmment prendre en compte l\u2019\u00e9quipement quasi complet, m\u00eame sur la version de base RED.<\/p>\n<p style=\"font-weight: 400;\">\n<p style=\"font-weight: 400;\"><strong>Fiche technique<\/strong><\/p>\n<p><strong>Fiat 600e La Prima<\/strong><\/p>\n<table style=\"font-weight: 400;\" width=\"776\">\n<tbody>\n<tr>\n<td width=\"300\">INFORMATIONS TECHNIQUES<\/td>\n<td width=\"265\">&nbsp;<\/td>\n<\/tr>\n<tr>\n<td width=\"300\">Carburant<\/td>\n<td width=\"265\">Electricit\u00e9<\/td>\n<\/tr>\n<tr>\n<td width=\"300\">Puissance<\/td>\n<td width=\"265\">115 kw \/ 156 ch<\/td>\n<\/tr>\n<tr>\n<td width=\"300\">Couple maximum<\/td>\n<td width=\"265\">260 Nm<\/td>\n<\/tr>\n<tr>\n<td width=\"300\">Poids \u00e0 vide<\/td>\n<td width=\"265\">1.520 kg<\/td>\n<\/tr>\n<tr>\n<td width=\"300\">Volume du coffre<\/td>\n<td width=\"265\">360 l<\/td>\n<\/tr>\n<tr>\n<td width=\"300\">Autonomie<\/td>\n<td width=\"265\">406 &#8211; 409 km<\/td>\n<\/tr>\n<tr>\n<td width=\"300\">Consommation moyenne<\/td>\n<td width=\"265\">15,1 \u2013 15,2 kWh\/100 km<\/td>\n<\/tr>\n<tr>\n<td width=\"300\">Emission CO<sub>2<\/sub><\/td>\n<td width=\"265\">0 g\/km<\/td>\n<\/tr>\n<tr>\n<td width=\"300\">Vitesse maximale<\/td>\n<td width=\"265\">150 km\/h<\/td>\n<\/tr>\n<tr>\n<td width=\"300\">Capacit\u00e9 de la batterie<\/td>\n<td width=\"265\">54 kWh<\/td>\n<\/tr>\n<\/tbody>\n<\/table>\n<p>&nbsp;<\/p>\n<table style=\"font-weight: 400;\" width=\"776\">\n<tbody>\n<tr>\n<td colspan=\"2\" width=\"776\">INFORMATIONS DE GESTION<\/td>\n<\/tr>\n<tr>\n<td width=\"545\">Prix de base HTVA<\/td>\n<td width=\"231\">32.190,08 \u20ac<\/td>\n<\/tr>\n<tr>\n<td width=\"545\">Prix de base TVAC<\/td>\n<td width=\"231\">38.950 \u20ac<\/td>\n<\/tr>\n<tr>\n<td width=\"545\">TMC (Bruxelles, Wallonie, Leasing)<\/td>\n<td width=\"231\">61,50 \u20ac<\/td>\n<\/tr>\n<tr>\n<td width=\"545\">BIV (Flandre)<\/td>\n<td width=\"231\">\u00a0 0 \u20ac<\/td>\n<\/tr>\n<tr>\n<td width=\"545\">Taxe de circulation (Bruxelles, Wallonie)<\/td>\n<td width=\"231\">97,68 \u20ac<\/td>\n<\/tr>\n<tr>\n<td width=\"545\">Taxe de circulation (Flandre)<\/td>\n<td width=\"231\">\u00a0 0 \u20ac<\/td>\n<\/tr>\n<tr>\n<td width=\"545\">D\u00e9ductibilit\u00e9 fiscale<\/td>\n<td width=\"231\">100 %<\/td>\n<\/tr>\n<tr>\n<td width=\"545\">ATN utilisateur<\/td>\n<td width=\"231\">1.540 \u20ac\/an<\/td>\n<\/tr>\n<tr>\n<td width=\"545\">D\u00e9penses non-admises<\/td>\n<td width=\"231\">616 \u20ac\/an<\/td>\n<\/tr>\n<tr>\n<td width=\"545\">Taxe CO<sub>2<\/sub><\/td>\n<td width=\"231\">37,94 \u20ac<\/td>\n<\/tr>\n<\/tbody>\n<\/table>\n<p style=\"font-weight: 400;\">\n<p style=\"font-weight: 400;\">\n\n<p><a href=\"https:\/\/www.link2fleet.com\/wp-content\/uploads\/2023\/12\/New600eLaPrima-4.jpg\"><img loading=\"lazy\" decoding=\"async\" class=\"aligncenter size-large wp-image-1302980\" src=\"https:\/\/www.link2fleet.com\/wp-content\/uploads\/2023\/12\/New600eLaPrima-4-1024x683.jpg\" alt=\"\" width=\"640\" height=\"427\" \/><\/a><\/p>\n<p style=\"font-weight: 400;\">\n","protected":false},"excerpt":{"rendered":"<p>Vous l\u2019ignorez certainement, mais Fiat est la marque du groupe Stellantis qui enregistre les plus importants volumes au niveau mondial. Et tout cela uniquement gr\u00e2ce \u00e0 une r\u00e9interpr\u00e9tation plus que r\u00e9ussie de la 500 d\u2019\u00e9poque, d\u00e9sormais d\u00e9clin\u00e9e en diff\u00e9rentes versions et motorisations. Dans sa version \u00e9lectrique, le \u2018pot de yaourt\u2019 n\u2019est autre que le mod\u00e8le [&hellip;]<\/p>\n","protected":false},"author":4,"featured_media":11402,"comment_status":"closed","ping_status":"closed","sticky":false,"template":"","format":"standard","meta":{"_acf_changed":false,"footnotes":""},"categories":[134],"tags":[],"class_list":["post-11401","post","type-post","status-publish","format-standard","has-post-thumbnail","hentry","category-fleet-test"],"acf":[],"yoast_head":"<!-- This site is optimized with the Yoast SEO plugin v27.3 - https:\/\/yoast.com\/product\/yoast-seo-wordpress\/ -->\n<title>Fleet test Fiat 600e: une grande s\u0153ur pour la 500e - link2fleet<\/title>\n<meta name=\"description\" content=\"Six ans apr\u00e8s la disparition de la Punto de son catalogue, Fiat fait son grand retour dans le segment B avec cette nouvelle venue d\u00e9nomm\u00e9e\u2026\" \/>\n<meta name=\"robots\" content=\"index, follow, max-snippet:-1, max-image-preview:large, max-video-preview:-1\" \/>\n<meta property=\"og:locale\" content=\"fr_FR\" \/>\n<meta property=\"og:type\" content=\"article\" \/>\n<meta property=\"og:title\" content=\"Fleet test Fiat 600e: une grande s\u0153ur pour la 500e - link2fleet\" \/>\n<meta property=\"og:description\" content=\"Six ans apr\u00e8s la disparition de la Punto de son catalogue, Fiat fait son grand retour dans le segment B avec cette nouvelle venue d\u00e9nomm\u00e9e\u2026\" \/>\n<meta property=\"og:url\" content=\"https:\/\/www.link2fleet.com\/fr\/fleet-test-fiat-600e-une-grande-soeur-pour-la-500e\/\" \/>\n<meta property=\"og:site_name\" content=\"link2fleet\" \/>\n<meta property=\"article:published_time\" content=\"2023-12-26T15:50:08+00:00\" \/>\n<meta property=\"article:modified_time\" content=\"2024-04-12T13:02:53+00:00\" \/>\n<meta property=\"og:image\" content=\"https:\/\/static.link2fleet.com\/wp-content\/uploads\/2024\/03\/new-600e-red-and-new-600e-la-prima-2.jpg\" \/>\n\t<meta property=\"og:image:width\" content=\"2048\" \/>\n\t<meta property=\"og:image:height\" content=\"1365\" \/>\n\t<meta property=\"og:image:type\" content=\"image\/jpeg\" \/>\n<meta name=\"author\" content=\"Damien Malvetti\" \/>\n<meta name=\"twitter:card\" content=\"summary_large_image\" \/>\n<meta name=\"twitter:description\" content=\"Six ans apr\u00e8s la disparition de la Punto de son catalogue, Fiat fait son grand retour dans le segment B avec cette nouvelle venue d\u00e9nomm\u00e9e\u2026\" \/>\n<meta name=\"twitter:label1\" content=\"\u00c9crit par\" \/>\n\t<meta name=\"twitter:data1\" content=\"Damien Malvetti\" \/>\n\t<meta name=\"twitter:label2\" content=\"Dur\u00e9e de lecture estim\u00e9e\" \/>\n\t<meta name=\"twitter:data2\" content=\"6 minutes\" \/>\n<script type=\"application\/ld+json\" class=\"yoast-schema-graph\">{\"@context\":\"https:\\\/\\\/schema.org\",\"@graph\":[{\"@type\":\"Article\",\"@id\":\"https:\\\/\\\/www.link2fleet.com\\\/fr\\\/fleet-test-fiat-600e-une-grande-soeur-pour-la-500e\\\/#article\",\"isPartOf\":{\"@id\":\"https:\\\/\\\/www.link2fleet.com\\\/fr\\\/fleet-test-fiat-600e-une-grande-soeur-pour-la-500e\\\/\"},\"author\":{\"name\":\"Damien Malvetti\",\"@id\":\"https:\\\/\\\/www.link2fleet.com\\\/fr\\\/#\\\/schema\\\/person\\\/027cd46113c78036b3809c9a054049da\"},\"headline\":\"Fleet test Fiat 600e: une grande s\u0153ur pour la 500e\",\"datePublished\":\"2023-12-26T15:50:08+00:00\",\"dateModified\":\"2024-04-12T13:02:53+00:00\",\"mainEntityOfPage\":{\"@id\":\"https:\\\/\\\/www.link2fleet.com\\\/fr\\\/fleet-test-fiat-600e-une-grande-soeur-pour-la-500e\\\/\"},\"wordCount\":1295,\"publisher\":{\"@id\":\"https:\\\/\\\/www.link2fleet.com\\\/fr\\\/#organization\"},\"image\":{\"@id\":\"https:\\\/\\\/www.link2fleet.com\\\/fr\\\/fleet-test-fiat-600e-une-grande-soeur-pour-la-500e\\\/#primaryimage\"},\"thumbnailUrl\":\"https:\\\/\\\/static.link2fleet.com\\\/wp-content\\\/uploads\\\/2024\\\/03\\\/new-600e-red-and-new-600e-la-prima-2.jpg\",\"articleSection\":[\"Essais fleet\"],\"inLanguage\":\"fr-FR\"},{\"@type\":\"WebPage\",\"@id\":\"https:\\\/\\\/www.link2fleet.com\\\/fr\\\/fleet-test-fiat-600e-une-grande-soeur-pour-la-500e\\\/\",\"url\":\"https:\\\/\\\/www.link2fleet.com\\\/fr\\\/fleet-test-fiat-600e-une-grande-soeur-pour-la-500e\\\/\",\"name\":\"Fleet test Fiat 600e: une grande s\u0153ur pour la 500e - link2fleet\",\"isPartOf\":{\"@id\":\"https:\\\/\\\/www.link2fleet.com\\\/fr\\\/#website\"},\"primaryImageOfPage\":{\"@id\":\"https:\\\/\\\/www.link2fleet.com\\\/fr\\\/fleet-test-fiat-600e-une-grande-soeur-pour-la-500e\\\/#primaryimage\"},\"image\":{\"@id\":\"https:\\\/\\\/www.link2fleet.com\\\/fr\\\/fleet-test-fiat-600e-une-grande-soeur-pour-la-500e\\\/#primaryimage\"},\"thumbnailUrl\":\"https:\\\/\\\/static.link2fleet.com\\\/wp-content\\\/uploads\\\/2024\\\/03\\\/new-600e-red-and-new-600e-la-prima-2.jpg\",\"datePublished\":\"2023-12-26T15:50:08+00:00\",\"dateModified\":\"2024-04-12T13:02:53+00:00\",\"breadcrumb\":{\"@id\":\"https:\\\/\\\/www.link2fleet.com\\\/fr\\\/fleet-test-fiat-600e-une-grande-soeur-pour-la-500e\\\/#breadcrumb\"},\"inLanguage\":\"fr-FR\",\"potentialAction\":[{\"@type\":\"ReadAction\",\"target\":[\"https:\\\/\\\/www.link2fleet.com\\\/fr\\\/fleet-test-fiat-600e-une-grande-soeur-pour-la-500e\\\/\"]}]},{\"@type\":\"ImageObject\",\"inLanguage\":\"fr-FR\",\"@id\":\"https:\\\/\\\/www.link2fleet.com\\\/fr\\\/fleet-test-fiat-600e-une-grande-soeur-pour-la-500e\\\/#primaryimage\",\"url\":\"https:\\\/\\\/static.link2fleet.com\\\/wp-content\\\/uploads\\\/2024\\\/03\\\/new-600e-red-and-new-600e-la-prima-2.jpg\",\"contentUrl\":\"https:\\\/\\\/static.link2fleet.com\\\/wp-content\\\/uploads\\\/2024\\\/03\\\/new-600e-red-and-new-600e-la-prima-2.jpg\",\"width\":2048,\"height\":1365,\"caption\":\"||||||||||||||\"},{\"@type\":\"BreadcrumbList\",\"@id\":\"https:\\\/\\\/www.link2fleet.com\\\/fr\\\/fleet-test-fiat-600e-une-grande-soeur-pour-la-500e\\\/#breadcrumb\",\"itemListElement\":[{\"@type\":\"ListItem\",\"position\":1,\"name\":\"Home\",\"item\":\"https:\\\/\\\/www.link2fleet.com\\\/fr\\\/\"},{\"@type\":\"ListItem\",\"position\":2,\"name\":\"Fleet test Fiat 600e: une grande s\u0153ur pour la 500e\"}]},{\"@type\":\"WebSite\",\"@id\":\"https:\\\/\\\/www.link2fleet.com\\\/fr\\\/#website\",\"url\":\"https:\\\/\\\/www.link2fleet.com\\\/fr\\\/\",\"name\":\"Link2fleet\",\"description\":\"\",\"publisher\":{\"@id\":\"https:\\\/\\\/www.link2fleet.com\\\/fr\\\/#organization\"},\"potentialAction\":[{\"@type\":\"SearchAction\",\"target\":{\"@type\":\"EntryPoint\",\"urlTemplate\":\"https:\\\/\\\/www.link2fleet.com\\\/fr\\\/?s={search_term_string}\"},\"query-input\":{\"@type\":\"PropertyValueSpecification\",\"valueRequired\":true,\"valueName\":\"search_term_string\"}}],\"inLanguage\":\"fr-FR\"},{\"@type\":\"Organization\",\"@id\":\"https:\\\/\\\/www.link2fleet.com\\\/fr\\\/#organization\",\"name\":\"Link2fleet\",\"url\":\"https:\\\/\\\/www.link2fleet.com\\\/fr\\\/\",\"logo\":{\"@type\":\"ImageObject\",\"inLanguage\":\"fr-FR\",\"@id\":\"https:\\\/\\\/www.link2fleet.com\\\/fr\\\/#\\\/schema\\\/logo\\\/image\\\/\",\"url\":\"https:\\\/\\\/static.link2fleet.com\\\/wp-content\\\/uploads\\\/2024\\\/03\\\/share-image.jpg\",\"contentUrl\":\"https:\\\/\\\/static.link2fleet.com\\\/wp-content\\\/uploads\\\/2024\\\/03\\\/share-image.jpg\",\"width\":1200,\"height\":630,\"caption\":\"Link2fleet\"},\"image\":{\"@id\":\"https:\\\/\\\/www.link2fleet.com\\\/fr\\\/#\\\/schema\\\/logo\\\/image\\\/\"},\"sameAs\":[\"https:\\\/\\\/www.linkedin.com\\\/company\\\/link2fleet-belgium\",\"https:\\\/\\\/www.youtube.com\\\/user\\\/MMMBMBE\"]},{\"@type\":\"Person\",\"@id\":\"https:\\\/\\\/www.link2fleet.com\\\/fr\\\/#\\\/schema\\\/person\\\/027cd46113c78036b3809c9a054049da\",\"name\":\"Damien Malvetti\",\"image\":{\"@type\":\"ImageObject\",\"inLanguage\":\"fr-FR\",\"@id\":\"https:\\\/\\\/secure.gravatar.com\\\/avatar\\\/dd8cc03b49466c735f753ac37f8caa371af16dfed347456ed61f02883255eebb?s=96&d=mm&r=g\",\"url\":\"https:\\\/\\\/secure.gravatar.com\\\/avatar\\\/dd8cc03b49466c735f753ac37f8caa371af16dfed347456ed61f02883255eebb?s=96&d=mm&r=g\",\"contentUrl\":\"https:\\\/\\\/secure.gravatar.com\\\/avatar\\\/dd8cc03b49466c735f753ac37f8caa371af16dfed347456ed61f02883255eebb?s=96&d=mm&r=g\",\"caption\":\"Damien Malvetti\"},\"description\":\"Damien Malvetti is opgeleid als journalist en gepassioneerd door wagens, technologie en mobiliteit. Hij is verantwoordelijk voor de redactionele inhoud van link2fleet en beschikt over een uitgebreide kennis van de fleet-sector en elektrische mobiliteit.\",\"sameAs\":[\"https:\\\/\\\/www.linkedin.com\\\/in\\\/damien-malvetti-56601142\\\/\"]}]}<\/script>\n<!-- \/ Yoast SEO plugin. -->","yoast_head_json":{"title":"Fleet test Fiat 600e: une grande s\u0153ur pour la 500e - link2fleet","description":"Six ans apr\u00e8s la disparition de la Punto de son catalogue, Fiat fait son grand retour dans le segment B avec cette nouvelle venue d\u00e9nomm\u00e9e\u2026","robots":{"index":"index","follow":"follow","max-snippet":"max-snippet:-1","max-image-preview":"max-image-preview:large","max-video-preview":"max-video-preview:-1"},"og_locale":"fr_FR","og_type":"article","og_title":"Fleet test Fiat 600e: une grande s\u0153ur pour la 500e - link2fleet","og_description":"Six ans apr\u00e8s la disparition de la Punto de son catalogue, Fiat fait son grand retour dans le segment B avec cette nouvelle venue d\u00e9nomm\u00e9e\u2026","og_url":"https:\/\/www.link2fleet.com\/fr\/fleet-test-fiat-600e-une-grande-soeur-pour-la-500e\/","og_site_name":"link2fleet","article_published_time":"2023-12-26T15:50:08+00:00","article_modified_time":"2024-04-12T13:02:53+00:00","og_image":[{"width":2048,"height":1365,"url":"https:\/\/static.link2fleet.com\/wp-content\/uploads\/2024\/03\/new-600e-red-and-new-600e-la-prima-2.jpg","type":"image\/jpeg"}],"author":"Damien Malvetti","twitter_card":"summary_large_image","twitter_description":"Six ans apr\u00e8s la disparition de la Punto de son catalogue, Fiat fait son grand retour dans le segment B avec cette nouvelle venue d\u00e9nomm\u00e9e\u2026","twitter_misc":{"\u00c9crit par":"Damien Malvetti","Dur\u00e9e de lecture estim\u00e9e":"6 minutes"},"schema":{"@context":"https:\/\/schema.org","@graph":[{"@type":"Article","@id":"https:\/\/www.link2fleet.com\/fr\/fleet-test-fiat-600e-une-grande-soeur-pour-la-500e\/#article","isPartOf":{"@id":"https:\/\/www.link2fleet.com\/fr\/fleet-test-fiat-600e-une-grande-soeur-pour-la-500e\/"},"author":{"name":"Damien Malvetti","@id":"https:\/\/www.link2fleet.com\/fr\/#\/schema\/person\/027cd46113c78036b3809c9a054049da"},"headline":"Fleet test Fiat 600e: une grande s\u0153ur pour la 500e","datePublished":"2023-12-26T15:50:08+00:00","dateModified":"2024-04-12T13:02:53+00:00","mainEntityOfPage":{"@id":"https:\/\/www.link2fleet.com\/fr\/fleet-test-fiat-600e-une-grande-soeur-pour-la-500e\/"},"wordCount":1295,"publisher":{"@id":"https:\/\/www.link2fleet.com\/fr\/#organization"},"image":{"@id":"https:\/\/www.link2fleet.com\/fr\/fleet-test-fiat-600e-une-grande-soeur-pour-la-500e\/#primaryimage"},"thumbnailUrl":"https:\/\/static.link2fleet.com\/wp-content\/uploads\/2024\/03\/new-600e-red-and-new-600e-la-prima-2.jpg","articleSection":["Essais fleet"],"inLanguage":"fr-FR"},{"@type":"WebPage","@id":"https:\/\/www.link2fleet.com\/fr\/fleet-test-fiat-600e-une-grande-soeur-pour-la-500e\/","url":"https:\/\/www.link2fleet.com\/fr\/fleet-test-fiat-600e-une-grande-soeur-pour-la-500e\/","name":"Fleet test Fiat 600e: une grande s\u0153ur pour la 500e - link2fleet","isPartOf":{"@id":"https:\/\/www.link2fleet.com\/fr\/#website"},"primaryImageOfPage":{"@id":"https:\/\/www.link2fleet.com\/fr\/fleet-test-fiat-600e-une-grande-soeur-pour-la-500e\/#primaryimage"},"image":{"@id":"https:\/\/www.link2fleet.com\/fr\/fleet-test-fiat-600e-une-grande-soeur-pour-la-500e\/#primaryimage"},"thumbnailUrl":"https:\/\/static.link2fleet.com\/wp-content\/uploads\/2024\/03\/new-600e-red-and-new-600e-la-prima-2.jpg","datePublished":"2023-12-26T15:50:08+00:00","dateModified":"2024-04-12T13:02:53+00:00","breadcrumb":{"@id":"https:\/\/www.link2fleet.com\/fr\/fleet-test-fiat-600e-une-grande-soeur-pour-la-500e\/#breadcrumb"},"inLanguage":"fr-FR","potentialAction":[{"@type":"ReadAction","target":["https:\/\/www.link2fleet.com\/fr\/fleet-test-fiat-600e-une-grande-soeur-pour-la-500e\/"]}]},{"@type":"ImageObject","inLanguage":"fr-FR","@id":"https:\/\/www.link2fleet.com\/fr\/fleet-test-fiat-600e-une-grande-soeur-pour-la-500e\/#primaryimage","url":"https:\/\/static.link2fleet.com\/wp-content\/uploads\/2024\/03\/new-600e-red-and-new-600e-la-prima-2.jpg","contentUrl":"https:\/\/static.link2fleet.com\/wp-content\/uploads\/2024\/03\/new-600e-red-and-new-600e-la-prima-2.jpg","width":2048,"height":1365,"caption":"||||||||||||||"},{"@type":"BreadcrumbList","@id":"https:\/\/www.link2fleet.com\/fr\/fleet-test-fiat-600e-une-grande-soeur-pour-la-500e\/#breadcrumb","itemListElement":[{"@type":"ListItem","position":1,"name":"Home","item":"https:\/\/www.link2fleet.com\/fr\/"},{"@type":"ListItem","position":2,"name":"Fleet test Fiat 600e: une grande s\u0153ur pour la 500e"}]},{"@type":"WebSite","@id":"https:\/\/www.link2fleet.com\/fr\/#website","url":"https:\/\/www.link2fleet.com\/fr\/","name":"Link2fleet","description":"","publisher":{"@id":"https:\/\/www.link2fleet.com\/fr\/#organization"},"potentialAction":[{"@type":"SearchAction","target":{"@type":"EntryPoint","urlTemplate":"https:\/\/www.link2fleet.com\/fr\/?s={search_term_string}"},"query-input":{"@type":"PropertyValueSpecification","valueRequired":true,"valueName":"search_term_string"}}],"inLanguage":"fr-FR"},{"@type":"Organization","@id":"https:\/\/www.link2fleet.com\/fr\/#organization","name":"Link2fleet","url":"https:\/\/www.link2fleet.com\/fr\/","logo":{"@type":"ImageObject","inLanguage":"fr-FR","@id":"https:\/\/www.link2fleet.com\/fr\/#\/schema\/logo\/image\/","url":"https:\/\/static.link2fleet.com\/wp-content\/uploads\/2024\/03\/share-image.jpg","contentUrl":"https:\/\/static.link2fleet.com\/wp-content\/uploads\/2024\/03\/share-image.jpg","width":1200,"height":630,"caption":"Link2fleet"},"image":{"@id":"https:\/\/www.link2fleet.com\/fr\/#\/schema\/logo\/image\/"},"sameAs":["https:\/\/www.linkedin.com\/company\/link2fleet-belgium","https:\/\/www.youtube.com\/user\/MMMBMBE"]},{"@type":"Person","@id":"https:\/\/www.link2fleet.com\/fr\/#\/schema\/person\/027cd46113c78036b3809c9a054049da","name":"Damien Malvetti","image":{"@type":"ImageObject","inLanguage":"fr-FR","@id":"https:\/\/secure.gravatar.com\/avatar\/dd8cc03b49466c735f753ac37f8caa371af16dfed347456ed61f02883255eebb?s=96&d=mm&r=g","url":"https:\/\/secure.gravatar.com\/avatar\/dd8cc03b49466c735f753ac37f8caa371af16dfed347456ed61f02883255eebb?s=96&d=mm&r=g","contentUrl":"https:\/\/secure.gravatar.com\/avatar\/dd8cc03b49466c735f753ac37f8caa371af16dfed347456ed61f02883255eebb?s=96&d=mm&r=g","caption":"Damien Malvetti"},"description":"Damien Malvetti is opgeleid als journalist en gepassioneerd door wagens, technologie en mobiliteit. Hij is verantwoordelijk voor de redactionele inhoud van link2fleet en beschikt over een uitgebreide kennis van de fleet-sector en elektrische mobiliteit.","sameAs":["https:\/\/www.linkedin.com\/in\/damien-malvetti-56601142\/"]}]}},"_links":{"self":[{"href":"https:\/\/www.link2fleet.com\/fr\/wp-json\/wp\/v2\/posts\/11401","targetHints":{"allow":["GET"]}}],"collection":[{"href":"https:\/\/www.link2fleet.com\/fr\/wp-json\/wp\/v2\/posts"}],"about":[{"href":"https:\/\/www.link2fleet.com\/fr\/wp-json\/wp\/v2\/types\/post"}],"author":[{"embeddable":true,"href":"https:\/\/www.link2fleet.com\/fr\/wp-json\/wp\/v2\/users\/4"}],"replies":[{"embeddable":true,"href":"https:\/\/www.link2fleet.com\/fr\/wp-json\/wp\/v2\/comments?post=11401"}],"version-history":[{"count":0,"href":"https:\/\/www.link2fleet.com\/fr\/wp-json\/wp\/v2\/posts\/11401\/revisions"}],"wp:featuredmedia":[{"embeddable":true,"href":"https:\/\/www.link2fleet.com\/fr\/wp-json\/wp\/v2\/media\/11402"}],"wp:attachment":[{"href":"https:\/\/www.link2fleet.com\/fr\/wp-json\/wp\/v2\/media?parent=11401"}],"wp:term":[{"taxonomy":"category","embeddable":true,"href":"https:\/\/www.link2fleet.com\/fr\/wp-json\/wp\/v2\/categories?post=11401"},{"taxonomy":"post_tag","embeddable":true,"href":"https:\/\/www.link2fleet.com\/fr\/wp-json\/wp\/v2\/tags?post=11401"}],"curies":[{"name":"wp","href":"https:\/\/api.w.org\/{rel}","templated":true}]}}