{"id":11460,"date":"2024-01-24T19:51:08","date_gmt":"2024-01-24T18:51:08","guid":{"rendered":"https:\/\/www.link2fleet.com\/les-e-credits-carburants-renouvelables-sont-une-source-de-financement-supplementaire-pour-le-secteur-des-stations-de-recharge-2\/"},"modified":"2024-01-24T19:51:08","modified_gmt":"2024-01-24T18:51:08","slug":"les-e-credits-carburants-renouvelables-sont-une-source-de-financement-supplementaire-pour-le-secteur-des-stations-de-recharge-2","status":"publish","type":"post","link":"https:\/\/www.link2fleet.com\/fr\/les-e-credits-carburants-renouvelables-sont-une-source-de-financement-supplementaire-pour-le-secteur-des-stations-de-recharge-2\/","title":{"rendered":"Les e-cr\u00e9dits carburants renouvelables sont une source de financement suppl\u00e9mentaire pour le secteur des stations de recharge"},"content":{"rendered":"<p class=\"p2\"><b>Les e-credits une nouvelle source de revenue <\/b><\/p>\n<p class=\"p2\">La directive europ\u00e9enne sur les \u00e9nergies renouvelables (RED) II oblige les \u00c9tats membres \u00e0 rendre leurs carburants plus \u00e9cologiques. A cette fin, les fournisseurs de carburants enregistrent les volumes de carburants renouvelables qu&rsquo;ils mettent sur le march\u00e9 dans un registre \u00e9lectronique tenu par le SPF \u00c9conomie. D&rsquo;ann\u00e9e en ann\u00e9e, les obligations deviennent plus strictes. EV Belgium se r\u00e9jouit particuli\u00e8rement du fait que notre pays ait imm\u00e9diatement choisi d&rsquo;int\u00e9grer \u00e9galement la recharge \u00e9lectrique dans le syst\u00e8me. Ce faisant, les quantit\u00e9s enregistr\u00e9es de carburants renouvelables ou d&rsquo;\u00e9lectricit\u00e9 seront converties en unit\u00e9s d&rsquo;\u00e9nergie qui pourront ensuite \u00eatre \u00e9chang\u00e9es. Cela entra\u00eenera la cr\u00e9ation d&rsquo;un nouveau march\u00e9, et donc d&rsquo;une nouvelle source de revenus pour l&rsquo;infrastructure de recharge dans notre pays.<\/p>\n<p class=\"p2\">Aujourd&rsquo;hui, l&rsquo;enregistrement des e-cr\u00e9dits n&rsquo;est toutefois possible que pour la recharge (semi-)publique et la recharge sur le lieu de travail. Le syst\u00e8me n&rsquo;est pas encore ouvert \u00e0 la recharge \u00e0 domicile. <i>\u00ab Comme la grande majorit\u00e9 des sessions de recharge ont lieu \u00e0 domicile ou sur le lieu de travail, EV Belgium demande que les sessions de recharge \u00e0 domicile soient \u00e9galement int\u00e9gr\u00e9es dans le syst\u00e8me d&rsquo;e-cr\u00e9dits \u00bb<\/i>, a d\u00e9clar\u00e9 Jochen De Smet, pr\u00e9sident d&rsquo;EV Belgium.<\/p>\n<p class=\"p2\"><b>N\u00e9cessit\u00e9 d&rsquo;une augmentation substantielle <\/b><\/p>\n<p class=\"p2\">Les pr\u00e9visions d&rsquo;EV Belgium, fond\u00e9es sur le volume d&rsquo;investissement actuel et sur l&rsquo;hypoth\u00e8se d&rsquo;une suppression progressive des immatriculations de nouveaux v\u00e9hicules \u00e0 moteur \u00e0 combustion interne d&rsquo;ici \u00e0 2030 dans les trois r\u00e9gions, montrent qu&rsquo;il reste encore du pain sur la planche pour atteindre les objectifs en mati\u00e8re d&rsquo;infrastructure de recharge publique.<\/p>\n<p class=\"p2\">La Wallonie, en particulier, est d\u00e9j\u00e0 \u00e0 la tra\u00eene aujourd&rsquo;hui et risque d&rsquo;\u00eatre encore plus en difficult\u00e9 dans les ann\u00e9es \u00e0 venir. Il est urgent qu&rsquo;elle rattrape son retard. Pour la Flandre, la question est de savoir si le rythme d&rsquo;investissement actuel sera maintenu, et m\u00eame dans ce cas, il ne sera pas suffisant apr\u00e8s 2027. Bruxelles est dans les temps, mais cela ne tient pas compte des navetteurs et des touristes : la r\u00e9gion m\u00e9tropolitaine ferait donc bien de placer la barre encore plus haut.<\/p>\n<p class=\"p2\"><i>\u00ab Si l&rsquo;on tient compte du fait que l&rsquo;augmentation de la d\u00e9duction des co\u00fbts pour les infrastructures de recharge semi-publiques dans les entreprises dispara\u00eetra \u00e0 partir de 2025 et que de nombreuses concessions actuelles pour les infrastructures de recharge expireront \u00e9galement, il y aura une p\u00e9nurie de points de recharge publics \u00e0 court terme \u00bb<\/i>, selon Jochen De Smet<i>. \u00ab De plus, les camionnettes et les camions \u00e9lectriques arrivent \u00e0 grands pas, avec des besoins et des types d&rsquo;infrastructures de recharge sp\u00e9cifiques suppl\u00e9mentaires. \u00bb <\/i><\/p>\n<p><img loading=\"lazy\" decoding=\"async\" class=\"alignleft wp-image-1303544\" src=\"https:\/\/www.link2fleet.com\/wp-content\/uploads\/2024\/01\/Scherm\u00adafbeelding-2024-01-24-om-20.53.58-1024x580.png\" alt=\"\" width=\"681\" height=\"385\" \/><\/p>\n<p>&nbsp;<\/p>\n<p>&nbsp;<\/p>\n<p>&nbsp;<\/p>\n<p>&nbsp;<\/p>\n<p>&nbsp;<\/p>\n<p>&nbsp;<\/p>\n<p>&nbsp;<\/p>\n<p>&nbsp;<\/p>\n<p style=\"text-align: left\"><em>Source: EV Belgium<\/em><\/p>\n<p class=\"p1\"><b>Besoin de politiques proactives <\/b><\/p>\n<p class=\"p1\">Les diff\u00e9rents gouvernements vont donc devoir se mettre au travail imm\u00e9diatement apr\u00e8s les \u00e9lections si l&rsquo;on veut que les objectifs soient atteints. Les e-cr\u00e9dits y contribueront certainement, mais ne suffiront pas \u00e0 eux seuls. <i>\u00ab La croissance exponentielle des v\u00e9hicules \u00e9lectriques n\u00e9cessite une approche intelligente et tourn\u00e9e vers l&rsquo;avenir pour l&rsquo;installation de stations de recharge. Chaque r\u00e9gion a ses propres d\u00e9fis \u00e0 relever et la Wallonie est la plus mal lotie \u00e0 cet \u00e9gard \u00bb, <\/i>ajoute encore Jochen.<\/p>\n<p class=\"p1\">Outre l&rsquo;extension des e-cr\u00e9dits \u00e0 la recharge \u00e0 domicile, EV Belgium estime qu&rsquo;il est urgent (1) de lancer de nouveaux appels d&rsquo;offres bas\u00e9s sur d&rsquo;autres concepts que celui du \u00ab\u00a0paal volgt wagen\u00a0\u00bb (places de recharge plus grandes, combinaisons avec l&rsquo;\u00e9nergie renouvelable, etc.), (2) de transf\u00e9rer les taxes de l&rsquo;\u00e9lectricit\u00e9 vers les combustibles fossiles (un tax shift \u00e9nerg\u00e9tique), et (3) d&rsquo;investir davantage dans des r\u00e9seaux \u00e9lectriques intelligents et flexibles, consid\u00e9rant la mobilit\u00e9 \u00e9lectrique comme faisant partie de la solution.<\/p>\n<p class=\"p1\">Tout cela est n\u00e9cessaire pour r\u00e9duire le co\u00fbt pour les conducteurs de VE, augmenter la disponibilit\u00e9 des stations de recharge et renforcer la part de l&rsquo;\u00e9nergie verte dans l&rsquo;approvisionnement \u00e9nerg\u00e9tique, mais \u00e9galement pour rendre attrayante la rentabilit\u00e9 de l&rsquo;investissement dans les points de recharge (semi-)publics.<\/p>\n","protected":false},"excerpt":{"rendered":"<p>Les e-credits une nouvelle source de revenue La directive europ\u00e9enne sur les \u00e9nergies renouvelables (RED) II oblige les \u00c9tats membres \u00e0 rendre leurs carburants plus \u00e9cologiques. A cette fin, les fournisseurs de carburants enregistrent les volumes de carburants renouvelables qu&rsquo;ils mettent sur le march\u00e9 dans un registre \u00e9lectronique tenu par le SPF \u00c9conomie. D&rsquo;ann\u00e9e en [&hellip;]<\/p>\n","protected":false},"author":43,"featured_media":741,"comment_status":"closed","ping_status":"closed","sticky":false,"template":"","format":"standard","meta":{"_acf_changed":false,"footnotes":""},"categories":[81,91],"tags":[],"class_list":["post-11460","post","type-post","status-publish","format-standard","has-post-thumbnail","hentry","category-gestion-de-carburant-et-energie","category-expertise-et-management"],"acf":[],"yoast_head":"<!-- This site is optimized with the Yoast SEO plugin v27.3 - https:\/\/yoast.com\/product\/yoast-seo-wordpress\/ -->\n<title>Les e-cr\u00e9dits carburants renouvelables sont une source de financement suppl\u00e9mentaire pour le secteur des stations de recharge - link2fleet<\/title>\n<meta name=\"description\" content=\"Hier, le vice-premier ministre et ministre de la Mobilit\u00e9 Georges Gilkinet et le ministre de l&rsquo;\u00c9nergie Tinne Van der Straeten, en collaboration avec EV Belgium,\u2026\" \/>\n<meta name=\"robots\" content=\"index, follow, max-snippet:-1, max-image-preview:large, max-video-preview:-1\" \/>\n<meta property=\"og:locale\" content=\"fr_FR\" \/>\n<meta property=\"og:type\" content=\"article\" \/>\n<meta property=\"og:title\" content=\"Les e-cr\u00e9dits carburants renouvelables sont une source de financement suppl\u00e9mentaire pour le secteur des stations de recharge - link2fleet\" \/>\n<meta property=\"og:description\" content=\"Hier, le vice-premier ministre et ministre de la Mobilit\u00e9 Georges Gilkinet et le ministre de l&rsquo;\u00c9nergie Tinne Van der Straeten, en collaboration avec EV Belgium,\u2026\" \/>\n<meta property=\"og:url\" content=\"https:\/\/www.link2fleet.com\/fr\/les-e-credits-carburants-renouvelables-sont-une-source-de-financement-supplementaire-pour-le-secteur-des-stations-de-recharge-2\/\" \/>\n<meta property=\"og:site_name\" content=\"link2fleet\" \/>\n<meta property=\"article:published_time\" content=\"2024-01-24T18:51:08+00:00\" \/>\n<meta property=\"og:image\" content=\"https:\/\/static.link2fleet.com\/wp-content\/uploads\/2024\/01\/chuttersnap-xjlshl0hiik-unsplash-scaled-1.jpg\" \/>\n\t<meta property=\"og:image:width\" content=\"2560\" \/>\n\t<meta property=\"og:image:height\" content=\"1703\" \/>\n\t<meta property=\"og:image:type\" content=\"image\/jpeg\" \/>\n<meta name=\"author\" content=\"Jeroen Evens\" \/>\n<meta name=\"twitter:card\" content=\"summary_large_image\" \/>\n<meta name=\"twitter:description\" content=\"Hier, le vice-premier ministre et ministre de la Mobilit\u00e9 Georges Gilkinet et le ministre de l&rsquo;\u00c9nergie Tinne Van der Straeten, en collaboration avec EV Belgium,\u2026\" \/>\n<meta name=\"twitter:label1\" content=\"\u00c9crit par\" \/>\n\t<meta name=\"twitter:data1\" content=\"Jeroen Evens\" \/>\n\t<meta name=\"twitter:label2\" content=\"Dur\u00e9e de lecture estim\u00e9e\" \/>\n\t<meta name=\"twitter:data2\" content=\"3 minutes\" \/>\n<script type=\"application\/ld+json\" class=\"yoast-schema-graph\">{\"@context\":\"https:\\\/\\\/schema.org\",\"@graph\":[{\"@type\":\"Article\",\"@id\":\"https:\\\/\\\/www.link2fleet.com\\\/fr\\\/les-e-credits-carburants-renouvelables-sont-une-source-de-financement-supplementaire-pour-le-secteur-des-stations-de-recharge-2\\\/#article\",\"isPartOf\":{\"@id\":\"https:\\\/\\\/www.link2fleet.com\\\/fr\\\/les-e-credits-carburants-renouvelables-sont-une-source-de-financement-supplementaire-pour-le-secteur-des-stations-de-recharge-2\\\/\"},\"author\":{\"name\":\"Jeroen Evens\",\"@id\":\"https:\\\/\\\/www.link2fleet.com\\\/fr\\\/#\\\/schema\\\/person\\\/3f23fa5cf039e25761156c930f6bf38f\"},\"headline\":\"Les e-cr\u00e9dits carburants renouvelables sont une source de financement suppl\u00e9mentaire pour le secteur des stations de recharge\",\"datePublished\":\"2024-01-24T18:51:08+00:00\",\"mainEntityOfPage\":{\"@id\":\"https:\\\/\\\/www.link2fleet.com\\\/fr\\\/les-e-credits-carburants-renouvelables-sont-une-source-de-financement-supplementaire-pour-le-secteur-des-stations-de-recharge-2\\\/\"},\"wordCount\":732,\"publisher\":{\"@id\":\"https:\\\/\\\/www.link2fleet.com\\\/fr\\\/#organization\"},\"image\":{\"@id\":\"https:\\\/\\\/www.link2fleet.com\\\/fr\\\/les-e-credits-carburants-renouvelables-sont-une-source-de-financement-supplementaire-pour-le-secteur-des-stations-de-recharge-2\\\/#primaryimage\"},\"thumbnailUrl\":\"https:\\\/\\\/static.link2fleet.com\\\/wp-content\\\/uploads\\\/2024\\\/01\\\/chuttersnap-xjlshl0hiik-unsplash-scaled-1.jpg\",\"articleSection\":[\"Gestion carburant et de l'\u00e9nergie\",\"Gestion de flotte\"],\"inLanguage\":\"fr-FR\"},{\"@type\":\"WebPage\",\"@id\":\"https:\\\/\\\/www.link2fleet.com\\\/fr\\\/les-e-credits-carburants-renouvelables-sont-une-source-de-financement-supplementaire-pour-le-secteur-des-stations-de-recharge-2\\\/\",\"url\":\"https:\\\/\\\/www.link2fleet.com\\\/fr\\\/les-e-credits-carburants-renouvelables-sont-une-source-de-financement-supplementaire-pour-le-secteur-des-stations-de-recharge-2\\\/\",\"name\":\"Les e-cr\u00e9dits carburants renouvelables sont une source de financement suppl\u00e9mentaire pour le secteur des stations de recharge - link2fleet\",\"isPartOf\":{\"@id\":\"https:\\\/\\\/www.link2fleet.com\\\/fr\\\/#website\"},\"primaryImageOfPage\":{\"@id\":\"https:\\\/\\\/www.link2fleet.com\\\/fr\\\/les-e-credits-carburants-renouvelables-sont-une-source-de-financement-supplementaire-pour-le-secteur-des-stations-de-recharge-2\\\/#primaryimage\"},\"image\":{\"@id\":\"https:\\\/\\\/www.link2fleet.com\\\/fr\\\/les-e-credits-carburants-renouvelables-sont-une-source-de-financement-supplementaire-pour-le-secteur-des-stations-de-recharge-2\\\/#primaryimage\"},\"thumbnailUrl\":\"https:\\\/\\\/static.link2fleet.com\\\/wp-content\\\/uploads\\\/2024\\\/01\\\/chuttersnap-xjlshl0hiik-unsplash-scaled-1.jpg\",\"datePublished\":\"2024-01-24T18:51:08+00:00\",\"breadcrumb\":{\"@id\":\"https:\\\/\\\/www.link2fleet.com\\\/fr\\\/les-e-credits-carburants-renouvelables-sont-une-source-de-financement-supplementaire-pour-le-secteur-des-stations-de-recharge-2\\\/#breadcrumb\"},\"inLanguage\":\"fr-FR\",\"potentialAction\":[{\"@type\":\"ReadAction\",\"target\":[\"https:\\\/\\\/www.link2fleet.com\\\/fr\\\/les-e-credits-carburants-renouvelables-sont-une-source-de-financement-supplementaire-pour-le-secteur-des-stations-de-recharge-2\\\/\"]}]},{\"@type\":\"ImageObject\",\"inLanguage\":\"fr-FR\",\"@id\":\"https:\\\/\\\/www.link2fleet.com\\\/fr\\\/les-e-credits-carburants-renouvelables-sont-une-source-de-financement-supplementaire-pour-le-secteur-des-stations-de-recharge-2\\\/#primaryimage\",\"url\":\"https:\\\/\\\/static.link2fleet.com\\\/wp-content\\\/uploads\\\/2024\\\/01\\\/chuttersnap-xjlshl0hiik-unsplash-scaled-1.jpg\",\"contentUrl\":\"https:\\\/\\\/static.link2fleet.com\\\/wp-content\\\/uploads\\\/2024\\\/01\\\/chuttersnap-xjlshl0hiik-unsplash-scaled-1.jpg\",\"width\":2560,\"height\":1703,\"caption\":\"||\"},{\"@type\":\"BreadcrumbList\",\"@id\":\"https:\\\/\\\/www.link2fleet.com\\\/fr\\\/les-e-credits-carburants-renouvelables-sont-une-source-de-financement-supplementaire-pour-le-secteur-des-stations-de-recharge-2\\\/#breadcrumb\",\"itemListElement\":[{\"@type\":\"ListItem\",\"position\":1,\"name\":\"Home\",\"item\":\"https:\\\/\\\/www.link2fleet.com\\\/fr\\\/\"},{\"@type\":\"ListItem\",\"position\":2,\"name\":\"Les e-cr\u00e9dits carburants renouvelables sont une source de financement suppl\u00e9mentaire pour le secteur des stations de recharge\"}]},{\"@type\":\"WebSite\",\"@id\":\"https:\\\/\\\/www.link2fleet.com\\\/fr\\\/#website\",\"url\":\"https:\\\/\\\/www.link2fleet.com\\\/fr\\\/\",\"name\":\"Link2fleet\",\"description\":\"\",\"publisher\":{\"@id\":\"https:\\\/\\\/www.link2fleet.com\\\/fr\\\/#organization\"},\"potentialAction\":[{\"@type\":\"SearchAction\",\"target\":{\"@type\":\"EntryPoint\",\"urlTemplate\":\"https:\\\/\\\/www.link2fleet.com\\\/fr\\\/?s={search_term_string}\"},\"query-input\":{\"@type\":\"PropertyValueSpecification\",\"valueRequired\":true,\"valueName\":\"search_term_string\"}}],\"inLanguage\":\"fr-FR\"},{\"@type\":\"Organization\",\"@id\":\"https:\\\/\\\/www.link2fleet.com\\\/fr\\\/#organization\",\"name\":\"Link2fleet\",\"url\":\"https:\\\/\\\/www.link2fleet.com\\\/fr\\\/\",\"logo\":{\"@type\":\"ImageObject\",\"inLanguage\":\"fr-FR\",\"@id\":\"https:\\\/\\\/www.link2fleet.com\\\/fr\\\/#\\\/schema\\\/logo\\\/image\\\/\",\"url\":\"https:\\\/\\\/static.link2fleet.com\\\/wp-content\\\/uploads\\\/2024\\\/03\\\/share-image.jpg\",\"contentUrl\":\"https:\\\/\\\/static.link2fleet.com\\\/wp-content\\\/uploads\\\/2024\\\/03\\\/share-image.jpg\",\"width\":1200,\"height\":630,\"caption\":\"Link2fleet\"},\"image\":{\"@id\":\"https:\\\/\\\/www.link2fleet.com\\\/fr\\\/#\\\/schema\\\/logo\\\/image\\\/\"},\"sameAs\":[\"https:\\\/\\\/www.linkedin.com\\\/company\\\/link2fleet-belgium\",\"https:\\\/\\\/www.youtube.com\\\/user\\\/MMMBMBE\"]},{\"@type\":\"Person\",\"@id\":\"https:\\\/\\\/www.link2fleet.com\\\/fr\\\/#\\\/schema\\\/person\\\/3f23fa5cf039e25761156c930f6bf38f\",\"name\":\"Jeroen Evens\",\"image\":{\"@type\":\"ImageObject\",\"inLanguage\":\"fr-FR\",\"@id\":\"https:\\\/\\\/secure.gravatar.com\\\/avatar\\\/6e059523a84fbec54e5ec5d0f3fb4322b7b077be22b323085f823d1d7f00f32e?s=96&d=mm&r=g\",\"url\":\"https:\\\/\\\/secure.gravatar.com\\\/avatar\\\/6e059523a84fbec54e5ec5d0f3fb4322b7b077be22b323085f823d1d7f00f32e?s=96&d=mm&r=g\",\"contentUrl\":\"https:\\\/\\\/secure.gravatar.com\\\/avatar\\\/6e059523a84fbec54e5ec5d0f3fb4322b7b077be22b323085f823d1d7f00f32e?s=96&d=mm&r=g\",\"caption\":\"Jeroen Evens\"},\"description\":\"Jeroen Evens is opgeleid in de Communicatiewetenschappen (KULeuven) en is een enthousiaste volger van alles wat met mobiliteit en bedrijfswagens te maken heeft. Als freelance journalist gespecialiseerd in de fleetsector houdt hij al drie jaar lang de vinger aan de pols van de laatste ontwikkelingen in onze sector.\"}]}<\/script>\n<!-- \/ Yoast SEO plugin. -->","yoast_head_json":{"title":"Les e-cr\u00e9dits carburants renouvelables sont une source de financement suppl\u00e9mentaire pour le secteur des stations de recharge - link2fleet","description":"Hier, le vice-premier ministre et ministre de la Mobilit\u00e9 Georges Gilkinet et le ministre de l&rsquo;\u00c9nergie Tinne Van der Straeten, en collaboration avec EV Belgium,\u2026","robots":{"index":"index","follow":"follow","max-snippet":"max-snippet:-1","max-image-preview":"max-image-preview:large","max-video-preview":"max-video-preview:-1"},"og_locale":"fr_FR","og_type":"article","og_title":"Les e-cr\u00e9dits carburants renouvelables sont une source de financement suppl\u00e9mentaire pour le secteur des stations de recharge - link2fleet","og_description":"Hier, le vice-premier ministre et ministre de la Mobilit\u00e9 Georges Gilkinet et le ministre de l&rsquo;\u00c9nergie Tinne Van der Straeten, en collaboration avec EV Belgium,\u2026","og_url":"https:\/\/www.link2fleet.com\/fr\/les-e-credits-carburants-renouvelables-sont-une-source-de-financement-supplementaire-pour-le-secteur-des-stations-de-recharge-2\/","og_site_name":"link2fleet","article_published_time":"2024-01-24T18:51:08+00:00","og_image":[{"width":2560,"height":1703,"url":"https:\/\/static.link2fleet.com\/wp-content\/uploads\/2024\/01\/chuttersnap-xjlshl0hiik-unsplash-scaled-1.jpg","type":"image\/jpeg"}],"author":"Jeroen Evens","twitter_card":"summary_large_image","twitter_description":"Hier, le vice-premier ministre et ministre de la Mobilit\u00e9 Georges Gilkinet et le ministre de l&rsquo;\u00c9nergie Tinne Van der Straeten, en collaboration avec EV Belgium,\u2026","twitter_misc":{"\u00c9crit par":"Jeroen Evens","Dur\u00e9e de lecture estim\u00e9e":"3 minutes"},"schema":{"@context":"https:\/\/schema.org","@graph":[{"@type":"Article","@id":"https:\/\/www.link2fleet.com\/fr\/les-e-credits-carburants-renouvelables-sont-une-source-de-financement-supplementaire-pour-le-secteur-des-stations-de-recharge-2\/#article","isPartOf":{"@id":"https:\/\/www.link2fleet.com\/fr\/les-e-credits-carburants-renouvelables-sont-une-source-de-financement-supplementaire-pour-le-secteur-des-stations-de-recharge-2\/"},"author":{"name":"Jeroen Evens","@id":"https:\/\/www.link2fleet.com\/fr\/#\/schema\/person\/3f23fa5cf039e25761156c930f6bf38f"},"headline":"Les e-cr\u00e9dits carburants renouvelables sont une source de financement suppl\u00e9mentaire pour le secteur des stations de recharge","datePublished":"2024-01-24T18:51:08+00:00","mainEntityOfPage":{"@id":"https:\/\/www.link2fleet.com\/fr\/les-e-credits-carburants-renouvelables-sont-une-source-de-financement-supplementaire-pour-le-secteur-des-stations-de-recharge-2\/"},"wordCount":732,"publisher":{"@id":"https:\/\/www.link2fleet.com\/fr\/#organization"},"image":{"@id":"https:\/\/www.link2fleet.com\/fr\/les-e-credits-carburants-renouvelables-sont-une-source-de-financement-supplementaire-pour-le-secteur-des-stations-de-recharge-2\/#primaryimage"},"thumbnailUrl":"https:\/\/static.link2fleet.com\/wp-content\/uploads\/2024\/01\/chuttersnap-xjlshl0hiik-unsplash-scaled-1.jpg","articleSection":["Gestion carburant et de l'\u00e9nergie","Gestion de flotte"],"inLanguage":"fr-FR"},{"@type":"WebPage","@id":"https:\/\/www.link2fleet.com\/fr\/les-e-credits-carburants-renouvelables-sont-une-source-de-financement-supplementaire-pour-le-secteur-des-stations-de-recharge-2\/","url":"https:\/\/www.link2fleet.com\/fr\/les-e-credits-carburants-renouvelables-sont-une-source-de-financement-supplementaire-pour-le-secteur-des-stations-de-recharge-2\/","name":"Les e-cr\u00e9dits carburants renouvelables sont une source de financement suppl\u00e9mentaire pour le secteur des stations de recharge - link2fleet","isPartOf":{"@id":"https:\/\/www.link2fleet.com\/fr\/#website"},"primaryImageOfPage":{"@id":"https:\/\/www.link2fleet.com\/fr\/les-e-credits-carburants-renouvelables-sont-une-source-de-financement-supplementaire-pour-le-secteur-des-stations-de-recharge-2\/#primaryimage"},"image":{"@id":"https:\/\/www.link2fleet.com\/fr\/les-e-credits-carburants-renouvelables-sont-une-source-de-financement-supplementaire-pour-le-secteur-des-stations-de-recharge-2\/#primaryimage"},"thumbnailUrl":"https:\/\/static.link2fleet.com\/wp-content\/uploads\/2024\/01\/chuttersnap-xjlshl0hiik-unsplash-scaled-1.jpg","datePublished":"2024-01-24T18:51:08+00:00","breadcrumb":{"@id":"https:\/\/www.link2fleet.com\/fr\/les-e-credits-carburants-renouvelables-sont-une-source-de-financement-supplementaire-pour-le-secteur-des-stations-de-recharge-2\/#breadcrumb"},"inLanguage":"fr-FR","potentialAction":[{"@type":"ReadAction","target":["https:\/\/www.link2fleet.com\/fr\/les-e-credits-carburants-renouvelables-sont-une-source-de-financement-supplementaire-pour-le-secteur-des-stations-de-recharge-2\/"]}]},{"@type":"ImageObject","inLanguage":"fr-FR","@id":"https:\/\/www.link2fleet.com\/fr\/les-e-credits-carburants-renouvelables-sont-une-source-de-financement-supplementaire-pour-le-secteur-des-stations-de-recharge-2\/#primaryimage","url":"https:\/\/static.link2fleet.com\/wp-content\/uploads\/2024\/01\/chuttersnap-xjlshl0hiik-unsplash-scaled-1.jpg","contentUrl":"https:\/\/static.link2fleet.com\/wp-content\/uploads\/2024\/01\/chuttersnap-xjlshl0hiik-unsplash-scaled-1.jpg","width":2560,"height":1703,"caption":"||"},{"@type":"BreadcrumbList","@id":"https:\/\/www.link2fleet.com\/fr\/les-e-credits-carburants-renouvelables-sont-une-source-de-financement-supplementaire-pour-le-secteur-des-stations-de-recharge-2\/#breadcrumb","itemListElement":[{"@type":"ListItem","position":1,"name":"Home","item":"https:\/\/www.link2fleet.com\/fr\/"},{"@type":"ListItem","position":2,"name":"Les e-cr\u00e9dits carburants renouvelables sont une source de financement suppl\u00e9mentaire pour le secteur des stations de recharge"}]},{"@type":"WebSite","@id":"https:\/\/www.link2fleet.com\/fr\/#website","url":"https:\/\/www.link2fleet.com\/fr\/","name":"Link2fleet","description":"","publisher":{"@id":"https:\/\/www.link2fleet.com\/fr\/#organization"},"potentialAction":[{"@type":"SearchAction","target":{"@type":"EntryPoint","urlTemplate":"https:\/\/www.link2fleet.com\/fr\/?s={search_term_string}"},"query-input":{"@type":"PropertyValueSpecification","valueRequired":true,"valueName":"search_term_string"}}],"inLanguage":"fr-FR"},{"@type":"Organization","@id":"https:\/\/www.link2fleet.com\/fr\/#organization","name":"Link2fleet","url":"https:\/\/www.link2fleet.com\/fr\/","logo":{"@type":"ImageObject","inLanguage":"fr-FR","@id":"https:\/\/www.link2fleet.com\/fr\/#\/schema\/logo\/image\/","url":"https:\/\/static.link2fleet.com\/wp-content\/uploads\/2024\/03\/share-image.jpg","contentUrl":"https:\/\/static.link2fleet.com\/wp-content\/uploads\/2024\/03\/share-image.jpg","width":1200,"height":630,"caption":"Link2fleet"},"image":{"@id":"https:\/\/www.link2fleet.com\/fr\/#\/schema\/logo\/image\/"},"sameAs":["https:\/\/www.linkedin.com\/company\/link2fleet-belgium","https:\/\/www.youtube.com\/user\/MMMBMBE"]},{"@type":"Person","@id":"https:\/\/www.link2fleet.com\/fr\/#\/schema\/person\/3f23fa5cf039e25761156c930f6bf38f","name":"Jeroen Evens","image":{"@type":"ImageObject","inLanguage":"fr-FR","@id":"https:\/\/secure.gravatar.com\/avatar\/6e059523a84fbec54e5ec5d0f3fb4322b7b077be22b323085f823d1d7f00f32e?s=96&d=mm&r=g","url":"https:\/\/secure.gravatar.com\/avatar\/6e059523a84fbec54e5ec5d0f3fb4322b7b077be22b323085f823d1d7f00f32e?s=96&d=mm&r=g","contentUrl":"https:\/\/secure.gravatar.com\/avatar\/6e059523a84fbec54e5ec5d0f3fb4322b7b077be22b323085f823d1d7f00f32e?s=96&d=mm&r=g","caption":"Jeroen Evens"},"description":"Jeroen Evens is opgeleid in de Communicatiewetenschappen (KULeuven) en is een enthousiaste volger van alles wat met mobiliteit en bedrijfswagens te maken heeft. Als freelance journalist gespecialiseerd in de fleetsector houdt hij al drie jaar lang de vinger aan de pols van de laatste ontwikkelingen in onze sector."}]}},"_links":{"self":[{"href":"https:\/\/www.link2fleet.com\/fr\/wp-json\/wp\/v2\/posts\/11460","targetHints":{"allow":["GET"]}}],"collection":[{"href":"https:\/\/www.link2fleet.com\/fr\/wp-json\/wp\/v2\/posts"}],"about":[{"href":"https:\/\/www.link2fleet.com\/fr\/wp-json\/wp\/v2\/types\/post"}],"author":[{"embeddable":true,"href":"https:\/\/www.link2fleet.com\/fr\/wp-json\/wp\/v2\/users\/43"}],"replies":[{"embeddable":true,"href":"https:\/\/www.link2fleet.com\/fr\/wp-json\/wp\/v2\/comments?post=11460"}],"version-history":[{"count":0,"href":"https:\/\/www.link2fleet.com\/fr\/wp-json\/wp\/v2\/posts\/11460\/revisions"}],"wp:featuredmedia":[{"embeddable":true,"href":"https:\/\/www.link2fleet.com\/fr\/wp-json\/wp\/v2\/media\/741"}],"wp:attachment":[{"href":"https:\/\/www.link2fleet.com\/fr\/wp-json\/wp\/v2\/media?parent=11460"}],"wp:term":[{"taxonomy":"category","embeddable":true,"href":"https:\/\/www.link2fleet.com\/fr\/wp-json\/wp\/v2\/categories?post=11460"},{"taxonomy":"post_tag","embeddable":true,"href":"https:\/\/www.link2fleet.com\/fr\/wp-json\/wp\/v2\/tags?post=11460"}],"curies":[{"name":"wp","href":"https:\/\/api.w.org\/{rel}","templated":true}]}}