{"id":11464,"date":"2024-01-25T11:36:25","date_gmt":"2024-01-25T10:36:25","guid":{"rendered":"https:\/\/www.link2fleet.com\/remboursement-des-frais-de-recharge-a-domicile-quen-dire-de-plus-le-tarif-de-la-creg-pardi-2\/"},"modified":"2024-01-25T11:36:25","modified_gmt":"2024-01-25T10:36:25","slug":"remboursement-des-frais-de-recharge-a-domicile-quen-dire-de-plus-le-tarif-de-la-creg-pardi-2","status":"publish","type":"post","link":"https:\/\/www.link2fleet.com\/fr\/remboursement-des-frais-de-recharge-a-domicile-quen-dire-de-plus-le-tarif-de-la-creg-pardi-2\/","title":{"rendered":"Remboursement des frais de recharge \u00e0 domicile &#8211;  Qu\u2019en dire de plus? Le tarif de la CREG pardi!"},"content":{"rendered":"<p style=\"font-weight: 400;\"><strong><em>De quoi s\u2019agit-il?<\/em><\/strong><\/p>\n<p style=\"font-weight: 400;\">Le remboursement de l&rsquo;\u00e9lectricit\u00e9 pour la recharge d&rsquo;une voiture de soci\u00e9t\u00e9 \u00e0 domicile est, comme une carte de carburant pour une voiture de soci\u00e9t\u00e9 diesel, par exemple, inclus dans l&rsquo;avantage forfaitaire en nature calcul\u00e9 pour la voiture de soci\u00e9t\u00e9 en question \u00e0 condition que :<\/p>\n<ul>\n<li>La borne de recharge est mise \u00e0 disposition par l&#8217;employeur ; ici, la r\u00e9ponse \u00e0 la question parlementaire pr\u00e9cise que la borne de recharge peut \u00e9galement appartenir \u00e0 l&#8217;employ\u00e9. Cela donne la flexibilit\u00e9 n\u00e9cessaire dans le cadre d&rsquo;un changement d&#8217;employeur ou d&rsquo;investissements propres (fiscalement int\u00e9ressants) dans une borne de recharge par l&#8217;employ\u00e9 lui-m\u00eame.<\/li>\n<\/ul>\n<p style=\"font-weight: 400;\">Autre \u00e9l\u00e9ment confirm\u00e9: la mise \u00e0 disposition de la borne de recharge par l&#8217;employeur est \u00e9galement incluse dans l&rsquo;avantage forfaitaire en nature calcul\u00e9 pour la voiture de fonction<\/p>\n<ul>\n<li>La borne doit disposer d\u2019un syst\u00e8me de communicaiton sp\u00e9cifique qui permet de d\u00e9terminer l\u2019\u00e9lectricit\u00e9 consomm\u00e9e. C\u2019est logiquement le cas lorsqu\u2019on utilise une carte de recharge. Il est maintenant pr\u00e9vu qu\u2019une autre forme de communication peut \u00eatre accept\u00e9e, \u00e0 condition qu\u2019elle soit v\u00e9rifiable. Un compteur interm\u00e9diaire indiquant le nombre de kWh consomm\u00e9s par la voiture de soci\u00e9t\u00e9 concern\u00e9e peut par exemple faire l\u2019affaire.<\/li>\n<li>La car-policy pr\u00e9voitle remboursement de l&rsquo;\u00e9lectricit\u00e9 consomm\u00e9e pour la voiture de fonction concern\u00e9e lorsqu&rsquo;elle est recharg\u00e9e \u00e0 domicile<\/li>\n<li>Le remboursement par l\u2019employeur est effectu\u00e9 sur base des co\u00fbts r\u00e9els de l\u2019\u00e9lectricit\u00e9 de l\u2019employ\u00e9. \u00c0 cette fin, tous les moyens de preuve de droit commun, \u00e0 l&rsquo;exception du serment, sont admissibles.<\/li>\n<\/ul>\n<p style=\"font-weight: 400;\">Et c&rsquo;est sur le dernier point que le b\u00e2t blesse. En effet, la plupart des entreprises utilisent un remboursement bas\u00e9 sur le tarif de la CREG. Les tarifs de la CREG d\u00e9pendent entre autres de la r\u00e9gion dans laquelle l\u2019employ\u00e9 habite. Ce tarif est un prix moyen du march\u00e9 et change tous les mois. Depuis d\u00e9cembre 2022, les tarifs de la CREG sont publi\u00e9s \u00e0 la fin du mois. En pratique, cela signifie qu&rsquo;une session de charge du mois en cours sera toujours rembours\u00e9e au tarif CREG du mois qui vient de s&rsquo;achever. En bref, pour une population plus large, un reflet exact du co\u00fbt r\u00e9el de l&rsquo;\u00e9lectricit\u00e9.<\/p>\n<p style=\"font-weight: 400;\">Mais en pratique, ce tarif de la CREG peut (l\u00e9g\u00e8rement) diff\u00e9rer des co\u00fbts r\u00e9els d\u2019\u00e9lectricit\u00e9 pay\u00e9s par l\u2019employ\u00e9 (d\u2019autant plus l\u00e0 o\u00f9 le taux de population est faible). Quels sont d\u00e8s lors les co\u00fbts r\u00e9els d\u2019\u00e9lectricit\u00e9\u00a0? Ce que l\u2019employ\u00e9 paie r\u00e9ellement \u00e0 son fournisseur? Quid s\u2019il a des panneaux solaires\u00a0? Et une batterie domestique\u00a0? Un amortissement peut-il \u00eatre pris en compte\u00a0? Qui va s\u2019en charger? Qui va contr\u00f4ler cela? Et bien d\u2019autres questions\u2026.<\/p>\n<p style=\"font-weight: 400;\">Voil\u00e0 qui cr\u00e9\u00e9e pas mal d\u2019inconnues et d\u2019anxi\u00e9t\u00e9. Mais quelles sont les possibilit\u00e9s ?<\/p>\n<p>&nbsp;<\/p>\n<p><strong>Juste un peu de bon sens:\u00a0<\/strong><\/p>\n<ul>\n<li>Le tarif CREG est un tarif moyen de la r\u00e9gion dans laquelle on habite<\/li>\n<li>Le tarif CREG est une moyenne: parfois il sera plus \u00e9lev\u00e9 que les co\u00fbts r\u00e9els, parfois, il sera plus faible\u2026<\/li>\n<li>Une entreprise dispose g\u00e9n\u00e9ralement de plusieurs voitures de soci\u00e9t\u00e9, donc une moyenne \u00e9tayera l&rsquo;argument ci-dessus&#8230; En moyenne, l&#8217;employeur ne paie donc pas plus \u00e0 ses employ\u00e9s que la moyenne des co\u00fbts r\u00e9els de l&rsquo;\u00e9lectricit\u00e9.<\/li>\n<li>En fonction du prix des co\u00fbts de l&rsquo;\u00e9lectricit\u00e9, \u00e0 la hausse ou \u00e0 la baisse, le tarif de la CREG, qui sert de base au remboursement un mois (ou un certain temps) plus tard que la consommation, sera \u00e9galement un peu moins ou plus que le co\u00fbt r\u00e9el de l&rsquo;\u00e9lectricit\u00e9. Sur une p\u00e9riode plus longue, en revanche, il se rapprochera du co\u00fbt r\u00e9el de l&rsquo;\u00e9lectricit\u00e9.<\/li>\n<li>Et pour les employ\u00e9s qui ont investi dans des panneaux solaires? Eh bien, c\u2019est justement ce que le gouvernment stimule: sympa que vous mettiez vos \u00e9conomies l\u00e0-dedans pour r\u00e9duire vos co\u00fbts d\u2019\u00e9lectricit\u00e9. Mais avez-vous mis ces panneaux solaires pour votre voiture ou pour votre maison, ou pour les deux, quelle consommation prime ? Et quel co\u00fbt d&rsquo;investissement pouvez-vous imputer pour calculer le co\u00fbt r\u00e9el de l&rsquo;\u00e9lectricit\u00e9 ?<\/li>\n<li>Les Charge Point Operatos (CPO) disposent d\u00e9sormais d&rsquo;un moyen transparent, sur le plan administratif, pour rembourser l&rsquo;\u00e9lectricit\u00e9 consomm\u00e9e pour la recharge \u00e0 domicile de la voiture de fonction. La responsabilit\u00e9 de v\u00e9rifier les co\u00fbts r\u00e9els de l&rsquo;\u00e9lectricit\u00e9 va-t-elle leur incomber ? Avec pour cons\u00e9quence des services plus co\u00fbteux?<\/li>\n<li>Les autorit\u00e9s fiscales embaucheront-elles du personnel suppl\u00e9mentaire pour effectuer ces contr\u00f4les ?<\/li>\n<li>S&rsquo;il ne s&rsquo;agit pas des frais d&rsquo;\u00e9lectricit\u00e9 proprement dits, il s&rsquo;agit essentiellement d&rsquo;un remboursement de frais propres \u00e0 l&#8217;employeur. De nombreux forfaits ont \u00e9galement \u00e9t\u00e9 cr\u00e9\u00e9s pour ces frais, par exemple les frais de travail \u00e0 domicile, pour des raisons de simplification administrative. Cela doit \u00eatre mentionn\u00e9 sur la fiche de paie, mais en principe, ce remboursement de frais propres \u00e0 l&#8217;employeur n&rsquo;est pas imposable pour le salari\u00e9&#8230;.<\/li>\n<li>&#8230;.<\/li>\n<\/ul>\n<p style=\"font-weight: 400;\">La liste ci-dessus qui peut sans doute \u00eatre compl\u00e9t\u00e9e (n&rsquo;h\u00e9sitez pas dans les commentaires) montre clairement que, \u00e0 moins qu&rsquo;un lapin blanc technologique ne sorte du chapeau, il n&rsquo;y a qu&rsquo;une seule fa\u00e7on de r\u00e9aliser le remboursement de l&rsquo;\u00e9lectricit\u00e9 utilis\u00e9e pour la recharge \u00e0 domicile de la voiture de fonction de mani\u00e8re v\u00e9rifiable, transparente et administrativement g\u00e9rable ; en utilisant le tarif CREG.<\/p>\n<p style=\"font-weight: 400;\">En esp\u00e9rant bient\u00f4t plus de clart\u00e9 sur la question\u2026<\/p>\n<p style=\"font-weight: 400; text-align: right;\"><strong>Bart Vanham, Fleet360<\/strong><\/p>\n<p style=\"font-weight: 400; text-align: right;\"><a href=\"http:\/\/www.fleet3sixty.com\/\">www.fleet3sixty.com<\/a><\/p>\n<p style=\"font-weight: 400; text-align: right;\"><a href=\"mailto:Bvanham@fleet3sixty.com\">Bvanham@fleet3sixty.com<\/a><\/p>\n<p><strong>Vous vous posez encore des questions sur la recharge \u00e0 domicile?<\/strong><\/p>\n<p><iframe loading=\"lazy\" title=\"Tutoriel link2fleet - Comment recharger sa voiture \u00e9lectrique sur une borne \u00e0 la maison?\" width=\"500\" height=\"281\" src=\"https:\/\/www.youtube.com\/embed\/SCg9WjfDoYM?feature=oembed\" frameborder=\"0\" allow=\"accelerometer; autoplay; clipboard-write; encrypted-media; gyroscope; picture-in-picture; web-share\" referrerpolicy=\"strict-origin-when-cross-origin\" allowfullscreen><\/iframe><\/p>\n","protected":false},"excerpt":{"rendered":"<p>De quoi s\u2019agit-il? Le remboursement de l&rsquo;\u00e9lectricit\u00e9 pour la recharge d&rsquo;une voiture de soci\u00e9t\u00e9 \u00e0 domicile est, comme une carte de carburant pour une voiture de soci\u00e9t\u00e9 diesel, par exemple, inclus dans l&rsquo;avantage forfaitaire en nature calcul\u00e9 pour la voiture de soci\u00e9t\u00e9 en question \u00e0 condition que : La borne de recharge est mise \u00e0 [&hellip;]<\/p>\n","protected":false},"author":4,"featured_media":600,"comment_status":"closed","ping_status":"closed","sticky":false,"template":"","format":"standard","meta":{"_acf_changed":false,"footnotes":""},"categories":[91,101],"tags":[],"class_list":["post-11464","post","type-post","status-publish","format-standard","has-post-thumbnail","hentry","category-expertise-et-management","category-tax-legal"],"acf":[],"yoast_head":"<!-- This site is optimized with the Yoast SEO plugin v27.3 - https:\/\/yoast.com\/product\/yoast-seo-wordpress\/ -->\n<title>Remboursement des frais de recharge \u00e0 domicile - Qu\u2019en dire de plus? Le tarif de la CREG pardi! - link2fleet<\/title>\n<meta name=\"description\" content=\"On a beaucoup entendu parler d&rsquo;une occasion manqu\u00e9e de clarifier enfin le tarif \u00e0 appliquer pour le remboursement de l&rsquo;\u00e9lectricit\u00e9 pour la recharge \u00e0 domicile\u2026\" \/>\n<meta name=\"robots\" content=\"index, follow, max-snippet:-1, max-image-preview:large, max-video-preview:-1\" \/>\n<meta property=\"og:locale\" content=\"fr_FR\" \/>\n<meta property=\"og:type\" content=\"article\" \/>\n<meta property=\"og:title\" content=\"Remboursement des frais de recharge \u00e0 domicile - Qu\u2019en dire de plus? Le tarif de la CREG pardi! - link2fleet\" \/>\n<meta property=\"og:description\" content=\"On a beaucoup entendu parler d&rsquo;une occasion manqu\u00e9e de clarifier enfin le tarif \u00e0 appliquer pour le remboursement de l&rsquo;\u00e9lectricit\u00e9 pour la recharge \u00e0 domicile\u2026\" \/>\n<meta property=\"og:url\" content=\"https:\/\/www.link2fleet.com\/fr\/remboursement-des-frais-de-recharge-a-domicile-quen-dire-de-plus-le-tarif-de-la-creg-pardi-2\/\" \/>\n<meta property=\"og:site_name\" content=\"link2fleet\" \/>\n<meta property=\"article:published_time\" content=\"2024-01-25T10:36:25+00:00\" \/>\n<meta property=\"og:image\" content=\"https:\/\/static.link2fleet.com\/wp-content\/uploads\/2024\/01\/remboursement-scaled-1.jpeg\" \/>\n\t<meta property=\"og:image:width\" content=\"2560\" \/>\n\t<meta property=\"og:image:height\" content=\"1737\" \/>\n\t<meta property=\"og:image:type\" content=\"image\/jpeg\" \/>\n<meta name=\"author\" content=\"Damien Malvetti\" \/>\n<meta name=\"twitter:card\" content=\"summary_large_image\" \/>\n<meta name=\"twitter:description\" content=\"On a beaucoup entendu parler d&rsquo;une occasion manqu\u00e9e de clarifier enfin le tarif \u00e0 appliquer pour le remboursement de l&rsquo;\u00e9lectricit\u00e9 pour la recharge \u00e0 domicile\u2026\" \/>\n<meta name=\"twitter:label1\" content=\"\u00c9crit par\" \/>\n\t<meta name=\"twitter:data1\" content=\"Damien Malvetti\" \/>\n\t<meta name=\"twitter:label2\" content=\"Dur\u00e9e de lecture estim\u00e9e\" \/>\n\t<meta name=\"twitter:data2\" content=\"5 minutes\" \/>\n<script type=\"application\/ld+json\" class=\"yoast-schema-graph\">{\"@context\":\"https:\\\/\\\/schema.org\",\"@graph\":[{\"@type\":\"Article\",\"@id\":\"https:\\\/\\\/www.link2fleet.com\\\/fr\\\/remboursement-des-frais-de-recharge-a-domicile-quen-dire-de-plus-le-tarif-de-la-creg-pardi-2\\\/#article\",\"isPartOf\":{\"@id\":\"https:\\\/\\\/www.link2fleet.com\\\/fr\\\/remboursement-des-frais-de-recharge-a-domicile-quen-dire-de-plus-le-tarif-de-la-creg-pardi-2\\\/\"},\"author\":{\"name\":\"Damien Malvetti\",\"@id\":\"https:\\\/\\\/www.link2fleet.com\\\/fr\\\/#\\\/schema\\\/person\\\/027cd46113c78036b3809c9a054049da\"},\"headline\":\"Remboursement des frais de recharge \u00e0 domicile &#8211; Qu\u2019en dire de plus? Le tarif de la CREG pardi!\",\"datePublished\":\"2024-01-25T10:36:25+00:00\",\"mainEntityOfPage\":{\"@id\":\"https:\\\/\\\/www.link2fleet.com\\\/fr\\\/remboursement-des-frais-de-recharge-a-domicile-quen-dire-de-plus-le-tarif-de-la-creg-pardi-2\\\/\"},\"wordCount\":1019,\"publisher\":{\"@id\":\"https:\\\/\\\/www.link2fleet.com\\\/fr\\\/#organization\"},\"image\":{\"@id\":\"https:\\\/\\\/www.link2fleet.com\\\/fr\\\/remboursement-des-frais-de-recharge-a-domicile-quen-dire-de-plus-le-tarif-de-la-creg-pardi-2\\\/#primaryimage\"},\"thumbnailUrl\":\"https:\\\/\\\/static.link2fleet.com\\\/wp-content\\\/uploads\\\/2024\\\/01\\\/remboursement-scaled-1.jpeg\",\"articleSection\":[\"Gestion de flotte\",\"Tax &amp; legal\"],\"inLanguage\":\"fr-FR\"},{\"@type\":\"WebPage\",\"@id\":\"https:\\\/\\\/www.link2fleet.com\\\/fr\\\/remboursement-des-frais-de-recharge-a-domicile-quen-dire-de-plus-le-tarif-de-la-creg-pardi-2\\\/\",\"url\":\"https:\\\/\\\/www.link2fleet.com\\\/fr\\\/remboursement-des-frais-de-recharge-a-domicile-quen-dire-de-plus-le-tarif-de-la-creg-pardi-2\\\/\",\"name\":\"Remboursement des frais de recharge \u00e0 domicile - Qu\u2019en dire de plus? Le tarif de la CREG pardi! - link2fleet\",\"isPartOf\":{\"@id\":\"https:\\\/\\\/www.link2fleet.com\\\/fr\\\/#website\"},\"primaryImageOfPage\":{\"@id\":\"https:\\\/\\\/www.link2fleet.com\\\/fr\\\/remboursement-des-frais-de-recharge-a-domicile-quen-dire-de-plus-le-tarif-de-la-creg-pardi-2\\\/#primaryimage\"},\"image\":{\"@id\":\"https:\\\/\\\/www.link2fleet.com\\\/fr\\\/remboursement-des-frais-de-recharge-a-domicile-quen-dire-de-plus-le-tarif-de-la-creg-pardi-2\\\/#primaryimage\"},\"thumbnailUrl\":\"https:\\\/\\\/static.link2fleet.com\\\/wp-content\\\/uploads\\\/2024\\\/01\\\/remboursement-scaled-1.jpeg\",\"datePublished\":\"2024-01-25T10:36:25+00:00\",\"breadcrumb\":{\"@id\":\"https:\\\/\\\/www.link2fleet.com\\\/fr\\\/remboursement-des-frais-de-recharge-a-domicile-quen-dire-de-plus-le-tarif-de-la-creg-pardi-2\\\/#breadcrumb\"},\"inLanguage\":\"fr-FR\",\"potentialAction\":[{\"@type\":\"ReadAction\",\"target\":[\"https:\\\/\\\/www.link2fleet.com\\\/fr\\\/remboursement-des-frais-de-recharge-a-domicile-quen-dire-de-plus-le-tarif-de-la-creg-pardi-2\\\/\"]}]},{\"@type\":\"ImageObject\",\"inLanguage\":\"fr-FR\",\"@id\":\"https:\\\/\\\/www.link2fleet.com\\\/fr\\\/remboursement-des-frais-de-recharge-a-domicile-quen-dire-de-plus-le-tarif-de-la-creg-pardi-2\\\/#primaryimage\",\"url\":\"https:\\\/\\\/static.link2fleet.com\\\/wp-content\\\/uploads\\\/2024\\\/01\\\/remboursement-scaled-1.jpeg\",\"contentUrl\":\"https:\\\/\\\/static.link2fleet.com\\\/wp-content\\\/uploads\\\/2024\\\/01\\\/remboursement-scaled-1.jpeg\",\"width\":2560,\"height\":1737},{\"@type\":\"BreadcrumbList\",\"@id\":\"https:\\\/\\\/www.link2fleet.com\\\/fr\\\/remboursement-des-frais-de-recharge-a-domicile-quen-dire-de-plus-le-tarif-de-la-creg-pardi-2\\\/#breadcrumb\",\"itemListElement\":[{\"@type\":\"ListItem\",\"position\":1,\"name\":\"Home\",\"item\":\"https:\\\/\\\/www.link2fleet.com\\\/fr\\\/\"},{\"@type\":\"ListItem\",\"position\":2,\"name\":\"Remboursement des frais de recharge \u00e0 domicile &#8211; Qu\u2019en dire de plus? Le tarif de la CREG pardi!\"}]},{\"@type\":\"WebSite\",\"@id\":\"https:\\\/\\\/www.link2fleet.com\\\/fr\\\/#website\",\"url\":\"https:\\\/\\\/www.link2fleet.com\\\/fr\\\/\",\"name\":\"Link2fleet\",\"description\":\"\",\"publisher\":{\"@id\":\"https:\\\/\\\/www.link2fleet.com\\\/fr\\\/#organization\"},\"potentialAction\":[{\"@type\":\"SearchAction\",\"target\":{\"@type\":\"EntryPoint\",\"urlTemplate\":\"https:\\\/\\\/www.link2fleet.com\\\/fr\\\/?s={search_term_string}\"},\"query-input\":{\"@type\":\"PropertyValueSpecification\",\"valueRequired\":true,\"valueName\":\"search_term_string\"}}],\"inLanguage\":\"fr-FR\"},{\"@type\":\"Organization\",\"@id\":\"https:\\\/\\\/www.link2fleet.com\\\/fr\\\/#organization\",\"name\":\"Link2fleet\",\"url\":\"https:\\\/\\\/www.link2fleet.com\\\/fr\\\/\",\"logo\":{\"@type\":\"ImageObject\",\"inLanguage\":\"fr-FR\",\"@id\":\"https:\\\/\\\/www.link2fleet.com\\\/fr\\\/#\\\/schema\\\/logo\\\/image\\\/\",\"url\":\"https:\\\/\\\/static.link2fleet.com\\\/wp-content\\\/uploads\\\/2024\\\/03\\\/share-image.jpg\",\"contentUrl\":\"https:\\\/\\\/static.link2fleet.com\\\/wp-content\\\/uploads\\\/2024\\\/03\\\/share-image.jpg\",\"width\":1200,\"height\":630,\"caption\":\"Link2fleet\"},\"image\":{\"@id\":\"https:\\\/\\\/www.link2fleet.com\\\/fr\\\/#\\\/schema\\\/logo\\\/image\\\/\"},\"sameAs\":[\"https:\\\/\\\/www.linkedin.com\\\/company\\\/link2fleet-belgium\",\"https:\\\/\\\/www.youtube.com\\\/user\\\/MMMBMBE\"]},{\"@type\":\"Person\",\"@id\":\"https:\\\/\\\/www.link2fleet.com\\\/fr\\\/#\\\/schema\\\/person\\\/027cd46113c78036b3809c9a054049da\",\"name\":\"Damien Malvetti\",\"image\":{\"@type\":\"ImageObject\",\"inLanguage\":\"fr-FR\",\"@id\":\"https:\\\/\\\/secure.gravatar.com\\\/avatar\\\/dd8cc03b49466c735f753ac37f8caa371af16dfed347456ed61f02883255eebb?s=96&d=mm&r=g\",\"url\":\"https:\\\/\\\/secure.gravatar.com\\\/avatar\\\/dd8cc03b49466c735f753ac37f8caa371af16dfed347456ed61f02883255eebb?s=96&d=mm&r=g\",\"contentUrl\":\"https:\\\/\\\/secure.gravatar.com\\\/avatar\\\/dd8cc03b49466c735f753ac37f8caa371af16dfed347456ed61f02883255eebb?s=96&d=mm&r=g\",\"caption\":\"Damien Malvetti\"},\"description\":\"Damien Malvetti is opgeleid als journalist en gepassioneerd door wagens, technologie en mobiliteit. Hij is verantwoordelijk voor de redactionele inhoud van link2fleet en beschikt over een uitgebreide kennis van de fleet-sector en elektrische mobiliteit.\",\"sameAs\":[\"https:\\\/\\\/www.linkedin.com\\\/in\\\/damien-malvetti-56601142\\\/\"]}]}<\/script>\n<!-- \/ Yoast SEO plugin. -->","yoast_head_json":{"title":"Remboursement des frais de recharge \u00e0 domicile - Qu\u2019en dire de plus? Le tarif de la CREG pardi! - link2fleet","description":"On a beaucoup entendu parler d&rsquo;une occasion manqu\u00e9e de clarifier enfin le tarif \u00e0 appliquer pour le remboursement de l&rsquo;\u00e9lectricit\u00e9 pour la recharge \u00e0 domicile\u2026","robots":{"index":"index","follow":"follow","max-snippet":"max-snippet:-1","max-image-preview":"max-image-preview:large","max-video-preview":"max-video-preview:-1"},"og_locale":"fr_FR","og_type":"article","og_title":"Remboursement des frais de recharge \u00e0 domicile - Qu\u2019en dire de plus? Le tarif de la CREG pardi! - link2fleet","og_description":"On a beaucoup entendu parler d&rsquo;une occasion manqu\u00e9e de clarifier enfin le tarif \u00e0 appliquer pour le remboursement de l&rsquo;\u00e9lectricit\u00e9 pour la recharge \u00e0 domicile\u2026","og_url":"https:\/\/www.link2fleet.com\/fr\/remboursement-des-frais-de-recharge-a-domicile-quen-dire-de-plus-le-tarif-de-la-creg-pardi-2\/","og_site_name":"link2fleet","article_published_time":"2024-01-25T10:36:25+00:00","og_image":[{"width":2560,"height":1737,"url":"https:\/\/static.link2fleet.com\/wp-content\/uploads\/2024\/01\/remboursement-scaled-1.jpeg","type":"image\/jpeg"}],"author":"Damien Malvetti","twitter_card":"summary_large_image","twitter_description":"On a beaucoup entendu parler d&rsquo;une occasion manqu\u00e9e de clarifier enfin le tarif \u00e0 appliquer pour le remboursement de l&rsquo;\u00e9lectricit\u00e9 pour la recharge \u00e0 domicile\u2026","twitter_misc":{"\u00c9crit par":"Damien Malvetti","Dur\u00e9e de lecture estim\u00e9e":"5 minutes"},"schema":{"@context":"https:\/\/schema.org","@graph":[{"@type":"Article","@id":"https:\/\/www.link2fleet.com\/fr\/remboursement-des-frais-de-recharge-a-domicile-quen-dire-de-plus-le-tarif-de-la-creg-pardi-2\/#article","isPartOf":{"@id":"https:\/\/www.link2fleet.com\/fr\/remboursement-des-frais-de-recharge-a-domicile-quen-dire-de-plus-le-tarif-de-la-creg-pardi-2\/"},"author":{"name":"Damien Malvetti","@id":"https:\/\/www.link2fleet.com\/fr\/#\/schema\/person\/027cd46113c78036b3809c9a054049da"},"headline":"Remboursement des frais de recharge \u00e0 domicile &#8211; Qu\u2019en dire de plus? Le tarif de la CREG pardi!","datePublished":"2024-01-25T10:36:25+00:00","mainEntityOfPage":{"@id":"https:\/\/www.link2fleet.com\/fr\/remboursement-des-frais-de-recharge-a-domicile-quen-dire-de-plus-le-tarif-de-la-creg-pardi-2\/"},"wordCount":1019,"publisher":{"@id":"https:\/\/www.link2fleet.com\/fr\/#organization"},"image":{"@id":"https:\/\/www.link2fleet.com\/fr\/remboursement-des-frais-de-recharge-a-domicile-quen-dire-de-plus-le-tarif-de-la-creg-pardi-2\/#primaryimage"},"thumbnailUrl":"https:\/\/static.link2fleet.com\/wp-content\/uploads\/2024\/01\/remboursement-scaled-1.jpeg","articleSection":["Gestion de flotte","Tax &amp; legal"],"inLanguage":"fr-FR"},{"@type":"WebPage","@id":"https:\/\/www.link2fleet.com\/fr\/remboursement-des-frais-de-recharge-a-domicile-quen-dire-de-plus-le-tarif-de-la-creg-pardi-2\/","url":"https:\/\/www.link2fleet.com\/fr\/remboursement-des-frais-de-recharge-a-domicile-quen-dire-de-plus-le-tarif-de-la-creg-pardi-2\/","name":"Remboursement des frais de recharge \u00e0 domicile - Qu\u2019en dire de plus? Le tarif de la CREG pardi! - link2fleet","isPartOf":{"@id":"https:\/\/www.link2fleet.com\/fr\/#website"},"primaryImageOfPage":{"@id":"https:\/\/www.link2fleet.com\/fr\/remboursement-des-frais-de-recharge-a-domicile-quen-dire-de-plus-le-tarif-de-la-creg-pardi-2\/#primaryimage"},"image":{"@id":"https:\/\/www.link2fleet.com\/fr\/remboursement-des-frais-de-recharge-a-domicile-quen-dire-de-plus-le-tarif-de-la-creg-pardi-2\/#primaryimage"},"thumbnailUrl":"https:\/\/static.link2fleet.com\/wp-content\/uploads\/2024\/01\/remboursement-scaled-1.jpeg","datePublished":"2024-01-25T10:36:25+00:00","breadcrumb":{"@id":"https:\/\/www.link2fleet.com\/fr\/remboursement-des-frais-de-recharge-a-domicile-quen-dire-de-plus-le-tarif-de-la-creg-pardi-2\/#breadcrumb"},"inLanguage":"fr-FR","potentialAction":[{"@type":"ReadAction","target":["https:\/\/www.link2fleet.com\/fr\/remboursement-des-frais-de-recharge-a-domicile-quen-dire-de-plus-le-tarif-de-la-creg-pardi-2\/"]}]},{"@type":"ImageObject","inLanguage":"fr-FR","@id":"https:\/\/www.link2fleet.com\/fr\/remboursement-des-frais-de-recharge-a-domicile-quen-dire-de-plus-le-tarif-de-la-creg-pardi-2\/#primaryimage","url":"https:\/\/static.link2fleet.com\/wp-content\/uploads\/2024\/01\/remboursement-scaled-1.jpeg","contentUrl":"https:\/\/static.link2fleet.com\/wp-content\/uploads\/2024\/01\/remboursement-scaled-1.jpeg","width":2560,"height":1737},{"@type":"BreadcrumbList","@id":"https:\/\/www.link2fleet.com\/fr\/remboursement-des-frais-de-recharge-a-domicile-quen-dire-de-plus-le-tarif-de-la-creg-pardi-2\/#breadcrumb","itemListElement":[{"@type":"ListItem","position":1,"name":"Home","item":"https:\/\/www.link2fleet.com\/fr\/"},{"@type":"ListItem","position":2,"name":"Remboursement des frais de recharge \u00e0 domicile &#8211; Qu\u2019en dire de plus? Le tarif de la CREG pardi!"}]},{"@type":"WebSite","@id":"https:\/\/www.link2fleet.com\/fr\/#website","url":"https:\/\/www.link2fleet.com\/fr\/","name":"Link2fleet","description":"","publisher":{"@id":"https:\/\/www.link2fleet.com\/fr\/#organization"},"potentialAction":[{"@type":"SearchAction","target":{"@type":"EntryPoint","urlTemplate":"https:\/\/www.link2fleet.com\/fr\/?s={search_term_string}"},"query-input":{"@type":"PropertyValueSpecification","valueRequired":true,"valueName":"search_term_string"}}],"inLanguage":"fr-FR"},{"@type":"Organization","@id":"https:\/\/www.link2fleet.com\/fr\/#organization","name":"Link2fleet","url":"https:\/\/www.link2fleet.com\/fr\/","logo":{"@type":"ImageObject","inLanguage":"fr-FR","@id":"https:\/\/www.link2fleet.com\/fr\/#\/schema\/logo\/image\/","url":"https:\/\/static.link2fleet.com\/wp-content\/uploads\/2024\/03\/share-image.jpg","contentUrl":"https:\/\/static.link2fleet.com\/wp-content\/uploads\/2024\/03\/share-image.jpg","width":1200,"height":630,"caption":"Link2fleet"},"image":{"@id":"https:\/\/www.link2fleet.com\/fr\/#\/schema\/logo\/image\/"},"sameAs":["https:\/\/www.linkedin.com\/company\/link2fleet-belgium","https:\/\/www.youtube.com\/user\/MMMBMBE"]},{"@type":"Person","@id":"https:\/\/www.link2fleet.com\/fr\/#\/schema\/person\/027cd46113c78036b3809c9a054049da","name":"Damien Malvetti","image":{"@type":"ImageObject","inLanguage":"fr-FR","@id":"https:\/\/secure.gravatar.com\/avatar\/dd8cc03b49466c735f753ac37f8caa371af16dfed347456ed61f02883255eebb?s=96&d=mm&r=g","url":"https:\/\/secure.gravatar.com\/avatar\/dd8cc03b49466c735f753ac37f8caa371af16dfed347456ed61f02883255eebb?s=96&d=mm&r=g","contentUrl":"https:\/\/secure.gravatar.com\/avatar\/dd8cc03b49466c735f753ac37f8caa371af16dfed347456ed61f02883255eebb?s=96&d=mm&r=g","caption":"Damien Malvetti"},"description":"Damien Malvetti is opgeleid als journalist en gepassioneerd door wagens, technologie en mobiliteit. Hij is verantwoordelijk voor de redactionele inhoud van link2fleet en beschikt over een uitgebreide kennis van de fleet-sector en elektrische mobiliteit.","sameAs":["https:\/\/www.linkedin.com\/in\/damien-malvetti-56601142\/"]}]}},"_links":{"self":[{"href":"https:\/\/www.link2fleet.com\/fr\/wp-json\/wp\/v2\/posts\/11464","targetHints":{"allow":["GET"]}}],"collection":[{"href":"https:\/\/www.link2fleet.com\/fr\/wp-json\/wp\/v2\/posts"}],"about":[{"href":"https:\/\/www.link2fleet.com\/fr\/wp-json\/wp\/v2\/types\/post"}],"author":[{"embeddable":true,"href":"https:\/\/www.link2fleet.com\/fr\/wp-json\/wp\/v2\/users\/4"}],"replies":[{"embeddable":true,"href":"https:\/\/www.link2fleet.com\/fr\/wp-json\/wp\/v2\/comments?post=11464"}],"version-history":[{"count":0,"href":"https:\/\/www.link2fleet.com\/fr\/wp-json\/wp\/v2\/posts\/11464\/revisions"}],"wp:featuredmedia":[{"embeddable":true,"href":"https:\/\/www.link2fleet.com\/fr\/wp-json\/wp\/v2\/media\/600"}],"wp:attachment":[{"href":"https:\/\/www.link2fleet.com\/fr\/wp-json\/wp\/v2\/media?parent=11464"}],"wp:term":[{"taxonomy":"category","embeddable":true,"href":"https:\/\/www.link2fleet.com\/fr\/wp-json\/wp\/v2\/categories?post=11464"},{"taxonomy":"post_tag","embeddable":true,"href":"https:\/\/www.link2fleet.com\/fr\/wp-json\/wp\/v2\/tags?post=11464"}],"curies":[{"name":"wp","href":"https:\/\/api.w.org\/{rel}","templated":true}]}}