{"id":11481,"date":"2024-01-28T16:39:04","date_gmt":"2024-01-28T15:39:04","guid":{"rendered":"https:\/\/www.link2fleet.com\/pas-encore-de-fumee-blanche-pour-lavantage-de-toute-nature-2024-2\/"},"modified":"2024-01-28T16:39:04","modified_gmt":"2024-01-28T15:39:04","slug":"pas-encore-de-fumee-blanche-pour-lavantage-de-toute-nature-2024-2","status":"publish","type":"post","link":"https:\/\/www.link2fleet.com\/fr\/pas-encore-de-fumee-blanche-pour-lavantage-de-toute-nature-2024-2\/","title":{"rendered":"Pas encore de fum\u00e9e blanche pour l&rsquo;Avantage de toute nature 2024"},"content":{"rendered":"<p style=\"font-weight: 400;\">Le co\u00fbt pour le Tr\u00e9sor Public de la non-application de la formule, actuellement estim\u00e9 entre 100 et 200 millions d&rsquo;euros, n&rsquo;est pas consid\u00e9r\u00e9 comme acceptable en termes budg\u00e9taires, notamment par les partis verts (Ecolo et Groen). Ils y voient un nouveau cadeau fiscal pour les voitures de soci\u00e9t\u00e9. Le vice-premier ministre Ecolo Georges Gilkinet s&rsquo;y est \u00e9galement oppos\u00e9 parce qu&rsquo;aucune compensation fiscale n&rsquo;a \u00e9t\u00e9 pr\u00e9vue pour les transports alternatifs respectueux de l&rsquo;environnement, tels que le train et le v\u00e9lo. Le parti Vooruit a \u00e9galement demand\u00e9 une nouvelle augmentation de l&rsquo;indemnisation des cyclistes.<\/p>\n<p style=\"font-weight: 400;\">Une solution pourrait consister \u00e0 appliquer la formule 2023 avec son indice moins \u00e9lev\u00e9 pour les v\u00e9hicules de soci\u00e9t\u00e9 \u00e0 carburant classique (diesel et essence) au sein des flottes existantes et \u00e0 utiliser la formule 2024 avec sa forte augmentation pour les v\u00e9hicules nouvellement immatricul\u00e9s.<\/p>\n<p style=\"font-weight: 400;\">En effet, pour les nouvelles immatriculations, le conducteur a le choix \u00e0 l&rsquo;avance et conna\u00eet les cons\u00e9quences fiscales s&rsquo;il opte finalement pour un diesel ou une essence classique. Rappellons que pour une grande partie des v\u00e9hicules hybrides rechargeables et pour tous les v\u00e9hicules 100 % \u00e9lectriques, la discussion actuelle n&rsquo;a aucune cons\u00e9quence fiscale.<\/p>\n<p style=\"font-weight: 400;\">En r\u00e9alit\u00e9, ils ne sont affect\u00e9s que par une \u00e9ventuelle petite indexation, qui est souvent annul\u00e9e par l&rsquo;application de ce que l&rsquo;on appelle le coefficient d&rsquo;\u00e2ge.<\/p>\n<p style=\"font-weight: 400;\">Les secr\u00e9tariats sociaux calculeront provisoirement les salaires sur la base de la formule 2023 et proc\u00e9deront aux \u00e9ventuelles corrections ult\u00e9rieures.<\/p>\n<p style=\"font-weight: 400;\">Affaire \u00e0 suivre&#8230;<\/p>\n<p style=\"font-weight: 400; text-align: right;\"><strong>Michel Willems<\/strong><\/p>\n<p style=\"font-weight: 400; text-align: right;\"><strong>MOBILITAS<\/strong><\/p>\n","protected":false},"excerpt":{"rendered":"<p>Le co\u00fbt pour le Tr\u00e9sor Public de la non-application de la formule, actuellement estim\u00e9 entre 100 et 200 millions d&rsquo;euros, n&rsquo;est pas consid\u00e9r\u00e9 comme acceptable en termes budg\u00e9taires, notamment par les partis verts (Ecolo et Groen). Ils y voient un nouveau cadeau fiscal pour les voitures de soci\u00e9t\u00e9. Le vice-premier ministre Ecolo Georges Gilkinet s&rsquo;y [&hellip;]<\/p>\n","protected":false},"author":11,"featured_media":605,"comment_status":"closed","ping_status":"closed","sticky":false,"template":"","format":"standard","meta":{"_acf_changed":false,"footnotes":""},"categories":[91,101],"tags":[],"class_list":["post-11481","post","type-post","status-publish","format-standard","has-post-thumbnail","hentry","category-expertise-et-management","category-tax-legal"],"acf":[],"yoast_head":"<!-- This site is optimized with the Yoast SEO plugin v27.3 - https:\/\/yoast.com\/product\/yoast-seo-wordpress\/ -->\n<title>Pas encore de fum\u00e9e blanche pour l&#039;Avantage de toute nature 2024 - link2fleet<\/title>\n<meta name=\"description\" content=\"Contre toute attente, aucun accord n&rsquo;a \u00e9t\u00e9 obtenu ce vendredi 26 janvier concernant la m\u00e9thode de calcul de l&rsquo;avantage de toute nature pour les voitures\u2026\" \/>\n<meta name=\"robots\" content=\"index, follow, max-snippet:-1, max-image-preview:large, max-video-preview:-1\" \/>\n<meta property=\"og:locale\" content=\"fr_FR\" \/>\n<meta property=\"og:type\" content=\"article\" \/>\n<meta property=\"og:title\" content=\"Pas encore de fum\u00e9e blanche pour l&#039;Avantage de toute nature 2024 - link2fleet\" \/>\n<meta property=\"og:description\" content=\"Contre toute attente, aucun accord n&rsquo;a \u00e9t\u00e9 obtenu ce vendredi 26 janvier concernant la m\u00e9thode de calcul de l&rsquo;avantage de toute nature pour les voitures\u2026\" \/>\n<meta property=\"og:url\" content=\"https:\/\/www.link2fleet.com\/fr\/pas-encore-de-fumee-blanche-pour-lavantage-de-toute-nature-2024-2\/\" \/>\n<meta property=\"og:site_name\" content=\"link2fleet\" \/>\n<meta property=\"article:published_time\" content=\"2024-01-28T15:39:04+00:00\" \/>\n<meta property=\"og:image\" content=\"https:\/\/static.link2fleet.com\/wp-content\/uploads\/2024\/01\/adobestock-indecis.jpeg\" \/>\n\t<meta property=\"og:image:width\" content=\"766\" \/>\n\t<meta property=\"og:image:height\" content=\"438\" \/>\n\t<meta property=\"og:image:type\" content=\"image\/jpeg\" \/>\n<meta name=\"author\" content=\"Michel Willems - Mobilitas\" \/>\n<meta name=\"twitter:card\" content=\"summary_large_image\" \/>\n<meta name=\"twitter:description\" content=\"Contre toute attente, aucun accord n&rsquo;a \u00e9t\u00e9 obtenu ce vendredi 26 janvier concernant la m\u00e9thode de calcul de l&rsquo;avantage de toute nature pour les voitures\u2026\" \/>\n<meta name=\"twitter:label1\" content=\"\u00c9crit par\" \/>\n\t<meta name=\"twitter:data1\" content=\"Michel Willems - Mobilitas\" \/>\n\t<meta name=\"twitter:label2\" content=\"Dur\u00e9e de lecture estim\u00e9e\" \/>\n\t<meta name=\"twitter:data2\" content=\"1 minute\" \/>\n<script type=\"application\/ld+json\" class=\"yoast-schema-graph\">{\"@context\":\"https:\\\/\\\/schema.org\",\"@graph\":[{\"@type\":\"Article\",\"@id\":\"https:\\\/\\\/www.link2fleet.com\\\/fr\\\/pas-encore-de-fumee-blanche-pour-lavantage-de-toute-nature-2024-2\\\/#article\",\"isPartOf\":{\"@id\":\"https:\\\/\\\/www.link2fleet.com\\\/fr\\\/pas-encore-de-fumee-blanche-pour-lavantage-de-toute-nature-2024-2\\\/\"},\"author\":{\"name\":\"Michel Willems - Mobilitas\",\"@id\":\"https:\\\/\\\/www.link2fleet.com\\\/fr\\\/#\\\/schema\\\/person\\\/bd29f6a2c2427e85a70d3acf17303486\"},\"headline\":\"Pas encore de fum\u00e9e blanche pour l&rsquo;Avantage de toute nature 2024\",\"datePublished\":\"2024-01-28T15:39:04+00:00\",\"mainEntityOfPage\":{\"@id\":\"https:\\\/\\\/www.link2fleet.com\\\/fr\\\/pas-encore-de-fumee-blanche-pour-lavantage-de-toute-nature-2024-2\\\/\"},\"wordCount\":277,\"publisher\":{\"@id\":\"https:\\\/\\\/www.link2fleet.com\\\/fr\\\/#organization\"},\"image\":{\"@id\":\"https:\\\/\\\/www.link2fleet.com\\\/fr\\\/pas-encore-de-fumee-blanche-pour-lavantage-de-toute-nature-2024-2\\\/#primaryimage\"},\"thumbnailUrl\":\"https:\\\/\\\/static.link2fleet.com\\\/wp-content\\\/uploads\\\/2024\\\/01\\\/adobestock-indecis.jpeg\",\"articleSection\":[\"Gestion de flotte\",\"Tax &amp; legal\"],\"inLanguage\":\"fr-FR\"},{\"@type\":\"WebPage\",\"@id\":\"https:\\\/\\\/www.link2fleet.com\\\/fr\\\/pas-encore-de-fumee-blanche-pour-lavantage-de-toute-nature-2024-2\\\/\",\"url\":\"https:\\\/\\\/www.link2fleet.com\\\/fr\\\/pas-encore-de-fumee-blanche-pour-lavantage-de-toute-nature-2024-2\\\/\",\"name\":\"Pas encore de fum\u00e9e blanche pour l'Avantage de toute nature 2024 - link2fleet\",\"isPartOf\":{\"@id\":\"https:\\\/\\\/www.link2fleet.com\\\/fr\\\/#website\"},\"primaryImageOfPage\":{\"@id\":\"https:\\\/\\\/www.link2fleet.com\\\/fr\\\/pas-encore-de-fumee-blanche-pour-lavantage-de-toute-nature-2024-2\\\/#primaryimage\"},\"image\":{\"@id\":\"https:\\\/\\\/www.link2fleet.com\\\/fr\\\/pas-encore-de-fumee-blanche-pour-lavantage-de-toute-nature-2024-2\\\/#primaryimage\"},\"thumbnailUrl\":\"https:\\\/\\\/static.link2fleet.com\\\/wp-content\\\/uploads\\\/2024\\\/01\\\/adobestock-indecis.jpeg\",\"datePublished\":\"2024-01-28T15:39:04+00:00\",\"breadcrumb\":{\"@id\":\"https:\\\/\\\/www.link2fleet.com\\\/fr\\\/pas-encore-de-fumee-blanche-pour-lavantage-de-toute-nature-2024-2\\\/#breadcrumb\"},\"inLanguage\":\"fr-FR\",\"potentialAction\":[{\"@type\":\"ReadAction\",\"target\":[\"https:\\\/\\\/www.link2fleet.com\\\/fr\\\/pas-encore-de-fumee-blanche-pour-lavantage-de-toute-nature-2024-2\\\/\"]}]},{\"@type\":\"ImageObject\",\"inLanguage\":\"fr-FR\",\"@id\":\"https:\\\/\\\/www.link2fleet.com\\\/fr\\\/pas-encore-de-fumee-blanche-pour-lavantage-de-toute-nature-2024-2\\\/#primaryimage\",\"url\":\"https:\\\/\\\/static.link2fleet.com\\\/wp-content\\\/uploads\\\/2024\\\/01\\\/adobestock-indecis.jpeg\",\"contentUrl\":\"https:\\\/\\\/static.link2fleet.com\\\/wp-content\\\/uploads\\\/2024\\\/01\\\/adobestock-indecis.jpeg\",\"width\":766,\"height\":438},{\"@type\":\"BreadcrumbList\",\"@id\":\"https:\\\/\\\/www.link2fleet.com\\\/fr\\\/pas-encore-de-fumee-blanche-pour-lavantage-de-toute-nature-2024-2\\\/#breadcrumb\",\"itemListElement\":[{\"@type\":\"ListItem\",\"position\":1,\"name\":\"Home\",\"item\":\"https:\\\/\\\/www.link2fleet.com\\\/fr\\\/\"},{\"@type\":\"ListItem\",\"position\":2,\"name\":\"Pas encore de fum\u00e9e blanche pour l&#8217;Avantage de toute nature 2024\"}]},{\"@type\":\"WebSite\",\"@id\":\"https:\\\/\\\/www.link2fleet.com\\\/fr\\\/#website\",\"url\":\"https:\\\/\\\/www.link2fleet.com\\\/fr\\\/\",\"name\":\"Link2fleet\",\"description\":\"\",\"publisher\":{\"@id\":\"https:\\\/\\\/www.link2fleet.com\\\/fr\\\/#organization\"},\"potentialAction\":[{\"@type\":\"SearchAction\",\"target\":{\"@type\":\"EntryPoint\",\"urlTemplate\":\"https:\\\/\\\/www.link2fleet.com\\\/fr\\\/?s={search_term_string}\"},\"query-input\":{\"@type\":\"PropertyValueSpecification\",\"valueRequired\":true,\"valueName\":\"search_term_string\"}}],\"inLanguage\":\"fr-FR\"},{\"@type\":\"Organization\",\"@id\":\"https:\\\/\\\/www.link2fleet.com\\\/fr\\\/#organization\",\"name\":\"Link2fleet\",\"url\":\"https:\\\/\\\/www.link2fleet.com\\\/fr\\\/\",\"logo\":{\"@type\":\"ImageObject\",\"inLanguage\":\"fr-FR\",\"@id\":\"https:\\\/\\\/www.link2fleet.com\\\/fr\\\/#\\\/schema\\\/logo\\\/image\\\/\",\"url\":\"https:\\\/\\\/static.link2fleet.com\\\/wp-content\\\/uploads\\\/2024\\\/03\\\/share-image.jpg\",\"contentUrl\":\"https:\\\/\\\/static.link2fleet.com\\\/wp-content\\\/uploads\\\/2024\\\/03\\\/share-image.jpg\",\"width\":1200,\"height\":630,\"caption\":\"Link2fleet\"},\"image\":{\"@id\":\"https:\\\/\\\/www.link2fleet.com\\\/fr\\\/#\\\/schema\\\/logo\\\/image\\\/\"},\"sameAs\":[\"https:\\\/\\\/www.linkedin.com\\\/company\\\/link2fleet-belgium\",\"https:\\\/\\\/www.youtube.com\\\/user\\\/MMMBMBE\"]},{\"@type\":\"Person\",\"@id\":\"https:\\\/\\\/www.link2fleet.com\\\/fr\\\/#\\\/schema\\\/person\\\/bd29f6a2c2427e85a70d3acf17303486\",\"name\":\"Michel Willems - Mobilitas\",\"image\":{\"@type\":\"ImageObject\",\"inLanguage\":\"fr-FR\",\"@id\":\"https:\\\/\\\/secure.gravatar.com\\\/avatar\\\/c937de514893d5b69b3b52ee88664fd4879b786925b6742dc7891d347f167414?s=96&d=mm&r=g\",\"url\":\"https:\\\/\\\/secure.gravatar.com\\\/avatar\\\/c937de514893d5b69b3b52ee88664fd4879b786925b6742dc7891d347f167414?s=96&d=mm&r=g\",\"contentUrl\":\"https:\\\/\\\/secure.gravatar.com\\\/avatar\\\/c937de514893d5b69b3b52ee88664fd4879b786925b6742dc7891d347f167414?s=96&d=mm&r=g\",\"caption\":\"Michel Willems - Mobilitas\"}}]}<\/script>\n<!-- \/ Yoast SEO plugin. -->","yoast_head_json":{"title":"Pas encore de fum\u00e9e blanche pour l'Avantage de toute nature 2024 - link2fleet","description":"Contre toute attente, aucun accord n&rsquo;a \u00e9t\u00e9 obtenu ce vendredi 26 janvier concernant la m\u00e9thode de calcul de l&rsquo;avantage de toute nature pour les voitures\u2026","robots":{"index":"index","follow":"follow","max-snippet":"max-snippet:-1","max-image-preview":"max-image-preview:large","max-video-preview":"max-video-preview:-1"},"og_locale":"fr_FR","og_type":"article","og_title":"Pas encore de fum\u00e9e blanche pour l'Avantage de toute nature 2024 - link2fleet","og_description":"Contre toute attente, aucun accord n&rsquo;a \u00e9t\u00e9 obtenu ce vendredi 26 janvier concernant la m\u00e9thode de calcul de l&rsquo;avantage de toute nature pour les voitures\u2026","og_url":"https:\/\/www.link2fleet.com\/fr\/pas-encore-de-fumee-blanche-pour-lavantage-de-toute-nature-2024-2\/","og_site_name":"link2fleet","article_published_time":"2024-01-28T15:39:04+00:00","og_image":[{"width":766,"height":438,"url":"https:\/\/static.link2fleet.com\/wp-content\/uploads\/2024\/01\/adobestock-indecis.jpeg","type":"image\/jpeg"}],"author":"Michel Willems - Mobilitas","twitter_card":"summary_large_image","twitter_description":"Contre toute attente, aucun accord n&rsquo;a \u00e9t\u00e9 obtenu ce vendredi 26 janvier concernant la m\u00e9thode de calcul de l&rsquo;avantage de toute nature pour les voitures\u2026","twitter_misc":{"\u00c9crit par":"Michel Willems - Mobilitas","Dur\u00e9e de lecture estim\u00e9e":"1 minute"},"schema":{"@context":"https:\/\/schema.org","@graph":[{"@type":"Article","@id":"https:\/\/www.link2fleet.com\/fr\/pas-encore-de-fumee-blanche-pour-lavantage-de-toute-nature-2024-2\/#article","isPartOf":{"@id":"https:\/\/www.link2fleet.com\/fr\/pas-encore-de-fumee-blanche-pour-lavantage-de-toute-nature-2024-2\/"},"author":{"name":"Michel Willems - Mobilitas","@id":"https:\/\/www.link2fleet.com\/fr\/#\/schema\/person\/bd29f6a2c2427e85a70d3acf17303486"},"headline":"Pas encore de fum\u00e9e blanche pour l&rsquo;Avantage de toute nature 2024","datePublished":"2024-01-28T15:39:04+00:00","mainEntityOfPage":{"@id":"https:\/\/www.link2fleet.com\/fr\/pas-encore-de-fumee-blanche-pour-lavantage-de-toute-nature-2024-2\/"},"wordCount":277,"publisher":{"@id":"https:\/\/www.link2fleet.com\/fr\/#organization"},"image":{"@id":"https:\/\/www.link2fleet.com\/fr\/pas-encore-de-fumee-blanche-pour-lavantage-de-toute-nature-2024-2\/#primaryimage"},"thumbnailUrl":"https:\/\/static.link2fleet.com\/wp-content\/uploads\/2024\/01\/adobestock-indecis.jpeg","articleSection":["Gestion de flotte","Tax &amp; legal"],"inLanguage":"fr-FR"},{"@type":"WebPage","@id":"https:\/\/www.link2fleet.com\/fr\/pas-encore-de-fumee-blanche-pour-lavantage-de-toute-nature-2024-2\/","url":"https:\/\/www.link2fleet.com\/fr\/pas-encore-de-fumee-blanche-pour-lavantage-de-toute-nature-2024-2\/","name":"Pas encore de fum\u00e9e blanche pour l'Avantage de toute nature 2024 - link2fleet","isPartOf":{"@id":"https:\/\/www.link2fleet.com\/fr\/#website"},"primaryImageOfPage":{"@id":"https:\/\/www.link2fleet.com\/fr\/pas-encore-de-fumee-blanche-pour-lavantage-de-toute-nature-2024-2\/#primaryimage"},"image":{"@id":"https:\/\/www.link2fleet.com\/fr\/pas-encore-de-fumee-blanche-pour-lavantage-de-toute-nature-2024-2\/#primaryimage"},"thumbnailUrl":"https:\/\/static.link2fleet.com\/wp-content\/uploads\/2024\/01\/adobestock-indecis.jpeg","datePublished":"2024-01-28T15:39:04+00:00","breadcrumb":{"@id":"https:\/\/www.link2fleet.com\/fr\/pas-encore-de-fumee-blanche-pour-lavantage-de-toute-nature-2024-2\/#breadcrumb"},"inLanguage":"fr-FR","potentialAction":[{"@type":"ReadAction","target":["https:\/\/www.link2fleet.com\/fr\/pas-encore-de-fumee-blanche-pour-lavantage-de-toute-nature-2024-2\/"]}]},{"@type":"ImageObject","inLanguage":"fr-FR","@id":"https:\/\/www.link2fleet.com\/fr\/pas-encore-de-fumee-blanche-pour-lavantage-de-toute-nature-2024-2\/#primaryimage","url":"https:\/\/static.link2fleet.com\/wp-content\/uploads\/2024\/01\/adobestock-indecis.jpeg","contentUrl":"https:\/\/static.link2fleet.com\/wp-content\/uploads\/2024\/01\/adobestock-indecis.jpeg","width":766,"height":438},{"@type":"BreadcrumbList","@id":"https:\/\/www.link2fleet.com\/fr\/pas-encore-de-fumee-blanche-pour-lavantage-de-toute-nature-2024-2\/#breadcrumb","itemListElement":[{"@type":"ListItem","position":1,"name":"Home","item":"https:\/\/www.link2fleet.com\/fr\/"},{"@type":"ListItem","position":2,"name":"Pas encore de fum\u00e9e blanche pour l&#8217;Avantage de toute nature 2024"}]},{"@type":"WebSite","@id":"https:\/\/www.link2fleet.com\/fr\/#website","url":"https:\/\/www.link2fleet.com\/fr\/","name":"Link2fleet","description":"","publisher":{"@id":"https:\/\/www.link2fleet.com\/fr\/#organization"},"potentialAction":[{"@type":"SearchAction","target":{"@type":"EntryPoint","urlTemplate":"https:\/\/www.link2fleet.com\/fr\/?s={search_term_string}"},"query-input":{"@type":"PropertyValueSpecification","valueRequired":true,"valueName":"search_term_string"}}],"inLanguage":"fr-FR"},{"@type":"Organization","@id":"https:\/\/www.link2fleet.com\/fr\/#organization","name":"Link2fleet","url":"https:\/\/www.link2fleet.com\/fr\/","logo":{"@type":"ImageObject","inLanguage":"fr-FR","@id":"https:\/\/www.link2fleet.com\/fr\/#\/schema\/logo\/image\/","url":"https:\/\/static.link2fleet.com\/wp-content\/uploads\/2024\/03\/share-image.jpg","contentUrl":"https:\/\/static.link2fleet.com\/wp-content\/uploads\/2024\/03\/share-image.jpg","width":1200,"height":630,"caption":"Link2fleet"},"image":{"@id":"https:\/\/www.link2fleet.com\/fr\/#\/schema\/logo\/image\/"},"sameAs":["https:\/\/www.linkedin.com\/company\/link2fleet-belgium","https:\/\/www.youtube.com\/user\/MMMBMBE"]},{"@type":"Person","@id":"https:\/\/www.link2fleet.com\/fr\/#\/schema\/person\/bd29f6a2c2427e85a70d3acf17303486","name":"Michel Willems - Mobilitas","image":{"@type":"ImageObject","inLanguage":"fr-FR","@id":"https:\/\/secure.gravatar.com\/avatar\/c937de514893d5b69b3b52ee88664fd4879b786925b6742dc7891d347f167414?s=96&d=mm&r=g","url":"https:\/\/secure.gravatar.com\/avatar\/c937de514893d5b69b3b52ee88664fd4879b786925b6742dc7891d347f167414?s=96&d=mm&r=g","contentUrl":"https:\/\/secure.gravatar.com\/avatar\/c937de514893d5b69b3b52ee88664fd4879b786925b6742dc7891d347f167414?s=96&d=mm&r=g","caption":"Michel Willems - Mobilitas"}}]}},"_links":{"self":[{"href":"https:\/\/www.link2fleet.com\/fr\/wp-json\/wp\/v2\/posts\/11481","targetHints":{"allow":["GET"]}}],"collection":[{"href":"https:\/\/www.link2fleet.com\/fr\/wp-json\/wp\/v2\/posts"}],"about":[{"href":"https:\/\/www.link2fleet.com\/fr\/wp-json\/wp\/v2\/types\/post"}],"author":[{"embeddable":true,"href":"https:\/\/www.link2fleet.com\/fr\/wp-json\/wp\/v2\/users\/11"}],"replies":[{"embeddable":true,"href":"https:\/\/www.link2fleet.com\/fr\/wp-json\/wp\/v2\/comments?post=11481"}],"version-history":[{"count":0,"href":"https:\/\/www.link2fleet.com\/fr\/wp-json\/wp\/v2\/posts\/11481\/revisions"}],"wp:featuredmedia":[{"embeddable":true,"href":"https:\/\/www.link2fleet.com\/fr\/wp-json\/wp\/v2\/media\/605"}],"wp:attachment":[{"href":"https:\/\/www.link2fleet.com\/fr\/wp-json\/wp\/v2\/media?parent=11481"}],"wp:term":[{"taxonomy":"category","embeddable":true,"href":"https:\/\/www.link2fleet.com\/fr\/wp-json\/wp\/v2\/categories?post=11481"},{"taxonomy":"post_tag","embeddable":true,"href":"https:\/\/www.link2fleet.com\/fr\/wp-json\/wp\/v2\/tags?post=11481"}],"curies":[{"name":"wp","href":"https:\/\/api.w.org\/{rel}","templated":true}]}}