{"id":11482,"date":"2024-01-29T13:12:07","date_gmt":"2024-01-29T12:12:07","guid":{"rendered":"https:\/\/www.link2fleet.com\/20-des-motos-neuves-immatriculees-en-2023-letaient-au-nom-de-societes\/"},"modified":"2024-01-29T13:12:07","modified_gmt":"2024-01-29T12:12:07","slug":"20-des-motos-neuves-immatriculees-en-2023-letaient-au-nom-de-societes","status":"publish","type":"post","link":"https:\/\/www.link2fleet.com\/fr\/20-des-motos-neuves-immatriculees-en-2023-letaient-au-nom-de-societes\/","title":{"rendered":"20% des motos neuves immatricul\u00e9es en 2023 l&rsquo;\u00e9taient au nom de soci\u00e9t\u00e9s"},"content":{"rendered":"<p>Longtemps consid\u00e9r\u00e9e uniquement comme un simple engin de loisir, la moto n&rsquo;en finit pas de convaincre de nouveaux pratiquants. Gain de temps dans les files, facilit\u00e9 de parking et confort d&rsquo;utilisation sont les arguments les plus souvent usit\u00e9s par les motards pour justifier leur choix de se d\u00e9placer sur un deux-roues motoris\u00e9.<\/p>\n<p><strong>Record de permis de conduire moto attribu\u00e9s<\/strong><br \/>\nLa bonne sant\u00e9 du march\u00e9 des deux-roues motoris\u00e9s refl\u00e8te le nombre sans cesse croissant de permis de conduire A1 (\u00e0pd 18 ans, max 125cc et 15ch), A2 (plus de 20 ans et puissance max 47ch) et A (plus de 24 ans et puissance au-dessus de 47ch) qui sont d\u00e9livr\u00e9s chaque ann\u00e9e.<br \/>\nJamais sur les 10 derni\u00e8res ann\u00e9es, le nombre de permis de conduire A1 d\u00e9livr\u00e9s n&rsquo;a \u00e9t\u00e9 aussi \u00e9lev\u00e9 qu&rsquo;en 2022 (derniers chiffres disponibles) avec 10.999 permis attribu\u00e9s (pour une moyenne de 8.368 depuis 2013).<br \/>\nR\u00e9sultat record \u00e9galement pour le nombre de permis A2 attribu\u00e9s en 2022 : 10.773 pour une moyenne sur 10 ans de 8.345. La constatation n&rsquo;est pas diff\u00e9rente pour les permis A, avec 10.008 unit\u00e9s attribu\u00e9es en 2022 (record des 10 derni\u00e8res ann\u00e9es) pour une moyenne sur 10 ans de 8.183 unit\u00e9s.<\/p>\n<p>&nbsp;<\/p>\n<p><strong>Le parc de motos continue de cro\u00eetre<\/strong><br \/>\nSans surprise, le nombre total de motos immatricul\u00e9es augmente d&rsquo;ann\u00e9e en ann\u00e9e dans notre pays: fin 2023, le compteur s&rsquo;\u00e9tablit \u00e0 538.536 unit\u00e9s, soit une croissance fulgurante de 2,9 % par rapport \u00e0 fin 2022.<br \/>\nElles consolident ainsi leur part dans le parc total belge; cette part s&rsquo;am\u00e9liore m\u00eame l\u00e9g\u00e8rement (6,6 % contre 6,5 % fin 2022).<\/p>\n<p><a href=\"https:\/\/www.link2fleet.com\/wp-content\/uploads\/2024\/01\/motos-immat-2023-type-proprio.png\"><img loading=\"lazy\" decoding=\"async\" class=\"aligncenter  wp-image-1303670\" src=\"https:\/\/www.link2fleet.com\/wp-content\/uploads\/2024\/01\/motos-immat-2023-type-proprio.png\" alt=\"\" width=\"596\" height=\"226\" \/><\/a><a href=\"https:\/\/www.link2fleet.com\/wp-content\/uploads\/2024\/01\/motos-immat-2023-par-region.png\"><img loading=\"lazy\" decoding=\"async\" class=\"aligncenter  wp-image-1303668\" src=\"https:\/\/www.link2fleet.com\/wp-content\/uploads\/2024\/01\/motos-immat-2023-par-region.png\" alt=\"\" width=\"609\" height=\"198\" \/><\/a><\/p>\n<p>&nbsp;<\/p>\n<p>&nbsp;<\/p>\n<p><strong>Les motos et scooters de maximum 125cc perdent du terrain au b\u00e9n\u00e9fice de motos plus lourdes<\/strong><\/p>\n<p>Seul march\u00e9 \u00e0 \u00eatre parvenu \u00e0 augmenter sa part de march\u00e9 lors de la crise du COVID-19, le march\u00e9 de la moto a poursuivi en 2023 la tendance sur laquelle il surfe depuis 2020. Regroupant 24% de parts de march\u00e9 en 2023 (contre 27,5% en 2022), les motos et scooters de max. 125cc conservent leur place de leaders du march\u00e9, quand m\u00eame bien leur part de march\u00e9 s&rsquo;effrite petit \u00e0 petit.<br \/>\nDans l&rsquo;absolu, c&rsquo;est pourtant la cat\u00e9gorie Basic\/Roadster qui referme 2023 avec le plus grand nombre d&rsquo;immatriculations (22,1%), devant la cat\u00e9gorie des Trails (20,5%). Deux cat\u00e9gories en progression et qui ont en commun de r\u00e9unir des engins facile \u00e0 piloter, sur lesquels les motards adoptent une posture droite.<\/p>\n<p><a href=\"https:\/\/www.link2fleet.com\/wp-content\/uploads\/2024\/01\/motos-2023-immat-type-motorisation.png\"><img loading=\"lazy\" decoding=\"async\" class=\"aligncenter size-full wp-image-1303672\" src=\"https:\/\/www.link2fleet.com\/wp-content\/uploads\/2024\/01\/motos-2023-immat-type-motorisation.png\" alt=\"\" width=\"707\" height=\"246\" \/><\/a><\/p>\n<p>&nbsp;<\/p>\n<p><strong>Honda et BMW au coude-\u00e0-coude<\/strong><br \/>\nDu c\u00f4t\u00e9 des marques, le coude \u00e0 coude que le march\u00e9 belge conna\u00eet depuis quelques ann\u00e9es entre Honda et BMW s&rsquo;est poursuivi en 2023, avec avantage \u00e0 la marque japonaise. N\u00e9anmoins, c&rsquo;est la marque allemande qui s&rsquo;impose au classement des mod\u00e8les les plus populaires de l&rsquo;ann\u00e9e \u00e9coul\u00e9e, le mod\u00e8le R 1250 GS \u00e9tant assez nettement le mod\u00e8le neuf le plus souvent immatricul\u00e9 en 2023 par les motards belges.<br \/>\nLa motorisation essence reste tr\u00e8s nettement majoritaire avec 97,1% de parts de march\u00e9 en 2023.<\/p>\n<p><a href=\"https:\/\/www.link2fleet.com\/wp-content\/uploads\/2024\/01\/motos-immat-2023-modeles-populaires.png\"><img loading=\"lazy\" decoding=\"async\" class=\"aligncenter  wp-image-1303666\" src=\"https:\/\/www.link2fleet.com\/wp-content\/uploads\/2024\/01\/motos-immat-2023-modeles-populaires-1024x463.png\" alt=\"\" width=\"680\" height=\"307\" \/><\/a> <a href=\"https:\/\/www.link2fleet.com\/wp-content\/uploads\/2024\/01\/motos-immat-2023-marques-populaires.png\"><img loading=\"lazy\" decoding=\"async\" class=\"aligncenter  wp-image-1303664\" src=\"https:\/\/www.link2fleet.com\/wp-content\/uploads\/2024\/01\/motos-immat-2023-marques-populaires.png\" alt=\"\" width=\"445\" height=\"356\" \/><\/a><\/p>\n","protected":false},"excerpt":{"rendered":"<p>Longtemps consid\u00e9r\u00e9e uniquement comme un simple engin de loisir, la moto n&rsquo;en finit pas de convaincre de nouveaux pratiquants. Gain de temps dans les files, facilit\u00e9 de parking et confort d&rsquo;utilisation sont les arguments les plus souvent usit\u00e9s par les motards pour justifier leur choix de se d\u00e9placer sur un deux-roues motoris\u00e9. Record de permis [&hellip;]<\/p>\n","protected":false},"author":4,"featured_media":5871,"comment_status":"closed","ping_status":"closed","sticky":false,"template":"","format":"standard","meta":{"_acf_changed":false,"footnotes":""},"categories":[87,98],"tags":[],"class_list":["post-11482","post","type-post","status-publish","format-standard","has-post-thumbnail","hentry","category-mobility-2","category-trottinettes_scooters_motos"],"acf":[],"yoast_head":"<!-- This site is optimized with the Yoast SEO plugin v27.3 - https:\/\/yoast.com\/product\/yoast-seo-wordpress\/ -->\n<title>20% des motos neuves immatricul\u00e9es en 2023 l&#039;\u00e9taient au nom de soci\u00e9t\u00e9s - link2fleet<\/title>\n<meta name=\"description\" content=\"25.359 deux-roues motoris\u00e9s ont \u00e9t\u00e9 enregistr\u00e9s en Belgique en 2023. Il s&rsquo;agit d&rsquo;une progression de +2,7% sur base annuelle pour un march\u00e9 qui surfe sur\u2026\" \/>\n<meta name=\"robots\" content=\"index, follow, max-snippet:-1, max-image-preview:large, max-video-preview:-1\" \/>\n<meta property=\"og:locale\" content=\"fr_FR\" \/>\n<meta property=\"og:type\" content=\"article\" \/>\n<meta property=\"og:title\" content=\"20% des motos neuves immatricul\u00e9es en 2023 l&#039;\u00e9taient au nom de soci\u00e9t\u00e9s - link2fleet\" \/>\n<meta property=\"og:description\" content=\"25.359 deux-roues motoris\u00e9s ont \u00e9t\u00e9 enregistr\u00e9s en Belgique en 2023. Il s&rsquo;agit d&rsquo;une progression de +2,7% sur base annuelle pour un march\u00e9 qui surfe sur\u2026\" \/>\n<meta property=\"og:url\" content=\"https:\/\/www.link2fleet.com\/fr\/20-des-motos-neuves-immatriculees-en-2023-letaient-au-nom-de-societes\/\" \/>\n<meta property=\"og:site_name\" content=\"link2fleet\" \/>\n<meta property=\"article:published_time\" content=\"2024-01-29T12:12:07+00:00\" \/>\n<meta property=\"og:image\" content=\"https:\/\/static.link2fleet.com\/wp-content\/uploads\/2024\/03\/motorrijder-bij-bos.jpg\" \/>\n\t<meta property=\"og:image:width\" content=\"2000\" \/>\n\t<meta property=\"og:image:height\" content=\"1094\" \/>\n\t<meta property=\"og:image:type\" content=\"image\/jpeg\" \/>\n<meta name=\"author\" content=\"Damien Malvetti\" \/>\n<meta name=\"twitter:card\" content=\"summary_large_image\" \/>\n<meta name=\"twitter:description\" content=\"25.359 deux-roues motoris\u00e9s ont \u00e9t\u00e9 enregistr\u00e9s en Belgique en 2023. Il s&rsquo;agit d&rsquo;une progression de +2,7% sur base annuelle pour un march\u00e9 qui surfe sur\u2026\" \/>\n<meta name=\"twitter:label1\" content=\"\u00c9crit par\" \/>\n\t<meta name=\"twitter:data1\" content=\"Damien Malvetti\" \/>\n\t<meta name=\"twitter:label2\" content=\"Dur\u00e9e de lecture estim\u00e9e\" \/>\n\t<meta name=\"twitter:data2\" content=\"2 minutes\" \/>\n<script type=\"application\/ld+json\" class=\"yoast-schema-graph\">{\"@context\":\"https:\\\/\\\/schema.org\",\"@graph\":[{\"@type\":\"Article\",\"@id\":\"https:\\\/\\\/www.link2fleet.com\\\/fr\\\/20-des-motos-neuves-immatriculees-en-2023-letaient-au-nom-de-societes\\\/#article\",\"isPartOf\":{\"@id\":\"https:\\\/\\\/www.link2fleet.com\\\/fr\\\/20-des-motos-neuves-immatriculees-en-2023-letaient-au-nom-de-societes\\\/\"},\"author\":{\"name\":\"Damien Malvetti\",\"@id\":\"https:\\\/\\\/www.link2fleet.com\\\/fr\\\/#\\\/schema\\\/person\\\/027cd46113c78036b3809c9a054049da\"},\"headline\":\"20% des motos neuves immatricul\u00e9es en 2023 l&rsquo;\u00e9taient au nom de soci\u00e9t\u00e9s\",\"datePublished\":\"2024-01-29T12:12:07+00:00\",\"mainEntityOfPage\":{\"@id\":\"https:\\\/\\\/www.link2fleet.com\\\/fr\\\/20-des-motos-neuves-immatriculees-en-2023-letaient-au-nom-de-societes\\\/\"},\"wordCount\":516,\"publisher\":{\"@id\":\"https:\\\/\\\/www.link2fleet.com\\\/fr\\\/#organization\"},\"image\":{\"@id\":\"https:\\\/\\\/www.link2fleet.com\\\/fr\\\/20-des-motos-neuves-immatriculees-en-2023-letaient-au-nom-de-societes\\\/#primaryimage\"},\"thumbnailUrl\":\"https:\\\/\\\/static.link2fleet.com\\\/wp-content\\\/uploads\\\/2024\\\/03\\\/motorrijder-bij-bos.jpg\",\"articleSection\":[\"Mobilit\u00e9\",\"Trottinettes, scooters et motos\"],\"inLanguage\":\"fr-FR\"},{\"@type\":\"WebPage\",\"@id\":\"https:\\\/\\\/www.link2fleet.com\\\/fr\\\/20-des-motos-neuves-immatriculees-en-2023-letaient-au-nom-de-societes\\\/\",\"url\":\"https:\\\/\\\/www.link2fleet.com\\\/fr\\\/20-des-motos-neuves-immatriculees-en-2023-letaient-au-nom-de-societes\\\/\",\"name\":\"20% des motos neuves immatricul\u00e9es en 2023 l'\u00e9taient au nom de soci\u00e9t\u00e9s - link2fleet\",\"isPartOf\":{\"@id\":\"https:\\\/\\\/www.link2fleet.com\\\/fr\\\/#website\"},\"primaryImageOfPage\":{\"@id\":\"https:\\\/\\\/www.link2fleet.com\\\/fr\\\/20-des-motos-neuves-immatriculees-en-2023-letaient-au-nom-de-societes\\\/#primaryimage\"},\"image\":{\"@id\":\"https:\\\/\\\/www.link2fleet.com\\\/fr\\\/20-des-motos-neuves-immatriculees-en-2023-letaient-au-nom-de-societes\\\/#primaryimage\"},\"thumbnailUrl\":\"https:\\\/\\\/static.link2fleet.com\\\/wp-content\\\/uploads\\\/2024\\\/03\\\/motorrijder-bij-bos.jpg\",\"datePublished\":\"2024-01-29T12:12:07+00:00\",\"breadcrumb\":{\"@id\":\"https:\\\/\\\/www.link2fleet.com\\\/fr\\\/20-des-motos-neuves-immatriculees-en-2023-letaient-au-nom-de-societes\\\/#breadcrumb\"},\"inLanguage\":\"fr-FR\",\"potentialAction\":[{\"@type\":\"ReadAction\",\"target\":[\"https:\\\/\\\/www.link2fleet.com\\\/fr\\\/20-des-motos-neuves-immatriculees-en-2023-letaient-au-nom-de-societes\\\/\"]}]},{\"@type\":\"ImageObject\",\"inLanguage\":\"fr-FR\",\"@id\":\"https:\\\/\\\/www.link2fleet.com\\\/fr\\\/20-des-motos-neuves-immatriculees-en-2023-letaient-au-nom-de-societes\\\/#primaryimage\",\"url\":\"https:\\\/\\\/static.link2fleet.com\\\/wp-content\\\/uploads\\\/2024\\\/03\\\/motorrijder-bij-bos.jpg\",\"contentUrl\":\"https:\\\/\\\/static.link2fleet.com\\\/wp-content\\\/uploads\\\/2024\\\/03\\\/motorrijder-bij-bos.jpg\",\"width\":2000,\"height\":1094,\"caption\":\"||||||||||\"},{\"@type\":\"BreadcrumbList\",\"@id\":\"https:\\\/\\\/www.link2fleet.com\\\/fr\\\/20-des-motos-neuves-immatriculees-en-2023-letaient-au-nom-de-societes\\\/#breadcrumb\",\"itemListElement\":[{\"@type\":\"ListItem\",\"position\":1,\"name\":\"Home\",\"item\":\"https:\\\/\\\/www.link2fleet.com\\\/fr\\\/\"},{\"@type\":\"ListItem\",\"position\":2,\"name\":\"20% des motos neuves immatricul\u00e9es en 2023 l&#8217;\u00e9taient au nom de soci\u00e9t\u00e9s\"}]},{\"@type\":\"WebSite\",\"@id\":\"https:\\\/\\\/www.link2fleet.com\\\/fr\\\/#website\",\"url\":\"https:\\\/\\\/www.link2fleet.com\\\/fr\\\/\",\"name\":\"Link2fleet\",\"description\":\"\",\"publisher\":{\"@id\":\"https:\\\/\\\/www.link2fleet.com\\\/fr\\\/#organization\"},\"potentialAction\":[{\"@type\":\"SearchAction\",\"target\":{\"@type\":\"EntryPoint\",\"urlTemplate\":\"https:\\\/\\\/www.link2fleet.com\\\/fr\\\/?s={search_term_string}\"},\"query-input\":{\"@type\":\"PropertyValueSpecification\",\"valueRequired\":true,\"valueName\":\"search_term_string\"}}],\"inLanguage\":\"fr-FR\"},{\"@type\":\"Organization\",\"@id\":\"https:\\\/\\\/www.link2fleet.com\\\/fr\\\/#organization\",\"name\":\"Link2fleet\",\"url\":\"https:\\\/\\\/www.link2fleet.com\\\/fr\\\/\",\"logo\":{\"@type\":\"ImageObject\",\"inLanguage\":\"fr-FR\",\"@id\":\"https:\\\/\\\/www.link2fleet.com\\\/fr\\\/#\\\/schema\\\/logo\\\/image\\\/\",\"url\":\"https:\\\/\\\/static.link2fleet.com\\\/wp-content\\\/uploads\\\/2024\\\/03\\\/share-image.jpg\",\"contentUrl\":\"https:\\\/\\\/static.link2fleet.com\\\/wp-content\\\/uploads\\\/2024\\\/03\\\/share-image.jpg\",\"width\":1200,\"height\":630,\"caption\":\"Link2fleet\"},\"image\":{\"@id\":\"https:\\\/\\\/www.link2fleet.com\\\/fr\\\/#\\\/schema\\\/logo\\\/image\\\/\"},\"sameAs\":[\"https:\\\/\\\/www.linkedin.com\\\/company\\\/link2fleet-belgium\",\"https:\\\/\\\/www.youtube.com\\\/user\\\/MMMBMBE\"]},{\"@type\":\"Person\",\"@id\":\"https:\\\/\\\/www.link2fleet.com\\\/fr\\\/#\\\/schema\\\/person\\\/027cd46113c78036b3809c9a054049da\",\"name\":\"Damien Malvetti\",\"image\":{\"@type\":\"ImageObject\",\"inLanguage\":\"fr-FR\",\"@id\":\"https:\\\/\\\/secure.gravatar.com\\\/avatar\\\/dd8cc03b49466c735f753ac37f8caa371af16dfed347456ed61f02883255eebb?s=96&d=mm&r=g\",\"url\":\"https:\\\/\\\/secure.gravatar.com\\\/avatar\\\/dd8cc03b49466c735f753ac37f8caa371af16dfed347456ed61f02883255eebb?s=96&d=mm&r=g\",\"contentUrl\":\"https:\\\/\\\/secure.gravatar.com\\\/avatar\\\/dd8cc03b49466c735f753ac37f8caa371af16dfed347456ed61f02883255eebb?s=96&d=mm&r=g\",\"caption\":\"Damien Malvetti\"},\"description\":\"Damien Malvetti is opgeleid als journalist en gepassioneerd door wagens, technologie en mobiliteit. Hij is verantwoordelijk voor de redactionele inhoud van link2fleet en beschikt over een uitgebreide kennis van de fleet-sector en elektrische mobiliteit.\",\"sameAs\":[\"https:\\\/\\\/www.linkedin.com\\\/in\\\/damien-malvetti-56601142\\\/\"]}]}<\/script>\n<!-- \/ Yoast SEO plugin. -->","yoast_head_json":{"title":"20% des motos neuves immatricul\u00e9es en 2023 l'\u00e9taient au nom de soci\u00e9t\u00e9s - link2fleet","description":"25.359 deux-roues motoris\u00e9s ont \u00e9t\u00e9 enregistr\u00e9s en Belgique en 2023. Il s&rsquo;agit d&rsquo;une progression de +2,7% sur base annuelle pour un march\u00e9 qui surfe sur\u2026","robots":{"index":"index","follow":"follow","max-snippet":"max-snippet:-1","max-image-preview":"max-image-preview:large","max-video-preview":"max-video-preview:-1"},"og_locale":"fr_FR","og_type":"article","og_title":"20% des motos neuves immatricul\u00e9es en 2023 l'\u00e9taient au nom de soci\u00e9t\u00e9s - link2fleet","og_description":"25.359 deux-roues motoris\u00e9s ont \u00e9t\u00e9 enregistr\u00e9s en Belgique en 2023. Il s&rsquo;agit d&rsquo;une progression de +2,7% sur base annuelle pour un march\u00e9 qui surfe sur\u2026","og_url":"https:\/\/www.link2fleet.com\/fr\/20-des-motos-neuves-immatriculees-en-2023-letaient-au-nom-de-societes\/","og_site_name":"link2fleet","article_published_time":"2024-01-29T12:12:07+00:00","og_image":[{"width":2000,"height":1094,"url":"https:\/\/static.link2fleet.com\/wp-content\/uploads\/2024\/03\/motorrijder-bij-bos.jpg","type":"image\/jpeg"}],"author":"Damien Malvetti","twitter_card":"summary_large_image","twitter_description":"25.359 deux-roues motoris\u00e9s ont \u00e9t\u00e9 enregistr\u00e9s en Belgique en 2023. Il s&rsquo;agit d&rsquo;une progression de +2,7% sur base annuelle pour un march\u00e9 qui surfe sur\u2026","twitter_misc":{"\u00c9crit par":"Damien Malvetti","Dur\u00e9e de lecture estim\u00e9e":"2 minutes"},"schema":{"@context":"https:\/\/schema.org","@graph":[{"@type":"Article","@id":"https:\/\/www.link2fleet.com\/fr\/20-des-motos-neuves-immatriculees-en-2023-letaient-au-nom-de-societes\/#article","isPartOf":{"@id":"https:\/\/www.link2fleet.com\/fr\/20-des-motos-neuves-immatriculees-en-2023-letaient-au-nom-de-societes\/"},"author":{"name":"Damien Malvetti","@id":"https:\/\/www.link2fleet.com\/fr\/#\/schema\/person\/027cd46113c78036b3809c9a054049da"},"headline":"20% des motos neuves immatricul\u00e9es en 2023 l&rsquo;\u00e9taient au nom de soci\u00e9t\u00e9s","datePublished":"2024-01-29T12:12:07+00:00","mainEntityOfPage":{"@id":"https:\/\/www.link2fleet.com\/fr\/20-des-motos-neuves-immatriculees-en-2023-letaient-au-nom-de-societes\/"},"wordCount":516,"publisher":{"@id":"https:\/\/www.link2fleet.com\/fr\/#organization"},"image":{"@id":"https:\/\/www.link2fleet.com\/fr\/20-des-motos-neuves-immatriculees-en-2023-letaient-au-nom-de-societes\/#primaryimage"},"thumbnailUrl":"https:\/\/static.link2fleet.com\/wp-content\/uploads\/2024\/03\/motorrijder-bij-bos.jpg","articleSection":["Mobilit\u00e9","Trottinettes, scooters et motos"],"inLanguage":"fr-FR"},{"@type":"WebPage","@id":"https:\/\/www.link2fleet.com\/fr\/20-des-motos-neuves-immatriculees-en-2023-letaient-au-nom-de-societes\/","url":"https:\/\/www.link2fleet.com\/fr\/20-des-motos-neuves-immatriculees-en-2023-letaient-au-nom-de-societes\/","name":"20% des motos neuves immatricul\u00e9es en 2023 l'\u00e9taient au nom de soci\u00e9t\u00e9s - link2fleet","isPartOf":{"@id":"https:\/\/www.link2fleet.com\/fr\/#website"},"primaryImageOfPage":{"@id":"https:\/\/www.link2fleet.com\/fr\/20-des-motos-neuves-immatriculees-en-2023-letaient-au-nom-de-societes\/#primaryimage"},"image":{"@id":"https:\/\/www.link2fleet.com\/fr\/20-des-motos-neuves-immatriculees-en-2023-letaient-au-nom-de-societes\/#primaryimage"},"thumbnailUrl":"https:\/\/static.link2fleet.com\/wp-content\/uploads\/2024\/03\/motorrijder-bij-bos.jpg","datePublished":"2024-01-29T12:12:07+00:00","breadcrumb":{"@id":"https:\/\/www.link2fleet.com\/fr\/20-des-motos-neuves-immatriculees-en-2023-letaient-au-nom-de-societes\/#breadcrumb"},"inLanguage":"fr-FR","potentialAction":[{"@type":"ReadAction","target":["https:\/\/www.link2fleet.com\/fr\/20-des-motos-neuves-immatriculees-en-2023-letaient-au-nom-de-societes\/"]}]},{"@type":"ImageObject","inLanguage":"fr-FR","@id":"https:\/\/www.link2fleet.com\/fr\/20-des-motos-neuves-immatriculees-en-2023-letaient-au-nom-de-societes\/#primaryimage","url":"https:\/\/static.link2fleet.com\/wp-content\/uploads\/2024\/03\/motorrijder-bij-bos.jpg","contentUrl":"https:\/\/static.link2fleet.com\/wp-content\/uploads\/2024\/03\/motorrijder-bij-bos.jpg","width":2000,"height":1094,"caption":"||||||||||"},{"@type":"BreadcrumbList","@id":"https:\/\/www.link2fleet.com\/fr\/20-des-motos-neuves-immatriculees-en-2023-letaient-au-nom-de-societes\/#breadcrumb","itemListElement":[{"@type":"ListItem","position":1,"name":"Home","item":"https:\/\/www.link2fleet.com\/fr\/"},{"@type":"ListItem","position":2,"name":"20% des motos neuves immatricul\u00e9es en 2023 l&#8217;\u00e9taient au nom de soci\u00e9t\u00e9s"}]},{"@type":"WebSite","@id":"https:\/\/www.link2fleet.com\/fr\/#website","url":"https:\/\/www.link2fleet.com\/fr\/","name":"Link2fleet","description":"","publisher":{"@id":"https:\/\/www.link2fleet.com\/fr\/#organization"},"potentialAction":[{"@type":"SearchAction","target":{"@type":"EntryPoint","urlTemplate":"https:\/\/www.link2fleet.com\/fr\/?s={search_term_string}"},"query-input":{"@type":"PropertyValueSpecification","valueRequired":true,"valueName":"search_term_string"}}],"inLanguage":"fr-FR"},{"@type":"Organization","@id":"https:\/\/www.link2fleet.com\/fr\/#organization","name":"Link2fleet","url":"https:\/\/www.link2fleet.com\/fr\/","logo":{"@type":"ImageObject","inLanguage":"fr-FR","@id":"https:\/\/www.link2fleet.com\/fr\/#\/schema\/logo\/image\/","url":"https:\/\/static.link2fleet.com\/wp-content\/uploads\/2024\/03\/share-image.jpg","contentUrl":"https:\/\/static.link2fleet.com\/wp-content\/uploads\/2024\/03\/share-image.jpg","width":1200,"height":630,"caption":"Link2fleet"},"image":{"@id":"https:\/\/www.link2fleet.com\/fr\/#\/schema\/logo\/image\/"},"sameAs":["https:\/\/www.linkedin.com\/company\/link2fleet-belgium","https:\/\/www.youtube.com\/user\/MMMBMBE"]},{"@type":"Person","@id":"https:\/\/www.link2fleet.com\/fr\/#\/schema\/person\/027cd46113c78036b3809c9a054049da","name":"Damien Malvetti","image":{"@type":"ImageObject","inLanguage":"fr-FR","@id":"https:\/\/secure.gravatar.com\/avatar\/dd8cc03b49466c735f753ac37f8caa371af16dfed347456ed61f02883255eebb?s=96&d=mm&r=g","url":"https:\/\/secure.gravatar.com\/avatar\/dd8cc03b49466c735f753ac37f8caa371af16dfed347456ed61f02883255eebb?s=96&d=mm&r=g","contentUrl":"https:\/\/secure.gravatar.com\/avatar\/dd8cc03b49466c735f753ac37f8caa371af16dfed347456ed61f02883255eebb?s=96&d=mm&r=g","caption":"Damien Malvetti"},"description":"Damien Malvetti is opgeleid als journalist en gepassioneerd door wagens, technologie en mobiliteit. Hij is verantwoordelijk voor de redactionele inhoud van link2fleet en beschikt over een uitgebreide kennis van de fleet-sector en elektrische mobiliteit.","sameAs":["https:\/\/www.linkedin.com\/in\/damien-malvetti-56601142\/"]}]}},"_links":{"self":[{"href":"https:\/\/www.link2fleet.com\/fr\/wp-json\/wp\/v2\/posts\/11482","targetHints":{"allow":["GET"]}}],"collection":[{"href":"https:\/\/www.link2fleet.com\/fr\/wp-json\/wp\/v2\/posts"}],"about":[{"href":"https:\/\/www.link2fleet.com\/fr\/wp-json\/wp\/v2\/types\/post"}],"author":[{"embeddable":true,"href":"https:\/\/www.link2fleet.com\/fr\/wp-json\/wp\/v2\/users\/4"}],"replies":[{"embeddable":true,"href":"https:\/\/www.link2fleet.com\/fr\/wp-json\/wp\/v2\/comments?post=11482"}],"version-history":[{"count":0,"href":"https:\/\/www.link2fleet.com\/fr\/wp-json\/wp\/v2\/posts\/11482\/revisions"}],"wp:featuredmedia":[{"embeddable":true,"href":"https:\/\/www.link2fleet.com\/fr\/wp-json\/wp\/v2\/media\/5871"}],"wp:attachment":[{"href":"https:\/\/www.link2fleet.com\/fr\/wp-json\/wp\/v2\/media?parent=11482"}],"wp:term":[{"taxonomy":"category","embeddable":true,"href":"https:\/\/www.link2fleet.com\/fr\/wp-json\/wp\/v2\/categories?post=11482"},{"taxonomy":"post_tag","embeddable":true,"href":"https:\/\/www.link2fleet.com\/fr\/wp-json\/wp\/v2\/tags?post=11482"}],"curies":[{"name":"wp","href":"https:\/\/api.w.org\/{rel}","templated":true}]}}