{"id":11502,"date":"2024-02-02T07:30:51","date_gmt":"2024-02-02T06:30:51","guid":{"rendered":"https:\/\/www.link2fleet.com\/arval-enregistre-une-croissance-de-sa-flotte-louee-de-69-en-2023\/"},"modified":"2024-02-02T07:30:51","modified_gmt":"2024-02-02T06:30:51","slug":"arval-enregistre-une-croissance-de-sa-flotte-louee-de-69-en-2023","status":"publish","type":"post","link":"https:\/\/www.link2fleet.com\/fr\/arval-enregistre-une-croissance-de-sa-flotte-louee-de-69-en-2023\/","title":{"rendered":"Arval enregistre une croissance de sa flotte lou\u00e9e de 6,9 % en 2023"},"content":{"rendered":"<p class=\"styles_paragraph__GiKq6\">Ceci donne le r\u00e9sultat suivant \u00e0 la fin de l&rsquo;ann\u00e9e 2023\u00a0:<\/p>\n<div class=\"styles_listContainer__FrKUA\">\n<ul class=\"styles_bulletedList__LFe9q\">\n<li class=\"styles_listItem__QAj_7\">Arval a augment\u00e9 sa flotte de v\u00e9hicules lou\u00e9s de 6,9\u00a0% par rapport \u00e0 2022, avec 1\u00a0701\u00a0540 v\u00e9hicules. Elle comprend d\u00e9sormais 166\u00a0363 v\u00e9hicules \u00e9lectriques \u00e0 batterie (BEV), soit une progression de 85\u00a0% par rapport \u00e0 2022. Au dernier trimestre 2023, les motorisations \u00e9lectriques (BEV) repr\u00e9sentaient 22\u00a0% des commandes de nouveaux v\u00e9hicules.<\/li>\n<li class=\"styles_listItem__QAj_7\">Les grands clients Internationaux repr\u00e9sentent 440 000 v\u00e9hicules \u00e0 travers le monde, soit une croissance de 8 %<\/li>\n<li class=\"styles_listItem__QAj_7\">Les clients Entreprises au niveau national comptent 696 000 v\u00e9hicules, soit une croissance de 3\u00a0%.<\/li>\n<li class=\"styles_listItem__QAj_7\">Le segment Retail atteint 506\u00a0000 v\u00e9hicules, en progression de 12 % par rapport \u00e0 2022.<\/li>\n<li class=\"styles_listItem__QAj_7\">Avec 105 000 utilisateurs actifs et 60\u00a0121 v\u00e9hicules, le mod\u00e8le de souscription flexible Arval Flex (incluant la location moyenne dur\u00e9e pour les professionnels) est en progression de 9 %.<\/li>\n<li class=\"styles_listItem__QAj_7\">Le seuil des 633\u00a0000 v\u00e9hicules connect\u00e9s a \u00e9t\u00e9 franchi, en augmentation de 39 % par rapport \u00e0 l&rsquo;ann\u00e9e derni\u00e8re. \u200b<\/li>\n<li class=\"styles_listItem__QAj_7\">Arval compte 8\u00a0388 collaborateurs au service de plus de 300 000 clients dans 29 pays.<\/li>\n<\/ul>\n<p>&nbsp;<\/p>\n<\/div>\n<blockquote class=\"Quote_container___qk9S Quote_alignLeft__N_T5c\">\n<div class=\"Quote_content__4f7t4\">\u00ab\u00a0<em>L\u2019ann\u00e9e 2023 a \u00e9t\u00e9 exceptionnelle\u00a0: la croissance de notre flotte, les progr\u00e8s r\u00e9alis\u00e9s dans de nombreux domaines et le d\u00e9veloppement de nos partenariats en sont l\u2019illustration. Nous pouvons \u00eatre collectivement fiers de nos performances<\/em> \u00bb, souligne <strong>Alain van Groenendael, Pr\u00e9sident et Directeur G\u00e9n\u00e9ral d\u2019Arval<\/strong>. \u00ab\u00a0C<em>ela est de tr\u00e8s bon augure pour les d\u00e9fis qui nous attendent en 2024, une ann\u00e9e de transition pour le march\u00e9 et pour Arval. Avec la contribution de BNP Paribas, de nos collaborateurs et de nos partenaires, nous continuerons \u00e0 soutenir notre croissance en accompagnant toujours mieux nos clients dans leur transition \u00e9nerg\u00e9tique<\/em>\u00a0\u00bb.<\/div>\n<\/blockquote>\n<p>&nbsp;<\/p>\n<p class=\"styles_paragraph__GiKq6\"><strong>Les succ\u00e8s de l\u2019ann\u00e9e 2023<\/strong><\/p>\n<p class=\"styles_paragraph__GiKq6\"><u>Une \u00e9lectrification record de la flotte<\/u><\/p>\n<p class=\"styles_paragraph__GiKq6\">Avec un objectif \u00e0 2025 de 350\u00a0000 v\u00e9hicules \u00e9lectriques \u00e0 batterie (BEV) lou\u00e9s et, plus globalement, de 700\u00a0000 v\u00e9hicules \u00e9lectrifi\u00e9s, contribuant \u00e0 son objectif de r\u00e9duction de 35 % des \u00e9missions de CO<sub>2<\/sub> de sa flotte par rapport \u00e0 2020, Arval louait d\u00e9j\u00e0 fin 2023 plus de 166\u00a0363 v\u00e9hicules \u00e9lectriques \u00e0 batterie (BEV), soit une progression de 85\u00a0% par rapport \u00e0 2022.<\/p>\n<p class=\"styles_paragraph__GiKq6\">Pour soutenir l\u2019adoption du v\u00e9hicule \u00e9lectrique, Arval a annonc\u00e9 r\u00e9cemment le lancement d\u2019une nouvelle offre, Arval Charging Services, couplant la location d\u2019un v\u00e9hicule \u00e9lectrique \u00e0 sa borne de recharge, pour les entreprises comme les particuliers.<\/p>\n<p class=\"styles_paragraph__GiKq6\">Arval a \u00e9galement sign\u00e9 un accord international avec ChargePoint, acteur majeur des r\u00e9seaux de recharge de v\u00e9hicules \u00e9lectriques. Avec cet accord, la client\u00e8le d\u2019Arval b\u00e9n\u00e9ficie de bornes de recharge sur le lieu de travail et \u00e0 domicile, avec une solution de remboursement automatique pour les conducteurs et l\u2019acc\u00e8s \u00e0 un r\u00e9seau de plus de 500\u00a0000 bornes de recharge en Europe.<\/p>\n<p class=\"styles_paragraph__GiKq6\">Ces avanc\u00e9es en mati\u00e8re de recharge s\u2019inscrivent dans la gamme de solutions d\u2019Arval d\u00e9j\u00e0 disponibles et d\u00e9di\u00e9es \u00e0 la transition \u00e9nerg\u00e9tique, impliquant l\u2019utilisation non seulement de v\u00e9hicules \u00e9lectriques (BEV) mais aussi de solutions de mobilit\u00e9 alternatives ou compl\u00e9mentaires.<\/p>\n<p>&nbsp;<\/p>\n<p class=\"styles_paragraph__GiKq6\"><u>De nouveaux partenariats strat\u00e9giques internationaux <\/u><\/p>\n<p class=\"styles_paragraph__GiKq6\">Arval a renforc\u00e9 sa collaboration \u00e0 l\u2019international en annon\u00e7ant un accord tripartite de coop\u00e9ration strat\u00e9gique avec Element, son partenaire historique, et Sumitomo Mitsui Auto Service (SMAS). Cet accord permet aux clients globaux de l\u2019Alliance de b\u00e9n\u00e9ficier des services de location et de gestion de flottes automobiles au Japon, en Tha\u00eflande, en Inde et en Indon\u00e9sie. L\u2019Alliance s\u2019est par ailleurs \u00e9largie \u00e0 SIXT Mega Rent en Serbie, au Mont\u00e9n\u00e9gro et en Bosnie-Herz\u00e9govine.<\/p>\n<p class=\"styles_paragraph__GiKq6\">Au total, les partenaires de l\u2019Alliance Element-Arval comptent plus de 4,4 millions de v\u00e9hicules g\u00e9r\u00e9s, dans 56 pays et sur les cinq continents. L\u2019expertise approfondie et la puissance \u00e0 l\u2019\u00e9chelle mondiale apport\u00e9es par cette alliance offrent une vraie valeur ajout\u00e9e aux clients internationaux d\u2019Arval.<\/p>\n<p class=\"styles_paragraph__GiKq6\">En plus de partenariats bancaires forts (BNP Paribas en premier lieu, mais aussi CaixaBank en Espagne et au Portugal, UniCredit Bank en Autriche, Erste Bank en Slovaquie, etc.), Arval a continu\u00e9 de travailler avec d\u2019autres acteurs majeurs du secteur automobile dans le cadre de partenariats strat\u00e9giques internationaux\u00a0comme Hyundai, Kia, Sixt, Astara, Emil Frey France, MG Motor ou Volvo Cars.<\/p>\n<p class=\"styles_paragraph__GiKq6\">Arval travaille \u00e9galement en marque blanche avec des partenaires strat\u00e9giques. En janvier 2023, Arval, BNP Paribas Cardif et BNP Paribas Personal Finance, ont annonc\u00e9 leur partenariat avec Jaguar Land Rover pour le financement int\u00e9gr\u00e9 de la mobilit\u00e9 dans 9 march\u00e9s europ\u00e9ens. En juin, Arval a intensifi\u00e9 sa coop\u00e9ration avec la marque automobile MG Motor en lan\u00e7ant une offre d&rsquo;abonnement automobile commune \u00ab\u00a0<em>MG Auto Abo powered by Arval<\/em>\u00a0\u00bb. En octobre 2023, Arval s\u2019est alli\u00e9 \u00e0 ZEEKR, marque premium de v\u00e9hicules \u00e9lectriques, aux c\u00f4t\u00e9s de BNP Paribas Personal Finance. Loueur multimarque, Arval continuera d\u2019\u00e9tendre le choix de mod\u00e8les de v\u00e9hicules disponibles pour ses clients avec l\u2019annonce prochaine d\u2019un nouveau partenariat international.<\/p>\n<p>&nbsp;<\/p>\n<p class=\"styles_paragraph__GiKq6\"><u>Des innovations au service de la mobilit\u00e9 et des clients<\/u><\/p>\n<p class=\"styles_paragraph__GiKq6\">En compl\u00e9ment de l\u2019accompagnement \u00e0 la transition \u00e9nerg\u00e9tique de ses clients, Arval a sign\u00e9 des partenariats et lanc\u00e9s plusieurs offres pour d\u00e9velopper l\u2019adoption de solutions de mobilit\u00e9 :<\/p>\n<div class=\"styles_listContainer__FrKUA\">\n<ul class=\"styles_bulletedList__LFe9q\">\n<li class=\"styles_listItem__QAj_7\">Le d\u00e9ploiement des offres de mobilit\u00e9 partag\u00e9e pour les collaborateurs a continu\u00e9 en 2023 avec 6 pays suppl\u00e9mentaires, l\u2019offre Arval auto-partage \u00e9tant maintenant disponible dans 15 pays, avec un cumul de 125\u00a0000 r\u00e9servations effectu\u00e9es sur la plateforme en 2023, tous pays confondus.<\/li>\n<li class=\"styles_listItem__QAj_7\">L\u2019Arval Mobility Pass, une solution simple et innovante, combinant une carte de paiement, une application et un portail de gestion pour faciliter la mobilit\u00e9 des employeurs et de leurs employ\u00e9s, a \u00e9t\u00e9 d\u00e9ploy\u00e9e en 2023 avec Edenred au Br\u00e9sil, Betterway en France et XXImo aux Pays-Bas.<\/li>\n<li class=\"styles_listItem__QAj_7\">Disponible dans 14 pays, la location de v\u00e9los \u00e9tait en croissance de 65\u00a0% \u00e0 fin 2023 par rapport \u00e0 fin 2022. Afin de soutenir cette croissance du march\u00e9, Arval a enrichi son offre V\u00e9lo en LLD en France en s\u2019associant avec la start-up sp\u00e9cialis\u00e9e Zenride.<\/li>\n<li class=\"styles_listItem__QAj_7\">Fin d\u00e9cembre 2023, Arval avait d\u00e9ploy\u00e9 dans 21 pays, soit 5 pays suppl\u00e9mentaires par rapport \u00e0 2023, son offre de location de voitures d\u2019occasion,\u00a0Arval Re-lease,\u00a0une r\u00e9ponse pertinente pour permettre aux clients de profiter de v\u00e9hicules de qualit\u00e9 aux loyers attractifs et prolonger la vie des v\u00e9hicules. La flotte d\u2019Arval Re-lease a augment\u00e9 de 139\u00a0% par rapport \u00e0 l\u2019ann\u00e9e pr\u00e9c\u00e9dente, prouvant l\u2019int\u00e9r\u00eat de ses clients pour cette offre r\u00e9cente.<\/li>\n<li class=\"styles_listItem__QAj_7\">Arval a atteint le seuil des 633\u00a0000 v\u00e9hicules connect\u00e9s dans sa flotte, en augmentation de 39 % par rapport \u00e0 l&rsquo;ann\u00e9e derni\u00e8re. Cette \u00e9tape s&rsquo;inscrit dans l&rsquo;objectif de connecter 80 % de l&rsquo;ensemble de la flotte d&rsquo;Arval d&rsquo;ici 2025. Gr\u00e2ce \u00e0 la technologie t\u00e9l\u00e9matique et l\u2019intelligence des donn\u00e9es, la solution digitale Arval Connect permet aux clients d&rsquo;optimiser les co\u00fbts de leur flotte de v\u00e9hicules, d\u2019am\u00e9liorer la s\u00e9curit\u00e9 des conducteurs, d\u2019acc\u00e9l\u00e9rer la transition \u00e9nerg\u00e9tique et de rendre la gestion des \u00e9quipes mobiles plus efficace. Avec son service d\u2019assurance connect\u00e9e, Arval va encore plus loin en permettant \u00e0 ses clients d\u2019obtenir une r\u00e9duction du loyer de leur v\u00e9hicule en fonction de leur style de conduite. Lanc\u00e9 avec succ\u00e8s en Italie, les r\u00e9sultats de ce service montrent une diminution de moiti\u00e9 des accidents. Il sera d\u00e9ploy\u00e9 prochainement en Espagne, aux Pays-Bas et en Belgique.<\/li>\n<\/ul>\n<\/div>\n<p>&nbsp;<\/p>\n<blockquote>\n<p class=\"styles_paragraph__GiKq6\"><strong>Arval Belgique<\/strong><\/p>\n<p class=\"styles_paragraph__GiKq6\">Quant \u00e0 Arval Belgique, l&rsquo;ann\u00e9e 2023 a \u00e9t\u00e9 marqu\u00e9e par des r\u00e9alisations majeures.<\/p>\n<\/blockquote>\n<blockquote class=\"Quote_container___qk9S Quote_alignLeft__N_T5c\">\n<div class=\"Quote_content__4f7t4\"><a href=\"https:\/\/www.link2fleet.com\/wp-content\/uploads\/2023\/08\/d-boiangiu-031-resized.jpg\"><img loading=\"lazy\" decoding=\"async\" class=\"alignright size-medium wp-image-1295301\" src=\"https:\/\/www.link2fleet.com\/wp-content\/uploads\/2023\/08\/d-boiangiu-031-resized-240x300.jpg\" alt=\"\" width=\"240\" height=\"300\" \/><\/a>\u00a0\u00bb Nous avons atteint la barre des 110 000 voitures en leasing, nous avons poursuivi l&rsquo;\u00e9lectrification de notre flotte (pr\u00e8s d&rsquo;un tiers des v\u00e9hicules nouvellement livr\u00e9s sont de type purement \u00e9lectrique), nous avons encore \u00e9tendu notre flotte de leasing de v\u00e9los \u00e0 4 000 v\u00e9los, nous avons int\u00e9gr\u00e9 avec succ\u00e8s Terberg Business Lease apr\u00e8s son acquisition en 2022, et nous avons termin\u00e9 l&rsquo;ann\u00e9e avec un fait marquant, \u00e0 savoir l&rsquo;ouverture de notre premier Arval Premium Center. \u00a0\u00bb\u00a0\u200b Dan Boiangiu, Managing Director Arval Belgium<\/div>\n<\/blockquote>\n<blockquote>\n<p class=\"styles_paragraph__GiKq6\">Arval Belgique entend continuer \u00e0 surfer sur cette vague positive avec des projets ambitieux pour 2024.\u00a0\u200b \u200b<\/p>\n<\/blockquote>\n<blockquote class=\"Quote_container___qk9S Quote_alignLeft__N_T5c\">\n<div class=\"Quote_content__4f7t4\">\u00a0\u00bb Cette ann\u00e9e, nous poursuivrons la success story de notre croissance durable, bas\u00e9e sur la reconnaissance par le march\u00e9 de notre qualit\u00e9 de service sup\u00e9rieure et de notre approche commerciale. Cela nous donne la capacit\u00e9 de d\u00e9velopper toutes nos solutions de mobilit\u00e9 et de continuer \u00e0 construire un lieu de travail avec des employ\u00e9s satisfaits, au service de clients satisfaits de la mani\u00e8re la plus durable possible.\u00a0\u00bb Dan Boiangiu, directeur g\u00e9n\u00e9ral d&rsquo;Arval Belgique.<\/div>\n<\/blockquote>\n<p>&nbsp;<\/p>\n<p class=\"styles_paragraph__GiKq6\"><strong>Les ambitions d\u2019Arval en 2024<\/strong><\/p>\n<p class=\"styles_paragraph__GiKq6\">En 2024, l\u2019objectif principal d\u2019Arval dans un march\u00e9 en pleine \u00e9volution sera de faire perdurer la dynamique positive de ces derni\u00e8res ann\u00e9es, au service de ses clients et gr\u00e2ce \u00e0 ses collaborateurs motiv\u00e9s et engag\u00e9s. L\u2019acc\u00e9l\u00e9ration de la transition \u00e9nerg\u00e9tique des flottes sera \u00e9galement au c\u0153ur de la strat\u00e9gie d\u2019Arval\u00a0: l\u2019\u00e9largissement de la gamme de v\u00e9hicules \u00e9lectriques (BEV) disponibles, la mise en \u0153uvre des partenariats autour du rechargement, l\u2019expertise et le conseil aux clients dans la construction de politiques de mobilit\u00e9 int\u00e9grant des v\u00e9hicules \u00e9lectriques (BEV) et des solutions de mobilit\u00e9 compl\u00e9mentaires et moins \u00e9mettrices de CO<sub>2<\/sub> en seront la clef. Arval a d\u00e9j\u00e0 commenc\u00e9 en lan\u00e7ant le 15 janvier dernier Arval Charging Services, une offre qui combine la location d\u2019une borne de recharge \u00e0 celle d\u2019un v\u00e9hicule \u00e9lectrique, et qui vient compl\u00e9ter le dispositif de carte de recharge Arval et de remboursement automatique des consommations \u00e9lectriques des v\u00e9hicules \u00e0 domicile.<\/p>\n<p class=\"styles_paragraph__GiKq6\">D\u2019autre part, la strat\u00e9gie globale d\u2019Arval pour encourager la mobilit\u00e9 a \u00e9t\u00e9 r\u00e9compens\u00e9e en 2024 par la m\u00e9daille d\u2019or EcoVadis, ce qui place Arval dans le Top 5\u00a0% des entreprises \u00e9valu\u00e9es. Cette distinction refl\u00e8te l\u2019engagement des collaborateurs d\u2019Arval pour des activit\u00e9s plus durables \u00e0 tous les niveaux de l\u2019entreprise.<\/p>\n<p class=\"styles_paragraph__GiKq6\">La plupart des objectifs du plan allant \u00eatre prochainement atteints, l\u2019ann\u00e9e 2024 marquera aussi la conclusion d\u2019Arval Beyond, lanc\u00e9 en 2020. 2024 sera donc une ann\u00e9e de construction du nouveau plan strat\u00e9gique d\u2019Arval. Il sera annonc\u00e9 au d\u00e9but de l\u2019ann\u00e9e 2025 et marquera un nouveau tournant dans l\u2019histoire de l\u2019entreprise. \u200b<\/p>\n","protected":false},"excerpt":{"rendered":"<p>Ceci donne le r\u00e9sultat suivant \u00e0 la fin de l&rsquo;ann\u00e9e 2023\u00a0: Arval a augment\u00e9 sa flotte de v\u00e9hicules lou\u00e9s de 6,9\u00a0% par rapport \u00e0 2022, avec 1\u00a0701\u00a0540 v\u00e9hicules. Elle comprend d\u00e9sormais 166\u00a0363 v\u00e9hicules \u00e9lectriques \u00e0 batterie (BEV), soit une progression de 85\u00a0% par rapport \u00e0 2022. Au dernier trimestre 2023, les motorisations \u00e9lectriques (BEV) repr\u00e9sentaient [&hellip;]<\/p>\n","protected":false},"author":4,"featured_media":11503,"comment_status":"closed","ping_status":"closed","sticky":false,"template":"","format":"standard","meta":{"_acf_changed":false,"footnotes":""},"categories":[91,79],"tags":[],"class_list":["post-11502","post","type-post","status-publish","format-standard","has-post-thumbnail","hentry","category-expertise-et-management","category-societes-de-leasing"],"acf":[],"yoast_head":"<!-- This site is optimized with the Yoast SEO plugin v27.3 - https:\/\/yoast.com\/product\/yoast-seo-wordpress\/ -->\n<title>Arval enregistre une croissance de sa flotte lou\u00e9e de 6,9 % en 2023 - link2fleet<\/title>\n<meta name=\"description\" content=\"Arval, acteur majeur du leasing longue dur\u00e9e de v\u00e9hicules et sp\u00e9cialiste des solutions de mobilit\u00e9, a acc\u00e9l\u00e9r\u00e9 sa croissance en 2023 en conservant la dynamique\u2026\" \/>\n<meta name=\"robots\" content=\"index, follow, max-snippet:-1, max-image-preview:large, max-video-preview:-1\" \/>\n<meta property=\"og:locale\" content=\"fr_FR\" \/>\n<meta property=\"og:type\" content=\"article\" \/>\n<meta property=\"og:title\" content=\"Arval enregistre une croissance de sa flotte lou\u00e9e de 6,9 % en 2023 - link2fleet\" \/>\n<meta property=\"og:description\" content=\"Arval, acteur majeur du leasing longue dur\u00e9e de v\u00e9hicules et sp\u00e9cialiste des solutions de mobilit\u00e9, a acc\u00e9l\u00e9r\u00e9 sa croissance en 2023 en conservant la dynamique\u2026\" \/>\n<meta property=\"og:url\" content=\"https:\/\/www.link2fleet.com\/fr\/arval-enregistre-une-croissance-de-sa-flotte-louee-de-69-en-2023\/\" \/>\n<meta property=\"og:site_name\" content=\"link2fleet\" \/>\n<meta property=\"article:published_time\" content=\"2024-02-02T06:30:51+00:00\" \/>\n<meta property=\"og:image\" content=\"https:\/\/static.link2fleet.com\/wp-content\/uploads\/2024\/03\/image-7.png\" \/>\n\t<meta property=\"og:image:width\" content=\"920\" \/>\n\t<meta property=\"og:image:height\" content=\"450\" \/>\n\t<meta property=\"og:image:type\" content=\"image\/png\" \/>\n<meta name=\"author\" content=\"Damien Malvetti\" \/>\n<meta name=\"twitter:card\" content=\"summary_large_image\" \/>\n<meta name=\"twitter:description\" content=\"Arval, acteur majeur du leasing longue dur\u00e9e de v\u00e9hicules et sp\u00e9cialiste des solutions de mobilit\u00e9, a acc\u00e9l\u00e9r\u00e9 sa croissance en 2023 en conservant la dynamique\u2026\" \/>\n<meta name=\"twitter:label1\" content=\"\u00c9crit par\" \/>\n\t<meta name=\"twitter:data1\" content=\"Damien Malvetti\" \/>\n\t<meta name=\"twitter:label2\" content=\"Dur\u00e9e de lecture estim\u00e9e\" \/>\n\t<meta name=\"twitter:data2\" content=\"9 minutes\" \/>\n<script type=\"application\/ld+json\" class=\"yoast-schema-graph\">{\"@context\":\"https:\\\/\\\/schema.org\",\"@graph\":[{\"@type\":\"Article\",\"@id\":\"https:\\\/\\\/www.link2fleet.com\\\/fr\\\/arval-enregistre-une-croissance-de-sa-flotte-louee-de-69-en-2023\\\/#article\",\"isPartOf\":{\"@id\":\"https:\\\/\\\/www.link2fleet.com\\\/fr\\\/arval-enregistre-une-croissance-de-sa-flotte-louee-de-69-en-2023\\\/\"},\"author\":{\"name\":\"Damien Malvetti\",\"@id\":\"https:\\\/\\\/www.link2fleet.com\\\/fr\\\/#\\\/schema\\\/person\\\/027cd46113c78036b3809c9a054049da\"},\"headline\":\"Arval enregistre une croissance de sa flotte lou\u00e9e de 6,9 % en 2023\",\"datePublished\":\"2024-02-02T06:30:51+00:00\",\"mainEntityOfPage\":{\"@id\":\"https:\\\/\\\/www.link2fleet.com\\\/fr\\\/arval-enregistre-une-croissance-de-sa-flotte-louee-de-69-en-2023\\\/\"},\"wordCount\":1737,\"publisher\":{\"@id\":\"https:\\\/\\\/www.link2fleet.com\\\/fr\\\/#organization\"},\"image\":{\"@id\":\"https:\\\/\\\/www.link2fleet.com\\\/fr\\\/arval-enregistre-une-croissance-de-sa-flotte-louee-de-69-en-2023\\\/#primaryimage\"},\"thumbnailUrl\":\"https:\\\/\\\/static.link2fleet.com\\\/wp-content\\\/uploads\\\/2024\\\/03\\\/image-7.png\",\"articleSection\":[\"Gestion de flotte\",\"Location long-terme\"],\"inLanguage\":\"fr-FR\"},{\"@type\":\"WebPage\",\"@id\":\"https:\\\/\\\/www.link2fleet.com\\\/fr\\\/arval-enregistre-une-croissance-de-sa-flotte-louee-de-69-en-2023\\\/\",\"url\":\"https:\\\/\\\/www.link2fleet.com\\\/fr\\\/arval-enregistre-une-croissance-de-sa-flotte-louee-de-69-en-2023\\\/\",\"name\":\"Arval enregistre une croissance de sa flotte lou\u00e9e de 6,9 % en 2023 - link2fleet\",\"isPartOf\":{\"@id\":\"https:\\\/\\\/www.link2fleet.com\\\/fr\\\/#website\"},\"primaryImageOfPage\":{\"@id\":\"https:\\\/\\\/www.link2fleet.com\\\/fr\\\/arval-enregistre-une-croissance-de-sa-flotte-louee-de-69-en-2023\\\/#primaryimage\"},\"image\":{\"@id\":\"https:\\\/\\\/www.link2fleet.com\\\/fr\\\/arval-enregistre-une-croissance-de-sa-flotte-louee-de-69-en-2023\\\/#primaryimage\"},\"thumbnailUrl\":\"https:\\\/\\\/static.link2fleet.com\\\/wp-content\\\/uploads\\\/2024\\\/03\\\/image-7.png\",\"datePublished\":\"2024-02-02T06:30:51+00:00\",\"breadcrumb\":{\"@id\":\"https:\\\/\\\/www.link2fleet.com\\\/fr\\\/arval-enregistre-une-croissance-de-sa-flotte-louee-de-69-en-2023\\\/#breadcrumb\"},\"inLanguage\":\"fr-FR\",\"potentialAction\":[{\"@type\":\"ReadAction\",\"target\":[\"https:\\\/\\\/www.link2fleet.com\\\/fr\\\/arval-enregistre-une-croissance-de-sa-flotte-louee-de-69-en-2023\\\/\"]}]},{\"@type\":\"ImageObject\",\"inLanguage\":\"fr-FR\",\"@id\":\"https:\\\/\\\/www.link2fleet.com\\\/fr\\\/arval-enregistre-une-croissance-de-sa-flotte-louee-de-69-en-2023\\\/#primaryimage\",\"url\":\"https:\\\/\\\/static.link2fleet.com\\\/wp-content\\\/uploads\\\/2024\\\/03\\\/image-7.png\",\"contentUrl\":\"https:\\\/\\\/static.link2fleet.com\\\/wp-content\\\/uploads\\\/2024\\\/03\\\/image-7.png\",\"width\":920,\"height\":450,\"caption\":\"|\"},{\"@type\":\"BreadcrumbList\",\"@id\":\"https:\\\/\\\/www.link2fleet.com\\\/fr\\\/arval-enregistre-une-croissance-de-sa-flotte-louee-de-69-en-2023\\\/#breadcrumb\",\"itemListElement\":[{\"@type\":\"ListItem\",\"position\":1,\"name\":\"Home\",\"item\":\"https:\\\/\\\/www.link2fleet.com\\\/fr\\\/\"},{\"@type\":\"ListItem\",\"position\":2,\"name\":\"Arval enregistre une croissance de sa flotte lou\u00e9e de 6,9 % en 2023\"}]},{\"@type\":\"WebSite\",\"@id\":\"https:\\\/\\\/www.link2fleet.com\\\/fr\\\/#website\",\"url\":\"https:\\\/\\\/www.link2fleet.com\\\/fr\\\/\",\"name\":\"Link2fleet\",\"description\":\"\",\"publisher\":{\"@id\":\"https:\\\/\\\/www.link2fleet.com\\\/fr\\\/#organization\"},\"potentialAction\":[{\"@type\":\"SearchAction\",\"target\":{\"@type\":\"EntryPoint\",\"urlTemplate\":\"https:\\\/\\\/www.link2fleet.com\\\/fr\\\/?s={search_term_string}\"},\"query-input\":{\"@type\":\"PropertyValueSpecification\",\"valueRequired\":true,\"valueName\":\"search_term_string\"}}],\"inLanguage\":\"fr-FR\"},{\"@type\":\"Organization\",\"@id\":\"https:\\\/\\\/www.link2fleet.com\\\/fr\\\/#organization\",\"name\":\"Link2fleet\",\"url\":\"https:\\\/\\\/www.link2fleet.com\\\/fr\\\/\",\"logo\":{\"@type\":\"ImageObject\",\"inLanguage\":\"fr-FR\",\"@id\":\"https:\\\/\\\/www.link2fleet.com\\\/fr\\\/#\\\/schema\\\/logo\\\/image\\\/\",\"url\":\"https:\\\/\\\/static.link2fleet.com\\\/wp-content\\\/uploads\\\/2024\\\/03\\\/share-image.jpg\",\"contentUrl\":\"https:\\\/\\\/static.link2fleet.com\\\/wp-content\\\/uploads\\\/2024\\\/03\\\/share-image.jpg\",\"width\":1200,\"height\":630,\"caption\":\"Link2fleet\"},\"image\":{\"@id\":\"https:\\\/\\\/www.link2fleet.com\\\/fr\\\/#\\\/schema\\\/logo\\\/image\\\/\"},\"sameAs\":[\"https:\\\/\\\/www.linkedin.com\\\/company\\\/link2fleet-belgium\",\"https:\\\/\\\/www.youtube.com\\\/user\\\/MMMBMBE\"]},{\"@type\":\"Person\",\"@id\":\"https:\\\/\\\/www.link2fleet.com\\\/fr\\\/#\\\/schema\\\/person\\\/027cd46113c78036b3809c9a054049da\",\"name\":\"Damien Malvetti\",\"image\":{\"@type\":\"ImageObject\",\"inLanguage\":\"fr-FR\",\"@id\":\"https:\\\/\\\/secure.gravatar.com\\\/avatar\\\/dd8cc03b49466c735f753ac37f8caa371af16dfed347456ed61f02883255eebb?s=96&d=mm&r=g\",\"url\":\"https:\\\/\\\/secure.gravatar.com\\\/avatar\\\/dd8cc03b49466c735f753ac37f8caa371af16dfed347456ed61f02883255eebb?s=96&d=mm&r=g\",\"contentUrl\":\"https:\\\/\\\/secure.gravatar.com\\\/avatar\\\/dd8cc03b49466c735f753ac37f8caa371af16dfed347456ed61f02883255eebb?s=96&d=mm&r=g\",\"caption\":\"Damien Malvetti\"},\"description\":\"Damien Malvetti is opgeleid als journalist en gepassioneerd door wagens, technologie en mobiliteit. Hij is verantwoordelijk voor de redactionele inhoud van link2fleet en beschikt over een uitgebreide kennis van de fleet-sector en elektrische mobiliteit.\",\"sameAs\":[\"https:\\\/\\\/www.linkedin.com\\\/in\\\/damien-malvetti-56601142\\\/\"]}]}<\/script>\n<!-- \/ Yoast SEO plugin. -->","yoast_head_json":{"title":"Arval enregistre une croissance de sa flotte lou\u00e9e de 6,9 % en 2023 - link2fleet","description":"Arval, acteur majeur du leasing longue dur\u00e9e de v\u00e9hicules et sp\u00e9cialiste des solutions de mobilit\u00e9, a acc\u00e9l\u00e9r\u00e9 sa croissance en 2023 en conservant la dynamique\u2026","robots":{"index":"index","follow":"follow","max-snippet":"max-snippet:-1","max-image-preview":"max-image-preview:large","max-video-preview":"max-video-preview:-1"},"og_locale":"fr_FR","og_type":"article","og_title":"Arval enregistre une croissance de sa flotte lou\u00e9e de 6,9 % en 2023 - link2fleet","og_description":"Arval, acteur majeur du leasing longue dur\u00e9e de v\u00e9hicules et sp\u00e9cialiste des solutions de mobilit\u00e9, a acc\u00e9l\u00e9r\u00e9 sa croissance en 2023 en conservant la dynamique\u2026","og_url":"https:\/\/www.link2fleet.com\/fr\/arval-enregistre-une-croissance-de-sa-flotte-louee-de-69-en-2023\/","og_site_name":"link2fleet","article_published_time":"2024-02-02T06:30:51+00:00","og_image":[{"width":920,"height":450,"url":"https:\/\/static.link2fleet.com\/wp-content\/uploads\/2024\/03\/image-7.png","type":"image\/png"}],"author":"Damien Malvetti","twitter_card":"summary_large_image","twitter_description":"Arval, acteur majeur du leasing longue dur\u00e9e de v\u00e9hicules et sp\u00e9cialiste des solutions de mobilit\u00e9, a acc\u00e9l\u00e9r\u00e9 sa croissance en 2023 en conservant la dynamique\u2026","twitter_misc":{"\u00c9crit par":"Damien Malvetti","Dur\u00e9e de lecture estim\u00e9e":"9 minutes"},"schema":{"@context":"https:\/\/schema.org","@graph":[{"@type":"Article","@id":"https:\/\/www.link2fleet.com\/fr\/arval-enregistre-une-croissance-de-sa-flotte-louee-de-69-en-2023\/#article","isPartOf":{"@id":"https:\/\/www.link2fleet.com\/fr\/arval-enregistre-une-croissance-de-sa-flotte-louee-de-69-en-2023\/"},"author":{"name":"Damien Malvetti","@id":"https:\/\/www.link2fleet.com\/fr\/#\/schema\/person\/027cd46113c78036b3809c9a054049da"},"headline":"Arval enregistre une croissance de sa flotte lou\u00e9e de 6,9 % en 2023","datePublished":"2024-02-02T06:30:51+00:00","mainEntityOfPage":{"@id":"https:\/\/www.link2fleet.com\/fr\/arval-enregistre-une-croissance-de-sa-flotte-louee-de-69-en-2023\/"},"wordCount":1737,"publisher":{"@id":"https:\/\/www.link2fleet.com\/fr\/#organization"},"image":{"@id":"https:\/\/www.link2fleet.com\/fr\/arval-enregistre-une-croissance-de-sa-flotte-louee-de-69-en-2023\/#primaryimage"},"thumbnailUrl":"https:\/\/static.link2fleet.com\/wp-content\/uploads\/2024\/03\/image-7.png","articleSection":["Gestion de flotte","Location long-terme"],"inLanguage":"fr-FR"},{"@type":"WebPage","@id":"https:\/\/www.link2fleet.com\/fr\/arval-enregistre-une-croissance-de-sa-flotte-louee-de-69-en-2023\/","url":"https:\/\/www.link2fleet.com\/fr\/arval-enregistre-une-croissance-de-sa-flotte-louee-de-69-en-2023\/","name":"Arval enregistre une croissance de sa flotte lou\u00e9e de 6,9 % en 2023 - link2fleet","isPartOf":{"@id":"https:\/\/www.link2fleet.com\/fr\/#website"},"primaryImageOfPage":{"@id":"https:\/\/www.link2fleet.com\/fr\/arval-enregistre-une-croissance-de-sa-flotte-louee-de-69-en-2023\/#primaryimage"},"image":{"@id":"https:\/\/www.link2fleet.com\/fr\/arval-enregistre-une-croissance-de-sa-flotte-louee-de-69-en-2023\/#primaryimage"},"thumbnailUrl":"https:\/\/static.link2fleet.com\/wp-content\/uploads\/2024\/03\/image-7.png","datePublished":"2024-02-02T06:30:51+00:00","breadcrumb":{"@id":"https:\/\/www.link2fleet.com\/fr\/arval-enregistre-une-croissance-de-sa-flotte-louee-de-69-en-2023\/#breadcrumb"},"inLanguage":"fr-FR","potentialAction":[{"@type":"ReadAction","target":["https:\/\/www.link2fleet.com\/fr\/arval-enregistre-une-croissance-de-sa-flotte-louee-de-69-en-2023\/"]}]},{"@type":"ImageObject","inLanguage":"fr-FR","@id":"https:\/\/www.link2fleet.com\/fr\/arval-enregistre-une-croissance-de-sa-flotte-louee-de-69-en-2023\/#primaryimage","url":"https:\/\/static.link2fleet.com\/wp-content\/uploads\/2024\/03\/image-7.png","contentUrl":"https:\/\/static.link2fleet.com\/wp-content\/uploads\/2024\/03\/image-7.png","width":920,"height":450,"caption":"|"},{"@type":"BreadcrumbList","@id":"https:\/\/www.link2fleet.com\/fr\/arval-enregistre-une-croissance-de-sa-flotte-louee-de-69-en-2023\/#breadcrumb","itemListElement":[{"@type":"ListItem","position":1,"name":"Home","item":"https:\/\/www.link2fleet.com\/fr\/"},{"@type":"ListItem","position":2,"name":"Arval enregistre une croissance de sa flotte lou\u00e9e de 6,9 % en 2023"}]},{"@type":"WebSite","@id":"https:\/\/www.link2fleet.com\/fr\/#website","url":"https:\/\/www.link2fleet.com\/fr\/","name":"Link2fleet","description":"","publisher":{"@id":"https:\/\/www.link2fleet.com\/fr\/#organization"},"potentialAction":[{"@type":"SearchAction","target":{"@type":"EntryPoint","urlTemplate":"https:\/\/www.link2fleet.com\/fr\/?s={search_term_string}"},"query-input":{"@type":"PropertyValueSpecification","valueRequired":true,"valueName":"search_term_string"}}],"inLanguage":"fr-FR"},{"@type":"Organization","@id":"https:\/\/www.link2fleet.com\/fr\/#organization","name":"Link2fleet","url":"https:\/\/www.link2fleet.com\/fr\/","logo":{"@type":"ImageObject","inLanguage":"fr-FR","@id":"https:\/\/www.link2fleet.com\/fr\/#\/schema\/logo\/image\/","url":"https:\/\/static.link2fleet.com\/wp-content\/uploads\/2024\/03\/share-image.jpg","contentUrl":"https:\/\/static.link2fleet.com\/wp-content\/uploads\/2024\/03\/share-image.jpg","width":1200,"height":630,"caption":"Link2fleet"},"image":{"@id":"https:\/\/www.link2fleet.com\/fr\/#\/schema\/logo\/image\/"},"sameAs":["https:\/\/www.linkedin.com\/company\/link2fleet-belgium","https:\/\/www.youtube.com\/user\/MMMBMBE"]},{"@type":"Person","@id":"https:\/\/www.link2fleet.com\/fr\/#\/schema\/person\/027cd46113c78036b3809c9a054049da","name":"Damien Malvetti","image":{"@type":"ImageObject","inLanguage":"fr-FR","@id":"https:\/\/secure.gravatar.com\/avatar\/dd8cc03b49466c735f753ac37f8caa371af16dfed347456ed61f02883255eebb?s=96&d=mm&r=g","url":"https:\/\/secure.gravatar.com\/avatar\/dd8cc03b49466c735f753ac37f8caa371af16dfed347456ed61f02883255eebb?s=96&d=mm&r=g","contentUrl":"https:\/\/secure.gravatar.com\/avatar\/dd8cc03b49466c735f753ac37f8caa371af16dfed347456ed61f02883255eebb?s=96&d=mm&r=g","caption":"Damien Malvetti"},"description":"Damien Malvetti is opgeleid als journalist en gepassioneerd door wagens, technologie en mobiliteit. Hij is verantwoordelijk voor de redactionele inhoud van link2fleet en beschikt over een uitgebreide kennis van de fleet-sector en elektrische mobiliteit.","sameAs":["https:\/\/www.linkedin.com\/in\/damien-malvetti-56601142\/"]}]}},"_links":{"self":[{"href":"https:\/\/www.link2fleet.com\/fr\/wp-json\/wp\/v2\/posts\/11502","targetHints":{"allow":["GET"]}}],"collection":[{"href":"https:\/\/www.link2fleet.com\/fr\/wp-json\/wp\/v2\/posts"}],"about":[{"href":"https:\/\/www.link2fleet.com\/fr\/wp-json\/wp\/v2\/types\/post"}],"author":[{"embeddable":true,"href":"https:\/\/www.link2fleet.com\/fr\/wp-json\/wp\/v2\/users\/4"}],"replies":[{"embeddable":true,"href":"https:\/\/www.link2fleet.com\/fr\/wp-json\/wp\/v2\/comments?post=11502"}],"version-history":[{"count":0,"href":"https:\/\/www.link2fleet.com\/fr\/wp-json\/wp\/v2\/posts\/11502\/revisions"}],"wp:featuredmedia":[{"embeddable":true,"href":"https:\/\/www.link2fleet.com\/fr\/wp-json\/wp\/v2\/media\/11503"}],"wp:attachment":[{"href":"https:\/\/www.link2fleet.com\/fr\/wp-json\/wp\/v2\/media?parent=11502"}],"wp:term":[{"taxonomy":"category","embeddable":true,"href":"https:\/\/www.link2fleet.com\/fr\/wp-json\/wp\/v2\/categories?post=11502"},{"taxonomy":"post_tag","embeddable":true,"href":"https:\/\/www.link2fleet.com\/fr\/wp-json\/wp\/v2\/tags?post=11502"}],"curies":[{"name":"wp","href":"https:\/\/api.w.org\/{rel}","templated":true}]}}