{"id":11506,"date":"2024-02-02T15:35:27","date_gmt":"2024-02-02T14:35:27","guid":{"rendered":"https:\/\/www.link2fleet.com\/faire-reconnaitre-les-microcars-comme-des-voitures-particulieres-sur-le-plan-fiscal\/"},"modified":"2024-02-02T15:35:27","modified_gmt":"2024-02-02T14:35:27","slug":"faire-reconnaitre-les-microcars-comme-des-voitures-particulieres-sur-le-plan-fiscal","status":"publish","type":"post","link":"https:\/\/www.link2fleet.com\/fr\/faire-reconnaitre-les-microcars-comme-des-voitures-particulieres-sur-le-plan-fiscal\/","title":{"rendered":"Faire reconna\u00eetre les microcars comme des voitures particuli\u00e8res sur le plan fiscal"},"content":{"rendered":"<p style=\"font-weight: 400;\">\u00ab\u00a0Les v\u00e9hicules L7e, ou quadricycles lourds motoris\u00e9s, constituent une cat\u00e9gorie d&rsquo;homologation positionn\u00e9e entre les v\u00e9hicules sans permis (L6e) et les voitures particuli\u00e8res (M1). Cette cat\u00e9gorie est d\u00e9finie par <strong>trois crit\u00e8res <\/strong>essentiels : un poids maximal \u00e0 vide hors batterie, de 450 kg, une vitesse maximale de 90 km\/h, et la n\u00e9cessit\u00e9 d&rsquo;\u00eatre titulaire d&rsquo;un permis de conduire de type B.<\/p>\n<p style=\"font-weight: 400;\">Historiquement domin\u00e9e par les \u2018quads\u2019 agricoles et forestiers, cette cat\u00e9gorie \u00e9volue avec l&rsquo;\u00e9mergence de microvoitures comme alternatives \u00e0 la mobilit\u00e9 quotidienne. Ces v\u00e9hicules <strong>r\u00e9pondent aux besoins <\/strong>de nombreux conducteurs au quotidien, \u00e9tant donn\u00e9 que le taux de remplissage moyen des voitures est de 1,2 passager, les distances journali\u00e8res parcourues avoisinent en moyenne les 30 km, et la vitesse en zone urbaine et p\u00e9riurbaine tourne autour de 30 km\/h.<\/p>\n<p style=\"font-weight: 400;\">Cependant, les microvoitures offrent plusieurs avantages significatifs par rapport aux voitures traditionnelles. D\u2019une part, elles pr\u00e9sentent une <strong>empreinte carbone r\u00e9duite de plus de 60% <\/strong>par rapport \u00e0 un v\u00e9hicule \u00e9lectrique classique, gr\u00e2ce \u00e0 la plus faible quantit\u00e9 de mat\u00e9riaux extraits, transform\u00e9s et d\u00e9plac\u00e9s, ainsi qu\u2019\u00e0 une consommation \u00e9lectrique moindre lors de leur utilisation. D\u2019autre part, elles occupent significativement <strong>moins d&rsquo;espace au sol en stationnement <\/strong>\u2013 jusqu\u2019\u00e0 60% de moins qu\u2019une voiture traditionnelle \u2013 mais aussi lors de leurs d\u00e9placements, ce qui favorise une meilleure cohabitation avec les usagers faibles, en particulier les cyclistes, ainsi qu\u2019une meilleure gestion de l\u2019espace urbain.<\/p>\n<p style=\"font-weight: 400;\">Aujourd\u2019hui, le calcul de l\u2019Avantage de Toute Nature (ATN) pour les v\u00e9hicules L7e suit les <strong>r\u00e8gles applicables aux motos<\/strong>. Le b\u00e9n\u00e9ficiaire doit tenir une comptabilit\u00e9 des kilom\u00e8tres effectivement parcourus \u00e0 des fins priv\u00e9es et professionnelles et calculer son ATN au prorata de son usage priv\u00e9, sur une base d\u00e9pendant du prix de la voiture. A contrario, les voitures particuli\u00e8res b\u00e9n\u00e9ficient d\u2019un <strong>ATN forfaitaire<\/strong>, d\u00e9termin\u00e9 par une formule prenant en compte le type de motorisation, les \u00e9missions de CO2 de la voiture et sa valeur catalogue. Cette disparit\u00e9 entra\u00eene une situation o\u00f9 la <strong>charge administrative <\/strong>d\u00e9courage l\u2019adoption de ces v\u00e9hicules en tant que v\u00e9hicules de soci\u00e9t\u00e9, et conduit \u00e0 des montants d\u2019ATN plus \u00e9lev\u00e9s que ceux des v\u00e9hicules \u00e9lectriques classiques, alors m\u00eame que leur empreinte \u00e9cologique est largement plus faible.<\/p>\n<p style=\"font-weight: 400;\">Par cons\u00e9quent, nous demandons une <strong>r\u00e9vision du calcul de l\u2019ATN <\/strong>pour les quadricycles en <strong>\u00e9tendant la formule applicable aux voitures particuli\u00e8res \u00e0 la cat\u00e9gorie des quadricycles lourds<\/strong>, qui b\u00e9n\u00e9ficieraient d\u00e8s lors d\u2019un ATN forfaitaire. Vu l\u2019importance des parcs automobiles d&rsquo;entreprise dans les transitions en mati\u00e8re de mobilit\u00e9, l&rsquo;ajustement de l&rsquo;ATN des microvoitures pour le rendre plus comp\u00e9titif encouragerait leur adoption, avec un impact positif \u00e0 la fois sur l&rsquo;utilisation de l&rsquo;espace et sur les \u00e9missions de CO2 li\u00e9es au secteur de la mobilit\u00e9.\u00a0\u00bb<\/p>\n<p style=\"font-weight: 400;\">\n<p style=\"font-weight: 400;\">A quelques semaines des \u00e9lections et alors que <a href=\"https:\/\/www.link2fleet.com\/fr\/avantage-de-toute-nature-2024-tous-les-details-de-laccord-de-gouvernement\/\">la formule de l\u2019ATN vient de subir une modification, mais que celle-ci n\u2019a pas encore \u00e9t\u00e9 publi\u00e9e au Moniteur Belge<\/a>, esp\u00e9rons que leur appel sera entendu. All\u00e9ger la fiscalit\u00e9 de ces microcars permettrait en effet \u00e0 de nombreuses entreprises et conducteurs de passer le cap et de r\u00e9duire l&rsquo;encombrement sur nos routes.<\/p>\n","protected":false},"excerpt":{"rendered":"<p>\u00ab\u00a0Les v\u00e9hicules L7e, ou quadricycles lourds motoris\u00e9s, constituent une cat\u00e9gorie d&rsquo;homologation positionn\u00e9e entre les v\u00e9hicules sans permis (L6e) et les voitures particuli\u00e8res (M1). Cette cat\u00e9gorie est d\u00e9finie par trois crit\u00e8res essentiels : un poids maximal \u00e0 vide hors batterie, de 450 kg, une vitesse maximale de 90 km\/h, et la n\u00e9cessit\u00e9 d&rsquo;\u00eatre titulaire d&rsquo;un permis [&hellip;]<\/p>\n","protected":false},"author":4,"featured_media":11507,"comment_status":"closed","ping_status":"closed","sticky":false,"template":"","format":"standard","meta":{"_acf_changed":false,"footnotes":""},"categories":[91,101],"tags":[],"class_list":["post-11506","post","type-post","status-publish","format-standard","has-post-thumbnail","hentry","category-expertise-et-management","category-tax-legal"],"acf":[],"yoast_head":"<!-- This site is optimized with the Yoast SEO plugin v27.3 - https:\/\/yoast.com\/product\/yoast-seo-wordpress\/ -->\n<title>Faire reconna\u00eetre les microcars comme des voitures particuli\u00e8res sur le plan fiscal - link2fleet<\/title>\n<meta name=\"description\" content=\"C\u2019est ind\u00e9niable\u00a0: les quadricycles \u00e9lectriques, telles que la Microlino ou encore la Silence S04, sont une alternative de mobilit\u00e9 id\u00e9ale aux voitures particuli\u00e8res pour les\u2026\" \/>\n<meta name=\"robots\" content=\"index, follow, max-snippet:-1, max-image-preview:large, max-video-preview:-1\" \/>\n<meta property=\"og:locale\" content=\"fr_FR\" \/>\n<meta property=\"og:type\" content=\"article\" \/>\n<meta property=\"og:title\" content=\"Faire reconna\u00eetre les microcars comme des voitures particuli\u00e8res sur le plan fiscal - link2fleet\" \/>\n<meta property=\"og:description\" content=\"C\u2019est ind\u00e9niable\u00a0: les quadricycles \u00e9lectriques, telles que la Microlino ou encore la Silence S04, sont une alternative de mobilit\u00e9 id\u00e9ale aux voitures particuli\u00e8res pour les\u2026\" \/>\n<meta property=\"og:url\" content=\"https:\/\/www.link2fleet.com\/fr\/faire-reconnaitre-les-microcars-comme-des-voitures-particulieres-sur-le-plan-fiscal\/\" \/>\n<meta property=\"og:site_name\" content=\"link2fleet\" \/>\n<meta property=\"article:published_time\" content=\"2024-02-02T14:35:27+00:00\" \/>\n<meta property=\"og:image\" content=\"https:\/\/static.link2fleet.com\/wp-content\/uploads\/2024\/03\/microcars.png\" \/>\n\t<meta property=\"og:image:width\" content=\"1280\" \/>\n\t<meta property=\"og:image:height\" content=\"720\" \/>\n\t<meta property=\"og:image:type\" content=\"image\/png\" \/>\n<meta name=\"author\" content=\"Damien Malvetti\" \/>\n<meta name=\"twitter:card\" content=\"summary_large_image\" \/>\n<meta name=\"twitter:description\" content=\"C\u2019est ind\u00e9niable\u00a0: les quadricycles \u00e9lectriques, telles que la Microlino ou encore la Silence S04, sont une alternative de mobilit\u00e9 id\u00e9ale aux voitures particuli\u00e8res pour les\u2026\" \/>\n<meta name=\"twitter:label1\" content=\"\u00c9crit par\" \/>\n\t<meta name=\"twitter:data1\" content=\"Damien Malvetti\" \/>\n\t<meta name=\"twitter:label2\" content=\"Dur\u00e9e de lecture estim\u00e9e\" \/>\n\t<meta name=\"twitter:data2\" content=\"3 minutes\" \/>\n<script type=\"application\/ld+json\" class=\"yoast-schema-graph\">{\"@context\":\"https:\\\/\\\/schema.org\",\"@graph\":[{\"@type\":\"Article\",\"@id\":\"https:\\\/\\\/www.link2fleet.com\\\/fr\\\/faire-reconnaitre-les-microcars-comme-des-voitures-particulieres-sur-le-plan-fiscal\\\/#article\",\"isPartOf\":{\"@id\":\"https:\\\/\\\/www.link2fleet.com\\\/fr\\\/faire-reconnaitre-les-microcars-comme-des-voitures-particulieres-sur-le-plan-fiscal\\\/\"},\"author\":{\"name\":\"Damien Malvetti\",\"@id\":\"https:\\\/\\\/www.link2fleet.com\\\/fr\\\/#\\\/schema\\\/person\\\/027cd46113c78036b3809c9a054049da\"},\"headline\":\"Faire reconna\u00eetre les microcars comme des voitures particuli\u00e8res sur le plan fiscal\",\"datePublished\":\"2024-02-02T14:35:27+00:00\",\"mainEntityOfPage\":{\"@id\":\"https:\\\/\\\/www.link2fleet.com\\\/fr\\\/faire-reconnaitre-les-microcars-comme-des-voitures-particulieres-sur-le-plan-fiscal\\\/\"},\"wordCount\":584,\"publisher\":{\"@id\":\"https:\\\/\\\/www.link2fleet.com\\\/fr\\\/#organization\"},\"image\":{\"@id\":\"https:\\\/\\\/www.link2fleet.com\\\/fr\\\/faire-reconnaitre-les-microcars-comme-des-voitures-particulieres-sur-le-plan-fiscal\\\/#primaryimage\"},\"thumbnailUrl\":\"https:\\\/\\\/static.link2fleet.com\\\/wp-content\\\/uploads\\\/2024\\\/03\\\/microcars.png\",\"articleSection\":[\"Gestion de flotte\",\"Tax &amp; legal\"],\"inLanguage\":\"fr-FR\"},{\"@type\":\"WebPage\",\"@id\":\"https:\\\/\\\/www.link2fleet.com\\\/fr\\\/faire-reconnaitre-les-microcars-comme-des-voitures-particulieres-sur-le-plan-fiscal\\\/\",\"url\":\"https:\\\/\\\/www.link2fleet.com\\\/fr\\\/faire-reconnaitre-les-microcars-comme-des-voitures-particulieres-sur-le-plan-fiscal\\\/\",\"name\":\"Faire reconna\u00eetre les microcars comme des voitures particuli\u00e8res sur le plan fiscal - link2fleet\",\"isPartOf\":{\"@id\":\"https:\\\/\\\/www.link2fleet.com\\\/fr\\\/#website\"},\"primaryImageOfPage\":{\"@id\":\"https:\\\/\\\/www.link2fleet.com\\\/fr\\\/faire-reconnaitre-les-microcars-comme-des-voitures-particulieres-sur-le-plan-fiscal\\\/#primaryimage\"},\"image\":{\"@id\":\"https:\\\/\\\/www.link2fleet.com\\\/fr\\\/faire-reconnaitre-les-microcars-comme-des-voitures-particulieres-sur-le-plan-fiscal\\\/#primaryimage\"},\"thumbnailUrl\":\"https:\\\/\\\/static.link2fleet.com\\\/wp-content\\\/uploads\\\/2024\\\/03\\\/microcars.png\",\"datePublished\":\"2024-02-02T14:35:27+00:00\",\"breadcrumb\":{\"@id\":\"https:\\\/\\\/www.link2fleet.com\\\/fr\\\/faire-reconnaitre-les-microcars-comme-des-voitures-particulieres-sur-le-plan-fiscal\\\/#breadcrumb\"},\"inLanguage\":\"fr-FR\",\"potentialAction\":[{\"@type\":\"ReadAction\",\"target\":[\"https:\\\/\\\/www.link2fleet.com\\\/fr\\\/faire-reconnaitre-les-microcars-comme-des-voitures-particulieres-sur-le-plan-fiscal\\\/\"]}]},{\"@type\":\"ImageObject\",\"inLanguage\":\"fr-FR\",\"@id\":\"https:\\\/\\\/www.link2fleet.com\\\/fr\\\/faire-reconnaitre-les-microcars-comme-des-voitures-particulieres-sur-le-plan-fiscal\\\/#primaryimage\",\"url\":\"https:\\\/\\\/static.link2fleet.com\\\/wp-content\\\/uploads\\\/2024\\\/03\\\/microcars.png\",\"contentUrl\":\"https:\\\/\\\/static.link2fleet.com\\\/wp-content\\\/uploads\\\/2024\\\/03\\\/microcars.png\",\"width\":1280,\"height\":720},{\"@type\":\"BreadcrumbList\",\"@id\":\"https:\\\/\\\/www.link2fleet.com\\\/fr\\\/faire-reconnaitre-les-microcars-comme-des-voitures-particulieres-sur-le-plan-fiscal\\\/#breadcrumb\",\"itemListElement\":[{\"@type\":\"ListItem\",\"position\":1,\"name\":\"Home\",\"item\":\"https:\\\/\\\/www.link2fleet.com\\\/fr\\\/\"},{\"@type\":\"ListItem\",\"position\":2,\"name\":\"Faire reconna\u00eetre les microcars comme des voitures particuli\u00e8res sur le plan fiscal\"}]},{\"@type\":\"WebSite\",\"@id\":\"https:\\\/\\\/www.link2fleet.com\\\/fr\\\/#website\",\"url\":\"https:\\\/\\\/www.link2fleet.com\\\/fr\\\/\",\"name\":\"Link2fleet\",\"description\":\"\",\"publisher\":{\"@id\":\"https:\\\/\\\/www.link2fleet.com\\\/fr\\\/#organization\"},\"potentialAction\":[{\"@type\":\"SearchAction\",\"target\":{\"@type\":\"EntryPoint\",\"urlTemplate\":\"https:\\\/\\\/www.link2fleet.com\\\/fr\\\/?s={search_term_string}\"},\"query-input\":{\"@type\":\"PropertyValueSpecification\",\"valueRequired\":true,\"valueName\":\"search_term_string\"}}],\"inLanguage\":\"fr-FR\"},{\"@type\":\"Organization\",\"@id\":\"https:\\\/\\\/www.link2fleet.com\\\/fr\\\/#organization\",\"name\":\"Link2fleet\",\"url\":\"https:\\\/\\\/www.link2fleet.com\\\/fr\\\/\",\"logo\":{\"@type\":\"ImageObject\",\"inLanguage\":\"fr-FR\",\"@id\":\"https:\\\/\\\/www.link2fleet.com\\\/fr\\\/#\\\/schema\\\/logo\\\/image\\\/\",\"url\":\"https:\\\/\\\/static.link2fleet.com\\\/wp-content\\\/uploads\\\/2024\\\/03\\\/share-image.jpg\",\"contentUrl\":\"https:\\\/\\\/static.link2fleet.com\\\/wp-content\\\/uploads\\\/2024\\\/03\\\/share-image.jpg\",\"width\":1200,\"height\":630,\"caption\":\"Link2fleet\"},\"image\":{\"@id\":\"https:\\\/\\\/www.link2fleet.com\\\/fr\\\/#\\\/schema\\\/logo\\\/image\\\/\"},\"sameAs\":[\"https:\\\/\\\/www.linkedin.com\\\/company\\\/link2fleet-belgium\",\"https:\\\/\\\/www.youtube.com\\\/user\\\/MMMBMBE\"]},{\"@type\":\"Person\",\"@id\":\"https:\\\/\\\/www.link2fleet.com\\\/fr\\\/#\\\/schema\\\/person\\\/027cd46113c78036b3809c9a054049da\",\"name\":\"Damien Malvetti\",\"image\":{\"@type\":\"ImageObject\",\"inLanguage\":\"fr-FR\",\"@id\":\"https:\\\/\\\/secure.gravatar.com\\\/avatar\\\/dd8cc03b49466c735f753ac37f8caa371af16dfed347456ed61f02883255eebb?s=96&d=mm&r=g\",\"url\":\"https:\\\/\\\/secure.gravatar.com\\\/avatar\\\/dd8cc03b49466c735f753ac37f8caa371af16dfed347456ed61f02883255eebb?s=96&d=mm&r=g\",\"contentUrl\":\"https:\\\/\\\/secure.gravatar.com\\\/avatar\\\/dd8cc03b49466c735f753ac37f8caa371af16dfed347456ed61f02883255eebb?s=96&d=mm&r=g\",\"caption\":\"Damien Malvetti\"},\"description\":\"Damien Malvetti is opgeleid als journalist en gepassioneerd door wagens, technologie en mobiliteit. Hij is verantwoordelijk voor de redactionele inhoud van link2fleet en beschikt over een uitgebreide kennis van de fleet-sector en elektrische mobiliteit.\",\"sameAs\":[\"https:\\\/\\\/www.linkedin.com\\\/in\\\/damien-malvetti-56601142\\\/\"]}]}<\/script>\n<!-- \/ Yoast SEO plugin. -->","yoast_head_json":{"title":"Faire reconna\u00eetre les microcars comme des voitures particuli\u00e8res sur le plan fiscal - link2fleet","description":"C\u2019est ind\u00e9niable\u00a0: les quadricycles \u00e9lectriques, telles que la Microlino ou encore la Silence S04, sont une alternative de mobilit\u00e9 id\u00e9ale aux voitures particuli\u00e8res pour les\u2026","robots":{"index":"index","follow":"follow","max-snippet":"max-snippet:-1","max-image-preview":"max-image-preview:large","max-video-preview":"max-video-preview:-1"},"og_locale":"fr_FR","og_type":"article","og_title":"Faire reconna\u00eetre les microcars comme des voitures particuli\u00e8res sur le plan fiscal - link2fleet","og_description":"C\u2019est ind\u00e9niable\u00a0: les quadricycles \u00e9lectriques, telles que la Microlino ou encore la Silence S04, sont une alternative de mobilit\u00e9 id\u00e9ale aux voitures particuli\u00e8res pour les\u2026","og_url":"https:\/\/www.link2fleet.com\/fr\/faire-reconnaitre-les-microcars-comme-des-voitures-particulieres-sur-le-plan-fiscal\/","og_site_name":"link2fleet","article_published_time":"2024-02-02T14:35:27+00:00","og_image":[{"width":1280,"height":720,"url":"https:\/\/static.link2fleet.com\/wp-content\/uploads\/2024\/03\/microcars.png","type":"image\/png"}],"author":"Damien Malvetti","twitter_card":"summary_large_image","twitter_description":"C\u2019est ind\u00e9niable\u00a0: les quadricycles \u00e9lectriques, telles que la Microlino ou encore la Silence S04, sont une alternative de mobilit\u00e9 id\u00e9ale aux voitures particuli\u00e8res pour les\u2026","twitter_misc":{"\u00c9crit par":"Damien Malvetti","Dur\u00e9e de lecture estim\u00e9e":"3 minutes"},"schema":{"@context":"https:\/\/schema.org","@graph":[{"@type":"Article","@id":"https:\/\/www.link2fleet.com\/fr\/faire-reconnaitre-les-microcars-comme-des-voitures-particulieres-sur-le-plan-fiscal\/#article","isPartOf":{"@id":"https:\/\/www.link2fleet.com\/fr\/faire-reconnaitre-les-microcars-comme-des-voitures-particulieres-sur-le-plan-fiscal\/"},"author":{"name":"Damien Malvetti","@id":"https:\/\/www.link2fleet.com\/fr\/#\/schema\/person\/027cd46113c78036b3809c9a054049da"},"headline":"Faire reconna\u00eetre les microcars comme des voitures particuli\u00e8res sur le plan fiscal","datePublished":"2024-02-02T14:35:27+00:00","mainEntityOfPage":{"@id":"https:\/\/www.link2fleet.com\/fr\/faire-reconnaitre-les-microcars-comme-des-voitures-particulieres-sur-le-plan-fiscal\/"},"wordCount":584,"publisher":{"@id":"https:\/\/www.link2fleet.com\/fr\/#organization"},"image":{"@id":"https:\/\/www.link2fleet.com\/fr\/faire-reconnaitre-les-microcars-comme-des-voitures-particulieres-sur-le-plan-fiscal\/#primaryimage"},"thumbnailUrl":"https:\/\/static.link2fleet.com\/wp-content\/uploads\/2024\/03\/microcars.png","articleSection":["Gestion de flotte","Tax &amp; legal"],"inLanguage":"fr-FR"},{"@type":"WebPage","@id":"https:\/\/www.link2fleet.com\/fr\/faire-reconnaitre-les-microcars-comme-des-voitures-particulieres-sur-le-plan-fiscal\/","url":"https:\/\/www.link2fleet.com\/fr\/faire-reconnaitre-les-microcars-comme-des-voitures-particulieres-sur-le-plan-fiscal\/","name":"Faire reconna\u00eetre les microcars comme des voitures particuli\u00e8res sur le plan fiscal - link2fleet","isPartOf":{"@id":"https:\/\/www.link2fleet.com\/fr\/#website"},"primaryImageOfPage":{"@id":"https:\/\/www.link2fleet.com\/fr\/faire-reconnaitre-les-microcars-comme-des-voitures-particulieres-sur-le-plan-fiscal\/#primaryimage"},"image":{"@id":"https:\/\/www.link2fleet.com\/fr\/faire-reconnaitre-les-microcars-comme-des-voitures-particulieres-sur-le-plan-fiscal\/#primaryimage"},"thumbnailUrl":"https:\/\/static.link2fleet.com\/wp-content\/uploads\/2024\/03\/microcars.png","datePublished":"2024-02-02T14:35:27+00:00","breadcrumb":{"@id":"https:\/\/www.link2fleet.com\/fr\/faire-reconnaitre-les-microcars-comme-des-voitures-particulieres-sur-le-plan-fiscal\/#breadcrumb"},"inLanguage":"fr-FR","potentialAction":[{"@type":"ReadAction","target":["https:\/\/www.link2fleet.com\/fr\/faire-reconnaitre-les-microcars-comme-des-voitures-particulieres-sur-le-plan-fiscal\/"]}]},{"@type":"ImageObject","inLanguage":"fr-FR","@id":"https:\/\/www.link2fleet.com\/fr\/faire-reconnaitre-les-microcars-comme-des-voitures-particulieres-sur-le-plan-fiscal\/#primaryimage","url":"https:\/\/static.link2fleet.com\/wp-content\/uploads\/2024\/03\/microcars.png","contentUrl":"https:\/\/static.link2fleet.com\/wp-content\/uploads\/2024\/03\/microcars.png","width":1280,"height":720},{"@type":"BreadcrumbList","@id":"https:\/\/www.link2fleet.com\/fr\/faire-reconnaitre-les-microcars-comme-des-voitures-particulieres-sur-le-plan-fiscal\/#breadcrumb","itemListElement":[{"@type":"ListItem","position":1,"name":"Home","item":"https:\/\/www.link2fleet.com\/fr\/"},{"@type":"ListItem","position":2,"name":"Faire reconna\u00eetre les microcars comme des voitures particuli\u00e8res sur le plan fiscal"}]},{"@type":"WebSite","@id":"https:\/\/www.link2fleet.com\/fr\/#website","url":"https:\/\/www.link2fleet.com\/fr\/","name":"Link2fleet","description":"","publisher":{"@id":"https:\/\/www.link2fleet.com\/fr\/#organization"},"potentialAction":[{"@type":"SearchAction","target":{"@type":"EntryPoint","urlTemplate":"https:\/\/www.link2fleet.com\/fr\/?s={search_term_string}"},"query-input":{"@type":"PropertyValueSpecification","valueRequired":true,"valueName":"search_term_string"}}],"inLanguage":"fr-FR"},{"@type":"Organization","@id":"https:\/\/www.link2fleet.com\/fr\/#organization","name":"Link2fleet","url":"https:\/\/www.link2fleet.com\/fr\/","logo":{"@type":"ImageObject","inLanguage":"fr-FR","@id":"https:\/\/www.link2fleet.com\/fr\/#\/schema\/logo\/image\/","url":"https:\/\/static.link2fleet.com\/wp-content\/uploads\/2024\/03\/share-image.jpg","contentUrl":"https:\/\/static.link2fleet.com\/wp-content\/uploads\/2024\/03\/share-image.jpg","width":1200,"height":630,"caption":"Link2fleet"},"image":{"@id":"https:\/\/www.link2fleet.com\/fr\/#\/schema\/logo\/image\/"},"sameAs":["https:\/\/www.linkedin.com\/company\/link2fleet-belgium","https:\/\/www.youtube.com\/user\/MMMBMBE"]},{"@type":"Person","@id":"https:\/\/www.link2fleet.com\/fr\/#\/schema\/person\/027cd46113c78036b3809c9a054049da","name":"Damien Malvetti","image":{"@type":"ImageObject","inLanguage":"fr-FR","@id":"https:\/\/secure.gravatar.com\/avatar\/dd8cc03b49466c735f753ac37f8caa371af16dfed347456ed61f02883255eebb?s=96&d=mm&r=g","url":"https:\/\/secure.gravatar.com\/avatar\/dd8cc03b49466c735f753ac37f8caa371af16dfed347456ed61f02883255eebb?s=96&d=mm&r=g","contentUrl":"https:\/\/secure.gravatar.com\/avatar\/dd8cc03b49466c735f753ac37f8caa371af16dfed347456ed61f02883255eebb?s=96&d=mm&r=g","caption":"Damien Malvetti"},"description":"Damien Malvetti is opgeleid als journalist en gepassioneerd door wagens, technologie en mobiliteit. Hij is verantwoordelijk voor de redactionele inhoud van link2fleet en beschikt over een uitgebreide kennis van de fleet-sector en elektrische mobiliteit.","sameAs":["https:\/\/www.linkedin.com\/in\/damien-malvetti-56601142\/"]}]}},"_links":{"self":[{"href":"https:\/\/www.link2fleet.com\/fr\/wp-json\/wp\/v2\/posts\/11506","targetHints":{"allow":["GET"]}}],"collection":[{"href":"https:\/\/www.link2fleet.com\/fr\/wp-json\/wp\/v2\/posts"}],"about":[{"href":"https:\/\/www.link2fleet.com\/fr\/wp-json\/wp\/v2\/types\/post"}],"author":[{"embeddable":true,"href":"https:\/\/www.link2fleet.com\/fr\/wp-json\/wp\/v2\/users\/4"}],"replies":[{"embeddable":true,"href":"https:\/\/www.link2fleet.com\/fr\/wp-json\/wp\/v2\/comments?post=11506"}],"version-history":[{"count":0,"href":"https:\/\/www.link2fleet.com\/fr\/wp-json\/wp\/v2\/posts\/11506\/revisions"}],"wp:featuredmedia":[{"embeddable":true,"href":"https:\/\/www.link2fleet.com\/fr\/wp-json\/wp\/v2\/media\/11507"}],"wp:attachment":[{"href":"https:\/\/www.link2fleet.com\/fr\/wp-json\/wp\/v2\/media?parent=11506"}],"wp:term":[{"taxonomy":"category","embeddable":true,"href":"https:\/\/www.link2fleet.com\/fr\/wp-json\/wp\/v2\/categories?post=11506"},{"taxonomy":"post_tag","embeddable":true,"href":"https:\/\/www.link2fleet.com\/fr\/wp-json\/wp\/v2\/tags?post=11506"}],"curies":[{"name":"wp","href":"https:\/\/api.w.org\/{rel}","templated":true}]}}