{"id":11509,"date":"2024-02-06T10:30:56","date_gmt":"2024-02-06T09:30:56","guid":{"rendered":"https:\/\/www.link2fleet.com\/nouveau-ford-transit-connect-aussi-en-phev\/"},"modified":"2024-04-17T16:43:19","modified_gmt":"2024-04-17T14:43:19","slug":"nouveau-ford-transit-connect-aussi-en-phev","status":"publish","type":"post","link":"https:\/\/www.link2fleet.com\/fr\/nouveau-ford-transit-connect-aussi-en-phev\/","title":{"rendered":"Nouveau Ford Transit Connect: aussi en PHEV"},"content":{"rendered":"<div>\n<div>\n<p>Le Transit Connect en est \u00e0 sa troisi\u00e8me g\u00e9n\u00e9ration. Si \u00e0 l\u2019ext\u00e9rieur, il parait peut-\u00eatre un rien plus classique que son petit fr\u00e8re, le <a href=\"https:\/\/www.link2fleet.com\/fr\/ford-transit-courier-une-camionnette-peut-aussi-allier-lutile-a-lagreable\/\">Transit Courier<\/a>, la diff\u00e9rence avec son pr\u00e9d\u00e9cesseur est bien marqu\u00e9e.<\/p>\n<p>La plus importante est certainement le volume de chargement agrandi de cette camionnette compacte. Il s\u2019\u00e9l\u00e8ve \u00e0 3,1 m3 sur la version ch\u00e2ssis court et 3,7 m3 pour la variante L2 qui peut ainsi embarquer 2 europalettes \u2013 pour la finition Kombi avec 5 places assises, on est respectivement \u00e0 2,5 et 3,1 m3 avec la banquette arri\u00e8re rabattue.<\/p>\n<\/div>\n<\/div>\n<p><img loading=\"lazy\" decoding=\"async\" class=\"aligncenter size-large wp-image-1303800\" src=\"https:\/\/www.link2fleet.com\/wp-content\/uploads\/2024\/02\/transit_connect_phev_swb_exterior_02_8454-1024x559.jpeg\" alt=\"Ford Transit Connect\" width=\"640\" height=\"349\" \/><\/p>\n<p>&nbsp;<\/p>\n<div>\n<div>\n<p><strong>Un PHEV avec une autonomie \u00e9lectrique jusqu\u2019\u00e0 110 km<\/strong><\/p>\n<p>Le Ford Transit Connect peut pour la premi\u00e8re fois \u00eatre command\u00e9 en variante plug-in hybride. C\u2019est ici le moteur maison 1,5 litre EcoBosst \u00e9quip\u00e9 d\u2019une bo\u00eete de vitesse robotis\u00e9e avec double embrayage qui est coupl\u00e9 \u00e0 un moteur \u00e9lectrique. Une combinaison qui offre une puissance cumul\u00e9e de 150 ch et un couple de 350 Nm.<\/p>\n<p>Selon Ford, lorsque le Transit Connect PHEV est enti\u00e8rement recharg\u00e9, il peut proposer une autonomie full \u00e9lectrique jusqu\u2019\u00e0 110 km. En mode \u00e9lectrique, vous disposez en plus d\u2019un puissant couple de 330 Nm. La batterie peut \u00eatre recharg\u00e9e gr\u00e2ce \u00e0 un chargeur int\u00e9gr\u00e9 en courant alternatif \u00e0 11 kW et, en cas de besoin, sur un chargeur rapide jusqu\u2019\u00e0 50 kW. Pour garder la consommation sous contr\u00f4le, trois modes de conduite sont disponibles\u00a0: EV Now (full \u00e9lectrique), EV Auto (le syst\u00e8me choisit lui-m\u00eame, en fonction des circonstances) et EV Later (\u00e0 utiliser par exemple sur l\u2019autoroute afin de conserver l\u2019autonomie \u00e9lectrique pour plus tard, en conduite urbaine).<\/p>\n<\/div>\n<\/div>\n<p><img loading=\"lazy\" decoding=\"async\" class=\"aligncenter size-full wp-image-1303792\" src=\"https:\/\/www.link2fleet.com\/wp-content\/uploads\/2024\/02\/transit_connect_phev_swb_exterior_01_8453.ac400597.jpg\" alt=\"Ford Transit Connect\" width=\"1024\" height=\"628\" \/><\/p>\n<div>\n<div>\n<p>&nbsp;<\/p>\n<p><strong><span lang=\"NL-BE\">Deux versions diesel<\/span><\/strong><\/p>\n<p>Vous pr\u00e9f\u00e9rez un \u2018bon vieux\u2019 diesel\u00a0? C\u2019est tout \u00e0 fait possible, puisque le nouveau Transit Connect peut aussi \u00eatre command\u00e9 avec un 2 litres EcoBlue turbo diesel sous le capot. Celui-ci est disponible en deux niveaux de puissance\u00a0: 102 ch avec une bo\u00eete manuelle \u00e0 6 rapports ou 122 ch. La version la plus puissante est livr\u00e9e de s\u00e9rie avec la m\u00eame bo\u00eete manuelle. En option, il est possible d\u2019opter pour une bo\u00eete robotis\u00e9e \u00e0 7 rapports avec double embrayage et m\u00eame 4 roues motrices selon les possibilit\u00e9s. En mati\u00e8re de volume de chargement et de charge utile, cette version est un cran au-dessus de la version PHEV\u00a0: respectivement jusqu\u2019\u00e0 820 et 1.500 kg contre 770 et 1.400 kg.<\/p>\n<p><strong>Equipement \u00e0 la page<\/strong><\/p>\n<p>Evidemment, cette troisi\u00e8me g\u00e9n\u00e9ration du Transit Connect peut compter sur des \u00e9quipements modernes cens\u00e9s faciliter la vie du conducteur. Peu importe la version, le tableau de bord propose 2 \u00e9crans digitaux, qui affichent chacun un taille de 10 pouces. Le premier sert de panel d\u2019instrumentation, le second est un \u00e9cran central disponible avec un syst\u00e8me de navigation connect\u00e9.<\/p>\n<p>Tant Android Auto qu\u2019Apple CarPlay sont de la partie, tous les deux sans fil. Et \u00e0 propos de sans fil, la finition la plus ch\u00e8re dispose d\u2019un chargeur \u00e0 induction compatibles pour tous types de smartphones. D\u2019autres appareils, comme des laptops, peuvent \u00eatre recharg\u00e9s via un port USB-C, \u00e0 une puissance allant jusqu\u2019\u00e0 45 watt.<\/p>\n<\/div>\n<\/div>\n<p><img loading=\"lazy\" decoding=\"async\" class=\"alignright size-medium wp-image-1303798\" src=\"https:\/\/www.link2fleet.com\/wp-content\/uploads\/2024\/02\/transit_connect_cockpit_01_8451-300x200.jpeg\" alt=\"Ford Transit Connect\" width=\"300\" height=\"200\" \/><\/p>\n<div>\n<div>\n<p>En ce qui concerne les syst\u00e8mes d\u2019aide \u00e0 la conduite, le nouveau Transit Connect est plut\u00f4t bien \u00e9quip\u00e9, avec les derniers syst\u00e8mes de s\u00e9curit\u00e9 \u00e0 la mode et, sur les versions les plus ch\u00e8res, la cam\u00e9ra de recul et l\u2019avertisseur d\u2019angle mort, ainsi qu\u2019un avertisseur de sortie du v\u00e9hicule, qui permet de pr\u00e9venir les accidents lors de l\u2019ouverture des portes. En option, on peut opter pour le Pro Trailer Backup Assist, qui facilite les man\u0153uvres en marche arri\u00e8re avec une remorque. Le Transit Connect est disponible en trois niveaux de finitions: Trend, Limited et Active.<\/p>\n<p><b>La nouvelle et troisi\u00e8me g\u00e9n\u00e9ration du Transit Connect sera d\u2019abord commandable avec le moteur diesel. La production d\u00e9butera au printemps, tandis que les premi\u00e8res livraisons sont pr\u00e9vues \u00e0 la fin de l\u2019ann\u00e9e 2024. Le plug-in hybride viendra \u00e9largir la gamme d\u2019ici la fin de cette ann\u00e9e. Pour les versions \u00e0 4 roues motrices et la finition Kombi, il faudra attendre d\u00e9but 2025.<\/b><\/p>\n<\/div>\n<\/div>\n","protected":false},"excerpt":{"rendered":"<p>Le Transit Connect en est \u00e0 sa troisi\u00e8me g\u00e9n\u00e9ration. Si \u00e0 l\u2019ext\u00e9rieur, il parait peut-\u00eatre un rien plus classique que son petit fr\u00e8re, le Transit Courier, la diff\u00e9rence avec son pr\u00e9d\u00e9cesseur est bien marqu\u00e9e. La plus importante est certainement le volume de chargement agrandi de cette camionnette compacte. Il s\u2019\u00e9l\u00e8ve \u00e0 3,1 m3 sur la [&hellip;]<\/p>\n","protected":false},"author":49,"featured_media":11510,"comment_status":"closed","ping_status":"closed","sticky":false,"template":"","format":"standard","meta":{"_acf_changed":false,"footnotes":""},"categories":[77,76],"tags":[],"class_list":["post-11509","post","type-post","status-publish","format-standard","has-post-thumbnail","hentry","category-importateurs-et-constructeurs-automobiles-vp","category-car"],"acf":[],"yoast_head":"<!-- This site is optimized with the Yoast SEO plugin v27.3 - https:\/\/yoast.com\/product\/yoast-seo-wordpress\/ -->\n<title>Nouveau Ford Transit Connect: aussi en PHEV - link2fleet<\/title>\n<meta name=\"description\" content=\"Apr\u00e8s le Transit Courier, Ford vient aussi de pr\u00e9senter le tout nouveau Transit Connect. Il dispose d\u2019un plus grand volume de chargement que son pr\u00e9d\u00e9cesseur,\u2026\" \/>\n<meta name=\"robots\" content=\"index, follow, max-snippet:-1, max-image-preview:large, max-video-preview:-1\" \/>\n<meta property=\"og:locale\" content=\"fr_FR\" \/>\n<meta property=\"og:type\" content=\"article\" \/>\n<meta property=\"og:title\" content=\"Nouveau Ford Transit Connect: aussi en PHEV - link2fleet\" \/>\n<meta property=\"og:description\" content=\"Apr\u00e8s le Transit Courier, Ford vient aussi de pr\u00e9senter le tout nouveau Transit Connect. Il dispose d\u2019un plus grand volume de chargement que son pr\u00e9d\u00e9cesseur,\u2026\" \/>\n<meta property=\"og:url\" content=\"https:\/\/www.link2fleet.com\/fr\/nouveau-ford-transit-connect-aussi-en-phev\/\" \/>\n<meta property=\"og:site_name\" content=\"link2fleet\" \/>\n<meta property=\"article:published_time\" content=\"2024-02-06T09:30:56+00:00\" \/>\n<meta property=\"article:modified_time\" content=\"2024-04-17T14:43:19+00:00\" \/>\n<meta property=\"og:image\" content=\"https:\/\/static.link2fleet.com\/wp-content\/uploads\/2024\/03\/2024-01-30-transit-connect-phev-8449-scaled-1.jpeg\" \/>\n\t<meta property=\"og:image:width\" content=\"2560\" \/>\n\t<meta property=\"og:image:height\" content=\"1754\" \/>\n\t<meta property=\"og:image:type\" content=\"image\/jpeg\" \/>\n<meta name=\"author\" content=\"Kevin Kersemans\" \/>\n<meta name=\"twitter:card\" content=\"summary_large_image\" \/>\n<meta name=\"twitter:description\" content=\"Apr\u00e8s le Transit Courier, Ford vient aussi de pr\u00e9senter le tout nouveau Transit Connect. Il dispose d\u2019un plus grand volume de chargement que son pr\u00e9d\u00e9cesseur,\u2026\" \/>\n<meta name=\"twitter:label1\" content=\"\u00c9crit par\" \/>\n\t<meta name=\"twitter:data1\" content=\"Kevin Kersemans\" \/>\n\t<meta name=\"twitter:label2\" content=\"Dur\u00e9e de lecture estim\u00e9e\" \/>\n\t<meta name=\"twitter:data2\" content=\"3 minutes\" \/>\n<script type=\"application\/ld+json\" class=\"yoast-schema-graph\">{\"@context\":\"https:\\\/\\\/schema.org\",\"@graph\":[{\"@type\":\"Article\",\"@id\":\"https:\\\/\\\/www.link2fleet.com\\\/fr\\\/nouveau-ford-transit-connect-aussi-en-phev\\\/#article\",\"isPartOf\":{\"@id\":\"https:\\\/\\\/www.link2fleet.com\\\/fr\\\/nouveau-ford-transit-connect-aussi-en-phev\\\/\"},\"author\":{\"name\":\"Kevin Kersemans\",\"@id\":\"https:\\\/\\\/www.link2fleet.com\\\/fr\\\/#\\\/schema\\\/person\\\/877bc89c32c65772066cb11fe1e67bbf\"},\"headline\":\"Nouveau Ford Transit Connect: aussi en PHEV\",\"datePublished\":\"2024-02-06T09:30:56+00:00\",\"dateModified\":\"2024-04-17T14:43:19+00:00\",\"mainEntityOfPage\":{\"@id\":\"https:\\\/\\\/www.link2fleet.com\\\/fr\\\/nouveau-ford-transit-connect-aussi-en-phev\\\/\"},\"wordCount\":702,\"publisher\":{\"@id\":\"https:\\\/\\\/www.link2fleet.com\\\/fr\\\/#organization\"},\"image\":{\"@id\":\"https:\\\/\\\/www.link2fleet.com\\\/fr\\\/nouveau-ford-transit-connect-aussi-en-phev\\\/#primaryimage\"},\"thumbnailUrl\":\"https:\\\/\\\/static.link2fleet.com\\\/wp-content\\\/uploads\\\/2024\\\/03\\\/2024-01-30-transit-connect-phev-8449-scaled-1.jpeg\",\"articleSection\":[\"Importateurs et constructeurs\",\"V\u00e9hicules\"],\"inLanguage\":\"fr-FR\"},{\"@type\":\"WebPage\",\"@id\":\"https:\\\/\\\/www.link2fleet.com\\\/fr\\\/nouveau-ford-transit-connect-aussi-en-phev\\\/\",\"url\":\"https:\\\/\\\/www.link2fleet.com\\\/fr\\\/nouveau-ford-transit-connect-aussi-en-phev\\\/\",\"name\":\"Nouveau Ford Transit Connect: aussi en PHEV - link2fleet\",\"isPartOf\":{\"@id\":\"https:\\\/\\\/www.link2fleet.com\\\/fr\\\/#website\"},\"primaryImageOfPage\":{\"@id\":\"https:\\\/\\\/www.link2fleet.com\\\/fr\\\/nouveau-ford-transit-connect-aussi-en-phev\\\/#primaryimage\"},\"image\":{\"@id\":\"https:\\\/\\\/www.link2fleet.com\\\/fr\\\/nouveau-ford-transit-connect-aussi-en-phev\\\/#primaryimage\"},\"thumbnailUrl\":\"https:\\\/\\\/static.link2fleet.com\\\/wp-content\\\/uploads\\\/2024\\\/03\\\/2024-01-30-transit-connect-phev-8449-scaled-1.jpeg\",\"datePublished\":\"2024-02-06T09:30:56+00:00\",\"dateModified\":\"2024-04-17T14:43:19+00:00\",\"breadcrumb\":{\"@id\":\"https:\\\/\\\/www.link2fleet.com\\\/fr\\\/nouveau-ford-transit-connect-aussi-en-phev\\\/#breadcrumb\"},\"inLanguage\":\"fr-FR\",\"potentialAction\":[{\"@type\":\"ReadAction\",\"target\":[\"https:\\\/\\\/www.link2fleet.com\\\/fr\\\/nouveau-ford-transit-connect-aussi-en-phev\\\/\"]}]},{\"@type\":\"ImageObject\",\"inLanguage\":\"fr-FR\",\"@id\":\"https:\\\/\\\/www.link2fleet.com\\\/fr\\\/nouveau-ford-transit-connect-aussi-en-phev\\\/#primaryimage\",\"url\":\"https:\\\/\\\/static.link2fleet.com\\\/wp-content\\\/uploads\\\/2024\\\/03\\\/2024-01-30-transit-connect-phev-8449-scaled-1.jpeg\",\"contentUrl\":\"https:\\\/\\\/static.link2fleet.com\\\/wp-content\\\/uploads\\\/2024\\\/03\\\/2024-01-30-transit-connect-phev-8449-scaled-1.jpeg\",\"width\":2560,\"height\":1754,\"caption\":\"|||||\"},{\"@type\":\"BreadcrumbList\",\"@id\":\"https:\\\/\\\/www.link2fleet.com\\\/fr\\\/nouveau-ford-transit-connect-aussi-en-phev\\\/#breadcrumb\",\"itemListElement\":[{\"@type\":\"ListItem\",\"position\":1,\"name\":\"Home\",\"item\":\"https:\\\/\\\/www.link2fleet.com\\\/fr\\\/\"},{\"@type\":\"ListItem\",\"position\":2,\"name\":\"Nouveau Ford Transit Connect: aussi en PHEV\"}]},{\"@type\":\"WebSite\",\"@id\":\"https:\\\/\\\/www.link2fleet.com\\\/fr\\\/#website\",\"url\":\"https:\\\/\\\/www.link2fleet.com\\\/fr\\\/\",\"name\":\"Link2fleet\",\"description\":\"\",\"publisher\":{\"@id\":\"https:\\\/\\\/www.link2fleet.com\\\/fr\\\/#organization\"},\"potentialAction\":[{\"@type\":\"SearchAction\",\"target\":{\"@type\":\"EntryPoint\",\"urlTemplate\":\"https:\\\/\\\/www.link2fleet.com\\\/fr\\\/?s={search_term_string}\"},\"query-input\":{\"@type\":\"PropertyValueSpecification\",\"valueRequired\":true,\"valueName\":\"search_term_string\"}}],\"inLanguage\":\"fr-FR\"},{\"@type\":\"Organization\",\"@id\":\"https:\\\/\\\/www.link2fleet.com\\\/fr\\\/#organization\",\"name\":\"Link2fleet\",\"url\":\"https:\\\/\\\/www.link2fleet.com\\\/fr\\\/\",\"logo\":{\"@type\":\"ImageObject\",\"inLanguage\":\"fr-FR\",\"@id\":\"https:\\\/\\\/www.link2fleet.com\\\/fr\\\/#\\\/schema\\\/logo\\\/image\\\/\",\"url\":\"https:\\\/\\\/static.link2fleet.com\\\/wp-content\\\/uploads\\\/2024\\\/03\\\/share-image.jpg\",\"contentUrl\":\"https:\\\/\\\/static.link2fleet.com\\\/wp-content\\\/uploads\\\/2024\\\/03\\\/share-image.jpg\",\"width\":1200,\"height\":630,\"caption\":\"Link2fleet\"},\"image\":{\"@id\":\"https:\\\/\\\/www.link2fleet.com\\\/fr\\\/#\\\/schema\\\/logo\\\/image\\\/\"},\"sameAs\":[\"https:\\\/\\\/www.linkedin.com\\\/company\\\/link2fleet-belgium\",\"https:\\\/\\\/www.youtube.com\\\/user\\\/MMMBMBE\"]},{\"@type\":\"Person\",\"@id\":\"https:\\\/\\\/www.link2fleet.com\\\/fr\\\/#\\\/schema\\\/person\\\/877bc89c32c65772066cb11fe1e67bbf\",\"name\":\"Kevin Kersemans\",\"image\":{\"@type\":\"ImageObject\",\"inLanguage\":\"fr-FR\",\"@id\":\"https:\\\/\\\/secure.gravatar.com\\\/avatar\\\/b12f7d0f252688f677f4c181b6df65bf86880634bfcef3be42c82efcdb33d654?s=96&d=mm&r=g\",\"url\":\"https:\\\/\\\/secure.gravatar.com\\\/avatar\\\/b12f7d0f252688f677f4c181b6df65bf86880634bfcef3be42c82efcdb33d654?s=96&d=mm&r=g\",\"contentUrl\":\"https:\\\/\\\/secure.gravatar.com\\\/avatar\\\/b12f7d0f252688f677f4c181b6df65bf86880634bfcef3be42c82efcdb33d654?s=96&d=mm&r=g\",\"caption\":\"Kevin Kersemans\"},\"description\":\"Kevin Kersemans is autojournalist met al enkele decennia ervaring op de teller. Zijn passie voor auto's en alles op wielen heeft hij al van kindsbeen af. Voor link2fleet volgt hij vooral de auto-actualiteit en test hij nieuwe modellen.\"}]}<\/script>\n<!-- \/ Yoast SEO plugin. -->","yoast_head_json":{"title":"Nouveau Ford Transit Connect: aussi en PHEV - link2fleet","description":"Apr\u00e8s le Transit Courier, Ford vient aussi de pr\u00e9senter le tout nouveau Transit Connect. Il dispose d\u2019un plus grand volume de chargement que son pr\u00e9d\u00e9cesseur,\u2026","robots":{"index":"index","follow":"follow","max-snippet":"max-snippet:-1","max-image-preview":"max-image-preview:large","max-video-preview":"max-video-preview:-1"},"og_locale":"fr_FR","og_type":"article","og_title":"Nouveau Ford Transit Connect: aussi en PHEV - link2fleet","og_description":"Apr\u00e8s le Transit Courier, Ford vient aussi de pr\u00e9senter le tout nouveau Transit Connect. Il dispose d\u2019un plus grand volume de chargement que son pr\u00e9d\u00e9cesseur,\u2026","og_url":"https:\/\/www.link2fleet.com\/fr\/nouveau-ford-transit-connect-aussi-en-phev\/","og_site_name":"link2fleet","article_published_time":"2024-02-06T09:30:56+00:00","article_modified_time":"2024-04-17T14:43:19+00:00","og_image":[{"width":2560,"height":1754,"url":"https:\/\/static.link2fleet.com\/wp-content\/uploads\/2024\/03\/2024-01-30-transit-connect-phev-8449-scaled-1.jpeg","type":"image\/jpeg"}],"author":"Kevin Kersemans","twitter_card":"summary_large_image","twitter_description":"Apr\u00e8s le Transit Courier, Ford vient aussi de pr\u00e9senter le tout nouveau Transit Connect. Il dispose d\u2019un plus grand volume de chargement que son pr\u00e9d\u00e9cesseur,\u2026","twitter_misc":{"\u00c9crit par":"Kevin Kersemans","Dur\u00e9e de lecture estim\u00e9e":"3 minutes"},"schema":{"@context":"https:\/\/schema.org","@graph":[{"@type":"Article","@id":"https:\/\/www.link2fleet.com\/fr\/nouveau-ford-transit-connect-aussi-en-phev\/#article","isPartOf":{"@id":"https:\/\/www.link2fleet.com\/fr\/nouveau-ford-transit-connect-aussi-en-phev\/"},"author":{"name":"Kevin Kersemans","@id":"https:\/\/www.link2fleet.com\/fr\/#\/schema\/person\/877bc89c32c65772066cb11fe1e67bbf"},"headline":"Nouveau Ford Transit Connect: aussi en PHEV","datePublished":"2024-02-06T09:30:56+00:00","dateModified":"2024-04-17T14:43:19+00:00","mainEntityOfPage":{"@id":"https:\/\/www.link2fleet.com\/fr\/nouveau-ford-transit-connect-aussi-en-phev\/"},"wordCount":702,"publisher":{"@id":"https:\/\/www.link2fleet.com\/fr\/#organization"},"image":{"@id":"https:\/\/www.link2fleet.com\/fr\/nouveau-ford-transit-connect-aussi-en-phev\/#primaryimage"},"thumbnailUrl":"https:\/\/static.link2fleet.com\/wp-content\/uploads\/2024\/03\/2024-01-30-transit-connect-phev-8449-scaled-1.jpeg","articleSection":["Importateurs et constructeurs","V\u00e9hicules"],"inLanguage":"fr-FR"},{"@type":"WebPage","@id":"https:\/\/www.link2fleet.com\/fr\/nouveau-ford-transit-connect-aussi-en-phev\/","url":"https:\/\/www.link2fleet.com\/fr\/nouveau-ford-transit-connect-aussi-en-phev\/","name":"Nouveau Ford Transit Connect: aussi en PHEV - link2fleet","isPartOf":{"@id":"https:\/\/www.link2fleet.com\/fr\/#website"},"primaryImageOfPage":{"@id":"https:\/\/www.link2fleet.com\/fr\/nouveau-ford-transit-connect-aussi-en-phev\/#primaryimage"},"image":{"@id":"https:\/\/www.link2fleet.com\/fr\/nouveau-ford-transit-connect-aussi-en-phev\/#primaryimage"},"thumbnailUrl":"https:\/\/static.link2fleet.com\/wp-content\/uploads\/2024\/03\/2024-01-30-transit-connect-phev-8449-scaled-1.jpeg","datePublished":"2024-02-06T09:30:56+00:00","dateModified":"2024-04-17T14:43:19+00:00","breadcrumb":{"@id":"https:\/\/www.link2fleet.com\/fr\/nouveau-ford-transit-connect-aussi-en-phev\/#breadcrumb"},"inLanguage":"fr-FR","potentialAction":[{"@type":"ReadAction","target":["https:\/\/www.link2fleet.com\/fr\/nouveau-ford-transit-connect-aussi-en-phev\/"]}]},{"@type":"ImageObject","inLanguage":"fr-FR","@id":"https:\/\/www.link2fleet.com\/fr\/nouveau-ford-transit-connect-aussi-en-phev\/#primaryimage","url":"https:\/\/static.link2fleet.com\/wp-content\/uploads\/2024\/03\/2024-01-30-transit-connect-phev-8449-scaled-1.jpeg","contentUrl":"https:\/\/static.link2fleet.com\/wp-content\/uploads\/2024\/03\/2024-01-30-transit-connect-phev-8449-scaled-1.jpeg","width":2560,"height":1754,"caption":"|||||"},{"@type":"BreadcrumbList","@id":"https:\/\/www.link2fleet.com\/fr\/nouveau-ford-transit-connect-aussi-en-phev\/#breadcrumb","itemListElement":[{"@type":"ListItem","position":1,"name":"Home","item":"https:\/\/www.link2fleet.com\/fr\/"},{"@type":"ListItem","position":2,"name":"Nouveau Ford Transit Connect: aussi en PHEV"}]},{"@type":"WebSite","@id":"https:\/\/www.link2fleet.com\/fr\/#website","url":"https:\/\/www.link2fleet.com\/fr\/","name":"Link2fleet","description":"","publisher":{"@id":"https:\/\/www.link2fleet.com\/fr\/#organization"},"potentialAction":[{"@type":"SearchAction","target":{"@type":"EntryPoint","urlTemplate":"https:\/\/www.link2fleet.com\/fr\/?s={search_term_string}"},"query-input":{"@type":"PropertyValueSpecification","valueRequired":true,"valueName":"search_term_string"}}],"inLanguage":"fr-FR"},{"@type":"Organization","@id":"https:\/\/www.link2fleet.com\/fr\/#organization","name":"Link2fleet","url":"https:\/\/www.link2fleet.com\/fr\/","logo":{"@type":"ImageObject","inLanguage":"fr-FR","@id":"https:\/\/www.link2fleet.com\/fr\/#\/schema\/logo\/image\/","url":"https:\/\/static.link2fleet.com\/wp-content\/uploads\/2024\/03\/share-image.jpg","contentUrl":"https:\/\/static.link2fleet.com\/wp-content\/uploads\/2024\/03\/share-image.jpg","width":1200,"height":630,"caption":"Link2fleet"},"image":{"@id":"https:\/\/www.link2fleet.com\/fr\/#\/schema\/logo\/image\/"},"sameAs":["https:\/\/www.linkedin.com\/company\/link2fleet-belgium","https:\/\/www.youtube.com\/user\/MMMBMBE"]},{"@type":"Person","@id":"https:\/\/www.link2fleet.com\/fr\/#\/schema\/person\/877bc89c32c65772066cb11fe1e67bbf","name":"Kevin Kersemans","image":{"@type":"ImageObject","inLanguage":"fr-FR","@id":"https:\/\/secure.gravatar.com\/avatar\/b12f7d0f252688f677f4c181b6df65bf86880634bfcef3be42c82efcdb33d654?s=96&d=mm&r=g","url":"https:\/\/secure.gravatar.com\/avatar\/b12f7d0f252688f677f4c181b6df65bf86880634bfcef3be42c82efcdb33d654?s=96&d=mm&r=g","contentUrl":"https:\/\/secure.gravatar.com\/avatar\/b12f7d0f252688f677f4c181b6df65bf86880634bfcef3be42c82efcdb33d654?s=96&d=mm&r=g","caption":"Kevin Kersemans"},"description":"Kevin Kersemans is autojournalist met al enkele decennia ervaring op de teller. Zijn passie voor auto's en alles op wielen heeft hij al van kindsbeen af. Voor link2fleet volgt hij vooral de auto-actualiteit en test hij nieuwe modellen."}]}},"_links":{"self":[{"href":"https:\/\/www.link2fleet.com\/fr\/wp-json\/wp\/v2\/posts\/11509","targetHints":{"allow":["GET"]}}],"collection":[{"href":"https:\/\/www.link2fleet.com\/fr\/wp-json\/wp\/v2\/posts"}],"about":[{"href":"https:\/\/www.link2fleet.com\/fr\/wp-json\/wp\/v2\/types\/post"}],"author":[{"embeddable":true,"href":"https:\/\/www.link2fleet.com\/fr\/wp-json\/wp\/v2\/users\/49"}],"replies":[{"embeddable":true,"href":"https:\/\/www.link2fleet.com\/fr\/wp-json\/wp\/v2\/comments?post=11509"}],"version-history":[{"count":0,"href":"https:\/\/www.link2fleet.com\/fr\/wp-json\/wp\/v2\/posts\/11509\/revisions"}],"wp:featuredmedia":[{"embeddable":true,"href":"https:\/\/www.link2fleet.com\/fr\/wp-json\/wp\/v2\/media\/11510"}],"wp:attachment":[{"href":"https:\/\/www.link2fleet.com\/fr\/wp-json\/wp\/v2\/media?parent=11509"}],"wp:term":[{"taxonomy":"category","embeddable":true,"href":"https:\/\/www.link2fleet.com\/fr\/wp-json\/wp\/v2\/categories?post=11509"},{"taxonomy":"post_tag","embeddable":true,"href":"https:\/\/www.link2fleet.com\/fr\/wp-json\/wp\/v2\/tags?post=11509"}],"curies":[{"name":"wp","href":"https:\/\/api.w.org\/{rel}","templated":true}]}}