{"id":11520,"date":"2024-02-07T07:00:27","date_gmt":"2024-02-07T06:00:27","guid":{"rendered":"https:\/\/www.link2fleet.com\/avis-negatif-pour-la-prime-flamande-aux-vehicules-electriques\/"},"modified":"2024-02-07T07:00:27","modified_gmt":"2024-02-07T06:00:27","slug":"avis-negatif-pour-la-prime-flamande-aux-vehicules-electriques","status":"publish","type":"post","link":"https:\/\/www.link2fleet.com\/fr\/avis-negatif-pour-la-prime-flamande-aux-vehicules-electriques\/","title":{"rendered":"Avis n\u00e9gatif pour la prime flamande aux v\u00e9hicules \u00e9lectriques"},"content":{"rendered":"<p style=\"font-weight: 400;\">Il craint qu&rsquo;en raison de la limitation du budget (au maximum 4000 v\u00e9hicules neufs ou 6666 v\u00e9hicules d&rsquo;occasion), tout le monde ne re\u00e7oive pas effectivement la prime. Il craint \u00e9galement un goulot d&rsquo;\u00e9tranglement dans l&rsquo;attribution de la prime. Aujourd&rsquo;hui, cette attribution est bas\u00e9e sur le principe du \u00ab\u00a0premier arriv\u00e9, premier servi\u00a0\u00bb et se fait en ligne via une inscription sur le site du gouvernement flamand.<\/p>\n<p style=\"font-weight: 400;\">Cela peut, d&rsquo;une certaine mani\u00e8re, cr\u00e9er le ph\u00e9nom\u00e8ne d&rsquo;une loterie. Cette situation provoque aujourd&rsquo;hui une \u00e9norme incertitude chez les acheteurs potentiels qui ont d\u00e9j\u00e0 sign\u00e9 ou souhaitent encore signer des bons de commande. M\u00eame les vendeurs des concessions automobiles sont actuellement incapables de formuler une r\u00e9ponse unifi\u00e9e.<\/p>\n<p style=\"font-weight: 400;\">Les ministres flamands doivent reconsid\u00e9rer les mesures d&rsquo;application vendredi prochain.<\/p>\n<p style=\"font-weight: 400; text-align: right;\"><strong>Michel Willems<\/strong><\/p>\n<p style=\"font-weight: 400; text-align: right;\"><strong>MOBILITAS<\/strong><\/p>\n","protected":false},"excerpt":{"rendered":"<p>Il craint qu&rsquo;en raison de la limitation du budget (au maximum 4000 v\u00e9hicules neufs ou 6666 v\u00e9hicules d&rsquo;occasion), tout le monde ne re\u00e7oive pas effectivement la prime. Il craint \u00e9galement un goulot d&rsquo;\u00e9tranglement dans l&rsquo;attribution de la prime. Aujourd&rsquo;hui, cette attribution est bas\u00e9e sur le principe du \u00ab\u00a0premier arriv\u00e9, premier servi\u00a0\u00bb et se fait en [&hellip;]<\/p>\n","protected":false},"author":11,"featured_media":11521,"comment_status":"closed","ping_status":"closed","sticky":false,"template":"","format":"standard","meta":{"_acf_changed":false,"footnotes":""},"categories":[91,101],"tags":[],"class_list":["post-11520","post","type-post","status-publish","format-standard","has-post-thumbnail","hentry","category-expertise-et-management","category-tax-legal"],"acf":[],"yoast_head":"<!-- This site is optimized with the Yoast SEO plugin v27.3 - https:\/\/yoast.com\/product\/yoast-seo-wordpress\/ -->\n<title>Avis n\u00e9gatif pour la prime flamande aux v\u00e9hicules \u00e9lectriques - link2fleet<\/title>\n<meta name=\"description\" content=\"Le Conseil d&rsquo;\u00c9tat a \u00e9mis un avis n\u00e9gatif concernant les mesures d&rsquo;ex\u00e9cution de la prime \u00e0 l&rsquo;achat flamande pour les v\u00e9hicules \u00e9lectriques. En bref, il\u2026\" \/>\n<meta name=\"robots\" content=\"index, follow, max-snippet:-1, max-image-preview:large, max-video-preview:-1\" \/>\n<meta property=\"og:locale\" content=\"fr_FR\" \/>\n<meta property=\"og:type\" content=\"article\" \/>\n<meta property=\"og:title\" content=\"Avis n\u00e9gatif pour la prime flamande aux v\u00e9hicules \u00e9lectriques - link2fleet\" \/>\n<meta property=\"og:description\" content=\"Le Conseil d&rsquo;\u00c9tat a \u00e9mis un avis n\u00e9gatif concernant les mesures d&rsquo;ex\u00e9cution de la prime \u00e0 l&rsquo;achat flamande pour les v\u00e9hicules \u00e9lectriques. En bref, il\u2026\" \/>\n<meta property=\"og:url\" content=\"https:\/\/www.link2fleet.com\/fr\/avis-negatif-pour-la-prime-flamande-aux-vehicules-electriques\/\" \/>\n<meta property=\"og:site_name\" content=\"link2fleet\" \/>\n<meta property=\"article:published_time\" content=\"2024-02-07T06:00:27+00:00\" \/>\n<meta property=\"og:image\" content=\"https:\/\/static.link2fleet.com\/wp-content\/uploads\/2024\/03\/elektrisch-rjiden-opladen.png\" \/>\n\t<meta property=\"og:image:width\" content=\"1024\" \/>\n\t<meta property=\"og:image:height\" content=\"786\" \/>\n\t<meta property=\"og:image:type\" content=\"image\/png\" \/>\n<meta name=\"author\" content=\"Michel Willems - Mobilitas\" \/>\n<meta name=\"twitter:card\" content=\"summary_large_image\" \/>\n<meta name=\"twitter:description\" content=\"Le Conseil d&rsquo;\u00c9tat a \u00e9mis un avis n\u00e9gatif concernant les mesures d&rsquo;ex\u00e9cution de la prime \u00e0 l&rsquo;achat flamande pour les v\u00e9hicules \u00e9lectriques. En bref, il\u2026\" \/>\n<meta name=\"twitter:label1\" content=\"\u00c9crit par\" \/>\n\t<meta name=\"twitter:data1\" content=\"Michel Willems - Mobilitas\" \/>\n\t<meta name=\"twitter:label2\" content=\"Dur\u00e9e de lecture estim\u00e9e\" \/>\n\t<meta name=\"twitter:data2\" content=\"1 minute\" \/>\n<script type=\"application\/ld+json\" class=\"yoast-schema-graph\">{\"@context\":\"https:\\\/\\\/schema.org\",\"@graph\":[{\"@type\":\"Article\",\"@id\":\"https:\\\/\\\/www.link2fleet.com\\\/fr\\\/avis-negatif-pour-la-prime-flamande-aux-vehicules-electriques\\\/#article\",\"isPartOf\":{\"@id\":\"https:\\\/\\\/www.link2fleet.com\\\/fr\\\/avis-negatif-pour-la-prime-flamande-aux-vehicules-electriques\\\/\"},\"author\":{\"name\":\"Michel Willems - Mobilitas\",\"@id\":\"https:\\\/\\\/www.link2fleet.com\\\/fr\\\/#\\\/schema\\\/person\\\/bd29f6a2c2427e85a70d3acf17303486\"},\"headline\":\"Avis n\u00e9gatif pour la prime flamande aux v\u00e9hicules \u00e9lectriques\",\"datePublished\":\"2024-02-07T06:00:27+00:00\",\"mainEntityOfPage\":{\"@id\":\"https:\\\/\\\/www.link2fleet.com\\\/fr\\\/avis-negatif-pour-la-prime-flamande-aux-vehicules-electriques\\\/\"},\"wordCount\":156,\"publisher\":{\"@id\":\"https:\\\/\\\/www.link2fleet.com\\\/fr\\\/#organization\"},\"image\":{\"@id\":\"https:\\\/\\\/www.link2fleet.com\\\/fr\\\/avis-negatif-pour-la-prime-flamande-aux-vehicules-electriques\\\/#primaryimage\"},\"thumbnailUrl\":\"https:\\\/\\\/static.link2fleet.com\\\/wp-content\\\/uploads\\\/2024\\\/03\\\/elektrisch-rjiden-opladen.png\",\"articleSection\":[\"Gestion de flotte\",\"Tax &amp; legal\"],\"inLanguage\":\"fr-FR\"},{\"@type\":\"WebPage\",\"@id\":\"https:\\\/\\\/www.link2fleet.com\\\/fr\\\/avis-negatif-pour-la-prime-flamande-aux-vehicules-electriques\\\/\",\"url\":\"https:\\\/\\\/www.link2fleet.com\\\/fr\\\/avis-negatif-pour-la-prime-flamande-aux-vehicules-electriques\\\/\",\"name\":\"Avis n\u00e9gatif pour la prime flamande aux v\u00e9hicules \u00e9lectriques - link2fleet\",\"isPartOf\":{\"@id\":\"https:\\\/\\\/www.link2fleet.com\\\/fr\\\/#website\"},\"primaryImageOfPage\":{\"@id\":\"https:\\\/\\\/www.link2fleet.com\\\/fr\\\/avis-negatif-pour-la-prime-flamande-aux-vehicules-electriques\\\/#primaryimage\"},\"image\":{\"@id\":\"https:\\\/\\\/www.link2fleet.com\\\/fr\\\/avis-negatif-pour-la-prime-flamande-aux-vehicules-electriques\\\/#primaryimage\"},\"thumbnailUrl\":\"https:\\\/\\\/static.link2fleet.com\\\/wp-content\\\/uploads\\\/2024\\\/03\\\/elektrisch-rjiden-opladen.png\",\"datePublished\":\"2024-02-07T06:00:27+00:00\",\"breadcrumb\":{\"@id\":\"https:\\\/\\\/www.link2fleet.com\\\/fr\\\/avis-negatif-pour-la-prime-flamande-aux-vehicules-electriques\\\/#breadcrumb\"},\"inLanguage\":\"fr-FR\",\"potentialAction\":[{\"@type\":\"ReadAction\",\"target\":[\"https:\\\/\\\/www.link2fleet.com\\\/fr\\\/avis-negatif-pour-la-prime-flamande-aux-vehicules-electriques\\\/\"]}]},{\"@type\":\"ImageObject\",\"inLanguage\":\"fr-FR\",\"@id\":\"https:\\\/\\\/www.link2fleet.com\\\/fr\\\/avis-negatif-pour-la-prime-flamande-aux-vehicules-electriques\\\/#primaryimage\",\"url\":\"https:\\\/\\\/static.link2fleet.com\\\/wp-content\\\/uploads\\\/2024\\\/03\\\/elektrisch-rjiden-opladen.png\",\"contentUrl\":\"https:\\\/\\\/static.link2fleet.com\\\/wp-content\\\/uploads\\\/2024\\\/03\\\/elektrisch-rjiden-opladen.png\",\"width\":1024,\"height\":786},{\"@type\":\"BreadcrumbList\",\"@id\":\"https:\\\/\\\/www.link2fleet.com\\\/fr\\\/avis-negatif-pour-la-prime-flamande-aux-vehicules-electriques\\\/#breadcrumb\",\"itemListElement\":[{\"@type\":\"ListItem\",\"position\":1,\"name\":\"Home\",\"item\":\"https:\\\/\\\/www.link2fleet.com\\\/fr\\\/\"},{\"@type\":\"ListItem\",\"position\":2,\"name\":\"Avis n\u00e9gatif pour la prime flamande aux v\u00e9hicules \u00e9lectriques\"}]},{\"@type\":\"WebSite\",\"@id\":\"https:\\\/\\\/www.link2fleet.com\\\/fr\\\/#website\",\"url\":\"https:\\\/\\\/www.link2fleet.com\\\/fr\\\/\",\"name\":\"Link2fleet\",\"description\":\"\",\"publisher\":{\"@id\":\"https:\\\/\\\/www.link2fleet.com\\\/fr\\\/#organization\"},\"potentialAction\":[{\"@type\":\"SearchAction\",\"target\":{\"@type\":\"EntryPoint\",\"urlTemplate\":\"https:\\\/\\\/www.link2fleet.com\\\/fr\\\/?s={search_term_string}\"},\"query-input\":{\"@type\":\"PropertyValueSpecification\",\"valueRequired\":true,\"valueName\":\"search_term_string\"}}],\"inLanguage\":\"fr-FR\"},{\"@type\":\"Organization\",\"@id\":\"https:\\\/\\\/www.link2fleet.com\\\/fr\\\/#organization\",\"name\":\"Link2fleet\",\"url\":\"https:\\\/\\\/www.link2fleet.com\\\/fr\\\/\",\"logo\":{\"@type\":\"ImageObject\",\"inLanguage\":\"fr-FR\",\"@id\":\"https:\\\/\\\/www.link2fleet.com\\\/fr\\\/#\\\/schema\\\/logo\\\/image\\\/\",\"url\":\"https:\\\/\\\/static.link2fleet.com\\\/wp-content\\\/uploads\\\/2024\\\/03\\\/share-image.jpg\",\"contentUrl\":\"https:\\\/\\\/static.link2fleet.com\\\/wp-content\\\/uploads\\\/2024\\\/03\\\/share-image.jpg\",\"width\":1200,\"height\":630,\"caption\":\"Link2fleet\"},\"image\":{\"@id\":\"https:\\\/\\\/www.link2fleet.com\\\/fr\\\/#\\\/schema\\\/logo\\\/image\\\/\"},\"sameAs\":[\"https:\\\/\\\/www.linkedin.com\\\/company\\\/link2fleet-belgium\",\"https:\\\/\\\/www.youtube.com\\\/user\\\/MMMBMBE\"]},{\"@type\":\"Person\",\"@id\":\"https:\\\/\\\/www.link2fleet.com\\\/fr\\\/#\\\/schema\\\/person\\\/bd29f6a2c2427e85a70d3acf17303486\",\"name\":\"Michel Willems - Mobilitas\",\"image\":{\"@type\":\"ImageObject\",\"inLanguage\":\"fr-FR\",\"@id\":\"https:\\\/\\\/secure.gravatar.com\\\/avatar\\\/c937de514893d5b69b3b52ee88664fd4879b786925b6742dc7891d347f167414?s=96&d=mm&r=g\",\"url\":\"https:\\\/\\\/secure.gravatar.com\\\/avatar\\\/c937de514893d5b69b3b52ee88664fd4879b786925b6742dc7891d347f167414?s=96&d=mm&r=g\",\"contentUrl\":\"https:\\\/\\\/secure.gravatar.com\\\/avatar\\\/c937de514893d5b69b3b52ee88664fd4879b786925b6742dc7891d347f167414?s=96&d=mm&r=g\",\"caption\":\"Michel Willems - Mobilitas\"}}]}<\/script>\n<!-- \/ Yoast SEO plugin. -->","yoast_head_json":{"title":"Avis n\u00e9gatif pour la prime flamande aux v\u00e9hicules \u00e9lectriques - link2fleet","description":"Le Conseil d&rsquo;\u00c9tat a \u00e9mis un avis n\u00e9gatif concernant les mesures d&rsquo;ex\u00e9cution de la prime \u00e0 l&rsquo;achat flamande pour les v\u00e9hicules \u00e9lectriques. En bref, il\u2026","robots":{"index":"index","follow":"follow","max-snippet":"max-snippet:-1","max-image-preview":"max-image-preview:large","max-video-preview":"max-video-preview:-1"},"og_locale":"fr_FR","og_type":"article","og_title":"Avis n\u00e9gatif pour la prime flamande aux v\u00e9hicules \u00e9lectriques - link2fleet","og_description":"Le Conseil d&rsquo;\u00c9tat a \u00e9mis un avis n\u00e9gatif concernant les mesures d&rsquo;ex\u00e9cution de la prime \u00e0 l&rsquo;achat flamande pour les v\u00e9hicules \u00e9lectriques. En bref, il\u2026","og_url":"https:\/\/www.link2fleet.com\/fr\/avis-negatif-pour-la-prime-flamande-aux-vehicules-electriques\/","og_site_name":"link2fleet","article_published_time":"2024-02-07T06:00:27+00:00","og_image":[{"width":1024,"height":786,"url":"https:\/\/static.link2fleet.com\/wp-content\/uploads\/2024\/03\/elektrisch-rjiden-opladen.png","type":"image\/png"}],"author":"Michel Willems - Mobilitas","twitter_card":"summary_large_image","twitter_description":"Le Conseil d&rsquo;\u00c9tat a \u00e9mis un avis n\u00e9gatif concernant les mesures d&rsquo;ex\u00e9cution de la prime \u00e0 l&rsquo;achat flamande pour les v\u00e9hicules \u00e9lectriques. En bref, il\u2026","twitter_misc":{"\u00c9crit par":"Michel Willems - Mobilitas","Dur\u00e9e de lecture estim\u00e9e":"1 minute"},"schema":{"@context":"https:\/\/schema.org","@graph":[{"@type":"Article","@id":"https:\/\/www.link2fleet.com\/fr\/avis-negatif-pour-la-prime-flamande-aux-vehicules-electriques\/#article","isPartOf":{"@id":"https:\/\/www.link2fleet.com\/fr\/avis-negatif-pour-la-prime-flamande-aux-vehicules-electriques\/"},"author":{"name":"Michel Willems - Mobilitas","@id":"https:\/\/www.link2fleet.com\/fr\/#\/schema\/person\/bd29f6a2c2427e85a70d3acf17303486"},"headline":"Avis n\u00e9gatif pour la prime flamande aux v\u00e9hicules \u00e9lectriques","datePublished":"2024-02-07T06:00:27+00:00","mainEntityOfPage":{"@id":"https:\/\/www.link2fleet.com\/fr\/avis-negatif-pour-la-prime-flamande-aux-vehicules-electriques\/"},"wordCount":156,"publisher":{"@id":"https:\/\/www.link2fleet.com\/fr\/#organization"},"image":{"@id":"https:\/\/www.link2fleet.com\/fr\/avis-negatif-pour-la-prime-flamande-aux-vehicules-electriques\/#primaryimage"},"thumbnailUrl":"https:\/\/static.link2fleet.com\/wp-content\/uploads\/2024\/03\/elektrisch-rjiden-opladen.png","articleSection":["Gestion de flotte","Tax &amp; legal"],"inLanguage":"fr-FR"},{"@type":"WebPage","@id":"https:\/\/www.link2fleet.com\/fr\/avis-negatif-pour-la-prime-flamande-aux-vehicules-electriques\/","url":"https:\/\/www.link2fleet.com\/fr\/avis-negatif-pour-la-prime-flamande-aux-vehicules-electriques\/","name":"Avis n\u00e9gatif pour la prime flamande aux v\u00e9hicules \u00e9lectriques - link2fleet","isPartOf":{"@id":"https:\/\/www.link2fleet.com\/fr\/#website"},"primaryImageOfPage":{"@id":"https:\/\/www.link2fleet.com\/fr\/avis-negatif-pour-la-prime-flamande-aux-vehicules-electriques\/#primaryimage"},"image":{"@id":"https:\/\/www.link2fleet.com\/fr\/avis-negatif-pour-la-prime-flamande-aux-vehicules-electriques\/#primaryimage"},"thumbnailUrl":"https:\/\/static.link2fleet.com\/wp-content\/uploads\/2024\/03\/elektrisch-rjiden-opladen.png","datePublished":"2024-02-07T06:00:27+00:00","breadcrumb":{"@id":"https:\/\/www.link2fleet.com\/fr\/avis-negatif-pour-la-prime-flamande-aux-vehicules-electriques\/#breadcrumb"},"inLanguage":"fr-FR","potentialAction":[{"@type":"ReadAction","target":["https:\/\/www.link2fleet.com\/fr\/avis-negatif-pour-la-prime-flamande-aux-vehicules-electriques\/"]}]},{"@type":"ImageObject","inLanguage":"fr-FR","@id":"https:\/\/www.link2fleet.com\/fr\/avis-negatif-pour-la-prime-flamande-aux-vehicules-electriques\/#primaryimage","url":"https:\/\/static.link2fleet.com\/wp-content\/uploads\/2024\/03\/elektrisch-rjiden-opladen.png","contentUrl":"https:\/\/static.link2fleet.com\/wp-content\/uploads\/2024\/03\/elektrisch-rjiden-opladen.png","width":1024,"height":786},{"@type":"BreadcrumbList","@id":"https:\/\/www.link2fleet.com\/fr\/avis-negatif-pour-la-prime-flamande-aux-vehicules-electriques\/#breadcrumb","itemListElement":[{"@type":"ListItem","position":1,"name":"Home","item":"https:\/\/www.link2fleet.com\/fr\/"},{"@type":"ListItem","position":2,"name":"Avis n\u00e9gatif pour la prime flamande aux v\u00e9hicules \u00e9lectriques"}]},{"@type":"WebSite","@id":"https:\/\/www.link2fleet.com\/fr\/#website","url":"https:\/\/www.link2fleet.com\/fr\/","name":"Link2fleet","description":"","publisher":{"@id":"https:\/\/www.link2fleet.com\/fr\/#organization"},"potentialAction":[{"@type":"SearchAction","target":{"@type":"EntryPoint","urlTemplate":"https:\/\/www.link2fleet.com\/fr\/?s={search_term_string}"},"query-input":{"@type":"PropertyValueSpecification","valueRequired":true,"valueName":"search_term_string"}}],"inLanguage":"fr-FR"},{"@type":"Organization","@id":"https:\/\/www.link2fleet.com\/fr\/#organization","name":"Link2fleet","url":"https:\/\/www.link2fleet.com\/fr\/","logo":{"@type":"ImageObject","inLanguage":"fr-FR","@id":"https:\/\/www.link2fleet.com\/fr\/#\/schema\/logo\/image\/","url":"https:\/\/static.link2fleet.com\/wp-content\/uploads\/2024\/03\/share-image.jpg","contentUrl":"https:\/\/static.link2fleet.com\/wp-content\/uploads\/2024\/03\/share-image.jpg","width":1200,"height":630,"caption":"Link2fleet"},"image":{"@id":"https:\/\/www.link2fleet.com\/fr\/#\/schema\/logo\/image\/"},"sameAs":["https:\/\/www.linkedin.com\/company\/link2fleet-belgium","https:\/\/www.youtube.com\/user\/MMMBMBE"]},{"@type":"Person","@id":"https:\/\/www.link2fleet.com\/fr\/#\/schema\/person\/bd29f6a2c2427e85a70d3acf17303486","name":"Michel Willems - Mobilitas","image":{"@type":"ImageObject","inLanguage":"fr-FR","@id":"https:\/\/secure.gravatar.com\/avatar\/c937de514893d5b69b3b52ee88664fd4879b786925b6742dc7891d347f167414?s=96&d=mm&r=g","url":"https:\/\/secure.gravatar.com\/avatar\/c937de514893d5b69b3b52ee88664fd4879b786925b6742dc7891d347f167414?s=96&d=mm&r=g","contentUrl":"https:\/\/secure.gravatar.com\/avatar\/c937de514893d5b69b3b52ee88664fd4879b786925b6742dc7891d347f167414?s=96&d=mm&r=g","caption":"Michel Willems - Mobilitas"}}]}},"_links":{"self":[{"href":"https:\/\/www.link2fleet.com\/fr\/wp-json\/wp\/v2\/posts\/11520","targetHints":{"allow":["GET"]}}],"collection":[{"href":"https:\/\/www.link2fleet.com\/fr\/wp-json\/wp\/v2\/posts"}],"about":[{"href":"https:\/\/www.link2fleet.com\/fr\/wp-json\/wp\/v2\/types\/post"}],"author":[{"embeddable":true,"href":"https:\/\/www.link2fleet.com\/fr\/wp-json\/wp\/v2\/users\/11"}],"replies":[{"embeddable":true,"href":"https:\/\/www.link2fleet.com\/fr\/wp-json\/wp\/v2\/comments?post=11520"}],"version-history":[{"count":0,"href":"https:\/\/www.link2fleet.com\/fr\/wp-json\/wp\/v2\/posts\/11520\/revisions"}],"wp:featuredmedia":[{"embeddable":true,"href":"https:\/\/www.link2fleet.com\/fr\/wp-json\/wp\/v2\/media\/11521"}],"wp:attachment":[{"href":"https:\/\/www.link2fleet.com\/fr\/wp-json\/wp\/v2\/media?parent=11520"}],"wp:term":[{"taxonomy":"category","embeddable":true,"href":"https:\/\/www.link2fleet.com\/fr\/wp-json\/wp\/v2\/categories?post=11520"},{"taxonomy":"post_tag","embeddable":true,"href":"https:\/\/www.link2fleet.com\/fr\/wp-json\/wp\/v2\/tags?post=11520"}],"curies":[{"name":"wp","href":"https:\/\/api.w.org\/{rel}","templated":true}]}}