{"id":11551,"date":"2024-02-12T07:12:01","date_gmt":"2024-02-12T06:12:01","guid":{"rendered":"https:\/\/www.link2fleet.com\/carglass-ouvre-une-nouvelle-succursale-a-arlon\/"},"modified":"2024-02-12T07:12:01","modified_gmt":"2024-02-12T06:12:01","slug":"carglass-ouvre-une-nouvelle-succursale-a-arlon","status":"publish","type":"post","link":"https:\/\/www.link2fleet.com\/fr\/carglass-ouvre-une-nouvelle-succursale-a-arlon\/","title":{"rendered":"Carglass ouvre une nouvelle succursale \u00e0 Arlon"},"content":{"rendered":"<p>Le nouveau centre de services est le troisi\u00e8me dans la province de Luxembourg, apr\u00e8s les succursales de Marche-en-Famenne et de Bastogne. Gr\u00e2ce \u00e0 ce nouveau centre de services, Carglass\u00ae est bien ancr\u00e9 dans la province de Luxembourg. En tout, Carglass\u00ae dispose aujourd&rsquo;hui de 46 centres de services r\u00e9partis dans toute la Belgique pour aider des clients en cas de bris de glace ou pour recalibrer les capteurs des syst\u00e8mes d&rsquo;aide \u00e0 la conduite.<span class=\"Apple-converted-space\">\u00a0<\/span><\/p>\n<p><i>\u00ab\u00a0Chez Carglass\u00ae, nous sommes constamment \u00e0 la recherche d&rsquo;opportunit\u00e9s pour \u00e9tendre notre reseau int\u00e9gr\u00e9. Nous sommes donc tr\u00e8s heureux de pouvoir nous rapprocher de nos clients du sud du Luxembourg gr\u00e2ce \u00e0 Carglass\u00ae Arlon, car cela nous permet de les aider encore plus facilement<\/i>\u00ab\u00a0, d\u00e9clare Caroline Ameloot, directrice des ventes et du marketing chez Carglass\u00ae BeLux.<span class=\"Apple-converted-space\">\u00a0<\/span><\/p>\n<p>Le nouveau centre de services est ouvert du lundi au samedi de 8h30 \u00e0 17h. Comme dans les autres centres de services, une zone d&rsquo;attente est pr\u00e9vue o\u00f9 une tasse de caf\u00e9 est offerte aux clients et o\u00f9 ils peuvent profiter du reseau Wifi gratuitement. Les clients peuvent prendre rendez-vous facilement gr\u00e2ce au syst\u00e8me de r\u00e9servation en ligne.<span class=\"Apple-converted-space\">\u00a0<\/span><\/p>\n","protected":false},"excerpt":{"rendered":"<p>Le nouveau centre de services est le troisi\u00e8me dans la province de Luxembourg, apr\u00e8s les succursales de Marche-en-Famenne et de Bastogne. Gr\u00e2ce \u00e0 ce nouveau centre de services, Carglass\u00ae est bien ancr\u00e9 dans la province de Luxembourg. En tout, Carglass\u00ae dispose aujourd&rsquo;hui de 46 centres de services r\u00e9partis dans toute la Belgique pour aider des [&hellip;]<\/p>\n","protected":false},"author":4,"featured_media":11552,"comment_status":"closed","ping_status":"closed","sticky":false,"template":"","format":"standard","meta":{"_acf_changed":false,"footnotes":""},"categories":[93,86,76],"tags":[],"class_list":["post-11551","post","type-post","status-publish","format-standard","has-post-thumbnail","hentry","category-entretien-reparation-vitrage-lavage","category-reconditionnement-transformation-carrosserie","category-car"],"acf":[],"yoast_head":"<!-- This site is optimized with the Yoast SEO plugin v27.3 - https:\/\/yoast.com\/product\/yoast-seo-wordpress\/ -->\n<title>Carglass ouvre une nouvelle succursale \u00e0 Arlon - link2fleet<\/title>\n<meta name=\"description\" content=\"Carglass ouvre aujourd&rsquo;hui un nouveau centre de services \u00e0 Arlon. Gr\u00e2ce \u00e0 ce nouveau centre de services, situ\u00e9 Zone artisanale de Weyler 2, Carglass renforce\u2026\" \/>\n<meta name=\"robots\" content=\"index, follow, max-snippet:-1, max-image-preview:large, max-video-preview:-1\" \/>\n<meta property=\"og:locale\" content=\"fr_FR\" \/>\n<meta property=\"og:type\" content=\"article\" \/>\n<meta property=\"og:title\" content=\"Carglass ouvre une nouvelle succursale \u00e0 Arlon - link2fleet\" \/>\n<meta property=\"og:description\" content=\"Carglass ouvre aujourd&rsquo;hui un nouveau centre de services \u00e0 Arlon. Gr\u00e2ce \u00e0 ce nouveau centre de services, situ\u00e9 Zone artisanale de Weyler 2, Carglass renforce\u2026\" \/>\n<meta property=\"og:url\" content=\"https:\/\/www.link2fleet.com\/fr\/carglass-ouvre-une-nouvelle-succursale-a-arlon\/\" \/>\n<meta property=\"og:site_name\" content=\"link2fleet\" \/>\n<meta property=\"article:published_time\" content=\"2024-02-12T06:12:01+00:00\" \/>\n<meta property=\"og:image\" content=\"https:\/\/static.link2fleet.com\/wp-content\/uploads\/2024\/03\/carglass-slider-0-1542979555.jpg\" \/>\n\t<meta property=\"og:image:width\" content=\"1200\" \/>\n\t<meta property=\"og:image:height\" content=\"670\" \/>\n\t<meta property=\"og:image:type\" content=\"image\/jpeg\" \/>\n<meta name=\"author\" content=\"Damien Malvetti\" \/>\n<meta name=\"twitter:card\" content=\"summary_large_image\" \/>\n<meta name=\"twitter:description\" content=\"Carglass ouvre aujourd&rsquo;hui un nouveau centre de services \u00e0 Arlon. Gr\u00e2ce \u00e0 ce nouveau centre de services, situ\u00e9 Zone artisanale de Weyler 2, Carglass renforce\u2026\" \/>\n<meta name=\"twitter:label1\" content=\"\u00c9crit par\" \/>\n\t<meta name=\"twitter:data1\" content=\"Damien Malvetti\" \/>\n\t<meta name=\"twitter:label2\" content=\"Dur\u00e9e de lecture estim\u00e9e\" \/>\n\t<meta name=\"twitter:data2\" content=\"1 minute\" \/>\n<script type=\"application\/ld+json\" class=\"yoast-schema-graph\">{\"@context\":\"https:\\\/\\\/schema.org\",\"@graph\":[{\"@type\":\"Article\",\"@id\":\"https:\\\/\\\/www.link2fleet.com\\\/fr\\\/carglass-ouvre-une-nouvelle-succursale-a-arlon\\\/#article\",\"isPartOf\":{\"@id\":\"https:\\\/\\\/www.link2fleet.com\\\/fr\\\/carglass-ouvre-une-nouvelle-succursale-a-arlon\\\/\"},\"author\":{\"name\":\"Damien Malvetti\",\"@id\":\"https:\\\/\\\/www.link2fleet.com\\\/fr\\\/#\\\/schema\\\/person\\\/027cd46113c78036b3809c9a054049da\"},\"headline\":\"Carglass ouvre une nouvelle succursale \u00e0 Arlon\",\"datePublished\":\"2024-02-12T06:12:01+00:00\",\"mainEntityOfPage\":{\"@id\":\"https:\\\/\\\/www.link2fleet.com\\\/fr\\\/carglass-ouvre-une-nouvelle-succursale-a-arlon\\\/\"},\"wordCount\":205,\"publisher\":{\"@id\":\"https:\\\/\\\/www.link2fleet.com\\\/fr\\\/#organization\"},\"image\":{\"@id\":\"https:\\\/\\\/www.link2fleet.com\\\/fr\\\/carglass-ouvre-une-nouvelle-succursale-a-arlon\\\/#primaryimage\"},\"thumbnailUrl\":\"https:\\\/\\\/static.link2fleet.com\\\/wp-content\\\/uploads\\\/2024\\\/03\\\/carglass-slider-0-1542979555.jpg\",\"articleSection\":[\"Pneus, entretiens, r\u00e9paration\",\"Reconditionnement \\\/ Carrosserie\",\"V\u00e9hicules\"],\"inLanguage\":\"fr-FR\"},{\"@type\":\"WebPage\",\"@id\":\"https:\\\/\\\/www.link2fleet.com\\\/fr\\\/carglass-ouvre-une-nouvelle-succursale-a-arlon\\\/\",\"url\":\"https:\\\/\\\/www.link2fleet.com\\\/fr\\\/carglass-ouvre-une-nouvelle-succursale-a-arlon\\\/\",\"name\":\"Carglass ouvre une nouvelle succursale \u00e0 Arlon - link2fleet\",\"isPartOf\":{\"@id\":\"https:\\\/\\\/www.link2fleet.com\\\/fr\\\/#website\"},\"primaryImageOfPage\":{\"@id\":\"https:\\\/\\\/www.link2fleet.com\\\/fr\\\/carglass-ouvre-une-nouvelle-succursale-a-arlon\\\/#primaryimage\"},\"image\":{\"@id\":\"https:\\\/\\\/www.link2fleet.com\\\/fr\\\/carglass-ouvre-une-nouvelle-succursale-a-arlon\\\/#primaryimage\"},\"thumbnailUrl\":\"https:\\\/\\\/static.link2fleet.com\\\/wp-content\\\/uploads\\\/2024\\\/03\\\/carglass-slider-0-1542979555.jpg\",\"datePublished\":\"2024-02-12T06:12:01+00:00\",\"breadcrumb\":{\"@id\":\"https:\\\/\\\/www.link2fleet.com\\\/fr\\\/carglass-ouvre-une-nouvelle-succursale-a-arlon\\\/#breadcrumb\"},\"inLanguage\":\"fr-FR\",\"potentialAction\":[{\"@type\":\"ReadAction\",\"target\":[\"https:\\\/\\\/www.link2fleet.com\\\/fr\\\/carglass-ouvre-une-nouvelle-succursale-a-arlon\\\/\"]}]},{\"@type\":\"ImageObject\",\"inLanguage\":\"fr-FR\",\"@id\":\"https:\\\/\\\/www.link2fleet.com\\\/fr\\\/carglass-ouvre-une-nouvelle-succursale-a-arlon\\\/#primaryimage\",\"url\":\"https:\\\/\\\/static.link2fleet.com\\\/wp-content\\\/uploads\\\/2024\\\/03\\\/carglass-slider-0-1542979555.jpg\",\"contentUrl\":\"https:\\\/\\\/static.link2fleet.com\\\/wp-content\\\/uploads\\\/2024\\\/03\\\/carglass-slider-0-1542979555.jpg\",\"width\":1200,\"height\":670},{\"@type\":\"BreadcrumbList\",\"@id\":\"https:\\\/\\\/www.link2fleet.com\\\/fr\\\/carglass-ouvre-une-nouvelle-succursale-a-arlon\\\/#breadcrumb\",\"itemListElement\":[{\"@type\":\"ListItem\",\"position\":1,\"name\":\"Home\",\"item\":\"https:\\\/\\\/www.link2fleet.com\\\/fr\\\/\"},{\"@type\":\"ListItem\",\"position\":2,\"name\":\"Carglass ouvre une nouvelle succursale \u00e0 Arlon\"}]},{\"@type\":\"WebSite\",\"@id\":\"https:\\\/\\\/www.link2fleet.com\\\/fr\\\/#website\",\"url\":\"https:\\\/\\\/www.link2fleet.com\\\/fr\\\/\",\"name\":\"Link2fleet\",\"description\":\"\",\"publisher\":{\"@id\":\"https:\\\/\\\/www.link2fleet.com\\\/fr\\\/#organization\"},\"potentialAction\":[{\"@type\":\"SearchAction\",\"target\":{\"@type\":\"EntryPoint\",\"urlTemplate\":\"https:\\\/\\\/www.link2fleet.com\\\/fr\\\/?s={search_term_string}\"},\"query-input\":{\"@type\":\"PropertyValueSpecification\",\"valueRequired\":true,\"valueName\":\"search_term_string\"}}],\"inLanguage\":\"fr-FR\"},{\"@type\":\"Organization\",\"@id\":\"https:\\\/\\\/www.link2fleet.com\\\/fr\\\/#organization\",\"name\":\"Link2fleet\",\"url\":\"https:\\\/\\\/www.link2fleet.com\\\/fr\\\/\",\"logo\":{\"@type\":\"ImageObject\",\"inLanguage\":\"fr-FR\",\"@id\":\"https:\\\/\\\/www.link2fleet.com\\\/fr\\\/#\\\/schema\\\/logo\\\/image\\\/\",\"url\":\"https:\\\/\\\/static.link2fleet.com\\\/wp-content\\\/uploads\\\/2024\\\/03\\\/share-image.jpg\",\"contentUrl\":\"https:\\\/\\\/static.link2fleet.com\\\/wp-content\\\/uploads\\\/2024\\\/03\\\/share-image.jpg\",\"width\":1200,\"height\":630,\"caption\":\"Link2fleet\"},\"image\":{\"@id\":\"https:\\\/\\\/www.link2fleet.com\\\/fr\\\/#\\\/schema\\\/logo\\\/image\\\/\"},\"sameAs\":[\"https:\\\/\\\/www.linkedin.com\\\/company\\\/link2fleet-belgium\",\"https:\\\/\\\/www.youtube.com\\\/user\\\/MMMBMBE\"]},{\"@type\":\"Person\",\"@id\":\"https:\\\/\\\/www.link2fleet.com\\\/fr\\\/#\\\/schema\\\/person\\\/027cd46113c78036b3809c9a054049da\",\"name\":\"Damien Malvetti\",\"image\":{\"@type\":\"ImageObject\",\"inLanguage\":\"fr-FR\",\"@id\":\"https:\\\/\\\/secure.gravatar.com\\\/avatar\\\/dd8cc03b49466c735f753ac37f8caa371af16dfed347456ed61f02883255eebb?s=96&d=mm&r=g\",\"url\":\"https:\\\/\\\/secure.gravatar.com\\\/avatar\\\/dd8cc03b49466c735f753ac37f8caa371af16dfed347456ed61f02883255eebb?s=96&d=mm&r=g\",\"contentUrl\":\"https:\\\/\\\/secure.gravatar.com\\\/avatar\\\/dd8cc03b49466c735f753ac37f8caa371af16dfed347456ed61f02883255eebb?s=96&d=mm&r=g\",\"caption\":\"Damien Malvetti\"},\"description\":\"Damien Malvetti is opgeleid als journalist en gepassioneerd door wagens, technologie en mobiliteit. Hij is verantwoordelijk voor de redactionele inhoud van link2fleet en beschikt over een uitgebreide kennis van de fleet-sector en elektrische mobiliteit.\",\"sameAs\":[\"https:\\\/\\\/www.linkedin.com\\\/in\\\/damien-malvetti-56601142\\\/\"]}]}<\/script>\n<!-- \/ Yoast SEO plugin. -->","yoast_head_json":{"title":"Carglass ouvre une nouvelle succursale \u00e0 Arlon - link2fleet","description":"Carglass ouvre aujourd&rsquo;hui un nouveau centre de services \u00e0 Arlon. Gr\u00e2ce \u00e0 ce nouveau centre de services, situ\u00e9 Zone artisanale de Weyler 2, Carglass renforce\u2026","robots":{"index":"index","follow":"follow","max-snippet":"max-snippet:-1","max-image-preview":"max-image-preview:large","max-video-preview":"max-video-preview:-1"},"og_locale":"fr_FR","og_type":"article","og_title":"Carglass ouvre une nouvelle succursale \u00e0 Arlon - link2fleet","og_description":"Carglass ouvre aujourd&rsquo;hui un nouveau centre de services \u00e0 Arlon. Gr\u00e2ce \u00e0 ce nouveau centre de services, situ\u00e9 Zone artisanale de Weyler 2, Carglass renforce\u2026","og_url":"https:\/\/www.link2fleet.com\/fr\/carglass-ouvre-une-nouvelle-succursale-a-arlon\/","og_site_name":"link2fleet","article_published_time":"2024-02-12T06:12:01+00:00","og_image":[{"width":1200,"height":670,"url":"https:\/\/static.link2fleet.com\/wp-content\/uploads\/2024\/03\/carglass-slider-0-1542979555.jpg","type":"image\/jpeg"}],"author":"Damien Malvetti","twitter_card":"summary_large_image","twitter_description":"Carglass ouvre aujourd&rsquo;hui un nouveau centre de services \u00e0 Arlon. Gr\u00e2ce \u00e0 ce nouveau centre de services, situ\u00e9 Zone artisanale de Weyler 2, Carglass renforce\u2026","twitter_misc":{"\u00c9crit par":"Damien Malvetti","Dur\u00e9e de lecture estim\u00e9e":"1 minute"},"schema":{"@context":"https:\/\/schema.org","@graph":[{"@type":"Article","@id":"https:\/\/www.link2fleet.com\/fr\/carglass-ouvre-une-nouvelle-succursale-a-arlon\/#article","isPartOf":{"@id":"https:\/\/www.link2fleet.com\/fr\/carglass-ouvre-une-nouvelle-succursale-a-arlon\/"},"author":{"name":"Damien Malvetti","@id":"https:\/\/www.link2fleet.com\/fr\/#\/schema\/person\/027cd46113c78036b3809c9a054049da"},"headline":"Carglass ouvre une nouvelle succursale \u00e0 Arlon","datePublished":"2024-02-12T06:12:01+00:00","mainEntityOfPage":{"@id":"https:\/\/www.link2fleet.com\/fr\/carglass-ouvre-une-nouvelle-succursale-a-arlon\/"},"wordCount":205,"publisher":{"@id":"https:\/\/www.link2fleet.com\/fr\/#organization"},"image":{"@id":"https:\/\/www.link2fleet.com\/fr\/carglass-ouvre-une-nouvelle-succursale-a-arlon\/#primaryimage"},"thumbnailUrl":"https:\/\/static.link2fleet.com\/wp-content\/uploads\/2024\/03\/carglass-slider-0-1542979555.jpg","articleSection":["Pneus, entretiens, r\u00e9paration","Reconditionnement \/ Carrosserie","V\u00e9hicules"],"inLanguage":"fr-FR"},{"@type":"WebPage","@id":"https:\/\/www.link2fleet.com\/fr\/carglass-ouvre-une-nouvelle-succursale-a-arlon\/","url":"https:\/\/www.link2fleet.com\/fr\/carglass-ouvre-une-nouvelle-succursale-a-arlon\/","name":"Carglass ouvre une nouvelle succursale \u00e0 Arlon - link2fleet","isPartOf":{"@id":"https:\/\/www.link2fleet.com\/fr\/#website"},"primaryImageOfPage":{"@id":"https:\/\/www.link2fleet.com\/fr\/carglass-ouvre-une-nouvelle-succursale-a-arlon\/#primaryimage"},"image":{"@id":"https:\/\/www.link2fleet.com\/fr\/carglass-ouvre-une-nouvelle-succursale-a-arlon\/#primaryimage"},"thumbnailUrl":"https:\/\/static.link2fleet.com\/wp-content\/uploads\/2024\/03\/carglass-slider-0-1542979555.jpg","datePublished":"2024-02-12T06:12:01+00:00","breadcrumb":{"@id":"https:\/\/www.link2fleet.com\/fr\/carglass-ouvre-une-nouvelle-succursale-a-arlon\/#breadcrumb"},"inLanguage":"fr-FR","potentialAction":[{"@type":"ReadAction","target":["https:\/\/www.link2fleet.com\/fr\/carglass-ouvre-une-nouvelle-succursale-a-arlon\/"]}]},{"@type":"ImageObject","inLanguage":"fr-FR","@id":"https:\/\/www.link2fleet.com\/fr\/carglass-ouvre-une-nouvelle-succursale-a-arlon\/#primaryimage","url":"https:\/\/static.link2fleet.com\/wp-content\/uploads\/2024\/03\/carglass-slider-0-1542979555.jpg","contentUrl":"https:\/\/static.link2fleet.com\/wp-content\/uploads\/2024\/03\/carglass-slider-0-1542979555.jpg","width":1200,"height":670},{"@type":"BreadcrumbList","@id":"https:\/\/www.link2fleet.com\/fr\/carglass-ouvre-une-nouvelle-succursale-a-arlon\/#breadcrumb","itemListElement":[{"@type":"ListItem","position":1,"name":"Home","item":"https:\/\/www.link2fleet.com\/fr\/"},{"@type":"ListItem","position":2,"name":"Carglass ouvre une nouvelle succursale \u00e0 Arlon"}]},{"@type":"WebSite","@id":"https:\/\/www.link2fleet.com\/fr\/#website","url":"https:\/\/www.link2fleet.com\/fr\/","name":"Link2fleet","description":"","publisher":{"@id":"https:\/\/www.link2fleet.com\/fr\/#organization"},"potentialAction":[{"@type":"SearchAction","target":{"@type":"EntryPoint","urlTemplate":"https:\/\/www.link2fleet.com\/fr\/?s={search_term_string}"},"query-input":{"@type":"PropertyValueSpecification","valueRequired":true,"valueName":"search_term_string"}}],"inLanguage":"fr-FR"},{"@type":"Organization","@id":"https:\/\/www.link2fleet.com\/fr\/#organization","name":"Link2fleet","url":"https:\/\/www.link2fleet.com\/fr\/","logo":{"@type":"ImageObject","inLanguage":"fr-FR","@id":"https:\/\/www.link2fleet.com\/fr\/#\/schema\/logo\/image\/","url":"https:\/\/static.link2fleet.com\/wp-content\/uploads\/2024\/03\/share-image.jpg","contentUrl":"https:\/\/static.link2fleet.com\/wp-content\/uploads\/2024\/03\/share-image.jpg","width":1200,"height":630,"caption":"Link2fleet"},"image":{"@id":"https:\/\/www.link2fleet.com\/fr\/#\/schema\/logo\/image\/"},"sameAs":["https:\/\/www.linkedin.com\/company\/link2fleet-belgium","https:\/\/www.youtube.com\/user\/MMMBMBE"]},{"@type":"Person","@id":"https:\/\/www.link2fleet.com\/fr\/#\/schema\/person\/027cd46113c78036b3809c9a054049da","name":"Damien Malvetti","image":{"@type":"ImageObject","inLanguage":"fr-FR","@id":"https:\/\/secure.gravatar.com\/avatar\/dd8cc03b49466c735f753ac37f8caa371af16dfed347456ed61f02883255eebb?s=96&d=mm&r=g","url":"https:\/\/secure.gravatar.com\/avatar\/dd8cc03b49466c735f753ac37f8caa371af16dfed347456ed61f02883255eebb?s=96&d=mm&r=g","contentUrl":"https:\/\/secure.gravatar.com\/avatar\/dd8cc03b49466c735f753ac37f8caa371af16dfed347456ed61f02883255eebb?s=96&d=mm&r=g","caption":"Damien Malvetti"},"description":"Damien Malvetti is opgeleid als journalist en gepassioneerd door wagens, technologie en mobiliteit. Hij is verantwoordelijk voor de redactionele inhoud van link2fleet en beschikt over een uitgebreide kennis van de fleet-sector en elektrische mobiliteit.","sameAs":["https:\/\/www.linkedin.com\/in\/damien-malvetti-56601142\/"]}]}},"_links":{"self":[{"href":"https:\/\/www.link2fleet.com\/fr\/wp-json\/wp\/v2\/posts\/11551","targetHints":{"allow":["GET"]}}],"collection":[{"href":"https:\/\/www.link2fleet.com\/fr\/wp-json\/wp\/v2\/posts"}],"about":[{"href":"https:\/\/www.link2fleet.com\/fr\/wp-json\/wp\/v2\/types\/post"}],"author":[{"embeddable":true,"href":"https:\/\/www.link2fleet.com\/fr\/wp-json\/wp\/v2\/users\/4"}],"replies":[{"embeddable":true,"href":"https:\/\/www.link2fleet.com\/fr\/wp-json\/wp\/v2\/comments?post=11551"}],"version-history":[{"count":0,"href":"https:\/\/www.link2fleet.com\/fr\/wp-json\/wp\/v2\/posts\/11551\/revisions"}],"wp:featuredmedia":[{"embeddable":true,"href":"https:\/\/www.link2fleet.com\/fr\/wp-json\/wp\/v2\/media\/11552"}],"wp:attachment":[{"href":"https:\/\/www.link2fleet.com\/fr\/wp-json\/wp\/v2\/media?parent=11551"}],"wp:term":[{"taxonomy":"category","embeddable":true,"href":"https:\/\/www.link2fleet.com\/fr\/wp-json\/wp\/v2\/categories?post=11551"},{"taxonomy":"post_tag","embeddable":true,"href":"https:\/\/www.link2fleet.com\/fr\/wp-json\/wp\/v2\/tags?post=11551"}],"curies":[{"name":"wp","href":"https:\/\/api.w.org\/{rel}","templated":true}]}}